{"id":18425,"date":"2024-05-28T09:06:27","date_gmt":"2024-05-28T07:06:27","guid":{"rendered":"https:\/\/www.amec.es\/?p=18425"},"modified":"2024-06-12T13:08:07","modified_gmt":"2024-06-12T11:08:07","slug":"3lg-logistics-la-situacio-actual-dels-ports-espanyols","status":"publish","type":"post","link":"https:\/\/amec.es\/ca\/articles-dexperts-ca\/3lg-logistics-la-situacio-actual-dels-ports-espanyols\/","title":{"rendered":"La situaci\u00f3 actual dels ports espanyols"},"content":{"rendered":"\t\t<div data-elementor-type=\"wp-post\" data-elementor-id=\"18425\" class=\"elementor elementor-18425 elementor-18343\" data-elementor-post-type=\"post\">\n\t\t\t\t\t\t<section class=\"elementor-section elementor-top-section elementor-element elementor-element-ce67434 elementor-section-stretched elementor-section-boxed elementor-section-height-default elementor-section-height-default\" data-id=\"ce67434\" data-element_type=\"section\" data-e-type=\"section\" data-settings=\"{&quot;stretch_section&quot;:&quot;section-stretched&quot;,&quot;background_background&quot;:&quot;classic&quot;}\">\n\t\t\t\t\t\t<div class=\"elementor-container elementor-column-gap-default\">\n\t\t\t\t\t<div class=\"elementor-column elementor-col-100 elementor-top-column elementor-element elementor-element-4373054\" data-id=\"4373054\" data-element_type=\"column\" data-e-type=\"column\">\n\t\t\t<div class=\"elementor-widget-wrap elementor-element-populated\">\n\t\t\t\t\t\t<div class=\"elementor-element elementor-element-c56b86b elementor-widget elementor-widget-heading\" data-id=\"c56b86b\" data-element_type=\"widget\" data-e-type=\"widget\" data-widget_type=\"heading.default\">\n\t\t\t\t<div class=\"elementor-widget-container\">\n\t\t\t\t\t<h2 class=\"elementor-heading-title elementor-size-default\">La situaci\u00f3 actual dels ports espanyols<\/h2>\t\t\t\t<\/div>\n\t\t\t\t<\/div>\n\t\t\t\t<div class=\"elementor-element elementor-element-832fd39 elementor-widget-divider--view-line elementor-widget elementor-widget-divider\" data-id=\"832fd39\" data-element_type=\"widget\" data-e-type=\"widget\" data-widget_type=\"divider.default\">\n\t\t\t\t<div class=\"elementor-widget-container\">\n\t\t\t\t\t\t\t<div class=\"elementor-divider\">\n\t\t\t<span class=\"elementor-divider-separator\">\n\t\t\t\t\t\t<\/span>\n\t\t<\/div>\n\t\t\t\t\t\t<\/div>\n\t\t\t\t<\/div>\n\t\t\t\t\t<\/div>\n\t\t<\/div>\n\t\t\t\t\t<\/div>\n\t\t<\/section>\n\t\t\t\t<section class=\"elementor-section elementor-top-section elementor-element elementor-element-1fca03a elementor-section-content-bottom elementor-section-boxed elementor-section-height-default elementor-section-height-default\" data-id=\"1fca03a\" data-element_type=\"section\" data-e-type=\"section\">\n\t\t\t\t\t\t<div class=\"elementor-container elementor-column-gap-wide\">\n\t\t\t\t\t<div class=\"elementor-column elementor-col-100 elementor-top-column elementor-element elementor-element-6db3a46\" data-id=\"6db3a46\" data-element_type=\"column\" data-e-type=\"column\">\n\t\t\t<div class=\"elementor-widget-wrap elementor-element-populated\">\n\t\t\t\t\t\t<div class=\"elementor-element elementor-element-a8a6944 elementor-widget elementor-widget-text-editor\" data-id=\"a8a6944\" data-element_type=\"widget\" data-e-type=\"widget\" data-widget_type=\"text-editor.default\">\n\t\t\t\t<div class=\"elementor-widget-container\">\n\t\t\t\t\t\t\t\t\t28 de maig de 2024\t\t\t\t\t\t\t\t<\/div>\n\t\t\t\t<\/div>\n\t\t\t\t<div class=\"elementor-element elementor-element-1f842d65 elementor-widget elementor-widget-text-editor\" data-id=\"1f842d65\" data-element_type=\"widget\" data-e-type=\"widget\" data-widget_type=\"text-editor.default\">\n\t\t\t\t<div class=\"elementor-widget-container\">\n\t\t\t\t\t\t\t\t\t<div class=\"amplada-pagina fecha_pub\">Per 3LG Advanced Logistics<\/div>\n<div>&nbsp;<\/div>\n<div>&nbsp;<\/div>\n<div class=\"amplada-pagina descripcion\">\n<p class=\"Remarca\"><strong>La situaci\u00f3 actual dels ports espanyols<\/strong> ha estat impactada significativament pel bloqueig del Mar Roig, fet que ha portat a una reconfiguraci\u00f3 de les rutes mar\u00edtimes globals. Aquest bloqueig, causat per atacs i tensions a la regi\u00f3, ha obligat moltes navilieres a desviar els seus vaixells a trav\u00e9s del Cap de Bona Esperan\u00e7a, la qual cosa ha generat un augment en el tr\u00e0fic de contenidors als ports mediterranis, especialment a Espanya.<\/p>\n<p class=\"Remarca\">Els ports de Val\u00e8ncia, Algesires i Barcelona han experimentat un increment considerable a l&#8217;activitat de transbordament. Aquesta allau de mercaderies ha alentit les operacions a port i en conseq\u00fc\u00e8ncia es tenen demores de diversos dies en les operacions de c\u00e0rrega i desc\u00e0rrega de vaixells als ports i aix\u00f2 en moltes ocasions est\u00e0 ocasionat que les navilieres omitin escales (<em>blank sailing<\/em>) als seus serveis regulars tenint com a conseq\u00fc\u00e8ncia canvis en els itineraris de les mercaderies que han d&#8217;entrar i sortir dels ports, aix\u00ed com possibles problemes en la disponibilitat d&#8217;equips al port.<\/p>\n<p>Les navilieres que operen als ports espanyols estan enfrontant diversos problemes a causa de l&#8217;increment de tr\u00e0nsit causat pel bloqueig del Mar Roig. Alguns dels principals desafiaments s\u00f3n:<\/p>\n<ol>\n<li><strong>&nbsp;<\/strong><strong>Congesti\u00f3 i Capacitat Limitada:<\/strong> L&#8217;allau de vaixells de contenidors ha portat a una congesti\u00f3 als principals ports, com Val\u00e8ncia, Algesires i Barcelona. Encara que aquests ports estan treballant per gestionar laugment de c\u00e0rrega, la infraestructura i la capacitat d&#8217;emmagatzematge estan sota pressi\u00f3 constant.<\/li>\n<li><strong>Retards a l&#8217;operativa:<\/strong> La reconfiguraci\u00f3 de rutes i l&#8217;augment del tr\u00e0nsit han provocat retards en la c\u00e0rrega i la desc\u00e0rrega de contenidors. Els ports s&#8217;han hagut d&#8217;adaptar r\u00e0pidament per evitar el col\u00b7lapse, per\u00f2 encara s&#8217;enfronten dies complicats pel reajustament d&#8217;operacions.<\/li>\n<li><strong>Augment de Costos Operatius:<\/strong> Les rutes m\u00e9s llargues i el major temps de tr\u00e0nsit han incrementat els costos operatius de les navilieres. Aix\u00f2 es deu en part al consum m\u00e9s gran de combustible i als costos associats amb el maneig d&#8217;un volum m\u00e9s gran de c\u00e0rrega en un per\u00edode curt de temps.<\/li>\n<li><strong>Gesti\u00f3 de Contenidors Buits:<\/strong> La reestructuraci\u00f3 de les rutes mar\u00edtimes ha resultat en un augment significatiu de contenidors buits als ports mediterranis. Aix\u00f2 genera desafiaments addicionals en la gesti\u00f3 i l&#8217;emmagatzematge d&#8217;aquests contenidors i afecta l&#8217;efici\u00e8ncia de les operacions portu\u00e0ries.<\/li>\n<li><strong>&nbsp;<\/strong><strong>Requisits Log\u00edstics i Administratius:<\/strong> Les navilieres han de bregar amb els requisits addicionals de log\u00edstica i administraci\u00f3 per redirigir el tr\u00e0nsit de vaixells. Aix\u00f2 inclou la coordinaci\u00f3 amb autoritats portu\u00e0ries i la gesti\u00f3 de documentaci\u00f3 duanera per a les mercaderies en tr\u00e0nsit.<\/li>\n<\/ol>\n<p>En resum, encara que els ports espanyols estan beneficiant-se econ\u00f2micament de la situaci\u00f3, les navilieres enfronten una s\u00e8rie de problemes operatius i log\u00edstics que compliquen la seva efici\u00e8ncia i augmenten els seus costos.<\/p>\n<p>Davant d&#8217;aquestes situacions els demanem que puguin tenir molta comunicaci\u00f3 amb el nostre equip de pricing mar\u00edtim perqu\u00e8 els puguin informar quins s\u00f3n els millors serveis que es poden oferir actualment. No servir\u00e0 de res presentar o tenir una tarifa m\u00e9s baixa si no hi ha serveis disponibles a aquest nivell de preu.<\/p>\n<p><a href=\"https:\/\/www.amec.es\/wp-content\/uploads\/2024\/05\/3LG-_Contactos-Air-Ocean.pdf\" target=\"_blank\" style=\"font-family: var( --e-global-typography-text-font-family ), Sans-serif; font-weight: var( --e-global-typography-text-font-weight ); background-color: rgb(255, 255, 255);\">Aqu\u00ed<\/a>&nbsp; trobar\u00e0s el directori de contactes de 3LG LOGISTICS per poder estar s la teva disposici\u00f3 i poder donar les millors alternatives de servei.  &nbsp;<\/p>\n<\/div>\t\t\t\t\t\t\t\t<\/div>\n\t\t\t\t<\/div>\n\t\t\t\t\t<\/div>\n\t\t<\/div>\n\t\t\t\t\t<\/div>\n\t\t<\/section>\n\t\t\t\t<section class=\"elementor-section elementor-top-section elementor-element elementor-element-59b5769 elementor-section-boxed elementor-section-height-default elementor-section-height-default\" data-id=\"59b5769\" data-element_type=\"section\" data-e-type=\"section\">\n\t\t\t\t\t\t<div class=\"elementor-container elementor-column-gap-default\">\n\t\t\t\t\t<div class=\"elementor-column elementor-col-100 elementor-top-column elementor-element elementor-element-9a1c4af\" data-id=\"9a1c4af\" data-element_type=\"column\" data-e-type=\"column\">\n\t\t\t<div class=\"elementor-widget-wrap elementor-element-populated\">\n\t\t\t\t\t\t<div class=\"elementor-element elementor-element-a5b0e39 elementor-widget elementor-widget-spacer\" data-id=\"a5b0e39\" data-element_type=\"widget\" data-e-type=\"widget\" data-widget_type=\"spacer.default\">\n\t\t\t\t<div class=\"elementor-widget-container\">\n\t\t\t\t\t\t\t<div class=\"elementor-spacer\">\n\t\t\t<div class=\"elementor-spacer-inner\"><\/div>\n\t\t<\/div>\n\t\t\t\t\t\t<\/div>\n\t\t\t\t<\/div>\n\t\t\t\t<div class=\"elementor-element elementor-element-3210ca2 elementor-widget-divider--view-line elementor-widget elementor-widget-divider\" data-id=\"3210ca2\" data-element_type=\"widget\" data-e-type=\"widget\" data-widget_type=\"divider.default\">\n\t\t\t\t<div class=\"elementor-widget-container\">\n\t\t\t\t\t\t\t<div class=\"elementor-divider\">\n\t\t\t<span class=\"elementor-divider-separator\">\n\t\t\t\t\t\t<\/span>\n\t\t<\/div>\n\t\t\t\t\t\t<\/div>\n\t\t\t\t<\/div>\n\t\t\t\t<div class=\"elementor-element elementor-element-d23ee31 elementor-widget elementor-widget-image\" data-id=\"d23ee31\" data-element_type=\"widget\" data-e-type=\"widget\" data-widget_type=\"image.default\">\n\t\t\t\t<div class=\"elementor-widget-container\">\n\t\t\t\t\t\t\t\t\t\t\t\t\t\t\t<img decoding=\"async\" width=\"150\" height=\"150\" src=\"https:\/\/amec.es\/wp-content\/uploads\/2024\/05\/arturo--150x150.png\" class=\"attachment-thumbnail size-thumbnail wp-image-18424\" alt=\"\" srcset=\"https:\/\/amec.es\/wp-content\/uploads\/2024\/05\/arturo--150x150.png 150w, https:\/\/amec.es\/wp-content\/uploads\/2024\/05\/arturo--100x100.png 100w, https:\/\/amec.es\/wp-content\/uploads\/2024\/05\/arturo-.png 175w\" sizes=\"(max-width: 150px) 100vw, 150px\" \/>\t\t\t\t\t\t\t\t\t\t\t\t\t\t\t<\/div>\n\t\t\t\t<\/div>\n\t\t\t\t<div class=\"elementor-element elementor-element-dc04cb6 elementor-widget elementor-widget-text-editor\" data-id=\"dc04cb6\" data-element_type=\"widget\" data-e-type=\"widget\" data-widget_type=\"text-editor.default\">\n\t\t\t\t<div class=\"elementor-widget-container\">\n\t\t\t\t\t\t\t\t\t<p><strong>Arturo Chavez, Co-Founder &amp; Business Development a 3LG Advanced Logistics<\/strong><\/p>\n\t\t\t\t\t\t\t\t<\/div>\n\t\t\t\t<\/div>\n\t\t\t\t<div class=\"elementor-element elementor-element-3c08630 elementor-widget elementor-widget-spacer\" data-id=\"3c08630\" data-element_type=\"widget\" data-e-type=\"widget\" data-widget_type=\"spacer.default\">\n\t\t\t\t<div class=\"elementor-widget-container\">\n\t\t\t\t\t\t\t<div class=\"elementor-spacer\">\n\t\t\t<div class=\"elementor-spacer-inner\"><\/div>\n\t\t<\/div>\n\t\t\t\t\t\t<\/div>\n\t\t\t\t<\/div>\n\t\t\t\t\t<\/div>\n\t\t<\/div>\n\t\t\t\t\t<\/div>\n\t\t<\/section>\n\t\t\t\t<\/div>\n\t\t","protected":false},"excerpt":{"rendered":"<p>Per 3LG Advanced Logistics &nbsp; &nbsp; La situaci\u00f3 actual dels ports espanyols ha estat impactada significativament pel bloqueig del Mar Roig, fet que ha portat a una reconfiguraci\u00f3 de les rutes mar\u00edtimes globals. Aquest bloqueig, causat per atacs i tensions a la regi\u00f3, ha obligat moltes navilieres a desviar els seus vaixells a trav\u00e9s del [&hellip;]<\/p>\n","protected":false},"author":3,"featured_media":18424,"comment_status":"closed","ping_status":"closed","sticky":false,"template":"elementor_header_footer","format":"standard","meta":{"inline_featured_image":false,"footnotes":""},"categories":[234],"tags":[],"class_list":["post-18425","post","type-post","status-publish","format-standard","has-post-thumbnail","hentry","category-articles-dexperts-ca"],"yoast_head":"<!-- This site is optimized with the Yoast SEO plugin v27.3 - https:\/\/yoast.com\/product\/yoast-seo-wordpress\/ -->\n<title>La situaci\u00f3 actual dels ports espanyols | amec Positive Industry<\/title>\n<meta name=\"robots\" content=\"index, follow, max-snippet:-1, max-image-preview:large, max-video-preview:-1\" \/>\n<link rel=\"canonical\" href=\"https:\/\/amec.es\/articulos-de-expertos\/3lg-la-situacion-actual-de-los-puertos-espanoles\/\" \/>\n<meta property=\"og:locale\" content=\"ca_ES\" \/>\n<meta property=\"og:type\" content=\"article\" \/>\n<meta property=\"og:title\" content=\"La situaci\u00f3 actual dels ports espanyols | amec Positive Industry\" \/>\n<meta property=\"og:description\" content=\"Per 3LG Advanced Logistics &nbsp; &nbsp; La situaci\u00f3 actual dels ports espanyols ha estat impactada significativament pel bloqueig del Mar Roig, fet que ha portat a una reconfiguraci\u00f3 de les rutes mar\u00edtimes globals. Aquest bloqueig, causat per atacs i tensions a la regi\u00f3, ha obligat moltes navilieres a desviar els seus vaixells a trav\u00e9s del [&hellip;]\" \/>\n<meta property=\"og:url\" content=\"https:\/\/amec.es\/articulos-de-expertos\/3lg-la-situacion-actual-de-los-puertos-espanoles\/\" \/>\n<meta property=\"og:site_name\" content=\"amec Positive Industry\" \/>\n<meta property=\"article:published_time\" content=\"2024-05-28T07:06:27+00:00\" \/>\n<meta property=\"article:modified_time\" content=\"2024-06-12T11:08:07+00:00\" \/>\n<meta property=\"og:image\" content=\"https:\/\/amec.es\/wp-content\/uploads\/2024\/05\/arturo-.png\" \/>\n\t<meta property=\"og:image:width\" content=\"175\" \/>\n\t<meta property=\"og:image:height\" content=\"174\" \/>\n\t<meta property=\"og:image:type\" content=\"image\/png\" \/>\n<meta name=\"author\" content=\"Aida Caballer\" \/>\n<meta name=\"twitter:card\" content=\"summary_large_image\" \/>\n<meta name=\"twitter:label1\" content=\"Escrit per\" \/>\n\t<meta name=\"twitter:data1\" content=\"Aida Caballer\" \/>\n\t<meta name=\"twitter:label2\" content=\"Temps estimat de lectura\" \/>\n\t<meta name=\"twitter:data2\" content=\"3 minuts\" \/>\n<script type=\"application\/ld+json\" class=\"yoast-schema-graph\">{\"@context\":\"https:\\\/\\\/schema.org\",\"@graph\":[{\"@type\":\"Article\",\"@id\":\"https:\\\/\\\/amec.es\\\/articulos-de-expertos\\\/3lg-la-situacion-actual-de-los-puertos-espanoles\\\/#article\",\"isPartOf\":{\"@id\":\"https:\\\/\\\/amec.es\\\/articulos-de-expertos\\\/3lg-la-situacion-actual-de-los-puertos-espanoles\\\/\"},\"author\":{\"name\":\"Aida Caballer\",\"@id\":\"https:\\\/\\\/amec.es\\\/#\\\/schema\\\/person\\\/c9b7b41064d1275568618a60eaba0f33\"},\"headline\":\"La situaci\u00f3 actual dels ports espanyols\",\"datePublished\":\"2024-05-28T07:06:27+00:00\",\"dateModified\":\"2024-06-12T11:08:07+00:00\",\"mainEntityOfPage\":{\"@id\":\"https:\\\/\\\/amec.es\\\/articulos-de-expertos\\\/3lg-la-situacion-actual-de-los-puertos-espanoles\\\/\"},\"wordCount\":601,\"publisher\":{\"@id\":\"https:\\\/\\\/amec.es\\\/#organization\"},\"image\":{\"@id\":\"https:\\\/\\\/amec.es\\\/articulos-de-expertos\\\/3lg-la-situacion-actual-de-los-puertos-espanoles\\\/#primaryimage\"},\"thumbnailUrl\":\"https:\\\/\\\/amec.es\\\/wp-content\\\/uploads\\\/2024\\\/05\\\/arturo-.png\",\"articleSection\":[\"Articles d'experts\"],\"inLanguage\":\"ca\"},{\"@type\":\"WebPage\",\"@id\":\"https:\\\/\\\/amec.es\\\/articulos-de-expertos\\\/3lg-la-situacion-actual-de-los-puertos-espanoles\\\/\",\"url\":\"https:\\\/\\\/amec.es\\\/articulos-de-expertos\\\/3lg-la-situacion-actual-de-los-puertos-espanoles\\\/\",\"name\":\"La situaci\u00f3 actual dels ports espanyols | amec Positive Industry\",\"isPartOf\":{\"@id\":\"https:\\\/\\\/amec.es\\\/#website\"},\"primaryImageOfPage\":{\"@id\":\"https:\\\/\\\/amec.es\\\/articulos-de-expertos\\\/3lg-la-situacion-actual-de-los-puertos-espanoles\\\/#primaryimage\"},\"image\":{\"@id\":\"https:\\\/\\\/amec.es\\\/articulos-de-expertos\\\/3lg-la-situacion-actual-de-los-puertos-espanoles\\\/#primaryimage\"},\"thumbnailUrl\":\"https:\\\/\\\/amec.es\\\/wp-content\\\/uploads\\\/2024\\\/05\\\/arturo-.png\",\"datePublished\":\"2024-05-28T07:06:27+00:00\",\"dateModified\":\"2024-06-12T11:08:07+00:00\",\"breadcrumb\":{\"@id\":\"https:\\\/\\\/amec.es\\\/articulos-de-expertos\\\/3lg-la-situacion-actual-de-los-puertos-espanoles\\\/#breadcrumb\"},\"inLanguage\":\"ca\",\"potentialAction\":[{\"@type\":\"ReadAction\",\"target\":[\"https:\\\/\\\/amec.es\\\/articulos-de-expertos\\\/3lg-la-situacion-actual-de-los-puertos-espanoles\\\/\"]}]},{\"@type\":\"ImageObject\",\"inLanguage\":\"ca\",\"@id\":\"https:\\\/\\\/amec.es\\\/articulos-de-expertos\\\/3lg-la-situacion-actual-de-los-puertos-espanoles\\\/#primaryimage\",\"url\":\"https:\\\/\\\/amec.es\\\/wp-content\\\/uploads\\\/2024\\\/05\\\/arturo-.png\",\"contentUrl\":\"https:\\\/\\\/amec.es\\\/wp-content\\\/uploads\\\/2024\\\/05\\\/arturo-.png\",\"width\":175,\"height\":174},{\"@type\":\"BreadcrumbList\",\"@id\":\"https:\\\/\\\/amec.es\\\/articulos-de-expertos\\\/3lg-la-situacion-actual-de-los-puertos-espanoles\\\/#breadcrumb\",\"itemListElement\":[{\"@type\":\"ListItem\",\"position\":1,\"name\":\"Portada\",\"item\":\"https:\\\/\\\/amec.es\\\/ca\\\/home-new\\\/\"},{\"@type\":\"ListItem\",\"position\":2,\"name\":\"La situaci\u00f3 actual dels ports espanyols\"}]},{\"@type\":\"WebSite\",\"@id\":\"https:\\\/\\\/amec.es\\\/#website\",\"url\":\"https:\\\/\\\/amec.es\\\/\",\"name\":\"amec Positive Industry\",\"description\":\"\",\"publisher\":{\"@id\":\"https:\\\/\\\/amec.es\\\/#organization\"},\"potentialAction\":[{\"@type\":\"SearchAction\",\"target\":{\"@type\":\"EntryPoint\",\"urlTemplate\":\"https:\\\/\\\/amec.es\\\/?s={search_term_string}\"},\"query-input\":{\"@type\":\"PropertyValueSpecification\",\"valueRequired\":true,\"valueName\":\"search_term_string\"}}],\"inLanguage\":\"ca\"},{\"@type\":\"Organization\",\"@id\":\"https:\\\/\\\/amec.es\\\/#organization\",\"name\":\"amec Positive Industry\",\"url\":\"https:\\\/\\\/amec.es\\\/\",\"logo\":{\"@type\":\"ImageObject\",\"inLanguage\":\"ca\",\"@id\":\"https:\\\/\\\/amec.es\\\/#\\\/schema\\\/logo\\\/image\\\/\",\"url\":\"https:\\\/\\\/amec.es\\\/wp-content\\\/uploads\\\/2023\\\/07\\\/logoamec.png\",\"contentUrl\":\"https:\\\/\\\/amec.es\\\/wp-content\\\/uploads\\\/2023\\\/07\\\/logoamec.png\",\"width\":200,\"height\":48,\"caption\":\"amec Positive Industry\"},\"image\":{\"@id\":\"https:\\\/\\\/amec.es\\\/#\\\/schema\\\/logo\\\/image\\\/\"}},{\"@type\":\"Person\",\"@id\":\"https:\\\/\\\/amec.es\\\/#\\\/schema\\\/person\\\/c9b7b41064d1275568618a60eaba0f33\",\"name\":\"Aida Caballer\",\"image\":{\"@type\":\"ImageObject\",\"inLanguage\":\"ca\",\"@id\":\"https:\\\/\\\/secure.gravatar.com\\\/avatar\\\/38f1e961156af82958cc778268f2d6af9eca42f44b1cfcccee0d3c9fed5b2c4f?s=96&d=mm&r=g\",\"url\":\"https:\\\/\\\/secure.gravatar.com\\\/avatar\\\/38f1e961156af82958cc778268f2d6af9eca42f44b1cfcccee0d3c9fed5b2c4f?s=96&d=mm&r=g\",\"contentUrl\":\"https:\\\/\\\/secure.gravatar.com\\\/avatar\\\/38f1e961156af82958cc778268f2d6af9eca42f44b1cfcccee0d3c9fed5b2c4f?s=96&d=mm&r=g\",\"caption\":\"Aida Caballer\"}}]}<\/script>\n<!-- \/ Yoast SEO plugin. -->","yoast_head_json":{"title":"La situaci\u00f3 actual dels ports espanyols | amec Positive Industry","robots":{"index":"index","follow":"follow","max-snippet":"max-snippet:-1","max-image-preview":"max-image-preview:large","max-video-preview":"max-video-preview:-1"},"canonical":"https:\/\/amec.es\/articulos-de-expertos\/3lg-la-situacion-actual-de-los-puertos-espanoles\/","og_locale":"ca_ES","og_type":"article","og_title":"La situaci\u00f3 actual dels ports espanyols | amec Positive Industry","og_description":"Per 3LG Advanced Logistics &nbsp; &nbsp; La situaci\u00f3 actual dels ports espanyols ha estat impactada significativament pel bloqueig del Mar Roig, fet que ha portat a una reconfiguraci\u00f3 de les rutes mar\u00edtimes globals. Aquest bloqueig, causat per atacs i tensions a la regi\u00f3, ha obligat moltes navilieres a desviar els seus vaixells a trav\u00e9s del [&hellip;]","og_url":"https:\/\/amec.es\/articulos-de-expertos\/3lg-la-situacion-actual-de-los-puertos-espanoles\/","og_site_name":"amec Positive Industry","article_published_time":"2024-05-28T07:06:27+00:00","article_modified_time":"2024-06-12T11:08:07+00:00","og_image":[{"width":175,"height":174,"url":"https:\/\/amec.es\/wp-content\/uploads\/2024\/05\/arturo-.png","type":"image\/png"}],"author":"Aida Caballer","twitter_card":"summary_large_image","twitter_misc":{"Escrit per":"Aida Caballer","Temps estimat de lectura":"3 minuts"},"schema":{"@context":"https:\/\/schema.org","@graph":[{"@type":"Article","@id":"https:\/\/amec.es\/articulos-de-expertos\/3lg-la-situacion-actual-de-los-puertos-espanoles\/#article","isPartOf":{"@id":"https:\/\/amec.es\/articulos-de-expertos\/3lg-la-situacion-actual-de-los-puertos-espanoles\/"},"author":{"name":"Aida Caballer","@id":"https:\/\/amec.es\/#\/schema\/person\/c9b7b41064d1275568618a60eaba0f33"},"headline":"La situaci\u00f3 actual dels ports espanyols","datePublished":"2024-05-28T07:06:27+00:00","dateModified":"2024-06-12T11:08:07+00:00","mainEntityOfPage":{"@id":"https:\/\/amec.es\/articulos-de-expertos\/3lg-la-situacion-actual-de-los-puertos-espanoles\/"},"wordCount":601,"publisher":{"@id":"https:\/\/amec.es\/#organization"},"image":{"@id":"https:\/\/amec.es\/articulos-de-expertos\/3lg-la-situacion-actual-de-los-puertos-espanoles\/#primaryimage"},"thumbnailUrl":"https:\/\/amec.es\/wp-content\/uploads\/2024\/05\/arturo-.png","articleSection":["Articles d'experts"],"inLanguage":"ca"},{"@type":"WebPage","@id":"https:\/\/amec.es\/articulos-de-expertos\/3lg-la-situacion-actual-de-los-puertos-espanoles\/","url":"https:\/\/amec.es\/articulos-de-expertos\/3lg-la-situacion-actual-de-los-puertos-espanoles\/","name":"La situaci\u00f3 actual dels ports espanyols | amec Positive Industry","isPartOf":{"@id":"https:\/\/amec.es\/#website"},"primaryImageOfPage":{"@id":"https:\/\/amec.es\/articulos-de-expertos\/3lg-la-situacion-actual-de-los-puertos-espanoles\/#primaryimage"},"image":{"@id":"https:\/\/amec.es\/articulos-de-expertos\/3lg-la-situacion-actual-de-los-puertos-espanoles\/#primaryimage"},"thumbnailUrl":"https:\/\/amec.es\/wp-content\/uploads\/2024\/05\/arturo-.png","datePublished":"2024-05-28T07:06:27+00:00","dateModified":"2024-06-12T11:08:07+00:00","breadcrumb":{"@id":"https:\/\/amec.es\/articulos-de-expertos\/3lg-la-situacion-actual-de-los-puertos-espanoles\/#breadcrumb"},"inLanguage":"ca","potentialAction":[{"@type":"ReadAction","target":["https:\/\/amec.es\/articulos-de-expertos\/3lg-la-situacion-actual-de-los-puertos-espanoles\/"]}]},{"@type":"ImageObject","inLanguage":"ca","@id":"https:\/\/amec.es\/articulos-de-expertos\/3lg-la-situacion-actual-de-los-puertos-espanoles\/#primaryimage","url":"https:\/\/amec.es\/wp-content\/uploads\/2024\/05\/arturo-.png","contentUrl":"https:\/\/amec.es\/wp-content\/uploads\/2024\/05\/arturo-.png","width":175,"height":174},{"@type":"BreadcrumbList","@id":"https:\/\/amec.es\/articulos-de-expertos\/3lg-la-situacion-actual-de-los-puertos-espanoles\/#breadcrumb","itemListElement":[{"@type":"ListItem","position":1,"name":"Portada","item":"https:\/\/amec.es\/ca\/home-new\/"},{"@type":"ListItem","position":2,"name":"La situaci\u00f3 actual dels ports espanyols"}]},{"@type":"WebSite","@id":"https:\/\/amec.es\/#website","url":"https:\/\/amec.es\/","name":"amec Positive Industry","description":"","publisher":{"@id":"https:\/\/amec.es\/#organization"},"potentialAction":[{"@type":"SearchAction","target":{"@type":"EntryPoint","urlTemplate":"https:\/\/amec.es\/?s={search_term_string}"},"query-input":{"@type":"PropertyValueSpecification","valueRequired":true,"valueName":"search_term_string"}}],"inLanguage":"ca"},{"@type":"Organization","@id":"https:\/\/amec.es\/#organization","name":"amec Positive Industry","url":"https:\/\/amec.es\/","logo":{"@type":"ImageObject","inLanguage":"ca","@id":"https:\/\/amec.es\/#\/schema\/logo\/image\/","url":"https:\/\/amec.es\/wp-content\/uploads\/2023\/07\/logoamec.png","contentUrl":"https:\/\/amec.es\/wp-content\/uploads\/2023\/07\/logoamec.png","width":200,"height":48,"caption":"amec Positive Industry"},"image":{"@id":"https:\/\/amec.es\/#\/schema\/logo\/image\/"}},{"@type":"Person","@id":"https:\/\/amec.es\/#\/schema\/person\/c9b7b41064d1275568618a60eaba0f33","name":"Aida Caballer","image":{"@type":"ImageObject","inLanguage":"ca","@id":"https:\/\/secure.gravatar.com\/avatar\/38f1e961156af82958cc778268f2d6af9eca42f44b1cfcccee0d3c9fed5b2c4f?s=96&d=mm&r=g","url":"https:\/\/secure.gravatar.com\/avatar\/38f1e961156af82958cc778268f2d6af9eca42f44b1cfcccee0d3c9fed5b2c4f?s=96&d=mm&r=g","contentUrl":"https:\/\/secure.gravatar.com\/avatar\/38f1e961156af82958cc778268f2d6af9eca42f44b1cfcccee0d3c9fed5b2c4f?s=96&d=mm&r=g","caption":"Aida Caballer"}}]}},"_links":{"self":[{"href":"https:\/\/amec.es\/ca\/wp-json\/wp\/v2\/posts\/18425","targetHints":{"allow":["GET"]}}],"collection":[{"href":"https:\/\/amec.es\/ca\/wp-json\/wp\/v2\/posts"}],"about":[{"href":"https:\/\/amec.es\/ca\/wp-json\/wp\/v2\/types\/post"}],"author":[{"embeddable":true,"href":"https:\/\/amec.es\/ca\/wp-json\/wp\/v2\/users\/3"}],"replies":[{"embeddable":true,"href":"https:\/\/amec.es\/ca\/wp-json\/wp\/v2\/comments?post=18425"}],"version-history":[{"count":4,"href":"https:\/\/amec.es\/ca\/wp-json\/wp\/v2\/posts\/18425\/revisions"}],"predecessor-version":[{"id":19383,"href":"https:\/\/amec.es\/ca\/wp-json\/wp\/v2\/posts\/18425\/revisions\/19383"}],"wp:featuredmedia":[{"embeddable":true,"href":"https:\/\/amec.es\/ca\/wp-json\/wp\/v2\/media\/18424"}],"wp:attachment":[{"href":"https:\/\/amec.es\/ca\/wp-json\/wp\/v2\/media?parent=18425"}],"wp:term":[{"taxonomy":"category","embeddable":true,"href":"https:\/\/amec.es\/ca\/wp-json\/wp\/v2\/categories?post=18425"},{"taxonomy":"post_tag","embeddable":true,"href":"https:\/\/amec.es\/ca\/wp-json\/wp\/v2\/tags?post=18425"}],"curies":[{"name":"wp","href":"https:\/\/api.w.org\/{rel}","templated":true}]}}