{"id":28451,"date":"2025-02-03T10:34:08","date_gmt":"2025-02-03T09:34:08","guid":{"rendered":"https:\/\/www.amec.es\/sin-categorizar\/les-oportunitats-del-marroc-per-a-les-empreses-industrials-internacionalitzades\/"},"modified":"2025-02-03T10:40:36","modified_gmt":"2025-02-03T09:40:36","slug":"les-oportunitats-del-marroc-per-a-les-empreses-industrials-internacionalitzades","status":"publish","type":"post","link":"https:\/\/amec.es\/ca\/articles-dexperts-ca\/les-oportunitats-del-marroc-per-a-les-empreses-industrials-internacionalitzades\/","title":{"rendered":"Les oportunitats del Marroc per a les empreses industrials internacionalitzades"},"content":{"rendered":"\t\t<div data-elementor-type=\"wp-post\" data-elementor-id=\"28451\" class=\"elementor elementor-28451 elementor-28440\" data-elementor-post-type=\"post\">\n\t\t\t\t\t\t<section class=\"elementor-section elementor-top-section elementor-element elementor-element-ce67434 elementor-section-stretched elementor-section-boxed elementor-section-height-default elementor-section-height-default\" data-id=\"ce67434\" data-element_type=\"section\" data-e-type=\"section\" data-settings=\"{&quot;stretch_section&quot;:&quot;section-stretched&quot;,&quot;background_background&quot;:&quot;classic&quot;}\">\n\t\t\t\t\t\t<div class=\"elementor-container elementor-column-gap-default\">\n\t\t\t\t\t<div class=\"elementor-column elementor-col-100 elementor-top-column elementor-element elementor-element-4373054\" data-id=\"4373054\" data-element_type=\"column\" data-e-type=\"column\">\n\t\t\t<div class=\"elementor-widget-wrap elementor-element-populated\">\n\t\t\t\t\t\t<div class=\"elementor-element elementor-element-35ced22 elementor-widget elementor-widget-text-editor\" data-id=\"35ced22\" data-element_type=\"widget\" data-e-type=\"widget\" data-widget_type=\"text-editor.default\">\n\t\t\t\t<div class=\"elementor-widget-container\">\n\t\t\t\t\t\t\t\t\t<p>Per Sara Mouak, delegada d&#8217;amec al Marroc<\/p>\n\t\t\t\t\t\t\t\t<\/div>\n\t\t\t\t<\/div>\n\t\t\t\t<div class=\"elementor-element elementor-element-c56b86b elementor-widget elementor-widget-heading\" data-id=\"c56b86b\" data-element_type=\"widget\" data-e-type=\"widget\" data-widget_type=\"heading.default\">\n\t\t\t\t<div class=\"elementor-widget-container\">\n\t\t\t\t\t<h2 class=\"elementor-heading-title elementor-size-default\">Les oportunitats del Marroc per a les empreses industrials internacionalitzades<\/h2>\t\t\t\t<\/div>\n\t\t\t\t<\/div>\n\t\t\t\t<div class=\"elementor-element elementor-element-832fd39 elementor-widget-divider--view-line elementor-widget elementor-widget-divider\" data-id=\"832fd39\" data-element_type=\"widget\" data-e-type=\"widget\" data-widget_type=\"divider.default\">\n\t\t\t\t<div class=\"elementor-widget-container\">\n\t\t\t\t\t\t\t<div class=\"elementor-divider\">\n\t\t\t<span class=\"elementor-divider-separator\">\n\t\t\t\t\t\t<\/span>\n\t\t<\/div>\n\t\t\t\t\t\t<\/div>\n\t\t\t\t<\/div>\n\t\t\t\t\t<\/div>\n\t\t<\/div>\n\t\t\t\t\t<\/div>\n\t\t<\/section>\n\t\t\t\t<section class=\"elementor-section elementor-top-section elementor-element elementor-element-1fca03a elementor-section-content-bottom elementor-section-boxed elementor-section-height-default elementor-section-height-default\" data-id=\"1fca03a\" data-element_type=\"section\" data-e-type=\"section\">\n\t\t\t\t\t\t<div class=\"elementor-container elementor-column-gap-wide\">\n\t\t\t\t\t<div class=\"elementor-column elementor-col-100 elementor-top-column elementor-element elementor-element-6db3a46\" data-id=\"6db3a46\" data-element_type=\"column\" data-e-type=\"column\">\n\t\t\t<div class=\"elementor-widget-wrap elementor-element-populated\">\n\t\t\t\t\t\t<div class=\"elementor-element elementor-element-a8a6944 elementor-widget elementor-widget-text-editor\" data-id=\"a8a6944\" data-element_type=\"widget\" data-e-type=\"widget\" data-widget_type=\"text-editor.default\">\n\t\t\t\t<div class=\"elementor-widget-container\">\n\t\t\t\t\t\t\t\t\t3 de febrer de 2025\t\t\t\t\t\t\t\t<\/div>\n\t\t\t\t<\/div>\n\t\t\t\t<div class=\"elementor-element elementor-element-1f842d65 elementor-widget elementor-widget-text-editor\" data-id=\"1f842d65\" data-element_type=\"widget\" data-e-type=\"widget\" data-widget_type=\"text-editor.default\">\n\t\t\t\t<div class=\"elementor-widget-container\">\n\t\t\t\t\t\t\t\t\t<p>El Marroc, situat a 14 quil\u00f2metres d&#8217;Espanya, ha emergit com un actor clau a la regi\u00f3 EMEA i com un pont estrat\u00e8gic cap al continent afric\u00e0. Amb una poblaci\u00f3 que supera els 36 milions d&#8217;habitants i un creixement econ\u00f2mic sostingut de m\u00e9s del 3% anual, el pa\u00eds s&#8217;est\u00e0 consolidant com a referent industrial a l&#8217;\u00c0frica. Gr\u00e0cies a pol\u00edtiques de diversificaci\u00f3 i modernitzaci\u00f3, el Marroc no nom\u00e9s est\u00e0 renovant sectors tradicionals com la mineria, la pesca, l&#8217;agricultura i el t\u00e8xtil, sin\u00f3 que tamb\u00e9 impulsa sectors emergents amb gran potencial, com l&#8217;automoci\u00f3, l&#8217;aeron\u00e0utica i les energies renovables, entre d&#8217;altres. En aquest entorn favorable, sorgeixen oportunitats per a les empreses espanyoles interessades a accedir i consolidar-se en aquest mercat.   <\/p>\n<p>Un dels sectors m\u00e9s destacats dins aquest proc\u00e9s de transformaci\u00f3 del pa\u00eds \u00e9s l?automoci\u00f3, que ja representa un 16% del PIB marroqu\u00ed. Marroc produeix actualment m\u00e9s de 500.000 vehicles a l&#8217;any, mentre que t\u00e9 com a objectiu augmentar la seva producci\u00f3, assolint 1 mili\u00f3 el 2025 i 2 milions el 2030. Aquest creixement ha situat el pa\u00eds com el exportador d&#8217;autom\u00f2bils m\u00e9s gran d&#8217;\u00c0frica, per davant de Sud-\u00e0frica. La ind\u00fastria t\u00e8xtil per la seva banda, amb una producci\u00f3 estimada de mil milions de peces anuals, tamb\u00e9 s&#8217;ha consolidat com a l\u00edder regional, superant Egipte i Tun\u00edsia. Tots dos sectors, juntament amb l&#8217;agroind\u00fastria, que representa el 26% del PIB industrial, requereixen una modernitzaci\u00f3 cont\u00ednua, que dep\u00e8n de la introducci\u00f3 de maquin\u00e0ria avan\u00e7ada, tecnologies d&#8217;automatitzaci\u00f3, mat\u00e8ries primeres d&#8217;alta qualitat i un coneixement t\u00e8cnic especialitzat per garantir la competitivitat i sostenibilitat.    <\/p>\n<p>A m\u00e9s dels sectors ja esmentats, el Marroc est\u00e0 experimentant un notable desenvolupament en \u00e0rees com la construcci\u00f3 i infraestructura, especialment arran del Mundial 2030 que organitzar\u00e0 el Marroc juntament amb Espanya i Portugal. Aquest impuls genera una gran demanda de projectes en edificaci\u00f3, transport, hoteleria i energies renovables. Altres sectors amb un alt potencial de creixement inclouen la gesti\u00f3 de residus, la log\u00edstica, la ind\u00fastria qu\u00edmica, els materials de construcci\u00f3 i la tecnologia m\u00e8dica, entre d&#8217;altres. Alhora, l&#8217;agricultura tamb\u00e9 est\u00e0 veient un increment en la demanda de maquin\u00e0ria avan\u00e7ada i solucions d&#8217;irrigaci\u00f3, amb l&#8217;objectiu de modernitzar i optimitzar aquest sector. Per a les empreses espanyoles interessades en aquest mercat en expansi\u00f3, comptar amb el suport de socis locals ser\u00e0 clau per facilitar-ne l&#8217;entrada i l&#8217;adaptaci\u00f3 a un entorn altament din\u00e0mic i ple d&#8217;oportunitats.    <\/p>\n\t\t\t\t\t\t\t\t<\/div>\n\t\t\t\t<\/div>\n\t\t\t\t<div class=\"elementor-element elementor-element-114e0c0 elementor-widget elementor-widget-spacer\" data-id=\"114e0c0\" data-element_type=\"widget\" data-e-type=\"widget\" data-widget_type=\"spacer.default\">\n\t\t\t\t<div class=\"elementor-widget-container\">\n\t\t\t\t\t\t\t<div class=\"elementor-spacer\">\n\t\t\t<div class=\"elementor-spacer-inner\"><\/div>\n\t\t<\/div>\n\t\t\t\t\t\t<\/div>\n\t\t\t\t<\/div>\n\t\t\t\t\t<\/div>\n\t\t<\/div>\n\t\t\t\t\t<\/div>\n\t\t<\/section>\n\t\t\t\t<section class=\"elementor-section elementor-top-section elementor-element elementor-element-59b5769 elementor-section-boxed elementor-section-height-default elementor-section-height-default\" data-id=\"59b5769\" data-element_type=\"section\" data-e-type=\"section\">\n\t\t\t\t\t\t<div class=\"elementor-container elementor-column-gap-default\">\n\t\t\t\t\t<div class=\"elementor-column elementor-col-100 elementor-top-column elementor-element elementor-element-9a1c4af\" data-id=\"9a1c4af\" data-element_type=\"column\" data-e-type=\"column\">\n\t\t\t<div class=\"elementor-widget-wrap elementor-element-populated\">\n\t\t\t\t\t\t<div class=\"elementor-element elementor-element-a5b0e39 elementor-widget elementor-widget-spacer\" data-id=\"a5b0e39\" data-element_type=\"widget\" data-e-type=\"widget\" data-widget_type=\"spacer.default\">\n\t\t\t\t<div class=\"elementor-widget-container\">\n\t\t\t\t\t\t\t<div class=\"elementor-spacer\">\n\t\t\t<div class=\"elementor-spacer-inner\"><\/div>\n\t\t<\/div>\n\t\t\t\t\t\t<\/div>\n\t\t\t\t<\/div>\n\t\t\t\t<div class=\"elementor-element elementor-element-3210ca2 elementor-widget-divider--view-line elementor-widget elementor-widget-divider\" data-id=\"3210ca2\" data-element_type=\"widget\" data-e-type=\"widget\" data-widget_type=\"divider.default\">\n\t\t\t\t<div class=\"elementor-widget-container\">\n\t\t\t\t\t\t\t<div class=\"elementor-divider\">\n\t\t\t<span class=\"elementor-divider-separator\">\n\t\t\t\t\t\t<\/span>\n\t\t<\/div>\n\t\t\t\t\t\t<\/div>\n\t\t\t\t<\/div>\n\t\t\t\t<div class=\"elementor-element elementor-element-d23ee31 elementor-widget elementor-widget-image\" data-id=\"d23ee31\" data-element_type=\"widget\" data-e-type=\"widget\" data-widget_type=\"image.default\">\n\t\t\t\t<div class=\"elementor-widget-container\">\n\t\t\t\t\t\t\t\t\t\t\t\t\t\t\t<img decoding=\"async\" width=\"150\" height=\"150\" src=\"https:\/\/amec.es\/wp-content\/uploads\/2025\/02\/sara-mouak-150x150.jpg\" class=\"attachment-thumbnail size-thumbnail wp-image-28444\" alt=\"\" srcset=\"https:\/\/amec.es\/wp-content\/uploads\/2025\/02\/sara-mouak-150x150.jpg 150w, https:\/\/amec.es\/wp-content\/uploads\/2025\/02\/sara-mouak-100x100.jpg 100w, https:\/\/amec.es\/wp-content\/uploads\/2025\/02\/sara-mouak.jpg 200w\" sizes=\"(max-width: 150px) 100vw, 150px\" \/>\t\t\t\t\t\t\t\t\t\t\t\t\t\t\t<\/div>\n\t\t\t\t<\/div>\n\t\t\t\t<div class=\"elementor-element elementor-element-dc04cb6 elementor-widget elementor-widget-text-editor\" data-id=\"dc04cb6\" data-element_type=\"widget\" data-e-type=\"widget\" data-widget_type=\"text-editor.default\">\n\t\t\t\t<div class=\"elementor-widget-container\">\n\t\t\t\t\t\t\t\t\t<p><strong>Sara Mouak, delegada d&#8217;amec al Marroc  <\/strong><\/p>\n\t\t\t\t\t\t\t\t<\/div>\n\t\t\t\t<\/div>\n\t\t\t\t<div class=\"elementor-element elementor-element-3c08630 elementor-widget elementor-widget-spacer\" data-id=\"3c08630\" data-element_type=\"widget\" data-e-type=\"widget\" data-widget_type=\"spacer.default\">\n\t\t\t\t<div class=\"elementor-widget-container\">\n\t\t\t\t\t\t\t<div class=\"elementor-spacer\">\n\t\t\t<div class=\"elementor-spacer-inner\"><\/div>\n\t\t<\/div>\n\t\t\t\t\t\t<\/div>\n\t\t\t\t<\/div>\n\t\t\t\t\t<\/div>\n\t\t<\/div>\n\t\t\t\t\t<\/div>\n\t\t<\/section>\n\t\t\t\t<\/div>\n\t\t","protected":false},"excerpt":{"rendered":"<p>El Marroc, situat a 14 quil\u00f2metres d&#8217;Espanya, ha emergit com un actor clau a la regi\u00f3 EMEA i com un pont estrat\u00e8gic cap al continent afric\u00e0.<\/p>\n","protected":false},"author":3,"featured_media":28444,"comment_status":"closed","ping_status":"closed","sticky":false,"template":"elementor_header_footer","format":"standard","meta":{"inline_featured_image":false,"footnotes":""},"categories":[234],"tags":[],"class_list":["post-28451","post","type-post","status-publish","format-standard","has-post-thumbnail","hentry","category-articles-dexperts-ca"],"yoast_head":"<!-- This site is optimized with the Yoast SEO plugin v27.3 - https:\/\/yoast.com\/product\/yoast-seo-wordpress\/ -->\n<title>Les oportunitats del Marroc per a les empreses industrials internacionalitzades | amec Positive Industry<\/title>\n<meta name=\"robots\" content=\"index, follow, max-snippet:-1, max-image-preview:large, max-video-preview:-1\" \/>\n<link rel=\"canonical\" href=\"https:\/\/amec.es\/articulos-de-expertos\/oportunidades-marruecos-empresas-industriales-internacionalizadas\/\" \/>\n<meta property=\"og:locale\" content=\"ca_ES\" \/>\n<meta property=\"og:type\" content=\"article\" \/>\n<meta property=\"og:title\" content=\"Les oportunitats del Marroc per a les empreses industrials internacionalitzades | amec Positive Industry\" \/>\n<meta property=\"og:description\" content=\"El Marroc, situat a 14 quil\u00f2metres d&#039;Espanya, ha emergit com un actor clau a la regi\u00f3 EMEA i com un pont estrat\u00e8gic cap al continent afric\u00e0.\" \/>\n<meta property=\"og:url\" content=\"https:\/\/amec.es\/articulos-de-expertos\/oportunidades-marruecos-empresas-industriales-internacionalizadas\/\" \/>\n<meta property=\"og:site_name\" content=\"amec Positive Industry\" \/>\n<meta property=\"article:published_time\" content=\"2025-02-03T09:34:08+00:00\" \/>\n<meta property=\"article:modified_time\" content=\"2025-02-03T09:40:36+00:00\" \/>\n<meta property=\"og:image\" content=\"https:\/\/amec.es\/wp-content\/uploads\/2025\/02\/sara-mouak.jpg\" \/>\n\t<meta property=\"og:image:width\" content=\"200\" \/>\n\t<meta property=\"og:image:height\" content=\"200\" \/>\n\t<meta property=\"og:image:type\" content=\"image\/jpeg\" \/>\n<meta name=\"author\" content=\"Aida Caballer\" \/>\n<meta name=\"twitter:card\" content=\"summary_large_image\" \/>\n<meta name=\"twitter:label1\" content=\"Escrit per\" \/>\n\t<meta name=\"twitter:data1\" content=\"Aida Caballer\" \/>\n\t<meta name=\"twitter:label2\" content=\"Temps estimat de lectura\" \/>\n\t<meta name=\"twitter:data2\" content=\"2 minuts\" \/>\n<script type=\"application\/ld+json\" class=\"yoast-schema-graph\">{\"@context\":\"https:\\\/\\\/schema.org\",\"@graph\":[{\"@type\":\"Article\",\"@id\":\"https:\\\/\\\/amec.es\\\/articulos-de-expertos\\\/oportunidades-marruecos-empresas-industriales-internacionalizadas\\\/#article\",\"isPartOf\":{\"@id\":\"https:\\\/\\\/amec.es\\\/articulos-de-expertos\\\/oportunidades-marruecos-empresas-industriales-internacionalizadas\\\/\"},\"author\":{\"name\":\"Aida Caballer\",\"@id\":\"https:\\\/\\\/amec.es\\\/#\\\/schema\\\/person\\\/c9b7b41064d1275568618a60eaba0f33\"},\"headline\":\"Les oportunitats del Marroc per a les empreses industrials internacionalitzades\",\"datePublished\":\"2025-02-03T09:34:08+00:00\",\"dateModified\":\"2025-02-03T09:40:36+00:00\",\"mainEntityOfPage\":{\"@id\":\"https:\\\/\\\/amec.es\\\/articulos-de-expertos\\\/oportunidades-marruecos-empresas-industriales-internacionalizadas\\\/\"},\"wordCount\":462,\"publisher\":{\"@id\":\"https:\\\/\\\/amec.es\\\/#organization\"},\"image\":{\"@id\":\"https:\\\/\\\/amec.es\\\/articulos-de-expertos\\\/oportunidades-marruecos-empresas-industriales-internacionalizadas\\\/#primaryimage\"},\"thumbnailUrl\":\"https:\\\/\\\/amec.es\\\/wp-content\\\/uploads\\\/2025\\\/02\\\/sara-mouak.jpg\",\"articleSection\":[\"Articles d'experts\"],\"inLanguage\":\"ca\"},{\"@type\":\"WebPage\",\"@id\":\"https:\\\/\\\/amec.es\\\/articulos-de-expertos\\\/oportunidades-marruecos-empresas-industriales-internacionalizadas\\\/\",\"url\":\"https:\\\/\\\/amec.es\\\/articulos-de-expertos\\\/oportunidades-marruecos-empresas-industriales-internacionalizadas\\\/\",\"name\":\"Les oportunitats del Marroc per a les empreses industrials internacionalitzades | amec Positive Industry\",\"isPartOf\":{\"@id\":\"https:\\\/\\\/amec.es\\\/#website\"},\"primaryImageOfPage\":{\"@id\":\"https:\\\/\\\/amec.es\\\/articulos-de-expertos\\\/oportunidades-marruecos-empresas-industriales-internacionalizadas\\\/#primaryimage\"},\"image\":{\"@id\":\"https:\\\/\\\/amec.es\\\/articulos-de-expertos\\\/oportunidades-marruecos-empresas-industriales-internacionalizadas\\\/#primaryimage\"},\"thumbnailUrl\":\"https:\\\/\\\/amec.es\\\/wp-content\\\/uploads\\\/2025\\\/02\\\/sara-mouak.jpg\",\"datePublished\":\"2025-02-03T09:34:08+00:00\",\"dateModified\":\"2025-02-03T09:40:36+00:00\",\"breadcrumb\":{\"@id\":\"https:\\\/\\\/amec.es\\\/articulos-de-expertos\\\/oportunidades-marruecos-empresas-industriales-internacionalizadas\\\/#breadcrumb\"},\"inLanguage\":\"ca\",\"potentialAction\":[{\"@type\":\"ReadAction\",\"target\":[\"https:\\\/\\\/amec.es\\\/articulos-de-expertos\\\/oportunidades-marruecos-empresas-industriales-internacionalizadas\\\/\"]}]},{\"@type\":\"ImageObject\",\"inLanguage\":\"ca\",\"@id\":\"https:\\\/\\\/amec.es\\\/articulos-de-expertos\\\/oportunidades-marruecos-empresas-industriales-internacionalizadas\\\/#primaryimage\",\"url\":\"https:\\\/\\\/amec.es\\\/wp-content\\\/uploads\\\/2025\\\/02\\\/sara-mouak.jpg\",\"contentUrl\":\"https:\\\/\\\/amec.es\\\/wp-content\\\/uploads\\\/2025\\\/02\\\/sara-mouak.jpg\",\"width\":200,\"height\":200},{\"@type\":\"BreadcrumbList\",\"@id\":\"https:\\\/\\\/amec.es\\\/articulos-de-expertos\\\/oportunidades-marruecos-empresas-industriales-internacionalizadas\\\/#breadcrumb\",\"itemListElement\":[{\"@type\":\"ListItem\",\"position\":1,\"name\":\"Portada\",\"item\":\"https:\\\/\\\/amec.es\\\/ca\\\/home-new\\\/\"},{\"@type\":\"ListItem\",\"position\":2,\"name\":\"Les oportunitats del Marroc per a les empreses industrials internacionalitzades\"}]},{\"@type\":\"WebSite\",\"@id\":\"https:\\\/\\\/amec.es\\\/#website\",\"url\":\"https:\\\/\\\/amec.es\\\/\",\"name\":\"amec Positive Industry\",\"description\":\"\",\"publisher\":{\"@id\":\"https:\\\/\\\/amec.es\\\/#organization\"},\"potentialAction\":[{\"@type\":\"SearchAction\",\"target\":{\"@type\":\"EntryPoint\",\"urlTemplate\":\"https:\\\/\\\/amec.es\\\/?s={search_term_string}\"},\"query-input\":{\"@type\":\"PropertyValueSpecification\",\"valueRequired\":true,\"valueName\":\"search_term_string\"}}],\"inLanguage\":\"ca\"},{\"@type\":\"Organization\",\"@id\":\"https:\\\/\\\/amec.es\\\/#organization\",\"name\":\"amec Positive Industry\",\"url\":\"https:\\\/\\\/amec.es\\\/\",\"logo\":{\"@type\":\"ImageObject\",\"inLanguage\":\"ca\",\"@id\":\"https:\\\/\\\/amec.es\\\/#\\\/schema\\\/logo\\\/image\\\/\",\"url\":\"https:\\\/\\\/amec.es\\\/wp-content\\\/uploads\\\/2023\\\/07\\\/logoamec.png\",\"contentUrl\":\"https:\\\/\\\/amec.es\\\/wp-content\\\/uploads\\\/2023\\\/07\\\/logoamec.png\",\"width\":200,\"height\":48,\"caption\":\"amec Positive Industry\"},\"image\":{\"@id\":\"https:\\\/\\\/amec.es\\\/#\\\/schema\\\/logo\\\/image\\\/\"}},{\"@type\":\"Person\",\"@id\":\"https:\\\/\\\/amec.es\\\/#\\\/schema\\\/person\\\/c9b7b41064d1275568618a60eaba0f33\",\"name\":\"Aida Caballer\",\"image\":{\"@type\":\"ImageObject\",\"inLanguage\":\"ca\",\"@id\":\"https:\\\/\\\/secure.gravatar.com\\\/avatar\\\/38f1e961156af82958cc778268f2d6af9eca42f44b1cfcccee0d3c9fed5b2c4f?s=96&d=mm&r=g\",\"url\":\"https:\\\/\\\/secure.gravatar.com\\\/avatar\\\/38f1e961156af82958cc778268f2d6af9eca42f44b1cfcccee0d3c9fed5b2c4f?s=96&d=mm&r=g\",\"contentUrl\":\"https:\\\/\\\/secure.gravatar.com\\\/avatar\\\/38f1e961156af82958cc778268f2d6af9eca42f44b1cfcccee0d3c9fed5b2c4f?s=96&d=mm&r=g\",\"caption\":\"Aida Caballer\"}}]}<\/script>\n<!-- \/ Yoast SEO plugin. -->","yoast_head_json":{"title":"Les oportunitats del Marroc per a les empreses industrials internacionalitzades | amec Positive Industry","robots":{"index":"index","follow":"follow","max-snippet":"max-snippet:-1","max-image-preview":"max-image-preview:large","max-video-preview":"max-video-preview:-1"},"canonical":"https:\/\/amec.es\/articulos-de-expertos\/oportunidades-marruecos-empresas-industriales-internacionalizadas\/","og_locale":"ca_ES","og_type":"article","og_title":"Les oportunitats del Marroc per a les empreses industrials internacionalitzades | amec Positive Industry","og_description":"El Marroc, situat a 14 quil\u00f2metres d'Espanya, ha emergit com un actor clau a la regi\u00f3 EMEA i com un pont estrat\u00e8gic cap al continent afric\u00e0.","og_url":"https:\/\/amec.es\/articulos-de-expertos\/oportunidades-marruecos-empresas-industriales-internacionalizadas\/","og_site_name":"amec Positive Industry","article_published_time":"2025-02-03T09:34:08+00:00","article_modified_time":"2025-02-03T09:40:36+00:00","og_image":[{"width":200,"height":200,"url":"https:\/\/amec.es\/wp-content\/uploads\/2025\/02\/sara-mouak.jpg","type":"image\/jpeg"}],"author":"Aida Caballer","twitter_card":"summary_large_image","twitter_misc":{"Escrit per":"Aida Caballer","Temps estimat de lectura":"2 minuts"},"schema":{"@context":"https:\/\/schema.org","@graph":[{"@type":"Article","@id":"https:\/\/amec.es\/articulos-de-expertos\/oportunidades-marruecos-empresas-industriales-internacionalizadas\/#article","isPartOf":{"@id":"https:\/\/amec.es\/articulos-de-expertos\/oportunidades-marruecos-empresas-industriales-internacionalizadas\/"},"author":{"name":"Aida Caballer","@id":"https:\/\/amec.es\/#\/schema\/person\/c9b7b41064d1275568618a60eaba0f33"},"headline":"Les oportunitats del Marroc per a les empreses industrials internacionalitzades","datePublished":"2025-02-03T09:34:08+00:00","dateModified":"2025-02-03T09:40:36+00:00","mainEntityOfPage":{"@id":"https:\/\/amec.es\/articulos-de-expertos\/oportunidades-marruecos-empresas-industriales-internacionalizadas\/"},"wordCount":462,"publisher":{"@id":"https:\/\/amec.es\/#organization"},"image":{"@id":"https:\/\/amec.es\/articulos-de-expertos\/oportunidades-marruecos-empresas-industriales-internacionalizadas\/#primaryimage"},"thumbnailUrl":"https:\/\/amec.es\/wp-content\/uploads\/2025\/02\/sara-mouak.jpg","articleSection":["Articles d'experts"],"inLanguage":"ca"},{"@type":"WebPage","@id":"https:\/\/amec.es\/articulos-de-expertos\/oportunidades-marruecos-empresas-industriales-internacionalizadas\/","url":"https:\/\/amec.es\/articulos-de-expertos\/oportunidades-marruecos-empresas-industriales-internacionalizadas\/","name":"Les oportunitats del Marroc per a les empreses industrials internacionalitzades | amec Positive Industry","isPartOf":{"@id":"https:\/\/amec.es\/#website"},"primaryImageOfPage":{"@id":"https:\/\/amec.es\/articulos-de-expertos\/oportunidades-marruecos-empresas-industriales-internacionalizadas\/#primaryimage"},"image":{"@id":"https:\/\/amec.es\/articulos-de-expertos\/oportunidades-marruecos-empresas-industriales-internacionalizadas\/#primaryimage"},"thumbnailUrl":"https:\/\/amec.es\/wp-content\/uploads\/2025\/02\/sara-mouak.jpg","datePublished":"2025-02-03T09:34:08+00:00","dateModified":"2025-02-03T09:40:36+00:00","breadcrumb":{"@id":"https:\/\/amec.es\/articulos-de-expertos\/oportunidades-marruecos-empresas-industriales-internacionalizadas\/#breadcrumb"},"inLanguage":"ca","potentialAction":[{"@type":"ReadAction","target":["https:\/\/amec.es\/articulos-de-expertos\/oportunidades-marruecos-empresas-industriales-internacionalizadas\/"]}]},{"@type":"ImageObject","inLanguage":"ca","@id":"https:\/\/amec.es\/articulos-de-expertos\/oportunidades-marruecos-empresas-industriales-internacionalizadas\/#primaryimage","url":"https:\/\/amec.es\/wp-content\/uploads\/2025\/02\/sara-mouak.jpg","contentUrl":"https:\/\/amec.es\/wp-content\/uploads\/2025\/02\/sara-mouak.jpg","width":200,"height":200},{"@type":"BreadcrumbList","@id":"https:\/\/amec.es\/articulos-de-expertos\/oportunidades-marruecos-empresas-industriales-internacionalizadas\/#breadcrumb","itemListElement":[{"@type":"ListItem","position":1,"name":"Portada","item":"https:\/\/amec.es\/ca\/home-new\/"},{"@type":"ListItem","position":2,"name":"Les oportunitats del Marroc per a les empreses industrials internacionalitzades"}]},{"@type":"WebSite","@id":"https:\/\/amec.es\/#website","url":"https:\/\/amec.es\/","name":"amec Positive Industry","description":"","publisher":{"@id":"https:\/\/amec.es\/#organization"},"potentialAction":[{"@type":"SearchAction","target":{"@type":"EntryPoint","urlTemplate":"https:\/\/amec.es\/?s={search_term_string}"},"query-input":{"@type":"PropertyValueSpecification","valueRequired":true,"valueName":"search_term_string"}}],"inLanguage":"ca"},{"@type":"Organization","@id":"https:\/\/amec.es\/#organization","name":"amec Positive Industry","url":"https:\/\/amec.es\/","logo":{"@type":"ImageObject","inLanguage":"ca","@id":"https:\/\/amec.es\/#\/schema\/logo\/image\/","url":"https:\/\/amec.es\/wp-content\/uploads\/2023\/07\/logoamec.png","contentUrl":"https:\/\/amec.es\/wp-content\/uploads\/2023\/07\/logoamec.png","width":200,"height":48,"caption":"amec Positive Industry"},"image":{"@id":"https:\/\/amec.es\/#\/schema\/logo\/image\/"}},{"@type":"Person","@id":"https:\/\/amec.es\/#\/schema\/person\/c9b7b41064d1275568618a60eaba0f33","name":"Aida Caballer","image":{"@type":"ImageObject","inLanguage":"ca","@id":"https:\/\/secure.gravatar.com\/avatar\/38f1e961156af82958cc778268f2d6af9eca42f44b1cfcccee0d3c9fed5b2c4f?s=96&d=mm&r=g","url":"https:\/\/secure.gravatar.com\/avatar\/38f1e961156af82958cc778268f2d6af9eca42f44b1cfcccee0d3c9fed5b2c4f?s=96&d=mm&r=g","contentUrl":"https:\/\/secure.gravatar.com\/avatar\/38f1e961156af82958cc778268f2d6af9eca42f44b1cfcccee0d3c9fed5b2c4f?s=96&d=mm&r=g","caption":"Aida Caballer"}}]}},"_links":{"self":[{"href":"https:\/\/amec.es\/ca\/wp-json\/wp\/v2\/posts\/28451","targetHints":{"allow":["GET"]}}],"collection":[{"href":"https:\/\/amec.es\/ca\/wp-json\/wp\/v2\/posts"}],"about":[{"href":"https:\/\/amec.es\/ca\/wp-json\/wp\/v2\/types\/post"}],"author":[{"embeddable":true,"href":"https:\/\/amec.es\/ca\/wp-json\/wp\/v2\/users\/3"}],"replies":[{"embeddable":true,"href":"https:\/\/amec.es\/ca\/wp-json\/wp\/v2\/comments?post=28451"}],"version-history":[{"count":1,"href":"https:\/\/amec.es\/ca\/wp-json\/wp\/v2\/posts\/28451\/revisions"}],"predecessor-version":[{"id":28452,"href":"https:\/\/amec.es\/ca\/wp-json\/wp\/v2\/posts\/28451\/revisions\/28452"}],"wp:featuredmedia":[{"embeddable":true,"href":"https:\/\/amec.es\/ca\/wp-json\/wp\/v2\/media\/28444"}],"wp:attachment":[{"href":"https:\/\/amec.es\/ca\/wp-json\/wp\/v2\/media?parent=28451"}],"wp:term":[{"taxonomy":"category","embeddable":true,"href":"https:\/\/amec.es\/ca\/wp-json\/wp\/v2\/categories?post=28451"},{"taxonomy":"post_tag","embeddable":true,"href":"https:\/\/amec.es\/ca\/wp-json\/wp\/v2\/tags?post=28451"}],"curies":[{"name":"wp","href":"https:\/\/api.w.org\/{rel}","templated":true}]}}