{"id":35056,"date":"2025-04-01T09:03:47","date_gmt":"2025-04-01T07:03:47","guid":{"rendered":"https:\/\/www.amec.es\/sin-categorizar\/les-oportunitats-de-lasia-central-i-el-caucas-per-a-les-empreses-industrials-internacionalitzades\/"},"modified":"2025-05-08T09:25:52","modified_gmt":"2025-05-08T07:25:52","slug":"les-oportunitats-de-lasia-central-i-el-caucas-per-a-les-empreses-industrials-internacionalitzades","status":"publish","type":"post","link":"https:\/\/amec.es\/ca\/articles-dexperts-ca\/les-oportunitats-de-lasia-central-i-el-caucas-per-a-les-empreses-industrials-internacionalitzades\/","title":{"rendered":"Les oportunitats de l&#8217;\u00c0sia Central i el Caucas per a les empreses industrials internacionalitzades"},"content":{"rendered":"\t\t<div data-elementor-type=\"wp-post\" data-elementor-id=\"35056\" class=\"elementor elementor-35056 elementor-32404\" data-elementor-post-type=\"post\">\n\t\t\t\t\t\t<section class=\"elementor-section elementor-top-section elementor-element elementor-element-ce67434 elementor-section-stretched elementor-section-boxed elementor-section-height-default elementor-section-height-default\" data-id=\"ce67434\" data-element_type=\"section\" data-e-type=\"section\" data-settings=\"{&quot;stretch_section&quot;:&quot;section-stretched&quot;,&quot;background_background&quot;:&quot;classic&quot;}\">\n\t\t\t\t\t\t<div class=\"elementor-container elementor-column-gap-default\">\n\t\t\t\t\t<div class=\"elementor-column elementor-col-100 elementor-top-column elementor-element elementor-element-4373054\" data-id=\"4373054\" data-element_type=\"column\" data-e-type=\"column\">\n\t\t\t<div class=\"elementor-widget-wrap elementor-element-populated\">\n\t\t\t\t\t\t<div class=\"elementor-element elementor-element-35ced22 elementor-widget elementor-widget-text-editor\" data-id=\"35ced22\" data-element_type=\"widget\" data-e-type=\"widget\" data-widget_type=\"text-editor.default\">\n\t\t\t\t<div class=\"elementor-widget-container\">\n\t\t\t\t\t\t\t\t\t<p>Per Adolfo Romero de Marcelo, delegat d&#8217;amec al Kazakhstan<\/p>\t\t\t\t\t\t\t\t<\/div>\n\t\t\t\t<\/div>\n\t\t\t\t<div class=\"elementor-element elementor-element-c56b86b elementor-widget elementor-widget-heading\" data-id=\"c56b86b\" data-element_type=\"widget\" data-e-type=\"widget\" data-widget_type=\"heading.default\">\n\t\t\t\t<div class=\"elementor-widget-container\">\n\t\t\t\t\t<h2 class=\"elementor-heading-title elementor-size-default\">\u00c0sia Central i Caucas, una oportunitat comercial estrat\u00e8gica davant un m\u00f3n de creixents barreres<\/h2>\t\t\t\t<\/div>\n\t\t\t\t<\/div>\n\t\t\t\t<div class=\"elementor-element elementor-element-832fd39 elementor-widget-divider--view-line elementor-widget elementor-widget-divider\" data-id=\"832fd39\" data-element_type=\"widget\" data-e-type=\"widget\" data-widget_type=\"divider.default\">\n\t\t\t\t<div class=\"elementor-widget-container\">\n\t\t\t\t\t\t\t<div class=\"elementor-divider\">\n\t\t\t<span class=\"elementor-divider-separator\">\n\t\t\t\t\t\t<\/span>\n\t\t<\/div>\n\t\t\t\t\t\t<\/div>\n\t\t\t\t<\/div>\n\t\t\t\t\t<\/div>\n\t\t<\/div>\n\t\t\t\t\t<\/div>\n\t\t<\/section>\n\t\t\t\t<section class=\"elementor-section elementor-top-section elementor-element elementor-element-1fca03a elementor-section-content-bottom elementor-section-boxed elementor-section-height-default elementor-section-height-default\" data-id=\"1fca03a\" data-element_type=\"section\" data-e-type=\"section\">\n\t\t\t\t\t\t<div class=\"elementor-container elementor-column-gap-wide\">\n\t\t\t\t\t<div class=\"elementor-column elementor-col-100 elementor-top-column elementor-element elementor-element-6db3a46\" data-id=\"6db3a46\" data-element_type=\"column\" data-e-type=\"column\">\n\t\t\t<div class=\"elementor-widget-wrap elementor-element-populated\">\n\t\t\t\t\t\t<div class=\"elementor-element elementor-element-a8a6944 elementor-widget elementor-widget-text-editor\" data-id=\"a8a6944\" data-element_type=\"widget\" data-e-type=\"widget\" data-widget_type=\"text-editor.default\">\n\t\t\t\t<div class=\"elementor-widget-container\">\n\t\t\t\t\t\t\t\t\t1 d&#8217;abril de 2025\t\t\t\t\t\t\t\t<\/div>\n\t\t\t\t<\/div>\n\t\t\t\t<div class=\"elementor-element elementor-element-1f842d65 elementor-widget elementor-widget-text-editor\" data-id=\"1f842d65\" data-element_type=\"widget\" data-e-type=\"widget\" data-widget_type=\"text-editor.default\">\n\t\t\t\t<div class=\"elementor-widget-container\">\n\t\t\t\t\t\t\t\t\t<p>S\u00f3n moltes les empreses que acudeixen a nosaltres amb el temor i el dubte a l&#8217;hora d&#8217;enfrontar-se a l&#8217;obertura dels mercats de l&#8217;\u00c0sia Central i del Caucas, especialment des de l&#8217;inici de la guerra entre R\u00fassia i Ucra\u00efna. Quina \u00e9s la seva sorpresa quan la nostra resposta \u00e9s totalment oposada a all\u00f2 que poden esperar en la majoria dels casos. I \u00e9s que aquest conflicte ha generat un canvi \u201cpositiu\u201d a l&#8217;epicentre dels negocis als mercats CEI, dispersant el lideratge de R\u00fassia a la regi\u00f3, en favor d&#8217;aquests pa\u00efsos del seu entorn, generant aix\u00ed m\u00faltiples oportunitats des de comen\u00e7aments de l&#8217;any 2022. \u00c9s evident que ning\u00fa desitja una guerra, per\u00f2 la realitat \u00e9s que aquest desafortunat esdeveniment ha posicionat a la regi\u00f3 de organismes, institucions, grans empreses i l\u00edders pol\u00edtics de la gran majoria dels pa\u00efsos a nivell global, per la import\u00e0ncia geoestrat\u00e8gica i econ\u00f2mica.   <\/p><p>Les raons s\u00f3n les seg\u00fcents: en un context d&#8217;escassetat energ\u00e8tica, creixent proteccionisme i disputes comercials, els pa\u00efsos de l&#8217;\u00c0sia Central i el Caucas (Kazakhstan, Uzbekistan, Kirguistan, Tadjikistan, Turkmenistan, Ge\u00f2rgia, Azerbaidjan i Arm\u00e8nia) es consoliden com una alternativa estrat\u00e8gica. A m\u00e9s, amb un creixement econ\u00f2mic sostingut per sobre del 5% anual, aquests freq\u00fcentment desconeguts mercats ofereixen estabilitat, dinamisme i acc\u00e9s a recursos clau en un moment en qu\u00e8 les relacions comercials amb mercats com els EE. UU. es veuen afectades per amenaces aranzel\u00e0ries i regulacions cada cop m\u00e9s estrictes. Finalment, els acords preferencials dels pa\u00efsos del Caucas i centreasi\u00e0tics amb la Uni\u00f3 Europea, aix\u00ed com les constants millores en les infraestructures de transport, faciliten un flux comercial m\u00e9s \u00e0gil que abans, reduint costos i burocr\u00e0cia per a les empreses que busquen diversificar els seus socis estrat\u00e8gics.  <\/p><p>A nivell geoestrat\u00e8gic hem de considerar altres aspectes clau. Un dels sectors m\u00e9s afectats per les tensions comercials actuals \u00e9s l&#8217;energ\u00e8tic, que despr\u00e9s del conflicte russo-ucra\u00efn\u00e8s ha elevat significativament els costos per al consumidor europeu. En aquest escenari, els pa\u00efsos de l&#8217;\u00c0sia Central i el Caucas representen una oportunitat per optimitzar l&#8217;abastament d&#8217;energia i primeres mat\u00e8ries, permetent als estats europeus reduir la seva depend\u00e8ncia de mercats vol\u00e0tils i garantir preus m\u00e9s competitius a llarg termini. Aquest aspecte no ha passat desapercebut per als dirigents europeus interessats a establir acords bilaterals i multilaterals de subministrament d&#8217;hidrocarburs, minerals, primeres mat\u00e8ries cr\u00edtiques i terres rares.   <\/p><p>A l&#8217;\u00e0mbit de la conveni\u00e8ncia de fer negocis a la zona, \u00c0sia Central i Caucas representen una gran oportunitat, especialment per al sector industrial espanyol atesa l&#8217;actual etapa d&#8217;expansi\u00f3 i modernitzaci\u00f3 que experimenten aquestes economies. Alguns dels subsectors que ostenten m\u00e9s potencial a la regi\u00f3 s\u00f3n: <\/p><ul><li>L&#8217;energia tradicional amb molts projectes vinculats a aquest camp a causa dels seus abundants jaciments d&#8217;hidrocarburs;<\/li><li>Les energies renovables;<\/li><li>La ind\u00fastria minera, amb grans reserves de metalls i minerals estrat\u00e8gics (a m\u00e9s de terres rares i cr\u00edtics);<\/li><li>L&#8217;agricultura, en ple boom a pa\u00efsos com Uzbekistan o Kazakhstan;<\/li><li>El sector manufacturer, impulsat per baixos costos de producci\u00f3 i un entorn favorable per a la inversi\u00f3 estrangera;<\/li><li>I les infraestructures de transport, aig\u00fces i gesti\u00f3 de residus.<\/li><\/ul><p> <\/p><p>A nivell estad\u00edstic, les exportacions industrials representen el major sector importat per \u00c0sia Central per davant del consum, agroalimentari i begudes. El 2018, el valor total de les exportacions industrials espanyoles a la regi\u00f3 va ser de 150 milions d&#8217;euros, augmentant progressivament fins a assolir els 200 milions d&#8217;euros el 2024. Dins d&#8217;aquestes exportacions, els principals productes van ser la maquin\u00e0ria i equips mec\u00e0nics (40% del total, amb un valor de 80 milions d&#8217;euros), qu\u00edmics (25 (15%, amb 30 milions d?euros). Dentre els pa\u00efsos que componen \u00c0sia Central, Kazakhstan es posiciona com el principal receptor de maquin\u00e0ria industrial espanyola, amb importacions per valor de 50 milions d&#8217;euros, seguit d&#8217;Uzbekistan (20 milions d&#8217;euros), Turkmenistan (10 milions d&#8217;euros), Kirguizistan (8 milions d&#8217;euros) i Tadjikistan (7 milions d&#8217;euros).   <\/p><p>Pel que fa a la regi\u00f3 del Caucas (Azerbaidjan, Ge\u00f2rgia i Arm\u00e8nia), l&#8217;evoluci\u00f3 de les exportacions industrials tamb\u00e9 mostra una tend\u00e8ncia positiva, passant de 100 milions d&#8217;euros el 2018 a 140 milions d&#8217;euros el 2024. Els productes m\u00e9s exportats inclouen maquin\u00e0ria i equips mec\u00e0nics (43% del total, amb 50,5 euros) i material el\u00e8ctric (14% amb 20 milions d&#8217;euros). Azerbaidjan lidera la importaci\u00f3 de maquin\u00e0ria industrial espanyola a la regi\u00f3 cauc\u00e0sica, amb compres per valor de 35 milions d&#8217;euros, seguit de Ge\u00f2rgia (15 milions d&#8217;euros), i Arm\u00e8nia (10 milions d&#8217;euros). Aquests pa\u00efsos han experimentat un increment en la demanda de maquin\u00e0ria industrial a causa del desenvolupament de la seva infraestructura i modernitzaci\u00f3 del sector manufacturer. A m\u00e9s, la creixent cooperaci\u00f3 comercial i les bones relacions diplom\u00e0tiques entre Espanya i els pa\u00efsos del Caucas ha facilitat un flux m\u00e9s gran de b\u00e9ns industrials, beneficiant els dos mercats.    <\/p><p>D&#8217;altra banda, \u00e9s important destacar el desenvolupament progressiu de la ruta de transport que uneix Europa i \u00c0sia a trav\u00e9s del Trans-Caspian Transport Corridor. Aquesta ruta no nom\u00e9s redueix temps i costos de transport, sin\u00f3 que tamb\u00e9 enforteix la competitivitat de la regi\u00f3 com a corredor comercial alternatiu a les rutes tradicionals que travessen R\u00fassia o Iran. A mesura que les infraestructures milloren i el comer\u00e7 amb la regi\u00f3 segueix en expansi\u00f3, les empreses que apostin per aquests mercats estaran millor posicionades per enfrontar els desafiaments globals i consolidar el seu lideratge al comer\u00e7 internacional.  <\/p><p>En definitiva, \u00c0sia Central i Caucas s\u00f3n opcions segures i consolidades per a un m\u00f3n on les dificultats comercials i les tensions geopol\u00edtiques s\u00f3n cada cop m\u00e9s freq\u00fcents. Els temps actuals empenyen les empreses exportadores a endinsar-se en nous mercats, a priori complexos i desconeguts, per\u00f2 que donen infinitat d&#8217;oportunitats i on sovint trobaran menor compet\u00e8ncia. \u00c9s una aposta que sens dubte tindr\u00e0 un retorn positiu.  <\/p>\t\t\t\t\t\t\t\t<\/div>\n\t\t\t\t<\/div>\n\t\t\t\t<div class=\"elementor-element elementor-element-114e0c0 elementor-widget elementor-widget-spacer\" data-id=\"114e0c0\" data-element_type=\"widget\" data-e-type=\"widget\" data-widget_type=\"spacer.default\">\n\t\t\t\t<div class=\"elementor-widget-container\">\n\t\t\t\t\t\t\t<div class=\"elementor-spacer\">\n\t\t\t<div class=\"elementor-spacer-inner\"><\/div>\n\t\t<\/div>\n\t\t\t\t\t\t<\/div>\n\t\t\t\t<\/div>\n\t\t\t\t\t<\/div>\n\t\t<\/div>\n\t\t\t\t\t<\/div>\n\t\t<\/section>\n\t\t\t\t<section class=\"elementor-section elementor-top-section elementor-element elementor-element-59b5769 elementor-section-boxed elementor-section-height-default elementor-section-height-default\" data-id=\"59b5769\" data-element_type=\"section\" data-e-type=\"section\">\n\t\t\t\t\t\t<div class=\"elementor-container elementor-column-gap-default\">\n\t\t\t\t\t<div class=\"elementor-column elementor-col-100 elementor-top-column elementor-element elementor-element-9a1c4af\" data-id=\"9a1c4af\" data-element_type=\"column\" data-e-type=\"column\">\n\t\t\t<div class=\"elementor-widget-wrap elementor-element-populated\">\n\t\t\t\t\t\t<div class=\"elementor-element elementor-element-a5b0e39 elementor-widget elementor-widget-spacer\" data-id=\"a5b0e39\" data-element_type=\"widget\" data-e-type=\"widget\" data-widget_type=\"spacer.default\">\n\t\t\t\t<div class=\"elementor-widget-container\">\n\t\t\t\t\t\t\t<div class=\"elementor-spacer\">\n\t\t\t<div class=\"elementor-spacer-inner\"><\/div>\n\t\t<\/div>\n\t\t\t\t\t\t<\/div>\n\t\t\t\t<\/div>\n\t\t\t\t<div class=\"elementor-element elementor-element-3210ca2 elementor-widget-divider--view-line elementor-widget elementor-widget-divider\" data-id=\"3210ca2\" data-element_type=\"widget\" data-e-type=\"widget\" data-widget_type=\"divider.default\">\n\t\t\t\t<div class=\"elementor-widget-container\">\n\t\t\t\t\t\t\t<div class=\"elementor-divider\">\n\t\t\t<span class=\"elementor-divider-separator\">\n\t\t\t\t\t\t<\/span>\n\t\t<\/div>\n\t\t\t\t\t\t<\/div>\n\t\t\t\t<\/div>\n\t\t\t\t<div class=\"elementor-element elementor-element-1db8dd3 elementor-widget elementor-widget-image\" data-id=\"1db8dd3\" data-element_type=\"widget\" data-e-type=\"widget\" data-widget_type=\"image.default\">\n\t\t\t\t<div class=\"elementor-widget-container\">\n\t\t\t\t\t\t\t\t\t\t\t\t\t\t\t<img fetchpriority=\"high\" decoding=\"async\" width=\"755\" height=\"1024\" src=\"https:\/\/amec.es\/wp-content\/uploads\/2025\/04\/Delegat-Kazakhstan-755x1024.png\" class=\"attachment-large size-large wp-image-32568\" alt=\"\" srcset=\"https:\/\/amec.es\/wp-content\/uploads\/2025\/04\/Delegat-Kazakhstan-755x1024.png 755w, https:\/\/amec.es\/wp-content\/uploads\/2025\/04\/Delegat-Kazakhstan-221x300.png 221w, https:\/\/amec.es\/wp-content\/uploads\/2025\/04\/Delegat-Kazakhstan-768x1042.png 768w, https:\/\/amec.es\/wp-content\/uploads\/2025\/04\/Delegat-Kazakhstan-600x814.png 600w, https:\/\/amec.es\/wp-content\/uploads\/2025\/04\/Delegat-Kazakhstan.png 1124w\" sizes=\"(max-width: 755px) 100vw, 755px\" \/>\t\t\t\t\t\t\t\t\t\t\t\t\t\t\t<\/div>\n\t\t\t\t<\/div>\n\t\t\t\t<div class=\"elementor-element elementor-element-dc04cb6 elementor-widget elementor-widget-text-editor\" data-id=\"dc04cb6\" data-element_type=\"widget\" data-e-type=\"widget\" data-widget_type=\"text-editor.default\">\n\t\t\t\t<div class=\"elementor-widget-container\">\n\t\t\t\t\t\t\t\t\t<p>Adolfo Romero de Marcelo, delegat d&#8217;amec al Kazakhstan<\/p>\t\t\t\t\t\t\t\t<\/div>\n\t\t\t\t<\/div>\n\t\t\t\t<div class=\"elementor-element elementor-element-3c08630 elementor-widget elementor-widget-spacer\" data-id=\"3c08630\" data-element_type=\"widget\" data-e-type=\"widget\" data-widget_type=\"spacer.default\">\n\t\t\t\t<div class=\"elementor-widget-container\">\n\t\t\t\t\t\t\t<div class=\"elementor-spacer\">\n\t\t\t<div class=\"elementor-spacer-inner\"><\/div>\n\t\t<\/div>\n\t\t\t\t\t\t<\/div>\n\t\t\t\t<\/div>\n\t\t\t\t\t<\/div>\n\t\t<\/div>\n\t\t\t\t\t<\/div>\n\t\t<\/section>\n\t\t\t\t<\/div>\n\t\t","protected":false},"excerpt":{"rendered":"<p>Per Adolfo Romero de Marcelo, delegat d&#8217;amec al Kazakhstan \u00c0sia Central i Caucas, una oportunitat comercial estrat\u00e8gica davant un m\u00f3n de creixents barreres S\u00f3n moltes les empreses que acudeixen a nosaltres amb el temor i el dubte a l&#8217;hora d&#8217;enfrontar-se a l&#8217;obertura dels mercats de l&#8217;\u00c0sia Central i del Caucas, especialment des de l&#8217;inici de [&hellip;]<\/p>\n","protected":false},"author":3,"featured_media":32568,"comment_status":"closed","ping_status":"closed","sticky":false,"template":"elementor_header_footer","format":"standard","meta":{"inline_featured_image":false,"footnotes":""},"categories":[234],"tags":[],"class_list":["post-35056","post","type-post","status-publish","format-standard","has-post-thumbnail","hentry","category-articles-dexperts-ca"],"yoast_head":"<!-- This site is optimized with the Yoast SEO plugin v27.3 - https:\/\/yoast.com\/product\/yoast-seo-wordpress\/ -->\n<title>Les oportunitats de l&#039;\u00c0sia Central i el Caucas per a les empreses industrials internacionalitzades | amec Positive Industry<\/title>\n<meta name=\"robots\" content=\"index, follow, max-snippet:-1, max-image-preview:large, max-video-preview:-1\" \/>\n<link rel=\"canonical\" href=\"https:\/\/amec.es\/ca\/articles-dexperts-ca\/les-oportunitats-de-lasia-central-i-el-caucas-per-a-les-empreses-industrials-internacionalitzades\/\" \/>\n<meta property=\"og:locale\" content=\"ca_ES\" \/>\n<meta property=\"og:type\" content=\"article\" \/>\n<meta property=\"og:title\" content=\"Les oportunitats de l&#039;\u00c0sia Central i el Caucas per a les empreses industrials internacionalitzades | amec Positive Industry\" \/>\n<meta property=\"og:description\" content=\"Per Adolfo Romero de Marcelo, delegat d&#8217;amec al Kazakhstan \u00c0sia Central i Caucas, una oportunitat comercial estrat\u00e8gica davant un m\u00f3n de creixents barreres S\u00f3n moltes les empreses que acudeixen a nosaltres amb el temor i el dubte a l&#8217;hora d&#8217;enfrontar-se a l&#8217;obertura dels mercats de l&#8217;\u00c0sia Central i del Caucas, especialment des de l&#8217;inici de [&hellip;]\" \/>\n<meta property=\"og:url\" content=\"https:\/\/amec.es\/ca\/articles-dexperts-ca\/les-oportunitats-de-lasia-central-i-el-caucas-per-a-les-empreses-industrials-internacionalitzades\/\" \/>\n<meta property=\"og:site_name\" content=\"amec Positive Industry\" \/>\n<meta property=\"article:published_time\" content=\"2025-04-01T07:03:47+00:00\" \/>\n<meta property=\"article:modified_time\" content=\"2025-05-08T07:25:52+00:00\" \/>\n<meta property=\"og:image\" content=\"https:\/\/amec.es\/wp-content\/uploads\/2025\/04\/Delegat-Kazakhstan-755x1024.png\" \/>\n\t<meta property=\"og:image:width\" content=\"755\" \/>\n\t<meta property=\"og:image:height\" content=\"1024\" \/>\n\t<meta property=\"og:image:type\" content=\"image\/png\" \/>\n<meta name=\"author\" content=\"Aida Caballer\" \/>\n<meta name=\"twitter:card\" content=\"summary_large_image\" \/>\n<meta name=\"twitter:label1\" content=\"Escrit per\" \/>\n\t<meta name=\"twitter:data1\" content=\"Aida Caballer\" \/>\n\t<meta name=\"twitter:label2\" content=\"Temps estimat de lectura\" \/>\n\t<meta name=\"twitter:data2\" content=\"5 minuts\" \/>\n<script type=\"application\/ld+json\" class=\"yoast-schema-graph\">{\"@context\":\"https:\\\/\\\/schema.org\",\"@graph\":[{\"@type\":\"Article\",\"@id\":\"https:\\\/\\\/amec.es\\\/ca\\\/articles-dexperts-ca\\\/les-oportunitats-de-lasia-central-i-el-caucas-per-a-les-empreses-industrials-internacionalitzades\\\/#article\",\"isPartOf\":{\"@id\":\"https:\\\/\\\/amec.es\\\/ca\\\/articles-dexperts-ca\\\/les-oportunitats-de-lasia-central-i-el-caucas-per-a-les-empreses-industrials-internacionalitzades\\\/\"},\"author\":{\"name\":\"Aida Caballer\",\"@id\":\"https:\\\/\\\/amec.es\\\/#\\\/schema\\\/person\\\/c9b7b41064d1275568618a60eaba0f33\"},\"headline\":\"Les oportunitats de l&#8217;\u00c0sia Central i el Caucas per a les empreses industrials internacionalitzades\",\"datePublished\":\"2025-04-01T07:03:47+00:00\",\"dateModified\":\"2025-05-08T07:25:52+00:00\",\"mainEntityOfPage\":{\"@id\":\"https:\\\/\\\/amec.es\\\/ca\\\/articles-dexperts-ca\\\/les-oportunitats-de-lasia-central-i-el-caucas-per-a-les-empreses-industrials-internacionalitzades\\\/\"},\"wordCount\":1085,\"publisher\":{\"@id\":\"https:\\\/\\\/amec.es\\\/#organization\"},\"image\":{\"@id\":\"https:\\\/\\\/amec.es\\\/ca\\\/articles-dexperts-ca\\\/les-oportunitats-de-lasia-central-i-el-caucas-per-a-les-empreses-industrials-internacionalitzades\\\/#primaryimage\"},\"thumbnailUrl\":\"https:\\\/\\\/amec.es\\\/wp-content\\\/uploads\\\/2025\\\/04\\\/Delegat-Kazakhstan.png\",\"articleSection\":[\"Articles d'experts\"],\"inLanguage\":\"ca\"},{\"@type\":\"WebPage\",\"@id\":\"https:\\\/\\\/amec.es\\\/ca\\\/articles-dexperts-ca\\\/les-oportunitats-de-lasia-central-i-el-caucas-per-a-les-empreses-industrials-internacionalitzades\\\/\",\"url\":\"https:\\\/\\\/amec.es\\\/ca\\\/articles-dexperts-ca\\\/les-oportunitats-de-lasia-central-i-el-caucas-per-a-les-empreses-industrials-internacionalitzades\\\/\",\"name\":\"Les oportunitats de l'\u00c0sia Central i el Caucas per a les empreses industrials internacionalitzades | amec Positive Industry\",\"isPartOf\":{\"@id\":\"https:\\\/\\\/amec.es\\\/#website\"},\"primaryImageOfPage\":{\"@id\":\"https:\\\/\\\/amec.es\\\/ca\\\/articles-dexperts-ca\\\/les-oportunitats-de-lasia-central-i-el-caucas-per-a-les-empreses-industrials-internacionalitzades\\\/#primaryimage\"},\"image\":{\"@id\":\"https:\\\/\\\/amec.es\\\/ca\\\/articles-dexperts-ca\\\/les-oportunitats-de-lasia-central-i-el-caucas-per-a-les-empreses-industrials-internacionalitzades\\\/#primaryimage\"},\"thumbnailUrl\":\"https:\\\/\\\/amec.es\\\/wp-content\\\/uploads\\\/2025\\\/04\\\/Delegat-Kazakhstan.png\",\"datePublished\":\"2025-04-01T07:03:47+00:00\",\"dateModified\":\"2025-05-08T07:25:52+00:00\",\"breadcrumb\":{\"@id\":\"https:\\\/\\\/amec.es\\\/ca\\\/articles-dexperts-ca\\\/les-oportunitats-de-lasia-central-i-el-caucas-per-a-les-empreses-industrials-internacionalitzades\\\/#breadcrumb\"},\"inLanguage\":\"ca\",\"potentialAction\":[{\"@type\":\"ReadAction\",\"target\":[\"https:\\\/\\\/amec.es\\\/ca\\\/articles-dexperts-ca\\\/les-oportunitats-de-lasia-central-i-el-caucas-per-a-les-empreses-industrials-internacionalitzades\\\/\"]}]},{\"@type\":\"ImageObject\",\"inLanguage\":\"ca\",\"@id\":\"https:\\\/\\\/amec.es\\\/ca\\\/articles-dexperts-ca\\\/les-oportunitats-de-lasia-central-i-el-caucas-per-a-les-empreses-industrials-internacionalitzades\\\/#primaryimage\",\"url\":\"https:\\\/\\\/amec.es\\\/wp-content\\\/uploads\\\/2025\\\/04\\\/Delegat-Kazakhstan.png\",\"contentUrl\":\"https:\\\/\\\/amec.es\\\/wp-content\\\/uploads\\\/2025\\\/04\\\/Delegat-Kazakhstan.png\",\"width\":1124,\"height\":1525},{\"@type\":\"BreadcrumbList\",\"@id\":\"https:\\\/\\\/amec.es\\\/ca\\\/articles-dexperts-ca\\\/les-oportunitats-de-lasia-central-i-el-caucas-per-a-les-empreses-industrials-internacionalitzades\\\/#breadcrumb\",\"itemListElement\":[{\"@type\":\"ListItem\",\"position\":1,\"name\":\"Portada\",\"item\":\"https:\\\/\\\/amec.es\\\/ca\\\/home-new\\\/\"},{\"@type\":\"ListItem\",\"position\":2,\"name\":\"Les oportunitats de l&#8217;\u00c0sia Central i el Caucas per a les empreses industrials internacionalitzades\"}]},{\"@type\":\"WebSite\",\"@id\":\"https:\\\/\\\/amec.es\\\/#website\",\"url\":\"https:\\\/\\\/amec.es\\\/\",\"name\":\"amec Positive Industry\",\"description\":\"\",\"publisher\":{\"@id\":\"https:\\\/\\\/amec.es\\\/#organization\"},\"potentialAction\":[{\"@type\":\"SearchAction\",\"target\":{\"@type\":\"EntryPoint\",\"urlTemplate\":\"https:\\\/\\\/amec.es\\\/?s={search_term_string}\"},\"query-input\":{\"@type\":\"PropertyValueSpecification\",\"valueRequired\":true,\"valueName\":\"search_term_string\"}}],\"inLanguage\":\"ca\"},{\"@type\":\"Organization\",\"@id\":\"https:\\\/\\\/amec.es\\\/#organization\",\"name\":\"amec Positive Industry\",\"url\":\"https:\\\/\\\/amec.es\\\/\",\"logo\":{\"@type\":\"ImageObject\",\"inLanguage\":\"ca\",\"@id\":\"https:\\\/\\\/amec.es\\\/#\\\/schema\\\/logo\\\/image\\\/\",\"url\":\"https:\\\/\\\/amec.es\\\/wp-content\\\/uploads\\\/2023\\\/07\\\/logoamec.png\",\"contentUrl\":\"https:\\\/\\\/amec.es\\\/wp-content\\\/uploads\\\/2023\\\/07\\\/logoamec.png\",\"width\":200,\"height\":48,\"caption\":\"amec Positive Industry\"},\"image\":{\"@id\":\"https:\\\/\\\/amec.es\\\/#\\\/schema\\\/logo\\\/image\\\/\"}},{\"@type\":\"Person\",\"@id\":\"https:\\\/\\\/amec.es\\\/#\\\/schema\\\/person\\\/c9b7b41064d1275568618a60eaba0f33\",\"name\":\"Aida Caballer\",\"image\":{\"@type\":\"ImageObject\",\"inLanguage\":\"ca\",\"@id\":\"https:\\\/\\\/secure.gravatar.com\\\/avatar\\\/38f1e961156af82958cc778268f2d6af9eca42f44b1cfcccee0d3c9fed5b2c4f?s=96&d=mm&r=g\",\"url\":\"https:\\\/\\\/secure.gravatar.com\\\/avatar\\\/38f1e961156af82958cc778268f2d6af9eca42f44b1cfcccee0d3c9fed5b2c4f?s=96&d=mm&r=g\",\"contentUrl\":\"https:\\\/\\\/secure.gravatar.com\\\/avatar\\\/38f1e961156af82958cc778268f2d6af9eca42f44b1cfcccee0d3c9fed5b2c4f?s=96&d=mm&r=g\",\"caption\":\"Aida Caballer\"}}]}<\/script>\n<!-- \/ Yoast SEO plugin. -->","yoast_head_json":{"title":"Les oportunitats de l'\u00c0sia Central i el Caucas per a les empreses industrials internacionalitzades | amec Positive Industry","robots":{"index":"index","follow":"follow","max-snippet":"max-snippet:-1","max-image-preview":"max-image-preview:large","max-video-preview":"max-video-preview:-1"},"canonical":"https:\/\/amec.es\/ca\/articles-dexperts-ca\/les-oportunitats-de-lasia-central-i-el-caucas-per-a-les-empreses-industrials-internacionalitzades\/","og_locale":"ca_ES","og_type":"article","og_title":"Les oportunitats de l'\u00c0sia Central i el Caucas per a les empreses industrials internacionalitzades | amec Positive Industry","og_description":"Per Adolfo Romero de Marcelo, delegat d&#8217;amec al Kazakhstan \u00c0sia Central i Caucas, una oportunitat comercial estrat\u00e8gica davant un m\u00f3n de creixents barreres S\u00f3n moltes les empreses que acudeixen a nosaltres amb el temor i el dubte a l&#8217;hora d&#8217;enfrontar-se a l&#8217;obertura dels mercats de l&#8217;\u00c0sia Central i del Caucas, especialment des de l&#8217;inici de [&hellip;]","og_url":"https:\/\/amec.es\/ca\/articles-dexperts-ca\/les-oportunitats-de-lasia-central-i-el-caucas-per-a-les-empreses-industrials-internacionalitzades\/","og_site_name":"amec Positive Industry","article_published_time":"2025-04-01T07:03:47+00:00","article_modified_time":"2025-05-08T07:25:52+00:00","og_image":[{"width":755,"height":1024,"url":"https:\/\/amec.es\/wp-content\/uploads\/2025\/04\/Delegat-Kazakhstan-755x1024.png","type":"image\/png"}],"author":"Aida Caballer","twitter_card":"summary_large_image","twitter_misc":{"Escrit per":"Aida Caballer","Temps estimat de lectura":"5 minuts"},"schema":{"@context":"https:\/\/schema.org","@graph":[{"@type":"Article","@id":"https:\/\/amec.es\/ca\/articles-dexperts-ca\/les-oportunitats-de-lasia-central-i-el-caucas-per-a-les-empreses-industrials-internacionalitzades\/#article","isPartOf":{"@id":"https:\/\/amec.es\/ca\/articles-dexperts-ca\/les-oportunitats-de-lasia-central-i-el-caucas-per-a-les-empreses-industrials-internacionalitzades\/"},"author":{"name":"Aida Caballer","@id":"https:\/\/amec.es\/#\/schema\/person\/c9b7b41064d1275568618a60eaba0f33"},"headline":"Les oportunitats de l&#8217;\u00c0sia Central i el Caucas per a les empreses industrials internacionalitzades","datePublished":"2025-04-01T07:03:47+00:00","dateModified":"2025-05-08T07:25:52+00:00","mainEntityOfPage":{"@id":"https:\/\/amec.es\/ca\/articles-dexperts-ca\/les-oportunitats-de-lasia-central-i-el-caucas-per-a-les-empreses-industrials-internacionalitzades\/"},"wordCount":1085,"publisher":{"@id":"https:\/\/amec.es\/#organization"},"image":{"@id":"https:\/\/amec.es\/ca\/articles-dexperts-ca\/les-oportunitats-de-lasia-central-i-el-caucas-per-a-les-empreses-industrials-internacionalitzades\/#primaryimage"},"thumbnailUrl":"https:\/\/amec.es\/wp-content\/uploads\/2025\/04\/Delegat-Kazakhstan.png","articleSection":["Articles d'experts"],"inLanguage":"ca"},{"@type":"WebPage","@id":"https:\/\/amec.es\/ca\/articles-dexperts-ca\/les-oportunitats-de-lasia-central-i-el-caucas-per-a-les-empreses-industrials-internacionalitzades\/","url":"https:\/\/amec.es\/ca\/articles-dexperts-ca\/les-oportunitats-de-lasia-central-i-el-caucas-per-a-les-empreses-industrials-internacionalitzades\/","name":"Les oportunitats de l'\u00c0sia Central i el Caucas per a les empreses industrials internacionalitzades | amec Positive Industry","isPartOf":{"@id":"https:\/\/amec.es\/#website"},"primaryImageOfPage":{"@id":"https:\/\/amec.es\/ca\/articles-dexperts-ca\/les-oportunitats-de-lasia-central-i-el-caucas-per-a-les-empreses-industrials-internacionalitzades\/#primaryimage"},"image":{"@id":"https:\/\/amec.es\/ca\/articles-dexperts-ca\/les-oportunitats-de-lasia-central-i-el-caucas-per-a-les-empreses-industrials-internacionalitzades\/#primaryimage"},"thumbnailUrl":"https:\/\/amec.es\/wp-content\/uploads\/2025\/04\/Delegat-Kazakhstan.png","datePublished":"2025-04-01T07:03:47+00:00","dateModified":"2025-05-08T07:25:52+00:00","breadcrumb":{"@id":"https:\/\/amec.es\/ca\/articles-dexperts-ca\/les-oportunitats-de-lasia-central-i-el-caucas-per-a-les-empreses-industrials-internacionalitzades\/#breadcrumb"},"inLanguage":"ca","potentialAction":[{"@type":"ReadAction","target":["https:\/\/amec.es\/ca\/articles-dexperts-ca\/les-oportunitats-de-lasia-central-i-el-caucas-per-a-les-empreses-industrials-internacionalitzades\/"]}]},{"@type":"ImageObject","inLanguage":"ca","@id":"https:\/\/amec.es\/ca\/articles-dexperts-ca\/les-oportunitats-de-lasia-central-i-el-caucas-per-a-les-empreses-industrials-internacionalitzades\/#primaryimage","url":"https:\/\/amec.es\/wp-content\/uploads\/2025\/04\/Delegat-Kazakhstan.png","contentUrl":"https:\/\/amec.es\/wp-content\/uploads\/2025\/04\/Delegat-Kazakhstan.png","width":1124,"height":1525},{"@type":"BreadcrumbList","@id":"https:\/\/amec.es\/ca\/articles-dexperts-ca\/les-oportunitats-de-lasia-central-i-el-caucas-per-a-les-empreses-industrials-internacionalitzades\/#breadcrumb","itemListElement":[{"@type":"ListItem","position":1,"name":"Portada","item":"https:\/\/amec.es\/ca\/home-new\/"},{"@type":"ListItem","position":2,"name":"Les oportunitats de l&#8217;\u00c0sia Central i el Caucas per a les empreses industrials internacionalitzades"}]},{"@type":"WebSite","@id":"https:\/\/amec.es\/#website","url":"https:\/\/amec.es\/","name":"amec Positive Industry","description":"","publisher":{"@id":"https:\/\/amec.es\/#organization"},"potentialAction":[{"@type":"SearchAction","target":{"@type":"EntryPoint","urlTemplate":"https:\/\/amec.es\/?s={search_term_string}"},"query-input":{"@type":"PropertyValueSpecification","valueRequired":true,"valueName":"search_term_string"}}],"inLanguage":"ca"},{"@type":"Organization","@id":"https:\/\/amec.es\/#organization","name":"amec Positive Industry","url":"https:\/\/amec.es\/","logo":{"@type":"ImageObject","inLanguage":"ca","@id":"https:\/\/amec.es\/#\/schema\/logo\/image\/","url":"https:\/\/amec.es\/wp-content\/uploads\/2023\/07\/logoamec.png","contentUrl":"https:\/\/amec.es\/wp-content\/uploads\/2023\/07\/logoamec.png","width":200,"height":48,"caption":"amec Positive Industry"},"image":{"@id":"https:\/\/amec.es\/#\/schema\/logo\/image\/"}},{"@type":"Person","@id":"https:\/\/amec.es\/#\/schema\/person\/c9b7b41064d1275568618a60eaba0f33","name":"Aida Caballer","image":{"@type":"ImageObject","inLanguage":"ca","@id":"https:\/\/secure.gravatar.com\/avatar\/38f1e961156af82958cc778268f2d6af9eca42f44b1cfcccee0d3c9fed5b2c4f?s=96&d=mm&r=g","url":"https:\/\/secure.gravatar.com\/avatar\/38f1e961156af82958cc778268f2d6af9eca42f44b1cfcccee0d3c9fed5b2c4f?s=96&d=mm&r=g","contentUrl":"https:\/\/secure.gravatar.com\/avatar\/38f1e961156af82958cc778268f2d6af9eca42f44b1cfcccee0d3c9fed5b2c4f?s=96&d=mm&r=g","caption":"Aida Caballer"}}]}},"_links":{"self":[{"href":"https:\/\/amec.es\/ca\/wp-json\/wp\/v2\/posts\/35056","targetHints":{"allow":["GET"]}}],"collection":[{"href":"https:\/\/amec.es\/ca\/wp-json\/wp\/v2\/posts"}],"about":[{"href":"https:\/\/amec.es\/ca\/wp-json\/wp\/v2\/types\/post"}],"author":[{"embeddable":true,"href":"https:\/\/amec.es\/ca\/wp-json\/wp\/v2\/users\/3"}],"replies":[{"embeddable":true,"href":"https:\/\/amec.es\/ca\/wp-json\/wp\/v2\/comments?post=35056"}],"version-history":[{"count":1,"href":"https:\/\/amec.es\/ca\/wp-json\/wp\/v2\/posts\/35056\/revisions"}],"predecessor-version":[{"id":35057,"href":"https:\/\/amec.es\/ca\/wp-json\/wp\/v2\/posts\/35056\/revisions\/35057"}],"wp:featuredmedia":[{"embeddable":true,"href":"https:\/\/amec.es\/ca\/wp-json\/wp\/v2\/media\/32568"}],"wp:attachment":[{"href":"https:\/\/amec.es\/ca\/wp-json\/wp\/v2\/media?parent=35056"}],"wp:term":[{"taxonomy":"category","embeddable":true,"href":"https:\/\/amec.es\/ca\/wp-json\/wp\/v2\/categories?post=35056"},{"taxonomy":"post_tag","embeddable":true,"href":"https:\/\/amec.es\/ca\/wp-json\/wp\/v2\/tags?post=35056"}],"curies":[{"name":"wp","href":"https:\/\/api.w.org\/{rel}","templated":true}]}}