{"id":35058,"date":"2025-04-01T08:56:12","date_gmt":"2025-04-01T06:56:12","guid":{"rendered":"https:\/\/www.amec.es\/sin-categorizar\/les-oportunitats-de-romania-per-a-les-empreses-industrials-internacionalitzades\/"},"modified":"2025-05-08T09:28:10","modified_gmt":"2025-05-08T07:28:10","slug":"les-oportunitats-de-romania-per-a-les-empreses-industrials-internacionalitzades","status":"publish","type":"post","link":"https:\/\/amec.es\/ca\/articles-dexperts-ca\/les-oportunitats-de-romania-per-a-les-empreses-industrials-internacionalitzades\/","title":{"rendered":"Les oportunitats de Romania per a les empreses industrials internacionalitzades"},"content":{"rendered":"\t\t<div data-elementor-type=\"wp-post\" data-elementor-id=\"35058\" class=\"elementor elementor-35058 elementor-32396\" data-elementor-post-type=\"post\">\n\t\t\t\t\t\t<section class=\"elementor-section elementor-top-section elementor-element elementor-element-ce67434 elementor-section-stretched elementor-section-boxed elementor-section-height-default elementor-section-height-default\" data-id=\"ce67434\" data-element_type=\"section\" data-e-type=\"section\" data-settings=\"{&quot;stretch_section&quot;:&quot;section-stretched&quot;,&quot;background_background&quot;:&quot;classic&quot;}\">\n\t\t\t\t\t\t<div class=\"elementor-container elementor-column-gap-default\">\n\t\t\t\t\t<div class=\"elementor-column elementor-col-100 elementor-top-column elementor-element elementor-element-4373054\" data-id=\"4373054\" data-element_type=\"column\" data-e-type=\"column\">\n\t\t\t<div class=\"elementor-widget-wrap elementor-element-populated\">\n\t\t\t\t\t\t<div class=\"elementor-element elementor-element-35ced22 elementor-widget elementor-widget-text-editor\" data-id=\"35ced22\" data-element_type=\"widget\" data-e-type=\"widget\" data-widget_type=\"text-editor.default\">\n\t\t\t\t<div class=\"elementor-widget-container\">\n\t\t\t\t\t\t\t\t\t<p>Per Mihaela Moes, delegada d&#8217; <strong><em>amec<\/em><\/strong> a Romania i Mold\u00e0via<\/p>\t\t\t\t\t\t\t\t<\/div>\n\t\t\t\t<\/div>\n\t\t\t\t<div class=\"elementor-element elementor-element-c56b86b elementor-widget elementor-widget-heading\" data-id=\"c56b86b\" data-element_type=\"widget\" data-e-type=\"widget\" data-widget_type=\"heading.default\">\n\t\t\t\t<div class=\"elementor-widget-container\">\n\t\t\t\t\t<h2 class=\"elementor-heading-title elementor-size-default\">Les oportunitats de Romania per a les empreses industrials internacionalitzades<\/h2>\t\t\t\t<\/div>\n\t\t\t\t<\/div>\n\t\t\t\t<div class=\"elementor-element elementor-element-832fd39 elementor-widget-divider--view-line elementor-widget elementor-widget-divider\" data-id=\"832fd39\" data-element_type=\"widget\" data-e-type=\"widget\" data-widget_type=\"divider.default\">\n\t\t\t\t<div class=\"elementor-widget-container\">\n\t\t\t\t\t\t\t<div class=\"elementor-divider\">\n\t\t\t<span class=\"elementor-divider-separator\">\n\t\t\t\t\t\t<\/span>\n\t\t<\/div>\n\t\t\t\t\t\t<\/div>\n\t\t\t\t<\/div>\n\t\t\t\t\t<\/div>\n\t\t<\/div>\n\t\t\t\t\t<\/div>\n\t\t<\/section>\n\t\t\t\t<section class=\"elementor-section elementor-top-section elementor-element elementor-element-1fca03a elementor-section-content-bottom elementor-section-boxed elementor-section-height-default elementor-section-height-default\" data-id=\"1fca03a\" data-element_type=\"section\" data-e-type=\"section\">\n\t\t\t\t\t\t<div class=\"elementor-container elementor-column-gap-wide\">\n\t\t\t\t\t<div class=\"elementor-column elementor-col-100 elementor-top-column elementor-element elementor-element-6db3a46\" data-id=\"6db3a46\" data-element_type=\"column\" data-e-type=\"column\">\n\t\t\t<div class=\"elementor-widget-wrap elementor-element-populated\">\n\t\t\t\t\t\t<div class=\"elementor-element elementor-element-a8a6944 elementor-widget elementor-widget-text-editor\" data-id=\"a8a6944\" data-element_type=\"widget\" data-e-type=\"widget\" data-widget_type=\"text-editor.default\">\n\t\t\t\t<div class=\"elementor-widget-container\">\n\t\t\t\t\t\t\t\t\t1 d&#8217;abril de 2025\t\t\t\t\t\t\t\t<\/div>\n\t\t\t\t<\/div>\n\t\t\t\t<div class=\"elementor-element elementor-element-1f842d65 elementor-widget elementor-widget-text-editor\" data-id=\"1f842d65\" data-element_type=\"widget\" data-e-type=\"widget\" data-widget_type=\"text-editor.default\">\n\t\t\t\t<div class=\"elementor-widget-container\">\n\t\t\t\t\t\t\t\t\t<p>Romania, amb el creixement econ\u00f2mic sostingut i el proc\u00e9s de modernitzaci\u00f3 industrial, presenta un ventall d&#8217;oportunitats per a les empreses industrials espanyoles que busquen expandir-se en nous mercats. Sectors clau com el qu\u00edmic, farmac\u00e8utic, energ\u00e8tic, tecnol\u00f2gic i automotriu ofereixen espais de creixement i col\u00b7laboraci\u00f3 per a les companyies espanyoles. A continuaci\u00f3, analitzem algunes de les principals oportunitats a la ind\u00fastria romanesa:  <\/p><ul><li>Sector Qu\u00edmic: un mercat en cerca de prove\u00efdors<\/li><\/ul><p>La ind\u00fastria qu\u00edmica romanesa, que abans del 1989 era un sector potent, ha perdut gran part de la seva capacitat productiva. Com a conseq\u00fc\u00e8ncia, moltes empreses al pa\u00eds depenen de la importaci\u00f3 de productes qu\u00edmics, cosa que representa una excel\u00b7lent oportunitat per a les empreses espanyoles d&#8217;aquest sector. La demanda creixent d&#8217;insums qu\u00edmics industrials i especialitzats podria obrir noves possibilitats de negoci per als exportadors espanyols.  <\/p><ul><li>Productes de cautx\u00fa: un n\u00ednxol amb potencial<\/li><\/ul><p>La ind\u00fastria del cautx\u00fa a Romania tamb\u00e9 est\u00e0 en fase de creixement. Amb una demanda creixent en sectors com l&#8217;automoci\u00f3 i la construcci\u00f3, les empreses espanyoles amb experi\u00e8ncia en la fabricaci\u00f3 de productes de cautx\u00fa poden trobar un mercat atractiu al pa\u00eds. <\/p><ul><li>Ind\u00fastria Farmac\u00e8utica: expansi\u00f3 en un mercat Mixt<\/li><\/ul><p>Romania compta amb diversos productors farmac\u00e8utics nacionals, com ara Ter\u00e0pia Cluj, un dels m\u00e9s grans del pa\u00eds. Tot i aix\u00f2, el sector dep\u00e8n en gran mesura de la importaci\u00f3 de medicaments i productes sanitaris, la qual cosa representa una oportunitat per a les empreses espanyoles especialitzades en aquest \u00e0mbit. La demanda creixent de productes farmac\u00e8utics d&#8217;alta qualitat i tecnologia avan\u00e7ada podria beneficiar els prove\u00efdors espanyols.  <\/p><ul><li>Ind\u00fastria d&#8217;extracci\u00f3 de petroli i gas: un sector en transformaci\u00f3<\/li><\/ul><p>L&#8217;extracci\u00f3 de petroli i gas continua sent una activitat clau a l&#8217;economia romanesa. La necessitat de modernitzaci\u00f3 i tecnologia en aquest sector crea oportunitats per a les empreses espanyoles que puguin oferir equipaments avan\u00e7ats, solucions d&#8217;efici\u00e8ncia energ\u00e8tica i serveis de consultoria especialitzada. <\/p><ul><li>Metal\u00b7l\u00fargia i Equipament Industrial<\/li><\/ul><p>El sector metal\u00b7l\u00fargic roman\u00e8s i la producci\u00f3 d&#8217;equipaments per a la ind\u00fastria aliment\u00e0ria (c\u00e0rnia, lactis, begudes, etc.) tamb\u00e9 presenten oportunitats per a empreses espanyoles. La demanda de maquin\u00e0ria moderna i tecnologies innovadores podria obrir portes per a fabricants i prove\u00efdors espanyols en aquests segments. <\/p><ul><li>Producci\u00f3 d&#8217;Energia: enfocament a renovables<\/li><\/ul><p>La transici\u00f3 cap a energies renovables \u00e9s una prioritat a Romania, cosa que ofereix oportunitats per a empreses espanyoles especialitzades en energia solar, e\u00f2lica i altres fonts alternatives. Les inversions en infraestructura energ\u00e8tica i la necessitat de tecnologies netes creen un escenari propici per a la col\u00b7laboraci\u00f3 i la inversi\u00f3 espanyola. <\/p><ul><li>Sector tecnol\u00f2gic i telecomunicacions: creixement accelerat<\/li><\/ul><p>El sector IT roman\u00e8s est\u00e0 en plena expansi\u00f3, amb una facturaci\u00f3 agrupada de 15.600 milions d\u02bbeuros i un creixement anual del 12%. Empreses espanyoles dedicades a la intel\u00b7lig\u00e8ncia artificial, programari, telecomunicacions i tecnologia en general podrien aprofitar aquest entorn din\u00e0mic per establir aliances i expandir-ne les operacions. <\/p><ul><li>Transport i log\u00edstica: un sector en auge<\/li><\/ul><p>Amb una facturaci\u00f3 de 19.000 milions d&#8217;euros el 2023 i un creixement estable del 8% anual, el sector del transport a Romania representa una oportunitat estrat\u00e8gica. Empreses espanyoles especialitzades en log\u00edstica, transport de mercaderies i solucions de mobilitat poden trobar un mercat en expansi\u00f3 al pa\u00eds. <\/p><ul><li>Ind\u00fastria Automotriu: un mercat amb grans jugadors<\/li><\/ul><p>El sector automotriu roman\u00e8s \u00e9s un pilar fonamental de la seva economia, amb DACIA (Renault) com a principal fabricant a Mioveni i una \u00e0mplia pres\u00e8ncia de prove\u00efdors Tier 1 i Tier 2. Empreses espanyoles amb experi\u00e8ncia en automoci\u00f3 podrien integrar-se a la cadena de subministrament d&#8217;aquesta ind\u00fastria en creixement. <\/p><p>En definitiva, Romania ofereix un panorama industrial amb m\u00faltiples oportunitats per a les empreses espanyoles. Des de sectors tradicionals com la metal\u00b7l\u00fargia i l&#8217;energia fins a ind\u00fastries emergents com la tecnologia i les renovables, el mercat roman\u00e8s \u00e9s una destinaci\u00f3 atractiva per a la inversi\u00f3 i l&#8217;expansi\u00f3 d&#8217;empreses industrials espanyoles. Aprofitar aquestes oportunitats pot representar un pas estrat\u00e8gic a la internacionalitzaci\u00f3 de les empreses espanyoles en un entorn econ\u00f2mic en creixement.  <\/p>\t\t\t\t\t\t\t\t<\/div>\n\t\t\t\t<\/div>\n\t\t\t\t<div class=\"elementor-element elementor-element-114e0c0 elementor-widget elementor-widget-spacer\" data-id=\"114e0c0\" data-element_type=\"widget\" data-e-type=\"widget\" data-widget_type=\"spacer.default\">\n\t\t\t\t<div class=\"elementor-widget-container\">\n\t\t\t\t\t\t\t<div class=\"elementor-spacer\">\n\t\t\t<div class=\"elementor-spacer-inner\"><\/div>\n\t\t<\/div>\n\t\t\t\t\t\t<\/div>\n\t\t\t\t<\/div>\n\t\t\t\t\t<\/div>\n\t\t<\/div>\n\t\t\t\t\t<\/div>\n\t\t<\/section>\n\t\t\t\t<section class=\"elementor-section elementor-top-section elementor-element elementor-element-59b5769 elementor-section-boxed elementor-section-height-default elementor-section-height-default\" data-id=\"59b5769\" data-element_type=\"section\" data-e-type=\"section\">\n\t\t\t\t\t\t<div class=\"elementor-container elementor-column-gap-default\">\n\t\t\t\t\t<div class=\"elementor-column elementor-col-100 elementor-top-column elementor-element elementor-element-9a1c4af\" data-id=\"9a1c4af\" data-element_type=\"column\" data-e-type=\"column\">\n\t\t\t<div class=\"elementor-widget-wrap elementor-element-populated\">\n\t\t\t\t\t\t<div class=\"elementor-element elementor-element-a5b0e39 elementor-widget elementor-widget-spacer\" data-id=\"a5b0e39\" data-element_type=\"widget\" data-e-type=\"widget\" data-widget_type=\"spacer.default\">\n\t\t\t\t<div class=\"elementor-widget-container\">\n\t\t\t\t\t\t\t<div class=\"elementor-spacer\">\n\t\t\t<div class=\"elementor-spacer-inner\"><\/div>\n\t\t<\/div>\n\t\t\t\t\t\t<\/div>\n\t\t\t\t<\/div>\n\t\t\t\t<div class=\"elementor-element elementor-element-3210ca2 elementor-widget-divider--view-line elementor-widget elementor-widget-divider\" data-id=\"3210ca2\" data-element_type=\"widget\" data-e-type=\"widget\" data-widget_type=\"divider.default\">\n\t\t\t\t<div class=\"elementor-widget-container\">\n\t\t\t\t\t\t\t<div class=\"elementor-divider\">\n\t\t\t<span class=\"elementor-divider-separator\">\n\t\t\t\t\t\t<\/span>\n\t\t<\/div>\n\t\t\t\t\t\t<\/div>\n\t\t\t\t<\/div>\n\t\t\t\t<div class=\"elementor-element elementor-element-d23ee31 elementor-widget elementor-widget-image\" data-id=\"d23ee31\" data-element_type=\"widget\" data-e-type=\"widget\" data-widget_type=\"image.default\">\n\t\t\t\t<div class=\"elementor-widget-container\">\n\t\t\t\t\t\t\t\t\t\t\t\t\t\t\t<img decoding=\"async\" width=\"150\" height=\"150\" src=\"https:\/\/amec.es\/wp-content\/uploads\/2025\/04\/Delegada-amec-Rumani-150x150.jpg\" class=\"attachment-thumbnail size-thumbnail wp-image-32399\" alt=\"\" srcset=\"https:\/\/amec.es\/wp-content\/uploads\/2025\/04\/Delegada-amec-Rumani-150x150.jpg 150w, https:\/\/amec.es\/wp-content\/uploads\/2025\/04\/Delegada-amec-Rumani-300x300.jpg 300w, https:\/\/amec.es\/wp-content\/uploads\/2025\/04\/Delegada-amec-Rumani-100x100.jpg 100w\" sizes=\"(max-width: 150px) 100vw, 150px\" \/>\t\t\t\t\t\t\t\t\t\t\t\t\t\t\t<\/div>\n\t\t\t\t<\/div>\n\t\t\t\t<div class=\"elementor-element elementor-element-dc04cb6 elementor-widget elementor-widget-text-editor\" data-id=\"dc04cb6\" data-element_type=\"widget\" data-e-type=\"widget\" data-widget_type=\"text-editor.default\">\n\t\t\t\t<div class=\"elementor-widget-container\">\n\t\t\t\t\t\t\t\t\t<p>Mihaela Moes, delegada d&#8217; <strong><em>amec<\/em><\/strong> a Romania i Mold\u00e0via<\/p>\t\t\t\t\t\t\t\t<\/div>\n\t\t\t\t<\/div>\n\t\t\t\t<div class=\"elementor-element elementor-element-3c08630 elementor-widget elementor-widget-spacer\" data-id=\"3c08630\" data-element_type=\"widget\" data-e-type=\"widget\" data-widget_type=\"spacer.default\">\n\t\t\t\t<div class=\"elementor-widget-container\">\n\t\t\t\t\t\t\t<div class=\"elementor-spacer\">\n\t\t\t<div class=\"elementor-spacer-inner\"><\/div>\n\t\t<\/div>\n\t\t\t\t\t\t<\/div>\n\t\t\t\t<\/div>\n\t\t\t\t\t<\/div>\n\t\t<\/div>\n\t\t\t\t\t<\/div>\n\t\t<\/section>\n\t\t\t\t<\/div>\n\t\t","protected":false},"excerpt":{"rendered":"<p>El Marroc, situat a 14 quil\u00f2metres d&#8217;Espanya, ha emergit com un actor clau a la regi\u00f3 EMEA i com un pont estrat\u00e8gic cap al continent afric\u00e0.<\/p>\n","protected":false},"author":3,"featured_media":0,"comment_status":"closed","ping_status":"closed","sticky":false,"template":"elementor_header_footer","format":"standard","meta":{"inline_featured_image":false,"footnotes":""},"categories":[234],"tags":[],"class_list":["post-35058","post","type-post","status-publish","format-standard","hentry","category-articles-dexperts-ca"],"yoast_head":"<!-- This site is optimized with the Yoast SEO plugin v27.3 - https:\/\/yoast.com\/product\/yoast-seo-wordpress\/ -->\n<title>Les oportunitats de Romania per a les empreses industrials internacionalitzades | amec Positive Industry<\/title>\n<meta name=\"robots\" content=\"index, follow, max-snippet:-1, max-image-preview:large, max-video-preview:-1\" \/>\n<link rel=\"canonical\" href=\"https:\/\/amec.es\/ca\/articles-dexperts-ca\/les-oportunitats-de-romania-per-a-les-empreses-industrials-internacionalitzades\/\" \/>\n<meta property=\"og:locale\" content=\"ca_ES\" \/>\n<meta property=\"og:type\" content=\"article\" \/>\n<meta property=\"og:title\" content=\"Les oportunitats de Romania per a les empreses industrials internacionalitzades | amec Positive Industry\" \/>\n<meta property=\"og:description\" content=\"El Marroc, situat a 14 quil\u00f2metres d&#039;Espanya, ha emergit com un actor clau a la regi\u00f3 EMEA i com un pont estrat\u00e8gic cap al continent afric\u00e0.\" \/>\n<meta property=\"og:url\" content=\"https:\/\/amec.es\/ca\/articles-dexperts-ca\/les-oportunitats-de-romania-per-a-les-empreses-industrials-internacionalitzades\/\" \/>\n<meta property=\"og:site_name\" content=\"amec Positive Industry\" \/>\n<meta property=\"article:published_time\" content=\"2025-04-01T06:56:12+00:00\" \/>\n<meta property=\"article:modified_time\" content=\"2025-05-08T07:28:10+00:00\" \/>\n<meta property=\"og:image\" content=\"https:\/\/www.amec.es\/wp-content\/uploads\/2025\/04\/Delegada-amec-Rumani-150x150.jpg\" \/>\n<meta name=\"author\" content=\"Aida Caballer\" \/>\n<meta name=\"twitter:card\" content=\"summary_large_image\" \/>\n<meta name=\"twitter:label1\" content=\"Escrit per\" \/>\n\t<meta name=\"twitter:data1\" content=\"Aida Caballer\" \/>\n\t<meta name=\"twitter:label2\" content=\"Temps estimat de lectura\" \/>\n\t<meta name=\"twitter:data2\" content=\"4 minuts\" \/>\n<script type=\"application\/ld+json\" class=\"yoast-schema-graph\">{\"@context\":\"https:\\\/\\\/schema.org\",\"@graph\":[{\"@type\":\"Article\",\"@id\":\"https:\\\/\\\/amec.es\\\/ca\\\/articles-dexperts-ca\\\/les-oportunitats-de-romania-per-a-les-empreses-industrials-internacionalitzades\\\/#article\",\"isPartOf\":{\"@id\":\"https:\\\/\\\/amec.es\\\/ca\\\/articles-dexperts-ca\\\/les-oportunitats-de-romania-per-a-les-empreses-industrials-internacionalitzades\\\/\"},\"author\":{\"name\":\"Aida Caballer\",\"@id\":\"https:\\\/\\\/amec.es\\\/#\\\/schema\\\/person\\\/c9b7b41064d1275568618a60eaba0f33\"},\"headline\":\"Les oportunitats de Romania per a les empreses industrials internacionalitzades\",\"datePublished\":\"2025-04-01T06:56:12+00:00\",\"dateModified\":\"2025-05-08T07:28:10+00:00\",\"mainEntityOfPage\":{\"@id\":\"https:\\\/\\\/amec.es\\\/ca\\\/articles-dexperts-ca\\\/les-oportunitats-de-romania-per-a-les-empreses-industrials-internacionalitzades\\\/\"},\"wordCount\":755,\"publisher\":{\"@id\":\"https:\\\/\\\/amec.es\\\/#organization\"},\"image\":{\"@id\":\"https:\\\/\\\/amec.es\\\/ca\\\/articles-dexperts-ca\\\/les-oportunitats-de-romania-per-a-les-empreses-industrials-internacionalitzades\\\/#primaryimage\"},\"thumbnailUrl\":\"https:\\\/\\\/www.amec.es\\\/wp-content\\\/uploads\\\/2025\\\/04\\\/Delegada-amec-Rumani-150x150.jpg\",\"articleSection\":[\"Articles d'experts\"],\"inLanguage\":\"ca\"},{\"@type\":\"WebPage\",\"@id\":\"https:\\\/\\\/amec.es\\\/ca\\\/articles-dexperts-ca\\\/les-oportunitats-de-romania-per-a-les-empreses-industrials-internacionalitzades\\\/\",\"url\":\"https:\\\/\\\/amec.es\\\/ca\\\/articles-dexperts-ca\\\/les-oportunitats-de-romania-per-a-les-empreses-industrials-internacionalitzades\\\/\",\"name\":\"Les oportunitats de Romania per a les empreses industrials internacionalitzades | amec Positive Industry\",\"isPartOf\":{\"@id\":\"https:\\\/\\\/amec.es\\\/#website\"},\"primaryImageOfPage\":{\"@id\":\"https:\\\/\\\/amec.es\\\/ca\\\/articles-dexperts-ca\\\/les-oportunitats-de-romania-per-a-les-empreses-industrials-internacionalitzades\\\/#primaryimage\"},\"image\":{\"@id\":\"https:\\\/\\\/amec.es\\\/ca\\\/articles-dexperts-ca\\\/les-oportunitats-de-romania-per-a-les-empreses-industrials-internacionalitzades\\\/#primaryimage\"},\"thumbnailUrl\":\"https:\\\/\\\/www.amec.es\\\/wp-content\\\/uploads\\\/2025\\\/04\\\/Delegada-amec-Rumani-150x150.jpg\",\"datePublished\":\"2025-04-01T06:56:12+00:00\",\"dateModified\":\"2025-05-08T07:28:10+00:00\",\"breadcrumb\":{\"@id\":\"https:\\\/\\\/amec.es\\\/ca\\\/articles-dexperts-ca\\\/les-oportunitats-de-romania-per-a-les-empreses-industrials-internacionalitzades\\\/#breadcrumb\"},\"inLanguage\":\"ca\",\"potentialAction\":[{\"@type\":\"ReadAction\",\"target\":[\"https:\\\/\\\/amec.es\\\/ca\\\/articles-dexperts-ca\\\/les-oportunitats-de-romania-per-a-les-empreses-industrials-internacionalitzades\\\/\"]}]},{\"@type\":\"ImageObject\",\"inLanguage\":\"ca\",\"@id\":\"https:\\\/\\\/amec.es\\\/ca\\\/articles-dexperts-ca\\\/les-oportunitats-de-romania-per-a-les-empreses-industrials-internacionalitzades\\\/#primaryimage\",\"url\":\"https:\\\/\\\/www.amec.es\\\/wp-content\\\/uploads\\\/2025\\\/04\\\/Delegada-amec-Rumani-150x150.jpg\",\"contentUrl\":\"https:\\\/\\\/www.amec.es\\\/wp-content\\\/uploads\\\/2025\\\/04\\\/Delegada-amec-Rumani-150x150.jpg\"},{\"@type\":\"BreadcrumbList\",\"@id\":\"https:\\\/\\\/amec.es\\\/ca\\\/articles-dexperts-ca\\\/les-oportunitats-de-romania-per-a-les-empreses-industrials-internacionalitzades\\\/#breadcrumb\",\"itemListElement\":[{\"@type\":\"ListItem\",\"position\":1,\"name\":\"Portada\",\"item\":\"https:\\\/\\\/amec.es\\\/ca\\\/home-new\\\/\"},{\"@type\":\"ListItem\",\"position\":2,\"name\":\"Les oportunitats de Romania per a les empreses industrials internacionalitzades\"}]},{\"@type\":\"WebSite\",\"@id\":\"https:\\\/\\\/amec.es\\\/#website\",\"url\":\"https:\\\/\\\/amec.es\\\/\",\"name\":\"amec Positive Industry\",\"description\":\"\",\"publisher\":{\"@id\":\"https:\\\/\\\/amec.es\\\/#organization\"},\"potentialAction\":[{\"@type\":\"SearchAction\",\"target\":{\"@type\":\"EntryPoint\",\"urlTemplate\":\"https:\\\/\\\/amec.es\\\/?s={search_term_string}\"},\"query-input\":{\"@type\":\"PropertyValueSpecification\",\"valueRequired\":true,\"valueName\":\"search_term_string\"}}],\"inLanguage\":\"ca\"},{\"@type\":\"Organization\",\"@id\":\"https:\\\/\\\/amec.es\\\/#organization\",\"name\":\"amec Positive Industry\",\"url\":\"https:\\\/\\\/amec.es\\\/\",\"logo\":{\"@type\":\"ImageObject\",\"inLanguage\":\"ca\",\"@id\":\"https:\\\/\\\/amec.es\\\/#\\\/schema\\\/logo\\\/image\\\/\",\"url\":\"https:\\\/\\\/amec.es\\\/wp-content\\\/uploads\\\/2023\\\/07\\\/logoamec.png\",\"contentUrl\":\"https:\\\/\\\/amec.es\\\/wp-content\\\/uploads\\\/2023\\\/07\\\/logoamec.png\",\"width\":200,\"height\":48,\"caption\":\"amec Positive Industry\"},\"image\":{\"@id\":\"https:\\\/\\\/amec.es\\\/#\\\/schema\\\/logo\\\/image\\\/\"}},{\"@type\":\"Person\",\"@id\":\"https:\\\/\\\/amec.es\\\/#\\\/schema\\\/person\\\/c9b7b41064d1275568618a60eaba0f33\",\"name\":\"Aida Caballer\",\"image\":{\"@type\":\"ImageObject\",\"inLanguage\":\"ca\",\"@id\":\"https:\\\/\\\/secure.gravatar.com\\\/avatar\\\/38f1e961156af82958cc778268f2d6af9eca42f44b1cfcccee0d3c9fed5b2c4f?s=96&d=mm&r=g\",\"url\":\"https:\\\/\\\/secure.gravatar.com\\\/avatar\\\/38f1e961156af82958cc778268f2d6af9eca42f44b1cfcccee0d3c9fed5b2c4f?s=96&d=mm&r=g\",\"contentUrl\":\"https:\\\/\\\/secure.gravatar.com\\\/avatar\\\/38f1e961156af82958cc778268f2d6af9eca42f44b1cfcccee0d3c9fed5b2c4f?s=96&d=mm&r=g\",\"caption\":\"Aida Caballer\"}}]}<\/script>\n<!-- \/ Yoast SEO plugin. -->","yoast_head_json":{"title":"Les oportunitats de Romania per a les empreses industrials internacionalitzades | amec Positive Industry","robots":{"index":"index","follow":"follow","max-snippet":"max-snippet:-1","max-image-preview":"max-image-preview:large","max-video-preview":"max-video-preview:-1"},"canonical":"https:\/\/amec.es\/ca\/articles-dexperts-ca\/les-oportunitats-de-romania-per-a-les-empreses-industrials-internacionalitzades\/","og_locale":"ca_ES","og_type":"article","og_title":"Les oportunitats de Romania per a les empreses industrials internacionalitzades | amec Positive Industry","og_description":"El Marroc, situat a 14 quil\u00f2metres d'Espanya, ha emergit com un actor clau a la regi\u00f3 EMEA i com un pont estrat\u00e8gic cap al continent afric\u00e0.","og_url":"https:\/\/amec.es\/ca\/articles-dexperts-ca\/les-oportunitats-de-romania-per-a-les-empreses-industrials-internacionalitzades\/","og_site_name":"amec Positive Industry","article_published_time":"2025-04-01T06:56:12+00:00","article_modified_time":"2025-05-08T07:28:10+00:00","og_image":[{"url":"https:\/\/www.amec.es\/wp-content\/uploads\/2025\/04\/Delegada-amec-Rumani-150x150.jpg","type":"","width":"","height":""}],"author":"Aida Caballer","twitter_card":"summary_large_image","twitter_misc":{"Escrit per":"Aida Caballer","Temps estimat de lectura":"4 minuts"},"schema":{"@context":"https:\/\/schema.org","@graph":[{"@type":"Article","@id":"https:\/\/amec.es\/ca\/articles-dexperts-ca\/les-oportunitats-de-romania-per-a-les-empreses-industrials-internacionalitzades\/#article","isPartOf":{"@id":"https:\/\/amec.es\/ca\/articles-dexperts-ca\/les-oportunitats-de-romania-per-a-les-empreses-industrials-internacionalitzades\/"},"author":{"name":"Aida Caballer","@id":"https:\/\/amec.es\/#\/schema\/person\/c9b7b41064d1275568618a60eaba0f33"},"headline":"Les oportunitats de Romania per a les empreses industrials internacionalitzades","datePublished":"2025-04-01T06:56:12+00:00","dateModified":"2025-05-08T07:28:10+00:00","mainEntityOfPage":{"@id":"https:\/\/amec.es\/ca\/articles-dexperts-ca\/les-oportunitats-de-romania-per-a-les-empreses-industrials-internacionalitzades\/"},"wordCount":755,"publisher":{"@id":"https:\/\/amec.es\/#organization"},"image":{"@id":"https:\/\/amec.es\/ca\/articles-dexperts-ca\/les-oportunitats-de-romania-per-a-les-empreses-industrials-internacionalitzades\/#primaryimage"},"thumbnailUrl":"https:\/\/www.amec.es\/wp-content\/uploads\/2025\/04\/Delegada-amec-Rumani-150x150.jpg","articleSection":["Articles d'experts"],"inLanguage":"ca"},{"@type":"WebPage","@id":"https:\/\/amec.es\/ca\/articles-dexperts-ca\/les-oportunitats-de-romania-per-a-les-empreses-industrials-internacionalitzades\/","url":"https:\/\/amec.es\/ca\/articles-dexperts-ca\/les-oportunitats-de-romania-per-a-les-empreses-industrials-internacionalitzades\/","name":"Les oportunitats de Romania per a les empreses industrials internacionalitzades | amec Positive Industry","isPartOf":{"@id":"https:\/\/amec.es\/#website"},"primaryImageOfPage":{"@id":"https:\/\/amec.es\/ca\/articles-dexperts-ca\/les-oportunitats-de-romania-per-a-les-empreses-industrials-internacionalitzades\/#primaryimage"},"image":{"@id":"https:\/\/amec.es\/ca\/articles-dexperts-ca\/les-oportunitats-de-romania-per-a-les-empreses-industrials-internacionalitzades\/#primaryimage"},"thumbnailUrl":"https:\/\/www.amec.es\/wp-content\/uploads\/2025\/04\/Delegada-amec-Rumani-150x150.jpg","datePublished":"2025-04-01T06:56:12+00:00","dateModified":"2025-05-08T07:28:10+00:00","breadcrumb":{"@id":"https:\/\/amec.es\/ca\/articles-dexperts-ca\/les-oportunitats-de-romania-per-a-les-empreses-industrials-internacionalitzades\/#breadcrumb"},"inLanguage":"ca","potentialAction":[{"@type":"ReadAction","target":["https:\/\/amec.es\/ca\/articles-dexperts-ca\/les-oportunitats-de-romania-per-a-les-empreses-industrials-internacionalitzades\/"]}]},{"@type":"ImageObject","inLanguage":"ca","@id":"https:\/\/amec.es\/ca\/articles-dexperts-ca\/les-oportunitats-de-romania-per-a-les-empreses-industrials-internacionalitzades\/#primaryimage","url":"https:\/\/www.amec.es\/wp-content\/uploads\/2025\/04\/Delegada-amec-Rumani-150x150.jpg","contentUrl":"https:\/\/www.amec.es\/wp-content\/uploads\/2025\/04\/Delegada-amec-Rumani-150x150.jpg"},{"@type":"BreadcrumbList","@id":"https:\/\/amec.es\/ca\/articles-dexperts-ca\/les-oportunitats-de-romania-per-a-les-empreses-industrials-internacionalitzades\/#breadcrumb","itemListElement":[{"@type":"ListItem","position":1,"name":"Portada","item":"https:\/\/amec.es\/ca\/home-new\/"},{"@type":"ListItem","position":2,"name":"Les oportunitats de Romania per a les empreses industrials internacionalitzades"}]},{"@type":"WebSite","@id":"https:\/\/amec.es\/#website","url":"https:\/\/amec.es\/","name":"amec Positive Industry","description":"","publisher":{"@id":"https:\/\/amec.es\/#organization"},"potentialAction":[{"@type":"SearchAction","target":{"@type":"EntryPoint","urlTemplate":"https:\/\/amec.es\/?s={search_term_string}"},"query-input":{"@type":"PropertyValueSpecification","valueRequired":true,"valueName":"search_term_string"}}],"inLanguage":"ca"},{"@type":"Organization","@id":"https:\/\/amec.es\/#organization","name":"amec Positive Industry","url":"https:\/\/amec.es\/","logo":{"@type":"ImageObject","inLanguage":"ca","@id":"https:\/\/amec.es\/#\/schema\/logo\/image\/","url":"https:\/\/amec.es\/wp-content\/uploads\/2023\/07\/logoamec.png","contentUrl":"https:\/\/amec.es\/wp-content\/uploads\/2023\/07\/logoamec.png","width":200,"height":48,"caption":"amec Positive Industry"},"image":{"@id":"https:\/\/amec.es\/#\/schema\/logo\/image\/"}},{"@type":"Person","@id":"https:\/\/amec.es\/#\/schema\/person\/c9b7b41064d1275568618a60eaba0f33","name":"Aida Caballer","image":{"@type":"ImageObject","inLanguage":"ca","@id":"https:\/\/secure.gravatar.com\/avatar\/38f1e961156af82958cc778268f2d6af9eca42f44b1cfcccee0d3c9fed5b2c4f?s=96&d=mm&r=g","url":"https:\/\/secure.gravatar.com\/avatar\/38f1e961156af82958cc778268f2d6af9eca42f44b1cfcccee0d3c9fed5b2c4f?s=96&d=mm&r=g","contentUrl":"https:\/\/secure.gravatar.com\/avatar\/38f1e961156af82958cc778268f2d6af9eca42f44b1cfcccee0d3c9fed5b2c4f?s=96&d=mm&r=g","caption":"Aida Caballer"}}]}},"_links":{"self":[{"href":"https:\/\/amec.es\/ca\/wp-json\/wp\/v2\/posts\/35058","targetHints":{"allow":["GET"]}}],"collection":[{"href":"https:\/\/amec.es\/ca\/wp-json\/wp\/v2\/posts"}],"about":[{"href":"https:\/\/amec.es\/ca\/wp-json\/wp\/v2\/types\/post"}],"author":[{"embeddable":true,"href":"https:\/\/amec.es\/ca\/wp-json\/wp\/v2\/users\/3"}],"replies":[{"embeddable":true,"href":"https:\/\/amec.es\/ca\/wp-json\/wp\/v2\/comments?post=35058"}],"version-history":[{"count":1,"href":"https:\/\/amec.es\/ca\/wp-json\/wp\/v2\/posts\/35058\/revisions"}],"predecessor-version":[{"id":35059,"href":"https:\/\/amec.es\/ca\/wp-json\/wp\/v2\/posts\/35058\/revisions\/35059"}],"wp:attachment":[{"href":"https:\/\/amec.es\/ca\/wp-json\/wp\/v2\/media?parent=35058"}],"wp:term":[{"taxonomy":"category","embeddable":true,"href":"https:\/\/amec.es\/ca\/wp-json\/wp\/v2\/categories?post=35058"},{"taxonomy":"post_tag","embeddable":true,"href":"https:\/\/amec.es\/ca\/wp-json\/wp\/v2\/tags?post=35058"}],"curies":[{"name":"wp","href":"https:\/\/api.w.org\/{rel}","templated":true}]}}