{"id":35060,"date":"2025-02-27T10:48:22","date_gmt":"2025-02-27T09:48:22","guid":{"rendered":"https:\/\/www.amec.es\/sin-categorizar\/com-afectara-la-nova-politica-comercial-de-trump-a-espanya\/"},"modified":"2025-05-08T09:28:57","modified_gmt":"2025-05-08T07:28:57","slug":"com-afectara-la-nova-politica-comercial-de-trump-a-espanya","status":"publish","type":"post","link":"https:\/\/amec.es\/ca\/articles-dexperts-ca\/com-afectara-la-nova-politica-comercial-de-trump-a-espanya\/","title":{"rendered":"Com afectar\u00e0 la nova pol\u00edtica comercial de Trump a Espanya"},"content":{"rendered":"\t\t<div data-elementor-type=\"wp-post\" data-elementor-id=\"35060\" class=\"elementor elementor-35060 elementor-29597\" data-elementor-post-type=\"post\">\n\t\t\t\t\t\t<section class=\"elementor-section elementor-top-section elementor-element elementor-element-ce67434 elementor-section-stretched elementor-section-boxed elementor-section-height-default elementor-section-height-default\" data-id=\"ce67434\" data-element_type=\"section\" data-e-type=\"section\" data-settings=\"{&quot;stretch_section&quot;:&quot;section-stretched&quot;,&quot;background_background&quot;:&quot;classic&quot;}\">\n\t\t\t\t\t\t<div class=\"elementor-container elementor-column-gap-default\">\n\t\t\t\t\t<div class=\"elementor-column elementor-col-100 elementor-top-column elementor-element elementor-element-4373054\" data-id=\"4373054\" data-element_type=\"column\" data-e-type=\"column\">\n\t\t\t<div class=\"elementor-widget-wrap elementor-element-populated\">\n\t\t\t\t\t\t<div class=\"elementor-element elementor-element-35ced22 elementor-widget elementor-widget-text-editor\" data-id=\"35ced22\" data-element_type=\"widget\" data-e-type=\"widget\" data-widget_type=\"text-editor.default\">\n\t\t\t\t<div class=\"elementor-widget-container\">\n\t\t\t\t\t\t\t\t\t<p>Per Marta Andreu, delegada d&#8217;amec als Estats Units<\/p>\t\t\t\t\t\t\t\t<\/div>\n\t\t\t\t<\/div>\n\t\t\t\t<div class=\"elementor-element elementor-element-c56b86b elementor-widget elementor-widget-heading\" data-id=\"c56b86b\" data-element_type=\"widget\" data-e-type=\"widget\" data-widget_type=\"heading.default\">\n\t\t\t\t<div class=\"elementor-widget-container\">\n\t\t\t\t\t<h2 class=\"elementor-heading-title elementor-size-default\">Com afectar\u00e0 la nova pol\u00edtica comercial de Trump a Espanya<\/h2>\t\t\t\t<\/div>\n\t\t\t\t<\/div>\n\t\t\t\t<div class=\"elementor-element elementor-element-832fd39 elementor-widget-divider--view-line elementor-widget elementor-widget-divider\" data-id=\"832fd39\" data-element_type=\"widget\" data-e-type=\"widget\" data-widget_type=\"divider.default\">\n\t\t\t\t<div class=\"elementor-widget-container\">\n\t\t\t\t\t\t\t<div class=\"elementor-divider\">\n\t\t\t<span class=\"elementor-divider-separator\">\n\t\t\t\t\t\t<\/span>\n\t\t<\/div>\n\t\t\t\t\t\t<\/div>\n\t\t\t\t<\/div>\n\t\t\t\t\t<\/div>\n\t\t<\/div>\n\t\t\t\t\t<\/div>\n\t\t<\/section>\n\t\t\t\t<section class=\"elementor-section elementor-top-section elementor-element elementor-element-1fca03a elementor-section-content-bottom elementor-section-boxed elementor-section-height-default elementor-section-height-default\" data-id=\"1fca03a\" data-element_type=\"section\" data-e-type=\"section\">\n\t\t\t\t\t\t<div class=\"elementor-container elementor-column-gap-wide\">\n\t\t\t\t\t<div class=\"elementor-column elementor-col-100 elementor-top-column elementor-element elementor-element-6db3a46\" data-id=\"6db3a46\" data-element_type=\"column\" data-e-type=\"column\">\n\t\t\t<div class=\"elementor-widget-wrap elementor-element-populated\">\n\t\t\t\t\t\t<div class=\"elementor-element elementor-element-a8a6944 elementor-widget elementor-widget-text-editor\" data-id=\"a8a6944\" data-element_type=\"widget\" data-e-type=\"widget\" data-widget_type=\"text-editor.default\">\n\t\t\t\t<div class=\"elementor-widget-container\">\n\t\t\t\t\t\t\t\t\t27 de febrer de 2025\t\t\t\t\t\t\t\t<\/div>\n\t\t\t\t<\/div>\n\t\t\t\t<div class=\"elementor-element elementor-element-1f842d65 elementor-widget elementor-widget-text-editor\" data-id=\"1f842d65\" data-element_type=\"widget\" data-e-type=\"widget\" data-widget_type=\"text-editor.default\">\n\t\t\t\t<div class=\"elementor-widget-container\">\n\t\t\t\t\t\t\t\t\t<p>Trump s&#8217;ha comprom\u00e8s a implantar una &#8220;pol\u00edtica comercial que prioritzi els Estats Units-&#8220;America-first trade policy&#8221;. Howard Lutnick el nou secretari de Comer\u00e7 dels Estats Units, i Jamieson Greer, el nou representant comercial dels Estats Units, seran els encarregats de desenvolupar la nova pol\u00edtica comercial i investigar &#8220;pr\u00e0ctiques comercials deslleials&#8221; revisant tots. Lutnick sobre els aranzels va ser m\u00e9s matisada que la de Trump, expressant la seva prefer\u00e8ncia perqu\u00e8 els aranzels selectius es poguessin utilitzar com a eina de negociaci\u00f3 per reduir les barreres comercials a les exportacions nord-americanes.  <\/p><p><br>Fins ara els pa\u00efsos amena\u00e7ats amb aranzels, Col\u00f2mbia, Canad\u00e0, M\u00e8xic i la Xina ho han estat per motius d&#8217;emerg\u00e8ncia nacional per aconseguir la seva ajuda en la lluita contra el tr\u00e0fic de drogues i immigrants il\u00b7legals. I com es preveia M\u00e8xic i el Canad\u00e0 s&#8217;han comprom\u00e8s a refor\u00e7ar les seves fronteres amb els Estats Units, i Col\u00f2mbia s&#8217;ha comprom\u00e8s a acceptar tots els ciutadans deportats, aix\u00ed que els aranzels anunciats no han entrat en vigor.<br> Trump va exposar el seu missatge m\u00e9s clar fins ara en relaci\u00f3 amb els aranzels per motius de \u201cpr\u00e0ctiques comercials deslleials\u201d durant un discurs davant els republicans de la Cambra de Representants la setmana passada, explicant quines importacions planeja gravar primer la seva administraci\u00f3. &#8220;Analitzarem els productes farmac\u00e8utics, els medicaments, els xips, els semiconductors, l&#8217;acer i algunes altres ind\u00fastries, i si les empreses volen deixar de pagar impostos o aranzels hauran de fabricar als Estats Units&#8221;.  <\/p><p><br>Els productes farmac\u00e8utics i els medicaments va ser una de les principals categories de b\u00e9ns, darrere dels vehicles de motor, que els Estats Units van importar l&#8217;any passat per un valor de 229 mil milions de d\u00f2lars. Irlanda, Alemanya i Su\u00efssa s\u00f3n els pa\u00efsos que m\u00e9s van exportar en aquesta categoria amb gaireb\u00e9 el 50% de les importacions. Els productes classificats com a \u201csemiconductors i altres components electr\u00f2nics\u201d van ser la sisena categoria principal de b\u00e9ns que els Estats Units van importar l&#8217;any passat, per valor de 126 mil milions de d\u00f2lars, sent Mal\u00e0isia, Taiwan i la Xina els principals exportadors.  <\/p><p><br>La pres\u00e8ncia d&#8217;Espanya en les relacions comercials d&#8217;aquest tipus de productes \u00e9s petita, per la qual cosa s&#8217;espera que l&#8217;impacte \u201cdirecte\u201d dels possibles aranzels no ser\u00e0 tan gran com en altres pa\u00efsos europeus, encara que podria patir un \u201cimpacte indirecte\u201d si pass\u00e9s un fre de les exportacions europees.<\/p><p><br>A m\u00e9s, a difer\u00e8ncia d&#8217;altres pa\u00efsos europeus, la relaci\u00f3 comercial entre Espanya i els Estats Units \u00e9s de super\u00e0vit per a aquest darrer. Les exportacions als Estats Units representen el 4,9% del total de les vendes de b\u00e9ns espanyols a l&#8217;exterior davant del 6,7% del total d&#8217;importacions procedents dels Estats Units. Per grups de productes, els m\u00e9s exportats s\u00f3n b\u00e9ns d&#8217;equip \u2013sobretot maquin\u00e0ria industrial i aparells el\u00e8ctrics\u2013 i semimanufactures \u2013b\u00e0sicament productes qu\u00edmics amb prop del 60% del total i aliments amb gaireb\u00e9 el 18,0%. Pel que fa a les importacions, destaquen les energ\u00e8tiques (sobretot gas natural liquat-GNL), semimanufactures, especialment productes qu\u00edmics i b\u00e9ns d&#8217;equip, on destaquen aparells de precisi\u00f3, material de transport i motors.   <\/p><p><br>Les amenaces aranzel\u00e0ries no realitzades a M\u00e8xic, Col\u00f2mbia i Canad\u00e0 demostren que el president Trump sovint fa servir els impostos a les exportacions com una t\u00e0ctica de negociaci\u00f3, per aconseguir que els pa\u00efsos se sentin a la taula de negociaci\u00f3. A Espanya podria afectar la pretensi\u00f3 de Trump que els pa\u00efsos de l&#8217;OTAN realitzin una inversi\u00f3 del 5% del PIB en mat\u00e8ria militar (Espanya amb prou feines arriba a l&#8217;1,14%), o l&#8217;amena\u00e7a de Trump als pa\u00efsos de la UE amb super\u00e0vits comercials amb els Estats Units als quals va dir que els seus productes estaran subjectes a aranzels o exigir\u00e0 que comprin m\u00e9s pets. <\/p><p><br>A partir d&#8217;ara haurem d&#8217;esperar a veure com desenvolupen la pol\u00edtica comercial els nous responsables, per\u00f2 La Uni\u00f3 Europea i els Estats Units s\u00f3n els principals socis comercials i d&#8217;inversi\u00f3 entre ells, per la qual cosa \u00e9s interessant per a tots dos continuar fomentant una relaci\u00f3 comercial estable. Des d&#8217;amec podem ajudar les empreses espanyoles que exporten o volen exportar els Estats Units a analitzar la situaci\u00f3 de cada empresa per aconseguir l&#8217;\u00e8xit dels seus projectes als Estats Units. <\/p>\t\t\t\t\t\t\t\t<\/div>\n\t\t\t\t<\/div>\n\t\t\t\t<div class=\"elementor-element elementor-element-114e0c0 elementor-widget elementor-widget-spacer\" data-id=\"114e0c0\" data-element_type=\"widget\" data-e-type=\"widget\" data-widget_type=\"spacer.default\">\n\t\t\t\t<div class=\"elementor-widget-container\">\n\t\t\t\t\t\t\t<div class=\"elementor-spacer\">\n\t\t\t<div class=\"elementor-spacer-inner\"><\/div>\n\t\t<\/div>\n\t\t\t\t\t\t<\/div>\n\t\t\t\t<\/div>\n\t\t\t\t\t<\/div>\n\t\t<\/div>\n\t\t\t\t\t<\/div>\n\t\t<\/section>\n\t\t\t\t<section class=\"elementor-section elementor-top-section elementor-element elementor-element-59b5769 elementor-section-boxed elementor-section-height-default elementor-section-height-default\" data-id=\"59b5769\" data-element_type=\"section\" data-e-type=\"section\">\n\t\t\t\t\t\t<div class=\"elementor-container elementor-column-gap-default\">\n\t\t\t\t\t<div class=\"elementor-column elementor-col-100 elementor-top-column elementor-element elementor-element-9a1c4af\" data-id=\"9a1c4af\" data-element_type=\"column\" data-e-type=\"column\">\n\t\t\t<div class=\"elementor-widget-wrap elementor-element-populated\">\n\t\t\t\t\t\t<div class=\"elementor-element elementor-element-a5b0e39 elementor-widget elementor-widget-spacer\" data-id=\"a5b0e39\" data-element_type=\"widget\" data-e-type=\"widget\" data-widget_type=\"spacer.default\">\n\t\t\t\t<div class=\"elementor-widget-container\">\n\t\t\t\t\t\t\t<div class=\"elementor-spacer\">\n\t\t\t<div class=\"elementor-spacer-inner\"><\/div>\n\t\t<\/div>\n\t\t\t\t\t\t<\/div>\n\t\t\t\t<\/div>\n\t\t\t\t<div class=\"elementor-element elementor-element-3210ca2 elementor-widget-divider--view-line elementor-widget elementor-widget-divider\" data-id=\"3210ca2\" data-element_type=\"widget\" data-e-type=\"widget\" data-widget_type=\"divider.default\">\n\t\t\t\t<div class=\"elementor-widget-container\">\n\t\t\t\t\t\t\t<div class=\"elementor-divider\">\n\t\t\t<span class=\"elementor-divider-separator\">\n\t\t\t\t\t\t<\/span>\n\t\t<\/div>\n\t\t\t\t\t\t<\/div>\n\t\t\t\t<\/div>\n\t\t\t\t<div class=\"elementor-element elementor-element-d23ee31 elementor-widget elementor-widget-image\" data-id=\"d23ee31\" data-element_type=\"widget\" data-e-type=\"widget\" data-widget_type=\"image.default\">\n\t\t\t\t<div class=\"elementor-widget-container\">\n\t\t\t\t\t\t\t\t\t\t\t\t\t\t\t<img decoding=\"async\" width=\"150\" height=\"150\" src=\"https:\/\/amec.es\/wp-content\/uploads\/2024\/10\/marta-andreu-150x150.jpeg\" class=\"attachment-thumbnail size-thumbnail wp-image-24943\" alt=\"\" srcset=\"https:\/\/amec.es\/wp-content\/uploads\/2024\/10\/marta-andreu-150x150.jpeg 150w, https:\/\/amec.es\/wp-content\/uploads\/2024\/10\/marta-andreu-100x100.jpeg 100w, https:\/\/amec.es\/wp-content\/uploads\/2024\/10\/marta-andreu-300x300.jpeg 300w, https:\/\/amec.es\/wp-content\/uploads\/2024\/10\/marta-andreu.jpeg 400w\" sizes=\"(max-width: 150px) 100vw, 150px\" \/>\t\t\t\t\t\t\t\t\t\t\t\t\t\t\t<\/div>\n\t\t\t\t<\/div>\n\t\t\t\t<div class=\"elementor-element elementor-element-dc04cb6 elementor-widget elementor-widget-text-editor\" data-id=\"dc04cb6\" data-element_type=\"widget\" data-e-type=\"widget\" data-widget_type=\"text-editor.default\">\n\t\t\t\t<div class=\"elementor-widget-container\">\n\t\t\t\t\t\t\t\t\t<p><strong>Marta Andreu, delegada d&#8217;amec als Estats Units<\/strong><\/p>\t\t\t\t\t\t\t\t<\/div>\n\t\t\t\t<\/div>\n\t\t\t\t<div class=\"elementor-element elementor-element-3c08630 elementor-widget elementor-widget-spacer\" data-id=\"3c08630\" data-element_type=\"widget\" data-e-type=\"widget\" data-widget_type=\"spacer.default\">\n\t\t\t\t<div class=\"elementor-widget-container\">\n\t\t\t\t\t\t\t<div class=\"elementor-spacer\">\n\t\t\t<div class=\"elementor-spacer-inner\"><\/div>\n\t\t<\/div>\n\t\t\t\t\t\t<\/div>\n\t\t\t\t<\/div>\n\t\t\t\t\t<\/div>\n\t\t<\/div>\n\t\t\t\t\t<\/div>\n\t\t<\/section>\n\t\t\t\t<\/div>\n\t\t","protected":false},"excerpt":{"rendered":"<p>El Marroc, situat a 14 quil\u00f2metres d&#8217;Espanya, ha emergit com un actor clau a la regi\u00f3 EMEA i com un pont estrat\u00e8gic cap al continent afric\u00e0.<\/p>\n","protected":false},"author":3,"featured_media":24943,"comment_status":"closed","ping_status":"closed","sticky":false,"template":"elementor_header_footer","format":"standard","meta":{"inline_featured_image":false,"footnotes":""},"categories":[234],"tags":[],"class_list":["post-35060","post","type-post","status-publish","format-standard","has-post-thumbnail","hentry","category-articles-dexperts-ca"],"yoast_head":"<!-- This site is optimized with the Yoast SEO plugin v27.3 - https:\/\/yoast.com\/product\/yoast-seo-wordpress\/ -->\n<title>Com afectar\u00e0 la nova pol\u00edtica comercial de Trump a Espanya | amec Positive Industry<\/title>\n<meta name=\"robots\" content=\"index, follow, max-snippet:-1, max-image-preview:large, max-video-preview:-1\" \/>\n<link rel=\"canonical\" href=\"https:\/\/amec.es\/articulos-de-expertos\/como-afectara-la-nueva-politica-comercial-de-trump-a-espana\/\" \/>\n<meta property=\"og:locale\" content=\"ca_ES\" \/>\n<meta property=\"og:type\" content=\"article\" \/>\n<meta property=\"og:title\" content=\"Com afectar\u00e0 la nova pol\u00edtica comercial de Trump a Espanya | amec Positive Industry\" \/>\n<meta property=\"og:description\" content=\"El Marroc, situat a 14 quil\u00f2metres d&#039;Espanya, ha emergit com un actor clau a la regi\u00f3 EMEA i com un pont estrat\u00e8gic cap al continent afric\u00e0.\" \/>\n<meta property=\"og:url\" content=\"https:\/\/amec.es\/articulos-de-expertos\/como-afectara-la-nueva-politica-comercial-de-trump-a-espana\/\" \/>\n<meta property=\"og:site_name\" content=\"amec Positive Industry\" \/>\n<meta property=\"article:published_time\" content=\"2025-02-27T09:48:22+00:00\" \/>\n<meta property=\"article:modified_time\" content=\"2025-05-08T07:28:57+00:00\" \/>\n<meta property=\"og:image\" content=\"https:\/\/amec.es\/wp-content\/uploads\/2024\/10\/marta-andreu.jpeg\" \/>\n\t<meta property=\"og:image:width\" content=\"400\" \/>\n\t<meta property=\"og:image:height\" content=\"400\" \/>\n\t<meta property=\"og:image:type\" content=\"image\/jpeg\" \/>\n<meta name=\"author\" content=\"Aida Caballer\" \/>\n<meta name=\"twitter:card\" content=\"summary_large_image\" \/>\n<meta name=\"twitter:label1\" content=\"Escrit per\" \/>\n\t<meta name=\"twitter:data1\" content=\"Aida Caballer\" \/>\n\t<meta name=\"twitter:label2\" content=\"Temps estimat de lectura\" \/>\n\t<meta name=\"twitter:data2\" content=\"4 minuts\" \/>\n<script type=\"application\/ld+json\" class=\"yoast-schema-graph\">{\"@context\":\"https:\\\/\\\/schema.org\",\"@graph\":[{\"@type\":\"Article\",\"@id\":\"https:\\\/\\\/amec.es\\\/articulos-de-expertos\\\/como-afectara-la-nueva-politica-comercial-de-trump-a-espana\\\/#article\",\"isPartOf\":{\"@id\":\"https:\\\/\\\/amec.es\\\/articulos-de-expertos\\\/como-afectara-la-nueva-politica-comercial-de-trump-a-espana\\\/\"},\"author\":{\"name\":\"Aida Caballer\",\"@id\":\"https:\\\/\\\/amec.es\\\/#\\\/schema\\\/person\\\/c9b7b41064d1275568618a60eaba0f33\"},\"headline\":\"Com afectar\u00e0 la nova pol\u00edtica comercial de Trump a Espanya\",\"datePublished\":\"2025-02-27T09:48:22+00:00\",\"dateModified\":\"2025-05-08T07:28:57+00:00\",\"mainEntityOfPage\":{\"@id\":\"https:\\\/\\\/amec.es\\\/articulos-de-expertos\\\/como-afectara-la-nueva-politica-comercial-de-trump-a-espana\\\/\"},\"wordCount\":793,\"publisher\":{\"@id\":\"https:\\\/\\\/amec.es\\\/#organization\"},\"image\":{\"@id\":\"https:\\\/\\\/amec.es\\\/articulos-de-expertos\\\/como-afectara-la-nueva-politica-comercial-de-trump-a-espana\\\/#primaryimage\"},\"thumbnailUrl\":\"https:\\\/\\\/amec.es\\\/wp-content\\\/uploads\\\/2024\\\/10\\\/marta-andreu.jpeg\",\"articleSection\":[\"Articles d'experts\"],\"inLanguage\":\"ca\"},{\"@type\":\"WebPage\",\"@id\":\"https:\\\/\\\/amec.es\\\/articulos-de-expertos\\\/como-afectara-la-nueva-politica-comercial-de-trump-a-espana\\\/\",\"url\":\"https:\\\/\\\/amec.es\\\/articulos-de-expertos\\\/como-afectara-la-nueva-politica-comercial-de-trump-a-espana\\\/\",\"name\":\"Com afectar\u00e0 la nova pol\u00edtica comercial de Trump a Espanya | amec Positive Industry\",\"isPartOf\":{\"@id\":\"https:\\\/\\\/amec.es\\\/#website\"},\"primaryImageOfPage\":{\"@id\":\"https:\\\/\\\/amec.es\\\/articulos-de-expertos\\\/como-afectara-la-nueva-politica-comercial-de-trump-a-espana\\\/#primaryimage\"},\"image\":{\"@id\":\"https:\\\/\\\/amec.es\\\/articulos-de-expertos\\\/como-afectara-la-nueva-politica-comercial-de-trump-a-espana\\\/#primaryimage\"},\"thumbnailUrl\":\"https:\\\/\\\/amec.es\\\/wp-content\\\/uploads\\\/2024\\\/10\\\/marta-andreu.jpeg\",\"datePublished\":\"2025-02-27T09:48:22+00:00\",\"dateModified\":\"2025-05-08T07:28:57+00:00\",\"breadcrumb\":{\"@id\":\"https:\\\/\\\/amec.es\\\/articulos-de-expertos\\\/como-afectara-la-nueva-politica-comercial-de-trump-a-espana\\\/#breadcrumb\"},\"inLanguage\":\"ca\",\"potentialAction\":[{\"@type\":\"ReadAction\",\"target\":[\"https:\\\/\\\/amec.es\\\/articulos-de-expertos\\\/como-afectara-la-nueva-politica-comercial-de-trump-a-espana\\\/\"]}]},{\"@type\":\"ImageObject\",\"inLanguage\":\"ca\",\"@id\":\"https:\\\/\\\/amec.es\\\/articulos-de-expertos\\\/como-afectara-la-nueva-politica-comercial-de-trump-a-espana\\\/#primaryimage\",\"url\":\"https:\\\/\\\/amec.es\\\/wp-content\\\/uploads\\\/2024\\\/10\\\/marta-andreu.jpeg\",\"contentUrl\":\"https:\\\/\\\/amec.es\\\/wp-content\\\/uploads\\\/2024\\\/10\\\/marta-andreu.jpeg\",\"width\":400,\"height\":400},{\"@type\":\"BreadcrumbList\",\"@id\":\"https:\\\/\\\/amec.es\\\/articulos-de-expertos\\\/como-afectara-la-nueva-politica-comercial-de-trump-a-espana\\\/#breadcrumb\",\"itemListElement\":[{\"@type\":\"ListItem\",\"position\":1,\"name\":\"Portada\",\"item\":\"https:\\\/\\\/amec.es\\\/ca\\\/home-new\\\/\"},{\"@type\":\"ListItem\",\"position\":2,\"name\":\"Com afectar\u00e0 la nova pol\u00edtica comercial de Trump a Espanya\"}]},{\"@type\":\"WebSite\",\"@id\":\"https:\\\/\\\/amec.es\\\/#website\",\"url\":\"https:\\\/\\\/amec.es\\\/\",\"name\":\"amec Positive Industry\",\"description\":\"\",\"publisher\":{\"@id\":\"https:\\\/\\\/amec.es\\\/#organization\"},\"potentialAction\":[{\"@type\":\"SearchAction\",\"target\":{\"@type\":\"EntryPoint\",\"urlTemplate\":\"https:\\\/\\\/amec.es\\\/?s={search_term_string}\"},\"query-input\":{\"@type\":\"PropertyValueSpecification\",\"valueRequired\":true,\"valueName\":\"search_term_string\"}}],\"inLanguage\":\"ca\"},{\"@type\":\"Organization\",\"@id\":\"https:\\\/\\\/amec.es\\\/#organization\",\"name\":\"amec Positive Industry\",\"url\":\"https:\\\/\\\/amec.es\\\/\",\"logo\":{\"@type\":\"ImageObject\",\"inLanguage\":\"ca\",\"@id\":\"https:\\\/\\\/amec.es\\\/#\\\/schema\\\/logo\\\/image\\\/\",\"url\":\"https:\\\/\\\/amec.es\\\/wp-content\\\/uploads\\\/2023\\\/07\\\/logoamec.png\",\"contentUrl\":\"https:\\\/\\\/amec.es\\\/wp-content\\\/uploads\\\/2023\\\/07\\\/logoamec.png\",\"width\":200,\"height\":48,\"caption\":\"amec Positive Industry\"},\"image\":{\"@id\":\"https:\\\/\\\/amec.es\\\/#\\\/schema\\\/logo\\\/image\\\/\"}},{\"@type\":\"Person\",\"@id\":\"https:\\\/\\\/amec.es\\\/#\\\/schema\\\/person\\\/c9b7b41064d1275568618a60eaba0f33\",\"name\":\"Aida Caballer\",\"image\":{\"@type\":\"ImageObject\",\"inLanguage\":\"ca\",\"@id\":\"https:\\\/\\\/secure.gravatar.com\\\/avatar\\\/38f1e961156af82958cc778268f2d6af9eca42f44b1cfcccee0d3c9fed5b2c4f?s=96&d=mm&r=g\",\"url\":\"https:\\\/\\\/secure.gravatar.com\\\/avatar\\\/38f1e961156af82958cc778268f2d6af9eca42f44b1cfcccee0d3c9fed5b2c4f?s=96&d=mm&r=g\",\"contentUrl\":\"https:\\\/\\\/secure.gravatar.com\\\/avatar\\\/38f1e961156af82958cc778268f2d6af9eca42f44b1cfcccee0d3c9fed5b2c4f?s=96&d=mm&r=g\",\"caption\":\"Aida Caballer\"}}]}<\/script>\n<!-- \/ Yoast SEO plugin. -->","yoast_head_json":{"title":"Com afectar\u00e0 la nova pol\u00edtica comercial de Trump a Espanya | amec Positive Industry","robots":{"index":"index","follow":"follow","max-snippet":"max-snippet:-1","max-image-preview":"max-image-preview:large","max-video-preview":"max-video-preview:-1"},"canonical":"https:\/\/amec.es\/articulos-de-expertos\/como-afectara-la-nueva-politica-comercial-de-trump-a-espana\/","og_locale":"ca_ES","og_type":"article","og_title":"Com afectar\u00e0 la nova pol\u00edtica comercial de Trump a Espanya | amec Positive Industry","og_description":"El Marroc, situat a 14 quil\u00f2metres d'Espanya, ha emergit com un actor clau a la regi\u00f3 EMEA i com un pont estrat\u00e8gic cap al continent afric\u00e0.","og_url":"https:\/\/amec.es\/articulos-de-expertos\/como-afectara-la-nueva-politica-comercial-de-trump-a-espana\/","og_site_name":"amec Positive Industry","article_published_time":"2025-02-27T09:48:22+00:00","article_modified_time":"2025-05-08T07:28:57+00:00","og_image":[{"width":400,"height":400,"url":"https:\/\/amec.es\/wp-content\/uploads\/2024\/10\/marta-andreu.jpeg","type":"image\/jpeg"}],"author":"Aida Caballer","twitter_card":"summary_large_image","twitter_misc":{"Escrit per":"Aida Caballer","Temps estimat de lectura":"4 minuts"},"schema":{"@context":"https:\/\/schema.org","@graph":[{"@type":"Article","@id":"https:\/\/amec.es\/articulos-de-expertos\/como-afectara-la-nueva-politica-comercial-de-trump-a-espana\/#article","isPartOf":{"@id":"https:\/\/amec.es\/articulos-de-expertos\/como-afectara-la-nueva-politica-comercial-de-trump-a-espana\/"},"author":{"name":"Aida Caballer","@id":"https:\/\/amec.es\/#\/schema\/person\/c9b7b41064d1275568618a60eaba0f33"},"headline":"Com afectar\u00e0 la nova pol\u00edtica comercial de Trump a Espanya","datePublished":"2025-02-27T09:48:22+00:00","dateModified":"2025-05-08T07:28:57+00:00","mainEntityOfPage":{"@id":"https:\/\/amec.es\/articulos-de-expertos\/como-afectara-la-nueva-politica-comercial-de-trump-a-espana\/"},"wordCount":793,"publisher":{"@id":"https:\/\/amec.es\/#organization"},"image":{"@id":"https:\/\/amec.es\/articulos-de-expertos\/como-afectara-la-nueva-politica-comercial-de-trump-a-espana\/#primaryimage"},"thumbnailUrl":"https:\/\/amec.es\/wp-content\/uploads\/2024\/10\/marta-andreu.jpeg","articleSection":["Articles d'experts"],"inLanguage":"ca"},{"@type":"WebPage","@id":"https:\/\/amec.es\/articulos-de-expertos\/como-afectara-la-nueva-politica-comercial-de-trump-a-espana\/","url":"https:\/\/amec.es\/articulos-de-expertos\/como-afectara-la-nueva-politica-comercial-de-trump-a-espana\/","name":"Com afectar\u00e0 la nova pol\u00edtica comercial de Trump a Espanya | amec Positive Industry","isPartOf":{"@id":"https:\/\/amec.es\/#website"},"primaryImageOfPage":{"@id":"https:\/\/amec.es\/articulos-de-expertos\/como-afectara-la-nueva-politica-comercial-de-trump-a-espana\/#primaryimage"},"image":{"@id":"https:\/\/amec.es\/articulos-de-expertos\/como-afectara-la-nueva-politica-comercial-de-trump-a-espana\/#primaryimage"},"thumbnailUrl":"https:\/\/amec.es\/wp-content\/uploads\/2024\/10\/marta-andreu.jpeg","datePublished":"2025-02-27T09:48:22+00:00","dateModified":"2025-05-08T07:28:57+00:00","breadcrumb":{"@id":"https:\/\/amec.es\/articulos-de-expertos\/como-afectara-la-nueva-politica-comercial-de-trump-a-espana\/#breadcrumb"},"inLanguage":"ca","potentialAction":[{"@type":"ReadAction","target":["https:\/\/amec.es\/articulos-de-expertos\/como-afectara-la-nueva-politica-comercial-de-trump-a-espana\/"]}]},{"@type":"ImageObject","inLanguage":"ca","@id":"https:\/\/amec.es\/articulos-de-expertos\/como-afectara-la-nueva-politica-comercial-de-trump-a-espana\/#primaryimage","url":"https:\/\/amec.es\/wp-content\/uploads\/2024\/10\/marta-andreu.jpeg","contentUrl":"https:\/\/amec.es\/wp-content\/uploads\/2024\/10\/marta-andreu.jpeg","width":400,"height":400},{"@type":"BreadcrumbList","@id":"https:\/\/amec.es\/articulos-de-expertos\/como-afectara-la-nueva-politica-comercial-de-trump-a-espana\/#breadcrumb","itemListElement":[{"@type":"ListItem","position":1,"name":"Portada","item":"https:\/\/amec.es\/ca\/home-new\/"},{"@type":"ListItem","position":2,"name":"Com afectar\u00e0 la nova pol\u00edtica comercial de Trump a Espanya"}]},{"@type":"WebSite","@id":"https:\/\/amec.es\/#website","url":"https:\/\/amec.es\/","name":"amec Positive Industry","description":"","publisher":{"@id":"https:\/\/amec.es\/#organization"},"potentialAction":[{"@type":"SearchAction","target":{"@type":"EntryPoint","urlTemplate":"https:\/\/amec.es\/?s={search_term_string}"},"query-input":{"@type":"PropertyValueSpecification","valueRequired":true,"valueName":"search_term_string"}}],"inLanguage":"ca"},{"@type":"Organization","@id":"https:\/\/amec.es\/#organization","name":"amec Positive Industry","url":"https:\/\/amec.es\/","logo":{"@type":"ImageObject","inLanguage":"ca","@id":"https:\/\/amec.es\/#\/schema\/logo\/image\/","url":"https:\/\/amec.es\/wp-content\/uploads\/2023\/07\/logoamec.png","contentUrl":"https:\/\/amec.es\/wp-content\/uploads\/2023\/07\/logoamec.png","width":200,"height":48,"caption":"amec Positive Industry"},"image":{"@id":"https:\/\/amec.es\/#\/schema\/logo\/image\/"}},{"@type":"Person","@id":"https:\/\/amec.es\/#\/schema\/person\/c9b7b41064d1275568618a60eaba0f33","name":"Aida Caballer","image":{"@type":"ImageObject","inLanguage":"ca","@id":"https:\/\/secure.gravatar.com\/avatar\/38f1e961156af82958cc778268f2d6af9eca42f44b1cfcccee0d3c9fed5b2c4f?s=96&d=mm&r=g","url":"https:\/\/secure.gravatar.com\/avatar\/38f1e961156af82958cc778268f2d6af9eca42f44b1cfcccee0d3c9fed5b2c4f?s=96&d=mm&r=g","contentUrl":"https:\/\/secure.gravatar.com\/avatar\/38f1e961156af82958cc778268f2d6af9eca42f44b1cfcccee0d3c9fed5b2c4f?s=96&d=mm&r=g","caption":"Aida Caballer"}}]}},"_links":{"self":[{"href":"https:\/\/amec.es\/ca\/wp-json\/wp\/v2\/posts\/35060","targetHints":{"allow":["GET"]}}],"collection":[{"href":"https:\/\/amec.es\/ca\/wp-json\/wp\/v2\/posts"}],"about":[{"href":"https:\/\/amec.es\/ca\/wp-json\/wp\/v2\/types\/post"}],"author":[{"embeddable":true,"href":"https:\/\/amec.es\/ca\/wp-json\/wp\/v2\/users\/3"}],"replies":[{"embeddable":true,"href":"https:\/\/amec.es\/ca\/wp-json\/wp\/v2\/comments?post=35060"}],"version-history":[{"count":1,"href":"https:\/\/amec.es\/ca\/wp-json\/wp\/v2\/posts\/35060\/revisions"}],"predecessor-version":[{"id":35061,"href":"https:\/\/amec.es\/ca\/wp-json\/wp\/v2\/posts\/35060\/revisions\/35061"}],"wp:featuredmedia":[{"embeddable":true,"href":"https:\/\/amec.es\/ca\/wp-json\/wp\/v2\/media\/24943"}],"wp:attachment":[{"href":"https:\/\/amec.es\/ca\/wp-json\/wp\/v2\/media?parent=35060"}],"wp:term":[{"taxonomy":"category","embeddable":true,"href":"https:\/\/amec.es\/ca\/wp-json\/wp\/v2\/categories?post=35060"},{"taxonomy":"post_tag","embeddable":true,"href":"https:\/\/amec.es\/ca\/wp-json\/wp\/v2\/tags?post=35060"}],"curies":[{"name":"wp","href":"https:\/\/api.w.org\/{rel}","templated":true}]}}