{"id":35077,"date":"2025-05-08T09:43:31","date_gmt":"2025-05-08T07:43:31","guid":{"rendered":"https:\/\/www.amec.es\/sin-categorizar\/mexic-i-espanya-una-alianca-estrategica-en-temps-de-friendshoring-i-reconfiguracio-geopolitica\/"},"modified":"2025-05-08T09:54:33","modified_gmt":"2025-05-08T07:54:33","slug":"mexic-i-espanya-una-alianca-estrategica-en-temps-de-friendshoring-i-reconfiguracio-geopolitica","status":"publish","type":"post","link":"https:\/\/amec.es\/ca\/articles-dexperts-ca\/mexic-i-espanya-una-alianca-estrategica-en-temps-de-friendshoring-i-reconfiguracio-geopolitica\/","title":{"rendered":"M\u00e8xic i Espanya: una alian\u00e7a estrat\u00e8gica en temps de friendshoring i reconfiguraci\u00f3 geopol\u00edtica"},"content":{"rendered":"\t\t<div data-elementor-type=\"wp-post\" data-elementor-id=\"35077\" class=\"elementor elementor-35077 elementor-35062\" data-elementor-post-type=\"post\">\n\t\t\t\t\t\t<section class=\"elementor-section elementor-top-section elementor-element elementor-element-ce67434 elementor-section-stretched elementor-section-boxed elementor-section-height-default elementor-section-height-default\" data-id=\"ce67434\" data-element_type=\"section\" data-e-type=\"section\" data-settings=\"{&quot;stretch_section&quot;:&quot;section-stretched&quot;,&quot;background_background&quot;:&quot;classic&quot;}\">\n\t\t\t\t\t\t<div class=\"elementor-container elementor-column-gap-default\">\n\t\t\t\t\t<div class=\"elementor-column elementor-col-100 elementor-top-column elementor-element elementor-element-4373054\" data-id=\"4373054\" data-element_type=\"column\" data-e-type=\"column\">\n\t\t\t<div class=\"elementor-widget-wrap elementor-element-populated\">\n\t\t\t\t\t\t<div class=\"elementor-element elementor-element-cd63698 elementor-position-inline-start elementor-mobile-position-inline-start elementor-view-default elementor-widget elementor-widget-icon-box\" data-id=\"cd63698\" data-element_type=\"widget\" data-e-type=\"widget\" data-widget_type=\"icon-box.default\">\n\t\t\t\t<div class=\"elementor-widget-container\">\n\t\t\t\t\t\t\t<div class=\"elementor-icon-box-wrapper\">\n\n\t\t\t\t\t\t<div class=\"elementor-icon-box-icon\">\n\t\t\t\t<a href=\"https:\/\/www.amec.es\/ca\/amecnews\/\" class=\"elementor-icon\" tabindex=\"-1\" aria-label=\"Veure m\u00e9s articles a amec news\">\n\t\t\t\t<i aria-hidden=\"true\" class=\"fas fa-angle-double-left\"><\/i>\t\t\t\t<\/a>\n\t\t\t<\/div>\n\t\t\t\n\t\t\t\t\t\t<div class=\"elementor-icon-box-content\">\n\n\t\t\t\t\t\t\t\t\t<p class=\"elementor-icon-box-title\">\n\t\t\t\t\t\t<a href=\"https:\/\/www.amec.es\/ca\/amecnews\/\" >\n\t\t\t\t\t\t\tVeure m\u00e9s articles a amec news\t\t\t\t\t\t<\/a>\n\t\t\t\t\t<\/p>\n\t\t\t\t\n\t\t\t\t\n\t\t\t<\/div>\n\t\t\t\n\t\t<\/div>\n\t\t\t\t\t\t<\/div>\n\t\t\t\t<\/div>\n\t\t\t\t<div class=\"elementor-element elementor-element-35ced22 elementor-widget elementor-widget-text-editor\" data-id=\"35ced22\" data-element_type=\"widget\" data-e-type=\"widget\" data-widget_type=\"text-editor.default\">\n\t\t\t\t<div class=\"elementor-widget-container\">\n\t\t\t\t\t\t\t\t\t<p>Per Juan Alberto Ruiz, representant d&#8217;amec a M\u00e8xic<\/p>\t\t\t\t\t\t\t\t<\/div>\n\t\t\t\t<\/div>\n\t\t\t\t<div class=\"elementor-element elementor-element-c56b86b elementor-widget elementor-widget-heading\" data-id=\"c56b86b\" data-element_type=\"widget\" data-e-type=\"widget\" data-widget_type=\"heading.default\">\n\t\t\t\t<div class=\"elementor-widget-container\">\n\t\t\t\t\t<h2 class=\"elementor-heading-title elementor-size-default\">M\u00e8xic i Espanya: una alian\u00e7a estrat\u00e8gica en temps de friendshoring i reconfiguraci\u00f3 geopol\u00edtica<\/h2>\t\t\t\t<\/div>\n\t\t\t\t<\/div>\n\t\t\t\t<div class=\"elementor-element elementor-element-832fd39 elementor-widget-divider--view-line elementor-widget elementor-widget-divider\" data-id=\"832fd39\" data-element_type=\"widget\" data-e-type=\"widget\" data-widget_type=\"divider.default\">\n\t\t\t\t<div class=\"elementor-widget-container\">\n\t\t\t\t\t\t\t<div class=\"elementor-divider\">\n\t\t\t<span class=\"elementor-divider-separator\">\n\t\t\t\t\t\t<\/span>\n\t\t<\/div>\n\t\t\t\t\t\t<\/div>\n\t\t\t\t<\/div>\n\t\t\t\t\t<\/div>\n\t\t<\/div>\n\t\t\t\t\t<\/div>\n\t\t<\/section>\n\t\t\t\t<section class=\"elementor-section elementor-top-section elementor-element elementor-element-1fca03a elementor-section-content-bottom elementor-section-boxed elementor-section-height-default elementor-section-height-default\" data-id=\"1fca03a\" data-element_type=\"section\" data-e-type=\"section\">\n\t\t\t\t\t\t<div class=\"elementor-container elementor-column-gap-wide\">\n\t\t\t\t\t<div class=\"elementor-column elementor-col-100 elementor-top-column elementor-element elementor-element-6db3a46\" data-id=\"6db3a46\" data-element_type=\"column\" data-e-type=\"column\">\n\t\t\t<div class=\"elementor-widget-wrap elementor-element-populated\">\n\t\t\t\t\t\t<div class=\"elementor-element elementor-element-a8a6944 elementor-widget elementor-widget-text-editor\" data-id=\"a8a6944\" data-element_type=\"widget\" data-e-type=\"widget\" data-widget_type=\"text-editor.default\">\n\t\t\t\t<div class=\"elementor-widget-container\">\n\t\t\t\t\t\t\t\t\t8 de maig de 2025\t\t\t\t\t\t\t\t<\/div>\n\t\t\t\t<\/div>\n\t\t\t\t<div class=\"elementor-element elementor-element-1f842d65 elementor-widget elementor-widget-text-editor\" data-id=\"1f842d65\" data-element_type=\"widget\" data-e-type=\"widget\" data-widget_type=\"text-editor.default\">\n\t\t\t\t<div class=\"elementor-widget-container\">\n\t\t\t\t\t\t\t\t\t<p style=\"text-align: left;\">Les tensions comercials entre la Xina i els Estats Units estan transformant el panorama industrial d&#8217;Am\u00e8rica del Nord i aquesta evoluci\u00f3 representa una oportunitat clau perqu\u00e8 la tecnologia industrial espanyola guanyi protagonisme a la regi\u00f3. L&#8217;escalada de rivalitats geopol\u00edtiques ha provocat una fragmentaci\u00f3 del comer\u00e7 global, cosa que ha portat moltes empreses a replantejar-se la ubicaci\u00f3 de les cadenes de subministrament. En aquest escenari, el concepte de <em>friendshoring<\/em> \u2014traslladar la producci\u00f3 a pa\u00efsos aliats\u2014 ha cobrat for\u00e7a i M\u00e8xic, gr\u00e0cies a la proximitat i el vincle estrat\u00e8gic amb els Estats Units, es perfila com una destinaci\u00f3 ideal per a aquestes relocalitzacions.  <\/p><p style=\"text-align: left;\">Aquest trasllat d?operacions productives cap a territori mexic\u00e0 anir\u00e0 acompanyat d?una necessitat de maquin\u00e0ria, sistemes d?automatitzaci\u00f3 i solucions tecnol\u00f2giques avan\u00e7ades. En conseq\u00fc\u00e8ncia, les empreses espanyoles internacionalitzades que desenvolupen aquestes solucions tenen davant seu una conjuntura molt favorable per posicionar-se com a prove\u00efdors fiables, innovadors i competitius. <\/p><p style=\"text-align: left;\">Espanya ja compta amb una pres\u00e8ncia s\u00f2lida en aquest mercat. Nom\u00e9s el 2023, les exportacions de maquin\u00e0ria i equips el\u00e8ctrics espanyols a M\u00e8xic van superar els 1.600 milions de d\u00f2lars, segons dades de COMTRADE. Tot i aix\u00f2, el marge de creixement \u00e9s significatiu, sobretot si es t\u00e9 en compte l&#8217;augment de la demanda en \u00e0rees com efici\u00e8ncia energ\u00e8tica, digitalitzaci\u00f3 i tecnologies sostenibles a la ind\u00fastria mexicana.  <\/p><p style=\"text-align: left;\">A m\u00e9s, el fet que Europa sigui percebuda com un soci menys polaritzant, i amb un fort comprom\u00eds cap a la qualitat i la sostenibilitat, representa un avantatge competitiu per a les empreses industrials internacionalitzades. Aquest posicionament \u00e9s refor\u00e7at per l&#8217;Acord Global entre la Uni\u00f3 Europea i M\u00e8xic, que proporciona un entorn favorable tant per al comer\u00e7 com per a la inversi\u00f3, facilitant l&#8217;acc\u00e9s al mercat mexic\u00e0 i enfortint els vincles bilaterals. <\/p><p style=\"text-align: left;\">Sectors industrials com l&#8217;automoci\u00f3, la transformaci\u00f3 d&#8217;aliments, la construcci\u00f3, el tractament d&#8217;aig\u00fces i residus, la generaci\u00f3 d&#8217;energia renovable, l&#8217;electr\u00f2nica i els b\u00e9ns de consum estan experimentant una acceleraci\u00f3 en la demanda de solucions avan\u00e7ades, especialment pel que fa a maquin\u00e0ria especialitzada, tecnologies netes i eines d&#8217;automatitzaci\u00f3 capaces de millorar l&#8217;efici\u00e8ncia i reduir l&#8217;impacte ambiental de les operacions.<\/p><p style=\"text-align: left;\"><strong>Recomanacions per a les empreses industrials internacionalitzades:<\/strong><\/p><ul style=\"text-align: left;\"><li><strong>Establir aliances estrat\u00e8giques amb actors locals:<\/strong> l&#8217;entrada efectiva al mercat mexic\u00e0 dep\u00e8n, en molts casos, de s\u00f2lides aliances amb fabricants, integradors, distribu\u00efdors locals o socis tecnol\u00f2gics. Les empreses afiliades poden donar suport a la delegaci\u00f3 d&#8217; <strong><em>amec<\/em><\/strong> a M\u00e8xic, que disposa d&#8217;un coneixement profund dels sectors industrials clau i de contactes estrat\u00e8gics al pa\u00eds. Segons les necessitats de cada empresa, es poden desenvolupar projectes a mida com an\u00e0lisi del mercat, cerca de contactes d&#8217;alt nivell, suport en processos d&#8217;implantaci\u00f3, identificaci\u00f3 oportunitats i cerca de socis locals. Aquest acompanyament permet reduir els temps dentrada i prendre decisions m\u00e9s informades.   <\/li><li><strong>Potenciar avantatges competitius a trav\u00e9s de la sostenibilitat i la digitalitzaci\u00f3:<\/strong><br> M\u00e8xic enfronta una pressi\u00f3 creixent per descarbonitzar la ind\u00fastria i augmentar l&#8217;efici\u00e8ncia energ\u00e8tica. Les empreses que ofereixin solucions per reduir la petjada ambiental, tecnologies 4.0 (IoT industrial, rob\u00f2tica col\u00b7laborativa, sensoritzaci\u00f3) o maquin\u00e0ria energ\u00e8ticament eficient estaran millor posicionades davant de la compet\u00e8ncia. <strong><em>amec<\/em><\/strong> d\u00f3na suport a la transformaci\u00f3 digital i sostenible mitjan\u00e7ant programes d&#8217;acompanyament i formaci\u00f3. <\/li><li><strong>Monitoritzar l&#8217;entorn geopol\u00edtic i ajustar estrat\u00e8gies amb antelaci\u00f3:<\/strong><br> en un context global caracteritzat per la fragmentaci\u00f3 comercial i la reconfiguraci\u00f3 d&#8217;aliances, les empreses han d&#8217;actuar amb una visi\u00f3 de llarg termini. Aprofitar el paper d&#8217;Europa com a soci fiable a Am\u00e8rica del Nord en el marc que ofereix l&#8217;Acord Global UE-M\u00e8xic pot ser clau. L&#8217;observatori d&#8217; <strong><em>amec<\/em><\/strong> proporciona intel\u00b7lig\u00e8ncia i alertes estrat\u00e8giques que permeten a les empreses associades ajustar la planificaci\u00f3 exportadora davant de canvis reguladors, comercials o log\u00edstics.  <\/li><\/ul><p style=\"text-align: left;\"> <\/p><p style=\"text-align: left;\">El <em>friendshoring<\/em> est\u00e0 generant un entorn favorable per a l&#8217;exportaci\u00f3 de tecnologia industrial des d&#8217;Espanya a M\u00e8xic. <\/p>\t\t\t\t\t\t\t\t<\/div>\n\t\t\t\t<\/div>\n\t\t\t\t<div class=\"elementor-element elementor-element-114e0c0 elementor-widget elementor-widget-spacer\" data-id=\"114e0c0\" data-element_type=\"widget\" data-e-type=\"widget\" data-widget_type=\"spacer.default\">\n\t\t\t\t<div class=\"elementor-widget-container\">\n\t\t\t\t\t\t\t<div class=\"elementor-spacer\">\n\t\t\t<div class=\"elementor-spacer-inner\"><\/div>\n\t\t<\/div>\n\t\t\t\t\t\t<\/div>\n\t\t\t\t<\/div>\n\t\t\t\t\t<\/div>\n\t\t<\/div>\n\t\t\t\t\t<\/div>\n\t\t<\/section>\n\t\t\t\t<section class=\"elementor-section elementor-top-section elementor-element elementor-element-59b5769 elementor-section-boxed elementor-section-height-default elementor-section-height-default\" data-id=\"59b5769\" data-element_type=\"section\" data-e-type=\"section\">\n\t\t\t\t\t\t<div class=\"elementor-container elementor-column-gap-default\">\n\t\t\t\t\t<div class=\"elementor-column elementor-col-100 elementor-top-column elementor-element elementor-element-9a1c4af\" data-id=\"9a1c4af\" data-element_type=\"column\" data-e-type=\"column\">\n\t\t\t<div class=\"elementor-widget-wrap elementor-element-populated\">\n\t\t\t\t\t\t<div class=\"elementor-element elementor-element-a5b0e39 elementor-widget elementor-widget-spacer\" data-id=\"a5b0e39\" data-element_type=\"widget\" data-e-type=\"widget\" data-widget_type=\"spacer.default\">\n\t\t\t\t<div class=\"elementor-widget-container\">\n\t\t\t\t\t\t\t<div class=\"elementor-spacer\">\n\t\t\t<div class=\"elementor-spacer-inner\"><\/div>\n\t\t<\/div>\n\t\t\t\t\t\t<\/div>\n\t\t\t\t<\/div>\n\t\t\t\t<div class=\"elementor-element elementor-element-3210ca2 elementor-widget-divider--view-line elementor-widget elementor-widget-divider\" data-id=\"3210ca2\" data-element_type=\"widget\" data-e-type=\"widget\" data-widget_type=\"divider.default\">\n\t\t\t\t<div class=\"elementor-widget-container\">\n\t\t\t\t\t\t\t<div class=\"elementor-divider\">\n\t\t\t<span class=\"elementor-divider-separator\">\n\t\t\t\t\t\t<\/span>\n\t\t<\/div>\n\t\t\t\t\t\t<\/div>\n\t\t\t\t<\/div>\n\t\t\t\t<div class=\"elementor-element elementor-element-1db8dd3 elementor-widget elementor-widget-image\" data-id=\"1db8dd3\" data-element_type=\"widget\" data-e-type=\"widget\" data-widget_type=\"image.default\">\n\t\t\t\t<div class=\"elementor-widget-container\">\n\t\t\t\t\t\t\t\t\t\t\t\t\t\t\t<img decoding=\"async\" width=\"200\" height=\"200\" src=\"https:\/\/amec.es\/wp-content\/uploads\/2025\/05\/juan-alberto.jpg\" class=\"attachment-large size-large wp-image-35064\" alt=\"\" srcset=\"https:\/\/amec.es\/wp-content\/uploads\/2025\/05\/juan-alberto.jpg 200w, https:\/\/amec.es\/wp-content\/uploads\/2025\/05\/juan-alberto-150x150.jpg 150w, https:\/\/amec.es\/wp-content\/uploads\/2025\/05\/juan-alberto-100x100.jpg 100w\" sizes=\"(max-width: 200px) 100vw, 200px\" \/>\t\t\t\t\t\t\t\t\t\t\t\t\t\t\t<\/div>\n\t\t\t\t<\/div>\n\t\t\t\t<div class=\"elementor-element elementor-element-dc04cb6 elementor-widget elementor-widget-text-editor\" data-id=\"dc04cb6\" data-element_type=\"widget\" data-e-type=\"widget\" data-widget_type=\"text-editor.default\">\n\t\t\t\t<div class=\"elementor-widget-container\">\n\t\t\t\t\t\t\t\t\t<p>Juan Alberto Ruiz, representant d&#8217;amec a M\u00e8xic<\/p>\t\t\t\t\t\t\t\t<\/div>\n\t\t\t\t<\/div>\n\t\t\t\t<div class=\"elementor-element elementor-element-3c08630 elementor-widget elementor-widget-spacer\" data-id=\"3c08630\" data-element_type=\"widget\" data-e-type=\"widget\" data-widget_type=\"spacer.default\">\n\t\t\t\t<div class=\"elementor-widget-container\">\n\t\t\t\t\t\t\t<div class=\"elementor-spacer\">\n\t\t\t<div class=\"elementor-spacer-inner\"><\/div>\n\t\t<\/div>\n\t\t\t\t\t\t<\/div>\n\t\t\t\t<\/div>\n\t\t\t\t\t<\/div>\n\t\t<\/div>\n\t\t\t\t\t<\/div>\n\t\t<\/section>\n\t\t\t\t<\/div>\n\t\t","protected":false},"excerpt":{"rendered":"<p>Les tensions entre la Xina i els EE. UU. estan reconfigurant la ind\u00fastria a Am\u00e8rica del Nord. Moltes empreses busquen ara produir a pa\u00efsos aliats, i M\u00e8xic est\u00e0 guanyant protagonisme. Una oportunitat clara perqu\u00e8 la tecnologia industrial espanyola faci un pas endavant.  <\/p>\n","protected":false},"author":3,"featured_media":35064,"comment_status":"closed","ping_status":"closed","sticky":false,"template":"elementor_header_footer","format":"standard","meta":{"inline_featured_image":false,"footnotes":""},"categories":[234],"tags":[],"class_list":["post-35077","post","type-post","status-publish","format-standard","has-post-thumbnail","hentry","category-articles-dexperts-ca"],"yoast_head":"<!-- This site is optimized with the Yoast SEO plugin v27.3 - https:\/\/yoast.com\/product\/yoast-seo-wordpress\/ -->\n<title>M\u00e8xic i Espanya: una alian\u00e7a estrat\u00e8gica en temps de friendshoring i reconfiguraci\u00f3 geopol\u00edtica | amec Positive Industry<\/title>\n<meta name=\"robots\" content=\"index, follow, max-snippet:-1, max-image-preview:large, max-video-preview:-1\" \/>\n<link rel=\"canonical\" href=\"https:\/\/amec.es\/articulos-de-expertos\/mexico-y-espana-una-alianza-estrategica-en-tiempos-de-friendshoring-y-reconfiguracion-geopolitica\/\" \/>\n<meta property=\"og:locale\" content=\"ca_ES\" \/>\n<meta property=\"og:type\" content=\"article\" \/>\n<meta property=\"og:title\" content=\"M\u00e8xic i Espanya: una alian\u00e7a estrat\u00e8gica en temps de friendshoring i reconfiguraci\u00f3 geopol\u00edtica | amec Positive Industry\" \/>\n<meta property=\"og:description\" content=\"Les tensions entre la Xina i els EE. UU. estan reconfigurant la ind\u00fastria a Am\u00e8rica del Nord. Moltes empreses busquen ara produir a pa\u00efsos aliats, i M\u00e8xic est\u00e0 guanyant protagonisme. Una oportunitat clara perqu\u00e8 la tecnologia industrial espanyola faci un pas endavant.\" \/>\n<meta property=\"og:url\" content=\"https:\/\/amec.es\/articulos-de-expertos\/mexico-y-espana-una-alianza-estrategica-en-tiempos-de-friendshoring-y-reconfiguracion-geopolitica\/\" \/>\n<meta property=\"og:site_name\" content=\"amec Positive Industry\" \/>\n<meta property=\"article:published_time\" content=\"2025-05-08T07:43:31+00:00\" \/>\n<meta property=\"article:modified_time\" content=\"2025-05-08T07:54:33+00:00\" \/>\n<meta property=\"og:image\" content=\"https:\/\/amec.es\/wp-content\/uploads\/2025\/05\/juan-alberto.jpg\" \/>\n\t<meta property=\"og:image:width\" content=\"200\" \/>\n\t<meta property=\"og:image:height\" content=\"200\" \/>\n\t<meta property=\"og:image:type\" content=\"image\/jpeg\" \/>\n<meta name=\"author\" content=\"Aida Caballer\" \/>\n<meta name=\"twitter:card\" content=\"summary_large_image\" \/>\n<meta name=\"twitter:label1\" content=\"Escrit per\" \/>\n\t<meta name=\"twitter:data1\" content=\"Aida Caballer\" \/>\n\t<meta name=\"twitter:label2\" content=\"Temps estimat de lectura\" \/>\n\t<meta name=\"twitter:data2\" content=\"4 minuts\" \/>\n<script type=\"application\/ld+json\" class=\"yoast-schema-graph\">{\"@context\":\"https:\\\/\\\/schema.org\",\"@graph\":[{\"@type\":\"Article\",\"@id\":\"https:\\\/\\\/amec.es\\\/articulos-de-expertos\\\/mexico-y-espana-una-alianza-estrategica-en-tiempos-de-friendshoring-y-reconfiguracion-geopolitica\\\/#article\",\"isPartOf\":{\"@id\":\"https:\\\/\\\/amec.es\\\/articulos-de-expertos\\\/mexico-y-espana-una-alianza-estrategica-en-tiempos-de-friendshoring-y-reconfiguracion-geopolitica\\\/\"},\"author\":{\"name\":\"Aida Caballer\",\"@id\":\"https:\\\/\\\/amec.es\\\/#\\\/schema\\\/person\\\/c9b7b41064d1275568618a60eaba0f33\"},\"headline\":\"M\u00e8xic i Espanya: una alian\u00e7a estrat\u00e8gica en temps de friendshoring i reconfiguraci\u00f3 geopol\u00edtica\",\"datePublished\":\"2025-05-08T07:43:31+00:00\",\"dateModified\":\"2025-05-08T07:54:33+00:00\",\"mainEntityOfPage\":{\"@id\":\"https:\\\/\\\/amec.es\\\/articulos-de-expertos\\\/mexico-y-espana-una-alianza-estrategica-en-tiempos-de-friendshoring-y-reconfiguracion-geopolitica\\\/\"},\"wordCount\":760,\"publisher\":{\"@id\":\"https:\\\/\\\/amec.es\\\/#organization\"},\"image\":{\"@id\":\"https:\\\/\\\/amec.es\\\/articulos-de-expertos\\\/mexico-y-espana-una-alianza-estrategica-en-tiempos-de-friendshoring-y-reconfiguracion-geopolitica\\\/#primaryimage\"},\"thumbnailUrl\":\"https:\\\/\\\/amec.es\\\/wp-content\\\/uploads\\\/2025\\\/05\\\/juan-alberto.jpg\",\"articleSection\":[\"Articles d'experts\"],\"inLanguage\":\"ca\"},{\"@type\":\"WebPage\",\"@id\":\"https:\\\/\\\/amec.es\\\/articulos-de-expertos\\\/mexico-y-espana-una-alianza-estrategica-en-tiempos-de-friendshoring-y-reconfiguracion-geopolitica\\\/\",\"url\":\"https:\\\/\\\/amec.es\\\/articulos-de-expertos\\\/mexico-y-espana-una-alianza-estrategica-en-tiempos-de-friendshoring-y-reconfiguracion-geopolitica\\\/\",\"name\":\"M\u00e8xic i Espanya: una alian\u00e7a estrat\u00e8gica en temps de friendshoring i reconfiguraci\u00f3 geopol\u00edtica | amec Positive Industry\",\"isPartOf\":{\"@id\":\"https:\\\/\\\/amec.es\\\/#website\"},\"primaryImageOfPage\":{\"@id\":\"https:\\\/\\\/amec.es\\\/articulos-de-expertos\\\/mexico-y-espana-una-alianza-estrategica-en-tiempos-de-friendshoring-y-reconfiguracion-geopolitica\\\/#primaryimage\"},\"image\":{\"@id\":\"https:\\\/\\\/amec.es\\\/articulos-de-expertos\\\/mexico-y-espana-una-alianza-estrategica-en-tiempos-de-friendshoring-y-reconfiguracion-geopolitica\\\/#primaryimage\"},\"thumbnailUrl\":\"https:\\\/\\\/amec.es\\\/wp-content\\\/uploads\\\/2025\\\/05\\\/juan-alberto.jpg\",\"datePublished\":\"2025-05-08T07:43:31+00:00\",\"dateModified\":\"2025-05-08T07:54:33+00:00\",\"breadcrumb\":{\"@id\":\"https:\\\/\\\/amec.es\\\/articulos-de-expertos\\\/mexico-y-espana-una-alianza-estrategica-en-tiempos-de-friendshoring-y-reconfiguracion-geopolitica\\\/#breadcrumb\"},\"inLanguage\":\"ca\",\"potentialAction\":[{\"@type\":\"ReadAction\",\"target\":[\"https:\\\/\\\/amec.es\\\/articulos-de-expertos\\\/mexico-y-espana-una-alianza-estrategica-en-tiempos-de-friendshoring-y-reconfiguracion-geopolitica\\\/\"]}]},{\"@type\":\"ImageObject\",\"inLanguage\":\"ca\",\"@id\":\"https:\\\/\\\/amec.es\\\/articulos-de-expertos\\\/mexico-y-espana-una-alianza-estrategica-en-tiempos-de-friendshoring-y-reconfiguracion-geopolitica\\\/#primaryimage\",\"url\":\"https:\\\/\\\/amec.es\\\/wp-content\\\/uploads\\\/2025\\\/05\\\/juan-alberto.jpg\",\"contentUrl\":\"https:\\\/\\\/amec.es\\\/wp-content\\\/uploads\\\/2025\\\/05\\\/juan-alberto.jpg\",\"width\":200,\"height\":200},{\"@type\":\"BreadcrumbList\",\"@id\":\"https:\\\/\\\/amec.es\\\/articulos-de-expertos\\\/mexico-y-espana-una-alianza-estrategica-en-tiempos-de-friendshoring-y-reconfiguracion-geopolitica\\\/#breadcrumb\",\"itemListElement\":[{\"@type\":\"ListItem\",\"position\":1,\"name\":\"Portada\",\"item\":\"https:\\\/\\\/amec.es\\\/ca\\\/home-new\\\/\"},{\"@type\":\"ListItem\",\"position\":2,\"name\":\"M\u00e8xic i Espanya: una alian\u00e7a estrat\u00e8gica en temps de friendshoring i reconfiguraci\u00f3 geopol\u00edtica\"}]},{\"@type\":\"WebSite\",\"@id\":\"https:\\\/\\\/amec.es\\\/#website\",\"url\":\"https:\\\/\\\/amec.es\\\/\",\"name\":\"amec Positive Industry\",\"description\":\"\",\"publisher\":{\"@id\":\"https:\\\/\\\/amec.es\\\/#organization\"},\"potentialAction\":[{\"@type\":\"SearchAction\",\"target\":{\"@type\":\"EntryPoint\",\"urlTemplate\":\"https:\\\/\\\/amec.es\\\/?s={search_term_string}\"},\"query-input\":{\"@type\":\"PropertyValueSpecification\",\"valueRequired\":true,\"valueName\":\"search_term_string\"}}],\"inLanguage\":\"ca\"},{\"@type\":\"Organization\",\"@id\":\"https:\\\/\\\/amec.es\\\/#organization\",\"name\":\"amec Positive Industry\",\"url\":\"https:\\\/\\\/amec.es\\\/\",\"logo\":{\"@type\":\"ImageObject\",\"inLanguage\":\"ca\",\"@id\":\"https:\\\/\\\/amec.es\\\/#\\\/schema\\\/logo\\\/image\\\/\",\"url\":\"https:\\\/\\\/amec.es\\\/wp-content\\\/uploads\\\/2023\\\/07\\\/logoamec.png\",\"contentUrl\":\"https:\\\/\\\/amec.es\\\/wp-content\\\/uploads\\\/2023\\\/07\\\/logoamec.png\",\"width\":200,\"height\":48,\"caption\":\"amec Positive Industry\"},\"image\":{\"@id\":\"https:\\\/\\\/amec.es\\\/#\\\/schema\\\/logo\\\/image\\\/\"}},{\"@type\":\"Person\",\"@id\":\"https:\\\/\\\/amec.es\\\/#\\\/schema\\\/person\\\/c9b7b41064d1275568618a60eaba0f33\",\"name\":\"Aida Caballer\",\"image\":{\"@type\":\"ImageObject\",\"inLanguage\":\"ca\",\"@id\":\"https:\\\/\\\/secure.gravatar.com\\\/avatar\\\/38f1e961156af82958cc778268f2d6af9eca42f44b1cfcccee0d3c9fed5b2c4f?s=96&d=mm&r=g\",\"url\":\"https:\\\/\\\/secure.gravatar.com\\\/avatar\\\/38f1e961156af82958cc778268f2d6af9eca42f44b1cfcccee0d3c9fed5b2c4f?s=96&d=mm&r=g\",\"contentUrl\":\"https:\\\/\\\/secure.gravatar.com\\\/avatar\\\/38f1e961156af82958cc778268f2d6af9eca42f44b1cfcccee0d3c9fed5b2c4f?s=96&d=mm&r=g\",\"caption\":\"Aida Caballer\"}}]}<\/script>\n<!-- \/ Yoast SEO plugin. -->","yoast_head_json":{"title":"M\u00e8xic i Espanya: una alian\u00e7a estrat\u00e8gica en temps de friendshoring i reconfiguraci\u00f3 geopol\u00edtica | amec Positive Industry","robots":{"index":"index","follow":"follow","max-snippet":"max-snippet:-1","max-image-preview":"max-image-preview:large","max-video-preview":"max-video-preview:-1"},"canonical":"https:\/\/amec.es\/articulos-de-expertos\/mexico-y-espana-una-alianza-estrategica-en-tiempos-de-friendshoring-y-reconfiguracion-geopolitica\/","og_locale":"ca_ES","og_type":"article","og_title":"M\u00e8xic i Espanya: una alian\u00e7a estrat\u00e8gica en temps de friendshoring i reconfiguraci\u00f3 geopol\u00edtica | amec Positive Industry","og_description":"Les tensions entre la Xina i els EE. UU. estan reconfigurant la ind\u00fastria a Am\u00e8rica del Nord. Moltes empreses busquen ara produir a pa\u00efsos aliats, i M\u00e8xic est\u00e0 guanyant protagonisme. Una oportunitat clara perqu\u00e8 la tecnologia industrial espanyola faci un pas endavant.","og_url":"https:\/\/amec.es\/articulos-de-expertos\/mexico-y-espana-una-alianza-estrategica-en-tiempos-de-friendshoring-y-reconfiguracion-geopolitica\/","og_site_name":"amec Positive Industry","article_published_time":"2025-05-08T07:43:31+00:00","article_modified_time":"2025-05-08T07:54:33+00:00","og_image":[{"width":200,"height":200,"url":"https:\/\/amec.es\/wp-content\/uploads\/2025\/05\/juan-alberto.jpg","type":"image\/jpeg"}],"author":"Aida Caballer","twitter_card":"summary_large_image","twitter_misc":{"Escrit per":"Aida Caballer","Temps estimat de lectura":"4 minuts"},"schema":{"@context":"https:\/\/schema.org","@graph":[{"@type":"Article","@id":"https:\/\/amec.es\/articulos-de-expertos\/mexico-y-espana-una-alianza-estrategica-en-tiempos-de-friendshoring-y-reconfiguracion-geopolitica\/#article","isPartOf":{"@id":"https:\/\/amec.es\/articulos-de-expertos\/mexico-y-espana-una-alianza-estrategica-en-tiempos-de-friendshoring-y-reconfiguracion-geopolitica\/"},"author":{"name":"Aida Caballer","@id":"https:\/\/amec.es\/#\/schema\/person\/c9b7b41064d1275568618a60eaba0f33"},"headline":"M\u00e8xic i Espanya: una alian\u00e7a estrat\u00e8gica en temps de friendshoring i reconfiguraci\u00f3 geopol\u00edtica","datePublished":"2025-05-08T07:43:31+00:00","dateModified":"2025-05-08T07:54:33+00:00","mainEntityOfPage":{"@id":"https:\/\/amec.es\/articulos-de-expertos\/mexico-y-espana-una-alianza-estrategica-en-tiempos-de-friendshoring-y-reconfiguracion-geopolitica\/"},"wordCount":760,"publisher":{"@id":"https:\/\/amec.es\/#organization"},"image":{"@id":"https:\/\/amec.es\/articulos-de-expertos\/mexico-y-espana-una-alianza-estrategica-en-tiempos-de-friendshoring-y-reconfiguracion-geopolitica\/#primaryimage"},"thumbnailUrl":"https:\/\/amec.es\/wp-content\/uploads\/2025\/05\/juan-alberto.jpg","articleSection":["Articles d'experts"],"inLanguage":"ca"},{"@type":"WebPage","@id":"https:\/\/amec.es\/articulos-de-expertos\/mexico-y-espana-una-alianza-estrategica-en-tiempos-de-friendshoring-y-reconfiguracion-geopolitica\/","url":"https:\/\/amec.es\/articulos-de-expertos\/mexico-y-espana-una-alianza-estrategica-en-tiempos-de-friendshoring-y-reconfiguracion-geopolitica\/","name":"M\u00e8xic i Espanya: una alian\u00e7a estrat\u00e8gica en temps de friendshoring i reconfiguraci\u00f3 geopol\u00edtica | amec Positive Industry","isPartOf":{"@id":"https:\/\/amec.es\/#website"},"primaryImageOfPage":{"@id":"https:\/\/amec.es\/articulos-de-expertos\/mexico-y-espana-una-alianza-estrategica-en-tiempos-de-friendshoring-y-reconfiguracion-geopolitica\/#primaryimage"},"image":{"@id":"https:\/\/amec.es\/articulos-de-expertos\/mexico-y-espana-una-alianza-estrategica-en-tiempos-de-friendshoring-y-reconfiguracion-geopolitica\/#primaryimage"},"thumbnailUrl":"https:\/\/amec.es\/wp-content\/uploads\/2025\/05\/juan-alberto.jpg","datePublished":"2025-05-08T07:43:31+00:00","dateModified":"2025-05-08T07:54:33+00:00","breadcrumb":{"@id":"https:\/\/amec.es\/articulos-de-expertos\/mexico-y-espana-una-alianza-estrategica-en-tiempos-de-friendshoring-y-reconfiguracion-geopolitica\/#breadcrumb"},"inLanguage":"ca","potentialAction":[{"@type":"ReadAction","target":["https:\/\/amec.es\/articulos-de-expertos\/mexico-y-espana-una-alianza-estrategica-en-tiempos-de-friendshoring-y-reconfiguracion-geopolitica\/"]}]},{"@type":"ImageObject","inLanguage":"ca","@id":"https:\/\/amec.es\/articulos-de-expertos\/mexico-y-espana-una-alianza-estrategica-en-tiempos-de-friendshoring-y-reconfiguracion-geopolitica\/#primaryimage","url":"https:\/\/amec.es\/wp-content\/uploads\/2025\/05\/juan-alberto.jpg","contentUrl":"https:\/\/amec.es\/wp-content\/uploads\/2025\/05\/juan-alberto.jpg","width":200,"height":200},{"@type":"BreadcrumbList","@id":"https:\/\/amec.es\/articulos-de-expertos\/mexico-y-espana-una-alianza-estrategica-en-tiempos-de-friendshoring-y-reconfiguracion-geopolitica\/#breadcrumb","itemListElement":[{"@type":"ListItem","position":1,"name":"Portada","item":"https:\/\/amec.es\/ca\/home-new\/"},{"@type":"ListItem","position":2,"name":"M\u00e8xic i Espanya: una alian\u00e7a estrat\u00e8gica en temps de friendshoring i reconfiguraci\u00f3 geopol\u00edtica"}]},{"@type":"WebSite","@id":"https:\/\/amec.es\/#website","url":"https:\/\/amec.es\/","name":"amec Positive Industry","description":"","publisher":{"@id":"https:\/\/amec.es\/#organization"},"potentialAction":[{"@type":"SearchAction","target":{"@type":"EntryPoint","urlTemplate":"https:\/\/amec.es\/?s={search_term_string}"},"query-input":{"@type":"PropertyValueSpecification","valueRequired":true,"valueName":"search_term_string"}}],"inLanguage":"ca"},{"@type":"Organization","@id":"https:\/\/amec.es\/#organization","name":"amec Positive Industry","url":"https:\/\/amec.es\/","logo":{"@type":"ImageObject","inLanguage":"ca","@id":"https:\/\/amec.es\/#\/schema\/logo\/image\/","url":"https:\/\/amec.es\/wp-content\/uploads\/2023\/07\/logoamec.png","contentUrl":"https:\/\/amec.es\/wp-content\/uploads\/2023\/07\/logoamec.png","width":200,"height":48,"caption":"amec Positive Industry"},"image":{"@id":"https:\/\/amec.es\/#\/schema\/logo\/image\/"}},{"@type":"Person","@id":"https:\/\/amec.es\/#\/schema\/person\/c9b7b41064d1275568618a60eaba0f33","name":"Aida Caballer","image":{"@type":"ImageObject","inLanguage":"ca","@id":"https:\/\/secure.gravatar.com\/avatar\/38f1e961156af82958cc778268f2d6af9eca42f44b1cfcccee0d3c9fed5b2c4f?s=96&d=mm&r=g","url":"https:\/\/secure.gravatar.com\/avatar\/38f1e961156af82958cc778268f2d6af9eca42f44b1cfcccee0d3c9fed5b2c4f?s=96&d=mm&r=g","contentUrl":"https:\/\/secure.gravatar.com\/avatar\/38f1e961156af82958cc778268f2d6af9eca42f44b1cfcccee0d3c9fed5b2c4f?s=96&d=mm&r=g","caption":"Aida Caballer"}}]}},"_links":{"self":[{"href":"https:\/\/amec.es\/ca\/wp-json\/wp\/v2\/posts\/35077","targetHints":{"allow":["GET"]}}],"collection":[{"href":"https:\/\/amec.es\/ca\/wp-json\/wp\/v2\/posts"}],"about":[{"href":"https:\/\/amec.es\/ca\/wp-json\/wp\/v2\/types\/post"}],"author":[{"embeddable":true,"href":"https:\/\/amec.es\/ca\/wp-json\/wp\/v2\/users\/3"}],"replies":[{"embeddable":true,"href":"https:\/\/amec.es\/ca\/wp-json\/wp\/v2\/comments?post=35077"}],"version-history":[{"count":1,"href":"https:\/\/amec.es\/ca\/wp-json\/wp\/v2\/posts\/35077\/revisions"}],"predecessor-version":[{"id":35078,"href":"https:\/\/amec.es\/ca\/wp-json\/wp\/v2\/posts\/35077\/revisions\/35078"}],"wp:featuredmedia":[{"embeddable":true,"href":"https:\/\/amec.es\/ca\/wp-json\/wp\/v2\/media\/35064"}],"wp:attachment":[{"href":"https:\/\/amec.es\/ca\/wp-json\/wp\/v2\/media?parent=35077"}],"wp:term":[{"taxonomy":"category","embeddable":true,"href":"https:\/\/amec.es\/ca\/wp-json\/wp\/v2\/categories?post=35077"},{"taxonomy":"post_tag","embeddable":true,"href":"https:\/\/amec.es\/ca\/wp-json\/wp\/v2\/tags?post=35077"}],"curies":[{"name":"wp","href":"https:\/\/api.w.org\/{rel}","templated":true}]}}