{"id":4525,"date":"2021-03-12T09:34:48","date_gmt":"2021-03-12T09:34:48","guid":{"rendered":"https:\/\/wecreatedesign.co\/dev\/WP\/amec\/?p=4525"},"modified":"2021-03-12T09:34:48","modified_gmt":"2021-03-12T09:34:48","slug":"instal%c2%b7lacio-i-muntatge-amec-impulsa-la-promocio-i-internacionalitzacio-dhispack-i-alimentaria-foodtech","status":"publish","type":"post","link":"https:\/\/amec.es\/ca\/amec-als-mitjans\/instal%c2%b7lacio-i-muntatge-amec-impulsa-la-promocio-i-internacionalitzacio-dhispack-i-alimentaria-foodtech\/","title":{"rendered":"Instal\u00b7laci\u00f3 i Muntatge: Amec impulsa la promoci\u00f3 i internacionalitzaci\u00f3 d&#8217;Hispack i Aliment\u00e0ria FoodTech"},"content":{"rendered":"<p><img fetchpriority=\"high\" decoding=\"async\" src=\"http:\/\/wecreatedesign.co\/dev\/WP\/amec\/wp-content\/uploads\/2023\/03\/im-hipsack-foodtech-redim-w800-h933.png\" alt=\"im-hipsack-foodtech.png\" width=\"800\" height=\"933\" \/><\/p>\n","protected":false},"excerpt":{"rendered":"","protected":false},"author":1,"featured_media":0,"comment_status":"open","ping_status":"open","sticky":false,"template":"","format":"standard","meta":{"inline_featured_image":false,"footnotes":""},"categories":[25],"tags":[],"class_list":["post-4525","post","type-post","status-publish","format-standard","hentry","category-amec-als-mitjans"],"yoast_head":"<!-- This site is optimized with the Yoast SEO plugin v27.3 - https:\/\/yoast.com\/product\/yoast-seo-wordpress\/ -->\n<title>Instal\u00b7laci\u00f3 i Muntatge: Amec impulsa la promoci\u00f3 i internacionalitzaci\u00f3 d&#039;Hispack i Aliment\u00e0ria FoodTech | amec Positive Industry<\/title>\n<meta name=\"robots\" content=\"index, follow, max-snippet:-1, max-image-preview:large, max-video-preview:-1\" \/>\n<link rel=\"canonical\" href=\"https:\/\/amec.es\/ca\/amec-als-mitjans\/instal\u00b7lacio-i-muntatge-amec-impulsa-la-promocio-i-internacionalitzacio-dhispack-i-alimentaria-foodtech\/\" \/>\n<meta property=\"og:locale\" content=\"ca_ES\" \/>\n<meta property=\"og:type\" content=\"article\" \/>\n<meta property=\"og:title\" content=\"Instal\u00b7laci\u00f3 i Muntatge: Amec impulsa la promoci\u00f3 i internacionalitzaci\u00f3 d&#039;Hispack i Aliment\u00e0ria FoodTech | amec Positive Industry\" \/>\n<meta property=\"og:url\" content=\"https:\/\/amec.es\/ca\/amec-als-mitjans\/instal\u00b7lacio-i-muntatge-amec-impulsa-la-promocio-i-internacionalitzacio-dhispack-i-alimentaria-foodtech\/\" \/>\n<meta property=\"og:site_name\" content=\"amec Positive Industry\" \/>\n<meta property=\"article:published_time\" content=\"2021-03-12T09:34:48+00:00\" \/>\n<meta property=\"og:image\" content=\"http:\/\/wecreatedesign.co\/dev\/WP\/amec\/wp-content\/uploads\/2023\/03\/im-hipsack-foodtech-redim-w800-h933.png\" \/>\n<meta name=\"author\" content=\"webmaster\" \/>\n<meta name=\"twitter:card\" content=\"summary_large_image\" \/>\n<meta name=\"twitter:label1\" content=\"Escrit per\" \/>\n\t<meta name=\"twitter:data1\" content=\"webmaster\" \/>\n<script type=\"application\/ld+json\" class=\"yoast-schema-graph\">{\"@context\":\"https:\\\/\\\/schema.org\",\"@graph\":[{\"@type\":\"Article\",\"@id\":\"https:\\\/\\\/amec.es\\\/ca\\\/amec-als-mitjans\\\/instal%c2%b7lacio-i-muntatge-amec-impulsa-la-promocio-i-internacionalitzacio-dhispack-i-alimentaria-foodtech\\\/#article\",\"isPartOf\":{\"@id\":\"https:\\\/\\\/amec.es\\\/ca\\\/amec-als-mitjans\\\/instal%c2%b7lacio-i-muntatge-amec-impulsa-la-promocio-i-internacionalitzacio-dhispack-i-alimentaria-foodtech\\\/\"},\"author\":{\"name\":\"webmaster\",\"@id\":\"https:\\\/\\\/amec.es\\\/#\\\/schema\\\/person\\\/377e1e145733915506a55297ad2fc830\"},\"headline\":\"Instal\u00b7laci\u00f3 i Muntatge: Amec impulsa la promoci\u00f3 i internacionalitzaci\u00f3 d&#8217;Hispack i Aliment\u00e0ria FoodTech\",\"datePublished\":\"2021-03-12T09:34:48+00:00\",\"mainEntityOfPage\":{\"@id\":\"https:\\\/\\\/amec.es\\\/ca\\\/amec-als-mitjans\\\/instal%c2%b7lacio-i-muntatge-amec-impulsa-la-promocio-i-internacionalitzacio-dhispack-i-alimentaria-foodtech\\\/\"},\"wordCount\":16,\"commentCount\":0,\"publisher\":{\"@id\":\"https:\\\/\\\/amec.es\\\/#organization\"},\"image\":{\"@id\":\"https:\\\/\\\/amec.es\\\/ca\\\/amec-als-mitjans\\\/instal%c2%b7lacio-i-muntatge-amec-impulsa-la-promocio-i-internacionalitzacio-dhispack-i-alimentaria-foodtech\\\/#primaryimage\"},\"thumbnailUrl\":\"http:\\\/\\\/wecreatedesign.co\\\/dev\\\/WP\\\/amec\\\/wp-content\\\/uploads\\\/2023\\\/03\\\/im-hipsack-foodtech-redim-w800-h933.png\",\"articleSection\":[\"amec&nbsp;ALS MITJANS\"],\"inLanguage\":\"ca\",\"potentialAction\":[{\"@type\":\"CommentAction\",\"name\":\"Comment\",\"target\":[\"https:\\\/\\\/amec.es\\\/ca\\\/amec-als-mitjans\\\/instal%c2%b7lacio-i-muntatge-amec-impulsa-la-promocio-i-internacionalitzacio-dhispack-i-alimentaria-foodtech\\\/#respond\"]}]},{\"@type\":\"WebPage\",\"@id\":\"https:\\\/\\\/amec.es\\\/ca\\\/amec-als-mitjans\\\/instal%c2%b7lacio-i-muntatge-amec-impulsa-la-promocio-i-internacionalitzacio-dhispack-i-alimentaria-foodtech\\\/\",\"url\":\"https:\\\/\\\/amec.es\\\/ca\\\/amec-als-mitjans\\\/instal%c2%b7lacio-i-muntatge-amec-impulsa-la-promocio-i-internacionalitzacio-dhispack-i-alimentaria-foodtech\\\/\",\"name\":\"Instal\u00b7laci\u00f3 i Muntatge: Amec impulsa la promoci\u00f3 i internacionalitzaci\u00f3 d'Hispack i Aliment\u00e0ria FoodTech | amec Positive Industry\",\"isPartOf\":{\"@id\":\"https:\\\/\\\/amec.es\\\/#website\"},\"primaryImageOfPage\":{\"@id\":\"https:\\\/\\\/amec.es\\\/ca\\\/amec-als-mitjans\\\/instal%c2%b7lacio-i-muntatge-amec-impulsa-la-promocio-i-internacionalitzacio-dhispack-i-alimentaria-foodtech\\\/#primaryimage\"},\"image\":{\"@id\":\"https:\\\/\\\/amec.es\\\/ca\\\/amec-als-mitjans\\\/instal%c2%b7lacio-i-muntatge-amec-impulsa-la-promocio-i-internacionalitzacio-dhispack-i-alimentaria-foodtech\\\/#primaryimage\"},\"thumbnailUrl\":\"http:\\\/\\\/wecreatedesign.co\\\/dev\\\/WP\\\/amec\\\/wp-content\\\/uploads\\\/2023\\\/03\\\/im-hipsack-foodtech-redim-w800-h933.png\",\"datePublished\":\"2021-03-12T09:34:48+00:00\",\"breadcrumb\":{\"@id\":\"https:\\\/\\\/amec.es\\\/ca\\\/amec-als-mitjans\\\/instal%c2%b7lacio-i-muntatge-amec-impulsa-la-promocio-i-internacionalitzacio-dhispack-i-alimentaria-foodtech\\\/#breadcrumb\"},\"inLanguage\":\"ca\",\"potentialAction\":[{\"@type\":\"ReadAction\",\"target\":[\"https:\\\/\\\/amec.es\\\/ca\\\/amec-als-mitjans\\\/instal%c2%b7lacio-i-muntatge-amec-impulsa-la-promocio-i-internacionalitzacio-dhispack-i-alimentaria-foodtech\\\/\"]}]},{\"@type\":\"ImageObject\",\"inLanguage\":\"ca\",\"@id\":\"https:\\\/\\\/amec.es\\\/ca\\\/amec-als-mitjans\\\/instal%c2%b7lacio-i-muntatge-amec-impulsa-la-promocio-i-internacionalitzacio-dhispack-i-alimentaria-foodtech\\\/#primaryimage\",\"url\":\"http:\\\/\\\/wecreatedesign.co\\\/dev\\\/WP\\\/amec\\\/wp-content\\\/uploads\\\/2023\\\/03\\\/im-hipsack-foodtech-redim-w800-h933.png\",\"contentUrl\":\"http:\\\/\\\/wecreatedesign.co\\\/dev\\\/WP\\\/amec\\\/wp-content\\\/uploads\\\/2023\\\/03\\\/im-hipsack-foodtech-redim-w800-h933.png\"},{\"@type\":\"BreadcrumbList\",\"@id\":\"https:\\\/\\\/amec.es\\\/ca\\\/amec-als-mitjans\\\/instal%c2%b7lacio-i-muntatge-amec-impulsa-la-promocio-i-internacionalitzacio-dhispack-i-alimentaria-foodtech\\\/#breadcrumb\",\"itemListElement\":[{\"@type\":\"ListItem\",\"position\":1,\"name\":\"Portada\",\"item\":\"https:\\\/\\\/amec.es\\\/ca\\\/home-new\\\/\"},{\"@type\":\"ListItem\",\"position\":2,\"name\":\"Instal\u00b7laci\u00f3 i Muntatge: Amec impulsa la promoci\u00f3 i internacionalitzaci\u00f3 d&#8217;Hispack i Aliment\u00e0ria FoodTech\"}]},{\"@type\":\"WebSite\",\"@id\":\"https:\\\/\\\/amec.es\\\/#website\",\"url\":\"https:\\\/\\\/amec.es\\\/\",\"name\":\"amec Positive Industry\",\"description\":\"\",\"publisher\":{\"@id\":\"https:\\\/\\\/amec.es\\\/#organization\"},\"potentialAction\":[{\"@type\":\"SearchAction\",\"target\":{\"@type\":\"EntryPoint\",\"urlTemplate\":\"https:\\\/\\\/amec.es\\\/?s={search_term_string}\"},\"query-input\":{\"@type\":\"PropertyValueSpecification\",\"valueRequired\":true,\"valueName\":\"search_term_string\"}}],\"inLanguage\":\"ca\"},{\"@type\":\"Organization\",\"@id\":\"https:\\\/\\\/amec.es\\\/#organization\",\"name\":\"amec Positive Industry\",\"url\":\"https:\\\/\\\/amec.es\\\/\",\"logo\":{\"@type\":\"ImageObject\",\"inLanguage\":\"ca\",\"@id\":\"https:\\\/\\\/amec.es\\\/#\\\/schema\\\/logo\\\/image\\\/\",\"url\":\"https:\\\/\\\/amec.es\\\/wp-content\\\/uploads\\\/2023\\\/07\\\/logoamec.png\",\"contentUrl\":\"https:\\\/\\\/amec.es\\\/wp-content\\\/uploads\\\/2023\\\/07\\\/logoamec.png\",\"width\":200,\"height\":48,\"caption\":\"amec Positive Industry\"},\"image\":{\"@id\":\"https:\\\/\\\/amec.es\\\/#\\\/schema\\\/logo\\\/image\\\/\"}},{\"@type\":\"Person\",\"@id\":\"https:\\\/\\\/amec.es\\\/#\\\/schema\\\/person\\\/377e1e145733915506a55297ad2fc830\",\"name\":\"webmaster\",\"image\":{\"@type\":\"ImageObject\",\"inLanguage\":\"ca\",\"@id\":\"https:\\\/\\\/secure.gravatar.com\\\/avatar\\\/1122ff7c82efe2079ddb19cd256fc39ab150caee9b258eeae8928e7f703c39f3?s=96&d=mm&r=g\",\"url\":\"https:\\\/\\\/secure.gravatar.com\\\/avatar\\\/1122ff7c82efe2079ddb19cd256fc39ab150caee9b258eeae8928e7f703c39f3?s=96&d=mm&r=g\",\"contentUrl\":\"https:\\\/\\\/secure.gravatar.com\\\/avatar\\\/1122ff7c82efe2079ddb19cd256fc39ab150caee9b258eeae8928e7f703c39f3?s=96&d=mm&r=g\",\"caption\":\"webmaster\"}}]}<\/script>\n<!-- \/ Yoast SEO plugin. -->","yoast_head_json":{"title":"Instal\u00b7laci\u00f3 i Muntatge: Amec impulsa la promoci\u00f3 i internacionalitzaci\u00f3 d'Hispack i Aliment\u00e0ria FoodTech | amec Positive Industry","robots":{"index":"index","follow":"follow","max-snippet":"max-snippet:-1","max-image-preview":"max-image-preview:large","max-video-preview":"max-video-preview:-1"},"canonical":"https:\/\/amec.es\/ca\/amec-als-mitjans\/instal\u00b7lacio-i-muntatge-amec-impulsa-la-promocio-i-internacionalitzacio-dhispack-i-alimentaria-foodtech\/","og_locale":"ca_ES","og_type":"article","og_title":"Instal\u00b7laci\u00f3 i Muntatge: Amec impulsa la promoci\u00f3 i internacionalitzaci\u00f3 d'Hispack i Aliment\u00e0ria FoodTech | amec Positive Industry","og_url":"https:\/\/amec.es\/ca\/amec-als-mitjans\/instal\u00b7lacio-i-muntatge-amec-impulsa-la-promocio-i-internacionalitzacio-dhispack-i-alimentaria-foodtech\/","og_site_name":"amec Positive Industry","article_published_time":"2021-03-12T09:34:48+00:00","og_image":[{"url":"http:\/\/wecreatedesign.co\/dev\/WP\/amec\/wp-content\/uploads\/2023\/03\/im-hipsack-foodtech-redim-w800-h933.png","type":"","width":"","height":""}],"author":"webmaster","twitter_card":"summary_large_image","twitter_misc":{"Escrit per":"webmaster"},"schema":{"@context":"https:\/\/schema.org","@graph":[{"@type":"Article","@id":"https:\/\/amec.es\/ca\/amec-als-mitjans\/instal%c2%b7lacio-i-muntatge-amec-impulsa-la-promocio-i-internacionalitzacio-dhispack-i-alimentaria-foodtech\/#article","isPartOf":{"@id":"https:\/\/amec.es\/ca\/amec-als-mitjans\/instal%c2%b7lacio-i-muntatge-amec-impulsa-la-promocio-i-internacionalitzacio-dhispack-i-alimentaria-foodtech\/"},"author":{"name":"webmaster","@id":"https:\/\/amec.es\/#\/schema\/person\/377e1e145733915506a55297ad2fc830"},"headline":"Instal\u00b7laci\u00f3 i Muntatge: Amec impulsa la promoci\u00f3 i internacionalitzaci\u00f3 d&#8217;Hispack i Aliment\u00e0ria FoodTech","datePublished":"2021-03-12T09:34:48+00:00","mainEntityOfPage":{"@id":"https:\/\/amec.es\/ca\/amec-als-mitjans\/instal%c2%b7lacio-i-muntatge-amec-impulsa-la-promocio-i-internacionalitzacio-dhispack-i-alimentaria-foodtech\/"},"wordCount":16,"commentCount":0,"publisher":{"@id":"https:\/\/amec.es\/#organization"},"image":{"@id":"https:\/\/amec.es\/ca\/amec-als-mitjans\/instal%c2%b7lacio-i-muntatge-amec-impulsa-la-promocio-i-internacionalitzacio-dhispack-i-alimentaria-foodtech\/#primaryimage"},"thumbnailUrl":"http:\/\/wecreatedesign.co\/dev\/WP\/amec\/wp-content\/uploads\/2023\/03\/im-hipsack-foodtech-redim-w800-h933.png","articleSection":["amec&nbsp;ALS MITJANS"],"inLanguage":"ca","potentialAction":[{"@type":"CommentAction","name":"Comment","target":["https:\/\/amec.es\/ca\/amec-als-mitjans\/instal%c2%b7lacio-i-muntatge-amec-impulsa-la-promocio-i-internacionalitzacio-dhispack-i-alimentaria-foodtech\/#respond"]}]},{"@type":"WebPage","@id":"https:\/\/amec.es\/ca\/amec-als-mitjans\/instal%c2%b7lacio-i-muntatge-amec-impulsa-la-promocio-i-internacionalitzacio-dhispack-i-alimentaria-foodtech\/","url":"https:\/\/amec.es\/ca\/amec-als-mitjans\/instal%c2%b7lacio-i-muntatge-amec-impulsa-la-promocio-i-internacionalitzacio-dhispack-i-alimentaria-foodtech\/","name":"Instal\u00b7laci\u00f3 i Muntatge: Amec impulsa la promoci\u00f3 i internacionalitzaci\u00f3 d'Hispack i Aliment\u00e0ria FoodTech | amec Positive Industry","isPartOf":{"@id":"https:\/\/amec.es\/#website"},"primaryImageOfPage":{"@id":"https:\/\/amec.es\/ca\/amec-als-mitjans\/instal%c2%b7lacio-i-muntatge-amec-impulsa-la-promocio-i-internacionalitzacio-dhispack-i-alimentaria-foodtech\/#primaryimage"},"image":{"@id":"https:\/\/amec.es\/ca\/amec-als-mitjans\/instal%c2%b7lacio-i-muntatge-amec-impulsa-la-promocio-i-internacionalitzacio-dhispack-i-alimentaria-foodtech\/#primaryimage"},"thumbnailUrl":"http:\/\/wecreatedesign.co\/dev\/WP\/amec\/wp-content\/uploads\/2023\/03\/im-hipsack-foodtech-redim-w800-h933.png","datePublished":"2021-03-12T09:34:48+00:00","breadcrumb":{"@id":"https:\/\/amec.es\/ca\/amec-als-mitjans\/instal%c2%b7lacio-i-muntatge-amec-impulsa-la-promocio-i-internacionalitzacio-dhispack-i-alimentaria-foodtech\/#breadcrumb"},"inLanguage":"ca","potentialAction":[{"@type":"ReadAction","target":["https:\/\/amec.es\/ca\/amec-als-mitjans\/instal%c2%b7lacio-i-muntatge-amec-impulsa-la-promocio-i-internacionalitzacio-dhispack-i-alimentaria-foodtech\/"]}]},{"@type":"ImageObject","inLanguage":"ca","@id":"https:\/\/amec.es\/ca\/amec-als-mitjans\/instal%c2%b7lacio-i-muntatge-amec-impulsa-la-promocio-i-internacionalitzacio-dhispack-i-alimentaria-foodtech\/#primaryimage","url":"http:\/\/wecreatedesign.co\/dev\/WP\/amec\/wp-content\/uploads\/2023\/03\/im-hipsack-foodtech-redim-w800-h933.png","contentUrl":"http:\/\/wecreatedesign.co\/dev\/WP\/amec\/wp-content\/uploads\/2023\/03\/im-hipsack-foodtech-redim-w800-h933.png"},{"@type":"BreadcrumbList","@id":"https:\/\/amec.es\/ca\/amec-als-mitjans\/instal%c2%b7lacio-i-muntatge-amec-impulsa-la-promocio-i-internacionalitzacio-dhispack-i-alimentaria-foodtech\/#breadcrumb","itemListElement":[{"@type":"ListItem","position":1,"name":"Portada","item":"https:\/\/amec.es\/ca\/home-new\/"},{"@type":"ListItem","position":2,"name":"Instal\u00b7laci\u00f3 i Muntatge: Amec impulsa la promoci\u00f3 i internacionalitzaci\u00f3 d&#8217;Hispack i Aliment\u00e0ria FoodTech"}]},{"@type":"WebSite","@id":"https:\/\/amec.es\/#website","url":"https:\/\/amec.es\/","name":"amec Positive Industry","description":"","publisher":{"@id":"https:\/\/amec.es\/#organization"},"potentialAction":[{"@type":"SearchAction","target":{"@type":"EntryPoint","urlTemplate":"https:\/\/amec.es\/?s={search_term_string}"},"query-input":{"@type":"PropertyValueSpecification","valueRequired":true,"valueName":"search_term_string"}}],"inLanguage":"ca"},{"@type":"Organization","@id":"https:\/\/amec.es\/#organization","name":"amec Positive Industry","url":"https:\/\/amec.es\/","logo":{"@type":"ImageObject","inLanguage":"ca","@id":"https:\/\/amec.es\/#\/schema\/logo\/image\/","url":"https:\/\/amec.es\/wp-content\/uploads\/2023\/07\/logoamec.png","contentUrl":"https:\/\/amec.es\/wp-content\/uploads\/2023\/07\/logoamec.png","width":200,"height":48,"caption":"amec Positive Industry"},"image":{"@id":"https:\/\/amec.es\/#\/schema\/logo\/image\/"}},{"@type":"Person","@id":"https:\/\/amec.es\/#\/schema\/person\/377e1e145733915506a55297ad2fc830","name":"webmaster","image":{"@type":"ImageObject","inLanguage":"ca","@id":"https:\/\/secure.gravatar.com\/avatar\/1122ff7c82efe2079ddb19cd256fc39ab150caee9b258eeae8928e7f703c39f3?s=96&d=mm&r=g","url":"https:\/\/secure.gravatar.com\/avatar\/1122ff7c82efe2079ddb19cd256fc39ab150caee9b258eeae8928e7f703c39f3?s=96&d=mm&r=g","contentUrl":"https:\/\/secure.gravatar.com\/avatar\/1122ff7c82efe2079ddb19cd256fc39ab150caee9b258eeae8928e7f703c39f3?s=96&d=mm&r=g","caption":"webmaster"}}]}},"_links":{"self":[{"href":"https:\/\/amec.es\/ca\/wp-json\/wp\/v2\/posts\/4525","targetHints":{"allow":["GET"]}}],"collection":[{"href":"https:\/\/amec.es\/ca\/wp-json\/wp\/v2\/posts"}],"about":[{"href":"https:\/\/amec.es\/ca\/wp-json\/wp\/v2\/types\/post"}],"author":[{"embeddable":true,"href":"https:\/\/amec.es\/ca\/wp-json\/wp\/v2\/users\/1"}],"replies":[{"embeddable":true,"href":"https:\/\/amec.es\/ca\/wp-json\/wp\/v2\/comments?post=4525"}],"version-history":[{"count":0,"href":"https:\/\/amec.es\/ca\/wp-json\/wp\/v2\/posts\/4525\/revisions"}],"wp:attachment":[{"href":"https:\/\/amec.es\/ca\/wp-json\/wp\/v2\/media?parent=4525"}],"wp:term":[{"taxonomy":"category","embeddable":true,"href":"https:\/\/amec.es\/ca\/wp-json\/wp\/v2\/categories?post=4525"},{"taxonomy":"post_tag","embeddable":true,"href":"https:\/\/amec.es\/ca\/wp-json\/wp\/v2\/tags?post=4525"}],"curies":[{"name":"wp","href":"https:\/\/api.w.org\/{rel}","templated":true}]}}