{"id":5580,"date":"2021-04-30T06:59:31","date_gmt":"2021-04-30T06:59:31","guid":{"rendered":"https:\/\/wecreatedesign.co\/dev\/WP\/amec\/?p=5580"},"modified":"2021-04-30T06:59:31","modified_gmt":"2021-04-30T06:59:31","slug":"amec-i-b-lab-spain-salien-per-afavorir-la-integracio-de-la-sostenibilitat-en-les-empreses-del-sector-industrial","status":"publish","type":"post","link":"https:\/\/amec.es\/ca\/notes-de-premsa\/amec-i-b-lab-spain-salien-per-afavorir-la-integracio-de-la-sostenibilitat-en-les-empreses-del-sector-industrial\/","title":{"rendered":"amec i B Lab Spain s\u2019alien per afavorir la integraci\u00f3 de la sostenibilitat en les empreses del sector industrial"},"content":{"rendered":"<ul>\n<li><strong>El conveni marc signat per ambdues organitzacions pret\u00e9n fomentar la mesura i gesti\u00f3 de l\u2019impacte positiu de les empreses en la societat i el planeta<\/strong><\/li>\n<\/ul>\n<p><strong>Barcelona,\u00a0<\/strong><strong>\u200b\u200b<\/strong><strong>30 d\u2019abril de 2021<\/strong>. El director general d\u2019<strong><em>amec<\/em><\/strong>, Joan Tristany, i el director executiu de\u00a0<strong>B Lab Spain<\/strong>, Pablo S\u00e1nchez, han signat avui un Conveni Marc de\u00a0 Col\u00b7laboraci\u00f3 per tal de promoure conjuntament la integraci\u00f3 de la sostenibilitat en les empreses del sector industrial, aix\u00ed com tamb\u00e9 les bones pr\u00e0ctiques empresarials i la generaci\u00f3 d\u2019impacte positiu en tots aquells \u00e0mbits que tenen relaci\u00f3 amb l&#8217;activitat empresarial: la societat, el medi ambient, clients, prove\u00efdors i treballadors. Aquest conveni s&#8217;emmarca en la visi\u00f3 de B Lab de promoure el canvi sist\u00e8mic per a construir una economia inclusiva, equitativa i regenerativa per a totes les persones i el planeta. Una visi\u00f3 plenament compartida per\u00a0<strong><em>amec<\/em><\/strong>, entitat que t\u00e9 com a prop\u00f2sit contribuir, des de la ind\u00fastria, a que el canvi d\u2019era que estem vivint sigui segur, transversal i positiu per a les persones i per al planeta.<\/p>\n<p>&nbsp;<\/p>\n<p>Amb aquesta finalitat, B Lab Spain capacitar\u00e0 i posar\u00e0 a disposici\u00f3 de les empreses d\u2019<strong><em>amec<\/em><\/strong>\u00a0l\u2019<a href=\"https:\/\/app.bimpactassessment.net\/get-started?_ga=2.237798464.1326499238.1619705579-1804045312.1619705579\">Avaluaci\u00f3 d\u2019Impacte B<\/a>\u00a0i el\u00a0<a href=\"https:\/\/app.bimpactassessment.net\/get-started\/partner\/ungc\">SDG Action Manager<\/a>: dos\u00a0<strong>est\u00e0ndards internacionalment reconeguts i desenvolupats per B Lab que<\/strong>, de car\u00e0cter confidencial, online i gratu\u00efts,\u00a0<strong>permeten mesurar, gestionar i millorar l\u2019impacte social i ambiental<\/strong>\u00a0de tot tipus d\u2019empreses. A dia d\u2019avui, m\u00e9s de 100.000 empreses a tot el m\u00f3n utilitzen l\u2019Avaluaci\u00f3 d\u2019Impacte B i el SDG Action Manager. Aquest \u00faltim, centrat en els ODS i impulsat conjuntament amb el Pacte Mundial de les Nacions Unides, ha possibilitat ja l\u2019establiment de m\u00e9s de 5.000 objectius orientats al compliment dels ODS.<\/p>\n<p>&nbsp;<\/p>\n<p><strong><em>amec<\/em><\/strong>\u00a0promour\u00e0, a m\u00e9s a m\u00e9s, els programes de mesurament de B Lab Spain, com ara\u00a0<a href=\"https:\/\/www.bcorpspain.es\/caminob\">Camino+B<\/a>. Dirigit a mitjans i grans empreses, aquest programa permet conscienciar sobre el rol de les companyies com a agents de canvi, aix\u00ed com mesurar, gestionar i millorar el seu impacte econ\u00f2mic, social i ambiental perqu\u00e8 puguin aprofundir en el seu cam\u00ed cap a la sostenibilitat. L\u2019objectiu \u00e9s permetre que l&#8217;empresa tingui un paper m\u00e9s actiu i amb m\u00e9s capacitat de gesti\u00f3 pel que fa al seu impacte en la societat i el planeta.<\/p>\n<p>&nbsp;<\/p>\n<p>El conveni entronca tamb\u00e9 amb el moviment\u00a0<a href=\"https:\/\/www.amec.es\/positiveindustry\" data-href=\"https:\/\/www.amec.es\/positiveindustry\"><strong>Positive Industry<\/strong><\/a>\u00a0que impulsa la comunitat de les empreses industrials internacionalitzades, i que defensa una ind\u00fastria\u00a0amb un impacte positiu en totes les persones i el planeta. En aquest sentit, B Lab Spain subscriur\u00e0 p\u00fablicament el manifest Positive Industry d\u2019<strong><em>amec<\/em><\/strong>.<\/p>\n<p>&nbsp;<\/p>\n<p><strong><em>amec\u00a0<\/em><\/strong><strong>impulsa els nous factors clau de competitivitat en les empreses<\/strong><\/p>\n<p>La comunitat de les empreses industrials internacionalitzades\u00a0<strong><em>amec<\/em><\/strong>\u00a0impulsa els nous factors clau de competitivitat en les empreses de tot l\u2019Estat:\u00a0<a href=\"https:\/\/www.amec.es\/pl14\/amecnews\/actualidad\/id139\/nueva-mision-y-proposito-de-amec.htm?fcat_14=558\" data-href=\"https:\/\/www.amec.es\/pl14\/amecnews\/actualidad\/id139\/nueva-mision-y-proposito-de-amec.htm?fcat_14=558\"><strong>anticipaci\u00f3, adaptabilitat, col\u00b7laboraci\u00f3, glocalitzaci\u00f3 i sostenibilitat<\/strong><\/a>. Les empreses que formen part d\u2019<strong><em>amec<\/em><\/strong>\u00a0generen un volum d&#8217;exportaci\u00f3 superior als 6.200 milions d&#8217;euros, exporten una mitjana del 53,6% de la seva facturaci\u00f3 i inverteixen el 3,9% en innovaci\u00f3.<\/p>\n<p>&nbsp;<\/p>\n<p><strong>B Lab Spain transforma l\u2019economia per beneficiar les persones i el planeta<\/strong><\/p>\n<p>B Lab Spain \u00e9s una fundaci\u00f3 sense \u00e0nim de lucre que est\u00e0 transformant l&#8217;economia global per beneficiar totes les persones, les comunitats i el planeta. Com a l\u00edder del canvi sist\u00e8mic econ\u00f2mic, la seva xarxa mundial crea est\u00e0ndards, pol\u00edtiques i eines per a les empreses, i certifiquem a companyies, conegudes com a B Corp, que estan liderant aquesta visi\u00f3. Fins la data, la comunitat inclou m\u00e9s de 4.000 B Corps en m\u00e9s de 70 pa\u00efsos, 150 sectors, i m\u00e9s de 100.000 empreses gestionen el seu impacte amb l&#8217;Avaluaci\u00f3 d&#8217;Impacte B i la SDG Action Manager.<\/p>\n<p>&nbsp;<\/p>\n<p>Gr\u00e0cies a aquestes activitats, B Lab Spain est\u00e0 creant una comunitat d&#8217;empreses i empresaris\/es amb la col\u00b7laboraci\u00f3 de el sector p\u00fablic i el tercer sector adre\u00e7ada a el foment de les bones pr\u00e0ctiques empresarials i a la generaci\u00f3 d&#8217;un impacte positiu en la societat, el medi ambient, clients i prove\u00efdors, treballadors i, en definitiva, a tots aquells que tenen relaci\u00f3 amb l&#8217;activitat empresarial. M\u00e9s informaci\u00f3 a:\u00a0<a href=\"https:\/\/www.bcorpspain.es\/\">https:\/\/www.bcorpspain.es<\/a><\/p>\n<p><strong>\u00a0<\/strong><\/p>\n<p><strong>Per a m\u00e9s informaci\u00f3:<\/strong><\/p>\n<p>Gl\u00f2ria Ayuso<\/p>\n<p><a href=\"mailto:Gloria.ayuso@ga-binet.com\">Gloria.ayuso@ga-binet.com<\/a><\/p>\n<p>Tel. 654609518<\/p>\n<p>&nbsp;<\/p>\n<p>Montse Sellar\u00e8s<\/p>\n<p><a href=\"mailto:montse@bcorporation.eu\">montse@bcorporation.eu<\/a><\/p>\n<p>Tel. 603.402.862<\/p>\n","protected":false},"excerpt":{"rendered":"<p>El conveni marc signat per ambdues organitzacions pret\u00e9n fomentar la mesura i gesti\u00f3 de l\u2019impacte positiu de les empreses en la societat i el planeta Barcelona,\u00a0\u200b\u200b30 d\u2019abril de 2021. El director general d\u2019amec, Joan Tristany, i el director executiu de\u00a0B Lab Spain, Pablo S\u00e1nchez, han signat avui un Conveni Marc de\u00a0 Col\u00b7laboraci\u00f3 per tal de [&hellip;]<\/p>\n","protected":false},"author":1,"featured_media":0,"comment_status":"open","ping_status":"open","sticky":false,"template":"","format":"standard","meta":{"inline_featured_image":false,"footnotes":""},"categories":[28],"tags":[],"class_list":["post-5580","post","type-post","status-publish","format-standard","hentry","category-notes-de-premsa"],"yoast_head":"<!-- This site is optimized with the Yoast SEO plugin v27.3 - https:\/\/yoast.com\/product\/yoast-seo-wordpress\/ -->\n<title>amec i B Lab Spain s\u2019alien per afavorir la integraci\u00f3 de la sostenibilitat en les empreses del sector industrial | amec Positive Industry<\/title>\n<meta name=\"robots\" content=\"index, follow, max-snippet:-1, max-image-preview:large, max-video-preview:-1\" \/>\n<link rel=\"canonical\" href=\"https:\/\/amec.es\/ca\/notes-de-premsa\/amec-i-b-lab-spain-salien-per-afavorir-la-integracio-de-la-sostenibilitat-en-les-empreses-del-sector-industrial\/\" \/>\n<meta property=\"og:locale\" content=\"ca_ES\" \/>\n<meta property=\"og:type\" content=\"article\" \/>\n<meta property=\"og:title\" content=\"amec i B Lab Spain s\u2019alien per afavorir la integraci\u00f3 de la sostenibilitat en les empreses del sector industrial | amec Positive Industry\" \/>\n<meta property=\"og:description\" content=\"El conveni marc signat per ambdues organitzacions pret\u00e9n fomentar la mesura i gesti\u00f3 de l\u2019impacte positiu de les empreses en la societat i el planeta Barcelona,\u00a0\u200b\u200b30 d\u2019abril de 2021. El director general d\u2019amec, Joan Tristany, i el director executiu de\u00a0B Lab Spain, Pablo S\u00e1nchez, han signat avui un Conveni Marc de\u00a0 Col\u00b7laboraci\u00f3 per tal de [&hellip;]\" \/>\n<meta property=\"og:url\" content=\"https:\/\/amec.es\/ca\/notes-de-premsa\/amec-i-b-lab-spain-salien-per-afavorir-la-integracio-de-la-sostenibilitat-en-les-empreses-del-sector-industrial\/\" \/>\n<meta property=\"og:site_name\" content=\"amec Positive Industry\" \/>\n<meta property=\"article:published_time\" content=\"2021-04-30T06:59:31+00:00\" \/>\n<meta property=\"og:image\" content=\"https:\/\/amec.es\/wp-content\/uploads\/2024\/02\/Logo_AMEC.png\" \/>\n\t<meta property=\"og:image:width\" content=\"1827\" \/>\n\t<meta property=\"og:image:height\" content=\"438\" \/>\n\t<meta property=\"og:image:type\" content=\"image\/png\" \/>\n<meta name=\"author\" content=\"webmaster\" \/>\n<meta name=\"twitter:card\" content=\"summary_large_image\" \/>\n<meta name=\"twitter:label1\" content=\"Escrit per\" \/>\n\t<meta name=\"twitter:data1\" content=\"webmaster\" \/>\n\t<meta name=\"twitter:label2\" content=\"Temps estimat de lectura\" \/>\n\t<meta name=\"twitter:data2\" content=\"4 minuts\" \/>\n<script type=\"application\/ld+json\" class=\"yoast-schema-graph\">{\"@context\":\"https:\\\/\\\/schema.org\",\"@graph\":[{\"@type\":\"Article\",\"@id\":\"https:\\\/\\\/amec.es\\\/ca\\\/notes-de-premsa\\\/amec-i-b-lab-spain-salien-per-afavorir-la-integracio-de-la-sostenibilitat-en-les-empreses-del-sector-industrial\\\/#article\",\"isPartOf\":{\"@id\":\"https:\\\/\\\/amec.es\\\/ca\\\/notes-de-premsa\\\/amec-i-b-lab-spain-salien-per-afavorir-la-integracio-de-la-sostenibilitat-en-les-empreses-del-sector-industrial\\\/\"},\"author\":{\"name\":\"webmaster\",\"@id\":\"https:\\\/\\\/amec.es\\\/#\\\/schema\\\/person\\\/377e1e145733915506a55297ad2fc830\"},\"headline\":\"amec i B Lab Spain s\u2019alien per afavorir la integraci\u00f3 de la sostenibilitat en les empreses del sector industrial\",\"datePublished\":\"2021-04-30T06:59:31+00:00\",\"mainEntityOfPage\":{\"@id\":\"https:\\\/\\\/amec.es\\\/ca\\\/notes-de-premsa\\\/amec-i-b-lab-spain-salien-per-afavorir-la-integracio-de-la-sostenibilitat-en-les-empreses-del-sector-industrial\\\/\"},\"wordCount\":761,\"commentCount\":0,\"publisher\":{\"@id\":\"https:\\\/\\\/amec.es\\\/#organization\"},\"articleSection\":[\"Notes de premsa\"],\"inLanguage\":\"ca\",\"potentialAction\":[{\"@type\":\"CommentAction\",\"name\":\"Comment\",\"target\":[\"https:\\\/\\\/amec.es\\\/ca\\\/notes-de-premsa\\\/amec-i-b-lab-spain-salien-per-afavorir-la-integracio-de-la-sostenibilitat-en-les-empreses-del-sector-industrial\\\/#respond\"]}]},{\"@type\":\"WebPage\",\"@id\":\"https:\\\/\\\/amec.es\\\/ca\\\/notes-de-premsa\\\/amec-i-b-lab-spain-salien-per-afavorir-la-integracio-de-la-sostenibilitat-en-les-empreses-del-sector-industrial\\\/\",\"url\":\"https:\\\/\\\/amec.es\\\/ca\\\/notes-de-premsa\\\/amec-i-b-lab-spain-salien-per-afavorir-la-integracio-de-la-sostenibilitat-en-les-empreses-del-sector-industrial\\\/\",\"name\":\"amec i B Lab Spain s\u2019alien per afavorir la integraci\u00f3 de la sostenibilitat en les empreses del sector industrial | amec Positive Industry\",\"isPartOf\":{\"@id\":\"https:\\\/\\\/amec.es\\\/#website\"},\"datePublished\":\"2021-04-30T06:59:31+00:00\",\"breadcrumb\":{\"@id\":\"https:\\\/\\\/amec.es\\\/ca\\\/notes-de-premsa\\\/amec-i-b-lab-spain-salien-per-afavorir-la-integracio-de-la-sostenibilitat-en-les-empreses-del-sector-industrial\\\/#breadcrumb\"},\"inLanguage\":\"ca\",\"potentialAction\":[{\"@type\":\"ReadAction\",\"target\":[\"https:\\\/\\\/amec.es\\\/ca\\\/notes-de-premsa\\\/amec-i-b-lab-spain-salien-per-afavorir-la-integracio-de-la-sostenibilitat-en-les-empreses-del-sector-industrial\\\/\"]}]},{\"@type\":\"BreadcrumbList\",\"@id\":\"https:\\\/\\\/amec.es\\\/ca\\\/notes-de-premsa\\\/amec-i-b-lab-spain-salien-per-afavorir-la-integracio-de-la-sostenibilitat-en-les-empreses-del-sector-industrial\\\/#breadcrumb\",\"itemListElement\":[{\"@type\":\"ListItem\",\"position\":1,\"name\":\"Portada\",\"item\":\"https:\\\/\\\/amec.es\\\/ca\\\/home-new\\\/\"},{\"@type\":\"ListItem\",\"position\":2,\"name\":\"amec i B Lab Spain s\u2019alien per afavorir la integraci\u00f3 de la sostenibilitat en les empreses del sector industrial\"}]},{\"@type\":\"WebSite\",\"@id\":\"https:\\\/\\\/amec.es\\\/#website\",\"url\":\"https:\\\/\\\/amec.es\\\/\",\"name\":\"amec Positive Industry\",\"description\":\"\",\"publisher\":{\"@id\":\"https:\\\/\\\/amec.es\\\/#organization\"},\"potentialAction\":[{\"@type\":\"SearchAction\",\"target\":{\"@type\":\"EntryPoint\",\"urlTemplate\":\"https:\\\/\\\/amec.es\\\/?s={search_term_string}\"},\"query-input\":{\"@type\":\"PropertyValueSpecification\",\"valueRequired\":true,\"valueName\":\"search_term_string\"}}],\"inLanguage\":\"ca\"},{\"@type\":\"Organization\",\"@id\":\"https:\\\/\\\/amec.es\\\/#organization\",\"name\":\"amec Positive Industry\",\"url\":\"https:\\\/\\\/amec.es\\\/\",\"logo\":{\"@type\":\"ImageObject\",\"inLanguage\":\"ca\",\"@id\":\"https:\\\/\\\/amec.es\\\/#\\\/schema\\\/logo\\\/image\\\/\",\"url\":\"https:\\\/\\\/amec.es\\\/wp-content\\\/uploads\\\/2023\\\/07\\\/logoamec.png\",\"contentUrl\":\"https:\\\/\\\/amec.es\\\/wp-content\\\/uploads\\\/2023\\\/07\\\/logoamec.png\",\"width\":200,\"height\":48,\"caption\":\"amec Positive Industry\"},\"image\":{\"@id\":\"https:\\\/\\\/amec.es\\\/#\\\/schema\\\/logo\\\/image\\\/\"}},{\"@type\":\"Person\",\"@id\":\"https:\\\/\\\/amec.es\\\/#\\\/schema\\\/person\\\/377e1e145733915506a55297ad2fc830\",\"name\":\"webmaster\",\"image\":{\"@type\":\"ImageObject\",\"inLanguage\":\"ca\",\"@id\":\"https:\\\/\\\/secure.gravatar.com\\\/avatar\\\/1122ff7c82efe2079ddb19cd256fc39ab150caee9b258eeae8928e7f703c39f3?s=96&d=mm&r=g\",\"url\":\"https:\\\/\\\/secure.gravatar.com\\\/avatar\\\/1122ff7c82efe2079ddb19cd256fc39ab150caee9b258eeae8928e7f703c39f3?s=96&d=mm&r=g\",\"contentUrl\":\"https:\\\/\\\/secure.gravatar.com\\\/avatar\\\/1122ff7c82efe2079ddb19cd256fc39ab150caee9b258eeae8928e7f703c39f3?s=96&d=mm&r=g\",\"caption\":\"webmaster\"}}]}<\/script>\n<!-- \/ Yoast SEO plugin. -->","yoast_head_json":{"title":"amec i B Lab Spain s\u2019alien per afavorir la integraci\u00f3 de la sostenibilitat en les empreses del sector industrial | amec Positive Industry","robots":{"index":"index","follow":"follow","max-snippet":"max-snippet:-1","max-image-preview":"max-image-preview:large","max-video-preview":"max-video-preview:-1"},"canonical":"https:\/\/amec.es\/ca\/notes-de-premsa\/amec-i-b-lab-spain-salien-per-afavorir-la-integracio-de-la-sostenibilitat-en-les-empreses-del-sector-industrial\/","og_locale":"ca_ES","og_type":"article","og_title":"amec i B Lab Spain s\u2019alien per afavorir la integraci\u00f3 de la sostenibilitat en les empreses del sector industrial | amec Positive Industry","og_description":"El conveni marc signat per ambdues organitzacions pret\u00e9n fomentar la mesura i gesti\u00f3 de l\u2019impacte positiu de les empreses en la societat i el planeta Barcelona,\u00a0\u200b\u200b30 d\u2019abril de 2021. El director general d\u2019amec, Joan Tristany, i el director executiu de\u00a0B Lab Spain, Pablo S\u00e1nchez, han signat avui un Conveni Marc de\u00a0 Col\u00b7laboraci\u00f3 per tal de [&hellip;]","og_url":"https:\/\/amec.es\/ca\/notes-de-premsa\/amec-i-b-lab-spain-salien-per-afavorir-la-integracio-de-la-sostenibilitat-en-les-empreses-del-sector-industrial\/","og_site_name":"amec Positive Industry","article_published_time":"2021-04-30T06:59:31+00:00","og_image":[{"width":1827,"height":438,"url":"https:\/\/amec.es\/wp-content\/uploads\/2024\/02\/Logo_AMEC.png","type":"image\/png"}],"author":"webmaster","twitter_card":"summary_large_image","twitter_misc":{"Escrit per":"webmaster","Temps estimat de lectura":"4 minuts"},"schema":{"@context":"https:\/\/schema.org","@graph":[{"@type":"Article","@id":"https:\/\/amec.es\/ca\/notes-de-premsa\/amec-i-b-lab-spain-salien-per-afavorir-la-integracio-de-la-sostenibilitat-en-les-empreses-del-sector-industrial\/#article","isPartOf":{"@id":"https:\/\/amec.es\/ca\/notes-de-premsa\/amec-i-b-lab-spain-salien-per-afavorir-la-integracio-de-la-sostenibilitat-en-les-empreses-del-sector-industrial\/"},"author":{"name":"webmaster","@id":"https:\/\/amec.es\/#\/schema\/person\/377e1e145733915506a55297ad2fc830"},"headline":"amec i B Lab Spain s\u2019alien per afavorir la integraci\u00f3 de la sostenibilitat en les empreses del sector industrial","datePublished":"2021-04-30T06:59:31+00:00","mainEntityOfPage":{"@id":"https:\/\/amec.es\/ca\/notes-de-premsa\/amec-i-b-lab-spain-salien-per-afavorir-la-integracio-de-la-sostenibilitat-en-les-empreses-del-sector-industrial\/"},"wordCount":761,"commentCount":0,"publisher":{"@id":"https:\/\/amec.es\/#organization"},"articleSection":["Notes de premsa"],"inLanguage":"ca","potentialAction":[{"@type":"CommentAction","name":"Comment","target":["https:\/\/amec.es\/ca\/notes-de-premsa\/amec-i-b-lab-spain-salien-per-afavorir-la-integracio-de-la-sostenibilitat-en-les-empreses-del-sector-industrial\/#respond"]}]},{"@type":"WebPage","@id":"https:\/\/amec.es\/ca\/notes-de-premsa\/amec-i-b-lab-spain-salien-per-afavorir-la-integracio-de-la-sostenibilitat-en-les-empreses-del-sector-industrial\/","url":"https:\/\/amec.es\/ca\/notes-de-premsa\/amec-i-b-lab-spain-salien-per-afavorir-la-integracio-de-la-sostenibilitat-en-les-empreses-del-sector-industrial\/","name":"amec i B Lab Spain s\u2019alien per afavorir la integraci\u00f3 de la sostenibilitat en les empreses del sector industrial | amec Positive Industry","isPartOf":{"@id":"https:\/\/amec.es\/#website"},"datePublished":"2021-04-30T06:59:31+00:00","breadcrumb":{"@id":"https:\/\/amec.es\/ca\/notes-de-premsa\/amec-i-b-lab-spain-salien-per-afavorir-la-integracio-de-la-sostenibilitat-en-les-empreses-del-sector-industrial\/#breadcrumb"},"inLanguage":"ca","potentialAction":[{"@type":"ReadAction","target":["https:\/\/amec.es\/ca\/notes-de-premsa\/amec-i-b-lab-spain-salien-per-afavorir-la-integracio-de-la-sostenibilitat-en-les-empreses-del-sector-industrial\/"]}]},{"@type":"BreadcrumbList","@id":"https:\/\/amec.es\/ca\/notes-de-premsa\/amec-i-b-lab-spain-salien-per-afavorir-la-integracio-de-la-sostenibilitat-en-les-empreses-del-sector-industrial\/#breadcrumb","itemListElement":[{"@type":"ListItem","position":1,"name":"Portada","item":"https:\/\/amec.es\/ca\/home-new\/"},{"@type":"ListItem","position":2,"name":"amec i B Lab Spain s\u2019alien per afavorir la integraci\u00f3 de la sostenibilitat en les empreses del sector industrial"}]},{"@type":"WebSite","@id":"https:\/\/amec.es\/#website","url":"https:\/\/amec.es\/","name":"amec Positive Industry","description":"","publisher":{"@id":"https:\/\/amec.es\/#organization"},"potentialAction":[{"@type":"SearchAction","target":{"@type":"EntryPoint","urlTemplate":"https:\/\/amec.es\/?s={search_term_string}"},"query-input":{"@type":"PropertyValueSpecification","valueRequired":true,"valueName":"search_term_string"}}],"inLanguage":"ca"},{"@type":"Organization","@id":"https:\/\/amec.es\/#organization","name":"amec Positive Industry","url":"https:\/\/amec.es\/","logo":{"@type":"ImageObject","inLanguage":"ca","@id":"https:\/\/amec.es\/#\/schema\/logo\/image\/","url":"https:\/\/amec.es\/wp-content\/uploads\/2023\/07\/logoamec.png","contentUrl":"https:\/\/amec.es\/wp-content\/uploads\/2023\/07\/logoamec.png","width":200,"height":48,"caption":"amec Positive Industry"},"image":{"@id":"https:\/\/amec.es\/#\/schema\/logo\/image\/"}},{"@type":"Person","@id":"https:\/\/amec.es\/#\/schema\/person\/377e1e145733915506a55297ad2fc830","name":"webmaster","image":{"@type":"ImageObject","inLanguage":"ca","@id":"https:\/\/secure.gravatar.com\/avatar\/1122ff7c82efe2079ddb19cd256fc39ab150caee9b258eeae8928e7f703c39f3?s=96&d=mm&r=g","url":"https:\/\/secure.gravatar.com\/avatar\/1122ff7c82efe2079ddb19cd256fc39ab150caee9b258eeae8928e7f703c39f3?s=96&d=mm&r=g","contentUrl":"https:\/\/secure.gravatar.com\/avatar\/1122ff7c82efe2079ddb19cd256fc39ab150caee9b258eeae8928e7f703c39f3?s=96&d=mm&r=g","caption":"webmaster"}}]}},"_links":{"self":[{"href":"https:\/\/amec.es\/ca\/wp-json\/wp\/v2\/posts\/5580","targetHints":{"allow":["GET"]}}],"collection":[{"href":"https:\/\/amec.es\/ca\/wp-json\/wp\/v2\/posts"}],"about":[{"href":"https:\/\/amec.es\/ca\/wp-json\/wp\/v2\/types\/post"}],"author":[{"embeddable":true,"href":"https:\/\/amec.es\/ca\/wp-json\/wp\/v2\/users\/1"}],"replies":[{"embeddable":true,"href":"https:\/\/amec.es\/ca\/wp-json\/wp\/v2\/comments?post=5580"}],"version-history":[{"count":0,"href":"https:\/\/amec.es\/ca\/wp-json\/wp\/v2\/posts\/5580\/revisions"}],"wp:attachment":[{"href":"https:\/\/amec.es\/ca\/wp-json\/wp\/v2\/media?parent=5580"}],"wp:term":[{"taxonomy":"category","embeddable":true,"href":"https:\/\/amec.es\/ca\/wp-json\/wp\/v2\/categories?post=5580"},{"taxonomy":"post_tag","embeddable":true,"href":"https:\/\/amec.es\/ca\/wp-json\/wp\/v2\/tags?post=5580"}],"curies":[{"name":"wp","href":"https:\/\/api.w.org\/{rel}","templated":true}]}}