{"id":6323,"date":"2020-11-04T09:16:42","date_gmt":"2020-11-04T09:16:42","guid":{"rendered":"https:\/\/wecreatedesign.co\/dev\/WP\/amec\/?p=4468"},"modified":"2020-11-04T09:16:42","modified_gmt":"2020-11-04T09:16:42","slug":"multiscan-i-radarprocess-finalitzen-amb-gran-exit-el-programa-de-mentoria-damec","status":"publish","type":"post","link":"https:\/\/amec.es\/ca\/actualitat\/multiscan-i-radarprocess-finalitzen-amb-gran-exit-el-programa-de-mentoria-damec\/","title":{"rendered":"Multiscan i Radarprocess finalitzen amb gran \u00e8xit el programa de mentoria d&#8217;amec"},"content":{"rendered":"<div class=\"amplada-pagina fecha_pub\">4 de novembre de 2020<\/div>\n<div class=\"amplada-pagina descripcion\">\n<p><strong><img fetchpriority=\"high\" decoding=\"async\" src=\"https:\/\/www.amec.es\/media\/site1\/cache\/images\/mentoring-radarprocess-multiscan-redim-w500-h375.jpg\" alt=\"mentoring-radarprocess-multiscan.jpg\" width=\"500\" height=\"375\" \/>Multiscan i Radarprocess<\/strong>\u00a0han participat en el\u00a0<strong>programa de mentoria<\/strong>\u00a0d&#8217;<strong><em>amec<\/em><\/strong>, amb un resultat que les dues parts qualifiquen d&#8217;espl\u00e8ndid. Radarprocess, interessada a entrar en \u00a0un nou mercat del continent americ\u00e0, va sol\u00b7licitar un proc\u00e9s de mentoria per part d&#8217;una empresa que ja hagu\u00e9s realitzat aquests passos.\u00a0<strong><em>amec<\/em><\/strong>\u00a0va estudiar el cas i, despr\u00e9s d&#8217;una recerca exhaustiva entre la seva comunitat, va comprovar que Multiscan era una empresa perfecta per ensenyar com desembarcar en aquest mercat.<\/p>\n<p>&nbsp;<\/p>\n<p><strong>\u00abGr\u00e0cies a la gran experi\u00e8ncia de Multiscan, ha estat molt m\u00e9s f\u00e0cil elaborar el pla d&#8217;acci\u00f3 per a la implantaci\u00f3 i iniciar aquest projecte internacional\u00bb<\/strong>, destaca el responsable d&#8217;exportacions de Radarprocess, Manuel Rodr\u00edguez.<\/p>\n<p>&nbsp;<\/p>\n<p>Ambdues empreses ens destaquen tot el que els ha aportat, en un clar exemple de com la comunitat\u00a0<strong><em>amec<\/em><\/strong>\u00a0pot ser un dels millors recursos per impulsar nous projectes amb menys temps i risc, i per resoldre dubtes estrat\u00e8gics de les empreses.\u00a0<em><strong>amec<\/strong><\/em>\u00a0desenvolupa un programa de mentoria per ajudar les empreses a guanyar impuls o poder dur a terme un projecte mitjan\u00e7ant el contacte d&#8217;una empresa amb gran\u00a0<em>experi\u00e8ncia\u00a0<\/em>en aquest mateix \u00e0mbit, que l&#8217;orienta i li serveix de guia.<\/p>\n<p>&nbsp;<\/p>\n<p>Despr\u00e9s de posar en contacte els dos directors generals, Eduard Gisbert (Radarprocess) i \u00c1lvaro Soler (Multiscan), totes dues empreses es van posar a treballar. Segons el responsable d&#8217;exportacions de Radarprocess, el valor del programa \u00e9s que\u00a0<strong>\u00abvam rebre informaci\u00f3 molt necess\u00e0ria a trav\u00e9s d&#8217;una empresa de caracter\u00edstiques similars a les nostres, Multiscan. Es tracta d&#8217;informaci\u00f3 completament pr\u00e0ctica i concreta, molt dif\u00edcil d&#8217;obtenir si no \u00e9s d&#8217;alg\u00fa que ha passat pel mateix proc\u00e9s. La transfer\u00e8ncia de coneixement assolida \u00e9s d&#8217;un valor molt elevat, superior a quan contactes amb un consultor\u00bb<\/strong>, assegura Rodr\u00edguez. Per aix\u00f2, despr\u00e9s de l&#8217;experi\u00e8ncia, considera que\u00a0<strong>\u00abposar en contacte a alg\u00fa que vol desenvolupar un projecte amb una altra persona que ja ho ha fet \u00e9s una bon\u00edssima idea\u00bb<\/strong>.<\/p>\n<p>&nbsp;<\/p>\n<p>Ambdues empreses constaten que, per aconseguir l&#8217;\u00e8xit, ha estat necessari un bon treball previ de compatibilitat entre les dues companyies, que desenvolupa\u00a0<strong><em>amec<\/em><\/strong>: no s\u00f3n compet\u00e8ncia, totes dues tenen una dimensi\u00f3 i facturaci\u00f3 similar i busquen objectius assimilables. Aconseguir una bona conjunci\u00f3\u00a0<strong>\u00ab\u00e9s essencial\u00bb<\/strong>. De la mateixa manera, el paper de mentor \u00e9s molt important.\u00a0<strong>\u00ab\u00c1lvaro ha sigut un excel\u00b7lent mentor. Ha compartit tot el seu coneixement i la seva experi\u00e8ncia sense dubtar-ne ni un moment. Ens ha ensenyat com actuar en cada fase, pas a pas\u00bb<\/strong>, afirma Rodr\u00edguez.<\/p>\n<p>&nbsp;<\/p>\n<p>El responsable de col\u00b7laboraci\u00f3 d&#8217;<strong><em>amec<\/em><\/strong>\u00a0i del programa de mentoria, Sergi Fabregat, elabora, en funci\u00f3 de les caracter\u00edstiques de cada projecte, el calendari i les sessions que els participants han de seguir, i realitza un seguiment durant tot el proc\u00e9s.\u00a0<strong>\u00abFabregat ens va ajudar a no desviar-nos del tema i aprofitar al m\u00e0xim el temps destinat\u00bb<\/strong>, afirma \u00c1lvaro Soler.\u00a0Com a resultat, el proc\u00e9s\u00a0<strong>\u00abha sigut molt productiu i hem complert el calendari establert\u00bb<\/strong>, indiquen totes dues parts. Durant tot el programa, Multiscan ha assenyalat a Radarprocess els passos a seguir en el pla d&#8217;implantaci\u00f3 en el nou mercat, i Radarprocess ha anat treballant entre\u00a0\u00a0sessions, en un procediment que s&#8217;ha anat seguint tal com s&#8217;havia dissenyat.<\/p>\n<p>&nbsp;<\/p>\n<p>L&#8217;<strong>experi\u00e8ncia de Multiscan ha servit per estalviar costos a Radarprocess i optar des dels inicis per les vies m\u00e9s efectives<\/strong>, sense ensopegades que s\u00ed va haver de salvar en el seu moment Multiscan.\u00a0<strong>\u00abPoder ajudar alg\u00fa a evitar un entrebanc que un mateix ja ha patit et fa sentir b\u00e9. Que no li costi els diners que t&#8217;ha costat a tu\u00bb<\/strong>, explica el director general de Multiscan.\u00a0A m\u00e9s d&#8217;oferir molt coneixement, Multiscan tamb\u00e9 afirma haver-ne rebut. Segons \u00c1lvaro Soler, l&#8217;experi\u00e8ncia ha sigut igual de positiva:\u00a0<strong>\u00abHe conegut formes diferents de fer les coses en el mateix mercat; de quina manera una altra empresa adapta les coses a la seva manera de fer. Aix\u00f2 m&#8217;ha aportat una visi\u00f3 diferent. Tamb\u00e9 he apr\u00e8s molt\u00edssim\u00bb<\/strong>, explica.<\/p>\n<p>&nbsp;<\/p>\n<p>Soler destaca que, fruit d&#8217;haver participat en aquest programa,\u00a0<strong>\u00abs&#8217;han creat lla\u00e7os, s&#8217;ha establert una gran confian\u00e7a m\u00fatua. Si hagu\u00e9ssim de fer negocis junts, sens dubte tenim la sintonia necess\u00e0ria; seria f\u00e0cil. S&#8217;ha creat un benefici intangible entre totes dues parts\u00bb<\/strong>. Per al responsable de Multiscan\u00a0<strong>\u00abdonar sempre \u00e9s positiu. La vida dona moltes voltes\u00bb<\/strong>.<\/p>\n<\/div>\n","protected":false},"excerpt":{"rendered":"<p>4 de novembre de 2020 Multiscan i Radarprocess\u00a0han participat en el\u00a0programa de mentoria\u00a0d&#8217;amec, amb un resultat que les dues parts qualifiquen d&#8217;espl\u00e8ndid. Radarprocess, interessada a entrar en \u00a0un nou mercat del continent americ\u00e0, va sol\u00b7licitar un proc\u00e9s de mentoria per part d&#8217;una empresa que ja hagu\u00e9s realitzat aquests passos.\u00a0amec\u00a0va estudiar el cas i, despr\u00e9s d&#8217;una [&hellip;]<\/p>\n","protected":false},"author":1,"featured_media":4470,"comment_status":"open","ping_status":"open","sticky":false,"template":"","format":"standard","meta":{"inline_featured_image":false,"footnotes":""},"categories":[27],"tags":[],"class_list":["post-6323","post","type-post","status-publish","format-standard","has-post-thumbnail","hentry","category-actualitat"],"yoast_head":"<!-- This site is optimized with the Yoast SEO plugin v27.3 - https:\/\/yoast.com\/product\/yoast-seo-wordpress\/ -->\n<title>Multiscan i Radarprocess finalitzen amb gran \u00e8xit el programa de mentoria d&#039;amec | amec Positive Industry<\/title>\n<meta name=\"robots\" content=\"index, follow, max-snippet:-1, max-image-preview:large, max-video-preview:-1\" \/>\n<link rel=\"canonical\" href=\"https:\/\/amec.es\/ca\/actualitat\/multiscan-i-radarprocess-finalitzen-amb-gran-exit-el-programa-de-mentoria-damec\/\" \/>\n<meta property=\"og:locale\" content=\"ca_ES\" \/>\n<meta property=\"og:type\" content=\"article\" \/>\n<meta property=\"og:title\" content=\"Multiscan i Radarprocess finalitzen amb gran \u00e8xit el programa de mentoria d&#039;amec | amec Positive Industry\" \/>\n<meta property=\"og:description\" content=\"4 de novembre de 2020 Multiscan i Radarprocess\u00a0han participat en el\u00a0programa de mentoria\u00a0d&#8217;amec, amb un resultat que les dues parts qualifiquen d&#8217;espl\u00e8ndid. Radarprocess, interessada a entrar en \u00a0un nou mercat del continent americ\u00e0, va sol\u00b7licitar un proc\u00e9s de mentoria per part d&#8217;una empresa que ja hagu\u00e9s realitzat aquests passos.\u00a0amec\u00a0va estudiar el cas i, despr\u00e9s d&#8217;una [&hellip;]\" \/>\n<meta property=\"og:url\" content=\"https:\/\/amec.es\/ca\/actualitat\/multiscan-i-radarprocess-finalitzen-amb-gran-exit-el-programa-de-mentoria-damec\/\" \/>\n<meta property=\"og:site_name\" content=\"amec Positive Industry\" \/>\n<meta property=\"article:published_time\" content=\"2020-11-04T09:16:42+00:00\" \/>\n<meta property=\"og:image\" content=\"https:\/\/amec.es\/wp-content\/uploads\/2024\/02\/Logo_AMEC.png\" \/>\n\t<meta property=\"og:image:width\" content=\"1827\" \/>\n\t<meta property=\"og:image:height\" content=\"438\" \/>\n\t<meta property=\"og:image:type\" content=\"image\/png\" \/>\n<meta name=\"author\" content=\"webmaster\" \/>\n<meta name=\"twitter:card\" content=\"summary_large_image\" \/>\n<meta name=\"twitter:label1\" content=\"Escrit per\" \/>\n\t<meta name=\"twitter:data1\" content=\"webmaster\" \/>\n\t<meta name=\"twitter:label2\" content=\"Temps estimat de lectura\" \/>\n\t<meta name=\"twitter:data2\" content=\"4 minuts\" \/>\n<script type=\"application\/ld+json\" class=\"yoast-schema-graph\">{\"@context\":\"https:\\\/\\\/schema.org\",\"@graph\":[{\"@type\":\"Article\",\"@id\":\"https:\\\/\\\/amec.es\\\/ca\\\/actualitat\\\/multiscan-i-radarprocess-finalitzen-amb-gran-exit-el-programa-de-mentoria-damec\\\/#article\",\"isPartOf\":{\"@id\":\"https:\\\/\\\/amec.es\\\/ca\\\/actualitat\\\/multiscan-i-radarprocess-finalitzen-amb-gran-exit-el-programa-de-mentoria-damec\\\/\"},\"author\":{\"name\":\"webmaster\",\"@id\":\"https:\\\/\\\/amec.es\\\/#\\\/schema\\\/person\\\/377e1e145733915506a55297ad2fc830\"},\"headline\":\"Multiscan i Radarprocess finalitzen amb gran \u00e8xit el programa de mentoria d&#8217;amec\",\"datePublished\":\"2020-11-04T09:16:42+00:00\",\"mainEntityOfPage\":{\"@id\":\"https:\\\/\\\/amec.es\\\/ca\\\/actualitat\\\/multiscan-i-radarprocess-finalitzen-amb-gran-exit-el-programa-de-mentoria-damec\\\/\"},\"wordCount\":795,\"commentCount\":0,\"publisher\":{\"@id\":\"https:\\\/\\\/amec.es\\\/#organization\"},\"image\":{\"@id\":\"https:\\\/\\\/amec.es\\\/ca\\\/actualitat\\\/multiscan-i-radarprocess-finalitzen-amb-gran-exit-el-programa-de-mentoria-damec\\\/#primaryimage\"},\"thumbnailUrl\":\"\",\"articleSection\":[\"Actualitat\"],\"inLanguage\":\"ca\",\"potentialAction\":[{\"@type\":\"CommentAction\",\"name\":\"Comment\",\"target\":[\"https:\\\/\\\/amec.es\\\/ca\\\/actualitat\\\/multiscan-i-radarprocess-finalitzen-amb-gran-exit-el-programa-de-mentoria-damec\\\/#respond\"]}]},{\"@type\":\"WebPage\",\"@id\":\"https:\\\/\\\/amec.es\\\/ca\\\/actualitat\\\/multiscan-i-radarprocess-finalitzen-amb-gran-exit-el-programa-de-mentoria-damec\\\/\",\"url\":\"https:\\\/\\\/amec.es\\\/ca\\\/actualitat\\\/multiscan-i-radarprocess-finalitzen-amb-gran-exit-el-programa-de-mentoria-damec\\\/\",\"name\":\"Multiscan i Radarprocess finalitzen amb gran \u00e8xit el programa de mentoria d'amec | amec Positive Industry\",\"isPartOf\":{\"@id\":\"https:\\\/\\\/amec.es\\\/#website\"},\"primaryImageOfPage\":{\"@id\":\"https:\\\/\\\/amec.es\\\/ca\\\/actualitat\\\/multiscan-i-radarprocess-finalitzen-amb-gran-exit-el-programa-de-mentoria-damec\\\/#primaryimage\"},\"image\":{\"@id\":\"https:\\\/\\\/amec.es\\\/ca\\\/actualitat\\\/multiscan-i-radarprocess-finalitzen-amb-gran-exit-el-programa-de-mentoria-damec\\\/#primaryimage\"},\"thumbnailUrl\":\"\",\"datePublished\":\"2020-11-04T09:16:42+00:00\",\"breadcrumb\":{\"@id\":\"https:\\\/\\\/amec.es\\\/ca\\\/actualitat\\\/multiscan-i-radarprocess-finalitzen-amb-gran-exit-el-programa-de-mentoria-damec\\\/#breadcrumb\"},\"inLanguage\":\"ca\",\"potentialAction\":[{\"@type\":\"ReadAction\",\"target\":[\"https:\\\/\\\/amec.es\\\/ca\\\/actualitat\\\/multiscan-i-radarprocess-finalitzen-amb-gran-exit-el-programa-de-mentoria-damec\\\/\"]}]},{\"@type\":\"ImageObject\",\"inLanguage\":\"ca\",\"@id\":\"https:\\\/\\\/amec.es\\\/ca\\\/actualitat\\\/multiscan-i-radarprocess-finalitzen-amb-gran-exit-el-programa-de-mentoria-damec\\\/#primaryimage\",\"url\":\"\",\"contentUrl\":\"\"},{\"@type\":\"BreadcrumbList\",\"@id\":\"https:\\\/\\\/amec.es\\\/ca\\\/actualitat\\\/multiscan-i-radarprocess-finalitzen-amb-gran-exit-el-programa-de-mentoria-damec\\\/#breadcrumb\",\"itemListElement\":[{\"@type\":\"ListItem\",\"position\":1,\"name\":\"Portada\",\"item\":\"https:\\\/\\\/amec.es\\\/ca\\\/home-new\\\/\"},{\"@type\":\"ListItem\",\"position\":2,\"name\":\"Multiscan i Radarprocess finalitzen amb gran \u00e8xit el programa de mentoria d&#8217;amec\"}]},{\"@type\":\"WebSite\",\"@id\":\"https:\\\/\\\/amec.es\\\/#website\",\"url\":\"https:\\\/\\\/amec.es\\\/\",\"name\":\"amec Positive Industry\",\"description\":\"\",\"publisher\":{\"@id\":\"https:\\\/\\\/amec.es\\\/#organization\"},\"potentialAction\":[{\"@type\":\"SearchAction\",\"target\":{\"@type\":\"EntryPoint\",\"urlTemplate\":\"https:\\\/\\\/amec.es\\\/?s={search_term_string}\"},\"query-input\":{\"@type\":\"PropertyValueSpecification\",\"valueRequired\":true,\"valueName\":\"search_term_string\"}}],\"inLanguage\":\"ca\"},{\"@type\":\"Organization\",\"@id\":\"https:\\\/\\\/amec.es\\\/#organization\",\"name\":\"amec Positive Industry\",\"url\":\"https:\\\/\\\/amec.es\\\/\",\"logo\":{\"@type\":\"ImageObject\",\"inLanguage\":\"ca\",\"@id\":\"https:\\\/\\\/amec.es\\\/#\\\/schema\\\/logo\\\/image\\\/\",\"url\":\"https:\\\/\\\/amec.es\\\/wp-content\\\/uploads\\\/2023\\\/07\\\/logoamec.png\",\"contentUrl\":\"https:\\\/\\\/amec.es\\\/wp-content\\\/uploads\\\/2023\\\/07\\\/logoamec.png\",\"width\":200,\"height\":48,\"caption\":\"amec Positive Industry\"},\"image\":{\"@id\":\"https:\\\/\\\/amec.es\\\/#\\\/schema\\\/logo\\\/image\\\/\"}},{\"@type\":\"Person\",\"@id\":\"https:\\\/\\\/amec.es\\\/#\\\/schema\\\/person\\\/377e1e145733915506a55297ad2fc830\",\"name\":\"webmaster\",\"image\":{\"@type\":\"ImageObject\",\"inLanguage\":\"ca\",\"@id\":\"https:\\\/\\\/secure.gravatar.com\\\/avatar\\\/1122ff7c82efe2079ddb19cd256fc39ab150caee9b258eeae8928e7f703c39f3?s=96&d=mm&r=g\",\"url\":\"https:\\\/\\\/secure.gravatar.com\\\/avatar\\\/1122ff7c82efe2079ddb19cd256fc39ab150caee9b258eeae8928e7f703c39f3?s=96&d=mm&r=g\",\"contentUrl\":\"https:\\\/\\\/secure.gravatar.com\\\/avatar\\\/1122ff7c82efe2079ddb19cd256fc39ab150caee9b258eeae8928e7f703c39f3?s=96&d=mm&r=g\",\"caption\":\"webmaster\"}}]}<\/script>\n<!-- \/ Yoast SEO plugin. -->","yoast_head_json":{"title":"Multiscan i Radarprocess finalitzen amb gran \u00e8xit el programa de mentoria d'amec | amec Positive Industry","robots":{"index":"index","follow":"follow","max-snippet":"max-snippet:-1","max-image-preview":"max-image-preview:large","max-video-preview":"max-video-preview:-1"},"canonical":"https:\/\/amec.es\/ca\/actualitat\/multiscan-i-radarprocess-finalitzen-amb-gran-exit-el-programa-de-mentoria-damec\/","og_locale":"ca_ES","og_type":"article","og_title":"Multiscan i Radarprocess finalitzen amb gran \u00e8xit el programa de mentoria d'amec | amec Positive Industry","og_description":"4 de novembre de 2020 Multiscan i Radarprocess\u00a0han participat en el\u00a0programa de mentoria\u00a0d&#8217;amec, amb un resultat que les dues parts qualifiquen d&#8217;espl\u00e8ndid. Radarprocess, interessada a entrar en \u00a0un nou mercat del continent americ\u00e0, va sol\u00b7licitar un proc\u00e9s de mentoria per part d&#8217;una empresa que ja hagu\u00e9s realitzat aquests passos.\u00a0amec\u00a0va estudiar el cas i, despr\u00e9s d&#8217;una [&hellip;]","og_url":"https:\/\/amec.es\/ca\/actualitat\/multiscan-i-radarprocess-finalitzen-amb-gran-exit-el-programa-de-mentoria-damec\/","og_site_name":"amec Positive Industry","article_published_time":"2020-11-04T09:16:42+00:00","og_image":[{"width":1827,"height":438,"url":"https:\/\/amec.es\/wp-content\/uploads\/2024\/02\/Logo_AMEC.png","type":"image\/png"}],"author":"webmaster","twitter_card":"summary_large_image","twitter_misc":{"Escrit per":"webmaster","Temps estimat de lectura":"4 minuts"},"schema":{"@context":"https:\/\/schema.org","@graph":[{"@type":"Article","@id":"https:\/\/amec.es\/ca\/actualitat\/multiscan-i-radarprocess-finalitzen-amb-gran-exit-el-programa-de-mentoria-damec\/#article","isPartOf":{"@id":"https:\/\/amec.es\/ca\/actualitat\/multiscan-i-radarprocess-finalitzen-amb-gran-exit-el-programa-de-mentoria-damec\/"},"author":{"name":"webmaster","@id":"https:\/\/amec.es\/#\/schema\/person\/377e1e145733915506a55297ad2fc830"},"headline":"Multiscan i Radarprocess finalitzen amb gran \u00e8xit el programa de mentoria d&#8217;amec","datePublished":"2020-11-04T09:16:42+00:00","mainEntityOfPage":{"@id":"https:\/\/amec.es\/ca\/actualitat\/multiscan-i-radarprocess-finalitzen-amb-gran-exit-el-programa-de-mentoria-damec\/"},"wordCount":795,"commentCount":0,"publisher":{"@id":"https:\/\/amec.es\/#organization"},"image":{"@id":"https:\/\/amec.es\/ca\/actualitat\/multiscan-i-radarprocess-finalitzen-amb-gran-exit-el-programa-de-mentoria-damec\/#primaryimage"},"thumbnailUrl":"","articleSection":["Actualitat"],"inLanguage":"ca","potentialAction":[{"@type":"CommentAction","name":"Comment","target":["https:\/\/amec.es\/ca\/actualitat\/multiscan-i-radarprocess-finalitzen-amb-gran-exit-el-programa-de-mentoria-damec\/#respond"]}]},{"@type":"WebPage","@id":"https:\/\/amec.es\/ca\/actualitat\/multiscan-i-radarprocess-finalitzen-amb-gran-exit-el-programa-de-mentoria-damec\/","url":"https:\/\/amec.es\/ca\/actualitat\/multiscan-i-radarprocess-finalitzen-amb-gran-exit-el-programa-de-mentoria-damec\/","name":"Multiscan i Radarprocess finalitzen amb gran \u00e8xit el programa de mentoria d'amec | amec Positive Industry","isPartOf":{"@id":"https:\/\/amec.es\/#website"},"primaryImageOfPage":{"@id":"https:\/\/amec.es\/ca\/actualitat\/multiscan-i-radarprocess-finalitzen-amb-gran-exit-el-programa-de-mentoria-damec\/#primaryimage"},"image":{"@id":"https:\/\/amec.es\/ca\/actualitat\/multiscan-i-radarprocess-finalitzen-amb-gran-exit-el-programa-de-mentoria-damec\/#primaryimage"},"thumbnailUrl":"","datePublished":"2020-11-04T09:16:42+00:00","breadcrumb":{"@id":"https:\/\/amec.es\/ca\/actualitat\/multiscan-i-radarprocess-finalitzen-amb-gran-exit-el-programa-de-mentoria-damec\/#breadcrumb"},"inLanguage":"ca","potentialAction":[{"@type":"ReadAction","target":["https:\/\/amec.es\/ca\/actualitat\/multiscan-i-radarprocess-finalitzen-amb-gran-exit-el-programa-de-mentoria-damec\/"]}]},{"@type":"ImageObject","inLanguage":"ca","@id":"https:\/\/amec.es\/ca\/actualitat\/multiscan-i-radarprocess-finalitzen-amb-gran-exit-el-programa-de-mentoria-damec\/#primaryimage","url":"","contentUrl":""},{"@type":"BreadcrumbList","@id":"https:\/\/amec.es\/ca\/actualitat\/multiscan-i-radarprocess-finalitzen-amb-gran-exit-el-programa-de-mentoria-damec\/#breadcrumb","itemListElement":[{"@type":"ListItem","position":1,"name":"Portada","item":"https:\/\/amec.es\/ca\/home-new\/"},{"@type":"ListItem","position":2,"name":"Multiscan i Radarprocess finalitzen amb gran \u00e8xit el programa de mentoria d&#8217;amec"}]},{"@type":"WebSite","@id":"https:\/\/amec.es\/#website","url":"https:\/\/amec.es\/","name":"amec Positive Industry","description":"","publisher":{"@id":"https:\/\/amec.es\/#organization"},"potentialAction":[{"@type":"SearchAction","target":{"@type":"EntryPoint","urlTemplate":"https:\/\/amec.es\/?s={search_term_string}"},"query-input":{"@type":"PropertyValueSpecification","valueRequired":true,"valueName":"search_term_string"}}],"inLanguage":"ca"},{"@type":"Organization","@id":"https:\/\/amec.es\/#organization","name":"amec Positive Industry","url":"https:\/\/amec.es\/","logo":{"@type":"ImageObject","inLanguage":"ca","@id":"https:\/\/amec.es\/#\/schema\/logo\/image\/","url":"https:\/\/amec.es\/wp-content\/uploads\/2023\/07\/logoamec.png","contentUrl":"https:\/\/amec.es\/wp-content\/uploads\/2023\/07\/logoamec.png","width":200,"height":48,"caption":"amec Positive Industry"},"image":{"@id":"https:\/\/amec.es\/#\/schema\/logo\/image\/"}},{"@type":"Person","@id":"https:\/\/amec.es\/#\/schema\/person\/377e1e145733915506a55297ad2fc830","name":"webmaster","image":{"@type":"ImageObject","inLanguage":"ca","@id":"https:\/\/secure.gravatar.com\/avatar\/1122ff7c82efe2079ddb19cd256fc39ab150caee9b258eeae8928e7f703c39f3?s=96&d=mm&r=g","url":"https:\/\/secure.gravatar.com\/avatar\/1122ff7c82efe2079ddb19cd256fc39ab150caee9b258eeae8928e7f703c39f3?s=96&d=mm&r=g","contentUrl":"https:\/\/secure.gravatar.com\/avatar\/1122ff7c82efe2079ddb19cd256fc39ab150caee9b258eeae8928e7f703c39f3?s=96&d=mm&r=g","caption":"webmaster"}}]}},"_links":{"self":[{"href":"https:\/\/amec.es\/ca\/wp-json\/wp\/v2\/posts\/6323","targetHints":{"allow":["GET"]}}],"collection":[{"href":"https:\/\/amec.es\/ca\/wp-json\/wp\/v2\/posts"}],"about":[{"href":"https:\/\/amec.es\/ca\/wp-json\/wp\/v2\/types\/post"}],"author":[{"embeddable":true,"href":"https:\/\/amec.es\/ca\/wp-json\/wp\/v2\/users\/1"}],"replies":[{"embeddable":true,"href":"https:\/\/amec.es\/ca\/wp-json\/wp\/v2\/comments?post=6323"}],"version-history":[{"count":0,"href":"https:\/\/amec.es\/ca\/wp-json\/wp\/v2\/posts\/6323\/revisions"}],"wp:featuredmedia":[{"embeddable":true,"href":"https:\/\/amec.es\/ca\/wp-json\/"}],"wp:attachment":[{"href":"https:\/\/amec.es\/ca\/wp-json\/wp\/v2\/media?parent=6323"}],"wp:term":[{"taxonomy":"category","embeddable":true,"href":"https:\/\/amec.es\/ca\/wp-json\/wp\/v2\/categories?post=6323"},{"taxonomy":"post_tag","embeddable":true,"href":"https:\/\/amec.es\/ca\/wp-json\/wp\/v2\/tags?post=6323"}],"curies":[{"name":"wp","href":"https:\/\/api.w.org\/{rel}","templated":true}]}}