{"id":6328,"date":"2020-10-27T05:49:44","date_gmt":"2020-10-27T05:49:44","guid":{"rendered":"https:\/\/wecreatedesign.co\/dev\/WP\/amec\/?p=5427"},"modified":"2020-10-27T05:49:44","modified_gmt":"2020-10-27T05:49:44","slug":"trump-biden-i-la-politica-industrial","status":"publish","type":"post","link":"https:\/\/amec.es\/ca\/articles-dexperts\/trump-biden-i-la-politica-industrial\/","title":{"rendered":"Trump, Biden i la pol\u00edtica industrial"},"content":{"rendered":"","protected":false},"excerpt":{"rendered":"<p>En un moment en qu\u00e8 Dem\u00f2crates i Republicans discrepen en gaireb\u00e9 tot, hi ha un tema en qu\u00e8 tots dos coincideixen: s&#8217;ha de refor\u00e7ar la pol\u00edtica industrial i la innovaci\u00f3 dels Estats Units. Tant Trump com Biden coincideixen en la necessitat d&#8217;una&#8230;<\/p>\n","protected":false},"author":1,"featured_media":5458,"comment_status":"open","ping_status":"open","sticky":false,"template":"","format":"standard","meta":{"inline_featured_image":false,"footnotes":""},"categories":[29],"tags":[],"class_list":["post-6328","post","type-post","status-publish","format-standard","has-post-thumbnail","hentry","category-articles-dexperts"],"yoast_head":"<!-- This site is optimized with the Yoast SEO plugin v27.3 - https:\/\/yoast.com\/product\/yoast-seo-wordpress\/ -->\n<title>Trump, Biden i la pol\u00edtica industrial | amec Positive Industry<\/title>\n<meta name=\"robots\" content=\"index, follow, max-snippet:-1, max-image-preview:large, max-video-preview:-1\" \/>\n<link rel=\"canonical\" href=\"https:\/\/amec.es\/ca\/articles-dexperts\/trump-biden-i-la-politica-industrial\/\" \/>\n<meta property=\"og:locale\" content=\"ca_ES\" \/>\n<meta property=\"og:type\" content=\"article\" \/>\n<meta property=\"og:title\" content=\"Trump, Biden i la pol\u00edtica industrial | amec Positive Industry\" \/>\n<meta property=\"og:description\" content=\"En un moment en qu\u00e8 Dem\u00f2crates i Republicans discrepen en gaireb\u00e9 tot, hi ha un tema en qu\u00e8 tots dos coincideixen: s&#039;ha de refor\u00e7ar la pol\u00edtica industrial i la innovaci\u00f3 dels Estats Units. Tant Trump com Biden coincideixen en la necessitat d&#039;una...\" \/>\n<meta property=\"og:url\" content=\"https:\/\/amec.es\/ca\/articles-dexperts\/trump-biden-i-la-politica-industrial\/\" \/>\n<meta property=\"og:site_name\" content=\"amec Positive Industry\" \/>\n<meta property=\"article:published_time\" content=\"2020-10-27T05:49:44+00:00\" \/>\n<meta property=\"og:image\" content=\"https:\/\/amec.es\/wp-content\/uploads\/2023\/08\/mg-4258-redim-prop-w600-h425.jpg\" \/>\n\t<meta property=\"og:image:width\" content=\"600\" \/>\n\t<meta property=\"og:image:height\" content=\"425\" \/>\n\t<meta property=\"og:image:type\" content=\"image\/jpeg\" \/>\n<meta name=\"author\" content=\"webmaster\" \/>\n<meta name=\"twitter:card\" content=\"summary_large_image\" \/>\n<meta name=\"twitter:label1\" content=\"Escrit per\" \/>\n\t<meta name=\"twitter:data1\" content=\"webmaster\" \/>\n<script type=\"application\/ld+json\" class=\"yoast-schema-graph\">{\"@context\":\"https:\\\/\\\/schema.org\",\"@graph\":[{\"@type\":\"Article\",\"@id\":\"https:\\\/\\\/amec.es\\\/ca\\\/articles-dexperts\\\/trump-biden-i-la-politica-industrial\\\/#article\",\"isPartOf\":{\"@id\":\"https:\\\/\\\/amec.es\\\/ca\\\/articles-dexperts\\\/trump-biden-i-la-politica-industrial\\\/\"},\"author\":{\"name\":\"webmaster\",\"@id\":\"https:\\\/\\\/amec.es\\\/#\\\/schema\\\/person\\\/377e1e145733915506a55297ad2fc830\"},\"headline\":\"Trump, Biden i la pol\u00edtica industrial\",\"datePublished\":\"2020-10-27T05:49:44+00:00\",\"mainEntityOfPage\":{\"@id\":\"https:\\\/\\\/amec.es\\\/ca\\\/articles-dexperts\\\/trump-biden-i-la-politica-industrial\\\/\"},\"wordCount\":7,\"commentCount\":0,\"publisher\":{\"@id\":\"https:\\\/\\\/amec.es\\\/#organization\"},\"image\":{\"@id\":\"https:\\\/\\\/amec.es\\\/ca\\\/articles-dexperts\\\/trump-biden-i-la-politica-industrial\\\/#primaryimage\"},\"thumbnailUrl\":\"https:\\\/\\\/amec.es\\\/wp-content\\\/uploads\\\/2023\\\/08\\\/mg-4258-redim-prop-w600-h425.jpg\",\"articleSection\":[\"Articles d'experts\"],\"inLanguage\":\"ca\",\"potentialAction\":[{\"@type\":\"CommentAction\",\"name\":\"Comment\",\"target\":[\"https:\\\/\\\/amec.es\\\/ca\\\/articles-dexperts\\\/trump-biden-i-la-politica-industrial\\\/#respond\"]}]},{\"@type\":\"WebPage\",\"@id\":\"https:\\\/\\\/amec.es\\\/ca\\\/articles-dexperts\\\/trump-biden-i-la-politica-industrial\\\/\",\"url\":\"https:\\\/\\\/amec.es\\\/ca\\\/articles-dexperts\\\/trump-biden-i-la-politica-industrial\\\/\",\"name\":\"Trump, Biden i la pol\u00edtica industrial | amec Positive Industry\",\"isPartOf\":{\"@id\":\"https:\\\/\\\/amec.es\\\/#website\"},\"primaryImageOfPage\":{\"@id\":\"https:\\\/\\\/amec.es\\\/ca\\\/articles-dexperts\\\/trump-biden-i-la-politica-industrial\\\/#primaryimage\"},\"image\":{\"@id\":\"https:\\\/\\\/amec.es\\\/ca\\\/articles-dexperts\\\/trump-biden-i-la-politica-industrial\\\/#primaryimage\"},\"thumbnailUrl\":\"https:\\\/\\\/amec.es\\\/wp-content\\\/uploads\\\/2023\\\/08\\\/mg-4258-redim-prop-w600-h425.jpg\",\"datePublished\":\"2020-10-27T05:49:44+00:00\",\"breadcrumb\":{\"@id\":\"https:\\\/\\\/amec.es\\\/ca\\\/articles-dexperts\\\/trump-biden-i-la-politica-industrial\\\/#breadcrumb\"},\"inLanguage\":\"ca\",\"potentialAction\":[{\"@type\":\"ReadAction\",\"target\":[\"https:\\\/\\\/amec.es\\\/ca\\\/articles-dexperts\\\/trump-biden-i-la-politica-industrial\\\/\"]}]},{\"@type\":\"ImageObject\",\"inLanguage\":\"ca\",\"@id\":\"https:\\\/\\\/amec.es\\\/ca\\\/articles-dexperts\\\/trump-biden-i-la-politica-industrial\\\/#primaryimage\",\"url\":\"https:\\\/\\\/amec.es\\\/wp-content\\\/uploads\\\/2023\\\/08\\\/mg-4258-redim-prop-w600-h425.jpg\",\"contentUrl\":\"https:\\\/\\\/amec.es\\\/wp-content\\\/uploads\\\/2023\\\/08\\\/mg-4258-redim-prop-w600-h425.jpg\",\"width\":600,\"height\":425},{\"@type\":\"BreadcrumbList\",\"@id\":\"https:\\\/\\\/amec.es\\\/ca\\\/articles-dexperts\\\/trump-biden-i-la-politica-industrial\\\/#breadcrumb\",\"itemListElement\":[{\"@type\":\"ListItem\",\"position\":1,\"name\":\"Portada\",\"item\":\"https:\\\/\\\/amec.es\\\/ca\\\/home-new\\\/\"},{\"@type\":\"ListItem\",\"position\":2,\"name\":\"Trump, Biden i la pol\u00edtica industrial\"}]},{\"@type\":\"WebSite\",\"@id\":\"https:\\\/\\\/amec.es\\\/#website\",\"url\":\"https:\\\/\\\/amec.es\\\/\",\"name\":\"amec Positive Industry\",\"description\":\"\",\"publisher\":{\"@id\":\"https:\\\/\\\/amec.es\\\/#organization\"},\"potentialAction\":[{\"@type\":\"SearchAction\",\"target\":{\"@type\":\"EntryPoint\",\"urlTemplate\":\"https:\\\/\\\/amec.es\\\/?s={search_term_string}\"},\"query-input\":{\"@type\":\"PropertyValueSpecification\",\"valueRequired\":true,\"valueName\":\"search_term_string\"}}],\"inLanguage\":\"ca\"},{\"@type\":\"Organization\",\"@id\":\"https:\\\/\\\/amec.es\\\/#organization\",\"name\":\"amec Positive Industry\",\"url\":\"https:\\\/\\\/amec.es\\\/\",\"logo\":{\"@type\":\"ImageObject\",\"inLanguage\":\"ca\",\"@id\":\"https:\\\/\\\/amec.es\\\/#\\\/schema\\\/logo\\\/image\\\/\",\"url\":\"https:\\\/\\\/amec.es\\\/wp-content\\\/uploads\\\/2023\\\/07\\\/logoamec.png\",\"contentUrl\":\"https:\\\/\\\/amec.es\\\/wp-content\\\/uploads\\\/2023\\\/07\\\/logoamec.png\",\"width\":200,\"height\":48,\"caption\":\"amec Positive Industry\"},\"image\":{\"@id\":\"https:\\\/\\\/amec.es\\\/#\\\/schema\\\/logo\\\/image\\\/\"}},{\"@type\":\"Person\",\"@id\":\"https:\\\/\\\/amec.es\\\/#\\\/schema\\\/person\\\/377e1e145733915506a55297ad2fc830\",\"name\":\"webmaster\",\"image\":{\"@type\":\"ImageObject\",\"inLanguage\":\"ca\",\"@id\":\"https:\\\/\\\/secure.gravatar.com\\\/avatar\\\/1122ff7c82efe2079ddb19cd256fc39ab150caee9b258eeae8928e7f703c39f3?s=96&d=mm&r=g\",\"url\":\"https:\\\/\\\/secure.gravatar.com\\\/avatar\\\/1122ff7c82efe2079ddb19cd256fc39ab150caee9b258eeae8928e7f703c39f3?s=96&d=mm&r=g\",\"contentUrl\":\"https:\\\/\\\/secure.gravatar.com\\\/avatar\\\/1122ff7c82efe2079ddb19cd256fc39ab150caee9b258eeae8928e7f703c39f3?s=96&d=mm&r=g\",\"caption\":\"webmaster\"}}]}<\/script>\n<!-- \/ Yoast SEO plugin. -->","yoast_head_json":{"title":"Trump, Biden i la pol\u00edtica industrial | amec Positive Industry","robots":{"index":"index","follow":"follow","max-snippet":"max-snippet:-1","max-image-preview":"max-image-preview:large","max-video-preview":"max-video-preview:-1"},"canonical":"https:\/\/amec.es\/ca\/articles-dexperts\/trump-biden-i-la-politica-industrial\/","og_locale":"ca_ES","og_type":"article","og_title":"Trump, Biden i la pol\u00edtica industrial | amec Positive Industry","og_description":"En un moment en qu\u00e8 Dem\u00f2crates i Republicans discrepen en gaireb\u00e9 tot, hi ha un tema en qu\u00e8 tots dos coincideixen: s'ha de refor\u00e7ar la pol\u00edtica industrial i la innovaci\u00f3 dels Estats Units. Tant Trump com Biden coincideixen en la necessitat d'una...","og_url":"https:\/\/amec.es\/ca\/articles-dexperts\/trump-biden-i-la-politica-industrial\/","og_site_name":"amec Positive Industry","article_published_time":"2020-10-27T05:49:44+00:00","og_image":[{"width":600,"height":425,"url":"https:\/\/amec.es\/wp-content\/uploads\/2023\/08\/mg-4258-redim-prop-w600-h425.jpg","type":"image\/jpeg"}],"author":"webmaster","twitter_card":"summary_large_image","twitter_misc":{"Escrit per":"webmaster"},"schema":{"@context":"https:\/\/schema.org","@graph":[{"@type":"Article","@id":"https:\/\/amec.es\/ca\/articles-dexperts\/trump-biden-i-la-politica-industrial\/#article","isPartOf":{"@id":"https:\/\/amec.es\/ca\/articles-dexperts\/trump-biden-i-la-politica-industrial\/"},"author":{"name":"webmaster","@id":"https:\/\/amec.es\/#\/schema\/person\/377e1e145733915506a55297ad2fc830"},"headline":"Trump, Biden i la pol\u00edtica industrial","datePublished":"2020-10-27T05:49:44+00:00","mainEntityOfPage":{"@id":"https:\/\/amec.es\/ca\/articles-dexperts\/trump-biden-i-la-politica-industrial\/"},"wordCount":7,"commentCount":0,"publisher":{"@id":"https:\/\/amec.es\/#organization"},"image":{"@id":"https:\/\/amec.es\/ca\/articles-dexperts\/trump-biden-i-la-politica-industrial\/#primaryimage"},"thumbnailUrl":"https:\/\/amec.es\/wp-content\/uploads\/2023\/08\/mg-4258-redim-prop-w600-h425.jpg","articleSection":["Articles d'experts"],"inLanguage":"ca","potentialAction":[{"@type":"CommentAction","name":"Comment","target":["https:\/\/amec.es\/ca\/articles-dexperts\/trump-biden-i-la-politica-industrial\/#respond"]}]},{"@type":"WebPage","@id":"https:\/\/amec.es\/ca\/articles-dexperts\/trump-biden-i-la-politica-industrial\/","url":"https:\/\/amec.es\/ca\/articles-dexperts\/trump-biden-i-la-politica-industrial\/","name":"Trump, Biden i la pol\u00edtica industrial | amec Positive Industry","isPartOf":{"@id":"https:\/\/amec.es\/#website"},"primaryImageOfPage":{"@id":"https:\/\/amec.es\/ca\/articles-dexperts\/trump-biden-i-la-politica-industrial\/#primaryimage"},"image":{"@id":"https:\/\/amec.es\/ca\/articles-dexperts\/trump-biden-i-la-politica-industrial\/#primaryimage"},"thumbnailUrl":"https:\/\/amec.es\/wp-content\/uploads\/2023\/08\/mg-4258-redim-prop-w600-h425.jpg","datePublished":"2020-10-27T05:49:44+00:00","breadcrumb":{"@id":"https:\/\/amec.es\/ca\/articles-dexperts\/trump-biden-i-la-politica-industrial\/#breadcrumb"},"inLanguage":"ca","potentialAction":[{"@type":"ReadAction","target":["https:\/\/amec.es\/ca\/articles-dexperts\/trump-biden-i-la-politica-industrial\/"]}]},{"@type":"ImageObject","inLanguage":"ca","@id":"https:\/\/amec.es\/ca\/articles-dexperts\/trump-biden-i-la-politica-industrial\/#primaryimage","url":"https:\/\/amec.es\/wp-content\/uploads\/2023\/08\/mg-4258-redim-prop-w600-h425.jpg","contentUrl":"https:\/\/amec.es\/wp-content\/uploads\/2023\/08\/mg-4258-redim-prop-w600-h425.jpg","width":600,"height":425},{"@type":"BreadcrumbList","@id":"https:\/\/amec.es\/ca\/articles-dexperts\/trump-biden-i-la-politica-industrial\/#breadcrumb","itemListElement":[{"@type":"ListItem","position":1,"name":"Portada","item":"https:\/\/amec.es\/ca\/home-new\/"},{"@type":"ListItem","position":2,"name":"Trump, Biden i la pol\u00edtica industrial"}]},{"@type":"WebSite","@id":"https:\/\/amec.es\/#website","url":"https:\/\/amec.es\/","name":"amec Positive Industry","description":"","publisher":{"@id":"https:\/\/amec.es\/#organization"},"potentialAction":[{"@type":"SearchAction","target":{"@type":"EntryPoint","urlTemplate":"https:\/\/amec.es\/?s={search_term_string}"},"query-input":{"@type":"PropertyValueSpecification","valueRequired":true,"valueName":"search_term_string"}}],"inLanguage":"ca"},{"@type":"Organization","@id":"https:\/\/amec.es\/#organization","name":"amec Positive Industry","url":"https:\/\/amec.es\/","logo":{"@type":"ImageObject","inLanguage":"ca","@id":"https:\/\/amec.es\/#\/schema\/logo\/image\/","url":"https:\/\/amec.es\/wp-content\/uploads\/2023\/07\/logoamec.png","contentUrl":"https:\/\/amec.es\/wp-content\/uploads\/2023\/07\/logoamec.png","width":200,"height":48,"caption":"amec Positive Industry"},"image":{"@id":"https:\/\/amec.es\/#\/schema\/logo\/image\/"}},{"@type":"Person","@id":"https:\/\/amec.es\/#\/schema\/person\/377e1e145733915506a55297ad2fc830","name":"webmaster","image":{"@type":"ImageObject","inLanguage":"ca","@id":"https:\/\/secure.gravatar.com\/avatar\/1122ff7c82efe2079ddb19cd256fc39ab150caee9b258eeae8928e7f703c39f3?s=96&d=mm&r=g","url":"https:\/\/secure.gravatar.com\/avatar\/1122ff7c82efe2079ddb19cd256fc39ab150caee9b258eeae8928e7f703c39f3?s=96&d=mm&r=g","contentUrl":"https:\/\/secure.gravatar.com\/avatar\/1122ff7c82efe2079ddb19cd256fc39ab150caee9b258eeae8928e7f703c39f3?s=96&d=mm&r=g","caption":"webmaster"}}]}},"_links":{"self":[{"href":"https:\/\/amec.es\/ca\/wp-json\/wp\/v2\/posts\/6328","targetHints":{"allow":["GET"]}}],"collection":[{"href":"https:\/\/amec.es\/ca\/wp-json\/wp\/v2\/posts"}],"about":[{"href":"https:\/\/amec.es\/ca\/wp-json\/wp\/v2\/types\/post"}],"author":[{"embeddable":true,"href":"https:\/\/amec.es\/ca\/wp-json\/wp\/v2\/users\/1"}],"replies":[{"embeddable":true,"href":"https:\/\/amec.es\/ca\/wp-json\/wp\/v2\/comments?post=6328"}],"version-history":[{"count":0,"href":"https:\/\/amec.es\/ca\/wp-json\/wp\/v2\/posts\/6328\/revisions"}],"wp:featuredmedia":[{"embeddable":true,"href":"https:\/\/amec.es\/ca\/wp-json\/wp\/v2\/media\/5458"}],"wp:attachment":[{"href":"https:\/\/amec.es\/ca\/wp-json\/wp\/v2\/media?parent=6328"}],"wp:term":[{"taxonomy":"category","embeddable":true,"href":"https:\/\/amec.es\/ca\/wp-json\/wp\/v2\/categories?post=6328"},{"taxonomy":"post_tag","embeddable":true,"href":"https:\/\/amec.es\/ca\/wp-json\/wp\/v2\/tags?post=6328"}],"curies":[{"name":"wp","href":"https:\/\/api.w.org\/{rel}","templated":true}]}}