{"id":6354,"date":"2020-12-18T06:38:11","date_gmt":"2020-12-18T06:38:11","guid":{"rendered":"https:\/\/wecreatedesign.co\/dev\/WP\/amec\/?p=4334"},"modified":"2020-12-18T06:38:11","modified_gmt":"2020-12-18T06:38:11","slug":"amec-amtex-texfor-i-aeqct-celebren-una-jornada-conjunta-en-que-analitzen-com-afronta-aquest-repte-la-nostra-industria","status":"publish","type":"post","link":"https:\/\/amec.es\/ca\/croniques\/amec-amtex-texfor-i-aeqct-celebren-una-jornada-conjunta-en-que-analitzen-com-afronta-aquest-repte-la-nostra-industria\/","title":{"rendered":"amec AMTEX, Texfor i AEQCT celebren una jornada conjunta en qu\u00e8 analitzen com afronta aquest repte la nostra ind\u00fastria"},"content":{"rendered":"<p><em><strong>amec AMTEX,<\/strong><\/em>\u00a0Texfor i AEQCT han celebrat aquest mes de desembre una jornada conjunta en qu\u00e8 han analitzat com afronta el sector t\u00e8xtil el gran repte de la sostenibilitat, que es mostra essencial per a les empreses i per al nostre entorn ja en el present i encara m\u00e9s en el futur m\u00e9s pr\u00f2xim.<\/p>\n<p><strong>Les empreses t\u00e8xtils<\/strong>\u00a0estan en el punt de mira de la sostenibilitat i, cada vegada m\u00e9s, els consumidors volen con\u00e8ixer l&#8217;impacte de les peces que compren, ja sigui\u00a0<strong>mediambiental<\/strong>\u00a0com en la\u00a0<strong>societat<\/strong>\u00a0dels pa\u00efsos on es produeixen la majoria de les peces.\u00a0<strong>Les empreses fabricants de maquin\u00e0ria t\u00e8xtil<\/strong>\u00a0no estan exemptes d&#8217;aquesta preocupaci\u00f3. \u00c9s per aix\u00f2 que\u00a0<em><strong>amec AMTEX,<\/strong><\/em>\u00a0l&#8217;agrupaci\u00f3 dels fabricants de tecnologia per al t\u00e8xtil;\u00a0<strong>Texfor,<\/strong>\u00a0la confederaci\u00f3 de la ind\u00fastria t\u00e8xtil; i\u00a0<strong>AEQCT,<\/strong>\u00a0l&#8217;associaci\u00f3 espanyola de qu\u00edmics i coloristes t\u00e8xtils, hem analitzat\u00a0<strong>qu\u00e8 estan fent les empreses en temes de reciclatge, economia circular i descarbonitzaci\u00f3.<\/strong><\/p>\n<p>El responsable de sostenibilitat de Texfor, David Allo, va explicar de forma molt clara i did\u00e0ctica com la ind\u00fastria t\u00e8xtil s&#8217;est\u00e0 desenvolupant en termes de sostenibilitat. Les empreses productores segueixen tenint al davant el repte de dur a terme processos m\u00e9s sostenibles, ja que el consumidor jove li requerir\u00e0 cada vegada m\u00e9s un producte en l\u00ednia amb el medi ambient. No obstant,\u00a0<strong>Espanya i Europa ocupen una bona posici\u00f3 en el mapa que va mostrar Allo sobre projectes per transformar f\u00e0briques amb la finalitat que siguin m\u00e9s sostenibles.<\/strong>\u00a0La principal tasca en la millora dels processos es troba concretament en\u00a0<strong>l&#8217;economia circular i la descarbonitzaci\u00f3.<\/strong>\u00a0En aquesta l\u00ednia, Allo va considerar un\u00a0<strong>avantatge competitiu que les empreses s&#8217;aline\u00efn amb l&#8217;Objectiu de Desenvolupament Sostenible (ODS) n\u00famero 12, que fa refer\u00e8ncia a la fabricaci\u00f3 sostenible.<\/strong><\/p>\n<p>El director de\u00a0<em><strong>amec AMTEX,<\/strong><\/em>\u00a0Alejandro Gallego, va moderar la taula rodona sobre Economia Circular en qu\u00e8 van participar les empreses\u00a0<strong>Vilarrasa i de Margasa.<\/strong>\u00a0Les dues van incidir que \u00e9s clau el reciclatge de residus dins d&#8217;una planta de fabricaci\u00f3 t\u00e8xtil. \u00c9s per aix\u00f2 que en Vilarrasa tenen especial atenci\u00f3 en els materials que utilitzen i en trobar amb els seus processos una major efici\u00e8ncia aplicant l&#8217;economia circular. De la mateixa manera, les m\u00e0quines de Margasa busquen ajudar els productors en la tasca de reciclatge.<\/p>\n<p>A la segona taula rodona, sobre la descarbonitzaci\u00f3,\u00a0<strong>Jeanolog\u00eda<\/strong>\u00a0va explicar com les seves m\u00e0quines contribueixen a processos m\u00e9s sostenibles i aquesta empresa valenciana s&#8217;ha comprom\u00e8s a l&#8217;agenda 2030. Reduir les emissions de carboni tamb\u00e9 \u00e9s un objectiu essencial per a les empreses\u00a0<strong>Teixits Royo i T\u00e8xtil Ortiz<\/strong>\u00a0, que van explicar com actuen per aconseguir-ho.<\/p>\n<p>El mercat t\u00e8xtil comporta grans oportunitats en mat\u00e8ria de sostenibilitat, tal com van incidir els presidents de les tres entitats organitzadores,\u00a0<strong>Josep Maria Mestres de Texfor; \u00d2scar Rius,\u00a0<em>d&#8217;amec AMTEX<\/em>\u00a0i Carlos Aguilar, de AEQCT.<\/strong>\u00a0Els tres es van empla\u00e7ar a seguir col\u00b7laborant i defensant els interessos perqu\u00e8 la ind\u00fastria t\u00e8xtil a Espanya, de gran nivell i qualitat, pugui seguir desenvolupant-se en bones condicions.<\/p>\n","protected":false},"excerpt":{"rendered":"<p>amec AMTEX,\u00a0Texfor i AEQCT han celebrat aquest mes de desembre una jornada conjunta en qu\u00e8 han analitzat com afronta el sector t\u00e8xtil el gran repte de la sostenibilitat, que es mostra essencial per a les empreses i per al nostre entorn ja en el present i encara m\u00e9s en el futur m\u00e9s pr\u00f2xim. Les empreses [&hellip;]<\/p>\n","protected":false},"author":1,"featured_media":4335,"comment_status":"open","ping_status":"open","sticky":false,"template":"","format":"standard","meta":{"inline_featured_image":false,"footnotes":""},"categories":[30],"tags":[],"class_list":["post-6354","post","type-post","status-publish","format-standard","has-post-thumbnail","hentry","category-croniques"],"yoast_head":"<!-- This site is optimized with the Yoast SEO plugin v27.3 - https:\/\/yoast.com\/product\/yoast-seo-wordpress\/ -->\n<title>amec AMTEX, Texfor i AEQCT celebren una jornada conjunta en qu\u00e8 analitzen com afronta aquest repte la nostra ind\u00fastria | amec Positive Industry<\/title>\n<meta name=\"robots\" content=\"index, follow, max-snippet:-1, max-image-preview:large, max-video-preview:-1\" \/>\n<link rel=\"canonical\" href=\"https:\/\/amec.es\/ca\/croniques\/amec-amtex-texfor-i-aeqct-celebren-una-jornada-conjunta-en-que-analitzen-com-afronta-aquest-repte-la-nostra-industria\/\" \/>\n<meta property=\"og:locale\" content=\"ca_ES\" \/>\n<meta property=\"og:type\" content=\"article\" \/>\n<meta property=\"og:title\" content=\"amec AMTEX, Texfor i AEQCT celebren una jornada conjunta en qu\u00e8 analitzen com afronta aquest repte la nostra ind\u00fastria | amec Positive Industry\" \/>\n<meta property=\"og:description\" content=\"amec AMTEX,\u00a0Texfor i AEQCT han celebrat aquest mes de desembre una jornada conjunta en qu\u00e8 han analitzat com afronta el sector t\u00e8xtil el gran repte de la sostenibilitat, que es mostra essencial per a les empreses i per al nostre entorn ja en el present i encara m\u00e9s en el futur m\u00e9s pr\u00f2xim. Les empreses [&hellip;]\" \/>\n<meta property=\"og:url\" content=\"https:\/\/amec.es\/ca\/croniques\/amec-amtex-texfor-i-aeqct-celebren-una-jornada-conjunta-en-que-analitzen-com-afronta-aquest-repte-la-nostra-industria\/\" \/>\n<meta property=\"og:site_name\" content=\"amec Positive Industry\" \/>\n<meta property=\"article:published_time\" content=\"2020-12-18T06:38:11+00:00\" \/>\n<meta property=\"og:image\" content=\"https:\/\/amec.es\/wp-content\/uploads\/2024\/02\/Logo_AMEC.png\" \/>\n\t<meta property=\"og:image:width\" content=\"1827\" \/>\n\t<meta property=\"og:image:height\" content=\"438\" \/>\n\t<meta property=\"og:image:type\" content=\"image\/png\" \/>\n<meta name=\"author\" content=\"webmaster\" \/>\n<meta name=\"twitter:card\" content=\"summary_large_image\" \/>\n<meta name=\"twitter:label1\" content=\"Escrit per\" \/>\n\t<meta name=\"twitter:data1\" content=\"webmaster\" \/>\n\t<meta name=\"twitter:label2\" content=\"Temps estimat de lectura\" \/>\n\t<meta name=\"twitter:data2\" content=\"3 minuts\" \/>\n<script type=\"application\/ld+json\" class=\"yoast-schema-graph\">{\"@context\":\"https:\\\/\\\/schema.org\",\"@graph\":[{\"@type\":\"Article\",\"@id\":\"https:\\\/\\\/amec.es\\\/ca\\\/croniques\\\/amec-amtex-texfor-i-aeqct-celebren-una-jornada-conjunta-en-que-analitzen-com-afronta-aquest-repte-la-nostra-industria\\\/#article\",\"isPartOf\":{\"@id\":\"https:\\\/\\\/amec.es\\\/ca\\\/croniques\\\/amec-amtex-texfor-i-aeqct-celebren-una-jornada-conjunta-en-que-analitzen-com-afronta-aquest-repte-la-nostra-industria\\\/\"},\"author\":{\"name\":\"webmaster\",\"@id\":\"https:\\\/\\\/amec.es\\\/#\\\/schema\\\/person\\\/377e1e145733915506a55297ad2fc830\"},\"headline\":\"amec AMTEX, Texfor i AEQCT celebren una jornada conjunta en qu\u00e8 analitzen com afronta aquest repte la nostra ind\u00fastria\",\"datePublished\":\"2020-12-18T06:38:11+00:00\",\"mainEntityOfPage\":{\"@id\":\"https:\\\/\\\/amec.es\\\/ca\\\/croniques\\\/amec-amtex-texfor-i-aeqct-celebren-una-jornada-conjunta-en-que-analitzen-com-afronta-aquest-repte-la-nostra-industria\\\/\"},\"wordCount\":563,\"commentCount\":0,\"publisher\":{\"@id\":\"https:\\\/\\\/amec.es\\\/#organization\"},\"image\":{\"@id\":\"https:\\\/\\\/amec.es\\\/ca\\\/croniques\\\/amec-amtex-texfor-i-aeqct-celebren-una-jornada-conjunta-en-que-analitzen-com-afronta-aquest-repte-la-nostra-industria\\\/#primaryimage\"},\"thumbnailUrl\":\"\",\"articleSection\":[\"Cr\u00f2niques\"],\"inLanguage\":\"ca\",\"potentialAction\":[{\"@type\":\"CommentAction\",\"name\":\"Comment\",\"target\":[\"https:\\\/\\\/amec.es\\\/ca\\\/croniques\\\/amec-amtex-texfor-i-aeqct-celebren-una-jornada-conjunta-en-que-analitzen-com-afronta-aquest-repte-la-nostra-industria\\\/#respond\"]}]},{\"@type\":\"WebPage\",\"@id\":\"https:\\\/\\\/amec.es\\\/ca\\\/croniques\\\/amec-amtex-texfor-i-aeqct-celebren-una-jornada-conjunta-en-que-analitzen-com-afronta-aquest-repte-la-nostra-industria\\\/\",\"url\":\"https:\\\/\\\/amec.es\\\/ca\\\/croniques\\\/amec-amtex-texfor-i-aeqct-celebren-una-jornada-conjunta-en-que-analitzen-com-afronta-aquest-repte-la-nostra-industria\\\/\",\"name\":\"amec AMTEX, Texfor i AEQCT celebren una jornada conjunta en qu\u00e8 analitzen com afronta aquest repte la nostra ind\u00fastria | amec Positive Industry\",\"isPartOf\":{\"@id\":\"https:\\\/\\\/amec.es\\\/#website\"},\"primaryImageOfPage\":{\"@id\":\"https:\\\/\\\/amec.es\\\/ca\\\/croniques\\\/amec-amtex-texfor-i-aeqct-celebren-una-jornada-conjunta-en-que-analitzen-com-afronta-aquest-repte-la-nostra-industria\\\/#primaryimage\"},\"image\":{\"@id\":\"https:\\\/\\\/amec.es\\\/ca\\\/croniques\\\/amec-amtex-texfor-i-aeqct-celebren-una-jornada-conjunta-en-que-analitzen-com-afronta-aquest-repte-la-nostra-industria\\\/#primaryimage\"},\"thumbnailUrl\":\"\",\"datePublished\":\"2020-12-18T06:38:11+00:00\",\"breadcrumb\":{\"@id\":\"https:\\\/\\\/amec.es\\\/ca\\\/croniques\\\/amec-amtex-texfor-i-aeqct-celebren-una-jornada-conjunta-en-que-analitzen-com-afronta-aquest-repte-la-nostra-industria\\\/#breadcrumb\"},\"inLanguage\":\"ca\",\"potentialAction\":[{\"@type\":\"ReadAction\",\"target\":[\"https:\\\/\\\/amec.es\\\/ca\\\/croniques\\\/amec-amtex-texfor-i-aeqct-celebren-una-jornada-conjunta-en-que-analitzen-com-afronta-aquest-repte-la-nostra-industria\\\/\"]}]},{\"@type\":\"ImageObject\",\"inLanguage\":\"ca\",\"@id\":\"https:\\\/\\\/amec.es\\\/ca\\\/croniques\\\/amec-amtex-texfor-i-aeqct-celebren-una-jornada-conjunta-en-que-analitzen-com-afronta-aquest-repte-la-nostra-industria\\\/#primaryimage\",\"url\":\"\",\"contentUrl\":\"\"},{\"@type\":\"BreadcrumbList\",\"@id\":\"https:\\\/\\\/amec.es\\\/ca\\\/croniques\\\/amec-amtex-texfor-i-aeqct-celebren-una-jornada-conjunta-en-que-analitzen-com-afronta-aquest-repte-la-nostra-industria\\\/#breadcrumb\",\"itemListElement\":[{\"@type\":\"ListItem\",\"position\":1,\"name\":\"Portada\",\"item\":\"https:\\\/\\\/amec.es\\\/ca\\\/home-new\\\/\"},{\"@type\":\"ListItem\",\"position\":2,\"name\":\"amec AMTEX, Texfor i AEQCT celebren una jornada conjunta en qu\u00e8 analitzen com afronta aquest repte la nostra ind\u00fastria\"}]},{\"@type\":\"WebSite\",\"@id\":\"https:\\\/\\\/amec.es\\\/#website\",\"url\":\"https:\\\/\\\/amec.es\\\/\",\"name\":\"amec Positive Industry\",\"description\":\"\",\"publisher\":{\"@id\":\"https:\\\/\\\/amec.es\\\/#organization\"},\"potentialAction\":[{\"@type\":\"SearchAction\",\"target\":{\"@type\":\"EntryPoint\",\"urlTemplate\":\"https:\\\/\\\/amec.es\\\/?s={search_term_string}\"},\"query-input\":{\"@type\":\"PropertyValueSpecification\",\"valueRequired\":true,\"valueName\":\"search_term_string\"}}],\"inLanguage\":\"ca\"},{\"@type\":\"Organization\",\"@id\":\"https:\\\/\\\/amec.es\\\/#organization\",\"name\":\"amec Positive Industry\",\"url\":\"https:\\\/\\\/amec.es\\\/\",\"logo\":{\"@type\":\"ImageObject\",\"inLanguage\":\"ca\",\"@id\":\"https:\\\/\\\/amec.es\\\/#\\\/schema\\\/logo\\\/image\\\/\",\"url\":\"https:\\\/\\\/amec.es\\\/wp-content\\\/uploads\\\/2023\\\/07\\\/logoamec.png\",\"contentUrl\":\"https:\\\/\\\/amec.es\\\/wp-content\\\/uploads\\\/2023\\\/07\\\/logoamec.png\",\"width\":200,\"height\":48,\"caption\":\"amec Positive Industry\"},\"image\":{\"@id\":\"https:\\\/\\\/amec.es\\\/#\\\/schema\\\/logo\\\/image\\\/\"}},{\"@type\":\"Person\",\"@id\":\"https:\\\/\\\/amec.es\\\/#\\\/schema\\\/person\\\/377e1e145733915506a55297ad2fc830\",\"name\":\"webmaster\",\"image\":{\"@type\":\"ImageObject\",\"inLanguage\":\"ca\",\"@id\":\"https:\\\/\\\/secure.gravatar.com\\\/avatar\\\/1122ff7c82efe2079ddb19cd256fc39ab150caee9b258eeae8928e7f703c39f3?s=96&d=mm&r=g\",\"url\":\"https:\\\/\\\/secure.gravatar.com\\\/avatar\\\/1122ff7c82efe2079ddb19cd256fc39ab150caee9b258eeae8928e7f703c39f3?s=96&d=mm&r=g\",\"contentUrl\":\"https:\\\/\\\/secure.gravatar.com\\\/avatar\\\/1122ff7c82efe2079ddb19cd256fc39ab150caee9b258eeae8928e7f703c39f3?s=96&d=mm&r=g\",\"caption\":\"webmaster\"}}]}<\/script>\n<!-- \/ Yoast SEO plugin. -->","yoast_head_json":{"title":"amec AMTEX, Texfor i AEQCT celebren una jornada conjunta en qu\u00e8 analitzen com afronta aquest repte la nostra ind\u00fastria | amec Positive Industry","robots":{"index":"index","follow":"follow","max-snippet":"max-snippet:-1","max-image-preview":"max-image-preview:large","max-video-preview":"max-video-preview:-1"},"canonical":"https:\/\/amec.es\/ca\/croniques\/amec-amtex-texfor-i-aeqct-celebren-una-jornada-conjunta-en-que-analitzen-com-afronta-aquest-repte-la-nostra-industria\/","og_locale":"ca_ES","og_type":"article","og_title":"amec AMTEX, Texfor i AEQCT celebren una jornada conjunta en qu\u00e8 analitzen com afronta aquest repte la nostra ind\u00fastria | amec Positive Industry","og_description":"amec AMTEX,\u00a0Texfor i AEQCT han celebrat aquest mes de desembre una jornada conjunta en qu\u00e8 han analitzat com afronta el sector t\u00e8xtil el gran repte de la sostenibilitat, que es mostra essencial per a les empreses i per al nostre entorn ja en el present i encara m\u00e9s en el futur m\u00e9s pr\u00f2xim. Les empreses [&hellip;]","og_url":"https:\/\/amec.es\/ca\/croniques\/amec-amtex-texfor-i-aeqct-celebren-una-jornada-conjunta-en-que-analitzen-com-afronta-aquest-repte-la-nostra-industria\/","og_site_name":"amec Positive Industry","article_published_time":"2020-12-18T06:38:11+00:00","og_image":[{"width":1827,"height":438,"url":"https:\/\/amec.es\/wp-content\/uploads\/2024\/02\/Logo_AMEC.png","type":"image\/png"}],"author":"webmaster","twitter_card":"summary_large_image","twitter_misc":{"Escrit per":"webmaster","Temps estimat de lectura":"3 minuts"},"schema":{"@context":"https:\/\/schema.org","@graph":[{"@type":"Article","@id":"https:\/\/amec.es\/ca\/croniques\/amec-amtex-texfor-i-aeqct-celebren-una-jornada-conjunta-en-que-analitzen-com-afronta-aquest-repte-la-nostra-industria\/#article","isPartOf":{"@id":"https:\/\/amec.es\/ca\/croniques\/amec-amtex-texfor-i-aeqct-celebren-una-jornada-conjunta-en-que-analitzen-com-afronta-aquest-repte-la-nostra-industria\/"},"author":{"name":"webmaster","@id":"https:\/\/amec.es\/#\/schema\/person\/377e1e145733915506a55297ad2fc830"},"headline":"amec AMTEX, Texfor i AEQCT celebren una jornada conjunta en qu\u00e8 analitzen com afronta aquest repte la nostra ind\u00fastria","datePublished":"2020-12-18T06:38:11+00:00","mainEntityOfPage":{"@id":"https:\/\/amec.es\/ca\/croniques\/amec-amtex-texfor-i-aeqct-celebren-una-jornada-conjunta-en-que-analitzen-com-afronta-aquest-repte-la-nostra-industria\/"},"wordCount":563,"commentCount":0,"publisher":{"@id":"https:\/\/amec.es\/#organization"},"image":{"@id":"https:\/\/amec.es\/ca\/croniques\/amec-amtex-texfor-i-aeqct-celebren-una-jornada-conjunta-en-que-analitzen-com-afronta-aquest-repte-la-nostra-industria\/#primaryimage"},"thumbnailUrl":"","articleSection":["Cr\u00f2niques"],"inLanguage":"ca","potentialAction":[{"@type":"CommentAction","name":"Comment","target":["https:\/\/amec.es\/ca\/croniques\/amec-amtex-texfor-i-aeqct-celebren-una-jornada-conjunta-en-que-analitzen-com-afronta-aquest-repte-la-nostra-industria\/#respond"]}]},{"@type":"WebPage","@id":"https:\/\/amec.es\/ca\/croniques\/amec-amtex-texfor-i-aeqct-celebren-una-jornada-conjunta-en-que-analitzen-com-afronta-aquest-repte-la-nostra-industria\/","url":"https:\/\/amec.es\/ca\/croniques\/amec-amtex-texfor-i-aeqct-celebren-una-jornada-conjunta-en-que-analitzen-com-afronta-aquest-repte-la-nostra-industria\/","name":"amec AMTEX, Texfor i AEQCT celebren una jornada conjunta en qu\u00e8 analitzen com afronta aquest repte la nostra ind\u00fastria | amec Positive Industry","isPartOf":{"@id":"https:\/\/amec.es\/#website"},"primaryImageOfPage":{"@id":"https:\/\/amec.es\/ca\/croniques\/amec-amtex-texfor-i-aeqct-celebren-una-jornada-conjunta-en-que-analitzen-com-afronta-aquest-repte-la-nostra-industria\/#primaryimage"},"image":{"@id":"https:\/\/amec.es\/ca\/croniques\/amec-amtex-texfor-i-aeqct-celebren-una-jornada-conjunta-en-que-analitzen-com-afronta-aquest-repte-la-nostra-industria\/#primaryimage"},"thumbnailUrl":"","datePublished":"2020-12-18T06:38:11+00:00","breadcrumb":{"@id":"https:\/\/amec.es\/ca\/croniques\/amec-amtex-texfor-i-aeqct-celebren-una-jornada-conjunta-en-que-analitzen-com-afronta-aquest-repte-la-nostra-industria\/#breadcrumb"},"inLanguage":"ca","potentialAction":[{"@type":"ReadAction","target":["https:\/\/amec.es\/ca\/croniques\/amec-amtex-texfor-i-aeqct-celebren-una-jornada-conjunta-en-que-analitzen-com-afronta-aquest-repte-la-nostra-industria\/"]}]},{"@type":"ImageObject","inLanguage":"ca","@id":"https:\/\/amec.es\/ca\/croniques\/amec-amtex-texfor-i-aeqct-celebren-una-jornada-conjunta-en-que-analitzen-com-afronta-aquest-repte-la-nostra-industria\/#primaryimage","url":"","contentUrl":""},{"@type":"BreadcrumbList","@id":"https:\/\/amec.es\/ca\/croniques\/amec-amtex-texfor-i-aeqct-celebren-una-jornada-conjunta-en-que-analitzen-com-afronta-aquest-repte-la-nostra-industria\/#breadcrumb","itemListElement":[{"@type":"ListItem","position":1,"name":"Portada","item":"https:\/\/amec.es\/ca\/home-new\/"},{"@type":"ListItem","position":2,"name":"amec AMTEX, Texfor i AEQCT celebren una jornada conjunta en qu\u00e8 analitzen com afronta aquest repte la nostra ind\u00fastria"}]},{"@type":"WebSite","@id":"https:\/\/amec.es\/#website","url":"https:\/\/amec.es\/","name":"amec Positive Industry","description":"","publisher":{"@id":"https:\/\/amec.es\/#organization"},"potentialAction":[{"@type":"SearchAction","target":{"@type":"EntryPoint","urlTemplate":"https:\/\/amec.es\/?s={search_term_string}"},"query-input":{"@type":"PropertyValueSpecification","valueRequired":true,"valueName":"search_term_string"}}],"inLanguage":"ca"},{"@type":"Organization","@id":"https:\/\/amec.es\/#organization","name":"amec Positive Industry","url":"https:\/\/amec.es\/","logo":{"@type":"ImageObject","inLanguage":"ca","@id":"https:\/\/amec.es\/#\/schema\/logo\/image\/","url":"https:\/\/amec.es\/wp-content\/uploads\/2023\/07\/logoamec.png","contentUrl":"https:\/\/amec.es\/wp-content\/uploads\/2023\/07\/logoamec.png","width":200,"height":48,"caption":"amec Positive Industry"},"image":{"@id":"https:\/\/amec.es\/#\/schema\/logo\/image\/"}},{"@type":"Person","@id":"https:\/\/amec.es\/#\/schema\/person\/377e1e145733915506a55297ad2fc830","name":"webmaster","image":{"@type":"ImageObject","inLanguage":"ca","@id":"https:\/\/secure.gravatar.com\/avatar\/1122ff7c82efe2079ddb19cd256fc39ab150caee9b258eeae8928e7f703c39f3?s=96&d=mm&r=g","url":"https:\/\/secure.gravatar.com\/avatar\/1122ff7c82efe2079ddb19cd256fc39ab150caee9b258eeae8928e7f703c39f3?s=96&d=mm&r=g","contentUrl":"https:\/\/secure.gravatar.com\/avatar\/1122ff7c82efe2079ddb19cd256fc39ab150caee9b258eeae8928e7f703c39f3?s=96&d=mm&r=g","caption":"webmaster"}}]}},"_links":{"self":[{"href":"https:\/\/amec.es\/ca\/wp-json\/wp\/v2\/posts\/6354","targetHints":{"allow":["GET"]}}],"collection":[{"href":"https:\/\/amec.es\/ca\/wp-json\/wp\/v2\/posts"}],"about":[{"href":"https:\/\/amec.es\/ca\/wp-json\/wp\/v2\/types\/post"}],"author":[{"embeddable":true,"href":"https:\/\/amec.es\/ca\/wp-json\/wp\/v2\/users\/1"}],"replies":[{"embeddable":true,"href":"https:\/\/amec.es\/ca\/wp-json\/wp\/v2\/comments?post=6354"}],"version-history":[{"count":0,"href":"https:\/\/amec.es\/ca\/wp-json\/wp\/v2\/posts\/6354\/revisions"}],"wp:featuredmedia":[{"embeddable":true,"href":"https:\/\/amec.es\/ca\/wp-json\/"}],"wp:attachment":[{"href":"https:\/\/amec.es\/ca\/wp-json\/wp\/v2\/media?parent=6354"}],"wp:term":[{"taxonomy":"category","embeddable":true,"href":"https:\/\/amec.es\/ca\/wp-json\/wp\/v2\/categories?post=6354"},{"taxonomy":"post_tag","embeddable":true,"href":"https:\/\/amec.es\/ca\/wp-json\/wp\/v2\/tags?post=6354"}],"curies":[{"name":"wp","href":"https:\/\/api.w.org\/{rel}","templated":true}]}}