{"id":6362,"date":"2020-12-17T09:35:29","date_gmt":"2020-12-17T09:35:29","guid":{"rendered":"https:\/\/wecreatedesign.co\/dev\/WP\/amec\/?p=4526"},"modified":"2020-12-17T09:35:29","modified_gmt":"2020-12-17T09:35:29","slug":"les-empreses-damec-segueixen-venent-en-el-mercat-internacional-tot-i-la-pandemia","status":"publish","type":"post","link":"https:\/\/amec.es\/ca\/actualitat\/les-empreses-damec-segueixen-venent-en-el-mercat-internacional-tot-i-la-pandemia\/","title":{"rendered":"Les empreses d&#8217;amec segueixen venent en el mercat internacional tot i la pand\u00e8mia"},"content":{"rendered":"<ul>\n<li><strong>L&#8217;entitat ha intensificat en els \u00faltims mesos les accions perqu\u00e8 els nostres membres puguin mantenir la seva activitat de promoci\u00f3 internacional amb les dificultats de mobilitat.<\/strong><\/li>\n<\/ul>\n<p>&nbsp;<\/p>\n<p>En aquests moments en qu\u00e8 viatjar \u00e9s molt complicat i s&#8217;han susp\u00e8s nombroses fires, amec ha treballat intensament per proporcionar als nostres membres i a la ind\u00fastria internacionalitzada nous instruments per mantenir la seva activitat de promoci\u00f3 internacional i, en conseq\u00fc\u00e8ncia, les vendes i l&#8217;exportaci\u00f3.<\/p>\n<p>&nbsp;<\/p>\n<p>Missions empresarials virtuals en format en l\u00ednia en col\u00b7laboraci\u00f3 amb l&#8217;ICEX, fires virtuals, jornades t\u00e8cniques, presentacions de l&#8217;oferta dels nostres membres a prescriptors\u2026 S\u00f3n moltes les opcions que amec ha posat a l&#8217;abast dels nostres membres, amb les quals s&#8217;est\u00e0 aconseguint mantenir l&#8217;activitat de la ind\u00fastria.<\/p>\n<p>&nbsp;<\/p>\n<p>Els EUA, l&#8217;\u00cdndia, Alemanya, el Marroc, Pol\u00f2nia, Su\u00e8cia, Tail\u00e0ndia, el Vietnam, la Xina, el Senegal i Nova Zelanda s\u00f3n alguns dels pa\u00efsos en els quals en els dos \u00faltims mesos s&#8217;han realitzat accions de promoci\u00f3 de la tecnologia i serveis dels nostres membres mitjan\u00e7ant la seva participaci\u00f3 directa davant de potencials clients.<\/p>\n<p>&nbsp;<\/p>\n<p>amec tamb\u00e9 ha participat en els principals esdeveniments virtuals internacionals, com la Innovate Textile &amp; Apparel Virtual Trade Show, amb un espectacular estand virtual aquest mes d&#8217;octubre que van visitar m\u00e9s de 3.000\u2009professionals d&#8217;arreu del m\u00f3n. Gr\u00e0cies a aix\u00f2, els membres d&#8217;amec es van posar en contacte amb potencials clients de mercats tan destacats com els EUA, el Brasil i l&#8217;\u00cdndia, que van poder comprovar l&#8217;alta competitivitat de les empreses espanyoles de tecnologia t\u00e8xtil i fer evident la seva gran diferenciaci\u00f3.<\/p>\n<p>&nbsp;<\/p>\n<p>Mitjan\u00e7ant aquest conjunt de possibilitats al seu abast, les empreses poden seguir en contacte amb potencials clients i realitzant prospecci\u00f3 de nous mercats. Totes aquestes accions s&#8217;han dissenyat perqu\u00e8 el resultat s&#8217;aproximi el m\u00e0xim possible al que s&#8217;obt\u00e9 habitualment en les activitats presencials. Despr\u00e9s de mesos d&#8217;experi\u00e8ncia, s&#8217;ha demostrat que s\u00f3n molt v\u00e0lides per als primers contactes, i que despr\u00e9s ser\u00e0 necessari despla\u00e7ar-se per tancar acords. Per aix\u00f2, algunes es mantindran. Tanmateix, \u00e9s cert que la pand\u00e8mia no ha fet m\u00e9s que demostrar la import\u00e0ncia de les fires presencials, per\u00f2 mentre no es reprenguin, amec treballa per facilitar tota l&#8217;operativa als seus membres.<\/p>\n","protected":false},"excerpt":{"rendered":"<p>L&#8217;entitat ha intensificat en els \u00faltims mesos les accions perqu\u00e8 els nostres membres puguin mantenir la seva activitat de promoci\u00f3 internacional amb les dificultats de mobilitat. &nbsp; En aquests moments en qu\u00e8 viatjar \u00e9s molt complicat i s&#8217;han susp\u00e8s nombroses fires, amec ha treballat intensament per proporcionar als nostres membres i a la ind\u00fastria internacionalitzada [&hellip;]<\/p>\n","protected":false},"author":1,"featured_media":4527,"comment_status":"open","ping_status":"open","sticky":false,"template":"","format":"standard","meta":{"inline_featured_image":false,"footnotes":""},"categories":[27],"tags":[],"class_list":["post-6362","post","type-post","status-publish","format-standard","has-post-thumbnail","hentry","category-actualitat"],"yoast_head":"<!-- This site is optimized with the Yoast SEO plugin v27.3 - https:\/\/yoast.com\/product\/yoast-seo-wordpress\/ -->\n<title>Les empreses d&#039;amec segueixen venent en el mercat internacional tot i la pand\u00e8mia | amec Positive Industry<\/title>\n<meta name=\"robots\" content=\"index, follow, max-snippet:-1, max-image-preview:large, max-video-preview:-1\" \/>\n<link rel=\"canonical\" href=\"https:\/\/amec.es\/ca\/actualitat\/les-empreses-damec-segueixen-venent-en-el-mercat-internacional-tot-i-la-pandemia\/\" \/>\n<meta property=\"og:locale\" content=\"ca_ES\" \/>\n<meta property=\"og:type\" content=\"article\" \/>\n<meta property=\"og:title\" content=\"Les empreses d&#039;amec segueixen venent en el mercat internacional tot i la pand\u00e8mia | amec Positive Industry\" \/>\n<meta property=\"og:description\" content=\"L&#8217;entitat ha intensificat en els \u00faltims mesos les accions perqu\u00e8 els nostres membres puguin mantenir la seva activitat de promoci\u00f3 internacional amb les dificultats de mobilitat. &nbsp; En aquests moments en qu\u00e8 viatjar \u00e9s molt complicat i s&#8217;han susp\u00e8s nombroses fires, amec ha treballat intensament per proporcionar als nostres membres i a la ind\u00fastria internacionalitzada [&hellip;]\" \/>\n<meta property=\"og:url\" content=\"https:\/\/amec.es\/ca\/actualitat\/les-empreses-damec-segueixen-venent-en-el-mercat-internacional-tot-i-la-pandemia\/\" \/>\n<meta property=\"og:site_name\" content=\"amec Positive Industry\" \/>\n<meta property=\"article:published_time\" content=\"2020-12-17T09:35:29+00:00\" \/>\n<meta property=\"og:image\" content=\"https:\/\/amec.es\/wp-content\/uploads\/2023\/08\/foto-irene-redim-prop66-w380-h250.jpg\" \/>\n\t<meta property=\"og:image:width\" content=\"380\" \/>\n\t<meta property=\"og:image:height\" content=\"250\" \/>\n\t<meta property=\"og:image:type\" content=\"image\/jpeg\" \/>\n<meta name=\"author\" content=\"webmaster\" \/>\n<meta name=\"twitter:card\" content=\"summary_large_image\" \/>\n<meta name=\"twitter:label1\" content=\"Escrit per\" \/>\n\t<meta name=\"twitter:data1\" content=\"webmaster\" \/>\n\t<meta name=\"twitter:label2\" content=\"Temps estimat de lectura\" \/>\n\t<meta name=\"twitter:data2\" content=\"2 minuts\" \/>\n<script type=\"application\/ld+json\" class=\"yoast-schema-graph\">{\"@context\":\"https:\\\/\\\/schema.org\",\"@graph\":[{\"@type\":\"Article\",\"@id\":\"https:\\\/\\\/amec.es\\\/ca\\\/actualitat\\\/les-empreses-damec-segueixen-venent-en-el-mercat-internacional-tot-i-la-pandemia\\\/#article\",\"isPartOf\":{\"@id\":\"https:\\\/\\\/amec.es\\\/ca\\\/actualitat\\\/les-empreses-damec-segueixen-venent-en-el-mercat-internacional-tot-i-la-pandemia\\\/\"},\"author\":{\"name\":\"webmaster\",\"@id\":\"https:\\\/\\\/amec.es\\\/#\\\/schema\\\/person\\\/377e1e145733915506a55297ad2fc830\"},\"headline\":\"Les empreses d&#8217;amec segueixen venent en el mercat internacional tot i la pand\u00e8mia\",\"datePublished\":\"2020-12-17T09:35:29+00:00\",\"mainEntityOfPage\":{\"@id\":\"https:\\\/\\\/amec.es\\\/ca\\\/actualitat\\\/les-empreses-damec-segueixen-venent-en-el-mercat-internacional-tot-i-la-pandemia\\\/\"},\"wordCount\":423,\"commentCount\":0,\"publisher\":{\"@id\":\"https:\\\/\\\/amec.es\\\/#organization\"},\"image\":{\"@id\":\"https:\\\/\\\/amec.es\\\/ca\\\/actualitat\\\/les-empreses-damec-segueixen-venent-en-el-mercat-internacional-tot-i-la-pandemia\\\/#primaryimage\"},\"thumbnailUrl\":\"https:\\\/\\\/amec.es\\\/wp-content\\\/uploads\\\/2023\\\/08\\\/foto-irene-redim-prop66-w380-h250.jpg\",\"articleSection\":[\"Actualitat\"],\"inLanguage\":\"ca\",\"potentialAction\":[{\"@type\":\"CommentAction\",\"name\":\"Comment\",\"target\":[\"https:\\\/\\\/amec.es\\\/ca\\\/actualitat\\\/les-empreses-damec-segueixen-venent-en-el-mercat-internacional-tot-i-la-pandemia\\\/#respond\"]}]},{\"@type\":\"WebPage\",\"@id\":\"https:\\\/\\\/amec.es\\\/ca\\\/actualitat\\\/les-empreses-damec-segueixen-venent-en-el-mercat-internacional-tot-i-la-pandemia\\\/\",\"url\":\"https:\\\/\\\/amec.es\\\/ca\\\/actualitat\\\/les-empreses-damec-segueixen-venent-en-el-mercat-internacional-tot-i-la-pandemia\\\/\",\"name\":\"Les empreses d'amec segueixen venent en el mercat internacional tot i la pand\u00e8mia | amec Positive Industry\",\"isPartOf\":{\"@id\":\"https:\\\/\\\/amec.es\\\/#website\"},\"primaryImageOfPage\":{\"@id\":\"https:\\\/\\\/amec.es\\\/ca\\\/actualitat\\\/les-empreses-damec-segueixen-venent-en-el-mercat-internacional-tot-i-la-pandemia\\\/#primaryimage\"},\"image\":{\"@id\":\"https:\\\/\\\/amec.es\\\/ca\\\/actualitat\\\/les-empreses-damec-segueixen-venent-en-el-mercat-internacional-tot-i-la-pandemia\\\/#primaryimage\"},\"thumbnailUrl\":\"https:\\\/\\\/amec.es\\\/wp-content\\\/uploads\\\/2023\\\/08\\\/foto-irene-redim-prop66-w380-h250.jpg\",\"datePublished\":\"2020-12-17T09:35:29+00:00\",\"breadcrumb\":{\"@id\":\"https:\\\/\\\/amec.es\\\/ca\\\/actualitat\\\/les-empreses-damec-segueixen-venent-en-el-mercat-internacional-tot-i-la-pandemia\\\/#breadcrumb\"},\"inLanguage\":\"ca\",\"potentialAction\":[{\"@type\":\"ReadAction\",\"target\":[\"https:\\\/\\\/amec.es\\\/ca\\\/actualitat\\\/les-empreses-damec-segueixen-venent-en-el-mercat-internacional-tot-i-la-pandemia\\\/\"]}]},{\"@type\":\"ImageObject\",\"inLanguage\":\"ca\",\"@id\":\"https:\\\/\\\/amec.es\\\/ca\\\/actualitat\\\/les-empreses-damec-segueixen-venent-en-el-mercat-internacional-tot-i-la-pandemia\\\/#primaryimage\",\"url\":\"https:\\\/\\\/amec.es\\\/wp-content\\\/uploads\\\/2023\\\/08\\\/foto-irene-redim-prop66-w380-h250.jpg\",\"contentUrl\":\"https:\\\/\\\/amec.es\\\/wp-content\\\/uploads\\\/2023\\\/08\\\/foto-irene-redim-prop66-w380-h250.jpg\",\"width\":380,\"height\":250},{\"@type\":\"BreadcrumbList\",\"@id\":\"https:\\\/\\\/amec.es\\\/ca\\\/actualitat\\\/les-empreses-damec-segueixen-venent-en-el-mercat-internacional-tot-i-la-pandemia\\\/#breadcrumb\",\"itemListElement\":[{\"@type\":\"ListItem\",\"position\":1,\"name\":\"Portada\",\"item\":\"https:\\\/\\\/amec.es\\\/ca\\\/home-new\\\/\"},{\"@type\":\"ListItem\",\"position\":2,\"name\":\"Les empreses d&#8217;amec segueixen venent en el mercat internacional tot i la pand\u00e8mia\"}]},{\"@type\":\"WebSite\",\"@id\":\"https:\\\/\\\/amec.es\\\/#website\",\"url\":\"https:\\\/\\\/amec.es\\\/\",\"name\":\"amec Positive Industry\",\"description\":\"\",\"publisher\":{\"@id\":\"https:\\\/\\\/amec.es\\\/#organization\"},\"potentialAction\":[{\"@type\":\"SearchAction\",\"target\":{\"@type\":\"EntryPoint\",\"urlTemplate\":\"https:\\\/\\\/amec.es\\\/?s={search_term_string}\"},\"query-input\":{\"@type\":\"PropertyValueSpecification\",\"valueRequired\":true,\"valueName\":\"search_term_string\"}}],\"inLanguage\":\"ca\"},{\"@type\":\"Organization\",\"@id\":\"https:\\\/\\\/amec.es\\\/#organization\",\"name\":\"amec Positive Industry\",\"url\":\"https:\\\/\\\/amec.es\\\/\",\"logo\":{\"@type\":\"ImageObject\",\"inLanguage\":\"ca\",\"@id\":\"https:\\\/\\\/amec.es\\\/#\\\/schema\\\/logo\\\/image\\\/\",\"url\":\"https:\\\/\\\/amec.es\\\/wp-content\\\/uploads\\\/2023\\\/07\\\/logoamec.png\",\"contentUrl\":\"https:\\\/\\\/amec.es\\\/wp-content\\\/uploads\\\/2023\\\/07\\\/logoamec.png\",\"width\":200,\"height\":48,\"caption\":\"amec Positive Industry\"},\"image\":{\"@id\":\"https:\\\/\\\/amec.es\\\/#\\\/schema\\\/logo\\\/image\\\/\"}},{\"@type\":\"Person\",\"@id\":\"https:\\\/\\\/amec.es\\\/#\\\/schema\\\/person\\\/377e1e145733915506a55297ad2fc830\",\"name\":\"webmaster\",\"image\":{\"@type\":\"ImageObject\",\"inLanguage\":\"ca\",\"@id\":\"https:\\\/\\\/secure.gravatar.com\\\/avatar\\\/1122ff7c82efe2079ddb19cd256fc39ab150caee9b258eeae8928e7f703c39f3?s=96&d=mm&r=g\",\"url\":\"https:\\\/\\\/secure.gravatar.com\\\/avatar\\\/1122ff7c82efe2079ddb19cd256fc39ab150caee9b258eeae8928e7f703c39f3?s=96&d=mm&r=g\",\"contentUrl\":\"https:\\\/\\\/secure.gravatar.com\\\/avatar\\\/1122ff7c82efe2079ddb19cd256fc39ab150caee9b258eeae8928e7f703c39f3?s=96&d=mm&r=g\",\"caption\":\"webmaster\"}}]}<\/script>\n<!-- \/ Yoast SEO plugin. -->","yoast_head_json":{"title":"Les empreses d'amec segueixen venent en el mercat internacional tot i la pand\u00e8mia | amec Positive Industry","robots":{"index":"index","follow":"follow","max-snippet":"max-snippet:-1","max-image-preview":"max-image-preview:large","max-video-preview":"max-video-preview:-1"},"canonical":"https:\/\/amec.es\/ca\/actualitat\/les-empreses-damec-segueixen-venent-en-el-mercat-internacional-tot-i-la-pandemia\/","og_locale":"ca_ES","og_type":"article","og_title":"Les empreses d'amec segueixen venent en el mercat internacional tot i la pand\u00e8mia | amec Positive Industry","og_description":"L&#8217;entitat ha intensificat en els \u00faltims mesos les accions perqu\u00e8 els nostres membres puguin mantenir la seva activitat de promoci\u00f3 internacional amb les dificultats de mobilitat. &nbsp; En aquests moments en qu\u00e8 viatjar \u00e9s molt complicat i s&#8217;han susp\u00e8s nombroses fires, amec ha treballat intensament per proporcionar als nostres membres i a la ind\u00fastria internacionalitzada [&hellip;]","og_url":"https:\/\/amec.es\/ca\/actualitat\/les-empreses-damec-segueixen-venent-en-el-mercat-internacional-tot-i-la-pandemia\/","og_site_name":"amec Positive Industry","article_published_time":"2020-12-17T09:35:29+00:00","og_image":[{"width":380,"height":250,"url":"https:\/\/amec.es\/wp-content\/uploads\/2023\/08\/foto-irene-redim-prop66-w380-h250.jpg","type":"image\/jpeg"}],"author":"webmaster","twitter_card":"summary_large_image","twitter_misc":{"Escrit per":"webmaster","Temps estimat de lectura":"2 minuts"},"schema":{"@context":"https:\/\/schema.org","@graph":[{"@type":"Article","@id":"https:\/\/amec.es\/ca\/actualitat\/les-empreses-damec-segueixen-venent-en-el-mercat-internacional-tot-i-la-pandemia\/#article","isPartOf":{"@id":"https:\/\/amec.es\/ca\/actualitat\/les-empreses-damec-segueixen-venent-en-el-mercat-internacional-tot-i-la-pandemia\/"},"author":{"name":"webmaster","@id":"https:\/\/amec.es\/#\/schema\/person\/377e1e145733915506a55297ad2fc830"},"headline":"Les empreses d&#8217;amec segueixen venent en el mercat internacional tot i la pand\u00e8mia","datePublished":"2020-12-17T09:35:29+00:00","mainEntityOfPage":{"@id":"https:\/\/amec.es\/ca\/actualitat\/les-empreses-damec-segueixen-venent-en-el-mercat-internacional-tot-i-la-pandemia\/"},"wordCount":423,"commentCount":0,"publisher":{"@id":"https:\/\/amec.es\/#organization"},"image":{"@id":"https:\/\/amec.es\/ca\/actualitat\/les-empreses-damec-segueixen-venent-en-el-mercat-internacional-tot-i-la-pandemia\/#primaryimage"},"thumbnailUrl":"https:\/\/amec.es\/wp-content\/uploads\/2023\/08\/foto-irene-redim-prop66-w380-h250.jpg","articleSection":["Actualitat"],"inLanguage":"ca","potentialAction":[{"@type":"CommentAction","name":"Comment","target":["https:\/\/amec.es\/ca\/actualitat\/les-empreses-damec-segueixen-venent-en-el-mercat-internacional-tot-i-la-pandemia\/#respond"]}]},{"@type":"WebPage","@id":"https:\/\/amec.es\/ca\/actualitat\/les-empreses-damec-segueixen-venent-en-el-mercat-internacional-tot-i-la-pandemia\/","url":"https:\/\/amec.es\/ca\/actualitat\/les-empreses-damec-segueixen-venent-en-el-mercat-internacional-tot-i-la-pandemia\/","name":"Les empreses d'amec segueixen venent en el mercat internacional tot i la pand\u00e8mia | amec Positive Industry","isPartOf":{"@id":"https:\/\/amec.es\/#website"},"primaryImageOfPage":{"@id":"https:\/\/amec.es\/ca\/actualitat\/les-empreses-damec-segueixen-venent-en-el-mercat-internacional-tot-i-la-pandemia\/#primaryimage"},"image":{"@id":"https:\/\/amec.es\/ca\/actualitat\/les-empreses-damec-segueixen-venent-en-el-mercat-internacional-tot-i-la-pandemia\/#primaryimage"},"thumbnailUrl":"https:\/\/amec.es\/wp-content\/uploads\/2023\/08\/foto-irene-redim-prop66-w380-h250.jpg","datePublished":"2020-12-17T09:35:29+00:00","breadcrumb":{"@id":"https:\/\/amec.es\/ca\/actualitat\/les-empreses-damec-segueixen-venent-en-el-mercat-internacional-tot-i-la-pandemia\/#breadcrumb"},"inLanguage":"ca","potentialAction":[{"@type":"ReadAction","target":["https:\/\/amec.es\/ca\/actualitat\/les-empreses-damec-segueixen-venent-en-el-mercat-internacional-tot-i-la-pandemia\/"]}]},{"@type":"ImageObject","inLanguage":"ca","@id":"https:\/\/amec.es\/ca\/actualitat\/les-empreses-damec-segueixen-venent-en-el-mercat-internacional-tot-i-la-pandemia\/#primaryimage","url":"https:\/\/amec.es\/wp-content\/uploads\/2023\/08\/foto-irene-redim-prop66-w380-h250.jpg","contentUrl":"https:\/\/amec.es\/wp-content\/uploads\/2023\/08\/foto-irene-redim-prop66-w380-h250.jpg","width":380,"height":250},{"@type":"BreadcrumbList","@id":"https:\/\/amec.es\/ca\/actualitat\/les-empreses-damec-segueixen-venent-en-el-mercat-internacional-tot-i-la-pandemia\/#breadcrumb","itemListElement":[{"@type":"ListItem","position":1,"name":"Portada","item":"https:\/\/amec.es\/ca\/home-new\/"},{"@type":"ListItem","position":2,"name":"Les empreses d&#8217;amec segueixen venent en el mercat internacional tot i la pand\u00e8mia"}]},{"@type":"WebSite","@id":"https:\/\/amec.es\/#website","url":"https:\/\/amec.es\/","name":"amec Positive Industry","description":"","publisher":{"@id":"https:\/\/amec.es\/#organization"},"potentialAction":[{"@type":"SearchAction","target":{"@type":"EntryPoint","urlTemplate":"https:\/\/amec.es\/?s={search_term_string}"},"query-input":{"@type":"PropertyValueSpecification","valueRequired":true,"valueName":"search_term_string"}}],"inLanguage":"ca"},{"@type":"Organization","@id":"https:\/\/amec.es\/#organization","name":"amec Positive Industry","url":"https:\/\/amec.es\/","logo":{"@type":"ImageObject","inLanguage":"ca","@id":"https:\/\/amec.es\/#\/schema\/logo\/image\/","url":"https:\/\/amec.es\/wp-content\/uploads\/2023\/07\/logoamec.png","contentUrl":"https:\/\/amec.es\/wp-content\/uploads\/2023\/07\/logoamec.png","width":200,"height":48,"caption":"amec Positive Industry"},"image":{"@id":"https:\/\/amec.es\/#\/schema\/logo\/image\/"}},{"@type":"Person","@id":"https:\/\/amec.es\/#\/schema\/person\/377e1e145733915506a55297ad2fc830","name":"webmaster","image":{"@type":"ImageObject","inLanguage":"ca","@id":"https:\/\/secure.gravatar.com\/avatar\/1122ff7c82efe2079ddb19cd256fc39ab150caee9b258eeae8928e7f703c39f3?s=96&d=mm&r=g","url":"https:\/\/secure.gravatar.com\/avatar\/1122ff7c82efe2079ddb19cd256fc39ab150caee9b258eeae8928e7f703c39f3?s=96&d=mm&r=g","contentUrl":"https:\/\/secure.gravatar.com\/avatar\/1122ff7c82efe2079ddb19cd256fc39ab150caee9b258eeae8928e7f703c39f3?s=96&d=mm&r=g","caption":"webmaster"}}]}},"_links":{"self":[{"href":"https:\/\/amec.es\/ca\/wp-json\/wp\/v2\/posts\/6362","targetHints":{"allow":["GET"]}}],"collection":[{"href":"https:\/\/amec.es\/ca\/wp-json\/wp\/v2\/posts"}],"about":[{"href":"https:\/\/amec.es\/ca\/wp-json\/wp\/v2\/types\/post"}],"author":[{"embeddable":true,"href":"https:\/\/amec.es\/ca\/wp-json\/wp\/v2\/users\/1"}],"replies":[{"embeddable":true,"href":"https:\/\/amec.es\/ca\/wp-json\/wp\/v2\/comments?post=6362"}],"version-history":[{"count":0,"href":"https:\/\/amec.es\/ca\/wp-json\/wp\/v2\/posts\/6362\/revisions"}],"wp:featuredmedia":[{"embeddable":true,"href":"https:\/\/amec.es\/ca\/wp-json\/wp\/v2\/media\/4527"}],"wp:attachment":[{"href":"https:\/\/amec.es\/ca\/wp-json\/wp\/v2\/media?parent=6362"}],"wp:term":[{"taxonomy":"category","embeddable":true,"href":"https:\/\/amec.es\/ca\/wp-json\/wp\/v2\/categories?post=6362"},{"taxonomy":"post_tag","embeddable":true,"href":"https:\/\/amec.es\/ca\/wp-json\/wp\/v2\/tags?post=6362"}],"curies":[{"name":"wp","href":"https:\/\/api.w.org\/{rel}","templated":true}]}}