{"id":6363,"date":"2020-12-24T09:36:30","date_gmt":"2020-12-24T09:36:30","guid":{"rendered":"https:\/\/wecreatedesign.co\/dev\/WP\/amec\/?p=4532"},"modified":"2020-12-24T09:36:30","modified_gmt":"2020-12-24T09:36:30","slug":"amec-aconsegueix-acords-favorables-per-als-seus-membres-en-les-fires-per-sortejar-les-dificultats-de-2020","status":"publish","type":"post","link":"https:\/\/amec.es\/ca\/actualitat\/amec-aconsegueix-acords-favorables-per-als-seus-membres-en-les-fires-per-sortejar-les-dificultats-de-2020\/","title":{"rendered":"amec aconsegueix acords favorables per als seus membres en les fires per sortejar les dificultats de 2020"},"content":{"rendered":"<div class=\"amplada-pagina descripcion\">\n<p><img fetchpriority=\"high\" decoding=\"async\" src=\"http:\/\/wecreatedesign.co\/dev\/WP\/amec\/wp-content\/uploads\/2023\/03\/imagen-interpack-5-redim-w600-h343.jpeg\" alt=\"Imatge-Interpack\" width=\"600\" height=\"343\" \/>L&#8217;activitat internacional s&#8217;ha vist molt alterada aquest any i les empreses han hagut de fer front a moltes situacions inesperades, entre elles l&#8217;anul\u00b7laci\u00f3 de les fires. Aquesta anul\u00b7laci\u00f3, a m\u00e9s de dificultar la important tasca de promoci\u00f3 internacional de les empreses, ha comportat nombroses inconveni\u00e8ncies i treball afegit per solucionar aquest gran imprevist.<\/p>\n<p>&nbsp;<\/p>\n<p>Per aix\u00f2,\u00a0<em><strong>amec<\/strong><\/em>\u00a0s&#8217;ha bolcat aquest any per donar suport als seus membres ia la ind\u00fastria del nostre pa\u00eds. D&#8217;una banda, ha treballat intensament per oferir alternatives perqu\u00e8 les empreses puguin mantenir la promoci\u00f3 internacional tot i la cancel\u00b7laci\u00f3 de fires i les dificultats de mobilitat. D&#8217;altra banda, i no menys important, ha ajudat a les empreses a recuperar la inversi\u00f3 realitzada en aquests esdeveniments, que s\u00f3n fonamentals en l&#8217;activitat de la nostra comunitat.<\/p>\n<p>&nbsp;<\/p>\n<p>Representant a les empreses per defensar els seus interessos,\u00a0<em><strong>amec<\/strong><\/em>\u00a0ha intervingut en fires com Interpack, Aliment\u00e0ria, Itersicop i Middle East Energy, entre moltes altres. En alguns casos, aquests esdeveniments s&#8217;han cancel\u00b7lat i, en altres, com ara la Middle East Energy, s&#8217;han celebrat per\u00f2 amb molta menor incid\u00e8ncia pels efectes de la pand\u00e8mia. A m\u00e9s, com a membre de CEMATEX, tamb\u00e9 va intervenir perqu\u00e8 les nostres empreses puguin exposar a ITMA \u00c0SIA el juny passat sense necessitat de portar maquin\u00e0ria, alguna cosa d&#8217;obligat compliment en circumst\u00e0ncies normals.<\/p>\n<p>&nbsp;<\/p>\n<p><em><strong>amec<\/strong><\/em>\u00a0mant\u00e9 un contacte estret i regular amb l&#8217;organitzaci\u00f3 de les fires, i gr\u00e0cies a aix\u00f2 ha pogut aconseguir condicions avantatjoses per a la nostra comunitat. D&#8217;aquesta manera, despr\u00e9s d&#8217;una intensa mediaci\u00f3 i comunicaci\u00f3 amb els responsables dels esdeveniments, en nombrosos cert\u00e0mens nostres membres han pogut recuperar la seva inversi\u00f3. En altres casos s&#8217;han pogut veure anul\u00b7lada la penalitzaci\u00f3 que s\u00ed que havia contemplat l&#8217;organitzaci\u00f3 abans de la mediaci\u00f3\u00a0<em><strong>d&#8217;amec.<\/strong><\/em>\u00a0Aix\u00ed mateix, en algunes convocat\u00f2ries tamb\u00e9 se&#8217;ls aplicaran condicions avantatjoses per participar en la seg\u00fcent edici\u00f3.<\/p>\n<p>&nbsp;<\/p>\n<p>Un cop m\u00e9s\u00a0<em><strong>amec<\/strong><\/em>\u00a0s&#8217;ha posicionat en primera l\u00ednia per defensar els interessos dels seus membres i continuar\u00e0 fent-ho davant els possibles<\/p>\n<\/div>\n","protected":false},"excerpt":{"rendered":"<p>L&#8217;activitat internacional s&#8217;ha vist molt alterada aquest any i les empreses han hagut de fer front a moltes situacions inesperades, entre elles l&#8217;anul\u00b7laci\u00f3 de les fires. Aquesta anul\u00b7laci\u00f3, a m\u00e9s de dificultar la important tasca de promoci\u00f3 internacional de les empreses, ha comportat nombroses inconveni\u00e8ncies i treball afegit per solucionar aquest gran imprevist. &nbsp; Per [&hellip;]<\/p>\n","protected":false},"author":1,"featured_media":4534,"comment_status":"open","ping_status":"open","sticky":false,"template":"","format":"standard","meta":{"inline_featured_image":false,"footnotes":""},"categories":[27],"tags":[],"class_list":["post-6363","post","type-post","status-publish","format-standard","has-post-thumbnail","hentry","category-actualitat"],"yoast_head":"<!-- This site is optimized with the Yoast SEO plugin v27.3 - https:\/\/yoast.com\/product\/yoast-seo-wordpress\/ -->\n<title>amec aconsegueix acords favorables per als seus membres en les fires per sortejar les dificultats de 2020 | amec Positive Industry<\/title>\n<meta name=\"robots\" content=\"index, follow, max-snippet:-1, max-image-preview:large, max-video-preview:-1\" \/>\n<link rel=\"canonical\" href=\"https:\/\/amec.es\/ca\/actualitat\/amec-aconsegueix-acords-favorables-per-als-seus-membres-en-les-fires-per-sortejar-les-dificultats-de-2020\/\" \/>\n<meta property=\"og:locale\" content=\"ca_ES\" \/>\n<meta property=\"og:type\" content=\"article\" \/>\n<meta property=\"og:title\" content=\"amec aconsegueix acords favorables per als seus membres en les fires per sortejar les dificultats de 2020 | amec Positive Industry\" \/>\n<meta property=\"og:description\" content=\"L&#8217;activitat internacional s&#8217;ha vist molt alterada aquest any i les empreses han hagut de fer front a moltes situacions inesperades, entre elles l&#8217;anul\u00b7laci\u00f3 de les fires. Aquesta anul\u00b7laci\u00f3, a m\u00e9s de dificultar la important tasca de promoci\u00f3 internacional de les empreses, ha comportat nombroses inconveni\u00e8ncies i treball afegit per solucionar aquest gran imprevist. &nbsp; Per [&hellip;]\" \/>\n<meta property=\"og:url\" content=\"https:\/\/amec.es\/ca\/actualitat\/amec-aconsegueix-acords-favorables-per-als-seus-membres-en-les-fires-per-sortejar-les-dificultats-de-2020\/\" \/>\n<meta property=\"og:site_name\" content=\"amec Positive Industry\" \/>\n<meta property=\"article:published_time\" content=\"2020-12-24T09:36:30+00:00\" \/>\n<meta property=\"og:image\" content=\"https:\/\/amec.es\/wp-content\/uploads\/2023\/08\/cabeceritasinternacional-1.jpg\" \/>\n\t<meta property=\"og:image:width\" content=\"1920\" \/>\n\t<meta property=\"og:image:height\" content=\"284\" \/>\n\t<meta property=\"og:image:type\" content=\"image\/jpeg\" \/>\n<meta name=\"author\" content=\"webmaster\" \/>\n<meta name=\"twitter:card\" content=\"summary_large_image\" \/>\n<meta name=\"twitter:label1\" content=\"Escrit per\" \/>\n\t<meta name=\"twitter:data1\" content=\"webmaster\" \/>\n\t<meta name=\"twitter:label2\" content=\"Temps estimat de lectura\" \/>\n\t<meta name=\"twitter:data2\" content=\"2 minuts\" \/>\n<script type=\"application\/ld+json\" class=\"yoast-schema-graph\">{\"@context\":\"https:\\\/\\\/schema.org\",\"@graph\":[{\"@type\":\"Article\",\"@id\":\"https:\\\/\\\/amec.es\\\/ca\\\/actualitat\\\/amec-aconsegueix-acords-favorables-per-als-seus-membres-en-les-fires-per-sortejar-les-dificultats-de-2020\\\/#article\",\"isPartOf\":{\"@id\":\"https:\\\/\\\/amec.es\\\/ca\\\/actualitat\\\/amec-aconsegueix-acords-favorables-per-als-seus-membres-en-les-fires-per-sortejar-les-dificultats-de-2020\\\/\"},\"author\":{\"name\":\"webmaster\",\"@id\":\"https:\\\/\\\/amec.es\\\/#\\\/schema\\\/person\\\/377e1e145733915506a55297ad2fc830\"},\"headline\":\"amec aconsegueix acords favorables per als seus membres en les fires per sortejar les dificultats de 2020\",\"datePublished\":\"2020-12-24T09:36:30+00:00\",\"mainEntityOfPage\":{\"@id\":\"https:\\\/\\\/amec.es\\\/ca\\\/actualitat\\\/amec-aconsegueix-acords-favorables-per-als-seus-membres-en-les-fires-per-sortejar-les-dificultats-de-2020\\\/\"},\"wordCount\":383,\"commentCount\":0,\"publisher\":{\"@id\":\"https:\\\/\\\/amec.es\\\/#organization\"},\"image\":{\"@id\":\"https:\\\/\\\/amec.es\\\/ca\\\/actualitat\\\/amec-aconsegueix-acords-favorables-per-als-seus-membres-en-les-fires-per-sortejar-les-dificultats-de-2020\\\/#primaryimage\"},\"thumbnailUrl\":\"https:\\\/\\\/amec.es\\\/wp-content\\\/uploads\\\/2023\\\/08\\\/cabeceritasinternacional-1.jpg\",\"articleSection\":[\"Actualitat\"],\"inLanguage\":\"ca\",\"potentialAction\":[{\"@type\":\"CommentAction\",\"name\":\"Comment\",\"target\":[\"https:\\\/\\\/amec.es\\\/ca\\\/actualitat\\\/amec-aconsegueix-acords-favorables-per-als-seus-membres-en-les-fires-per-sortejar-les-dificultats-de-2020\\\/#respond\"]}]},{\"@type\":\"WebPage\",\"@id\":\"https:\\\/\\\/amec.es\\\/ca\\\/actualitat\\\/amec-aconsegueix-acords-favorables-per-als-seus-membres-en-les-fires-per-sortejar-les-dificultats-de-2020\\\/\",\"url\":\"https:\\\/\\\/amec.es\\\/ca\\\/actualitat\\\/amec-aconsegueix-acords-favorables-per-als-seus-membres-en-les-fires-per-sortejar-les-dificultats-de-2020\\\/\",\"name\":\"amec aconsegueix acords favorables per als seus membres en les fires per sortejar les dificultats de 2020 | amec Positive Industry\",\"isPartOf\":{\"@id\":\"https:\\\/\\\/amec.es\\\/#website\"},\"primaryImageOfPage\":{\"@id\":\"https:\\\/\\\/amec.es\\\/ca\\\/actualitat\\\/amec-aconsegueix-acords-favorables-per-als-seus-membres-en-les-fires-per-sortejar-les-dificultats-de-2020\\\/#primaryimage\"},\"image\":{\"@id\":\"https:\\\/\\\/amec.es\\\/ca\\\/actualitat\\\/amec-aconsegueix-acords-favorables-per-als-seus-membres-en-les-fires-per-sortejar-les-dificultats-de-2020\\\/#primaryimage\"},\"thumbnailUrl\":\"https:\\\/\\\/amec.es\\\/wp-content\\\/uploads\\\/2023\\\/08\\\/cabeceritasinternacional-1.jpg\",\"datePublished\":\"2020-12-24T09:36:30+00:00\",\"breadcrumb\":{\"@id\":\"https:\\\/\\\/amec.es\\\/ca\\\/actualitat\\\/amec-aconsegueix-acords-favorables-per-als-seus-membres-en-les-fires-per-sortejar-les-dificultats-de-2020\\\/#breadcrumb\"},\"inLanguage\":\"ca\",\"potentialAction\":[{\"@type\":\"ReadAction\",\"target\":[\"https:\\\/\\\/amec.es\\\/ca\\\/actualitat\\\/amec-aconsegueix-acords-favorables-per-als-seus-membres-en-les-fires-per-sortejar-les-dificultats-de-2020\\\/\"]}]},{\"@type\":\"ImageObject\",\"inLanguage\":\"ca\",\"@id\":\"https:\\\/\\\/amec.es\\\/ca\\\/actualitat\\\/amec-aconsegueix-acords-favorables-per-als-seus-membres-en-les-fires-per-sortejar-les-dificultats-de-2020\\\/#primaryimage\",\"url\":\"https:\\\/\\\/amec.es\\\/wp-content\\\/uploads\\\/2023\\\/08\\\/cabeceritasinternacional-1.jpg\",\"contentUrl\":\"https:\\\/\\\/amec.es\\\/wp-content\\\/uploads\\\/2023\\\/08\\\/cabeceritasinternacional-1.jpg\",\"width\":1920,\"height\":284},{\"@type\":\"BreadcrumbList\",\"@id\":\"https:\\\/\\\/amec.es\\\/ca\\\/actualitat\\\/amec-aconsegueix-acords-favorables-per-als-seus-membres-en-les-fires-per-sortejar-les-dificultats-de-2020\\\/#breadcrumb\",\"itemListElement\":[{\"@type\":\"ListItem\",\"position\":1,\"name\":\"Portada\",\"item\":\"https:\\\/\\\/amec.es\\\/ca\\\/home-new\\\/\"},{\"@type\":\"ListItem\",\"position\":2,\"name\":\"amec aconsegueix acords favorables per als seus membres en les fires per sortejar les dificultats de 2020\"}]},{\"@type\":\"WebSite\",\"@id\":\"https:\\\/\\\/amec.es\\\/#website\",\"url\":\"https:\\\/\\\/amec.es\\\/\",\"name\":\"amec Positive Industry\",\"description\":\"\",\"publisher\":{\"@id\":\"https:\\\/\\\/amec.es\\\/#organization\"},\"potentialAction\":[{\"@type\":\"SearchAction\",\"target\":{\"@type\":\"EntryPoint\",\"urlTemplate\":\"https:\\\/\\\/amec.es\\\/?s={search_term_string}\"},\"query-input\":{\"@type\":\"PropertyValueSpecification\",\"valueRequired\":true,\"valueName\":\"search_term_string\"}}],\"inLanguage\":\"ca\"},{\"@type\":\"Organization\",\"@id\":\"https:\\\/\\\/amec.es\\\/#organization\",\"name\":\"amec Positive Industry\",\"url\":\"https:\\\/\\\/amec.es\\\/\",\"logo\":{\"@type\":\"ImageObject\",\"inLanguage\":\"ca\",\"@id\":\"https:\\\/\\\/amec.es\\\/#\\\/schema\\\/logo\\\/image\\\/\",\"url\":\"https:\\\/\\\/amec.es\\\/wp-content\\\/uploads\\\/2023\\\/07\\\/logoamec.png\",\"contentUrl\":\"https:\\\/\\\/amec.es\\\/wp-content\\\/uploads\\\/2023\\\/07\\\/logoamec.png\",\"width\":200,\"height\":48,\"caption\":\"amec Positive Industry\"},\"image\":{\"@id\":\"https:\\\/\\\/amec.es\\\/#\\\/schema\\\/logo\\\/image\\\/\"}},{\"@type\":\"Person\",\"@id\":\"https:\\\/\\\/amec.es\\\/#\\\/schema\\\/person\\\/377e1e145733915506a55297ad2fc830\",\"name\":\"webmaster\",\"image\":{\"@type\":\"ImageObject\",\"inLanguage\":\"ca\",\"@id\":\"https:\\\/\\\/secure.gravatar.com\\\/avatar\\\/1122ff7c82efe2079ddb19cd256fc39ab150caee9b258eeae8928e7f703c39f3?s=96&d=mm&r=g\",\"url\":\"https:\\\/\\\/secure.gravatar.com\\\/avatar\\\/1122ff7c82efe2079ddb19cd256fc39ab150caee9b258eeae8928e7f703c39f3?s=96&d=mm&r=g\",\"contentUrl\":\"https:\\\/\\\/secure.gravatar.com\\\/avatar\\\/1122ff7c82efe2079ddb19cd256fc39ab150caee9b258eeae8928e7f703c39f3?s=96&d=mm&r=g\",\"caption\":\"webmaster\"}}]}<\/script>\n<!-- \/ Yoast SEO plugin. -->","yoast_head_json":{"title":"amec aconsegueix acords favorables per als seus membres en les fires per sortejar les dificultats de 2020 | amec Positive Industry","robots":{"index":"index","follow":"follow","max-snippet":"max-snippet:-1","max-image-preview":"max-image-preview:large","max-video-preview":"max-video-preview:-1"},"canonical":"https:\/\/amec.es\/ca\/actualitat\/amec-aconsegueix-acords-favorables-per-als-seus-membres-en-les-fires-per-sortejar-les-dificultats-de-2020\/","og_locale":"ca_ES","og_type":"article","og_title":"amec aconsegueix acords favorables per als seus membres en les fires per sortejar les dificultats de 2020 | amec Positive Industry","og_description":"L&#8217;activitat internacional s&#8217;ha vist molt alterada aquest any i les empreses han hagut de fer front a moltes situacions inesperades, entre elles l&#8217;anul\u00b7laci\u00f3 de les fires. Aquesta anul\u00b7laci\u00f3, a m\u00e9s de dificultar la important tasca de promoci\u00f3 internacional de les empreses, ha comportat nombroses inconveni\u00e8ncies i treball afegit per solucionar aquest gran imprevist. &nbsp; Per [&hellip;]","og_url":"https:\/\/amec.es\/ca\/actualitat\/amec-aconsegueix-acords-favorables-per-als-seus-membres-en-les-fires-per-sortejar-les-dificultats-de-2020\/","og_site_name":"amec Positive Industry","article_published_time":"2020-12-24T09:36:30+00:00","og_image":[{"width":1920,"height":284,"url":"https:\/\/amec.es\/wp-content\/uploads\/2023\/08\/cabeceritasinternacional-1.jpg","type":"image\/jpeg"}],"author":"webmaster","twitter_card":"summary_large_image","twitter_misc":{"Escrit per":"webmaster","Temps estimat de lectura":"2 minuts"},"schema":{"@context":"https:\/\/schema.org","@graph":[{"@type":"Article","@id":"https:\/\/amec.es\/ca\/actualitat\/amec-aconsegueix-acords-favorables-per-als-seus-membres-en-les-fires-per-sortejar-les-dificultats-de-2020\/#article","isPartOf":{"@id":"https:\/\/amec.es\/ca\/actualitat\/amec-aconsegueix-acords-favorables-per-als-seus-membres-en-les-fires-per-sortejar-les-dificultats-de-2020\/"},"author":{"name":"webmaster","@id":"https:\/\/amec.es\/#\/schema\/person\/377e1e145733915506a55297ad2fc830"},"headline":"amec aconsegueix acords favorables per als seus membres en les fires per sortejar les dificultats de 2020","datePublished":"2020-12-24T09:36:30+00:00","mainEntityOfPage":{"@id":"https:\/\/amec.es\/ca\/actualitat\/amec-aconsegueix-acords-favorables-per-als-seus-membres-en-les-fires-per-sortejar-les-dificultats-de-2020\/"},"wordCount":383,"commentCount":0,"publisher":{"@id":"https:\/\/amec.es\/#organization"},"image":{"@id":"https:\/\/amec.es\/ca\/actualitat\/amec-aconsegueix-acords-favorables-per-als-seus-membres-en-les-fires-per-sortejar-les-dificultats-de-2020\/#primaryimage"},"thumbnailUrl":"https:\/\/amec.es\/wp-content\/uploads\/2023\/08\/cabeceritasinternacional-1.jpg","articleSection":["Actualitat"],"inLanguage":"ca","potentialAction":[{"@type":"CommentAction","name":"Comment","target":["https:\/\/amec.es\/ca\/actualitat\/amec-aconsegueix-acords-favorables-per-als-seus-membres-en-les-fires-per-sortejar-les-dificultats-de-2020\/#respond"]}]},{"@type":"WebPage","@id":"https:\/\/amec.es\/ca\/actualitat\/amec-aconsegueix-acords-favorables-per-als-seus-membres-en-les-fires-per-sortejar-les-dificultats-de-2020\/","url":"https:\/\/amec.es\/ca\/actualitat\/amec-aconsegueix-acords-favorables-per-als-seus-membres-en-les-fires-per-sortejar-les-dificultats-de-2020\/","name":"amec aconsegueix acords favorables per als seus membres en les fires per sortejar les dificultats de 2020 | amec Positive Industry","isPartOf":{"@id":"https:\/\/amec.es\/#website"},"primaryImageOfPage":{"@id":"https:\/\/amec.es\/ca\/actualitat\/amec-aconsegueix-acords-favorables-per-als-seus-membres-en-les-fires-per-sortejar-les-dificultats-de-2020\/#primaryimage"},"image":{"@id":"https:\/\/amec.es\/ca\/actualitat\/amec-aconsegueix-acords-favorables-per-als-seus-membres-en-les-fires-per-sortejar-les-dificultats-de-2020\/#primaryimage"},"thumbnailUrl":"https:\/\/amec.es\/wp-content\/uploads\/2023\/08\/cabeceritasinternacional-1.jpg","datePublished":"2020-12-24T09:36:30+00:00","breadcrumb":{"@id":"https:\/\/amec.es\/ca\/actualitat\/amec-aconsegueix-acords-favorables-per-als-seus-membres-en-les-fires-per-sortejar-les-dificultats-de-2020\/#breadcrumb"},"inLanguage":"ca","potentialAction":[{"@type":"ReadAction","target":["https:\/\/amec.es\/ca\/actualitat\/amec-aconsegueix-acords-favorables-per-als-seus-membres-en-les-fires-per-sortejar-les-dificultats-de-2020\/"]}]},{"@type":"ImageObject","inLanguage":"ca","@id":"https:\/\/amec.es\/ca\/actualitat\/amec-aconsegueix-acords-favorables-per-als-seus-membres-en-les-fires-per-sortejar-les-dificultats-de-2020\/#primaryimage","url":"https:\/\/amec.es\/wp-content\/uploads\/2023\/08\/cabeceritasinternacional-1.jpg","contentUrl":"https:\/\/amec.es\/wp-content\/uploads\/2023\/08\/cabeceritasinternacional-1.jpg","width":1920,"height":284},{"@type":"BreadcrumbList","@id":"https:\/\/amec.es\/ca\/actualitat\/amec-aconsegueix-acords-favorables-per-als-seus-membres-en-les-fires-per-sortejar-les-dificultats-de-2020\/#breadcrumb","itemListElement":[{"@type":"ListItem","position":1,"name":"Portada","item":"https:\/\/amec.es\/ca\/home-new\/"},{"@type":"ListItem","position":2,"name":"amec aconsegueix acords favorables per als seus membres en les fires per sortejar les dificultats de 2020"}]},{"@type":"WebSite","@id":"https:\/\/amec.es\/#website","url":"https:\/\/amec.es\/","name":"amec Positive Industry","description":"","publisher":{"@id":"https:\/\/amec.es\/#organization"},"potentialAction":[{"@type":"SearchAction","target":{"@type":"EntryPoint","urlTemplate":"https:\/\/amec.es\/?s={search_term_string}"},"query-input":{"@type":"PropertyValueSpecification","valueRequired":true,"valueName":"search_term_string"}}],"inLanguage":"ca"},{"@type":"Organization","@id":"https:\/\/amec.es\/#organization","name":"amec Positive Industry","url":"https:\/\/amec.es\/","logo":{"@type":"ImageObject","inLanguage":"ca","@id":"https:\/\/amec.es\/#\/schema\/logo\/image\/","url":"https:\/\/amec.es\/wp-content\/uploads\/2023\/07\/logoamec.png","contentUrl":"https:\/\/amec.es\/wp-content\/uploads\/2023\/07\/logoamec.png","width":200,"height":48,"caption":"amec Positive Industry"},"image":{"@id":"https:\/\/amec.es\/#\/schema\/logo\/image\/"}},{"@type":"Person","@id":"https:\/\/amec.es\/#\/schema\/person\/377e1e145733915506a55297ad2fc830","name":"webmaster","image":{"@type":"ImageObject","inLanguage":"ca","@id":"https:\/\/secure.gravatar.com\/avatar\/1122ff7c82efe2079ddb19cd256fc39ab150caee9b258eeae8928e7f703c39f3?s=96&d=mm&r=g","url":"https:\/\/secure.gravatar.com\/avatar\/1122ff7c82efe2079ddb19cd256fc39ab150caee9b258eeae8928e7f703c39f3?s=96&d=mm&r=g","contentUrl":"https:\/\/secure.gravatar.com\/avatar\/1122ff7c82efe2079ddb19cd256fc39ab150caee9b258eeae8928e7f703c39f3?s=96&d=mm&r=g","caption":"webmaster"}}]}},"_links":{"self":[{"href":"https:\/\/amec.es\/ca\/wp-json\/wp\/v2\/posts\/6363","targetHints":{"allow":["GET"]}}],"collection":[{"href":"https:\/\/amec.es\/ca\/wp-json\/wp\/v2\/posts"}],"about":[{"href":"https:\/\/amec.es\/ca\/wp-json\/wp\/v2\/types\/post"}],"author":[{"embeddable":true,"href":"https:\/\/amec.es\/ca\/wp-json\/wp\/v2\/users\/1"}],"replies":[{"embeddable":true,"href":"https:\/\/amec.es\/ca\/wp-json\/wp\/v2\/comments?post=6363"}],"version-history":[{"count":0,"href":"https:\/\/amec.es\/ca\/wp-json\/wp\/v2\/posts\/6363\/revisions"}],"wp:featuredmedia":[{"embeddable":true,"href":"https:\/\/amec.es\/ca\/wp-json\/wp\/v2\/media\/4534"}],"wp:attachment":[{"href":"https:\/\/amec.es\/ca\/wp-json\/wp\/v2\/media?parent=6363"}],"wp:term":[{"taxonomy":"category","embeddable":true,"href":"https:\/\/amec.es\/ca\/wp-json\/wp\/v2\/categories?post=6363"},{"taxonomy":"post_tag","embeddable":true,"href":"https:\/\/amec.es\/ca\/wp-json\/wp\/v2\/tags?post=6363"}],"curies":[{"name":"wp","href":"https:\/\/api.w.org\/{rel}","templated":true}]}}