{"id":6364,"date":"2021-01-14T09:40:11","date_gmt":"2021-01-14T09:40:11","guid":{"rendered":"https:\/\/wecreatedesign.co\/dev\/WP\/amec\/?p=4542"},"modified":"2021-01-14T09:40:11","modified_gmt":"2021-01-14T09:40:11","slug":"amec-i-la-direccio-general-dfp-a-catalunya-treballaran-juntes-per-millorar-lacces-de-les-empreses-industrials-a-el-talent-que-necessiten","status":"publish","type":"post","link":"https:\/\/amec.es\/ca\/actualitat\/amec-i-la-direccio-general-dfp-a-catalunya-treballaran-juntes-per-millorar-lacces-de-les-empreses-industrials-a-el-talent-que-necessiten\/","title":{"rendered":"amec i la Direcci\u00f3 General d&#8217;FP a Catalunya treballaran juntes per millorar l&#8217;acc\u00e9s de les empreses industrials a el talent que necessiten"},"content":{"rendered":"<div class=\"portletDetailNoticies\">\n<div class=\"amplada-pagina descripcion\">\n<p><em><strong><img fetchpriority=\"high\" decoding=\"async\" src=\"http:\/\/wecreatedesign.co\/dev\/WP\/amec\/wp-content\/uploads\/2023\/03\/amec-ofice-redim-w500-h334.jpg\" alt=\"talent\" width=\"500\" height=\"334\" \/>amec<\/strong><\/em>\u00a0s&#8217;ha reunit amb la Direcci\u00f3 General de Formaci\u00f3 Professional a Catalunya per tractar les dificultats d&#8217;acc\u00e9s de les empreses industrials a el talent que necessiten. El director general\u00a0<em><strong>d&#8217;amec,<\/strong><\/em>\u00a0Joan Tristany, i la responsable de Capacitaci\u00f3 i Assessorament de l&#8217;entitat, Eva Pahissa, s&#8217;han reunit amb el director general de Formaci\u00f3 Professional Inicial i Ensenyaments de R\u00e8gim Especial, Joan-Llu\u00eds Espin\u00f3s, i el subdirector de Programes i Projectes, Jos\u00e9 Antonio Andr\u00e9s.<\/p>\n<p>&nbsp;<\/p>\n<p>Durant la trobada, els responsables de la Direcci\u00f3 General de Formaci\u00f3 Professional van afirmar ser molt conscients de la problem\u00e0tica. \u00c9s per aix\u00f2 que\u00a0<em><strong>amec<\/strong><\/em>\u00a0i la direcci\u00f3 general s&#8217;han comprom\u00e8s a col\u00b7laborar per activar mesures que posin soluci\u00f3 a l&#8217;acc\u00e9s a l&#8217;talent per part de les empreses. Concretament, les dues parts han convingut a\u00a0<strong>posar en marxa de forma conjunta dos programes:<\/strong><\/p>\n<p>&nbsp;<\/p>\n<ul>\n<li>un\u00a0<strong>programa de<\/strong>\u00a0<strong>pr\u00e0ctiques internacionals en empreses instal\u00b7lades a l&#8217;exterior,<\/strong>\u00a0de manera que els alumnes puguin realitzar-les en les filials de les empreses de la comunitat\u00a0<em><strong>d&#8217;amec;<\/strong><\/em><\/li>\n<li>un\u00a0<strong>programa pilot<\/strong>\u00a0en qu\u00e8 participaran empreses de la nostra comunitat, que s&#8217;integraran en el sistema d&#8217;FP Dual, formant-se a el mateix temps tant a l&#8217;escola com a l&#8217;empresa.<\/li>\n<\/ul>\n<p>&nbsp;<\/p>\n<p>De la mateixa manera,\u00a0<em><strong>amec<\/strong><\/em>\u00a0s&#8217;ha ofert per participar en totes aquelles accions de promoci\u00f3 de la formaci\u00f3 de les branques industrials de la FP, mitjan\u00e7ant la participaci\u00f3 de les pr\u00f2pies empreses.<\/p>\n<p>&nbsp;<\/p>\n<p>Els estudis de formaci\u00f3 professional relacionats amb les branques industrials s\u00f3n els que tenen l&#8217;\u00edndex m\u00e9s elevat d&#8217;ocupaci\u00f3 i salaris. Tot i aix\u00ed, hi ha un gran desconeixement sobre aquestes opcions de formaci\u00f3, motiu pel qual les empreses tenen dificultats per trobar talent i cobrir els llocs necessaris. Davant d&#8217;un problema que va en augment,\u00a0<em><strong>amec<\/strong><\/em>\u00a0est\u00e0 desenvolupant el\u00a0<a href=\"https:\/\/www.amec.es\/pl199\/amecnews\/noticias\/id598\/amec-trabaja-intensamente-para-facilitar-la-captacion-de-talento-a-nuestros-miembros.htm?fcat_199=538\" target=\"_blank\" rel=\"noopener\">Pla de Talent<\/a>\u00a0, que inclou tot tipus d&#8217;accions, amb el principal objectiu de facilitar als nostres membres la recerca, la captaci\u00f3 de talent, aix\u00ed com el major desenvolupament de qu\u00e8 ja tenen. Aquest pla inclou dur a terme totes les accions de lobby davant les administracions per millorar la imatge de l&#8217;FP, de manera que les empreses industrials puguin tenir acc\u00e9s a nou talent.<\/p>\n<p>&nbsp;<\/p>\n<p><em><strong>amec<\/strong><\/em>\u00a0tamb\u00e9 ha creat un\u00a0<a href=\"https:\/\/www.amec.es\/pl199\/amecnews\/noticias\/id429\/amec-y-sus-miembros-ponen-en-marcha-el-nuevo-grupo-de-networking-sobre-talento.htm\" target=\"_blank\" rel=\"noopener\">grup estable de networking sobre talent<\/a> que es reuneix peri\u00f2dicament, obert a la participaci\u00f3 dels nostres membres, i en el qual abordem tots els aspectes i necessitats de les empreses industrials per seguir treballant i responent a les seves necessitats.<\/p>\n<\/div>\n<\/div>\n","protected":false},"excerpt":{"rendered":"<p>amec\u00a0s&#8217;ha reunit amb la Direcci\u00f3 General de Formaci\u00f3 Professional a Catalunya per tractar les dificultats d&#8217;acc\u00e9s de les empreses industrials a el talent que necessiten. El director general\u00a0d&#8217;amec,\u00a0Joan Tristany, i la responsable de Capacitaci\u00f3 i Assessorament de l&#8217;entitat, Eva Pahissa, s&#8217;han reunit amb el director general de Formaci\u00f3 Professional Inicial i Ensenyaments de R\u00e8gim Especial, [&hellip;]<\/p>\n","protected":false},"author":1,"featured_media":4544,"comment_status":"open","ping_status":"open","sticky":false,"template":"","format":"standard","meta":{"inline_featured_image":false,"footnotes":""},"categories":[27],"tags":[],"class_list":["post-6364","post","type-post","status-publish","format-standard","has-post-thumbnail","hentry","category-actualitat"],"yoast_head":"<!-- This site is optimized with the Yoast SEO plugin v27.3 - https:\/\/yoast.com\/product\/yoast-seo-wordpress\/ -->\n<title>amec i la Direcci\u00f3 General d&#039;FP a Catalunya treballaran juntes per millorar l&#039;acc\u00e9s de les empreses industrials a el talent que necessiten | amec Positive Industry<\/title>\n<meta name=\"robots\" content=\"index, follow, max-snippet:-1, max-image-preview:large, max-video-preview:-1\" \/>\n<link rel=\"canonical\" href=\"https:\/\/amec.es\/ca\/actualitat\/amec-i-la-direccio-general-dfp-a-catalunya-treballaran-juntes-per-millorar-lacces-de-les-empreses-industrials-a-el-talent-que-necessiten\/\" \/>\n<meta property=\"og:locale\" content=\"ca_ES\" \/>\n<meta property=\"og:type\" content=\"article\" \/>\n<meta property=\"og:title\" content=\"amec i la Direcci\u00f3 General d&#039;FP a Catalunya treballaran juntes per millorar l&#039;acc\u00e9s de les empreses industrials a el talent que necessiten | amec Positive Industry\" \/>\n<meta property=\"og:description\" content=\"amec\u00a0s&#8217;ha reunit amb la Direcci\u00f3 General de Formaci\u00f3 Professional a Catalunya per tractar les dificultats d&#8217;acc\u00e9s de les empreses industrials a el talent que necessiten. El director general\u00a0d&#8217;amec,\u00a0Joan Tristany, i la responsable de Capacitaci\u00f3 i Assessorament de l&#8217;entitat, Eva Pahissa, s&#8217;han reunit amb el director general de Formaci\u00f3 Professional Inicial i Ensenyaments de R\u00e8gim Especial, [&hellip;]\" \/>\n<meta property=\"og:url\" content=\"https:\/\/amec.es\/ca\/actualitat\/amec-i-la-direccio-general-dfp-a-catalunya-treballaran-juntes-per-millorar-lacces-de-les-empreses-industrials-a-el-talent-que-necessiten\/\" \/>\n<meta property=\"og:site_name\" content=\"amec Positive Industry\" \/>\n<meta property=\"article:published_time\" content=\"2021-01-14T09:40:11+00:00\" \/>\n<meta property=\"og:image\" content=\"https:\/\/amec.es\/wp-content\/uploads\/2023\/08\/diseno-sin-titulo-2-2.png\" \/>\n\t<meta property=\"og:image:width\" content=\"900\" \/>\n\t<meta property=\"og:image:height\" content=\"400\" \/>\n\t<meta property=\"og:image:type\" content=\"image\/png\" \/>\n<meta name=\"author\" content=\"webmaster\" \/>\n<meta name=\"twitter:card\" content=\"summary_large_image\" \/>\n<meta name=\"twitter:label1\" content=\"Escrit per\" \/>\n\t<meta name=\"twitter:data1\" content=\"webmaster\" \/>\n\t<meta name=\"twitter:label2\" content=\"Temps estimat de lectura\" \/>\n\t<meta name=\"twitter:data2\" content=\"2 minuts\" \/>\n<script type=\"application\/ld+json\" class=\"yoast-schema-graph\">{\"@context\":\"https:\\\/\\\/schema.org\",\"@graph\":[{\"@type\":\"Article\",\"@id\":\"https:\\\/\\\/amec.es\\\/ca\\\/actualitat\\\/amec-i-la-direccio-general-dfp-a-catalunya-treballaran-juntes-per-millorar-lacces-de-les-empreses-industrials-a-el-talent-que-necessiten\\\/#article\",\"isPartOf\":{\"@id\":\"https:\\\/\\\/amec.es\\\/ca\\\/actualitat\\\/amec-i-la-direccio-general-dfp-a-catalunya-treballaran-juntes-per-millorar-lacces-de-les-empreses-industrials-a-el-talent-que-necessiten\\\/\"},\"author\":{\"name\":\"webmaster\",\"@id\":\"https:\\\/\\\/amec.es\\\/#\\\/schema\\\/person\\\/377e1e145733915506a55297ad2fc830\"},\"headline\":\"amec i la Direcci\u00f3 General d&#8217;FP a Catalunya treballaran juntes per millorar l&#8217;acc\u00e9s de les empreses industrials a el talent que necessiten\",\"datePublished\":\"2021-01-14T09:40:11+00:00\",\"mainEntityOfPage\":{\"@id\":\"https:\\\/\\\/amec.es\\\/ca\\\/actualitat\\\/amec-i-la-direccio-general-dfp-a-catalunya-treballaran-juntes-per-millorar-lacces-de-les-empreses-industrials-a-el-talent-que-necessiten\\\/\"},\"wordCount\":456,\"commentCount\":0,\"publisher\":{\"@id\":\"https:\\\/\\\/amec.es\\\/#organization\"},\"image\":{\"@id\":\"https:\\\/\\\/amec.es\\\/ca\\\/actualitat\\\/amec-i-la-direccio-general-dfp-a-catalunya-treballaran-juntes-per-millorar-lacces-de-les-empreses-industrials-a-el-talent-que-necessiten\\\/#primaryimage\"},\"thumbnailUrl\":\"https:\\\/\\\/amec.es\\\/wp-content\\\/uploads\\\/2023\\\/08\\\/diseno-sin-titulo-2-2.png\",\"articleSection\":[\"Actualitat\"],\"inLanguage\":\"ca\",\"potentialAction\":[{\"@type\":\"CommentAction\",\"name\":\"Comment\",\"target\":[\"https:\\\/\\\/amec.es\\\/ca\\\/actualitat\\\/amec-i-la-direccio-general-dfp-a-catalunya-treballaran-juntes-per-millorar-lacces-de-les-empreses-industrials-a-el-talent-que-necessiten\\\/#respond\"]}]},{\"@type\":\"WebPage\",\"@id\":\"https:\\\/\\\/amec.es\\\/ca\\\/actualitat\\\/amec-i-la-direccio-general-dfp-a-catalunya-treballaran-juntes-per-millorar-lacces-de-les-empreses-industrials-a-el-talent-que-necessiten\\\/\",\"url\":\"https:\\\/\\\/amec.es\\\/ca\\\/actualitat\\\/amec-i-la-direccio-general-dfp-a-catalunya-treballaran-juntes-per-millorar-lacces-de-les-empreses-industrials-a-el-talent-que-necessiten\\\/\",\"name\":\"amec i la Direcci\u00f3 General d'FP a Catalunya treballaran juntes per millorar l'acc\u00e9s de les empreses industrials a el talent que necessiten | amec Positive Industry\",\"isPartOf\":{\"@id\":\"https:\\\/\\\/amec.es\\\/#website\"},\"primaryImageOfPage\":{\"@id\":\"https:\\\/\\\/amec.es\\\/ca\\\/actualitat\\\/amec-i-la-direccio-general-dfp-a-catalunya-treballaran-juntes-per-millorar-lacces-de-les-empreses-industrials-a-el-talent-que-necessiten\\\/#primaryimage\"},\"image\":{\"@id\":\"https:\\\/\\\/amec.es\\\/ca\\\/actualitat\\\/amec-i-la-direccio-general-dfp-a-catalunya-treballaran-juntes-per-millorar-lacces-de-les-empreses-industrials-a-el-talent-que-necessiten\\\/#primaryimage\"},\"thumbnailUrl\":\"https:\\\/\\\/amec.es\\\/wp-content\\\/uploads\\\/2023\\\/08\\\/diseno-sin-titulo-2-2.png\",\"datePublished\":\"2021-01-14T09:40:11+00:00\",\"breadcrumb\":{\"@id\":\"https:\\\/\\\/amec.es\\\/ca\\\/actualitat\\\/amec-i-la-direccio-general-dfp-a-catalunya-treballaran-juntes-per-millorar-lacces-de-les-empreses-industrials-a-el-talent-que-necessiten\\\/#breadcrumb\"},\"inLanguage\":\"ca\",\"potentialAction\":[{\"@type\":\"ReadAction\",\"target\":[\"https:\\\/\\\/amec.es\\\/ca\\\/actualitat\\\/amec-i-la-direccio-general-dfp-a-catalunya-treballaran-juntes-per-millorar-lacces-de-les-empreses-industrials-a-el-talent-que-necessiten\\\/\"]}]},{\"@type\":\"ImageObject\",\"inLanguage\":\"ca\",\"@id\":\"https:\\\/\\\/amec.es\\\/ca\\\/actualitat\\\/amec-i-la-direccio-general-dfp-a-catalunya-treballaran-juntes-per-millorar-lacces-de-les-empreses-industrials-a-el-talent-que-necessiten\\\/#primaryimage\",\"url\":\"https:\\\/\\\/amec.es\\\/wp-content\\\/uploads\\\/2023\\\/08\\\/diseno-sin-titulo-2-2.png\",\"contentUrl\":\"https:\\\/\\\/amec.es\\\/wp-content\\\/uploads\\\/2023\\\/08\\\/diseno-sin-titulo-2-2.png\",\"width\":900,\"height\":400},{\"@type\":\"BreadcrumbList\",\"@id\":\"https:\\\/\\\/amec.es\\\/ca\\\/actualitat\\\/amec-i-la-direccio-general-dfp-a-catalunya-treballaran-juntes-per-millorar-lacces-de-les-empreses-industrials-a-el-talent-que-necessiten\\\/#breadcrumb\",\"itemListElement\":[{\"@type\":\"ListItem\",\"position\":1,\"name\":\"Portada\",\"item\":\"https:\\\/\\\/amec.es\\\/ca\\\/home-new\\\/\"},{\"@type\":\"ListItem\",\"position\":2,\"name\":\"amec i la Direcci\u00f3 General d&#8217;FP a Catalunya treballaran juntes per millorar l&#8217;acc\u00e9s de les empreses industrials a el talent que necessiten\"}]},{\"@type\":\"WebSite\",\"@id\":\"https:\\\/\\\/amec.es\\\/#website\",\"url\":\"https:\\\/\\\/amec.es\\\/\",\"name\":\"amec Positive Industry\",\"description\":\"\",\"publisher\":{\"@id\":\"https:\\\/\\\/amec.es\\\/#organization\"},\"potentialAction\":[{\"@type\":\"SearchAction\",\"target\":{\"@type\":\"EntryPoint\",\"urlTemplate\":\"https:\\\/\\\/amec.es\\\/?s={search_term_string}\"},\"query-input\":{\"@type\":\"PropertyValueSpecification\",\"valueRequired\":true,\"valueName\":\"search_term_string\"}}],\"inLanguage\":\"ca\"},{\"@type\":\"Organization\",\"@id\":\"https:\\\/\\\/amec.es\\\/#organization\",\"name\":\"amec Positive Industry\",\"url\":\"https:\\\/\\\/amec.es\\\/\",\"logo\":{\"@type\":\"ImageObject\",\"inLanguage\":\"ca\",\"@id\":\"https:\\\/\\\/amec.es\\\/#\\\/schema\\\/logo\\\/image\\\/\",\"url\":\"https:\\\/\\\/amec.es\\\/wp-content\\\/uploads\\\/2023\\\/07\\\/logoamec.png\",\"contentUrl\":\"https:\\\/\\\/amec.es\\\/wp-content\\\/uploads\\\/2023\\\/07\\\/logoamec.png\",\"width\":200,\"height\":48,\"caption\":\"amec Positive Industry\"},\"image\":{\"@id\":\"https:\\\/\\\/amec.es\\\/#\\\/schema\\\/logo\\\/image\\\/\"}},{\"@type\":\"Person\",\"@id\":\"https:\\\/\\\/amec.es\\\/#\\\/schema\\\/person\\\/377e1e145733915506a55297ad2fc830\",\"name\":\"webmaster\",\"image\":{\"@type\":\"ImageObject\",\"inLanguage\":\"ca\",\"@id\":\"https:\\\/\\\/secure.gravatar.com\\\/avatar\\\/1122ff7c82efe2079ddb19cd256fc39ab150caee9b258eeae8928e7f703c39f3?s=96&d=mm&r=g\",\"url\":\"https:\\\/\\\/secure.gravatar.com\\\/avatar\\\/1122ff7c82efe2079ddb19cd256fc39ab150caee9b258eeae8928e7f703c39f3?s=96&d=mm&r=g\",\"contentUrl\":\"https:\\\/\\\/secure.gravatar.com\\\/avatar\\\/1122ff7c82efe2079ddb19cd256fc39ab150caee9b258eeae8928e7f703c39f3?s=96&d=mm&r=g\",\"caption\":\"webmaster\"}}]}<\/script>\n<!-- \/ Yoast SEO plugin. -->","yoast_head_json":{"title":"amec i la Direcci\u00f3 General d'FP a Catalunya treballaran juntes per millorar l'acc\u00e9s de les empreses industrials a el talent que necessiten | amec Positive Industry","robots":{"index":"index","follow":"follow","max-snippet":"max-snippet:-1","max-image-preview":"max-image-preview:large","max-video-preview":"max-video-preview:-1"},"canonical":"https:\/\/amec.es\/ca\/actualitat\/amec-i-la-direccio-general-dfp-a-catalunya-treballaran-juntes-per-millorar-lacces-de-les-empreses-industrials-a-el-talent-que-necessiten\/","og_locale":"ca_ES","og_type":"article","og_title":"amec i la Direcci\u00f3 General d'FP a Catalunya treballaran juntes per millorar l'acc\u00e9s de les empreses industrials a el talent que necessiten | amec Positive Industry","og_description":"amec\u00a0s&#8217;ha reunit amb la Direcci\u00f3 General de Formaci\u00f3 Professional a Catalunya per tractar les dificultats d&#8217;acc\u00e9s de les empreses industrials a el talent que necessiten. El director general\u00a0d&#8217;amec,\u00a0Joan Tristany, i la responsable de Capacitaci\u00f3 i Assessorament de l&#8217;entitat, Eva Pahissa, s&#8217;han reunit amb el director general de Formaci\u00f3 Professional Inicial i Ensenyaments de R\u00e8gim Especial, [&hellip;]","og_url":"https:\/\/amec.es\/ca\/actualitat\/amec-i-la-direccio-general-dfp-a-catalunya-treballaran-juntes-per-millorar-lacces-de-les-empreses-industrials-a-el-talent-que-necessiten\/","og_site_name":"amec Positive Industry","article_published_time":"2021-01-14T09:40:11+00:00","og_image":[{"width":900,"height":400,"url":"https:\/\/amec.es\/wp-content\/uploads\/2023\/08\/diseno-sin-titulo-2-2.png","type":"image\/png"}],"author":"webmaster","twitter_card":"summary_large_image","twitter_misc":{"Escrit per":"webmaster","Temps estimat de lectura":"2 minuts"},"schema":{"@context":"https:\/\/schema.org","@graph":[{"@type":"Article","@id":"https:\/\/amec.es\/ca\/actualitat\/amec-i-la-direccio-general-dfp-a-catalunya-treballaran-juntes-per-millorar-lacces-de-les-empreses-industrials-a-el-talent-que-necessiten\/#article","isPartOf":{"@id":"https:\/\/amec.es\/ca\/actualitat\/amec-i-la-direccio-general-dfp-a-catalunya-treballaran-juntes-per-millorar-lacces-de-les-empreses-industrials-a-el-talent-que-necessiten\/"},"author":{"name":"webmaster","@id":"https:\/\/amec.es\/#\/schema\/person\/377e1e145733915506a55297ad2fc830"},"headline":"amec i la Direcci\u00f3 General d&#8217;FP a Catalunya treballaran juntes per millorar l&#8217;acc\u00e9s de les empreses industrials a el talent que necessiten","datePublished":"2021-01-14T09:40:11+00:00","mainEntityOfPage":{"@id":"https:\/\/amec.es\/ca\/actualitat\/amec-i-la-direccio-general-dfp-a-catalunya-treballaran-juntes-per-millorar-lacces-de-les-empreses-industrials-a-el-talent-que-necessiten\/"},"wordCount":456,"commentCount":0,"publisher":{"@id":"https:\/\/amec.es\/#organization"},"image":{"@id":"https:\/\/amec.es\/ca\/actualitat\/amec-i-la-direccio-general-dfp-a-catalunya-treballaran-juntes-per-millorar-lacces-de-les-empreses-industrials-a-el-talent-que-necessiten\/#primaryimage"},"thumbnailUrl":"https:\/\/amec.es\/wp-content\/uploads\/2023\/08\/diseno-sin-titulo-2-2.png","articleSection":["Actualitat"],"inLanguage":"ca","potentialAction":[{"@type":"CommentAction","name":"Comment","target":["https:\/\/amec.es\/ca\/actualitat\/amec-i-la-direccio-general-dfp-a-catalunya-treballaran-juntes-per-millorar-lacces-de-les-empreses-industrials-a-el-talent-que-necessiten\/#respond"]}]},{"@type":"WebPage","@id":"https:\/\/amec.es\/ca\/actualitat\/amec-i-la-direccio-general-dfp-a-catalunya-treballaran-juntes-per-millorar-lacces-de-les-empreses-industrials-a-el-talent-que-necessiten\/","url":"https:\/\/amec.es\/ca\/actualitat\/amec-i-la-direccio-general-dfp-a-catalunya-treballaran-juntes-per-millorar-lacces-de-les-empreses-industrials-a-el-talent-que-necessiten\/","name":"amec i la Direcci\u00f3 General d'FP a Catalunya treballaran juntes per millorar l'acc\u00e9s de les empreses industrials a el talent que necessiten | amec Positive Industry","isPartOf":{"@id":"https:\/\/amec.es\/#website"},"primaryImageOfPage":{"@id":"https:\/\/amec.es\/ca\/actualitat\/amec-i-la-direccio-general-dfp-a-catalunya-treballaran-juntes-per-millorar-lacces-de-les-empreses-industrials-a-el-talent-que-necessiten\/#primaryimage"},"image":{"@id":"https:\/\/amec.es\/ca\/actualitat\/amec-i-la-direccio-general-dfp-a-catalunya-treballaran-juntes-per-millorar-lacces-de-les-empreses-industrials-a-el-talent-que-necessiten\/#primaryimage"},"thumbnailUrl":"https:\/\/amec.es\/wp-content\/uploads\/2023\/08\/diseno-sin-titulo-2-2.png","datePublished":"2021-01-14T09:40:11+00:00","breadcrumb":{"@id":"https:\/\/amec.es\/ca\/actualitat\/amec-i-la-direccio-general-dfp-a-catalunya-treballaran-juntes-per-millorar-lacces-de-les-empreses-industrials-a-el-talent-que-necessiten\/#breadcrumb"},"inLanguage":"ca","potentialAction":[{"@type":"ReadAction","target":["https:\/\/amec.es\/ca\/actualitat\/amec-i-la-direccio-general-dfp-a-catalunya-treballaran-juntes-per-millorar-lacces-de-les-empreses-industrials-a-el-talent-que-necessiten\/"]}]},{"@type":"ImageObject","inLanguage":"ca","@id":"https:\/\/amec.es\/ca\/actualitat\/amec-i-la-direccio-general-dfp-a-catalunya-treballaran-juntes-per-millorar-lacces-de-les-empreses-industrials-a-el-talent-que-necessiten\/#primaryimage","url":"https:\/\/amec.es\/wp-content\/uploads\/2023\/08\/diseno-sin-titulo-2-2.png","contentUrl":"https:\/\/amec.es\/wp-content\/uploads\/2023\/08\/diseno-sin-titulo-2-2.png","width":900,"height":400},{"@type":"BreadcrumbList","@id":"https:\/\/amec.es\/ca\/actualitat\/amec-i-la-direccio-general-dfp-a-catalunya-treballaran-juntes-per-millorar-lacces-de-les-empreses-industrials-a-el-talent-que-necessiten\/#breadcrumb","itemListElement":[{"@type":"ListItem","position":1,"name":"Portada","item":"https:\/\/amec.es\/ca\/home-new\/"},{"@type":"ListItem","position":2,"name":"amec i la Direcci\u00f3 General d&#8217;FP a Catalunya treballaran juntes per millorar l&#8217;acc\u00e9s de les empreses industrials a el talent que necessiten"}]},{"@type":"WebSite","@id":"https:\/\/amec.es\/#website","url":"https:\/\/amec.es\/","name":"amec Positive Industry","description":"","publisher":{"@id":"https:\/\/amec.es\/#organization"},"potentialAction":[{"@type":"SearchAction","target":{"@type":"EntryPoint","urlTemplate":"https:\/\/amec.es\/?s={search_term_string}"},"query-input":{"@type":"PropertyValueSpecification","valueRequired":true,"valueName":"search_term_string"}}],"inLanguage":"ca"},{"@type":"Organization","@id":"https:\/\/amec.es\/#organization","name":"amec Positive Industry","url":"https:\/\/amec.es\/","logo":{"@type":"ImageObject","inLanguage":"ca","@id":"https:\/\/amec.es\/#\/schema\/logo\/image\/","url":"https:\/\/amec.es\/wp-content\/uploads\/2023\/07\/logoamec.png","contentUrl":"https:\/\/amec.es\/wp-content\/uploads\/2023\/07\/logoamec.png","width":200,"height":48,"caption":"amec Positive Industry"},"image":{"@id":"https:\/\/amec.es\/#\/schema\/logo\/image\/"}},{"@type":"Person","@id":"https:\/\/amec.es\/#\/schema\/person\/377e1e145733915506a55297ad2fc830","name":"webmaster","image":{"@type":"ImageObject","inLanguage":"ca","@id":"https:\/\/secure.gravatar.com\/avatar\/1122ff7c82efe2079ddb19cd256fc39ab150caee9b258eeae8928e7f703c39f3?s=96&d=mm&r=g","url":"https:\/\/secure.gravatar.com\/avatar\/1122ff7c82efe2079ddb19cd256fc39ab150caee9b258eeae8928e7f703c39f3?s=96&d=mm&r=g","contentUrl":"https:\/\/secure.gravatar.com\/avatar\/1122ff7c82efe2079ddb19cd256fc39ab150caee9b258eeae8928e7f703c39f3?s=96&d=mm&r=g","caption":"webmaster"}}]}},"_links":{"self":[{"href":"https:\/\/amec.es\/ca\/wp-json\/wp\/v2\/posts\/6364","targetHints":{"allow":["GET"]}}],"collection":[{"href":"https:\/\/amec.es\/ca\/wp-json\/wp\/v2\/posts"}],"about":[{"href":"https:\/\/amec.es\/ca\/wp-json\/wp\/v2\/types\/post"}],"author":[{"embeddable":true,"href":"https:\/\/amec.es\/ca\/wp-json\/wp\/v2\/users\/1"}],"replies":[{"embeddable":true,"href":"https:\/\/amec.es\/ca\/wp-json\/wp\/v2\/comments?post=6364"}],"version-history":[{"count":0,"href":"https:\/\/amec.es\/ca\/wp-json\/wp\/v2\/posts\/6364\/revisions"}],"wp:featuredmedia":[{"embeddable":true,"href":"https:\/\/amec.es\/ca\/wp-json\/wp\/v2\/media\/4544"}],"wp:attachment":[{"href":"https:\/\/amec.es\/ca\/wp-json\/wp\/v2\/media?parent=6364"}],"wp:term":[{"taxonomy":"category","embeddable":true,"href":"https:\/\/amec.es\/ca\/wp-json\/wp\/v2\/categories?post=6364"},{"taxonomy":"post_tag","embeddable":true,"href":"https:\/\/amec.es\/ca\/wp-json\/wp\/v2\/tags?post=6364"}],"curies":[{"name":"wp","href":"https:\/\/api.w.org\/{rel}","templated":true}]}}