{"id":6368,"date":"2021-01-14T06:31:43","date_gmt":"2021-01-14T06:31:43","guid":{"rendered":"https:\/\/wecreatedesign.co\/dev\/WP\/amec\/?p=5509"},"modified":"2021-01-14T06:31:43","modified_gmt":"2021-01-14T06:31:43","slug":"ndp-el-sector-de-la-ferreteria-ventilacio-i-equipament-per-al-bany-veu-clau-la-diversificacio-en-la-venda","status":"publish","type":"post","link":"https:\/\/amec.es\/ca\/notes-de-premsa\/ndp-el-sector-de-la-ferreteria-ventilacio-i-equipament-per-al-bany-veu-clau-la-diversificacio-en-la-venda\/","title":{"rendered":"NdP: El sector de la ferreteria, ventilaci\u00f3 i equipament per al bany veu clau la diversificaci\u00f3 en la venda"},"content":{"rendered":"<ul>\n<li><strong>Les empreses tenen la confian\u00e7a de que no hi haur\u00e0 nous tancaments de l&#8217;activitat i veuen com la diversificaci\u00f3 de nous sectors de venda ser\u00e0 un dels factors clau per al seu creixement.<\/strong><\/li>\n<li><strong>El sector, que mostra dubtes sobre el repartiment dels<\/strong>\u00a0<strong>fons europeus de recuperaci\u00f3, considera necessari revaloritzar a la ind\u00fastria enfront de les administracions p\u00fabliques perqu\u00e8 pugui exercir el seu paper de dinamitzador de l&#8217;economia.<\/strong><\/li>\n<\/ul>\n<p><strong>\u00a0<\/strong><\/p>\n<p>&nbsp;<\/p>\n<p><strong>Barcelona, 14 de gener de 2021.<\/strong>\u00a0Les empreses de el sector de la ferreteria i subministrament industrial, equipament per a bany i cuina, i sistemes de ventilaci\u00f3 i climatitzaci\u00f3\u00a0<strong><em>d&#8217;amec<\/em><\/strong>\u00a0s&#8217;han reunit per avaluar el tancament de 2020 i compartir la seva previsi\u00f3 respecte a 2021. el 2020 hi ha hagut un repunt de les reformes a les llars, impulsades entre altres motivacions pel major temps que els ciutadans han passat a casa a conseq\u00fc\u00e8ncia de l&#8217;confinament i la pand\u00e8mia, i a l&#8217;estalvi acumulat de les fam\u00edlies per la impossibilitat de viatjar. No obstant aix\u00f2, no ha estat suficient per compensar els\u00a0<strong>efectes de la crisi.<\/strong>\u00a0Les empreses calculen que han tingut una caiguda mitjana de la facturaci\u00f3 d&#8217;un 11% el 2020 i esperen una recuperaci\u00f3 natural de l&#8217;mercat lenta per\u00f2 constant al llarg de 2021, sobretot a partir de l&#8217;segon semestre. En aquest sentit, per a aquest any han preparat uns pressupostos de partida similars als de 2020, enfocats a recuperar el perdut i igualar resultats de 2019.<\/p>\n<p>&nbsp;<\/p>\n<p>L&#8217;any que comen\u00e7a est\u00e0 caracteritzat per la prud\u00e8ncia i els reajustaments, i est\u00e0 dirigit m\u00e9s a mantenir xifres que a cr\u00e9ixer. Les empreses tenen la confian\u00e7a de que no hi haur\u00e0 nous tancaments de l&#8217;activitat i veuen com la diversificaci\u00f3 de nous sectors de venda ser\u00e0 un dels factors clau en el creixement de les empreses. 2021 tamb\u00e9 s&#8217;observa com un any de grans reptes per a la ind\u00fastria espanyola i per al sector en concret. Davant el manteniment dels problemes de mobilitat, els esfor\u00e7os en internacionalitzaci\u00f3 es concentraran en els pa\u00efsos que mantinguin millors quotes de demanda. Paral\u00b7lelament, el sector est\u00e0 apostant pels marketplaces B2B i B2C.<\/p>\n<p>&nbsp;<\/p>\n<p>Les empreses veuen amb preocupaci\u00f3 la\u00a0<strong>pujada de preu<\/strong>\u00a0de les\u00a0<strong>mat\u00e8ries primeres<\/strong>\u00a0provinents de el sud-est asi\u00e0tic, i sobretot les de la Xina, el que en conseq\u00fc\u00e8ncia provoca un augment dels preus dels\u00a0<strong>productes finals.<\/strong><\/p>\n<p>&nbsp;<\/p>\n<p>Alhora es mostren molt preocupades pel funcionament de les\u00a0<strong>cadenes de subministrament<\/strong>\u00a0i les noves\u00a0<strong>barreres a el comer\u00e7,<\/strong>\u00a0que han fet que es dupliquin els costos log\u00edstics i que estan provocant trencaments d&#8217;estoc cada vegada amb m\u00e9s freq\u00fc\u00e8ncia. A causa dels efectes d&#8217;una pand\u00e8mia cada vegada m\u00e9s prolongada en el temps, un altre temor per a aquest any \u00e9s que hi pugui haver una\u00a0<strong>contracci\u00f3 de la demanda.<\/strong><\/p>\n<p>&nbsp;<\/p>\n<p>Les empreses han mostrat dubtes sobre el repartiment dels\u00a0<strong>fons europeus<\/strong>\u00a0de recuperaci\u00f3 i que aquests arribin a les pimes industrials i consideren necessari revaloritzar a la ind\u00fastria enfront de les administracions p\u00fabliques perqu\u00e8 pugui exercir el seu paper de dinamitzador de l&#8217;economia, i garanteixi que sigui s\u00f2lida i diversificada.<\/p>\n<p>&nbsp;<\/p>\n<p>En aquest sentit,\u00a0<strong><em>amec<\/em><\/strong>\u00a0incideix en la necessitat de portar a la pr\u00e0ctica les 10 grans mesures imprescindibles per a la reactivaci\u00f3 i transformaci\u00f3 de la ind\u00fastria que proposa en el document\u00a0<a href=\"https:\/\/www.amec.es\/site1\/files\/doc105\/claves-para-el-cambio-del-modelo-productivo-amec-mayo2020.pdf\" data-href=\"https:\/\/www.amec.es\/site1\/files\/doc105\/claves-para-el-cambio-del-modelo-productivo-amec-mayo2020.pdf\">Claus per al canvi de model productiu<\/a>\u00a0, en qu\u00e8 han participat m\u00e9s de 50 experts i empreses industrials internacionalitzades i presentat a les administracions al llarg de 2020 davant la necessitat de dur a terme pol\u00edtiques perqu\u00e8 la ind\u00fastria pugui ser motor de recuperaci\u00f3 i garant d&#8217;una economia s\u00f2lida i diversificada. A el mateix temps, defensa el paper de la ind\u00fastria mitjan\u00e7ant el moviment\u00a0<a href=\"https:\/\/www.amec.es\/positiveindustry\" data-href=\"https:\/\/www.amec.es\/positiveindustry\">Positive Industry<\/a>\u00a0, que cada vegada est\u00e0 sumant m\u00e9s adhesions d&#8217;empreses i organismes de tot l&#8217;ecosistema.<\/p>\n<p>&nbsp;<\/p>\n<p>&nbsp;<\/p>\n<p><strong><em>amec<\/em><\/strong>\u00a0<strong>impulsa els nous factors clau de competitivitat a les empreses<\/strong><\/p>\n<p>L&#8217;associaci\u00f3 de les empreses industrials internacionalitzades\u00a0<strong><em>amec<\/em><\/strong>\u00a0impulsa els\u00a0<a href=\"https:\/\/www.youtube.com\/watch?v=SDztjgsQdBk&amp;feature=youtu.be\">nous factors clau de competitivitat a les empreses a Espanya<\/a>\u00a0:\u00a0<strong>anticipaci\u00f3, adaptabilitat, col\u00b7laboraci\u00f3, glocalitzaci\u00f3 i sostenibilitat.<\/strong>\u00a0Les empreses que formen part\u00a0<strong><em>d&#8217;amec<\/em><\/strong>\u00a0generen un volum d&#8217;exportaci\u00f3 superior als 6.200 milions d&#8217;euros, exporten de mitjana el 55,5% de la seva facturaci\u00f3 i inverteixen el 4,7% en innovaci\u00f3.<\/p>\n<p>&nbsp;<\/p>\n<p>&nbsp;<\/p>\n<p><strong>Per a m\u00e9s informaci\u00f3:<\/strong><\/p>\n<p>Gl\u00f2ria Ayuso<\/p>\n<p><a href=\"mailto:gloria.ayuso@ga-binet.com\">gloria.ayuso@ga-binet.com<\/a><\/p>\n<p>Tel. 654 60 95 18<\/p>\n","protected":false},"excerpt":{"rendered":"<p>Les empreses tenen la confian\u00e7a de que no hi haur\u00e0 nous tancaments de l&#8217;activitat i veuen com la diversificaci\u00f3 de nous sectors de venda ser\u00e0 un dels factors clau per al seu creixement. El sector, que mostra dubtes sobre el repartiment dels\u00a0fons europeus de recuperaci\u00f3, considera necessari revaloritzar a la ind\u00fastria enfront de les administracions [&hellip;]<\/p>\n","protected":false},"author":1,"featured_media":0,"comment_status":"open","ping_status":"open","sticky":false,"template":"","format":"standard","meta":{"inline_featured_image":false,"footnotes":""},"categories":[28],"tags":[],"class_list":["post-6368","post","type-post","status-publish","format-standard","hentry","category-notes-de-premsa"],"yoast_head":"<!-- This site is optimized with the Yoast SEO plugin v27.3 - https:\/\/yoast.com\/product\/yoast-seo-wordpress\/ -->\n<title>NdP: El sector de la ferreteria, ventilaci\u00f3 i equipament per al bany veu clau la diversificaci\u00f3 en la venda | amec Positive Industry<\/title>\n<meta name=\"robots\" content=\"index, follow, max-snippet:-1, max-image-preview:large, max-video-preview:-1\" \/>\n<link rel=\"canonical\" href=\"https:\/\/amec.es\/ca\/notes-de-premsa\/ndp-el-sector-de-la-ferreteria-ventilacio-i-equipament-per-al-bany-veu-clau-la-diversificacio-en-la-venda\/\" \/>\n<meta property=\"og:locale\" content=\"ca_ES\" \/>\n<meta property=\"og:type\" content=\"article\" \/>\n<meta property=\"og:title\" content=\"NdP: El sector de la ferreteria, ventilaci\u00f3 i equipament per al bany veu clau la diversificaci\u00f3 en la venda | amec Positive Industry\" \/>\n<meta property=\"og:description\" content=\"Les empreses tenen la confian\u00e7a de que no hi haur\u00e0 nous tancaments de l&#8217;activitat i veuen com la diversificaci\u00f3 de nous sectors de venda ser\u00e0 un dels factors clau per al seu creixement. El sector, que mostra dubtes sobre el repartiment dels\u00a0fons europeus de recuperaci\u00f3, considera necessari revaloritzar a la ind\u00fastria enfront de les administracions [&hellip;]\" \/>\n<meta property=\"og:url\" content=\"https:\/\/amec.es\/ca\/notes-de-premsa\/ndp-el-sector-de-la-ferreteria-ventilacio-i-equipament-per-al-bany-veu-clau-la-diversificacio-en-la-venda\/\" \/>\n<meta property=\"og:site_name\" content=\"amec Positive Industry\" \/>\n<meta property=\"article:published_time\" content=\"2021-01-14T06:31:43+00:00\" \/>\n<meta property=\"og:image\" content=\"https:\/\/amec.es\/wp-content\/uploads\/2024\/02\/Logo_AMEC.png\" \/>\n\t<meta property=\"og:image:width\" content=\"1827\" \/>\n\t<meta property=\"og:image:height\" content=\"438\" \/>\n\t<meta property=\"og:image:type\" content=\"image\/png\" \/>\n<meta name=\"author\" content=\"webmaster\" \/>\n<meta name=\"twitter:card\" content=\"summary_large_image\" \/>\n<meta name=\"twitter:label1\" content=\"Escrit per\" \/>\n\t<meta name=\"twitter:data1\" content=\"webmaster\" \/>\n\t<meta name=\"twitter:label2\" content=\"Temps estimat de lectura\" \/>\n\t<meta name=\"twitter:data2\" content=\"4 minuts\" \/>\n<script type=\"application\/ld+json\" class=\"yoast-schema-graph\">{\"@context\":\"https:\\\/\\\/schema.org\",\"@graph\":[{\"@type\":\"Article\",\"@id\":\"https:\\\/\\\/amec.es\\\/ca\\\/notes-de-premsa\\\/ndp-el-sector-de-la-ferreteria-ventilacio-i-equipament-per-al-bany-veu-clau-la-diversificacio-en-la-venda\\\/#article\",\"isPartOf\":{\"@id\":\"https:\\\/\\\/amec.es\\\/ca\\\/notes-de-premsa\\\/ndp-el-sector-de-la-ferreteria-ventilacio-i-equipament-per-al-bany-veu-clau-la-diversificacio-en-la-venda\\\/\"},\"author\":{\"name\":\"webmaster\",\"@id\":\"https:\\\/\\\/amec.es\\\/#\\\/schema\\\/person\\\/377e1e145733915506a55297ad2fc830\"},\"headline\":\"NdP: El sector de la ferreteria, ventilaci\u00f3 i equipament per al bany veu clau la diversificaci\u00f3 en la venda\",\"datePublished\":\"2021-01-14T06:31:43+00:00\",\"mainEntityOfPage\":{\"@id\":\"https:\\\/\\\/amec.es\\\/ca\\\/notes-de-premsa\\\/ndp-el-sector-de-la-ferreteria-ventilacio-i-equipament-per-al-bany-veu-clau-la-diversificacio-en-la-venda\\\/\"},\"wordCount\":761,\"commentCount\":0,\"publisher\":{\"@id\":\"https:\\\/\\\/amec.es\\\/#organization\"},\"articleSection\":[\"Notes de premsa\"],\"inLanguage\":\"ca\",\"potentialAction\":[{\"@type\":\"CommentAction\",\"name\":\"Comment\",\"target\":[\"https:\\\/\\\/amec.es\\\/ca\\\/notes-de-premsa\\\/ndp-el-sector-de-la-ferreteria-ventilacio-i-equipament-per-al-bany-veu-clau-la-diversificacio-en-la-venda\\\/#respond\"]}]},{\"@type\":\"WebPage\",\"@id\":\"https:\\\/\\\/amec.es\\\/ca\\\/notes-de-premsa\\\/ndp-el-sector-de-la-ferreteria-ventilacio-i-equipament-per-al-bany-veu-clau-la-diversificacio-en-la-venda\\\/\",\"url\":\"https:\\\/\\\/amec.es\\\/ca\\\/notes-de-premsa\\\/ndp-el-sector-de-la-ferreteria-ventilacio-i-equipament-per-al-bany-veu-clau-la-diversificacio-en-la-venda\\\/\",\"name\":\"NdP: El sector de la ferreteria, ventilaci\u00f3 i equipament per al bany veu clau la diversificaci\u00f3 en la venda | amec Positive Industry\",\"isPartOf\":{\"@id\":\"https:\\\/\\\/amec.es\\\/#website\"},\"datePublished\":\"2021-01-14T06:31:43+00:00\",\"breadcrumb\":{\"@id\":\"https:\\\/\\\/amec.es\\\/ca\\\/notes-de-premsa\\\/ndp-el-sector-de-la-ferreteria-ventilacio-i-equipament-per-al-bany-veu-clau-la-diversificacio-en-la-venda\\\/#breadcrumb\"},\"inLanguage\":\"ca\",\"potentialAction\":[{\"@type\":\"ReadAction\",\"target\":[\"https:\\\/\\\/amec.es\\\/ca\\\/notes-de-premsa\\\/ndp-el-sector-de-la-ferreteria-ventilacio-i-equipament-per-al-bany-veu-clau-la-diversificacio-en-la-venda\\\/\"]}]},{\"@type\":\"BreadcrumbList\",\"@id\":\"https:\\\/\\\/amec.es\\\/ca\\\/notes-de-premsa\\\/ndp-el-sector-de-la-ferreteria-ventilacio-i-equipament-per-al-bany-veu-clau-la-diversificacio-en-la-venda\\\/#breadcrumb\",\"itemListElement\":[{\"@type\":\"ListItem\",\"position\":1,\"name\":\"Portada\",\"item\":\"https:\\\/\\\/amec.es\\\/ca\\\/home-new\\\/\"},{\"@type\":\"ListItem\",\"position\":2,\"name\":\"NdP: El sector de la ferreteria, ventilaci\u00f3 i equipament per al bany veu clau la diversificaci\u00f3 en la venda\"}]},{\"@type\":\"WebSite\",\"@id\":\"https:\\\/\\\/amec.es\\\/#website\",\"url\":\"https:\\\/\\\/amec.es\\\/\",\"name\":\"amec Positive Industry\",\"description\":\"\",\"publisher\":{\"@id\":\"https:\\\/\\\/amec.es\\\/#organization\"},\"potentialAction\":[{\"@type\":\"SearchAction\",\"target\":{\"@type\":\"EntryPoint\",\"urlTemplate\":\"https:\\\/\\\/amec.es\\\/?s={search_term_string}\"},\"query-input\":{\"@type\":\"PropertyValueSpecification\",\"valueRequired\":true,\"valueName\":\"search_term_string\"}}],\"inLanguage\":\"ca\"},{\"@type\":\"Organization\",\"@id\":\"https:\\\/\\\/amec.es\\\/#organization\",\"name\":\"amec Positive Industry\",\"url\":\"https:\\\/\\\/amec.es\\\/\",\"logo\":{\"@type\":\"ImageObject\",\"inLanguage\":\"ca\",\"@id\":\"https:\\\/\\\/amec.es\\\/#\\\/schema\\\/logo\\\/image\\\/\",\"url\":\"https:\\\/\\\/amec.es\\\/wp-content\\\/uploads\\\/2023\\\/07\\\/logoamec.png\",\"contentUrl\":\"https:\\\/\\\/amec.es\\\/wp-content\\\/uploads\\\/2023\\\/07\\\/logoamec.png\",\"width\":200,\"height\":48,\"caption\":\"amec Positive Industry\"},\"image\":{\"@id\":\"https:\\\/\\\/amec.es\\\/#\\\/schema\\\/logo\\\/image\\\/\"}},{\"@type\":\"Person\",\"@id\":\"https:\\\/\\\/amec.es\\\/#\\\/schema\\\/person\\\/377e1e145733915506a55297ad2fc830\",\"name\":\"webmaster\",\"image\":{\"@type\":\"ImageObject\",\"inLanguage\":\"ca\",\"@id\":\"https:\\\/\\\/secure.gravatar.com\\\/avatar\\\/1122ff7c82efe2079ddb19cd256fc39ab150caee9b258eeae8928e7f703c39f3?s=96&d=mm&r=g\",\"url\":\"https:\\\/\\\/secure.gravatar.com\\\/avatar\\\/1122ff7c82efe2079ddb19cd256fc39ab150caee9b258eeae8928e7f703c39f3?s=96&d=mm&r=g\",\"contentUrl\":\"https:\\\/\\\/secure.gravatar.com\\\/avatar\\\/1122ff7c82efe2079ddb19cd256fc39ab150caee9b258eeae8928e7f703c39f3?s=96&d=mm&r=g\",\"caption\":\"webmaster\"}}]}<\/script>\n<!-- \/ Yoast SEO plugin. -->","yoast_head_json":{"title":"NdP: El sector de la ferreteria, ventilaci\u00f3 i equipament per al bany veu clau la diversificaci\u00f3 en la venda | amec Positive Industry","robots":{"index":"index","follow":"follow","max-snippet":"max-snippet:-1","max-image-preview":"max-image-preview:large","max-video-preview":"max-video-preview:-1"},"canonical":"https:\/\/amec.es\/ca\/notes-de-premsa\/ndp-el-sector-de-la-ferreteria-ventilacio-i-equipament-per-al-bany-veu-clau-la-diversificacio-en-la-venda\/","og_locale":"ca_ES","og_type":"article","og_title":"NdP: El sector de la ferreteria, ventilaci\u00f3 i equipament per al bany veu clau la diversificaci\u00f3 en la venda | amec Positive Industry","og_description":"Les empreses tenen la confian\u00e7a de que no hi haur\u00e0 nous tancaments de l&#8217;activitat i veuen com la diversificaci\u00f3 de nous sectors de venda ser\u00e0 un dels factors clau per al seu creixement. El sector, que mostra dubtes sobre el repartiment dels\u00a0fons europeus de recuperaci\u00f3, considera necessari revaloritzar a la ind\u00fastria enfront de les administracions [&hellip;]","og_url":"https:\/\/amec.es\/ca\/notes-de-premsa\/ndp-el-sector-de-la-ferreteria-ventilacio-i-equipament-per-al-bany-veu-clau-la-diversificacio-en-la-venda\/","og_site_name":"amec Positive Industry","article_published_time":"2021-01-14T06:31:43+00:00","og_image":[{"width":1827,"height":438,"url":"https:\/\/amec.es\/wp-content\/uploads\/2024\/02\/Logo_AMEC.png","type":"image\/png"}],"author":"webmaster","twitter_card":"summary_large_image","twitter_misc":{"Escrit per":"webmaster","Temps estimat de lectura":"4 minuts"},"schema":{"@context":"https:\/\/schema.org","@graph":[{"@type":"Article","@id":"https:\/\/amec.es\/ca\/notes-de-premsa\/ndp-el-sector-de-la-ferreteria-ventilacio-i-equipament-per-al-bany-veu-clau-la-diversificacio-en-la-venda\/#article","isPartOf":{"@id":"https:\/\/amec.es\/ca\/notes-de-premsa\/ndp-el-sector-de-la-ferreteria-ventilacio-i-equipament-per-al-bany-veu-clau-la-diversificacio-en-la-venda\/"},"author":{"name":"webmaster","@id":"https:\/\/amec.es\/#\/schema\/person\/377e1e145733915506a55297ad2fc830"},"headline":"NdP: El sector de la ferreteria, ventilaci\u00f3 i equipament per al bany veu clau la diversificaci\u00f3 en la venda","datePublished":"2021-01-14T06:31:43+00:00","mainEntityOfPage":{"@id":"https:\/\/amec.es\/ca\/notes-de-premsa\/ndp-el-sector-de-la-ferreteria-ventilacio-i-equipament-per-al-bany-veu-clau-la-diversificacio-en-la-venda\/"},"wordCount":761,"commentCount":0,"publisher":{"@id":"https:\/\/amec.es\/#organization"},"articleSection":["Notes de premsa"],"inLanguage":"ca","potentialAction":[{"@type":"CommentAction","name":"Comment","target":["https:\/\/amec.es\/ca\/notes-de-premsa\/ndp-el-sector-de-la-ferreteria-ventilacio-i-equipament-per-al-bany-veu-clau-la-diversificacio-en-la-venda\/#respond"]}]},{"@type":"WebPage","@id":"https:\/\/amec.es\/ca\/notes-de-premsa\/ndp-el-sector-de-la-ferreteria-ventilacio-i-equipament-per-al-bany-veu-clau-la-diversificacio-en-la-venda\/","url":"https:\/\/amec.es\/ca\/notes-de-premsa\/ndp-el-sector-de-la-ferreteria-ventilacio-i-equipament-per-al-bany-veu-clau-la-diversificacio-en-la-venda\/","name":"NdP: El sector de la ferreteria, ventilaci\u00f3 i equipament per al bany veu clau la diversificaci\u00f3 en la venda | amec Positive Industry","isPartOf":{"@id":"https:\/\/amec.es\/#website"},"datePublished":"2021-01-14T06:31:43+00:00","breadcrumb":{"@id":"https:\/\/amec.es\/ca\/notes-de-premsa\/ndp-el-sector-de-la-ferreteria-ventilacio-i-equipament-per-al-bany-veu-clau-la-diversificacio-en-la-venda\/#breadcrumb"},"inLanguage":"ca","potentialAction":[{"@type":"ReadAction","target":["https:\/\/amec.es\/ca\/notes-de-premsa\/ndp-el-sector-de-la-ferreteria-ventilacio-i-equipament-per-al-bany-veu-clau-la-diversificacio-en-la-venda\/"]}]},{"@type":"BreadcrumbList","@id":"https:\/\/amec.es\/ca\/notes-de-premsa\/ndp-el-sector-de-la-ferreteria-ventilacio-i-equipament-per-al-bany-veu-clau-la-diversificacio-en-la-venda\/#breadcrumb","itemListElement":[{"@type":"ListItem","position":1,"name":"Portada","item":"https:\/\/amec.es\/ca\/home-new\/"},{"@type":"ListItem","position":2,"name":"NdP: El sector de la ferreteria, ventilaci\u00f3 i equipament per al bany veu clau la diversificaci\u00f3 en la venda"}]},{"@type":"WebSite","@id":"https:\/\/amec.es\/#website","url":"https:\/\/amec.es\/","name":"amec Positive Industry","description":"","publisher":{"@id":"https:\/\/amec.es\/#organization"},"potentialAction":[{"@type":"SearchAction","target":{"@type":"EntryPoint","urlTemplate":"https:\/\/amec.es\/?s={search_term_string}"},"query-input":{"@type":"PropertyValueSpecification","valueRequired":true,"valueName":"search_term_string"}}],"inLanguage":"ca"},{"@type":"Organization","@id":"https:\/\/amec.es\/#organization","name":"amec Positive Industry","url":"https:\/\/amec.es\/","logo":{"@type":"ImageObject","inLanguage":"ca","@id":"https:\/\/amec.es\/#\/schema\/logo\/image\/","url":"https:\/\/amec.es\/wp-content\/uploads\/2023\/07\/logoamec.png","contentUrl":"https:\/\/amec.es\/wp-content\/uploads\/2023\/07\/logoamec.png","width":200,"height":48,"caption":"amec Positive Industry"},"image":{"@id":"https:\/\/amec.es\/#\/schema\/logo\/image\/"}},{"@type":"Person","@id":"https:\/\/amec.es\/#\/schema\/person\/377e1e145733915506a55297ad2fc830","name":"webmaster","image":{"@type":"ImageObject","inLanguage":"ca","@id":"https:\/\/secure.gravatar.com\/avatar\/1122ff7c82efe2079ddb19cd256fc39ab150caee9b258eeae8928e7f703c39f3?s=96&d=mm&r=g","url":"https:\/\/secure.gravatar.com\/avatar\/1122ff7c82efe2079ddb19cd256fc39ab150caee9b258eeae8928e7f703c39f3?s=96&d=mm&r=g","contentUrl":"https:\/\/secure.gravatar.com\/avatar\/1122ff7c82efe2079ddb19cd256fc39ab150caee9b258eeae8928e7f703c39f3?s=96&d=mm&r=g","caption":"webmaster"}}]}},"_links":{"self":[{"href":"https:\/\/amec.es\/ca\/wp-json\/wp\/v2\/posts\/6368","targetHints":{"allow":["GET"]}}],"collection":[{"href":"https:\/\/amec.es\/ca\/wp-json\/wp\/v2\/posts"}],"about":[{"href":"https:\/\/amec.es\/ca\/wp-json\/wp\/v2\/types\/post"}],"author":[{"embeddable":true,"href":"https:\/\/amec.es\/ca\/wp-json\/wp\/v2\/users\/1"}],"replies":[{"embeddable":true,"href":"https:\/\/amec.es\/ca\/wp-json\/wp\/v2\/comments?post=6368"}],"version-history":[{"count":0,"href":"https:\/\/amec.es\/ca\/wp-json\/wp\/v2\/posts\/6368\/revisions"}],"wp:attachment":[{"href":"https:\/\/amec.es\/ca\/wp-json\/wp\/v2\/media?parent=6368"}],"wp:term":[{"taxonomy":"category","embeddable":true,"href":"https:\/\/amec.es\/ca\/wp-json\/wp\/v2\/categories?post=6368"},{"taxonomy":"post_tag","embeddable":true,"href":"https:\/\/amec.es\/ca\/wp-json\/wp\/v2\/tags?post=6368"}],"curies":[{"name":"wp","href":"https:\/\/api.w.org\/{rel}","templated":true}]}}