{"id":6374,"date":"2021-02-17T06:44:14","date_gmt":"2021-02-17T06:44:14","guid":{"rendered":"https:\/\/wecreatedesign.co\/dev\/WP\/amec\/?p=4343"},"modified":"2021-02-17T06:44:14","modified_gmt":"2021-02-17T06:44:14","slug":"la-comissio-dinternacionalitzacio-trasllada-la-manca-destudiants-per-a-la-industria-a-la-conselleria-deducacio-de-catalunya","status":"publish","type":"post","link":"https:\/\/amec.es\/ca\/croniques\/la-comissio-dinternacionalitzacio-trasllada-la-manca-destudiants-per-a-la-industria-a-la-conselleria-deducacio-de-catalunya\/","title":{"rendered":"La Comissi\u00f3 d&#8217;Internacionalitzaci\u00f3 trasllada la manca d&#8217;estudiants per a la ind\u00fastria a la Conselleria d&#8217;Educaci\u00f3 de Catalunya"},"content":{"rendered":"<p>La\u00a0<strong>Comissi\u00f3 T\u00e8cnica d&#8217;Internacionalitzaci\u00f3\u00a0<em>d&#8217;amec<\/em><\/strong>\u00a0s&#8217;ha reunit aquest mes de febrer i ha centrat la seva atenci\u00f3 en els\u00a0<strong>problemes de la manca de personal especialitzat en les empreses per desenvolupar de la forma m\u00e9s \u00f2ptima les seves estrat\u00e8gies d&#8217;internacionalitzaci\u00f3.<\/strong>\u00a0En la trobada,\u00a0<strong>representants de la Conselleria d&#8217;Educaci\u00f3 de la Generalitat de Catalunya han presentat als integrants de la Comissi\u00f3 T\u00e8cnica de\u00a0<em>amec<\/em>\u00a0l&#8217;FP Dual internacional,<\/strong>\u00a0per la qual\u00a0<strong>estudiants de diferents especialitats de formaci\u00f3 professional poden fer les seves pr\u00e0ctiques curriculars en empreses estrangeres, incloses les filials de les nostres empreses a l&#8217;exterior.<\/strong><\/p>\n<p>Els membres de la comissi\u00f3 han aprofitat la trobada per traslladar els problemes per\u00a0<strong>l&#8217;escassetat d&#8217;estudiants en graus com la mec\u00e0nica, l&#8217;electricitat o el t\u00e8xtil, aix\u00ed com la preocupaci\u00f3 pel baix nivell d&#8217;idiomes dels estudiants de FP,<\/strong>\u00a0quan al menys el angl\u00e8s ja \u00e9s imprescindible en la major part de les posicions de les empreses industrials internacionalitzades. Aquesta problem\u00e0tica, que s&#8217;inclou en el document\u00a0<a href=\"https:\/\/www.amec.es\/site1\/files\/doc105\/claves-para-el-cambio-del-modelo-productivo-amec-mayo2020.pdf\" target=\"_blank\" rel=\"noopener\">Claus per al canvi de model productiu<\/a>\u00a0elaborat per\u00a0<em><strong>amec<\/strong><\/em>\u00a0amb la col\u00b7laboraci\u00f3 de m\u00e9s de 50 experts de la ind\u00fastria internacionalitzada, s&#8217;ha comunicat al seu torn a la resta d&#8217;administracions.<\/p>\n<p>La Comissi\u00f3 T\u00e8cnica d&#8217;Internacionalitzaci\u00f3 \u00e9s un \u00f2rgan de participaci\u00f3 en qu\u00e8 empreses de la nostra comunitat debaten, comparteixen experi\u00e8ncies i prenen posici\u00f3 sobre temes rellevants relacionats amb la\u00a0<strong>internacionalitzaci\u00f3 empresarial.<\/strong>\u00a0El producte d&#8217;aquests debats es trasllada a la Junta Directiva\u00a0<strong><i>d&#8217;amec<\/i><\/strong>\u00a0per disposar d&#8217;un coneixement actualitzat i especialitzat en la seva presa de decisions per a la governan\u00e7a de la nostra comunitat.<\/p>\n<p>La Comissi\u00f3 es reuneix quatre vegades a l&#8217;any, i qualsevol persona de les empreses membre pot participar, amb un comprom\u00eds d&#8217;assist\u00e8ncia a les reunions i d&#8217;aportar idees i coneixements per enriquir els debats. Si est\u00e0s interessada\/t en participar a la Comissi\u00f3 T\u00e8cnica d&#8217;Internacionalitzaci\u00f3 pots contactar amb\u00a0<a href=\"mailto:jortega@amec.es\" target=\"_blank\" rel=\"noopener\">Pepi Ortega<\/a>\u00a0.<\/p>\n","protected":false},"excerpt":{"rendered":"<p>La\u00a0Comissi\u00f3 T\u00e8cnica d&#8217;Internacionalitzaci\u00f3\u00a0d&#8217;amec\u00a0s&#8217;ha reunit aquest mes de febrer i ha centrat la seva atenci\u00f3 en els\u00a0problemes de la manca de personal especialitzat en les empreses per desenvolupar de la forma m\u00e9s \u00f2ptima les seves estrat\u00e8gies d&#8217;internacionalitzaci\u00f3.\u00a0En la trobada,\u00a0representants de la Conselleria d&#8217;Educaci\u00f3 de la Generalitat de Catalunya han presentat als integrants de la Comissi\u00f3 T\u00e8cnica [&hellip;]<\/p>\n","protected":false},"author":1,"featured_media":4344,"comment_status":"open","ping_status":"open","sticky":false,"template":"","format":"standard","meta":{"inline_featured_image":false,"footnotes":""},"categories":[30],"tags":[],"class_list":["post-6374","post","type-post","status-publish","format-standard","has-post-thumbnail","hentry","category-croniques"],"yoast_head":"<!-- This site is optimized with the Yoast SEO plugin v27.3 - https:\/\/yoast.com\/product\/yoast-seo-wordpress\/ -->\n<title>La Comissi\u00f3 d&#039;Internacionalitzaci\u00f3 trasllada la manca d&#039;estudiants per a la ind\u00fastria a la Conselleria d&#039;Educaci\u00f3 de Catalunya | amec Positive Industry<\/title>\n<meta name=\"robots\" content=\"index, follow, max-snippet:-1, max-image-preview:large, max-video-preview:-1\" \/>\n<link rel=\"canonical\" href=\"https:\/\/amec.es\/ca\/croniques\/la-comissio-dinternacionalitzacio-trasllada-la-manca-destudiants-per-a-la-industria-a-la-conselleria-deducacio-de-catalunya\/\" \/>\n<meta property=\"og:locale\" content=\"ca_ES\" \/>\n<meta property=\"og:type\" content=\"article\" \/>\n<meta property=\"og:title\" content=\"La Comissi\u00f3 d&#039;Internacionalitzaci\u00f3 trasllada la manca d&#039;estudiants per a la ind\u00fastria a la Conselleria d&#039;Educaci\u00f3 de Catalunya | amec Positive Industry\" \/>\n<meta property=\"og:description\" content=\"La\u00a0Comissi\u00f3 T\u00e8cnica d&#8217;Internacionalitzaci\u00f3\u00a0d&#8217;amec\u00a0s&#8217;ha reunit aquest mes de febrer i ha centrat la seva atenci\u00f3 en els\u00a0problemes de la manca de personal especialitzat en les empreses per desenvolupar de la forma m\u00e9s \u00f2ptima les seves estrat\u00e8gies d&#8217;internacionalitzaci\u00f3.\u00a0En la trobada,\u00a0representants de la Conselleria d&#8217;Educaci\u00f3 de la Generalitat de Catalunya han presentat als integrants de la Comissi\u00f3 T\u00e8cnica [&hellip;]\" \/>\n<meta property=\"og:url\" content=\"https:\/\/amec.es\/ca\/croniques\/la-comissio-dinternacionalitzacio-trasllada-la-manca-destudiants-per-a-la-industria-a-la-conselleria-deducacio-de-catalunya\/\" \/>\n<meta property=\"og:site_name\" content=\"amec Positive Industry\" \/>\n<meta property=\"article:published_time\" content=\"2021-02-17T06:44:14+00:00\" \/>\n<meta property=\"og:image\" content=\"https:\/\/amec.es\/wp-content\/uploads\/2024\/02\/Logo_AMEC.png\" \/>\n\t<meta property=\"og:image:width\" content=\"1827\" \/>\n\t<meta property=\"og:image:height\" content=\"438\" \/>\n\t<meta property=\"og:image:type\" content=\"image\/png\" \/>\n<meta name=\"author\" content=\"webmaster\" \/>\n<meta name=\"twitter:card\" content=\"summary_large_image\" \/>\n<meta name=\"twitter:label1\" content=\"Escrit per\" \/>\n\t<meta name=\"twitter:data1\" content=\"webmaster\" \/>\n\t<meta name=\"twitter:label2\" content=\"Temps estimat de lectura\" \/>\n\t<meta name=\"twitter:data2\" content=\"2 minuts\" \/>\n<script type=\"application\/ld+json\" class=\"yoast-schema-graph\">{\"@context\":\"https:\\\/\\\/schema.org\",\"@graph\":[{\"@type\":\"Article\",\"@id\":\"https:\\\/\\\/amec.es\\\/ca\\\/croniques\\\/la-comissio-dinternacionalitzacio-trasllada-la-manca-destudiants-per-a-la-industria-a-la-conselleria-deducacio-de-catalunya\\\/#article\",\"isPartOf\":{\"@id\":\"https:\\\/\\\/amec.es\\\/ca\\\/croniques\\\/la-comissio-dinternacionalitzacio-trasllada-la-manca-destudiants-per-a-la-industria-a-la-conselleria-deducacio-de-catalunya\\\/\"},\"author\":{\"name\":\"webmaster\",\"@id\":\"https:\\\/\\\/amec.es\\\/#\\\/schema\\\/person\\\/377e1e145733915506a55297ad2fc830\"},\"headline\":\"La Comissi\u00f3 d&#8217;Internacionalitzaci\u00f3 trasllada la manca d&#8217;estudiants per a la ind\u00fastria a la Conselleria d&#8217;Educaci\u00f3 de Catalunya\",\"datePublished\":\"2021-02-17T06:44:14+00:00\",\"mainEntityOfPage\":{\"@id\":\"https:\\\/\\\/amec.es\\\/ca\\\/croniques\\\/la-comissio-dinternacionalitzacio-trasllada-la-manca-destudiants-per-a-la-industria-a-la-conselleria-deducacio-de-catalunya\\\/\"},\"wordCount\":361,\"commentCount\":0,\"publisher\":{\"@id\":\"https:\\\/\\\/amec.es\\\/#organization\"},\"image\":{\"@id\":\"https:\\\/\\\/amec.es\\\/ca\\\/croniques\\\/la-comissio-dinternacionalitzacio-trasllada-la-manca-destudiants-per-a-la-industria-a-la-conselleria-deducacio-de-catalunya\\\/#primaryimage\"},\"thumbnailUrl\":\"\",\"articleSection\":[\"Cr\u00f2niques\"],\"inLanguage\":\"ca\",\"potentialAction\":[{\"@type\":\"CommentAction\",\"name\":\"Comment\",\"target\":[\"https:\\\/\\\/amec.es\\\/ca\\\/croniques\\\/la-comissio-dinternacionalitzacio-trasllada-la-manca-destudiants-per-a-la-industria-a-la-conselleria-deducacio-de-catalunya\\\/#respond\"]}]},{\"@type\":\"WebPage\",\"@id\":\"https:\\\/\\\/amec.es\\\/ca\\\/croniques\\\/la-comissio-dinternacionalitzacio-trasllada-la-manca-destudiants-per-a-la-industria-a-la-conselleria-deducacio-de-catalunya\\\/\",\"url\":\"https:\\\/\\\/amec.es\\\/ca\\\/croniques\\\/la-comissio-dinternacionalitzacio-trasllada-la-manca-destudiants-per-a-la-industria-a-la-conselleria-deducacio-de-catalunya\\\/\",\"name\":\"La Comissi\u00f3 d'Internacionalitzaci\u00f3 trasllada la manca d'estudiants per a la ind\u00fastria a la Conselleria d'Educaci\u00f3 de Catalunya | amec Positive Industry\",\"isPartOf\":{\"@id\":\"https:\\\/\\\/amec.es\\\/#website\"},\"primaryImageOfPage\":{\"@id\":\"https:\\\/\\\/amec.es\\\/ca\\\/croniques\\\/la-comissio-dinternacionalitzacio-trasllada-la-manca-destudiants-per-a-la-industria-a-la-conselleria-deducacio-de-catalunya\\\/#primaryimage\"},\"image\":{\"@id\":\"https:\\\/\\\/amec.es\\\/ca\\\/croniques\\\/la-comissio-dinternacionalitzacio-trasllada-la-manca-destudiants-per-a-la-industria-a-la-conselleria-deducacio-de-catalunya\\\/#primaryimage\"},\"thumbnailUrl\":\"\",\"datePublished\":\"2021-02-17T06:44:14+00:00\",\"breadcrumb\":{\"@id\":\"https:\\\/\\\/amec.es\\\/ca\\\/croniques\\\/la-comissio-dinternacionalitzacio-trasllada-la-manca-destudiants-per-a-la-industria-a-la-conselleria-deducacio-de-catalunya\\\/#breadcrumb\"},\"inLanguage\":\"ca\",\"potentialAction\":[{\"@type\":\"ReadAction\",\"target\":[\"https:\\\/\\\/amec.es\\\/ca\\\/croniques\\\/la-comissio-dinternacionalitzacio-trasllada-la-manca-destudiants-per-a-la-industria-a-la-conselleria-deducacio-de-catalunya\\\/\"]}]},{\"@type\":\"ImageObject\",\"inLanguage\":\"ca\",\"@id\":\"https:\\\/\\\/amec.es\\\/ca\\\/croniques\\\/la-comissio-dinternacionalitzacio-trasllada-la-manca-destudiants-per-a-la-industria-a-la-conselleria-deducacio-de-catalunya\\\/#primaryimage\",\"url\":\"\",\"contentUrl\":\"\"},{\"@type\":\"BreadcrumbList\",\"@id\":\"https:\\\/\\\/amec.es\\\/ca\\\/croniques\\\/la-comissio-dinternacionalitzacio-trasllada-la-manca-destudiants-per-a-la-industria-a-la-conselleria-deducacio-de-catalunya\\\/#breadcrumb\",\"itemListElement\":[{\"@type\":\"ListItem\",\"position\":1,\"name\":\"Portada\",\"item\":\"https:\\\/\\\/amec.es\\\/ca\\\/home-new\\\/\"},{\"@type\":\"ListItem\",\"position\":2,\"name\":\"La Comissi\u00f3 d&#8217;Internacionalitzaci\u00f3 trasllada la manca d&#8217;estudiants per a la ind\u00fastria a la Conselleria d&#8217;Educaci\u00f3 de Catalunya\"}]},{\"@type\":\"WebSite\",\"@id\":\"https:\\\/\\\/amec.es\\\/#website\",\"url\":\"https:\\\/\\\/amec.es\\\/\",\"name\":\"amec Positive Industry\",\"description\":\"\",\"publisher\":{\"@id\":\"https:\\\/\\\/amec.es\\\/#organization\"},\"potentialAction\":[{\"@type\":\"SearchAction\",\"target\":{\"@type\":\"EntryPoint\",\"urlTemplate\":\"https:\\\/\\\/amec.es\\\/?s={search_term_string}\"},\"query-input\":{\"@type\":\"PropertyValueSpecification\",\"valueRequired\":true,\"valueName\":\"search_term_string\"}}],\"inLanguage\":\"ca\"},{\"@type\":\"Organization\",\"@id\":\"https:\\\/\\\/amec.es\\\/#organization\",\"name\":\"amec Positive Industry\",\"url\":\"https:\\\/\\\/amec.es\\\/\",\"logo\":{\"@type\":\"ImageObject\",\"inLanguage\":\"ca\",\"@id\":\"https:\\\/\\\/amec.es\\\/#\\\/schema\\\/logo\\\/image\\\/\",\"url\":\"https:\\\/\\\/amec.es\\\/wp-content\\\/uploads\\\/2023\\\/07\\\/logoamec.png\",\"contentUrl\":\"https:\\\/\\\/amec.es\\\/wp-content\\\/uploads\\\/2023\\\/07\\\/logoamec.png\",\"width\":200,\"height\":48,\"caption\":\"amec Positive Industry\"},\"image\":{\"@id\":\"https:\\\/\\\/amec.es\\\/#\\\/schema\\\/logo\\\/image\\\/\"}},{\"@type\":\"Person\",\"@id\":\"https:\\\/\\\/amec.es\\\/#\\\/schema\\\/person\\\/377e1e145733915506a55297ad2fc830\",\"name\":\"webmaster\",\"image\":{\"@type\":\"ImageObject\",\"inLanguage\":\"ca\",\"@id\":\"https:\\\/\\\/secure.gravatar.com\\\/avatar\\\/1122ff7c82efe2079ddb19cd256fc39ab150caee9b258eeae8928e7f703c39f3?s=96&d=mm&r=g\",\"url\":\"https:\\\/\\\/secure.gravatar.com\\\/avatar\\\/1122ff7c82efe2079ddb19cd256fc39ab150caee9b258eeae8928e7f703c39f3?s=96&d=mm&r=g\",\"contentUrl\":\"https:\\\/\\\/secure.gravatar.com\\\/avatar\\\/1122ff7c82efe2079ddb19cd256fc39ab150caee9b258eeae8928e7f703c39f3?s=96&d=mm&r=g\",\"caption\":\"webmaster\"}}]}<\/script>\n<!-- \/ Yoast SEO plugin. -->","yoast_head_json":{"title":"La Comissi\u00f3 d'Internacionalitzaci\u00f3 trasllada la manca d'estudiants per a la ind\u00fastria a la Conselleria d'Educaci\u00f3 de Catalunya | amec Positive Industry","robots":{"index":"index","follow":"follow","max-snippet":"max-snippet:-1","max-image-preview":"max-image-preview:large","max-video-preview":"max-video-preview:-1"},"canonical":"https:\/\/amec.es\/ca\/croniques\/la-comissio-dinternacionalitzacio-trasllada-la-manca-destudiants-per-a-la-industria-a-la-conselleria-deducacio-de-catalunya\/","og_locale":"ca_ES","og_type":"article","og_title":"La Comissi\u00f3 d'Internacionalitzaci\u00f3 trasllada la manca d'estudiants per a la ind\u00fastria a la Conselleria d'Educaci\u00f3 de Catalunya | amec Positive Industry","og_description":"La\u00a0Comissi\u00f3 T\u00e8cnica d&#8217;Internacionalitzaci\u00f3\u00a0d&#8217;amec\u00a0s&#8217;ha reunit aquest mes de febrer i ha centrat la seva atenci\u00f3 en els\u00a0problemes de la manca de personal especialitzat en les empreses per desenvolupar de la forma m\u00e9s \u00f2ptima les seves estrat\u00e8gies d&#8217;internacionalitzaci\u00f3.\u00a0En la trobada,\u00a0representants de la Conselleria d&#8217;Educaci\u00f3 de la Generalitat de Catalunya han presentat als integrants de la Comissi\u00f3 T\u00e8cnica [&hellip;]","og_url":"https:\/\/amec.es\/ca\/croniques\/la-comissio-dinternacionalitzacio-trasllada-la-manca-destudiants-per-a-la-industria-a-la-conselleria-deducacio-de-catalunya\/","og_site_name":"amec Positive Industry","article_published_time":"2021-02-17T06:44:14+00:00","og_image":[{"width":1827,"height":438,"url":"https:\/\/amec.es\/wp-content\/uploads\/2024\/02\/Logo_AMEC.png","type":"image\/png"}],"author":"webmaster","twitter_card":"summary_large_image","twitter_misc":{"Escrit per":"webmaster","Temps estimat de lectura":"2 minuts"},"schema":{"@context":"https:\/\/schema.org","@graph":[{"@type":"Article","@id":"https:\/\/amec.es\/ca\/croniques\/la-comissio-dinternacionalitzacio-trasllada-la-manca-destudiants-per-a-la-industria-a-la-conselleria-deducacio-de-catalunya\/#article","isPartOf":{"@id":"https:\/\/amec.es\/ca\/croniques\/la-comissio-dinternacionalitzacio-trasllada-la-manca-destudiants-per-a-la-industria-a-la-conselleria-deducacio-de-catalunya\/"},"author":{"name":"webmaster","@id":"https:\/\/amec.es\/#\/schema\/person\/377e1e145733915506a55297ad2fc830"},"headline":"La Comissi\u00f3 d&#8217;Internacionalitzaci\u00f3 trasllada la manca d&#8217;estudiants per a la ind\u00fastria a la Conselleria d&#8217;Educaci\u00f3 de Catalunya","datePublished":"2021-02-17T06:44:14+00:00","mainEntityOfPage":{"@id":"https:\/\/amec.es\/ca\/croniques\/la-comissio-dinternacionalitzacio-trasllada-la-manca-destudiants-per-a-la-industria-a-la-conselleria-deducacio-de-catalunya\/"},"wordCount":361,"commentCount":0,"publisher":{"@id":"https:\/\/amec.es\/#organization"},"image":{"@id":"https:\/\/amec.es\/ca\/croniques\/la-comissio-dinternacionalitzacio-trasllada-la-manca-destudiants-per-a-la-industria-a-la-conselleria-deducacio-de-catalunya\/#primaryimage"},"thumbnailUrl":"","articleSection":["Cr\u00f2niques"],"inLanguage":"ca","potentialAction":[{"@type":"CommentAction","name":"Comment","target":["https:\/\/amec.es\/ca\/croniques\/la-comissio-dinternacionalitzacio-trasllada-la-manca-destudiants-per-a-la-industria-a-la-conselleria-deducacio-de-catalunya\/#respond"]}]},{"@type":"WebPage","@id":"https:\/\/amec.es\/ca\/croniques\/la-comissio-dinternacionalitzacio-trasllada-la-manca-destudiants-per-a-la-industria-a-la-conselleria-deducacio-de-catalunya\/","url":"https:\/\/amec.es\/ca\/croniques\/la-comissio-dinternacionalitzacio-trasllada-la-manca-destudiants-per-a-la-industria-a-la-conselleria-deducacio-de-catalunya\/","name":"La Comissi\u00f3 d'Internacionalitzaci\u00f3 trasllada la manca d'estudiants per a la ind\u00fastria a la Conselleria d'Educaci\u00f3 de Catalunya | amec Positive Industry","isPartOf":{"@id":"https:\/\/amec.es\/#website"},"primaryImageOfPage":{"@id":"https:\/\/amec.es\/ca\/croniques\/la-comissio-dinternacionalitzacio-trasllada-la-manca-destudiants-per-a-la-industria-a-la-conselleria-deducacio-de-catalunya\/#primaryimage"},"image":{"@id":"https:\/\/amec.es\/ca\/croniques\/la-comissio-dinternacionalitzacio-trasllada-la-manca-destudiants-per-a-la-industria-a-la-conselleria-deducacio-de-catalunya\/#primaryimage"},"thumbnailUrl":"","datePublished":"2021-02-17T06:44:14+00:00","breadcrumb":{"@id":"https:\/\/amec.es\/ca\/croniques\/la-comissio-dinternacionalitzacio-trasllada-la-manca-destudiants-per-a-la-industria-a-la-conselleria-deducacio-de-catalunya\/#breadcrumb"},"inLanguage":"ca","potentialAction":[{"@type":"ReadAction","target":["https:\/\/amec.es\/ca\/croniques\/la-comissio-dinternacionalitzacio-trasllada-la-manca-destudiants-per-a-la-industria-a-la-conselleria-deducacio-de-catalunya\/"]}]},{"@type":"ImageObject","inLanguage":"ca","@id":"https:\/\/amec.es\/ca\/croniques\/la-comissio-dinternacionalitzacio-trasllada-la-manca-destudiants-per-a-la-industria-a-la-conselleria-deducacio-de-catalunya\/#primaryimage","url":"","contentUrl":""},{"@type":"BreadcrumbList","@id":"https:\/\/amec.es\/ca\/croniques\/la-comissio-dinternacionalitzacio-trasllada-la-manca-destudiants-per-a-la-industria-a-la-conselleria-deducacio-de-catalunya\/#breadcrumb","itemListElement":[{"@type":"ListItem","position":1,"name":"Portada","item":"https:\/\/amec.es\/ca\/home-new\/"},{"@type":"ListItem","position":2,"name":"La Comissi\u00f3 d&#8217;Internacionalitzaci\u00f3 trasllada la manca d&#8217;estudiants per a la ind\u00fastria a la Conselleria d&#8217;Educaci\u00f3 de Catalunya"}]},{"@type":"WebSite","@id":"https:\/\/amec.es\/#website","url":"https:\/\/amec.es\/","name":"amec Positive Industry","description":"","publisher":{"@id":"https:\/\/amec.es\/#organization"},"potentialAction":[{"@type":"SearchAction","target":{"@type":"EntryPoint","urlTemplate":"https:\/\/amec.es\/?s={search_term_string}"},"query-input":{"@type":"PropertyValueSpecification","valueRequired":true,"valueName":"search_term_string"}}],"inLanguage":"ca"},{"@type":"Organization","@id":"https:\/\/amec.es\/#organization","name":"amec Positive Industry","url":"https:\/\/amec.es\/","logo":{"@type":"ImageObject","inLanguage":"ca","@id":"https:\/\/amec.es\/#\/schema\/logo\/image\/","url":"https:\/\/amec.es\/wp-content\/uploads\/2023\/07\/logoamec.png","contentUrl":"https:\/\/amec.es\/wp-content\/uploads\/2023\/07\/logoamec.png","width":200,"height":48,"caption":"amec Positive Industry"},"image":{"@id":"https:\/\/amec.es\/#\/schema\/logo\/image\/"}},{"@type":"Person","@id":"https:\/\/amec.es\/#\/schema\/person\/377e1e145733915506a55297ad2fc830","name":"webmaster","image":{"@type":"ImageObject","inLanguage":"ca","@id":"https:\/\/secure.gravatar.com\/avatar\/1122ff7c82efe2079ddb19cd256fc39ab150caee9b258eeae8928e7f703c39f3?s=96&d=mm&r=g","url":"https:\/\/secure.gravatar.com\/avatar\/1122ff7c82efe2079ddb19cd256fc39ab150caee9b258eeae8928e7f703c39f3?s=96&d=mm&r=g","contentUrl":"https:\/\/secure.gravatar.com\/avatar\/1122ff7c82efe2079ddb19cd256fc39ab150caee9b258eeae8928e7f703c39f3?s=96&d=mm&r=g","caption":"webmaster"}}]}},"_links":{"self":[{"href":"https:\/\/amec.es\/ca\/wp-json\/wp\/v2\/posts\/6374","targetHints":{"allow":["GET"]}}],"collection":[{"href":"https:\/\/amec.es\/ca\/wp-json\/wp\/v2\/posts"}],"about":[{"href":"https:\/\/amec.es\/ca\/wp-json\/wp\/v2\/types\/post"}],"author":[{"embeddable":true,"href":"https:\/\/amec.es\/ca\/wp-json\/wp\/v2\/users\/1"}],"replies":[{"embeddable":true,"href":"https:\/\/amec.es\/ca\/wp-json\/wp\/v2\/comments?post=6374"}],"version-history":[{"count":0,"href":"https:\/\/amec.es\/ca\/wp-json\/wp\/v2\/posts\/6374\/revisions"}],"wp:featuredmedia":[{"embeddable":true,"href":"https:\/\/amec.es\/ca\/wp-json\/"}],"wp:attachment":[{"href":"https:\/\/amec.es\/ca\/wp-json\/wp\/v2\/media?parent=6374"}],"wp:term":[{"taxonomy":"category","embeddable":true,"href":"https:\/\/amec.es\/ca\/wp-json\/wp\/v2\/categories?post=6374"},{"taxonomy":"post_tag","embeddable":true,"href":"https:\/\/amec.es\/ca\/wp-json\/wp\/v2\/tags?post=6374"}],"curies":[{"name":"wp","href":"https:\/\/api.w.org\/{rel}","templated":true}]}}