{"id":6378,"date":"2021-01-15T09:44:07","date_gmt":"2021-01-15T09:44:07","guid":{"rendered":"https:\/\/wecreatedesign.co\/dev\/WP\/amec\/?p=4558"},"modified":"2021-01-15T09:44:07","modified_gmt":"2021-01-15T09:44:07","slug":"amec-publica-linforme-de-barreres-2020-2","status":"publish","type":"post","link":"https:\/\/amec.es\/ca\/actualitat\/amec-publica-linforme-de-barreres-2020-2\/","title":{"rendered":"amec publica l&#8217;Informe de Barreres 2020"},"content":{"rendered":"<div class=\"amplada-pagina descripcion\">\n<img fetchpriority=\"high\" decoding=\"async\" src=\"http:\/\/wecreatedesign.co\/dev\/WP\/amec\/wp-content\/uploads\/2023\/03\/informe-barreras-redim-w600-h319-1.jpg\" width=\"600\" height=\"319\" \/><em><strong>amec<\/strong><\/em>\u00a0ha analitzat per segon any tots els aspectes pels quals els nostres membres han tingut dubtes o dificultats en les seves operacions i en la seva activitat i implantaci\u00f3 internacional. L&#8217;objectiu \u00e9s l&#8217;elaboraci\u00f3\u00a0<strong>de l&#8217;Informe de Barreres,<\/strong>\u00a0la informaci\u00f3 ens serveix per tenir una visi\u00f3 global i poder actuar, d&#8217;una banda,\u00a0<strong>ajudant a les empreses de forma efectiva i, de l&#8217;altra, comunicant a les administracions on resideixen les dificultats i treballar conjuntament amb elles per facilitar l&#8217;operativa de les empreses.<\/strong>\u00a0Els nostres membres poden consultar l&#8217;informe accedint al seu\u00a0<a href=\"https:\/\/www.amec.es\/lnk25\/zona-privada.htm\" target=\"_blank\" rel=\"noopener\">\u00e0rea privada<\/a>\u00a0, en l&#8217;apartat Estudis i Publicacions.<\/p>\n<p>En l&#8217;elaboraci\u00f3 d&#8217;l&#8217;informe hem analitzat els serveis d&#8217;informaci\u00f3, assessorament, projectes individuals, accions de lobby individual, serveis de networking i algunes alertes enviades a la comunitat que s&#8217;han interessat especialment als nostres membres.<\/p>\n<p>Tradicionalment, el principal obstacle que troben els membres\u00a0<strong><em>d&#8217;amec<\/em><\/strong>\u00a0per desenvolupar la seva activitat internacional \u00e9s la identificaci\u00f3 efectiva de bons clients i socis comercials en els diferents mercats. En segon lloc, es troba la normativa, certificaci\u00f3 i els canvis generats pel creixent proteccionisme. No obstant aix\u00f2, malgrat que aquest any les empreses han continuat sol\u00b7licitant aquest servei, 2020 ha comportat un nou tipus d&#8217;obstacle inesperat: la pand\u00e8mia.<\/p>\n<p>La crisi sanit\u00e0ria i econ\u00f2mica ha transformat l&#8217;escenari econ\u00f2mic internacional i l&#8217;activitat habitual de les empreses, situant-se com la principal dificultat en la seva operativa. \u00c9s per aix\u00f2 que de manera excepcional Espanya ha concentrat gran nombre de serveis principalment per la gran incertesa que hi va haver especialment durant els primers mesos de la pand\u00e8mia i la declaraci\u00f3 de l&#8217;estat d&#8217;alarma, i per la necessitat de les empreses de con\u00e8ixer la normativa, les ajudes i com despla\u00e7ar als seus treballadors, clients i prove\u00efdors.<\/p>\n<p>Aix\u00ed, 2020 s&#8217;ha caracteritzat per mesos d&#8217;incertesa i de tancament de fronteres, i l&#8217;operativa internacional ha girat al voltant dels problemes relacionats. Mentre que tradicionalment els contactes m\u00e9s demandats eren distribu\u00efdors, representants i, en menor mesura, fabricants, el 2020 hem comen\u00e7at a atendre sol\u00b7licituds de recerca d&#8217;enginyeries i integradors, o distribu\u00efdors amb servei t\u00e8cnic. Aquesta tend\u00e8ncia, que caldria veure si es mant\u00e9 el 2021 podria respondre a un canvi en l&#8217;estrat\u00e8gia de comercialitzaci\u00f3 i entrada en els mercats per part de les empreses. Davant les dificultats en la mobilitat i el creixent proteccionisme, aix\u00ed com la creixent servitizaci\u00f3n de la producci\u00f3, les companyies busquen socis locals capa\u00e7os d&#8217;instal\u00b7lar els seus equips, atendre les necessitats dels clients a llarg termini i oferir una &#8220;targeta de presentaci\u00f3&#8221; local.<\/p>\n<p>D&#8217;altra banda, l&#8217;Informe de Barreres mostra com la normativa i certificaci\u00f3 ha continuat sent el 2020 un dels principals obstacles amb qu\u00e8 es troben les empreses per desenvolupar l&#8217;activitat internacional, tot i que la problem\u00e0tica varia en funci\u00f3 de l&#8217;mercat.\n<\/p><\/div>\n","protected":false},"excerpt":{"rendered":"<p>amec\u00a0ha analitzat per segon any tots els aspectes pels quals els nostres membres han tingut dubtes o dificultats en les seves operacions i en la seva activitat i implantaci\u00f3 internacional. L&#8217;objectiu \u00e9s l&#8217;elaboraci\u00f3\u00a0de l&#8217;Informe de Barreres,\u00a0la informaci\u00f3 ens serveix per tenir una visi\u00f3 global i poder actuar, d&#8217;una banda,\u00a0ajudant a les empreses de forma efectiva [&hellip;]<\/p>\n","protected":false},"author":1,"featured_media":4559,"comment_status":"open","ping_status":"open","sticky":false,"template":"","format":"standard","meta":{"inline_featured_image":false,"footnotes":""},"categories":[27],"tags":[],"class_list":["post-6378","post","type-post","status-publish","format-standard","has-post-thumbnail","hentry","category-actualitat"],"yoast_head":"<!-- This site is optimized with the Yoast SEO plugin v27.3 - https:\/\/yoast.com\/product\/yoast-seo-wordpress\/ -->\n<title>amec publica l&#039;Informe de Barreres 2020 | amec Positive Industry<\/title>\n<meta name=\"robots\" content=\"index, follow, max-snippet:-1, max-image-preview:large, max-video-preview:-1\" \/>\n<link rel=\"canonical\" href=\"https:\/\/amec.es\/ca\/actualitat\/amec-publica-linforme-de-barreres-2020-2\/\" \/>\n<meta property=\"og:locale\" content=\"ca_ES\" \/>\n<meta property=\"og:type\" content=\"article\" \/>\n<meta property=\"og:title\" content=\"amec publica l&#039;Informe de Barreres 2020 | amec Positive Industry\" \/>\n<meta property=\"og:description\" content=\"amec\u00a0ha analitzat per segon any tots els aspectes pels quals els nostres membres han tingut dubtes o dificultats en les seves operacions i en la seva activitat i implantaci\u00f3 internacional. L&#8217;objectiu \u00e9s l&#8217;elaboraci\u00f3\u00a0de l&#8217;Informe de Barreres,\u00a0la informaci\u00f3 ens serveix per tenir una visi\u00f3 global i poder actuar, d&#8217;una banda,\u00a0ajudant a les empreses de forma efectiva [&hellip;]\" \/>\n<meta property=\"og:url\" content=\"https:\/\/amec.es\/ca\/actualitat\/amec-publica-linforme-de-barreres-2020-2\/\" \/>\n<meta property=\"og:site_name\" content=\"amec Positive Industry\" \/>\n<meta property=\"article:published_time\" content=\"2021-01-15T09:44:07+00:00\" \/>\n<meta property=\"og:image\" content=\"https:\/\/amec.es\/wp-content\/uploads\/2023\/08\/susana-gonzalez-3-r-redim-prop66-w380-h250-1.jpg\" \/>\n\t<meta property=\"og:image:width\" content=\"380\" \/>\n\t<meta property=\"og:image:height\" content=\"250\" \/>\n\t<meta property=\"og:image:type\" content=\"image\/jpeg\" \/>\n<meta name=\"author\" content=\"webmaster\" \/>\n<meta name=\"twitter:card\" content=\"summary_large_image\" \/>\n<meta name=\"twitter:label1\" content=\"Escrit per\" \/>\n\t<meta name=\"twitter:data1\" content=\"webmaster\" \/>\n\t<meta name=\"twitter:label2\" content=\"Temps estimat de lectura\" \/>\n\t<meta name=\"twitter:data2\" content=\"2 minuts\" \/>\n<script type=\"application\/ld+json\" class=\"yoast-schema-graph\">{\"@context\":\"https:\\\/\\\/schema.org\",\"@graph\":[{\"@type\":\"Article\",\"@id\":\"https:\\\/\\\/amec.es\\\/ca\\\/actualitat\\\/amec-publica-linforme-de-barreres-2020-2\\\/#article\",\"isPartOf\":{\"@id\":\"https:\\\/\\\/amec.es\\\/ca\\\/actualitat\\\/amec-publica-linforme-de-barreres-2020-2\\\/\"},\"author\":{\"name\":\"webmaster\",\"@id\":\"https:\\\/\\\/amec.es\\\/#\\\/schema\\\/person\\\/377e1e145733915506a55297ad2fc830\"},\"headline\":\"amec publica l&#8217;Informe de Barreres 2020\",\"datePublished\":\"2021-01-15T09:44:07+00:00\",\"mainEntityOfPage\":{\"@id\":\"https:\\\/\\\/amec.es\\\/ca\\\/actualitat\\\/amec-publica-linforme-de-barreres-2020-2\\\/\"},\"wordCount\":498,\"commentCount\":0,\"publisher\":{\"@id\":\"https:\\\/\\\/amec.es\\\/#organization\"},\"image\":{\"@id\":\"https:\\\/\\\/amec.es\\\/ca\\\/actualitat\\\/amec-publica-linforme-de-barreres-2020-2\\\/#primaryimage\"},\"thumbnailUrl\":\"https:\\\/\\\/amec.es\\\/wp-content\\\/uploads\\\/2023\\\/08\\\/susana-gonzalez-3-r-redim-prop66-w380-h250-1.jpg\",\"articleSection\":[\"Actualitat\"],\"inLanguage\":\"ca\",\"potentialAction\":[{\"@type\":\"CommentAction\",\"name\":\"Comment\",\"target\":[\"https:\\\/\\\/amec.es\\\/ca\\\/actualitat\\\/amec-publica-linforme-de-barreres-2020-2\\\/#respond\"]}]},{\"@type\":\"WebPage\",\"@id\":\"https:\\\/\\\/amec.es\\\/ca\\\/actualitat\\\/amec-publica-linforme-de-barreres-2020-2\\\/\",\"url\":\"https:\\\/\\\/amec.es\\\/ca\\\/actualitat\\\/amec-publica-linforme-de-barreres-2020-2\\\/\",\"name\":\"amec publica l'Informe de Barreres 2020 | amec Positive Industry\",\"isPartOf\":{\"@id\":\"https:\\\/\\\/amec.es\\\/#website\"},\"primaryImageOfPage\":{\"@id\":\"https:\\\/\\\/amec.es\\\/ca\\\/actualitat\\\/amec-publica-linforme-de-barreres-2020-2\\\/#primaryimage\"},\"image\":{\"@id\":\"https:\\\/\\\/amec.es\\\/ca\\\/actualitat\\\/amec-publica-linforme-de-barreres-2020-2\\\/#primaryimage\"},\"thumbnailUrl\":\"https:\\\/\\\/amec.es\\\/wp-content\\\/uploads\\\/2023\\\/08\\\/susana-gonzalez-3-r-redim-prop66-w380-h250-1.jpg\",\"datePublished\":\"2021-01-15T09:44:07+00:00\",\"breadcrumb\":{\"@id\":\"https:\\\/\\\/amec.es\\\/ca\\\/actualitat\\\/amec-publica-linforme-de-barreres-2020-2\\\/#breadcrumb\"},\"inLanguage\":\"ca\",\"potentialAction\":[{\"@type\":\"ReadAction\",\"target\":[\"https:\\\/\\\/amec.es\\\/ca\\\/actualitat\\\/amec-publica-linforme-de-barreres-2020-2\\\/\"]}]},{\"@type\":\"ImageObject\",\"inLanguage\":\"ca\",\"@id\":\"https:\\\/\\\/amec.es\\\/ca\\\/actualitat\\\/amec-publica-linforme-de-barreres-2020-2\\\/#primaryimage\",\"url\":\"https:\\\/\\\/amec.es\\\/wp-content\\\/uploads\\\/2023\\\/08\\\/susana-gonzalez-3-r-redim-prop66-w380-h250-1.jpg\",\"contentUrl\":\"https:\\\/\\\/amec.es\\\/wp-content\\\/uploads\\\/2023\\\/08\\\/susana-gonzalez-3-r-redim-prop66-w380-h250-1.jpg\",\"width\":380,\"height\":250},{\"@type\":\"BreadcrumbList\",\"@id\":\"https:\\\/\\\/amec.es\\\/ca\\\/actualitat\\\/amec-publica-linforme-de-barreres-2020-2\\\/#breadcrumb\",\"itemListElement\":[{\"@type\":\"ListItem\",\"position\":1,\"name\":\"Portada\",\"item\":\"https:\\\/\\\/amec.es\\\/ca\\\/home-new\\\/\"},{\"@type\":\"ListItem\",\"position\":2,\"name\":\"amec publica l&#8217;Informe de Barreres 2020\"}]},{\"@type\":\"WebSite\",\"@id\":\"https:\\\/\\\/amec.es\\\/#website\",\"url\":\"https:\\\/\\\/amec.es\\\/\",\"name\":\"amec Positive Industry\",\"description\":\"\",\"publisher\":{\"@id\":\"https:\\\/\\\/amec.es\\\/#organization\"},\"potentialAction\":[{\"@type\":\"SearchAction\",\"target\":{\"@type\":\"EntryPoint\",\"urlTemplate\":\"https:\\\/\\\/amec.es\\\/?s={search_term_string}\"},\"query-input\":{\"@type\":\"PropertyValueSpecification\",\"valueRequired\":true,\"valueName\":\"search_term_string\"}}],\"inLanguage\":\"ca\"},{\"@type\":\"Organization\",\"@id\":\"https:\\\/\\\/amec.es\\\/#organization\",\"name\":\"amec Positive Industry\",\"url\":\"https:\\\/\\\/amec.es\\\/\",\"logo\":{\"@type\":\"ImageObject\",\"inLanguage\":\"ca\",\"@id\":\"https:\\\/\\\/amec.es\\\/#\\\/schema\\\/logo\\\/image\\\/\",\"url\":\"https:\\\/\\\/amec.es\\\/wp-content\\\/uploads\\\/2023\\\/07\\\/logoamec.png\",\"contentUrl\":\"https:\\\/\\\/amec.es\\\/wp-content\\\/uploads\\\/2023\\\/07\\\/logoamec.png\",\"width\":200,\"height\":48,\"caption\":\"amec Positive Industry\"},\"image\":{\"@id\":\"https:\\\/\\\/amec.es\\\/#\\\/schema\\\/logo\\\/image\\\/\"}},{\"@type\":\"Person\",\"@id\":\"https:\\\/\\\/amec.es\\\/#\\\/schema\\\/person\\\/377e1e145733915506a55297ad2fc830\",\"name\":\"webmaster\",\"image\":{\"@type\":\"ImageObject\",\"inLanguage\":\"ca\",\"@id\":\"https:\\\/\\\/secure.gravatar.com\\\/avatar\\\/1122ff7c82efe2079ddb19cd256fc39ab150caee9b258eeae8928e7f703c39f3?s=96&d=mm&r=g\",\"url\":\"https:\\\/\\\/secure.gravatar.com\\\/avatar\\\/1122ff7c82efe2079ddb19cd256fc39ab150caee9b258eeae8928e7f703c39f3?s=96&d=mm&r=g\",\"contentUrl\":\"https:\\\/\\\/secure.gravatar.com\\\/avatar\\\/1122ff7c82efe2079ddb19cd256fc39ab150caee9b258eeae8928e7f703c39f3?s=96&d=mm&r=g\",\"caption\":\"webmaster\"}}]}<\/script>\n<!-- \/ Yoast SEO plugin. -->","yoast_head_json":{"title":"amec publica l'Informe de Barreres 2020 | amec Positive Industry","robots":{"index":"index","follow":"follow","max-snippet":"max-snippet:-1","max-image-preview":"max-image-preview:large","max-video-preview":"max-video-preview:-1"},"canonical":"https:\/\/amec.es\/ca\/actualitat\/amec-publica-linforme-de-barreres-2020-2\/","og_locale":"ca_ES","og_type":"article","og_title":"amec publica l'Informe de Barreres 2020 | amec Positive Industry","og_description":"amec\u00a0ha analitzat per segon any tots els aspectes pels quals els nostres membres han tingut dubtes o dificultats en les seves operacions i en la seva activitat i implantaci\u00f3 internacional. L&#8217;objectiu \u00e9s l&#8217;elaboraci\u00f3\u00a0de l&#8217;Informe de Barreres,\u00a0la informaci\u00f3 ens serveix per tenir una visi\u00f3 global i poder actuar, d&#8217;una banda,\u00a0ajudant a les empreses de forma efectiva [&hellip;]","og_url":"https:\/\/amec.es\/ca\/actualitat\/amec-publica-linforme-de-barreres-2020-2\/","og_site_name":"amec Positive Industry","article_published_time":"2021-01-15T09:44:07+00:00","og_image":[{"width":380,"height":250,"url":"https:\/\/amec.es\/wp-content\/uploads\/2023\/08\/susana-gonzalez-3-r-redim-prop66-w380-h250-1.jpg","type":"image\/jpeg"}],"author":"webmaster","twitter_card":"summary_large_image","twitter_misc":{"Escrit per":"webmaster","Temps estimat de lectura":"2 minuts"},"schema":{"@context":"https:\/\/schema.org","@graph":[{"@type":"Article","@id":"https:\/\/amec.es\/ca\/actualitat\/amec-publica-linforme-de-barreres-2020-2\/#article","isPartOf":{"@id":"https:\/\/amec.es\/ca\/actualitat\/amec-publica-linforme-de-barreres-2020-2\/"},"author":{"name":"webmaster","@id":"https:\/\/amec.es\/#\/schema\/person\/377e1e145733915506a55297ad2fc830"},"headline":"amec publica l&#8217;Informe de Barreres 2020","datePublished":"2021-01-15T09:44:07+00:00","mainEntityOfPage":{"@id":"https:\/\/amec.es\/ca\/actualitat\/amec-publica-linforme-de-barreres-2020-2\/"},"wordCount":498,"commentCount":0,"publisher":{"@id":"https:\/\/amec.es\/#organization"},"image":{"@id":"https:\/\/amec.es\/ca\/actualitat\/amec-publica-linforme-de-barreres-2020-2\/#primaryimage"},"thumbnailUrl":"https:\/\/amec.es\/wp-content\/uploads\/2023\/08\/susana-gonzalez-3-r-redim-prop66-w380-h250-1.jpg","articleSection":["Actualitat"],"inLanguage":"ca","potentialAction":[{"@type":"CommentAction","name":"Comment","target":["https:\/\/amec.es\/ca\/actualitat\/amec-publica-linforme-de-barreres-2020-2\/#respond"]}]},{"@type":"WebPage","@id":"https:\/\/amec.es\/ca\/actualitat\/amec-publica-linforme-de-barreres-2020-2\/","url":"https:\/\/amec.es\/ca\/actualitat\/amec-publica-linforme-de-barreres-2020-2\/","name":"amec publica l'Informe de Barreres 2020 | amec Positive Industry","isPartOf":{"@id":"https:\/\/amec.es\/#website"},"primaryImageOfPage":{"@id":"https:\/\/amec.es\/ca\/actualitat\/amec-publica-linforme-de-barreres-2020-2\/#primaryimage"},"image":{"@id":"https:\/\/amec.es\/ca\/actualitat\/amec-publica-linforme-de-barreres-2020-2\/#primaryimage"},"thumbnailUrl":"https:\/\/amec.es\/wp-content\/uploads\/2023\/08\/susana-gonzalez-3-r-redim-prop66-w380-h250-1.jpg","datePublished":"2021-01-15T09:44:07+00:00","breadcrumb":{"@id":"https:\/\/amec.es\/ca\/actualitat\/amec-publica-linforme-de-barreres-2020-2\/#breadcrumb"},"inLanguage":"ca","potentialAction":[{"@type":"ReadAction","target":["https:\/\/amec.es\/ca\/actualitat\/amec-publica-linforme-de-barreres-2020-2\/"]}]},{"@type":"ImageObject","inLanguage":"ca","@id":"https:\/\/amec.es\/ca\/actualitat\/amec-publica-linforme-de-barreres-2020-2\/#primaryimage","url":"https:\/\/amec.es\/wp-content\/uploads\/2023\/08\/susana-gonzalez-3-r-redim-prop66-w380-h250-1.jpg","contentUrl":"https:\/\/amec.es\/wp-content\/uploads\/2023\/08\/susana-gonzalez-3-r-redim-prop66-w380-h250-1.jpg","width":380,"height":250},{"@type":"BreadcrumbList","@id":"https:\/\/amec.es\/ca\/actualitat\/amec-publica-linforme-de-barreres-2020-2\/#breadcrumb","itemListElement":[{"@type":"ListItem","position":1,"name":"Portada","item":"https:\/\/amec.es\/ca\/home-new\/"},{"@type":"ListItem","position":2,"name":"amec publica l&#8217;Informe de Barreres 2020"}]},{"@type":"WebSite","@id":"https:\/\/amec.es\/#website","url":"https:\/\/amec.es\/","name":"amec Positive Industry","description":"","publisher":{"@id":"https:\/\/amec.es\/#organization"},"potentialAction":[{"@type":"SearchAction","target":{"@type":"EntryPoint","urlTemplate":"https:\/\/amec.es\/?s={search_term_string}"},"query-input":{"@type":"PropertyValueSpecification","valueRequired":true,"valueName":"search_term_string"}}],"inLanguage":"ca"},{"@type":"Organization","@id":"https:\/\/amec.es\/#organization","name":"amec Positive Industry","url":"https:\/\/amec.es\/","logo":{"@type":"ImageObject","inLanguage":"ca","@id":"https:\/\/amec.es\/#\/schema\/logo\/image\/","url":"https:\/\/amec.es\/wp-content\/uploads\/2023\/07\/logoamec.png","contentUrl":"https:\/\/amec.es\/wp-content\/uploads\/2023\/07\/logoamec.png","width":200,"height":48,"caption":"amec Positive Industry"},"image":{"@id":"https:\/\/amec.es\/#\/schema\/logo\/image\/"}},{"@type":"Person","@id":"https:\/\/amec.es\/#\/schema\/person\/377e1e145733915506a55297ad2fc830","name":"webmaster","image":{"@type":"ImageObject","inLanguage":"ca","@id":"https:\/\/secure.gravatar.com\/avatar\/1122ff7c82efe2079ddb19cd256fc39ab150caee9b258eeae8928e7f703c39f3?s=96&d=mm&r=g","url":"https:\/\/secure.gravatar.com\/avatar\/1122ff7c82efe2079ddb19cd256fc39ab150caee9b258eeae8928e7f703c39f3?s=96&d=mm&r=g","contentUrl":"https:\/\/secure.gravatar.com\/avatar\/1122ff7c82efe2079ddb19cd256fc39ab150caee9b258eeae8928e7f703c39f3?s=96&d=mm&r=g","caption":"webmaster"}}]}},"_links":{"self":[{"href":"https:\/\/amec.es\/ca\/wp-json\/wp\/v2\/posts\/6378","targetHints":{"allow":["GET"]}}],"collection":[{"href":"https:\/\/amec.es\/ca\/wp-json\/wp\/v2\/posts"}],"about":[{"href":"https:\/\/amec.es\/ca\/wp-json\/wp\/v2\/types\/post"}],"author":[{"embeddable":true,"href":"https:\/\/amec.es\/ca\/wp-json\/wp\/v2\/users\/1"}],"replies":[{"embeddable":true,"href":"https:\/\/amec.es\/ca\/wp-json\/wp\/v2\/comments?post=6378"}],"version-history":[{"count":0,"href":"https:\/\/amec.es\/ca\/wp-json\/wp\/v2\/posts\/6378\/revisions"}],"wp:featuredmedia":[{"embeddable":true,"href":"https:\/\/amec.es\/ca\/wp-json\/wp\/v2\/media\/4559"}],"wp:attachment":[{"href":"https:\/\/amec.es\/ca\/wp-json\/wp\/v2\/media?parent=6378"}],"wp:term":[{"taxonomy":"category","embeddable":true,"href":"https:\/\/amec.es\/ca\/wp-json\/wp\/v2\/categories?post=6378"},{"taxonomy":"post_tag","embeddable":true,"href":"https:\/\/amec.es\/ca\/wp-json\/wp\/v2\/tags?post=6378"}],"curies":[{"name":"wp","href":"https:\/\/api.w.org\/{rel}","templated":true}]}}