{"id":6379,"date":"2021-01-18T09:45:38","date_gmt":"2021-01-18T09:45:38","guid":{"rendered":"https:\/\/wecreatedesign.co\/dev\/WP\/amec\/?p=4565"},"modified":"2021-01-18T09:45:38","modified_gmt":"2021-01-18T09:45:38","slug":"les-startups-troben-en-amec-el-suport-per-implementar-i-internacionalitzar-el-seu-negoci","status":"publish","type":"post","link":"https:\/\/amec.es\/ca\/actualitat\/les-startups-troben-en-amec-el-suport-per-implementar-i-internacionalitzar-el-seu-negoci\/","title":{"rendered":"Les startups troben en amec el suport per implementar i internacionalitzar el seu negoci"},"content":{"rendered":"<div class=\"amplada-pagina descripcion\">\n<p><img fetchpriority=\"high\" decoding=\"async\" src=\"http:\/\/wecreatedesign.co\/dev\/WP\/amec\/wp-content\/uploads\/2023\/03\/startups-redim-w400-h200.jpeg\" width=\"400\" height=\"200\" \/>Si la comunitat de\u00a0<em><strong>amec<\/strong><\/em>\u00a0ja era rica per incloure a la ind\u00fastria internacionalitzada dels m\u00e9s diversos sectors, amb gran coneixement i pres\u00e8ncia en gran diversitat de mercats, ara est\u00e0 sumant a m\u00e9s l&#8217;energia i la innovaci\u00f3 que emana de les noves startups industrials que s&#8217;estan creant a casa nostra.<\/p>\n<p>&nbsp;<\/p>\n<p>La nostra comunitat est\u00e0 creixent tamb\u00e9 amb la incorporaci\u00f3 d&#8217;empreses industrials de nova creaci\u00f3 que troben a la nostra entitat un gran suport per posar en pr\u00e0ctica el seu model de negoci i escalar-lo.\u00a0<strong><em>&#8220;Amec<\/em>\u00a0no \u00e9s una acceleradora ni una incubadora, com s\u00ed que ho \u00e9s\u00a0<a href=\"https:\/\/www.iqstechfactory.com\/\" target=\"_blank\" rel=\"noopener\">IQS Tech Factory<\/a>\u00a0, especialitzada en accelerar a statups industrials. El que permet la nostra entitat a aquestes empreses \u00e9s implementar-se en els mercats: trobar clients, distribu\u00efdors, prove\u00efdors, possibles col\u00b7laboradors i desenvolupar una xarxa comercial &#8220;,<\/strong>\u00a0explica el responsable de l&#8217;\u00e0rea de startups, Alejandro Gallego.<\/p>\n<p>&nbsp;<\/p>\n<p>En ocasions, aquestes empreses que s&#8217;incorporen a\u00a0<em><strong>amec<\/strong><\/em>\u00a0aporten als mercats productes disruptius, com \u00e9s el cas de\u00a0<a href=\"https:\/\/www.groots.eco\/\" target=\"_blank\" rel=\"noopener\">Urban Groots<\/a>\u00a0, que proposa una nova forma de conrear m\u00e9s sostenible. En altres, es tracta d&#8217;innovadores solucions tecnol\u00f2giques, com\u00a0<a href=\"https:\/\/www.sens.solutions\/\" target=\"_blank\" rel=\"noopener\">Sens Solutions<\/a>\u00a0, que presenta solucions IOT per a una vida saludable;\u00a0<a href=\"https:\/\/steeringmachines.com\/\" target=\"_blank\" rel=\"noopener\">Steering Machines<\/a>\u00a0, que ha creat plataformes de transport automatitzat i omnidireccionals; o\u00a0<a href=\"https:\/\/www.neutroon.com\/\" target=\"_blank\" rel=\"noopener\">Neutroon<\/a>\u00a0, que ofereix a les empreses l&#8217;acc\u00e9s segur a l&#8217;5G.<\/p>\n<p>&nbsp;<\/p>\n<p><strong>La nostra entitat, que promou des de sempre la col\u00b7laboraci\u00f3 entre els seus integrants, est\u00e0 observant molt fruct\u00edfera<\/strong>\u00a0<strong>la combinaci\u00f3 entre les empreses industrials de llarga traject\u00f2ria amb les de nova creaci\u00f3.<\/strong>\u00a0Mentre que les primeres i l&#8217;ecosistema en general s&#8217;enriqueixen amb la inclusi\u00f3 de noves idees, visions i projectes, les startups, per la seva banda, tenen acc\u00e9s a l&#8217;experi\u00e8ncia de les companyies, a saber com actuen en els diferents mercats i com es desenvolupen , un coneixement que evita errors i redueix riscos i temps en el desenvolupament de l&#8217;negoci.<\/p>\n<p>&nbsp;<\/p>\n<p>L&#8217;exemple de Multiscan, membre\u00a0<em><strong>d&#8217;amec<\/strong><\/em>\u00a0que ha passat de startup a empresa internacionalitzada amb pres\u00e8ncia en m\u00e9s de 50 pa\u00efsos, \u00e9s un dels que hem explicat sovint en\u00a0<em><strong>amec<\/strong><\/em>\u00a0per mostrar les diferents formes d&#8217;internacionalitzar un negoci.<\/p>\n<p>&nbsp;<\/p>\n<p>A m\u00e9s, aquest any que ara comen\u00e7a ser\u00e0 molt important per a la col\u00b7laboraci\u00f3 empresarial. A trav\u00e9s del nostre nou espai privat, la ZonaCo,\u00a0<strong><em>amec<\/em><\/strong>\u00a0promou el contacte directe entre les empreses per crear noves col\u00b7laboracions. En aquesta nova \u00e0rea exclusiva les companyies busquen connectar amb altres que puguin resoldre situacions o b\u00e9 emprendre nous projectes de forma conjunta. Des\u00a0<strong><em>amec,<\/em><\/strong>\u00a0estem conven\u00e7uts que les<\/p>\n<\/div>\n","protected":false},"excerpt":{"rendered":"<p>Si la comunitat de\u00a0amec\u00a0ja era rica per incloure a la ind\u00fastria internacionalitzada dels m\u00e9s diversos sectors, amb gran coneixement i pres\u00e8ncia en gran diversitat de mercats, ara est\u00e0 sumant a m\u00e9s l&#8217;energia i la innovaci\u00f3 que emana de les noves startups industrials que s&#8217;estan creant a casa nostra. &nbsp; La nostra comunitat est\u00e0 creixent tamb\u00e9 [&hellip;]<\/p>\n","protected":false},"author":1,"featured_media":4567,"comment_status":"open","ping_status":"open","sticky":false,"template":"","format":"standard","meta":{"inline_featured_image":false,"footnotes":""},"categories":[27],"tags":[],"class_list":["post-6379","post","type-post","status-publish","format-standard","has-post-thumbnail","hentry","category-actualitat"],"yoast_head":"<!-- This site is optimized with the Yoast SEO plugin v27.3 - https:\/\/yoast.com\/product\/yoast-seo-wordpress\/ -->\n<title>Les startups troben en amec el suport per implementar i internacionalitzar el seu negoci | amec Positive Industry<\/title>\n<meta name=\"robots\" content=\"index, follow, max-snippet:-1, max-image-preview:large, max-video-preview:-1\" \/>\n<link rel=\"canonical\" href=\"https:\/\/amec.es\/ca\/actualitat\/les-startups-troben-en-amec-el-suport-per-implementar-i-internacionalitzar-el-seu-negoci\/\" \/>\n<meta property=\"og:locale\" content=\"ca_ES\" \/>\n<meta property=\"og:type\" content=\"article\" \/>\n<meta property=\"og:title\" content=\"Les startups troben en amec el suport per implementar i internacionalitzar el seu negoci | amec Positive Industry\" \/>\n<meta property=\"og:description\" content=\"Si la comunitat de\u00a0amec\u00a0ja era rica per incloure a la ind\u00fastria internacionalitzada dels m\u00e9s diversos sectors, amb gran coneixement i pres\u00e8ncia en gran diversitat de mercats, ara est\u00e0 sumant a m\u00e9s l&#8217;energia i la innovaci\u00f3 que emana de les noves startups industrials que s&#8217;estan creant a casa nostra. &nbsp; La nostra comunitat est\u00e0 creixent tamb\u00e9 [&hellip;]\" \/>\n<meta property=\"og:url\" content=\"https:\/\/amec.es\/ca\/actualitat\/les-startups-troben-en-amec-el-suport-per-implementar-i-internacionalitzar-el-seu-negoci\/\" \/>\n<meta property=\"og:site_name\" content=\"amec Positive Industry\" \/>\n<meta property=\"article:published_time\" content=\"2021-01-18T09:45:38+00:00\" \/>\n<meta property=\"og:image\" content=\"https:\/\/amec.es\/wp-content\/uploads\/2024\/02\/Logo_AMEC.png\" \/>\n\t<meta property=\"og:image:width\" content=\"1827\" \/>\n\t<meta property=\"og:image:height\" content=\"438\" \/>\n\t<meta property=\"og:image:type\" content=\"image\/png\" \/>\n<meta name=\"author\" content=\"webmaster\" \/>\n<meta name=\"twitter:card\" content=\"summary_large_image\" \/>\n<meta name=\"twitter:label1\" content=\"Escrit per\" \/>\n\t<meta name=\"twitter:data1\" content=\"webmaster\" \/>\n\t<meta name=\"twitter:label2\" content=\"Temps estimat de lectura\" \/>\n\t<meta name=\"twitter:data2\" content=\"2 minuts\" \/>\n<script type=\"application\/ld+json\" class=\"yoast-schema-graph\">{\"@context\":\"https:\\\/\\\/schema.org\",\"@graph\":[{\"@type\":\"Article\",\"@id\":\"https:\\\/\\\/amec.es\\\/ca\\\/actualitat\\\/les-startups-troben-en-amec-el-suport-per-implementar-i-internacionalitzar-el-seu-negoci\\\/#article\",\"isPartOf\":{\"@id\":\"https:\\\/\\\/amec.es\\\/ca\\\/actualitat\\\/les-startups-troben-en-amec-el-suport-per-implementar-i-internacionalitzar-el-seu-negoci\\\/\"},\"author\":{\"name\":\"webmaster\",\"@id\":\"https:\\\/\\\/amec.es\\\/#\\\/schema\\\/person\\\/377e1e145733915506a55297ad2fc830\"},\"headline\":\"Les startups troben en amec el suport per implementar i internacionalitzar el seu negoci\",\"datePublished\":\"2021-01-18T09:45:38+00:00\",\"mainEntityOfPage\":{\"@id\":\"https:\\\/\\\/amec.es\\\/ca\\\/actualitat\\\/les-startups-troben-en-amec-el-suport-per-implementar-i-internacionalitzar-el-seu-negoci\\\/\"},\"wordCount\":460,\"commentCount\":0,\"publisher\":{\"@id\":\"https:\\\/\\\/amec.es\\\/#organization\"},\"image\":{\"@id\":\"https:\\\/\\\/amec.es\\\/ca\\\/actualitat\\\/les-startups-troben-en-amec-el-suport-per-implementar-i-internacionalitzar-el-seu-negoci\\\/#primaryimage\"},\"thumbnailUrl\":\"\",\"articleSection\":[\"Actualitat\"],\"inLanguage\":\"ca\",\"potentialAction\":[{\"@type\":\"CommentAction\",\"name\":\"Comment\",\"target\":[\"https:\\\/\\\/amec.es\\\/ca\\\/actualitat\\\/les-startups-troben-en-amec-el-suport-per-implementar-i-internacionalitzar-el-seu-negoci\\\/#respond\"]}]},{\"@type\":\"WebPage\",\"@id\":\"https:\\\/\\\/amec.es\\\/ca\\\/actualitat\\\/les-startups-troben-en-amec-el-suport-per-implementar-i-internacionalitzar-el-seu-negoci\\\/\",\"url\":\"https:\\\/\\\/amec.es\\\/ca\\\/actualitat\\\/les-startups-troben-en-amec-el-suport-per-implementar-i-internacionalitzar-el-seu-negoci\\\/\",\"name\":\"Les startups troben en amec el suport per implementar i internacionalitzar el seu negoci | amec Positive Industry\",\"isPartOf\":{\"@id\":\"https:\\\/\\\/amec.es\\\/#website\"},\"primaryImageOfPage\":{\"@id\":\"https:\\\/\\\/amec.es\\\/ca\\\/actualitat\\\/les-startups-troben-en-amec-el-suport-per-implementar-i-internacionalitzar-el-seu-negoci\\\/#primaryimage\"},\"image\":{\"@id\":\"https:\\\/\\\/amec.es\\\/ca\\\/actualitat\\\/les-startups-troben-en-amec-el-suport-per-implementar-i-internacionalitzar-el-seu-negoci\\\/#primaryimage\"},\"thumbnailUrl\":\"\",\"datePublished\":\"2021-01-18T09:45:38+00:00\",\"breadcrumb\":{\"@id\":\"https:\\\/\\\/amec.es\\\/ca\\\/actualitat\\\/les-startups-troben-en-amec-el-suport-per-implementar-i-internacionalitzar-el-seu-negoci\\\/#breadcrumb\"},\"inLanguage\":\"ca\",\"potentialAction\":[{\"@type\":\"ReadAction\",\"target\":[\"https:\\\/\\\/amec.es\\\/ca\\\/actualitat\\\/les-startups-troben-en-amec-el-suport-per-implementar-i-internacionalitzar-el-seu-negoci\\\/\"]}]},{\"@type\":\"ImageObject\",\"inLanguage\":\"ca\",\"@id\":\"https:\\\/\\\/amec.es\\\/ca\\\/actualitat\\\/les-startups-troben-en-amec-el-suport-per-implementar-i-internacionalitzar-el-seu-negoci\\\/#primaryimage\",\"url\":\"\",\"contentUrl\":\"\"},{\"@type\":\"BreadcrumbList\",\"@id\":\"https:\\\/\\\/amec.es\\\/ca\\\/actualitat\\\/les-startups-troben-en-amec-el-suport-per-implementar-i-internacionalitzar-el-seu-negoci\\\/#breadcrumb\",\"itemListElement\":[{\"@type\":\"ListItem\",\"position\":1,\"name\":\"Portada\",\"item\":\"https:\\\/\\\/amec.es\\\/ca\\\/home-new\\\/\"},{\"@type\":\"ListItem\",\"position\":2,\"name\":\"Les startups troben en amec el suport per implementar i internacionalitzar el seu negoci\"}]},{\"@type\":\"WebSite\",\"@id\":\"https:\\\/\\\/amec.es\\\/#website\",\"url\":\"https:\\\/\\\/amec.es\\\/\",\"name\":\"amec Positive Industry\",\"description\":\"\",\"publisher\":{\"@id\":\"https:\\\/\\\/amec.es\\\/#organization\"},\"potentialAction\":[{\"@type\":\"SearchAction\",\"target\":{\"@type\":\"EntryPoint\",\"urlTemplate\":\"https:\\\/\\\/amec.es\\\/?s={search_term_string}\"},\"query-input\":{\"@type\":\"PropertyValueSpecification\",\"valueRequired\":true,\"valueName\":\"search_term_string\"}}],\"inLanguage\":\"ca\"},{\"@type\":\"Organization\",\"@id\":\"https:\\\/\\\/amec.es\\\/#organization\",\"name\":\"amec Positive Industry\",\"url\":\"https:\\\/\\\/amec.es\\\/\",\"logo\":{\"@type\":\"ImageObject\",\"inLanguage\":\"ca\",\"@id\":\"https:\\\/\\\/amec.es\\\/#\\\/schema\\\/logo\\\/image\\\/\",\"url\":\"https:\\\/\\\/amec.es\\\/wp-content\\\/uploads\\\/2023\\\/07\\\/logoamec.png\",\"contentUrl\":\"https:\\\/\\\/amec.es\\\/wp-content\\\/uploads\\\/2023\\\/07\\\/logoamec.png\",\"width\":200,\"height\":48,\"caption\":\"amec Positive Industry\"},\"image\":{\"@id\":\"https:\\\/\\\/amec.es\\\/#\\\/schema\\\/logo\\\/image\\\/\"}},{\"@type\":\"Person\",\"@id\":\"https:\\\/\\\/amec.es\\\/#\\\/schema\\\/person\\\/377e1e145733915506a55297ad2fc830\",\"name\":\"webmaster\",\"image\":{\"@type\":\"ImageObject\",\"inLanguage\":\"ca\",\"@id\":\"https:\\\/\\\/secure.gravatar.com\\\/avatar\\\/1122ff7c82efe2079ddb19cd256fc39ab150caee9b258eeae8928e7f703c39f3?s=96&d=mm&r=g\",\"url\":\"https:\\\/\\\/secure.gravatar.com\\\/avatar\\\/1122ff7c82efe2079ddb19cd256fc39ab150caee9b258eeae8928e7f703c39f3?s=96&d=mm&r=g\",\"contentUrl\":\"https:\\\/\\\/secure.gravatar.com\\\/avatar\\\/1122ff7c82efe2079ddb19cd256fc39ab150caee9b258eeae8928e7f703c39f3?s=96&d=mm&r=g\",\"caption\":\"webmaster\"}}]}<\/script>\n<!-- \/ Yoast SEO plugin. -->","yoast_head_json":{"title":"Les startups troben en amec el suport per implementar i internacionalitzar el seu negoci | amec Positive Industry","robots":{"index":"index","follow":"follow","max-snippet":"max-snippet:-1","max-image-preview":"max-image-preview:large","max-video-preview":"max-video-preview:-1"},"canonical":"https:\/\/amec.es\/ca\/actualitat\/les-startups-troben-en-amec-el-suport-per-implementar-i-internacionalitzar-el-seu-negoci\/","og_locale":"ca_ES","og_type":"article","og_title":"Les startups troben en amec el suport per implementar i internacionalitzar el seu negoci | amec Positive Industry","og_description":"Si la comunitat de\u00a0amec\u00a0ja era rica per incloure a la ind\u00fastria internacionalitzada dels m\u00e9s diversos sectors, amb gran coneixement i pres\u00e8ncia en gran diversitat de mercats, ara est\u00e0 sumant a m\u00e9s l&#8217;energia i la innovaci\u00f3 que emana de les noves startups industrials que s&#8217;estan creant a casa nostra. &nbsp; La nostra comunitat est\u00e0 creixent tamb\u00e9 [&hellip;]","og_url":"https:\/\/amec.es\/ca\/actualitat\/les-startups-troben-en-amec-el-suport-per-implementar-i-internacionalitzar-el-seu-negoci\/","og_site_name":"amec Positive Industry","article_published_time":"2021-01-18T09:45:38+00:00","og_image":[{"width":1827,"height":438,"url":"https:\/\/amec.es\/wp-content\/uploads\/2024\/02\/Logo_AMEC.png","type":"image\/png"}],"author":"webmaster","twitter_card":"summary_large_image","twitter_misc":{"Escrit per":"webmaster","Temps estimat de lectura":"2 minuts"},"schema":{"@context":"https:\/\/schema.org","@graph":[{"@type":"Article","@id":"https:\/\/amec.es\/ca\/actualitat\/les-startups-troben-en-amec-el-suport-per-implementar-i-internacionalitzar-el-seu-negoci\/#article","isPartOf":{"@id":"https:\/\/amec.es\/ca\/actualitat\/les-startups-troben-en-amec-el-suport-per-implementar-i-internacionalitzar-el-seu-negoci\/"},"author":{"name":"webmaster","@id":"https:\/\/amec.es\/#\/schema\/person\/377e1e145733915506a55297ad2fc830"},"headline":"Les startups troben en amec el suport per implementar i internacionalitzar el seu negoci","datePublished":"2021-01-18T09:45:38+00:00","mainEntityOfPage":{"@id":"https:\/\/amec.es\/ca\/actualitat\/les-startups-troben-en-amec-el-suport-per-implementar-i-internacionalitzar-el-seu-negoci\/"},"wordCount":460,"commentCount":0,"publisher":{"@id":"https:\/\/amec.es\/#organization"},"image":{"@id":"https:\/\/amec.es\/ca\/actualitat\/les-startups-troben-en-amec-el-suport-per-implementar-i-internacionalitzar-el-seu-negoci\/#primaryimage"},"thumbnailUrl":"","articleSection":["Actualitat"],"inLanguage":"ca","potentialAction":[{"@type":"CommentAction","name":"Comment","target":["https:\/\/amec.es\/ca\/actualitat\/les-startups-troben-en-amec-el-suport-per-implementar-i-internacionalitzar-el-seu-negoci\/#respond"]}]},{"@type":"WebPage","@id":"https:\/\/amec.es\/ca\/actualitat\/les-startups-troben-en-amec-el-suport-per-implementar-i-internacionalitzar-el-seu-negoci\/","url":"https:\/\/amec.es\/ca\/actualitat\/les-startups-troben-en-amec-el-suport-per-implementar-i-internacionalitzar-el-seu-negoci\/","name":"Les startups troben en amec el suport per implementar i internacionalitzar el seu negoci | amec Positive Industry","isPartOf":{"@id":"https:\/\/amec.es\/#website"},"primaryImageOfPage":{"@id":"https:\/\/amec.es\/ca\/actualitat\/les-startups-troben-en-amec-el-suport-per-implementar-i-internacionalitzar-el-seu-negoci\/#primaryimage"},"image":{"@id":"https:\/\/amec.es\/ca\/actualitat\/les-startups-troben-en-amec-el-suport-per-implementar-i-internacionalitzar-el-seu-negoci\/#primaryimage"},"thumbnailUrl":"","datePublished":"2021-01-18T09:45:38+00:00","breadcrumb":{"@id":"https:\/\/amec.es\/ca\/actualitat\/les-startups-troben-en-amec-el-suport-per-implementar-i-internacionalitzar-el-seu-negoci\/#breadcrumb"},"inLanguage":"ca","potentialAction":[{"@type":"ReadAction","target":["https:\/\/amec.es\/ca\/actualitat\/les-startups-troben-en-amec-el-suport-per-implementar-i-internacionalitzar-el-seu-negoci\/"]}]},{"@type":"ImageObject","inLanguage":"ca","@id":"https:\/\/amec.es\/ca\/actualitat\/les-startups-troben-en-amec-el-suport-per-implementar-i-internacionalitzar-el-seu-negoci\/#primaryimage","url":"","contentUrl":""},{"@type":"BreadcrumbList","@id":"https:\/\/amec.es\/ca\/actualitat\/les-startups-troben-en-amec-el-suport-per-implementar-i-internacionalitzar-el-seu-negoci\/#breadcrumb","itemListElement":[{"@type":"ListItem","position":1,"name":"Portada","item":"https:\/\/amec.es\/ca\/home-new\/"},{"@type":"ListItem","position":2,"name":"Les startups troben en amec el suport per implementar i internacionalitzar el seu negoci"}]},{"@type":"WebSite","@id":"https:\/\/amec.es\/#website","url":"https:\/\/amec.es\/","name":"amec Positive Industry","description":"","publisher":{"@id":"https:\/\/amec.es\/#organization"},"potentialAction":[{"@type":"SearchAction","target":{"@type":"EntryPoint","urlTemplate":"https:\/\/amec.es\/?s={search_term_string}"},"query-input":{"@type":"PropertyValueSpecification","valueRequired":true,"valueName":"search_term_string"}}],"inLanguage":"ca"},{"@type":"Organization","@id":"https:\/\/amec.es\/#organization","name":"amec Positive Industry","url":"https:\/\/amec.es\/","logo":{"@type":"ImageObject","inLanguage":"ca","@id":"https:\/\/amec.es\/#\/schema\/logo\/image\/","url":"https:\/\/amec.es\/wp-content\/uploads\/2023\/07\/logoamec.png","contentUrl":"https:\/\/amec.es\/wp-content\/uploads\/2023\/07\/logoamec.png","width":200,"height":48,"caption":"amec Positive Industry"},"image":{"@id":"https:\/\/amec.es\/#\/schema\/logo\/image\/"}},{"@type":"Person","@id":"https:\/\/amec.es\/#\/schema\/person\/377e1e145733915506a55297ad2fc830","name":"webmaster","image":{"@type":"ImageObject","inLanguage":"ca","@id":"https:\/\/secure.gravatar.com\/avatar\/1122ff7c82efe2079ddb19cd256fc39ab150caee9b258eeae8928e7f703c39f3?s=96&d=mm&r=g","url":"https:\/\/secure.gravatar.com\/avatar\/1122ff7c82efe2079ddb19cd256fc39ab150caee9b258eeae8928e7f703c39f3?s=96&d=mm&r=g","contentUrl":"https:\/\/secure.gravatar.com\/avatar\/1122ff7c82efe2079ddb19cd256fc39ab150caee9b258eeae8928e7f703c39f3?s=96&d=mm&r=g","caption":"webmaster"}}]}},"_links":{"self":[{"href":"https:\/\/amec.es\/ca\/wp-json\/wp\/v2\/posts\/6379","targetHints":{"allow":["GET"]}}],"collection":[{"href":"https:\/\/amec.es\/ca\/wp-json\/wp\/v2\/posts"}],"about":[{"href":"https:\/\/amec.es\/ca\/wp-json\/wp\/v2\/types\/post"}],"author":[{"embeddable":true,"href":"https:\/\/amec.es\/ca\/wp-json\/wp\/v2\/users\/1"}],"replies":[{"embeddable":true,"href":"https:\/\/amec.es\/ca\/wp-json\/wp\/v2\/comments?post=6379"}],"version-history":[{"count":0,"href":"https:\/\/amec.es\/ca\/wp-json\/wp\/v2\/posts\/6379\/revisions"}],"wp:featuredmedia":[{"embeddable":true,"href":"https:\/\/amec.es\/ca\/wp-json\/"}],"wp:attachment":[{"href":"https:\/\/amec.es\/ca\/wp-json\/wp\/v2\/media?parent=6379"}],"wp:term":[{"taxonomy":"category","embeddable":true,"href":"https:\/\/amec.es\/ca\/wp-json\/wp\/v2\/categories?post=6379"},{"taxonomy":"post_tag","embeddable":true,"href":"https:\/\/amec.es\/ca\/wp-json\/wp\/v2\/tags?post=6379"}],"curies":[{"name":"wp","href":"https:\/\/api.w.org\/{rel}","templated":true}]}}