{"id":6389,"date":"2021-03-04T06:46:48","date_gmt":"2021-03-04T06:46:48","guid":{"rendered":"https:\/\/wecreatedesign.co\/dev\/WP\/amec\/?p=4347"},"modified":"2021-03-04T06:46:48","modified_gmt":"2021-03-04T06:46:48","slug":"amec-realitza-assessorament-individualitzat-i-recerca-dinversio-per-a-promoure-la-innovacio-en-la-nostra-industria","status":"publish","type":"post","link":"https:\/\/amec.es\/ca\/croniques\/amec-realitza-assessorament-individualitzat-i-recerca-dinversio-per-a-promoure-la-innovacio-en-la-nostra-industria\/","title":{"rendered":"amec realitza assessorament individualitzat i recerca d&#8217;inversi\u00f3 per a promoure la innovaci\u00f3 en la nostra ind\u00fastria"},"content":{"rendered":"<p><em><strong>amec<\/strong><\/em>\u00a0promou la innovaci\u00f3 i transformaci\u00f3 de les empreses industrials com a factor clau de la nova competitivitat industrial. \u00c9s per aix\u00f2 que est\u00e0 facilitant que les empreses puguin\u00a0<strong>materialitzar nous projectes d&#8217;innovaci\u00f3 i d&#8217;Ind\u00fastria 4.0<\/strong>. Aquest impuls es porta a terme en col\u00b7laboraci\u00f3 amb el centre tecnol\u00f2gic Eurecat. Les dues organitzacions s&#8217;encarreguen no nom\u00e9s d&#8217;estudiar la viabilitat t\u00e8cnica dels projectes, sin\u00f3 tamb\u00e9 de veure com pagar-amb finan\u00e7ament p\u00fablic.<\/p>\n<p>Amb aquest objectiu s&#8217;est\u00e0 treballant intensament i bra\u00e7 a bra\u00e7 amb les empreses. Gaireb\u00e9 una trentena d&#8217;empreses industrials de la nostra comunitat han participat en una trobada en qu\u00e8 amec i Eurecat han donat a con\u00e8ixer totes les aplicacions possibles i m\u00e9s profitoses de la Ind\u00fastria 4.0 per a les nostres empreses industrials amb exemples pr\u00e0ctics, i en l&#8217;exposici\u00f3 tamb\u00e9 ha contribu\u00eft l&#8217;empresa membre d&#8217;<em><strong>amec<\/strong><\/em>\u00a0JUMBERCA-Canmartex, que ha explicat la seva experi\u00e8ncia. Els temes clau han estat les aplicacions d&#8217;intel\u00b7lig\u00e8ncia artificial, la impressi\u00f3 3D, la import\u00e0ncia d&#8217;instal\u00b7lar sensors en les m\u00e0quines i tota la informaci\u00f3 que extreuen, la seva gran utilitat &#8230;<\/p>\n<p>L&#8217;\u00e0mplia assist\u00e8ncia en aquesta sessi\u00f3 ha estat una mostra de el gran inter\u00e8s que la ind\u00fastria t\u00e9 per la seva transformaci\u00f3. Durant l&#8217;acte, responsables d&#8217;amec van concretar les ajudes i subvencions a les que poden optar les empreses industrials per materialitzar els seus projectes.<\/p>\n<p>Posteriorment, moltes de les empreses presents en aquesta sessi\u00f3 s&#8217;han inscrit a les trobades d&#8217;assessorament individualitzat que amec ha organitzat amb personal propi i t\u00e8cnics i especialistes de Eurecat. En aquestes sessions, les empreses estan plantejant els seus plans d&#8217;innovaci\u00f3 i reben assessorament personalitzat sobre com poden adoptar la Ind\u00fastria 4.0 per millorar els seus processos, la seva capacitat, disminuir els temps, prevenir problemes i respondre millor a les necessitats dels clients. Els t\u00e8cnics d&#8217;amec i de Eurecat estan analitzant cas per cas, assessorant sobre com es pot dur a terme el projecte i com finan\u00e7ar-lo. A causa de el gran nombre d&#8217;empreses interessades, aquestes sessions es repetri\u00e1n en propers dies (m\u00e9s informaci\u00f3 sobre com participar aqu\u00ed).<\/p>\n<p>Impulsar els nous factors clau de competitivitat a les empreses \u00e9s la missi\u00f3 de amec, que ja va anticipar fa pr\u00e0cticament dos anys els canvis que estaven per venir i que la pand\u00e8mia ha accelerat. Amb accions com el foment actiu de la innovaci\u00f3 treballa intensament en una proposta d&#8217;alt valor per a tota la nostra comunitat.<\/p>\n","protected":false},"excerpt":{"rendered":"<p>amec\u00a0promou la innovaci\u00f3 i transformaci\u00f3 de les empreses industrials com a factor clau de la nova competitivitat industrial. \u00c9s per aix\u00f2 que est\u00e0 facilitant que les empreses puguin\u00a0materialitzar nous projectes d&#8217;innovaci\u00f3 i d&#8217;Ind\u00fastria 4.0. Aquest impuls es porta a terme en col\u00b7laboraci\u00f3 amb el centre tecnol\u00f2gic Eurecat. Les dues organitzacions s&#8217;encarreguen no nom\u00e9s d&#8217;estudiar la [&hellip;]<\/p>\n","protected":false},"author":1,"featured_media":4349,"comment_status":"open","ping_status":"open","sticky":false,"template":"","format":"standard","meta":{"inline_featured_image":false,"footnotes":""},"categories":[30],"tags":[],"class_list":["post-6389","post","type-post","status-publish","format-standard","has-post-thumbnail","hentry","category-croniques"],"yoast_head":"<!-- This site is optimized with the Yoast SEO plugin v27.3 - https:\/\/yoast.com\/product\/yoast-seo-wordpress\/ -->\n<title>amec realitza assessorament individualitzat i recerca d&#039;inversi\u00f3 per a promoure la innovaci\u00f3 en la nostra ind\u00fastria | amec Positive Industry<\/title>\n<meta name=\"robots\" content=\"index, follow, max-snippet:-1, max-image-preview:large, max-video-preview:-1\" \/>\n<link rel=\"canonical\" href=\"https:\/\/amec.es\/ca\/croniques\/amec-realitza-assessorament-individualitzat-i-recerca-dinversio-per-a-promoure-la-innovacio-en-la-nostra-industria\/\" \/>\n<meta property=\"og:locale\" content=\"ca_ES\" \/>\n<meta property=\"og:type\" content=\"article\" \/>\n<meta property=\"og:title\" content=\"amec realitza assessorament individualitzat i recerca d&#039;inversi\u00f3 per a promoure la innovaci\u00f3 en la nostra ind\u00fastria | amec Positive Industry\" \/>\n<meta property=\"og:description\" content=\"amec\u00a0promou la innovaci\u00f3 i transformaci\u00f3 de les empreses industrials com a factor clau de la nova competitivitat industrial. \u00c9s per aix\u00f2 que est\u00e0 facilitant que les empreses puguin\u00a0materialitzar nous projectes d&#8217;innovaci\u00f3 i d&#8217;Ind\u00fastria 4.0. Aquest impuls es porta a terme en col\u00b7laboraci\u00f3 amb el centre tecnol\u00f2gic Eurecat. Les dues organitzacions s&#8217;encarreguen no nom\u00e9s d&#8217;estudiar la [&hellip;]\" \/>\n<meta property=\"og:url\" content=\"https:\/\/amec.es\/ca\/croniques\/amec-realitza-assessorament-individualitzat-i-recerca-dinversio-per-a-promoure-la-innovacio-en-la-nostra-industria\/\" \/>\n<meta property=\"og:site_name\" content=\"amec Positive Industry\" \/>\n<meta property=\"article:published_time\" content=\"2021-03-04T06:46:48+00:00\" \/>\n<meta property=\"og:image\" content=\"https:\/\/amec.es\/wp-content\/uploads\/2023\/08\/internacionalizatuevento-2.jpg\" \/>\n\t<meta property=\"og:image:width\" content=\"1920\" \/>\n\t<meta property=\"og:image:height\" content=\"284\" \/>\n\t<meta property=\"og:image:type\" content=\"image\/jpeg\" \/>\n<meta name=\"author\" content=\"webmaster\" \/>\n<meta name=\"twitter:card\" content=\"summary_large_image\" \/>\n<meta name=\"twitter:label1\" content=\"Escrit per\" \/>\n\t<meta name=\"twitter:data1\" content=\"webmaster\" \/>\n\t<meta name=\"twitter:label2\" content=\"Temps estimat de lectura\" \/>\n\t<meta name=\"twitter:data2\" content=\"2 minuts\" \/>\n<script type=\"application\/ld+json\" class=\"yoast-schema-graph\">{\"@context\":\"https:\\\/\\\/schema.org\",\"@graph\":[{\"@type\":\"Article\",\"@id\":\"https:\\\/\\\/amec.es\\\/ca\\\/croniques\\\/amec-realitza-assessorament-individualitzat-i-recerca-dinversio-per-a-promoure-la-innovacio-en-la-nostra-industria\\\/#article\",\"isPartOf\":{\"@id\":\"https:\\\/\\\/amec.es\\\/ca\\\/croniques\\\/amec-realitza-assessorament-individualitzat-i-recerca-dinversio-per-a-promoure-la-innovacio-en-la-nostra-industria\\\/\"},\"author\":{\"name\":\"webmaster\",\"@id\":\"https:\\\/\\\/amec.es\\\/#\\\/schema\\\/person\\\/377e1e145733915506a55297ad2fc830\"},\"headline\":\"amec realitza assessorament individualitzat i recerca d&#8217;inversi\u00f3 per a promoure la innovaci\u00f3 en la nostra ind\u00fastria\",\"datePublished\":\"2021-03-04T06:46:48+00:00\",\"mainEntityOfPage\":{\"@id\":\"https:\\\/\\\/amec.es\\\/ca\\\/croniques\\\/amec-realitza-assessorament-individualitzat-i-recerca-dinversio-per-a-promoure-la-innovacio-en-la-nostra-industria\\\/\"},\"wordCount\":452,\"commentCount\":0,\"publisher\":{\"@id\":\"https:\\\/\\\/amec.es\\\/#organization\"},\"image\":{\"@id\":\"https:\\\/\\\/amec.es\\\/ca\\\/croniques\\\/amec-realitza-assessorament-individualitzat-i-recerca-dinversio-per-a-promoure-la-innovacio-en-la-nostra-industria\\\/#primaryimage\"},\"thumbnailUrl\":\"https:\\\/\\\/amec.es\\\/wp-content\\\/uploads\\\/2023\\\/08\\\/internacionalizatuevento-2.jpg\",\"articleSection\":[\"Cr\u00f2niques\"],\"inLanguage\":\"ca\",\"potentialAction\":[{\"@type\":\"CommentAction\",\"name\":\"Comment\",\"target\":[\"https:\\\/\\\/amec.es\\\/ca\\\/croniques\\\/amec-realitza-assessorament-individualitzat-i-recerca-dinversio-per-a-promoure-la-innovacio-en-la-nostra-industria\\\/#respond\"]}]},{\"@type\":\"WebPage\",\"@id\":\"https:\\\/\\\/amec.es\\\/ca\\\/croniques\\\/amec-realitza-assessorament-individualitzat-i-recerca-dinversio-per-a-promoure-la-innovacio-en-la-nostra-industria\\\/\",\"url\":\"https:\\\/\\\/amec.es\\\/ca\\\/croniques\\\/amec-realitza-assessorament-individualitzat-i-recerca-dinversio-per-a-promoure-la-innovacio-en-la-nostra-industria\\\/\",\"name\":\"amec realitza assessorament individualitzat i recerca d'inversi\u00f3 per a promoure la innovaci\u00f3 en la nostra ind\u00fastria | amec Positive Industry\",\"isPartOf\":{\"@id\":\"https:\\\/\\\/amec.es\\\/#website\"},\"primaryImageOfPage\":{\"@id\":\"https:\\\/\\\/amec.es\\\/ca\\\/croniques\\\/amec-realitza-assessorament-individualitzat-i-recerca-dinversio-per-a-promoure-la-innovacio-en-la-nostra-industria\\\/#primaryimage\"},\"image\":{\"@id\":\"https:\\\/\\\/amec.es\\\/ca\\\/croniques\\\/amec-realitza-assessorament-individualitzat-i-recerca-dinversio-per-a-promoure-la-innovacio-en-la-nostra-industria\\\/#primaryimage\"},\"thumbnailUrl\":\"https:\\\/\\\/amec.es\\\/wp-content\\\/uploads\\\/2023\\\/08\\\/internacionalizatuevento-2.jpg\",\"datePublished\":\"2021-03-04T06:46:48+00:00\",\"breadcrumb\":{\"@id\":\"https:\\\/\\\/amec.es\\\/ca\\\/croniques\\\/amec-realitza-assessorament-individualitzat-i-recerca-dinversio-per-a-promoure-la-innovacio-en-la-nostra-industria\\\/#breadcrumb\"},\"inLanguage\":\"ca\",\"potentialAction\":[{\"@type\":\"ReadAction\",\"target\":[\"https:\\\/\\\/amec.es\\\/ca\\\/croniques\\\/amec-realitza-assessorament-individualitzat-i-recerca-dinversio-per-a-promoure-la-innovacio-en-la-nostra-industria\\\/\"]}]},{\"@type\":\"ImageObject\",\"inLanguage\":\"ca\",\"@id\":\"https:\\\/\\\/amec.es\\\/ca\\\/croniques\\\/amec-realitza-assessorament-individualitzat-i-recerca-dinversio-per-a-promoure-la-innovacio-en-la-nostra-industria\\\/#primaryimage\",\"url\":\"https:\\\/\\\/amec.es\\\/wp-content\\\/uploads\\\/2023\\\/08\\\/internacionalizatuevento-2.jpg\",\"contentUrl\":\"https:\\\/\\\/amec.es\\\/wp-content\\\/uploads\\\/2023\\\/08\\\/internacionalizatuevento-2.jpg\",\"width\":1920,\"height\":284},{\"@type\":\"BreadcrumbList\",\"@id\":\"https:\\\/\\\/amec.es\\\/ca\\\/croniques\\\/amec-realitza-assessorament-individualitzat-i-recerca-dinversio-per-a-promoure-la-innovacio-en-la-nostra-industria\\\/#breadcrumb\",\"itemListElement\":[{\"@type\":\"ListItem\",\"position\":1,\"name\":\"Portada\",\"item\":\"https:\\\/\\\/amec.es\\\/ca\\\/home-new\\\/\"},{\"@type\":\"ListItem\",\"position\":2,\"name\":\"amec realitza assessorament individualitzat i recerca d&#8217;inversi\u00f3 per a promoure la innovaci\u00f3 en la nostra ind\u00fastria\"}]},{\"@type\":\"WebSite\",\"@id\":\"https:\\\/\\\/amec.es\\\/#website\",\"url\":\"https:\\\/\\\/amec.es\\\/\",\"name\":\"amec Positive Industry\",\"description\":\"\",\"publisher\":{\"@id\":\"https:\\\/\\\/amec.es\\\/#organization\"},\"potentialAction\":[{\"@type\":\"SearchAction\",\"target\":{\"@type\":\"EntryPoint\",\"urlTemplate\":\"https:\\\/\\\/amec.es\\\/?s={search_term_string}\"},\"query-input\":{\"@type\":\"PropertyValueSpecification\",\"valueRequired\":true,\"valueName\":\"search_term_string\"}}],\"inLanguage\":\"ca\"},{\"@type\":\"Organization\",\"@id\":\"https:\\\/\\\/amec.es\\\/#organization\",\"name\":\"amec Positive Industry\",\"url\":\"https:\\\/\\\/amec.es\\\/\",\"logo\":{\"@type\":\"ImageObject\",\"inLanguage\":\"ca\",\"@id\":\"https:\\\/\\\/amec.es\\\/#\\\/schema\\\/logo\\\/image\\\/\",\"url\":\"https:\\\/\\\/amec.es\\\/wp-content\\\/uploads\\\/2023\\\/07\\\/logoamec.png\",\"contentUrl\":\"https:\\\/\\\/amec.es\\\/wp-content\\\/uploads\\\/2023\\\/07\\\/logoamec.png\",\"width\":200,\"height\":48,\"caption\":\"amec Positive Industry\"},\"image\":{\"@id\":\"https:\\\/\\\/amec.es\\\/#\\\/schema\\\/logo\\\/image\\\/\"}},{\"@type\":\"Person\",\"@id\":\"https:\\\/\\\/amec.es\\\/#\\\/schema\\\/person\\\/377e1e145733915506a55297ad2fc830\",\"name\":\"webmaster\",\"image\":{\"@type\":\"ImageObject\",\"inLanguage\":\"ca\",\"@id\":\"https:\\\/\\\/secure.gravatar.com\\\/avatar\\\/1122ff7c82efe2079ddb19cd256fc39ab150caee9b258eeae8928e7f703c39f3?s=96&d=mm&r=g\",\"url\":\"https:\\\/\\\/secure.gravatar.com\\\/avatar\\\/1122ff7c82efe2079ddb19cd256fc39ab150caee9b258eeae8928e7f703c39f3?s=96&d=mm&r=g\",\"contentUrl\":\"https:\\\/\\\/secure.gravatar.com\\\/avatar\\\/1122ff7c82efe2079ddb19cd256fc39ab150caee9b258eeae8928e7f703c39f3?s=96&d=mm&r=g\",\"caption\":\"webmaster\"}}]}<\/script>\n<!-- \/ Yoast SEO plugin. -->","yoast_head_json":{"title":"amec realitza assessorament individualitzat i recerca d'inversi\u00f3 per a promoure la innovaci\u00f3 en la nostra ind\u00fastria | amec Positive Industry","robots":{"index":"index","follow":"follow","max-snippet":"max-snippet:-1","max-image-preview":"max-image-preview:large","max-video-preview":"max-video-preview:-1"},"canonical":"https:\/\/amec.es\/ca\/croniques\/amec-realitza-assessorament-individualitzat-i-recerca-dinversio-per-a-promoure-la-innovacio-en-la-nostra-industria\/","og_locale":"ca_ES","og_type":"article","og_title":"amec realitza assessorament individualitzat i recerca d'inversi\u00f3 per a promoure la innovaci\u00f3 en la nostra ind\u00fastria | amec Positive Industry","og_description":"amec\u00a0promou la innovaci\u00f3 i transformaci\u00f3 de les empreses industrials com a factor clau de la nova competitivitat industrial. \u00c9s per aix\u00f2 que est\u00e0 facilitant que les empreses puguin\u00a0materialitzar nous projectes d&#8217;innovaci\u00f3 i d&#8217;Ind\u00fastria 4.0. Aquest impuls es porta a terme en col\u00b7laboraci\u00f3 amb el centre tecnol\u00f2gic Eurecat. Les dues organitzacions s&#8217;encarreguen no nom\u00e9s d&#8217;estudiar la [&hellip;]","og_url":"https:\/\/amec.es\/ca\/croniques\/amec-realitza-assessorament-individualitzat-i-recerca-dinversio-per-a-promoure-la-innovacio-en-la-nostra-industria\/","og_site_name":"amec Positive Industry","article_published_time":"2021-03-04T06:46:48+00:00","og_image":[{"width":1920,"height":284,"url":"https:\/\/amec.es\/wp-content\/uploads\/2023\/08\/internacionalizatuevento-2.jpg","type":"image\/jpeg"}],"author":"webmaster","twitter_card":"summary_large_image","twitter_misc":{"Escrit per":"webmaster","Temps estimat de lectura":"2 minuts"},"schema":{"@context":"https:\/\/schema.org","@graph":[{"@type":"Article","@id":"https:\/\/amec.es\/ca\/croniques\/amec-realitza-assessorament-individualitzat-i-recerca-dinversio-per-a-promoure-la-innovacio-en-la-nostra-industria\/#article","isPartOf":{"@id":"https:\/\/amec.es\/ca\/croniques\/amec-realitza-assessorament-individualitzat-i-recerca-dinversio-per-a-promoure-la-innovacio-en-la-nostra-industria\/"},"author":{"name":"webmaster","@id":"https:\/\/amec.es\/#\/schema\/person\/377e1e145733915506a55297ad2fc830"},"headline":"amec realitza assessorament individualitzat i recerca d&#8217;inversi\u00f3 per a promoure la innovaci\u00f3 en la nostra ind\u00fastria","datePublished":"2021-03-04T06:46:48+00:00","mainEntityOfPage":{"@id":"https:\/\/amec.es\/ca\/croniques\/amec-realitza-assessorament-individualitzat-i-recerca-dinversio-per-a-promoure-la-innovacio-en-la-nostra-industria\/"},"wordCount":452,"commentCount":0,"publisher":{"@id":"https:\/\/amec.es\/#organization"},"image":{"@id":"https:\/\/amec.es\/ca\/croniques\/amec-realitza-assessorament-individualitzat-i-recerca-dinversio-per-a-promoure-la-innovacio-en-la-nostra-industria\/#primaryimage"},"thumbnailUrl":"https:\/\/amec.es\/wp-content\/uploads\/2023\/08\/internacionalizatuevento-2.jpg","articleSection":["Cr\u00f2niques"],"inLanguage":"ca","potentialAction":[{"@type":"CommentAction","name":"Comment","target":["https:\/\/amec.es\/ca\/croniques\/amec-realitza-assessorament-individualitzat-i-recerca-dinversio-per-a-promoure-la-innovacio-en-la-nostra-industria\/#respond"]}]},{"@type":"WebPage","@id":"https:\/\/amec.es\/ca\/croniques\/amec-realitza-assessorament-individualitzat-i-recerca-dinversio-per-a-promoure-la-innovacio-en-la-nostra-industria\/","url":"https:\/\/amec.es\/ca\/croniques\/amec-realitza-assessorament-individualitzat-i-recerca-dinversio-per-a-promoure-la-innovacio-en-la-nostra-industria\/","name":"amec realitza assessorament individualitzat i recerca d'inversi\u00f3 per a promoure la innovaci\u00f3 en la nostra ind\u00fastria | amec Positive Industry","isPartOf":{"@id":"https:\/\/amec.es\/#website"},"primaryImageOfPage":{"@id":"https:\/\/amec.es\/ca\/croniques\/amec-realitza-assessorament-individualitzat-i-recerca-dinversio-per-a-promoure-la-innovacio-en-la-nostra-industria\/#primaryimage"},"image":{"@id":"https:\/\/amec.es\/ca\/croniques\/amec-realitza-assessorament-individualitzat-i-recerca-dinversio-per-a-promoure-la-innovacio-en-la-nostra-industria\/#primaryimage"},"thumbnailUrl":"https:\/\/amec.es\/wp-content\/uploads\/2023\/08\/internacionalizatuevento-2.jpg","datePublished":"2021-03-04T06:46:48+00:00","breadcrumb":{"@id":"https:\/\/amec.es\/ca\/croniques\/amec-realitza-assessorament-individualitzat-i-recerca-dinversio-per-a-promoure-la-innovacio-en-la-nostra-industria\/#breadcrumb"},"inLanguage":"ca","potentialAction":[{"@type":"ReadAction","target":["https:\/\/amec.es\/ca\/croniques\/amec-realitza-assessorament-individualitzat-i-recerca-dinversio-per-a-promoure-la-innovacio-en-la-nostra-industria\/"]}]},{"@type":"ImageObject","inLanguage":"ca","@id":"https:\/\/amec.es\/ca\/croniques\/amec-realitza-assessorament-individualitzat-i-recerca-dinversio-per-a-promoure-la-innovacio-en-la-nostra-industria\/#primaryimage","url":"https:\/\/amec.es\/wp-content\/uploads\/2023\/08\/internacionalizatuevento-2.jpg","contentUrl":"https:\/\/amec.es\/wp-content\/uploads\/2023\/08\/internacionalizatuevento-2.jpg","width":1920,"height":284},{"@type":"BreadcrumbList","@id":"https:\/\/amec.es\/ca\/croniques\/amec-realitza-assessorament-individualitzat-i-recerca-dinversio-per-a-promoure-la-innovacio-en-la-nostra-industria\/#breadcrumb","itemListElement":[{"@type":"ListItem","position":1,"name":"Portada","item":"https:\/\/amec.es\/ca\/home-new\/"},{"@type":"ListItem","position":2,"name":"amec realitza assessorament individualitzat i recerca d&#8217;inversi\u00f3 per a promoure la innovaci\u00f3 en la nostra ind\u00fastria"}]},{"@type":"WebSite","@id":"https:\/\/amec.es\/#website","url":"https:\/\/amec.es\/","name":"amec Positive Industry","description":"","publisher":{"@id":"https:\/\/amec.es\/#organization"},"potentialAction":[{"@type":"SearchAction","target":{"@type":"EntryPoint","urlTemplate":"https:\/\/amec.es\/?s={search_term_string}"},"query-input":{"@type":"PropertyValueSpecification","valueRequired":true,"valueName":"search_term_string"}}],"inLanguage":"ca"},{"@type":"Organization","@id":"https:\/\/amec.es\/#organization","name":"amec Positive Industry","url":"https:\/\/amec.es\/","logo":{"@type":"ImageObject","inLanguage":"ca","@id":"https:\/\/amec.es\/#\/schema\/logo\/image\/","url":"https:\/\/amec.es\/wp-content\/uploads\/2023\/07\/logoamec.png","contentUrl":"https:\/\/amec.es\/wp-content\/uploads\/2023\/07\/logoamec.png","width":200,"height":48,"caption":"amec Positive Industry"},"image":{"@id":"https:\/\/amec.es\/#\/schema\/logo\/image\/"}},{"@type":"Person","@id":"https:\/\/amec.es\/#\/schema\/person\/377e1e145733915506a55297ad2fc830","name":"webmaster","image":{"@type":"ImageObject","inLanguage":"ca","@id":"https:\/\/secure.gravatar.com\/avatar\/1122ff7c82efe2079ddb19cd256fc39ab150caee9b258eeae8928e7f703c39f3?s=96&d=mm&r=g","url":"https:\/\/secure.gravatar.com\/avatar\/1122ff7c82efe2079ddb19cd256fc39ab150caee9b258eeae8928e7f703c39f3?s=96&d=mm&r=g","contentUrl":"https:\/\/secure.gravatar.com\/avatar\/1122ff7c82efe2079ddb19cd256fc39ab150caee9b258eeae8928e7f703c39f3?s=96&d=mm&r=g","caption":"webmaster"}}]}},"_links":{"self":[{"href":"https:\/\/amec.es\/ca\/wp-json\/wp\/v2\/posts\/6389","targetHints":{"allow":["GET"]}}],"collection":[{"href":"https:\/\/amec.es\/ca\/wp-json\/wp\/v2\/posts"}],"about":[{"href":"https:\/\/amec.es\/ca\/wp-json\/wp\/v2\/types\/post"}],"author":[{"embeddable":true,"href":"https:\/\/amec.es\/ca\/wp-json\/wp\/v2\/users\/1"}],"replies":[{"embeddable":true,"href":"https:\/\/amec.es\/ca\/wp-json\/wp\/v2\/comments?post=6389"}],"version-history":[{"count":0,"href":"https:\/\/amec.es\/ca\/wp-json\/wp\/v2\/posts\/6389\/revisions"}],"wp:featuredmedia":[{"embeddable":true,"href":"https:\/\/amec.es\/ca\/wp-json\/wp\/v2\/media\/4349"}],"wp:attachment":[{"href":"https:\/\/amec.es\/ca\/wp-json\/wp\/v2\/media?parent=6389"}],"wp:term":[{"taxonomy":"category","embeddable":true,"href":"https:\/\/amec.es\/ca\/wp-json\/wp\/v2\/categories?post=6389"},{"taxonomy":"post_tag","embeddable":true,"href":"https:\/\/amec.es\/ca\/wp-json\/wp\/v2\/tags?post=6389"}],"curies":[{"name":"wp","href":"https:\/\/api.w.org\/{rel}","templated":true}]}}