{"id":6390,"date":"2021-03-08T06:50:31","date_gmt":"2021-03-08T06:50:31","guid":{"rendered":"https:\/\/wecreatedesign.co\/dev\/WP\/amec\/?p=4351"},"modified":"2021-03-08T06:50:31","modified_gmt":"2021-03-08T06:50:31","slug":"anton-goma-es-elegit-nou-president-de-la-comissio-de-financament-damec","status":"publish","type":"post","link":"https:\/\/amec.es\/ca\/croniques\/anton-goma-es-elegit-nou-president-de-la-comissio-de-financament-damec\/","title":{"rendered":"Anton Gom\u00e0 \u00e9s elegit nou president de la Comissi\u00f3 de Finan\u00e7ament d&#8217;amec"},"content":{"rendered":"<p>Anton Gom\u00e0, director financer de l&#8217;empresa Ros Roca, ha estat nomenat nou president de la Comissi\u00f3 de Finan\u00e7ament de amec, c\u00e0rrec que ostentar\u00e0 durant els propers 4 anys. El nou president pren el relleu de Ramon Sari\u00f3, director general de l&#8217;empresa Beralmar Teconologic, que ha desenvolupat el c\u00e0rrec durant els \u00faltims vuit anys, ia qui tots els membres de la Comissi\u00f3 han agra\u00eft la seva gran dedicaci\u00f3 i entrega.<\/p>\n<p>La Comissi\u00f3 de Finan\u00e7ament aprovar el relleu en la seva \u00faltima reuni\u00f3, celebrada a principis de mar\u00e7. Gom\u00e0 ser\u00e0 ara proposat com a membre de la Junta Directiva en la pr\u00f2xima assemblea de amec.<\/p>\n<p>La trobada de la Comissi\u00f3 de Finan\u00e7ament va servir a m\u00e9s per posar en com\u00fa els temes que m\u00e9s preocupen a les empreses en aquests moments: els retards en la posada en marxa de projectes a l&#8217;exterior per les restriccions de la mobilitat, els increments de costos de les mat\u00e8ries primeres i les concentracions banc\u00e0ries que suposaran una menor compet\u00e8ncia i, per tant, majors costos, entre altres temes.<\/p>\n<p>La sessi\u00f3 va comptar amb la pres\u00e8ncia de la cap d&#8217;Unitat de Pimes, Paula de les Cases, aix\u00ed com d&#8217;Elena Domeque, analista de la mateixa Unitat del compte de l&#8217;Estat de CESCE, que ens van oferir informaci\u00f3 de primera m\u00e0 de la L\u00ednia COVID de CESCE, que ha tingut molt d&#8217;\u00e8xit entre les empreses exportadores. Aix\u00ed mateix, es va acordar fer-los arribar des amec un document amb propostes de millora perqu\u00e8 la relaci\u00f3 de CESCE i els exportadors pugui ser m\u00e9s efectiva.<\/p>\n","protected":false},"excerpt":{"rendered":"<p>Anton Gom\u00e0, director financer de l&#8217;empresa Ros Roca, ha estat nomenat nou president de la Comissi\u00f3 de Finan\u00e7ament de amec, c\u00e0rrec que ostentar\u00e0 durant els propers 4 anys. El nou president pren el relleu de Ramon Sari\u00f3, director general de l&#8217;empresa Beralmar Teconologic, que ha desenvolupat el c\u00e0rrec durant els \u00faltims vuit anys, ia qui [&hellip;]<\/p>\n","protected":false},"author":1,"featured_media":4352,"comment_status":"open","ping_status":"open","sticky":false,"template":"","format":"standard","meta":{"inline_featured_image":false,"footnotes":""},"categories":[30],"tags":[],"class_list":["post-6390","post","type-post","status-publish","format-standard","has-post-thumbnail","hentry","category-croniques"],"yoast_head":"<!-- This site is optimized with the Yoast SEO plugin v27.3 - https:\/\/yoast.com\/product\/yoast-seo-wordpress\/ -->\n<title>Anton Gom\u00e0 \u00e9s elegit nou president de la Comissi\u00f3 de Finan\u00e7ament d&#039;amec | amec Positive Industry<\/title>\n<meta name=\"robots\" content=\"index, follow, max-snippet:-1, max-image-preview:large, max-video-preview:-1\" \/>\n<link rel=\"canonical\" href=\"https:\/\/amec.es\/ca\/croniques\/anton-goma-es-elegit-nou-president-de-la-comissio-de-financament-damec\/\" \/>\n<meta property=\"og:locale\" content=\"ca_ES\" \/>\n<meta property=\"og:type\" content=\"article\" \/>\n<meta property=\"og:title\" content=\"Anton Gom\u00e0 \u00e9s elegit nou president de la Comissi\u00f3 de Finan\u00e7ament d&#039;amec | amec Positive Industry\" \/>\n<meta property=\"og:description\" content=\"Anton Gom\u00e0, director financer de l&#8217;empresa Ros Roca, ha estat nomenat nou president de la Comissi\u00f3 de Finan\u00e7ament de amec, c\u00e0rrec que ostentar\u00e0 durant els propers 4 anys. El nou president pren el relleu de Ramon Sari\u00f3, director general de l&#8217;empresa Beralmar Teconologic, que ha desenvolupat el c\u00e0rrec durant els \u00faltims vuit anys, ia qui [&hellip;]\" \/>\n<meta property=\"og:url\" content=\"https:\/\/amec.es\/ca\/croniques\/anton-goma-es-elegit-nou-president-de-la-comissio-de-financament-damec\/\" \/>\n<meta property=\"og:site_name\" content=\"amec Positive Industry\" \/>\n<meta property=\"article:published_time\" content=\"2021-03-08T06:50:31+00:00\" \/>\n<meta property=\"og:image\" content=\"https:\/\/amec.es\/wp-content\/uploads\/2024\/02\/Logo_AMEC.png\" \/>\n\t<meta property=\"og:image:width\" content=\"1827\" \/>\n\t<meta property=\"og:image:height\" content=\"438\" \/>\n\t<meta property=\"og:image:type\" content=\"image\/png\" \/>\n<meta name=\"author\" content=\"webmaster\" \/>\n<meta name=\"twitter:card\" content=\"summary_large_image\" \/>\n<meta name=\"twitter:label1\" content=\"Escrit per\" \/>\n\t<meta name=\"twitter:data1\" content=\"webmaster\" \/>\n\t<meta name=\"twitter:label2\" content=\"Temps estimat de lectura\" \/>\n\t<meta name=\"twitter:data2\" content=\"1 minut\" \/>\n<script type=\"application\/ld+json\" class=\"yoast-schema-graph\">{\"@context\":\"https:\\\/\\\/schema.org\",\"@graph\":[{\"@type\":\"Article\",\"@id\":\"https:\\\/\\\/amec.es\\\/ca\\\/croniques\\\/anton-goma-es-elegit-nou-president-de-la-comissio-de-financament-damec\\\/#article\",\"isPartOf\":{\"@id\":\"https:\\\/\\\/amec.es\\\/ca\\\/croniques\\\/anton-goma-es-elegit-nou-president-de-la-comissio-de-financament-damec\\\/\"},\"author\":{\"name\":\"webmaster\",\"@id\":\"https:\\\/\\\/amec.es\\\/#\\\/schema\\\/person\\\/377e1e145733915506a55297ad2fc830\"},\"headline\":\"Anton Gom\u00e0 \u00e9s elegit nou president de la Comissi\u00f3 de Finan\u00e7ament d&#8217;amec\",\"datePublished\":\"2021-03-08T06:50:31+00:00\",\"mainEntityOfPage\":{\"@id\":\"https:\\\/\\\/amec.es\\\/ca\\\/croniques\\\/anton-goma-es-elegit-nou-president-de-la-comissio-de-financament-damec\\\/\"},\"wordCount\":288,\"commentCount\":0,\"publisher\":{\"@id\":\"https:\\\/\\\/amec.es\\\/#organization\"},\"image\":{\"@id\":\"https:\\\/\\\/amec.es\\\/ca\\\/croniques\\\/anton-goma-es-elegit-nou-president-de-la-comissio-de-financament-damec\\\/#primaryimage\"},\"thumbnailUrl\":\"\",\"articleSection\":[\"Cr\u00f2niques\"],\"inLanguage\":\"ca\",\"potentialAction\":[{\"@type\":\"CommentAction\",\"name\":\"Comment\",\"target\":[\"https:\\\/\\\/amec.es\\\/ca\\\/croniques\\\/anton-goma-es-elegit-nou-president-de-la-comissio-de-financament-damec\\\/#respond\"]}]},{\"@type\":\"WebPage\",\"@id\":\"https:\\\/\\\/amec.es\\\/ca\\\/croniques\\\/anton-goma-es-elegit-nou-president-de-la-comissio-de-financament-damec\\\/\",\"url\":\"https:\\\/\\\/amec.es\\\/ca\\\/croniques\\\/anton-goma-es-elegit-nou-president-de-la-comissio-de-financament-damec\\\/\",\"name\":\"Anton Gom\u00e0 \u00e9s elegit nou president de la Comissi\u00f3 de Finan\u00e7ament d'amec | amec Positive Industry\",\"isPartOf\":{\"@id\":\"https:\\\/\\\/amec.es\\\/#website\"},\"primaryImageOfPage\":{\"@id\":\"https:\\\/\\\/amec.es\\\/ca\\\/croniques\\\/anton-goma-es-elegit-nou-president-de-la-comissio-de-financament-damec\\\/#primaryimage\"},\"image\":{\"@id\":\"https:\\\/\\\/amec.es\\\/ca\\\/croniques\\\/anton-goma-es-elegit-nou-president-de-la-comissio-de-financament-damec\\\/#primaryimage\"},\"thumbnailUrl\":\"\",\"datePublished\":\"2021-03-08T06:50:31+00:00\",\"breadcrumb\":{\"@id\":\"https:\\\/\\\/amec.es\\\/ca\\\/croniques\\\/anton-goma-es-elegit-nou-president-de-la-comissio-de-financament-damec\\\/#breadcrumb\"},\"inLanguage\":\"ca\",\"potentialAction\":[{\"@type\":\"ReadAction\",\"target\":[\"https:\\\/\\\/amec.es\\\/ca\\\/croniques\\\/anton-goma-es-elegit-nou-president-de-la-comissio-de-financament-damec\\\/\"]}]},{\"@type\":\"ImageObject\",\"inLanguage\":\"ca\",\"@id\":\"https:\\\/\\\/amec.es\\\/ca\\\/croniques\\\/anton-goma-es-elegit-nou-president-de-la-comissio-de-financament-damec\\\/#primaryimage\",\"url\":\"\",\"contentUrl\":\"\"},{\"@type\":\"BreadcrumbList\",\"@id\":\"https:\\\/\\\/amec.es\\\/ca\\\/croniques\\\/anton-goma-es-elegit-nou-president-de-la-comissio-de-financament-damec\\\/#breadcrumb\",\"itemListElement\":[{\"@type\":\"ListItem\",\"position\":1,\"name\":\"Portada\",\"item\":\"https:\\\/\\\/amec.es\\\/ca\\\/home-new\\\/\"},{\"@type\":\"ListItem\",\"position\":2,\"name\":\"Anton Gom\u00e0 \u00e9s elegit nou president de la Comissi\u00f3 de Finan\u00e7ament d&#8217;amec\"}]},{\"@type\":\"WebSite\",\"@id\":\"https:\\\/\\\/amec.es\\\/#website\",\"url\":\"https:\\\/\\\/amec.es\\\/\",\"name\":\"amec Positive Industry\",\"description\":\"\",\"publisher\":{\"@id\":\"https:\\\/\\\/amec.es\\\/#organization\"},\"potentialAction\":[{\"@type\":\"SearchAction\",\"target\":{\"@type\":\"EntryPoint\",\"urlTemplate\":\"https:\\\/\\\/amec.es\\\/?s={search_term_string}\"},\"query-input\":{\"@type\":\"PropertyValueSpecification\",\"valueRequired\":true,\"valueName\":\"search_term_string\"}}],\"inLanguage\":\"ca\"},{\"@type\":\"Organization\",\"@id\":\"https:\\\/\\\/amec.es\\\/#organization\",\"name\":\"amec Positive Industry\",\"url\":\"https:\\\/\\\/amec.es\\\/\",\"logo\":{\"@type\":\"ImageObject\",\"inLanguage\":\"ca\",\"@id\":\"https:\\\/\\\/amec.es\\\/#\\\/schema\\\/logo\\\/image\\\/\",\"url\":\"https:\\\/\\\/amec.es\\\/wp-content\\\/uploads\\\/2023\\\/07\\\/logoamec.png\",\"contentUrl\":\"https:\\\/\\\/amec.es\\\/wp-content\\\/uploads\\\/2023\\\/07\\\/logoamec.png\",\"width\":200,\"height\":48,\"caption\":\"amec Positive Industry\"},\"image\":{\"@id\":\"https:\\\/\\\/amec.es\\\/#\\\/schema\\\/logo\\\/image\\\/\"}},{\"@type\":\"Person\",\"@id\":\"https:\\\/\\\/amec.es\\\/#\\\/schema\\\/person\\\/377e1e145733915506a55297ad2fc830\",\"name\":\"webmaster\",\"image\":{\"@type\":\"ImageObject\",\"inLanguage\":\"ca\",\"@id\":\"https:\\\/\\\/secure.gravatar.com\\\/avatar\\\/1122ff7c82efe2079ddb19cd256fc39ab150caee9b258eeae8928e7f703c39f3?s=96&d=mm&r=g\",\"url\":\"https:\\\/\\\/secure.gravatar.com\\\/avatar\\\/1122ff7c82efe2079ddb19cd256fc39ab150caee9b258eeae8928e7f703c39f3?s=96&d=mm&r=g\",\"contentUrl\":\"https:\\\/\\\/secure.gravatar.com\\\/avatar\\\/1122ff7c82efe2079ddb19cd256fc39ab150caee9b258eeae8928e7f703c39f3?s=96&d=mm&r=g\",\"caption\":\"webmaster\"}}]}<\/script>\n<!-- \/ Yoast SEO plugin. -->","yoast_head_json":{"title":"Anton Gom\u00e0 \u00e9s elegit nou president de la Comissi\u00f3 de Finan\u00e7ament d'amec | amec Positive Industry","robots":{"index":"index","follow":"follow","max-snippet":"max-snippet:-1","max-image-preview":"max-image-preview:large","max-video-preview":"max-video-preview:-1"},"canonical":"https:\/\/amec.es\/ca\/croniques\/anton-goma-es-elegit-nou-president-de-la-comissio-de-financament-damec\/","og_locale":"ca_ES","og_type":"article","og_title":"Anton Gom\u00e0 \u00e9s elegit nou president de la Comissi\u00f3 de Finan\u00e7ament d'amec | amec Positive Industry","og_description":"Anton Gom\u00e0, director financer de l&#8217;empresa Ros Roca, ha estat nomenat nou president de la Comissi\u00f3 de Finan\u00e7ament de amec, c\u00e0rrec que ostentar\u00e0 durant els propers 4 anys. El nou president pren el relleu de Ramon Sari\u00f3, director general de l&#8217;empresa Beralmar Teconologic, que ha desenvolupat el c\u00e0rrec durant els \u00faltims vuit anys, ia qui [&hellip;]","og_url":"https:\/\/amec.es\/ca\/croniques\/anton-goma-es-elegit-nou-president-de-la-comissio-de-financament-damec\/","og_site_name":"amec Positive Industry","article_published_time":"2021-03-08T06:50:31+00:00","og_image":[{"width":1827,"height":438,"url":"https:\/\/amec.es\/wp-content\/uploads\/2024\/02\/Logo_AMEC.png","type":"image\/png"}],"author":"webmaster","twitter_card":"summary_large_image","twitter_misc":{"Escrit per":"webmaster","Temps estimat de lectura":"1 minut"},"schema":{"@context":"https:\/\/schema.org","@graph":[{"@type":"Article","@id":"https:\/\/amec.es\/ca\/croniques\/anton-goma-es-elegit-nou-president-de-la-comissio-de-financament-damec\/#article","isPartOf":{"@id":"https:\/\/amec.es\/ca\/croniques\/anton-goma-es-elegit-nou-president-de-la-comissio-de-financament-damec\/"},"author":{"name":"webmaster","@id":"https:\/\/amec.es\/#\/schema\/person\/377e1e145733915506a55297ad2fc830"},"headline":"Anton Gom\u00e0 \u00e9s elegit nou president de la Comissi\u00f3 de Finan\u00e7ament d&#8217;amec","datePublished":"2021-03-08T06:50:31+00:00","mainEntityOfPage":{"@id":"https:\/\/amec.es\/ca\/croniques\/anton-goma-es-elegit-nou-president-de-la-comissio-de-financament-damec\/"},"wordCount":288,"commentCount":0,"publisher":{"@id":"https:\/\/amec.es\/#organization"},"image":{"@id":"https:\/\/amec.es\/ca\/croniques\/anton-goma-es-elegit-nou-president-de-la-comissio-de-financament-damec\/#primaryimage"},"thumbnailUrl":"","articleSection":["Cr\u00f2niques"],"inLanguage":"ca","potentialAction":[{"@type":"CommentAction","name":"Comment","target":["https:\/\/amec.es\/ca\/croniques\/anton-goma-es-elegit-nou-president-de-la-comissio-de-financament-damec\/#respond"]}]},{"@type":"WebPage","@id":"https:\/\/amec.es\/ca\/croniques\/anton-goma-es-elegit-nou-president-de-la-comissio-de-financament-damec\/","url":"https:\/\/amec.es\/ca\/croniques\/anton-goma-es-elegit-nou-president-de-la-comissio-de-financament-damec\/","name":"Anton Gom\u00e0 \u00e9s elegit nou president de la Comissi\u00f3 de Finan\u00e7ament d'amec | amec Positive Industry","isPartOf":{"@id":"https:\/\/amec.es\/#website"},"primaryImageOfPage":{"@id":"https:\/\/amec.es\/ca\/croniques\/anton-goma-es-elegit-nou-president-de-la-comissio-de-financament-damec\/#primaryimage"},"image":{"@id":"https:\/\/amec.es\/ca\/croniques\/anton-goma-es-elegit-nou-president-de-la-comissio-de-financament-damec\/#primaryimage"},"thumbnailUrl":"","datePublished":"2021-03-08T06:50:31+00:00","breadcrumb":{"@id":"https:\/\/amec.es\/ca\/croniques\/anton-goma-es-elegit-nou-president-de-la-comissio-de-financament-damec\/#breadcrumb"},"inLanguage":"ca","potentialAction":[{"@type":"ReadAction","target":["https:\/\/amec.es\/ca\/croniques\/anton-goma-es-elegit-nou-president-de-la-comissio-de-financament-damec\/"]}]},{"@type":"ImageObject","inLanguage":"ca","@id":"https:\/\/amec.es\/ca\/croniques\/anton-goma-es-elegit-nou-president-de-la-comissio-de-financament-damec\/#primaryimage","url":"","contentUrl":""},{"@type":"BreadcrumbList","@id":"https:\/\/amec.es\/ca\/croniques\/anton-goma-es-elegit-nou-president-de-la-comissio-de-financament-damec\/#breadcrumb","itemListElement":[{"@type":"ListItem","position":1,"name":"Portada","item":"https:\/\/amec.es\/ca\/home-new\/"},{"@type":"ListItem","position":2,"name":"Anton Gom\u00e0 \u00e9s elegit nou president de la Comissi\u00f3 de Finan\u00e7ament d&#8217;amec"}]},{"@type":"WebSite","@id":"https:\/\/amec.es\/#website","url":"https:\/\/amec.es\/","name":"amec Positive Industry","description":"","publisher":{"@id":"https:\/\/amec.es\/#organization"},"potentialAction":[{"@type":"SearchAction","target":{"@type":"EntryPoint","urlTemplate":"https:\/\/amec.es\/?s={search_term_string}"},"query-input":{"@type":"PropertyValueSpecification","valueRequired":true,"valueName":"search_term_string"}}],"inLanguage":"ca"},{"@type":"Organization","@id":"https:\/\/amec.es\/#organization","name":"amec Positive Industry","url":"https:\/\/amec.es\/","logo":{"@type":"ImageObject","inLanguage":"ca","@id":"https:\/\/amec.es\/#\/schema\/logo\/image\/","url":"https:\/\/amec.es\/wp-content\/uploads\/2023\/07\/logoamec.png","contentUrl":"https:\/\/amec.es\/wp-content\/uploads\/2023\/07\/logoamec.png","width":200,"height":48,"caption":"amec Positive Industry"},"image":{"@id":"https:\/\/amec.es\/#\/schema\/logo\/image\/"}},{"@type":"Person","@id":"https:\/\/amec.es\/#\/schema\/person\/377e1e145733915506a55297ad2fc830","name":"webmaster","image":{"@type":"ImageObject","inLanguage":"ca","@id":"https:\/\/secure.gravatar.com\/avatar\/1122ff7c82efe2079ddb19cd256fc39ab150caee9b258eeae8928e7f703c39f3?s=96&d=mm&r=g","url":"https:\/\/secure.gravatar.com\/avatar\/1122ff7c82efe2079ddb19cd256fc39ab150caee9b258eeae8928e7f703c39f3?s=96&d=mm&r=g","contentUrl":"https:\/\/secure.gravatar.com\/avatar\/1122ff7c82efe2079ddb19cd256fc39ab150caee9b258eeae8928e7f703c39f3?s=96&d=mm&r=g","caption":"webmaster"}}]}},"_links":{"self":[{"href":"https:\/\/amec.es\/ca\/wp-json\/wp\/v2\/posts\/6390","targetHints":{"allow":["GET"]}}],"collection":[{"href":"https:\/\/amec.es\/ca\/wp-json\/wp\/v2\/posts"}],"about":[{"href":"https:\/\/amec.es\/ca\/wp-json\/wp\/v2\/types\/post"}],"author":[{"embeddable":true,"href":"https:\/\/amec.es\/ca\/wp-json\/wp\/v2\/users\/1"}],"replies":[{"embeddable":true,"href":"https:\/\/amec.es\/ca\/wp-json\/wp\/v2\/comments?post=6390"}],"version-history":[{"count":0,"href":"https:\/\/amec.es\/ca\/wp-json\/wp\/v2\/posts\/6390\/revisions"}],"wp:featuredmedia":[{"embeddable":true,"href":"https:\/\/amec.es\/ca\/wp-json\/"}],"wp:attachment":[{"href":"https:\/\/amec.es\/ca\/wp-json\/wp\/v2\/media?parent=6390"}],"wp:term":[{"taxonomy":"category","embeddable":true,"href":"https:\/\/amec.es\/ca\/wp-json\/wp\/v2\/categories?post=6390"},{"taxonomy":"post_tag","embeddable":true,"href":"https:\/\/amec.es\/ca\/wp-json\/wp\/v2\/tags?post=6390"}],"curies":[{"name":"wp","href":"https:\/\/api.w.org\/{rel}","templated":true}]}}