{"id":6399,"date":"2021-02-18T10:01:25","date_gmt":"2021-02-18T10:01:25","guid":{"rendered":"https:\/\/wecreatedesign.co\/dev\/WP\/amec\/?p=4643"},"modified":"2021-02-18T10:01:25","modified_gmt":"2021-02-18T10:01:25","slug":"amec-tanca-2020-aconseguint-una-marca-historica-en-lus-de-serveis-i-incrementant-limpacte-en-els-seus-membres","status":"publish","type":"post","link":"https:\/\/amec.es\/ca\/actualitat\/amec-tanca-2020-aconseguint-una-marca-historica-en-lus-de-serveis-i-incrementant-limpacte-en-els-seus-membres\/","title":{"rendered":"amec tanca 2020 aconseguint una marca hist\u00f2rica en l&#8217;\u00fas de serveis i incrementant l&#8217;impacte en els seus membres"},"content":{"rendered":"<div class=\"amplada-pagina descripcion\">\n<p><img fetchpriority=\"high\" decoding=\"async\" src=\"https:\/\/www.amec.es\/media\/site1\/cache\/images\/orp9388r-copia-redim-w500-h334.jpg\" alt=\"amec-colaboracion\" width=\"500\" height=\"334\" \/>Acabem de tancar un any de grans reptes i estem preparats per a un 2021 de grans oportunitats. Tanquem 2020\u00a0<strong>aconseguint una marca hist\u00f2rica en l&#8217;\u00fas de serveis<\/strong>\u00a0i\u00a0<strong><a href=\"https:\/\/www.amec.es\/pl199\/amecnews\/noticias\/id473\/amec-logra-aumentar-en-un-30-6-el-impacto-en-la-competitividad-de-nuestros-miembros.htm\" target=\"_blank\" rel=\"noopener\">hem incrementat l&#8217;impacte i el valor del que fem en un 31%<\/a><\/strong>\u00a0.<\/p>\n<p>&nbsp;<\/p>\n<p><strong>La ind\u00fastria s&#8217;al\u00e7a com un dels factors clau per a la recuperaci\u00f3 de pa\u00eds, ho sabem, ho hem defensat i no ens cansarem de reivindicar-lo.<\/strong>\u00a0Una ind\u00fastria que s&#8217;est\u00e0 preparant per ser competitiva amb\u00a0<a href=\"https:\/\/www.youtube.com\/watch?v=SDztjgsQdBk&amp;feature=youtu.be\" target=\"_blank\" rel=\"noopener\">els nous factors de competitivitat<\/a>\u00a0.\u00a0<strong>Una ind\u00fastria molt exigent a la qual representem, a la qual ajudem amb intel\u00b7lig\u00e8ncia de dades, prospectiva, oportunitats de negoci, contactes i formaci\u00f3.<\/strong><\/p>\n<p>&nbsp;<\/p>\n<p><strong>En 2021 posem en marxa el nou pla estrat\u00e8gic de l&#8217;entitat.<\/strong>\u00a0Un pla que posa l&#8217;accent en els nous factors de competitivitat i el potencial de col\u00b7laboraci\u00f3 de la nostra comunitat, dins i fora d&#8217;ella.<\/p>\n<p>&nbsp;<\/p>\n<p><strong>Gr\u00e0cies a tots. Estem Preparats!<\/strong><\/p>\n<\/div>\n","protected":false},"excerpt":{"rendered":"<p>Acabem de tancar un any de grans reptes i estem preparats per a un 2021 de grans oportunitats. Tanquem 2020\u00a0aconseguint una marca hist\u00f2rica en l&#8217;\u00fas de serveis\u00a0i\u00a0hem incrementat l&#8217;impacte i el valor del que fem en un 31%\u00a0. &nbsp; La ind\u00fastria s&#8217;al\u00e7a com un dels factors clau per a la recuperaci\u00f3 de pa\u00eds, ho sabem, [&hellip;]<\/p>\n","protected":false},"author":1,"featured_media":4644,"comment_status":"open","ping_status":"open","sticky":false,"template":"","format":"standard","meta":{"inline_featured_image":false,"footnotes":""},"categories":[27],"tags":[],"class_list":["post-6399","post","type-post","status-publish","format-standard","has-post-thumbnail","hentry","category-actualitat"],"yoast_head":"<!-- This site is optimized with the Yoast SEO plugin v27.3 - https:\/\/yoast.com\/product\/yoast-seo-wordpress\/ -->\n<title>amec tanca 2020 aconseguint una marca hist\u00f2rica en l&#039;\u00fas de serveis i incrementant l&#039;impacte en els seus membres | amec Positive Industry<\/title>\n<meta name=\"robots\" content=\"index, follow, max-snippet:-1, max-image-preview:large, max-video-preview:-1\" \/>\n<link rel=\"canonical\" href=\"https:\/\/amec.es\/ca\/actualitat\/amec-tanca-2020-aconseguint-una-marca-historica-en-lus-de-serveis-i-incrementant-limpacte-en-els-seus-membres\/\" \/>\n<meta property=\"og:locale\" content=\"ca_ES\" \/>\n<meta property=\"og:type\" content=\"article\" \/>\n<meta property=\"og:title\" content=\"amec tanca 2020 aconseguint una marca hist\u00f2rica en l&#039;\u00fas de serveis i incrementant l&#039;impacte en els seus membres | amec Positive Industry\" \/>\n<meta property=\"og:description\" content=\"Acabem de tancar un any de grans reptes i estem preparats per a un 2021 de grans oportunitats. Tanquem 2020\u00a0aconseguint una marca hist\u00f2rica en l&#8217;\u00fas de serveis\u00a0i\u00a0hem incrementat l&#8217;impacte i el valor del que fem en un 31%\u00a0. &nbsp; La ind\u00fastria s&#8217;al\u00e7a com un dels factors clau per a la recuperaci\u00f3 de pa\u00eds, ho sabem, [&hellip;]\" \/>\n<meta property=\"og:url\" content=\"https:\/\/amec.es\/ca\/actualitat\/amec-tanca-2020-aconseguint-una-marca-historica-en-lus-de-serveis-i-incrementant-limpacte-en-els-seus-membres\/\" \/>\n<meta property=\"og:site_name\" content=\"amec Positive Industry\" \/>\n<meta property=\"article:published_time\" content=\"2021-02-18T10:01:25+00:00\" \/>\n<meta property=\"og:image\" content=\"https:\/\/amec.es\/wp-content\/uploads\/2024\/02\/Logo_AMEC.png\" \/>\n\t<meta property=\"og:image:width\" content=\"1827\" \/>\n\t<meta property=\"og:image:height\" content=\"438\" \/>\n\t<meta property=\"og:image:type\" content=\"image\/png\" \/>\n<meta name=\"author\" content=\"webmaster\" \/>\n<meta name=\"twitter:card\" content=\"summary_large_image\" \/>\n<meta name=\"twitter:label1\" content=\"Escrit per\" \/>\n\t<meta name=\"twitter:data1\" content=\"webmaster\" \/>\n\t<meta name=\"twitter:label2\" content=\"Temps estimat de lectura\" \/>\n\t<meta name=\"twitter:data2\" content=\"1 minut\" \/>\n<script type=\"application\/ld+json\" class=\"yoast-schema-graph\">{\"@context\":\"https:\\\/\\\/schema.org\",\"@graph\":[{\"@type\":\"Article\",\"@id\":\"https:\\\/\\\/amec.es\\\/ca\\\/actualitat\\\/amec-tanca-2020-aconseguint-una-marca-historica-en-lus-de-serveis-i-incrementant-limpacte-en-els-seus-membres\\\/#article\",\"isPartOf\":{\"@id\":\"https:\\\/\\\/amec.es\\\/ca\\\/actualitat\\\/amec-tanca-2020-aconseguint-una-marca-historica-en-lus-de-serveis-i-incrementant-limpacte-en-els-seus-membres\\\/\"},\"author\":{\"name\":\"webmaster\",\"@id\":\"https:\\\/\\\/amec.es\\\/#\\\/schema\\\/person\\\/377e1e145733915506a55297ad2fc830\"},\"headline\":\"amec tanca 2020 aconseguint una marca hist\u00f2rica en l&#8217;\u00fas de serveis i incrementant l&#8217;impacte en els seus membres\",\"datePublished\":\"2021-02-18T10:01:25+00:00\",\"mainEntityOfPage\":{\"@id\":\"https:\\\/\\\/amec.es\\\/ca\\\/actualitat\\\/amec-tanca-2020-aconseguint-una-marca-historica-en-lus-de-serveis-i-incrementant-limpacte-en-els-seus-membres\\\/\"},\"wordCount\":180,\"commentCount\":0,\"publisher\":{\"@id\":\"https:\\\/\\\/amec.es\\\/#organization\"},\"image\":{\"@id\":\"https:\\\/\\\/amec.es\\\/ca\\\/actualitat\\\/amec-tanca-2020-aconseguint-una-marca-historica-en-lus-de-serveis-i-incrementant-limpacte-en-els-seus-membres\\\/#primaryimage\"},\"thumbnailUrl\":\"\",\"articleSection\":[\"Actualitat\"],\"inLanguage\":\"ca\",\"potentialAction\":[{\"@type\":\"CommentAction\",\"name\":\"Comment\",\"target\":[\"https:\\\/\\\/amec.es\\\/ca\\\/actualitat\\\/amec-tanca-2020-aconseguint-una-marca-historica-en-lus-de-serveis-i-incrementant-limpacte-en-els-seus-membres\\\/#respond\"]}]},{\"@type\":\"WebPage\",\"@id\":\"https:\\\/\\\/amec.es\\\/ca\\\/actualitat\\\/amec-tanca-2020-aconseguint-una-marca-historica-en-lus-de-serveis-i-incrementant-limpacte-en-els-seus-membres\\\/\",\"url\":\"https:\\\/\\\/amec.es\\\/ca\\\/actualitat\\\/amec-tanca-2020-aconseguint-una-marca-historica-en-lus-de-serveis-i-incrementant-limpacte-en-els-seus-membres\\\/\",\"name\":\"amec tanca 2020 aconseguint una marca hist\u00f2rica en l'\u00fas de serveis i incrementant l'impacte en els seus membres | amec Positive Industry\",\"isPartOf\":{\"@id\":\"https:\\\/\\\/amec.es\\\/#website\"},\"primaryImageOfPage\":{\"@id\":\"https:\\\/\\\/amec.es\\\/ca\\\/actualitat\\\/amec-tanca-2020-aconseguint-una-marca-historica-en-lus-de-serveis-i-incrementant-limpacte-en-els-seus-membres\\\/#primaryimage\"},\"image\":{\"@id\":\"https:\\\/\\\/amec.es\\\/ca\\\/actualitat\\\/amec-tanca-2020-aconseguint-una-marca-historica-en-lus-de-serveis-i-incrementant-limpacte-en-els-seus-membres\\\/#primaryimage\"},\"thumbnailUrl\":\"\",\"datePublished\":\"2021-02-18T10:01:25+00:00\",\"breadcrumb\":{\"@id\":\"https:\\\/\\\/amec.es\\\/ca\\\/actualitat\\\/amec-tanca-2020-aconseguint-una-marca-historica-en-lus-de-serveis-i-incrementant-limpacte-en-els-seus-membres\\\/#breadcrumb\"},\"inLanguage\":\"ca\",\"potentialAction\":[{\"@type\":\"ReadAction\",\"target\":[\"https:\\\/\\\/amec.es\\\/ca\\\/actualitat\\\/amec-tanca-2020-aconseguint-una-marca-historica-en-lus-de-serveis-i-incrementant-limpacte-en-els-seus-membres\\\/\"]}]},{\"@type\":\"ImageObject\",\"inLanguage\":\"ca\",\"@id\":\"https:\\\/\\\/amec.es\\\/ca\\\/actualitat\\\/amec-tanca-2020-aconseguint-una-marca-historica-en-lus-de-serveis-i-incrementant-limpacte-en-els-seus-membres\\\/#primaryimage\",\"url\":\"\",\"contentUrl\":\"\"},{\"@type\":\"BreadcrumbList\",\"@id\":\"https:\\\/\\\/amec.es\\\/ca\\\/actualitat\\\/amec-tanca-2020-aconseguint-una-marca-historica-en-lus-de-serveis-i-incrementant-limpacte-en-els-seus-membres\\\/#breadcrumb\",\"itemListElement\":[{\"@type\":\"ListItem\",\"position\":1,\"name\":\"Portada\",\"item\":\"https:\\\/\\\/amec.es\\\/ca\\\/home-new\\\/\"},{\"@type\":\"ListItem\",\"position\":2,\"name\":\"amec tanca 2020 aconseguint una marca hist\u00f2rica en l&#8217;\u00fas de serveis i incrementant l&#8217;impacte en els seus membres\"}]},{\"@type\":\"WebSite\",\"@id\":\"https:\\\/\\\/amec.es\\\/#website\",\"url\":\"https:\\\/\\\/amec.es\\\/\",\"name\":\"amec Positive Industry\",\"description\":\"\",\"publisher\":{\"@id\":\"https:\\\/\\\/amec.es\\\/#organization\"},\"potentialAction\":[{\"@type\":\"SearchAction\",\"target\":{\"@type\":\"EntryPoint\",\"urlTemplate\":\"https:\\\/\\\/amec.es\\\/?s={search_term_string}\"},\"query-input\":{\"@type\":\"PropertyValueSpecification\",\"valueRequired\":true,\"valueName\":\"search_term_string\"}}],\"inLanguage\":\"ca\"},{\"@type\":\"Organization\",\"@id\":\"https:\\\/\\\/amec.es\\\/#organization\",\"name\":\"amec Positive Industry\",\"url\":\"https:\\\/\\\/amec.es\\\/\",\"logo\":{\"@type\":\"ImageObject\",\"inLanguage\":\"ca\",\"@id\":\"https:\\\/\\\/amec.es\\\/#\\\/schema\\\/logo\\\/image\\\/\",\"url\":\"https:\\\/\\\/amec.es\\\/wp-content\\\/uploads\\\/2023\\\/07\\\/logoamec.png\",\"contentUrl\":\"https:\\\/\\\/amec.es\\\/wp-content\\\/uploads\\\/2023\\\/07\\\/logoamec.png\",\"width\":200,\"height\":48,\"caption\":\"amec Positive Industry\"},\"image\":{\"@id\":\"https:\\\/\\\/amec.es\\\/#\\\/schema\\\/logo\\\/image\\\/\"}},{\"@type\":\"Person\",\"@id\":\"https:\\\/\\\/amec.es\\\/#\\\/schema\\\/person\\\/377e1e145733915506a55297ad2fc830\",\"name\":\"webmaster\",\"image\":{\"@type\":\"ImageObject\",\"inLanguage\":\"ca\",\"@id\":\"https:\\\/\\\/secure.gravatar.com\\\/avatar\\\/1122ff7c82efe2079ddb19cd256fc39ab150caee9b258eeae8928e7f703c39f3?s=96&d=mm&r=g\",\"url\":\"https:\\\/\\\/secure.gravatar.com\\\/avatar\\\/1122ff7c82efe2079ddb19cd256fc39ab150caee9b258eeae8928e7f703c39f3?s=96&d=mm&r=g\",\"contentUrl\":\"https:\\\/\\\/secure.gravatar.com\\\/avatar\\\/1122ff7c82efe2079ddb19cd256fc39ab150caee9b258eeae8928e7f703c39f3?s=96&d=mm&r=g\",\"caption\":\"webmaster\"}}]}<\/script>\n<!-- \/ Yoast SEO plugin. -->","yoast_head_json":{"title":"amec tanca 2020 aconseguint una marca hist\u00f2rica en l'\u00fas de serveis i incrementant l'impacte en els seus membres | amec Positive Industry","robots":{"index":"index","follow":"follow","max-snippet":"max-snippet:-1","max-image-preview":"max-image-preview:large","max-video-preview":"max-video-preview:-1"},"canonical":"https:\/\/amec.es\/ca\/actualitat\/amec-tanca-2020-aconseguint-una-marca-historica-en-lus-de-serveis-i-incrementant-limpacte-en-els-seus-membres\/","og_locale":"ca_ES","og_type":"article","og_title":"amec tanca 2020 aconseguint una marca hist\u00f2rica en l'\u00fas de serveis i incrementant l'impacte en els seus membres | amec Positive Industry","og_description":"Acabem de tancar un any de grans reptes i estem preparats per a un 2021 de grans oportunitats. Tanquem 2020\u00a0aconseguint una marca hist\u00f2rica en l&#8217;\u00fas de serveis\u00a0i\u00a0hem incrementat l&#8217;impacte i el valor del que fem en un 31%\u00a0. &nbsp; La ind\u00fastria s&#8217;al\u00e7a com un dels factors clau per a la recuperaci\u00f3 de pa\u00eds, ho sabem, [&hellip;]","og_url":"https:\/\/amec.es\/ca\/actualitat\/amec-tanca-2020-aconseguint-una-marca-historica-en-lus-de-serveis-i-incrementant-limpacte-en-els-seus-membres\/","og_site_name":"amec Positive Industry","article_published_time":"2021-02-18T10:01:25+00:00","og_image":[{"width":1827,"height":438,"url":"https:\/\/amec.es\/wp-content\/uploads\/2024\/02\/Logo_AMEC.png","type":"image\/png"}],"author":"webmaster","twitter_card":"summary_large_image","twitter_misc":{"Escrit per":"webmaster","Temps estimat de lectura":"1 minut"},"schema":{"@context":"https:\/\/schema.org","@graph":[{"@type":"Article","@id":"https:\/\/amec.es\/ca\/actualitat\/amec-tanca-2020-aconseguint-una-marca-historica-en-lus-de-serveis-i-incrementant-limpacte-en-els-seus-membres\/#article","isPartOf":{"@id":"https:\/\/amec.es\/ca\/actualitat\/amec-tanca-2020-aconseguint-una-marca-historica-en-lus-de-serveis-i-incrementant-limpacte-en-els-seus-membres\/"},"author":{"name":"webmaster","@id":"https:\/\/amec.es\/#\/schema\/person\/377e1e145733915506a55297ad2fc830"},"headline":"amec tanca 2020 aconseguint una marca hist\u00f2rica en l&#8217;\u00fas de serveis i incrementant l&#8217;impacte en els seus membres","datePublished":"2021-02-18T10:01:25+00:00","mainEntityOfPage":{"@id":"https:\/\/amec.es\/ca\/actualitat\/amec-tanca-2020-aconseguint-una-marca-historica-en-lus-de-serveis-i-incrementant-limpacte-en-els-seus-membres\/"},"wordCount":180,"commentCount":0,"publisher":{"@id":"https:\/\/amec.es\/#organization"},"image":{"@id":"https:\/\/amec.es\/ca\/actualitat\/amec-tanca-2020-aconseguint-una-marca-historica-en-lus-de-serveis-i-incrementant-limpacte-en-els-seus-membres\/#primaryimage"},"thumbnailUrl":"","articleSection":["Actualitat"],"inLanguage":"ca","potentialAction":[{"@type":"CommentAction","name":"Comment","target":["https:\/\/amec.es\/ca\/actualitat\/amec-tanca-2020-aconseguint-una-marca-historica-en-lus-de-serveis-i-incrementant-limpacte-en-els-seus-membres\/#respond"]}]},{"@type":"WebPage","@id":"https:\/\/amec.es\/ca\/actualitat\/amec-tanca-2020-aconseguint-una-marca-historica-en-lus-de-serveis-i-incrementant-limpacte-en-els-seus-membres\/","url":"https:\/\/amec.es\/ca\/actualitat\/amec-tanca-2020-aconseguint-una-marca-historica-en-lus-de-serveis-i-incrementant-limpacte-en-els-seus-membres\/","name":"amec tanca 2020 aconseguint una marca hist\u00f2rica en l'\u00fas de serveis i incrementant l'impacte en els seus membres | amec Positive Industry","isPartOf":{"@id":"https:\/\/amec.es\/#website"},"primaryImageOfPage":{"@id":"https:\/\/amec.es\/ca\/actualitat\/amec-tanca-2020-aconseguint-una-marca-historica-en-lus-de-serveis-i-incrementant-limpacte-en-els-seus-membres\/#primaryimage"},"image":{"@id":"https:\/\/amec.es\/ca\/actualitat\/amec-tanca-2020-aconseguint-una-marca-historica-en-lus-de-serveis-i-incrementant-limpacte-en-els-seus-membres\/#primaryimage"},"thumbnailUrl":"","datePublished":"2021-02-18T10:01:25+00:00","breadcrumb":{"@id":"https:\/\/amec.es\/ca\/actualitat\/amec-tanca-2020-aconseguint-una-marca-historica-en-lus-de-serveis-i-incrementant-limpacte-en-els-seus-membres\/#breadcrumb"},"inLanguage":"ca","potentialAction":[{"@type":"ReadAction","target":["https:\/\/amec.es\/ca\/actualitat\/amec-tanca-2020-aconseguint-una-marca-historica-en-lus-de-serveis-i-incrementant-limpacte-en-els-seus-membres\/"]}]},{"@type":"ImageObject","inLanguage":"ca","@id":"https:\/\/amec.es\/ca\/actualitat\/amec-tanca-2020-aconseguint-una-marca-historica-en-lus-de-serveis-i-incrementant-limpacte-en-els-seus-membres\/#primaryimage","url":"","contentUrl":""},{"@type":"BreadcrumbList","@id":"https:\/\/amec.es\/ca\/actualitat\/amec-tanca-2020-aconseguint-una-marca-historica-en-lus-de-serveis-i-incrementant-limpacte-en-els-seus-membres\/#breadcrumb","itemListElement":[{"@type":"ListItem","position":1,"name":"Portada","item":"https:\/\/amec.es\/ca\/home-new\/"},{"@type":"ListItem","position":2,"name":"amec tanca 2020 aconseguint una marca hist\u00f2rica en l&#8217;\u00fas de serveis i incrementant l&#8217;impacte en els seus membres"}]},{"@type":"WebSite","@id":"https:\/\/amec.es\/#website","url":"https:\/\/amec.es\/","name":"amec Positive Industry","description":"","publisher":{"@id":"https:\/\/amec.es\/#organization"},"potentialAction":[{"@type":"SearchAction","target":{"@type":"EntryPoint","urlTemplate":"https:\/\/amec.es\/?s={search_term_string}"},"query-input":{"@type":"PropertyValueSpecification","valueRequired":true,"valueName":"search_term_string"}}],"inLanguage":"ca"},{"@type":"Organization","@id":"https:\/\/amec.es\/#organization","name":"amec Positive Industry","url":"https:\/\/amec.es\/","logo":{"@type":"ImageObject","inLanguage":"ca","@id":"https:\/\/amec.es\/#\/schema\/logo\/image\/","url":"https:\/\/amec.es\/wp-content\/uploads\/2023\/07\/logoamec.png","contentUrl":"https:\/\/amec.es\/wp-content\/uploads\/2023\/07\/logoamec.png","width":200,"height":48,"caption":"amec Positive Industry"},"image":{"@id":"https:\/\/amec.es\/#\/schema\/logo\/image\/"}},{"@type":"Person","@id":"https:\/\/amec.es\/#\/schema\/person\/377e1e145733915506a55297ad2fc830","name":"webmaster","image":{"@type":"ImageObject","inLanguage":"ca","@id":"https:\/\/secure.gravatar.com\/avatar\/1122ff7c82efe2079ddb19cd256fc39ab150caee9b258eeae8928e7f703c39f3?s=96&d=mm&r=g","url":"https:\/\/secure.gravatar.com\/avatar\/1122ff7c82efe2079ddb19cd256fc39ab150caee9b258eeae8928e7f703c39f3?s=96&d=mm&r=g","contentUrl":"https:\/\/secure.gravatar.com\/avatar\/1122ff7c82efe2079ddb19cd256fc39ab150caee9b258eeae8928e7f703c39f3?s=96&d=mm&r=g","caption":"webmaster"}}]}},"_links":{"self":[{"href":"https:\/\/amec.es\/ca\/wp-json\/wp\/v2\/posts\/6399","targetHints":{"allow":["GET"]}}],"collection":[{"href":"https:\/\/amec.es\/ca\/wp-json\/wp\/v2\/posts"}],"about":[{"href":"https:\/\/amec.es\/ca\/wp-json\/wp\/v2\/types\/post"}],"author":[{"embeddable":true,"href":"https:\/\/amec.es\/ca\/wp-json\/wp\/v2\/users\/1"}],"replies":[{"embeddable":true,"href":"https:\/\/amec.es\/ca\/wp-json\/wp\/v2\/comments?post=6399"}],"version-history":[{"count":0,"href":"https:\/\/amec.es\/ca\/wp-json\/wp\/v2\/posts\/6399\/revisions"}],"wp:featuredmedia":[{"embeddable":true,"href":"https:\/\/amec.es\/ca\/wp-json\/"}],"wp:attachment":[{"href":"https:\/\/amec.es\/ca\/wp-json\/wp\/v2\/media?parent=6399"}],"wp:term":[{"taxonomy":"category","embeddable":true,"href":"https:\/\/amec.es\/ca\/wp-json\/wp\/v2\/categories?post=6399"},{"taxonomy":"post_tag","embeddable":true,"href":"https:\/\/amec.es\/ca\/wp-json\/wp\/v2\/tags?post=6399"}],"curies":[{"name":"wp","href":"https:\/\/api.w.org\/{rel}","templated":true}]}}