{"id":6404,"date":"2021-02-25T10:11:46","date_gmt":"2021-02-25T10:11:46","guid":{"rendered":"https:\/\/wecreatedesign.co\/dev\/WP\/amec\/?p=4680"},"modified":"2021-02-25T10:11:46","modified_gmt":"2021-02-25T10:11:46","slug":"amec-presenta-una-guia-de-le-commerce-per-a-la-industria-amb-els-marketplaces-mes-interessants-segons-cada-sector-i-mercat","status":"publish","type":"post","link":"https:\/\/amec.es\/ca\/actualitat\/amec-presenta-una-guia-de-le-commerce-per-a-la-industria-amb-els-marketplaces-mes-interessants-segons-cada-sector-i-mercat\/","title":{"rendered":"amec presenta una Guia de l&#8217;e-commerce per a la Ind\u00fastria amb els marketplaces m\u00e9s interessants segons cada sector i mercat"},"content":{"rendered":"<div class=\"amplada-pagina descripcion\">\n<p><img fetchpriority=\"high\" decoding=\"async\" src=\"http:\/\/wecreatedesign.co\/dev\/WP\/amec\/wp-content\/uploads\/2023\/03\/marketplaces-redim-w500-h294-1.jpg\" alt=\"marketplaces.JPG\" width=\"500\" height=\"294\" \/>La digitalitzaci\u00f3 de el comer\u00e7 impulsa i fins i tot obliga les empreses industrials a estar presents en els nous espais de venda i comercialitzaci\u00f3. En els propers tres anys el comer\u00e7 electr\u00f2nic B2B creixer\u00e0 un 25% interanual, segons els experts. Estar i tenir visibilitat \u00e9s important. Per\u00f2, on i com? Estar a tot arreu no sempre \u00e9s el m\u00e9s adequat: cal dirigir b\u00e9 els esfor\u00e7os. Per aix\u00f2 cal saber triar b\u00e9. Per tal d&#8217;ajudar a les empreses industrials,\u00a0<em><strong>amec<\/strong><\/em>\u00a0ha elaborat la\u00a0<strong>Guia de l&#8217;e-commerce per a la Ind\u00fastria,<\/strong>\u00a0que es\u00a0<a href=\"https:\/\/www.amec.es\/es\/pl14\/amecnews\/actualidad\/id662\/amec-presenta-una-guia-del-e-commerce-para-la-industria-con-los-marketplaces-mas-interesantes-segun-cada-sector-y-mercado.htm?fcat_14=558\" target=\"_blank\" rel=\"noopener\">presentar\u00e0 el 15 de mar\u00e7<\/a>\u00a0, i que ofereix una visi\u00f3 sobre la situaci\u00f3 actual de l&#8217;e-commerce: els tipus de plataforma que hi ha, quins s\u00f3n els punts cr\u00edtics de l&#8217;operativa, i quines s\u00f3n les principals amenaces i oportunitats. La guia es complementa amb\u00a0<strong>diverses fitxes sectorials de marketplaces que inclouen totes les opcions i plataformes a l&#8217;abast de les empreses industrials segons el sector a qu\u00e8 pertanyen: tecnologia aliment\u00e0ria, packaging, tecnologia per al sector t\u00e8xtil, equipament per al bany, equipament el\u00e8ctric, solucions per a ciutats intel\u00b7ligents, subministrament industrial i ferreteria.<\/strong><\/p>\n<p>&nbsp;<\/p>\n<p>D&#8217;aquesta manera, la\u00a0<strong>Guia de l&#8217;e-commerce de per a la Ind\u00fastria<\/strong>\u00a0comen\u00e7a analitzant els conceptes b\u00e0sics de l&#8217;e-commerce, com la cadena de valor, els serveis d&#8217;implantaci\u00f3 i de log\u00edstica i enviament, per centrar-se despr\u00e9s en els punts cr\u00edtics: instal\u00b7lacions i magatzems necessaris, embalatge i preu, costos d&#8217;enviament i terminis de lliurament, tr\u00e0mits administratius, atenci\u00f3 a client, talent, producte i poder de negociaci\u00f3.<\/p>\n<p>&nbsp;<\/p>\n<p>Coneguts tots els aspectes per saber com operar, la guia ofereix a m\u00e9s una visi\u00f3 de l&#8217;panorama de l&#8217;e-commerce en la ind\u00fastria, detallant la seva situaci\u00f3 a Espanya, Europa, el marc legal i les amenaces i oportunitats que implica el comer\u00e7 electr\u00f2nic per al sector productiu.<\/p>\n<p>&nbsp;<\/p>\n<p>La guia es complementa amb un conjunt de\u00a0<strong>fitxes amb les plataformes de comer\u00e7 electr\u00f2nic m\u00e9s importants segons el sector i els mercats en qu\u00e8 es troben.<\/strong>\u00a0Aquestes fitxes destaquen els\u00a0<strong>principals marketplaces en qu\u00e8 vendre,<\/strong>\u00a0els\u00a0<strong>directoris<\/strong>\u00a0en els quals donar-se a con\u00e8ixer i generar leads, botigues online de tercers que exerceixen un paper similar al dels distribu\u00efdors i importadors tradicionals, aix\u00ed com altres\u00a0<strong>plataformes h\u00edbrides.<\/strong>\u00a0Aquestes fitxes s&#8217;han elaborat tenint en compte les oportunitats que ofereixen per a cada sector. La informaci\u00f3 inclou una descripci\u00f3 de cada plataforma, els serveis que ofereix, els preus per ser present i com funciona el proc\u00e9s de registre. Una eina molt \u00fatil per a l&#8217;empresa industrial per abordar de forma digital els mercats que m\u00e9s li interessin.<\/p>\n<p>&nbsp;<\/p>\n<p>El 15 de mar\u00e7\u00a0<em><strong>amec<\/strong><\/em>\u00a0<strong>presentar\u00e0 la guia en un partit en qu\u00e8 les empreses industrials compartiran com estan operant en el mercat digital.<\/strong><\/p>\n<\/div>\n","protected":false},"excerpt":{"rendered":"<p>La digitalitzaci\u00f3 de el comer\u00e7 impulsa i fins i tot obliga les empreses industrials a estar presents en els nous espais de venda i comercialitzaci\u00f3. En els propers tres anys el comer\u00e7 electr\u00f2nic B2B creixer\u00e0 un 25% interanual, segons els experts. Estar i tenir visibilitat \u00e9s important. Per\u00f2, on i com? Estar a tot arreu [&hellip;]<\/p>\n","protected":false},"author":1,"featured_media":4685,"comment_status":"open","ping_status":"open","sticky":false,"template":"","format":"standard","meta":{"inline_featured_image":false,"footnotes":""},"categories":[27],"tags":[],"class_list":["post-6404","post","type-post","status-publish","format-standard","has-post-thumbnail","hentry","category-actualitat"],"yoast_head":"<!-- This site is optimized with the Yoast SEO plugin v27.3 - https:\/\/yoast.com\/product\/yoast-seo-wordpress\/ -->\n<title>amec presenta una Guia de l&#039;e-commerce per a la Ind\u00fastria amb els marketplaces m\u00e9s interessants segons cada sector i mercat | amec Positive Industry<\/title>\n<meta name=\"robots\" content=\"index, follow, max-snippet:-1, max-image-preview:large, max-video-preview:-1\" \/>\n<link rel=\"canonical\" href=\"https:\/\/amec.es\/ca\/actualitat\/amec-presenta-una-guia-de-le-commerce-per-a-la-industria-amb-els-marketplaces-mes-interessants-segons-cada-sector-i-mercat\/\" \/>\n<meta property=\"og:locale\" content=\"ca_ES\" \/>\n<meta property=\"og:type\" content=\"article\" \/>\n<meta property=\"og:title\" content=\"amec presenta una Guia de l&#039;e-commerce per a la Ind\u00fastria amb els marketplaces m\u00e9s interessants segons cada sector i mercat | amec Positive Industry\" \/>\n<meta property=\"og:description\" content=\"La digitalitzaci\u00f3 de el comer\u00e7 impulsa i fins i tot obliga les empreses industrials a estar presents en els nous espais de venda i comercialitzaci\u00f3. En els propers tres anys el comer\u00e7 electr\u00f2nic B2B creixer\u00e0 un 25% interanual, segons els experts. Estar i tenir visibilitat \u00e9s important. Per\u00f2, on i com? Estar a tot arreu [&hellip;]\" \/>\n<meta property=\"og:url\" content=\"https:\/\/amec.es\/ca\/actualitat\/amec-presenta-una-guia-de-le-commerce-per-a-la-industria-amb-els-marketplaces-mes-interessants-segons-cada-sector-i-mercat\/\" \/>\n<meta property=\"og:site_name\" content=\"amec Positive Industry\" \/>\n<meta property=\"article:published_time\" content=\"2021-02-25T10:11:46+00:00\" \/>\n<meta property=\"og:image\" content=\"https:\/\/amec.es\/wp-content\/uploads\/2024\/02\/Logo_AMEC.png\" \/>\n\t<meta property=\"og:image:width\" content=\"1827\" \/>\n\t<meta property=\"og:image:height\" content=\"438\" \/>\n\t<meta property=\"og:image:type\" content=\"image\/png\" \/>\n<meta name=\"author\" content=\"webmaster\" \/>\n<meta name=\"twitter:card\" content=\"summary_large_image\" \/>\n<meta name=\"twitter:label1\" content=\"Escrit per\" \/>\n\t<meta name=\"twitter:data1\" content=\"webmaster\" \/>\n\t<meta name=\"twitter:label2\" content=\"Temps estimat de lectura\" \/>\n\t<meta name=\"twitter:data2\" content=\"2 minuts\" \/>\n<script type=\"application\/ld+json\" class=\"yoast-schema-graph\">{\"@context\":\"https:\\\/\\\/schema.org\",\"@graph\":[{\"@type\":\"Article\",\"@id\":\"https:\\\/\\\/amec.es\\\/ca\\\/actualitat\\\/amec-presenta-una-guia-de-le-commerce-per-a-la-industria-amb-els-marketplaces-mes-interessants-segons-cada-sector-i-mercat\\\/#article\",\"isPartOf\":{\"@id\":\"https:\\\/\\\/amec.es\\\/ca\\\/actualitat\\\/amec-presenta-una-guia-de-le-commerce-per-a-la-industria-amb-els-marketplaces-mes-interessants-segons-cada-sector-i-mercat\\\/\"},\"author\":{\"name\":\"webmaster\",\"@id\":\"https:\\\/\\\/amec.es\\\/#\\\/schema\\\/person\\\/377e1e145733915506a55297ad2fc830\"},\"headline\":\"amec presenta una Guia de l&#8217;e-commerce per a la Ind\u00fastria amb els marketplaces m\u00e9s interessants segons cada sector i mercat\",\"datePublished\":\"2021-02-25T10:11:46+00:00\",\"mainEntityOfPage\":{\"@id\":\"https:\\\/\\\/amec.es\\\/ca\\\/actualitat\\\/amec-presenta-una-guia-de-le-commerce-per-a-la-industria-amb-els-marketplaces-mes-interessants-segons-cada-sector-i-mercat\\\/\"},\"wordCount\":507,\"commentCount\":0,\"publisher\":{\"@id\":\"https:\\\/\\\/amec.es\\\/#organization\"},\"image\":{\"@id\":\"https:\\\/\\\/amec.es\\\/ca\\\/actualitat\\\/amec-presenta-una-guia-de-le-commerce-per-a-la-industria-amb-els-marketplaces-mes-interessants-segons-cada-sector-i-mercat\\\/#primaryimage\"},\"thumbnailUrl\":\"\",\"articleSection\":[\"Actualitat\"],\"inLanguage\":\"ca\",\"potentialAction\":[{\"@type\":\"CommentAction\",\"name\":\"Comment\",\"target\":[\"https:\\\/\\\/amec.es\\\/ca\\\/actualitat\\\/amec-presenta-una-guia-de-le-commerce-per-a-la-industria-amb-els-marketplaces-mes-interessants-segons-cada-sector-i-mercat\\\/#respond\"]}]},{\"@type\":\"WebPage\",\"@id\":\"https:\\\/\\\/amec.es\\\/ca\\\/actualitat\\\/amec-presenta-una-guia-de-le-commerce-per-a-la-industria-amb-els-marketplaces-mes-interessants-segons-cada-sector-i-mercat\\\/\",\"url\":\"https:\\\/\\\/amec.es\\\/ca\\\/actualitat\\\/amec-presenta-una-guia-de-le-commerce-per-a-la-industria-amb-els-marketplaces-mes-interessants-segons-cada-sector-i-mercat\\\/\",\"name\":\"amec presenta una Guia de l'e-commerce per a la Ind\u00fastria amb els marketplaces m\u00e9s interessants segons cada sector i mercat | amec Positive Industry\",\"isPartOf\":{\"@id\":\"https:\\\/\\\/amec.es\\\/#website\"},\"primaryImageOfPage\":{\"@id\":\"https:\\\/\\\/amec.es\\\/ca\\\/actualitat\\\/amec-presenta-una-guia-de-le-commerce-per-a-la-industria-amb-els-marketplaces-mes-interessants-segons-cada-sector-i-mercat\\\/#primaryimage\"},\"image\":{\"@id\":\"https:\\\/\\\/amec.es\\\/ca\\\/actualitat\\\/amec-presenta-una-guia-de-le-commerce-per-a-la-industria-amb-els-marketplaces-mes-interessants-segons-cada-sector-i-mercat\\\/#primaryimage\"},\"thumbnailUrl\":\"\",\"datePublished\":\"2021-02-25T10:11:46+00:00\",\"breadcrumb\":{\"@id\":\"https:\\\/\\\/amec.es\\\/ca\\\/actualitat\\\/amec-presenta-una-guia-de-le-commerce-per-a-la-industria-amb-els-marketplaces-mes-interessants-segons-cada-sector-i-mercat\\\/#breadcrumb\"},\"inLanguage\":\"ca\",\"potentialAction\":[{\"@type\":\"ReadAction\",\"target\":[\"https:\\\/\\\/amec.es\\\/ca\\\/actualitat\\\/amec-presenta-una-guia-de-le-commerce-per-a-la-industria-amb-els-marketplaces-mes-interessants-segons-cada-sector-i-mercat\\\/\"]}]},{\"@type\":\"ImageObject\",\"inLanguage\":\"ca\",\"@id\":\"https:\\\/\\\/amec.es\\\/ca\\\/actualitat\\\/amec-presenta-una-guia-de-le-commerce-per-a-la-industria-amb-els-marketplaces-mes-interessants-segons-cada-sector-i-mercat\\\/#primaryimage\",\"url\":\"\",\"contentUrl\":\"\"},{\"@type\":\"BreadcrumbList\",\"@id\":\"https:\\\/\\\/amec.es\\\/ca\\\/actualitat\\\/amec-presenta-una-guia-de-le-commerce-per-a-la-industria-amb-els-marketplaces-mes-interessants-segons-cada-sector-i-mercat\\\/#breadcrumb\",\"itemListElement\":[{\"@type\":\"ListItem\",\"position\":1,\"name\":\"Portada\",\"item\":\"https:\\\/\\\/amec.es\\\/ca\\\/home-new\\\/\"},{\"@type\":\"ListItem\",\"position\":2,\"name\":\"amec presenta una Guia de l&#8217;e-commerce per a la Ind\u00fastria amb els marketplaces m\u00e9s interessants segons cada sector i mercat\"}]},{\"@type\":\"WebSite\",\"@id\":\"https:\\\/\\\/amec.es\\\/#website\",\"url\":\"https:\\\/\\\/amec.es\\\/\",\"name\":\"amec Positive Industry\",\"description\":\"\",\"publisher\":{\"@id\":\"https:\\\/\\\/amec.es\\\/#organization\"},\"potentialAction\":[{\"@type\":\"SearchAction\",\"target\":{\"@type\":\"EntryPoint\",\"urlTemplate\":\"https:\\\/\\\/amec.es\\\/?s={search_term_string}\"},\"query-input\":{\"@type\":\"PropertyValueSpecification\",\"valueRequired\":true,\"valueName\":\"search_term_string\"}}],\"inLanguage\":\"ca\"},{\"@type\":\"Organization\",\"@id\":\"https:\\\/\\\/amec.es\\\/#organization\",\"name\":\"amec Positive Industry\",\"url\":\"https:\\\/\\\/amec.es\\\/\",\"logo\":{\"@type\":\"ImageObject\",\"inLanguage\":\"ca\",\"@id\":\"https:\\\/\\\/amec.es\\\/#\\\/schema\\\/logo\\\/image\\\/\",\"url\":\"https:\\\/\\\/amec.es\\\/wp-content\\\/uploads\\\/2023\\\/07\\\/logoamec.png\",\"contentUrl\":\"https:\\\/\\\/amec.es\\\/wp-content\\\/uploads\\\/2023\\\/07\\\/logoamec.png\",\"width\":200,\"height\":48,\"caption\":\"amec Positive Industry\"},\"image\":{\"@id\":\"https:\\\/\\\/amec.es\\\/#\\\/schema\\\/logo\\\/image\\\/\"}},{\"@type\":\"Person\",\"@id\":\"https:\\\/\\\/amec.es\\\/#\\\/schema\\\/person\\\/377e1e145733915506a55297ad2fc830\",\"name\":\"webmaster\",\"image\":{\"@type\":\"ImageObject\",\"inLanguage\":\"ca\",\"@id\":\"https:\\\/\\\/secure.gravatar.com\\\/avatar\\\/1122ff7c82efe2079ddb19cd256fc39ab150caee9b258eeae8928e7f703c39f3?s=96&d=mm&r=g\",\"url\":\"https:\\\/\\\/secure.gravatar.com\\\/avatar\\\/1122ff7c82efe2079ddb19cd256fc39ab150caee9b258eeae8928e7f703c39f3?s=96&d=mm&r=g\",\"contentUrl\":\"https:\\\/\\\/secure.gravatar.com\\\/avatar\\\/1122ff7c82efe2079ddb19cd256fc39ab150caee9b258eeae8928e7f703c39f3?s=96&d=mm&r=g\",\"caption\":\"webmaster\"}}]}<\/script>\n<!-- \/ Yoast SEO plugin. -->","yoast_head_json":{"title":"amec presenta una Guia de l'e-commerce per a la Ind\u00fastria amb els marketplaces m\u00e9s interessants segons cada sector i mercat | amec Positive Industry","robots":{"index":"index","follow":"follow","max-snippet":"max-snippet:-1","max-image-preview":"max-image-preview:large","max-video-preview":"max-video-preview:-1"},"canonical":"https:\/\/amec.es\/ca\/actualitat\/amec-presenta-una-guia-de-le-commerce-per-a-la-industria-amb-els-marketplaces-mes-interessants-segons-cada-sector-i-mercat\/","og_locale":"ca_ES","og_type":"article","og_title":"amec presenta una Guia de l'e-commerce per a la Ind\u00fastria amb els marketplaces m\u00e9s interessants segons cada sector i mercat | amec Positive Industry","og_description":"La digitalitzaci\u00f3 de el comer\u00e7 impulsa i fins i tot obliga les empreses industrials a estar presents en els nous espais de venda i comercialitzaci\u00f3. En els propers tres anys el comer\u00e7 electr\u00f2nic B2B creixer\u00e0 un 25% interanual, segons els experts. Estar i tenir visibilitat \u00e9s important. Per\u00f2, on i com? Estar a tot arreu [&hellip;]","og_url":"https:\/\/amec.es\/ca\/actualitat\/amec-presenta-una-guia-de-le-commerce-per-a-la-industria-amb-els-marketplaces-mes-interessants-segons-cada-sector-i-mercat\/","og_site_name":"amec Positive Industry","article_published_time":"2021-02-25T10:11:46+00:00","og_image":[{"width":1827,"height":438,"url":"https:\/\/amec.es\/wp-content\/uploads\/2024\/02\/Logo_AMEC.png","type":"image\/png"}],"author":"webmaster","twitter_card":"summary_large_image","twitter_misc":{"Escrit per":"webmaster","Temps estimat de lectura":"2 minuts"},"schema":{"@context":"https:\/\/schema.org","@graph":[{"@type":"Article","@id":"https:\/\/amec.es\/ca\/actualitat\/amec-presenta-una-guia-de-le-commerce-per-a-la-industria-amb-els-marketplaces-mes-interessants-segons-cada-sector-i-mercat\/#article","isPartOf":{"@id":"https:\/\/amec.es\/ca\/actualitat\/amec-presenta-una-guia-de-le-commerce-per-a-la-industria-amb-els-marketplaces-mes-interessants-segons-cada-sector-i-mercat\/"},"author":{"name":"webmaster","@id":"https:\/\/amec.es\/#\/schema\/person\/377e1e145733915506a55297ad2fc830"},"headline":"amec presenta una Guia de l&#8217;e-commerce per a la Ind\u00fastria amb els marketplaces m\u00e9s interessants segons cada sector i mercat","datePublished":"2021-02-25T10:11:46+00:00","mainEntityOfPage":{"@id":"https:\/\/amec.es\/ca\/actualitat\/amec-presenta-una-guia-de-le-commerce-per-a-la-industria-amb-els-marketplaces-mes-interessants-segons-cada-sector-i-mercat\/"},"wordCount":507,"commentCount":0,"publisher":{"@id":"https:\/\/amec.es\/#organization"},"image":{"@id":"https:\/\/amec.es\/ca\/actualitat\/amec-presenta-una-guia-de-le-commerce-per-a-la-industria-amb-els-marketplaces-mes-interessants-segons-cada-sector-i-mercat\/#primaryimage"},"thumbnailUrl":"","articleSection":["Actualitat"],"inLanguage":"ca","potentialAction":[{"@type":"CommentAction","name":"Comment","target":["https:\/\/amec.es\/ca\/actualitat\/amec-presenta-una-guia-de-le-commerce-per-a-la-industria-amb-els-marketplaces-mes-interessants-segons-cada-sector-i-mercat\/#respond"]}]},{"@type":"WebPage","@id":"https:\/\/amec.es\/ca\/actualitat\/amec-presenta-una-guia-de-le-commerce-per-a-la-industria-amb-els-marketplaces-mes-interessants-segons-cada-sector-i-mercat\/","url":"https:\/\/amec.es\/ca\/actualitat\/amec-presenta-una-guia-de-le-commerce-per-a-la-industria-amb-els-marketplaces-mes-interessants-segons-cada-sector-i-mercat\/","name":"amec presenta una Guia de l'e-commerce per a la Ind\u00fastria amb els marketplaces m\u00e9s interessants segons cada sector i mercat | amec Positive Industry","isPartOf":{"@id":"https:\/\/amec.es\/#website"},"primaryImageOfPage":{"@id":"https:\/\/amec.es\/ca\/actualitat\/amec-presenta-una-guia-de-le-commerce-per-a-la-industria-amb-els-marketplaces-mes-interessants-segons-cada-sector-i-mercat\/#primaryimage"},"image":{"@id":"https:\/\/amec.es\/ca\/actualitat\/amec-presenta-una-guia-de-le-commerce-per-a-la-industria-amb-els-marketplaces-mes-interessants-segons-cada-sector-i-mercat\/#primaryimage"},"thumbnailUrl":"","datePublished":"2021-02-25T10:11:46+00:00","breadcrumb":{"@id":"https:\/\/amec.es\/ca\/actualitat\/amec-presenta-una-guia-de-le-commerce-per-a-la-industria-amb-els-marketplaces-mes-interessants-segons-cada-sector-i-mercat\/#breadcrumb"},"inLanguage":"ca","potentialAction":[{"@type":"ReadAction","target":["https:\/\/amec.es\/ca\/actualitat\/amec-presenta-una-guia-de-le-commerce-per-a-la-industria-amb-els-marketplaces-mes-interessants-segons-cada-sector-i-mercat\/"]}]},{"@type":"ImageObject","inLanguage":"ca","@id":"https:\/\/amec.es\/ca\/actualitat\/amec-presenta-una-guia-de-le-commerce-per-a-la-industria-amb-els-marketplaces-mes-interessants-segons-cada-sector-i-mercat\/#primaryimage","url":"","contentUrl":""},{"@type":"BreadcrumbList","@id":"https:\/\/amec.es\/ca\/actualitat\/amec-presenta-una-guia-de-le-commerce-per-a-la-industria-amb-els-marketplaces-mes-interessants-segons-cada-sector-i-mercat\/#breadcrumb","itemListElement":[{"@type":"ListItem","position":1,"name":"Portada","item":"https:\/\/amec.es\/ca\/home-new\/"},{"@type":"ListItem","position":2,"name":"amec presenta una Guia de l&#8217;e-commerce per a la Ind\u00fastria amb els marketplaces m\u00e9s interessants segons cada sector i mercat"}]},{"@type":"WebSite","@id":"https:\/\/amec.es\/#website","url":"https:\/\/amec.es\/","name":"amec Positive Industry","description":"","publisher":{"@id":"https:\/\/amec.es\/#organization"},"potentialAction":[{"@type":"SearchAction","target":{"@type":"EntryPoint","urlTemplate":"https:\/\/amec.es\/?s={search_term_string}"},"query-input":{"@type":"PropertyValueSpecification","valueRequired":true,"valueName":"search_term_string"}}],"inLanguage":"ca"},{"@type":"Organization","@id":"https:\/\/amec.es\/#organization","name":"amec Positive Industry","url":"https:\/\/amec.es\/","logo":{"@type":"ImageObject","inLanguage":"ca","@id":"https:\/\/amec.es\/#\/schema\/logo\/image\/","url":"https:\/\/amec.es\/wp-content\/uploads\/2023\/07\/logoamec.png","contentUrl":"https:\/\/amec.es\/wp-content\/uploads\/2023\/07\/logoamec.png","width":200,"height":48,"caption":"amec Positive Industry"},"image":{"@id":"https:\/\/amec.es\/#\/schema\/logo\/image\/"}},{"@type":"Person","@id":"https:\/\/amec.es\/#\/schema\/person\/377e1e145733915506a55297ad2fc830","name":"webmaster","image":{"@type":"ImageObject","inLanguage":"ca","@id":"https:\/\/secure.gravatar.com\/avatar\/1122ff7c82efe2079ddb19cd256fc39ab150caee9b258eeae8928e7f703c39f3?s=96&d=mm&r=g","url":"https:\/\/secure.gravatar.com\/avatar\/1122ff7c82efe2079ddb19cd256fc39ab150caee9b258eeae8928e7f703c39f3?s=96&d=mm&r=g","contentUrl":"https:\/\/secure.gravatar.com\/avatar\/1122ff7c82efe2079ddb19cd256fc39ab150caee9b258eeae8928e7f703c39f3?s=96&d=mm&r=g","caption":"webmaster"}}]}},"_links":{"self":[{"href":"https:\/\/amec.es\/ca\/wp-json\/wp\/v2\/posts\/6404","targetHints":{"allow":["GET"]}}],"collection":[{"href":"https:\/\/amec.es\/ca\/wp-json\/wp\/v2\/posts"}],"about":[{"href":"https:\/\/amec.es\/ca\/wp-json\/wp\/v2\/types\/post"}],"author":[{"embeddable":true,"href":"https:\/\/amec.es\/ca\/wp-json\/wp\/v2\/users\/1"}],"replies":[{"embeddable":true,"href":"https:\/\/amec.es\/ca\/wp-json\/wp\/v2\/comments?post=6404"}],"version-history":[{"count":0,"href":"https:\/\/amec.es\/ca\/wp-json\/wp\/v2\/posts\/6404\/revisions"}],"wp:featuredmedia":[{"embeddable":true,"href":"https:\/\/amec.es\/ca\/wp-json\/"}],"wp:attachment":[{"href":"https:\/\/amec.es\/ca\/wp-json\/wp\/v2\/media?parent=6404"}],"wp:term":[{"taxonomy":"category","embeddable":true,"href":"https:\/\/amec.es\/ca\/wp-json\/wp\/v2\/categories?post=6404"},{"taxonomy":"post_tag","embeddable":true,"href":"https:\/\/amec.es\/ca\/wp-json\/wp\/v2\/tags?post=6404"}],"curies":[{"name":"wp","href":"https:\/\/api.w.org\/{rel}","templated":true}]}}