{"id":6406,"date":"2021-03-11T06:36:10","date_gmt":"2021-03-11T06:36:10","guid":{"rendered":"https:\/\/wecreatedesign.co\/dev\/WP\/amec\/?p=5519"},"modified":"2021-03-11T06:36:10","modified_gmt":"2021-03-11T06:36:10","slug":"amec-impulsa-la-promocio-i-internacionalitzacio-dhispack-i-alimentaria-foodtech","status":"publish","type":"post","link":"https:\/\/amec.es\/ca\/amec-als-mitjans\/amec-impulsa-la-promocio-i-internacionalitzacio-dhispack-i-alimentaria-foodtech\/","title":{"rendered":"amec impulsa la promoci\u00f3 i internacionalitzaci\u00f3 d&#8217;Hispack i Aliment\u00e0ria FoodTech"},"content":{"rendered":"<div class=\"portletDetailNoticies\">\n<div class=\"amplada-pagina descripcion\">\n<ul>\n<li><strong>Tots dos salons seran la primera convocat\u00f2ria presencial dels seus respectius sectors a Europa despr\u00e9s del comen\u00e7ament de la pand\u00e8mia<\/strong><\/li>\n<\/ul>\n<p><strong>\u00a0<\/strong><\/p>\n<p><strong>Barcelona 11 de mar\u00e7 de 2021.<\/strong>\u00a0<strong><em>amec,<\/em><\/strong>\u00a0la comunitat de les empreses industrials internacionalitzades, i Fira de Barcelona han ratificat l&#8217;acord de col\u00b7laboraci\u00f3 per donar el m\u00e0xim impuls a la promoci\u00f3 i la internacionalitzaci\u00f3 dels salons Hispack i Aliment\u00e0ria FoodTech, que se celebraran conjuntament del 19 al 22 d&#8217;octubre a al recinte Gran Via de Fira de Barcelona.<\/p>\n<p>&nbsp;<\/p>\n<p>Aix\u00ed ho han acordat recentment els principals directius d&#8217;ambdues institucions i de amecalimentec i amecenvasgraf, les agrupacions sectorials d&#8217;amec. Gr\u00e0cies a aquesta col\u00b7laboraci\u00f3, amec treballar\u00e0 al costat de tots dos salons en la selecci\u00f3 de pa\u00efsos clau per a l&#8217;exportaci\u00f3 tant d&#8217;env\u00e0s i embalatge com de tecnologia aliment\u00e0ria i equipament per a la transformaci\u00f3 i conservaci\u00f3 d&#8217;aliments i begudes, i seleccionar\u00e0 un grup de compradors internacionals dels pa\u00efsos amb major potencial de compra com al sud d&#8217;Europa, Llatinoam\u00e8rica, la conca Mediterr\u00e0nia i nord d&#8217;\u00c0frica.<\/p>\n<p>&nbsp;<\/p>\n<p>Tant Hispack com Aliment\u00e0ria FoodTech s\u00f3n un clar referent firal per als mercats de al Sud d&#8217;Europa, d&#8217;on procedeixen gran part dels seus visitants professionals. La plataforma formada per les dues fires ser\u00e0 la primera convocat\u00f2ria dels seus respectius sectors a Europa despr\u00e9s del comen\u00e7ament de la pand\u00e8mia. \u00c9s per aix\u00f2 que Fira de Barcelona, \u200b\u200bamecalimentec, amecenvasgraf i les dues fires han acordat unir els seus esfor\u00e7os perqu\u00e8 sigui una cita ineludible a nivell nacional i internacional tant per als expositors com per als visitants. Mostra d&#8217;aix\u00f2 \u00e9s la trobada que van celebrar els seus principals representants a la seu de amec, per tal de sumar esfor\u00e7os per assegurar l&#8217;\u00e8xit de les dues convocat\u00f2ries.<\/p>\n<p>&nbsp;<\/p>\n<p>La doble convocat\u00f2ria firal oferir\u00e0 una visi\u00f3 completa de l&#8217;cicle de vida del producte alimentari, des de l&#8217;ingredient fins als equips i tecnologies per a totes les fases de l&#8217;proc\u00e9s de fabricaci\u00f3, passant per l&#8217;env\u00e0s i embalatge, la log\u00edstica o la seva arribada a el punt de venda. Aix\u00ed mateix, Hispack mostrar\u00e0 tamb\u00e9 solucions de packaging, proc\u00e9s i log\u00edstica per a la resta de sectors productius. Les sinergies entre tots dos salons s\u00f3n notables, ja que la ind\u00fastria aliment\u00e0ria \u00e9s el principal demandant en solucions d&#8217;env\u00e0s i embalatge.<\/p>\n<p>&nbsp;<\/p>\n<p>A m\u00e9s de la internacionalitat, els dos salons han de fomentar la innovaci\u00f3, l&#8217;emprenedoria, la sostenibilitat i la transformaci\u00f3 digital de les empreses a trav\u00e9s de les seves activitats formatives i de networking per contribuir a la reactivaci\u00f3 i creixement econ\u00f2mic de les seves ind\u00fastries.<\/p>\n<p>&nbsp;<\/p>\n<p>En la seva \u00faltima edici\u00f3 conjunta, el 2018, Hispack i Aliment\u00e0ria FoodTech van reunir prop de 1.100 expositors directes de 30 pa\u00efsos i m\u00e9s de 38.000 visitants, un 10% de proced\u00e8ncia internacional.<\/p>\n<p>&nbsp;<\/p>\n<p><strong>Gran expectaci\u00f3<\/strong><\/p>\n<p>&nbsp;<\/p>\n<p>Les agrupacions amecalimentec i amecenvasgraf representen als fabricants espanyols de tecnologia de proc\u00e9s alimentari, ingredients i packaging i uneixen a les principals empreses expositores d&#8217;aquests salons. Aquestes empreses estan esperant amb gran expectaci\u00f3 la celebraci\u00f3 de les dues fires, conscients que ser\u00e0 una excel\u00b7lent oportunitat per retrobar-se finalment amb els seus clients d&#8217;una manera presencial i segura.<\/p>\n<p>&nbsp;<\/p>\n<p>Bona part d&#8217;aquests fabricants s\u00f3n l\u00edders mundials en les seves especialitats i durant la pand\u00e8mia, com a servei essencial, han seguit produint i prestant servei, posant tot el seu esfor\u00e7 en arribar en tot moment all\u00e0 on es necessitava tot i les dificultats. Un comprom\u00eds que caracteritza a aquesta ind\u00fastria i que ha estat molt valorat, ja que en moltes ocasions estreta encara m\u00e9s la relaci\u00f3 entre client i prove\u00efdor.<\/p>\n<p><strong>\u00a0<\/strong><\/p>\n<p><strong><em>amec<\/em>\u00a0impulsa els nous factors clau de competitivitat a les empreses<\/strong><\/p>\n<p>&nbsp;<\/p>\n<p><em><strong>amecalimentec i amecenvasgraf<\/strong><\/em>\u00a0formen part d&#8217;<em><strong>amec<\/strong><\/em>, la comunitat de les empreses industrials internacionalizadas.amec impulsa els nous factors clau de competitivitat a les empreses a Espanya: anticipaci\u00f3, adaptabilitat, col\u00b7laboraci\u00f3, glocalitzaci\u00f3 i sostenibilitat. Les empreses que formen part d&#8217;amec generen un volum d&#8217;exportaci\u00f3 superior als 6.200 milions d&#8217;euros, exporten de mitjana el 55,5% de la seva facturaci\u00f3 i inverteixen el 4,7% en innovaci\u00f3.<\/p>\n<div class=\"registre-accions amplada-pagina\">\n<div class=\"addthis_inline_share_toolbox\" style=\"margin: 0px; padding: 0px; border: 0px; outline: 0px; font-weight: inherit; font-style: inherit; clear: both;\" data-url=\"https:\/\/www.amec.es\/ca\/pl191\/amecnews\/notas-de-prensa\/id664\/amec-impulsa-la-promocion-e-internacionalizacion-de-hispack-y-alimentaria-foodtech.htm?fcat_191=378\" data-title=\"&lt;em&gt;amec&lt;\/em&gt; impulsa la promoci\u00f3 i internacionalitzaci\u00f3 d'Hispack i Aliment\u00e0ria FoodTech\" data-description=\"Tots dos salons seran la primera convocat\u00f2ria presencial dels seus respectius sectors a Europa despr\u00e9s del comen\u00e7ament de la pand\u00e8mia\n\nBarcelona 11 de mar\u00e7 de 2021. amec,\u00a0la comunitat de les empreses industrials internacionalitzades, i Fira de Barcelona han ratificat l'acord de col\u00b7laboraci\u00f3 per donar el m\u00e0xim impuls a la promoci\u00f3 i la internacionalitzaci\u00f3 dels salons Hispack i Aliment\u00e0ria FoodTech, que se celebraran conjuntament del 19 al 22 d'octubre a al recinte Gran Via de Fira...\"><\/p>\n<div id=\"atstbx\" class=\"at-resp-share-element at-style-responsive addthis-smartlayers addthis-animated at4-show\" role=\"region\" aria-labelledby=\"at-dde0e61a-980f-4cd9-9d71-b91155dac56e\"><span id=\"at-dde0e61a-980f-4cd9-9d71-b91155dac56e\" class=\"at4-visually-hidden\"><\/span><\/p>\n<div class=\"at-share-btn-elements\"><\/div>\n","protected":false},"excerpt":{"rendered":"<p>Tots dos salons seran la primera convocat\u00f2ria presencial dels seus respectius sectors a Europa despr\u00e9s del comen\u00e7ament de la pand\u00e8mia \u00a0 Barcelona 11 de mar\u00e7 de 2021.\u00a0amec,\u00a0la comunitat de les empreses industrials internacionalitzades, i Fira de Barcelona han ratificat l&#8217;acord de col\u00b7laboraci\u00f3 per donar el m\u00e0xim impuls a la promoci\u00f3 i la internacionalitzaci\u00f3 dels salons [&hellip;]<\/p>\n","protected":false},"author":1,"featured_media":0,"comment_status":"open","ping_status":"open","sticky":false,"template":"","format":"standard","meta":{"inline_featured_image":false,"footnotes":""},"categories":[25],"tags":[],"class_list":["post-6406","post","type-post","status-publish","format-standard","hentry","category-amec-als-mitjans"],"yoast_head":"<!-- This site is optimized with the Yoast SEO plugin v27.3 - https:\/\/yoast.com\/product\/yoast-seo-wordpress\/ -->\n<title>amec impulsa la promoci\u00f3 i internacionalitzaci\u00f3 d&#039;Hispack i Aliment\u00e0ria FoodTech | amec Positive Industry<\/title>\n<meta name=\"robots\" content=\"index, follow, max-snippet:-1, max-image-preview:large, max-video-preview:-1\" \/>\n<link rel=\"canonical\" href=\"https:\/\/amec.es\/ca\/amec-als-mitjans\/amec-impulsa-la-promocio-i-internacionalitzacio-dhispack-i-alimentaria-foodtech\/\" \/>\n<meta property=\"og:locale\" content=\"ca_ES\" \/>\n<meta property=\"og:type\" content=\"article\" \/>\n<meta property=\"og:title\" content=\"amec impulsa la promoci\u00f3 i internacionalitzaci\u00f3 d&#039;Hispack i Aliment\u00e0ria FoodTech | amec Positive Industry\" \/>\n<meta property=\"og:description\" content=\"Tots dos salons seran la primera convocat\u00f2ria presencial dels seus respectius sectors a Europa despr\u00e9s del comen\u00e7ament de la pand\u00e8mia \u00a0 Barcelona 11 de mar\u00e7 de 2021.\u00a0amec,\u00a0la comunitat de les empreses industrials internacionalitzades, i Fira de Barcelona han ratificat l&#8217;acord de col\u00b7laboraci\u00f3 per donar el m\u00e0xim impuls a la promoci\u00f3 i la internacionalitzaci\u00f3 dels salons [&hellip;]\" \/>\n<meta property=\"og:url\" content=\"https:\/\/amec.es\/ca\/amec-als-mitjans\/amec-impulsa-la-promocio-i-internacionalitzacio-dhispack-i-alimentaria-foodtech\/\" \/>\n<meta property=\"og:site_name\" content=\"amec Positive Industry\" \/>\n<meta property=\"article:published_time\" content=\"2021-03-11T06:36:10+00:00\" \/>\n<meta property=\"og:image\" content=\"https:\/\/amec.es\/wp-content\/uploads\/2024\/02\/Logo_AMEC.png\" \/>\n\t<meta property=\"og:image:width\" content=\"1827\" \/>\n\t<meta property=\"og:image:height\" content=\"438\" \/>\n\t<meta property=\"og:image:type\" content=\"image\/png\" \/>\n<meta name=\"author\" content=\"webmaster\" \/>\n<meta name=\"twitter:card\" content=\"summary_large_image\" \/>\n<meta name=\"twitter:label1\" content=\"Escrit per\" \/>\n\t<meta name=\"twitter:data1\" content=\"webmaster\" \/>\n\t<meta name=\"twitter:label2\" content=\"Temps estimat de lectura\" \/>\n\t<meta name=\"twitter:data2\" content=\"3 minuts\" \/>\n<script type=\"application\/ld+json\" class=\"yoast-schema-graph\">{\"@context\":\"https:\\\/\\\/schema.org\",\"@graph\":[{\"@type\":\"Article\",\"@id\":\"https:\\\/\\\/amec.es\\\/ca\\\/amec-als-mitjans\\\/amec-impulsa-la-promocio-i-internacionalitzacio-dhispack-i-alimentaria-foodtech\\\/#article\",\"isPartOf\":{\"@id\":\"https:\\\/\\\/amec.es\\\/ca\\\/amec-als-mitjans\\\/amec-impulsa-la-promocio-i-internacionalitzacio-dhispack-i-alimentaria-foodtech\\\/\"},\"author\":{\"name\":\"webmaster\",\"@id\":\"https:\\\/\\\/amec.es\\\/#\\\/schema\\\/person\\\/377e1e145733915506a55297ad2fc830\"},\"headline\":\"amec impulsa la promoci\u00f3 i internacionalitzaci\u00f3 d&#8217;Hispack i Aliment\u00e0ria FoodTech\",\"datePublished\":\"2021-03-11T06:36:10+00:00\",\"mainEntityOfPage\":{\"@id\":\"https:\\\/\\\/amec.es\\\/ca\\\/amec-als-mitjans\\\/amec-impulsa-la-promocio-i-internacionalitzacio-dhispack-i-alimentaria-foodtech\\\/\"},\"wordCount\":730,\"commentCount\":0,\"publisher\":{\"@id\":\"https:\\\/\\\/amec.es\\\/#organization\"},\"articleSection\":[\"amec&nbsp;ALS MITJANS\"],\"inLanguage\":\"ca\",\"potentialAction\":[{\"@type\":\"CommentAction\",\"name\":\"Comment\",\"target\":[\"https:\\\/\\\/amec.es\\\/ca\\\/amec-als-mitjans\\\/amec-impulsa-la-promocio-i-internacionalitzacio-dhispack-i-alimentaria-foodtech\\\/#respond\"]}]},{\"@type\":\"WebPage\",\"@id\":\"https:\\\/\\\/amec.es\\\/ca\\\/amec-als-mitjans\\\/amec-impulsa-la-promocio-i-internacionalitzacio-dhispack-i-alimentaria-foodtech\\\/\",\"url\":\"https:\\\/\\\/amec.es\\\/ca\\\/amec-als-mitjans\\\/amec-impulsa-la-promocio-i-internacionalitzacio-dhispack-i-alimentaria-foodtech\\\/\",\"name\":\"amec impulsa la promoci\u00f3 i internacionalitzaci\u00f3 d'Hispack i Aliment\u00e0ria FoodTech | amec Positive Industry\",\"isPartOf\":{\"@id\":\"https:\\\/\\\/amec.es\\\/#website\"},\"datePublished\":\"2021-03-11T06:36:10+00:00\",\"breadcrumb\":{\"@id\":\"https:\\\/\\\/amec.es\\\/ca\\\/amec-als-mitjans\\\/amec-impulsa-la-promocio-i-internacionalitzacio-dhispack-i-alimentaria-foodtech\\\/#breadcrumb\"},\"inLanguage\":\"ca\",\"potentialAction\":[{\"@type\":\"ReadAction\",\"target\":[\"https:\\\/\\\/amec.es\\\/ca\\\/amec-als-mitjans\\\/amec-impulsa-la-promocio-i-internacionalitzacio-dhispack-i-alimentaria-foodtech\\\/\"]}]},{\"@type\":\"BreadcrumbList\",\"@id\":\"https:\\\/\\\/amec.es\\\/ca\\\/amec-als-mitjans\\\/amec-impulsa-la-promocio-i-internacionalitzacio-dhispack-i-alimentaria-foodtech\\\/#breadcrumb\",\"itemListElement\":[{\"@type\":\"ListItem\",\"position\":1,\"name\":\"Portada\",\"item\":\"https:\\\/\\\/amec.es\\\/ca\\\/home-new\\\/\"},{\"@type\":\"ListItem\",\"position\":2,\"name\":\"amec impulsa la promoci\u00f3 i internacionalitzaci\u00f3 d&#8217;Hispack i Aliment\u00e0ria FoodTech\"}]},{\"@type\":\"WebSite\",\"@id\":\"https:\\\/\\\/amec.es\\\/#website\",\"url\":\"https:\\\/\\\/amec.es\\\/\",\"name\":\"amec Positive Industry\",\"description\":\"\",\"publisher\":{\"@id\":\"https:\\\/\\\/amec.es\\\/#organization\"},\"potentialAction\":[{\"@type\":\"SearchAction\",\"target\":{\"@type\":\"EntryPoint\",\"urlTemplate\":\"https:\\\/\\\/amec.es\\\/?s={search_term_string}\"},\"query-input\":{\"@type\":\"PropertyValueSpecification\",\"valueRequired\":true,\"valueName\":\"search_term_string\"}}],\"inLanguage\":\"ca\"},{\"@type\":\"Organization\",\"@id\":\"https:\\\/\\\/amec.es\\\/#organization\",\"name\":\"amec Positive Industry\",\"url\":\"https:\\\/\\\/amec.es\\\/\",\"logo\":{\"@type\":\"ImageObject\",\"inLanguage\":\"ca\",\"@id\":\"https:\\\/\\\/amec.es\\\/#\\\/schema\\\/logo\\\/image\\\/\",\"url\":\"https:\\\/\\\/amec.es\\\/wp-content\\\/uploads\\\/2023\\\/07\\\/logoamec.png\",\"contentUrl\":\"https:\\\/\\\/amec.es\\\/wp-content\\\/uploads\\\/2023\\\/07\\\/logoamec.png\",\"width\":200,\"height\":48,\"caption\":\"amec Positive Industry\"},\"image\":{\"@id\":\"https:\\\/\\\/amec.es\\\/#\\\/schema\\\/logo\\\/image\\\/\"}},{\"@type\":\"Person\",\"@id\":\"https:\\\/\\\/amec.es\\\/#\\\/schema\\\/person\\\/377e1e145733915506a55297ad2fc830\",\"name\":\"webmaster\",\"image\":{\"@type\":\"ImageObject\",\"inLanguage\":\"ca\",\"@id\":\"https:\\\/\\\/secure.gravatar.com\\\/avatar\\\/1122ff7c82efe2079ddb19cd256fc39ab150caee9b258eeae8928e7f703c39f3?s=96&d=mm&r=g\",\"url\":\"https:\\\/\\\/secure.gravatar.com\\\/avatar\\\/1122ff7c82efe2079ddb19cd256fc39ab150caee9b258eeae8928e7f703c39f3?s=96&d=mm&r=g\",\"contentUrl\":\"https:\\\/\\\/secure.gravatar.com\\\/avatar\\\/1122ff7c82efe2079ddb19cd256fc39ab150caee9b258eeae8928e7f703c39f3?s=96&d=mm&r=g\",\"caption\":\"webmaster\"}}]}<\/script>\n<!-- \/ Yoast SEO plugin. -->","yoast_head_json":{"title":"amec impulsa la promoci\u00f3 i internacionalitzaci\u00f3 d'Hispack i Aliment\u00e0ria FoodTech | amec Positive Industry","robots":{"index":"index","follow":"follow","max-snippet":"max-snippet:-1","max-image-preview":"max-image-preview:large","max-video-preview":"max-video-preview:-1"},"canonical":"https:\/\/amec.es\/ca\/amec-als-mitjans\/amec-impulsa-la-promocio-i-internacionalitzacio-dhispack-i-alimentaria-foodtech\/","og_locale":"ca_ES","og_type":"article","og_title":"amec impulsa la promoci\u00f3 i internacionalitzaci\u00f3 d'Hispack i Aliment\u00e0ria FoodTech | amec Positive Industry","og_description":"Tots dos salons seran la primera convocat\u00f2ria presencial dels seus respectius sectors a Europa despr\u00e9s del comen\u00e7ament de la pand\u00e8mia \u00a0 Barcelona 11 de mar\u00e7 de 2021.\u00a0amec,\u00a0la comunitat de les empreses industrials internacionalitzades, i Fira de Barcelona han ratificat l&#8217;acord de col\u00b7laboraci\u00f3 per donar el m\u00e0xim impuls a la promoci\u00f3 i la internacionalitzaci\u00f3 dels salons [&hellip;]","og_url":"https:\/\/amec.es\/ca\/amec-als-mitjans\/amec-impulsa-la-promocio-i-internacionalitzacio-dhispack-i-alimentaria-foodtech\/","og_site_name":"amec Positive Industry","article_published_time":"2021-03-11T06:36:10+00:00","og_image":[{"width":1827,"height":438,"url":"https:\/\/amec.es\/wp-content\/uploads\/2024\/02\/Logo_AMEC.png","type":"image\/png"}],"author":"webmaster","twitter_card":"summary_large_image","twitter_misc":{"Escrit per":"webmaster","Temps estimat de lectura":"3 minuts"},"schema":{"@context":"https:\/\/schema.org","@graph":[{"@type":"Article","@id":"https:\/\/amec.es\/ca\/amec-als-mitjans\/amec-impulsa-la-promocio-i-internacionalitzacio-dhispack-i-alimentaria-foodtech\/#article","isPartOf":{"@id":"https:\/\/amec.es\/ca\/amec-als-mitjans\/amec-impulsa-la-promocio-i-internacionalitzacio-dhispack-i-alimentaria-foodtech\/"},"author":{"name":"webmaster","@id":"https:\/\/amec.es\/#\/schema\/person\/377e1e145733915506a55297ad2fc830"},"headline":"amec impulsa la promoci\u00f3 i internacionalitzaci\u00f3 d&#8217;Hispack i Aliment\u00e0ria FoodTech","datePublished":"2021-03-11T06:36:10+00:00","mainEntityOfPage":{"@id":"https:\/\/amec.es\/ca\/amec-als-mitjans\/amec-impulsa-la-promocio-i-internacionalitzacio-dhispack-i-alimentaria-foodtech\/"},"wordCount":730,"commentCount":0,"publisher":{"@id":"https:\/\/amec.es\/#organization"},"articleSection":["amec&nbsp;ALS MITJANS"],"inLanguage":"ca","potentialAction":[{"@type":"CommentAction","name":"Comment","target":["https:\/\/amec.es\/ca\/amec-als-mitjans\/amec-impulsa-la-promocio-i-internacionalitzacio-dhispack-i-alimentaria-foodtech\/#respond"]}]},{"@type":"WebPage","@id":"https:\/\/amec.es\/ca\/amec-als-mitjans\/amec-impulsa-la-promocio-i-internacionalitzacio-dhispack-i-alimentaria-foodtech\/","url":"https:\/\/amec.es\/ca\/amec-als-mitjans\/amec-impulsa-la-promocio-i-internacionalitzacio-dhispack-i-alimentaria-foodtech\/","name":"amec impulsa la promoci\u00f3 i internacionalitzaci\u00f3 d'Hispack i Aliment\u00e0ria FoodTech | amec Positive Industry","isPartOf":{"@id":"https:\/\/amec.es\/#website"},"datePublished":"2021-03-11T06:36:10+00:00","breadcrumb":{"@id":"https:\/\/amec.es\/ca\/amec-als-mitjans\/amec-impulsa-la-promocio-i-internacionalitzacio-dhispack-i-alimentaria-foodtech\/#breadcrumb"},"inLanguage":"ca","potentialAction":[{"@type":"ReadAction","target":["https:\/\/amec.es\/ca\/amec-als-mitjans\/amec-impulsa-la-promocio-i-internacionalitzacio-dhispack-i-alimentaria-foodtech\/"]}]},{"@type":"BreadcrumbList","@id":"https:\/\/amec.es\/ca\/amec-als-mitjans\/amec-impulsa-la-promocio-i-internacionalitzacio-dhispack-i-alimentaria-foodtech\/#breadcrumb","itemListElement":[{"@type":"ListItem","position":1,"name":"Portada","item":"https:\/\/amec.es\/ca\/home-new\/"},{"@type":"ListItem","position":2,"name":"amec impulsa la promoci\u00f3 i internacionalitzaci\u00f3 d&#8217;Hispack i Aliment\u00e0ria FoodTech"}]},{"@type":"WebSite","@id":"https:\/\/amec.es\/#website","url":"https:\/\/amec.es\/","name":"amec Positive Industry","description":"","publisher":{"@id":"https:\/\/amec.es\/#organization"},"potentialAction":[{"@type":"SearchAction","target":{"@type":"EntryPoint","urlTemplate":"https:\/\/amec.es\/?s={search_term_string}"},"query-input":{"@type":"PropertyValueSpecification","valueRequired":true,"valueName":"search_term_string"}}],"inLanguage":"ca"},{"@type":"Organization","@id":"https:\/\/amec.es\/#organization","name":"amec Positive Industry","url":"https:\/\/amec.es\/","logo":{"@type":"ImageObject","inLanguage":"ca","@id":"https:\/\/amec.es\/#\/schema\/logo\/image\/","url":"https:\/\/amec.es\/wp-content\/uploads\/2023\/07\/logoamec.png","contentUrl":"https:\/\/amec.es\/wp-content\/uploads\/2023\/07\/logoamec.png","width":200,"height":48,"caption":"amec Positive Industry"},"image":{"@id":"https:\/\/amec.es\/#\/schema\/logo\/image\/"}},{"@type":"Person","@id":"https:\/\/amec.es\/#\/schema\/person\/377e1e145733915506a55297ad2fc830","name":"webmaster","image":{"@type":"ImageObject","inLanguage":"ca","@id":"https:\/\/secure.gravatar.com\/avatar\/1122ff7c82efe2079ddb19cd256fc39ab150caee9b258eeae8928e7f703c39f3?s=96&d=mm&r=g","url":"https:\/\/secure.gravatar.com\/avatar\/1122ff7c82efe2079ddb19cd256fc39ab150caee9b258eeae8928e7f703c39f3?s=96&d=mm&r=g","contentUrl":"https:\/\/secure.gravatar.com\/avatar\/1122ff7c82efe2079ddb19cd256fc39ab150caee9b258eeae8928e7f703c39f3?s=96&d=mm&r=g","caption":"webmaster"}}]}},"_links":{"self":[{"href":"https:\/\/amec.es\/ca\/wp-json\/wp\/v2\/posts\/6406","targetHints":{"allow":["GET"]}}],"collection":[{"href":"https:\/\/amec.es\/ca\/wp-json\/wp\/v2\/posts"}],"about":[{"href":"https:\/\/amec.es\/ca\/wp-json\/wp\/v2\/types\/post"}],"author":[{"embeddable":true,"href":"https:\/\/amec.es\/ca\/wp-json\/wp\/v2\/users\/1"}],"replies":[{"embeddable":true,"href":"https:\/\/amec.es\/ca\/wp-json\/wp\/v2\/comments?post=6406"}],"version-history":[{"count":0,"href":"https:\/\/amec.es\/ca\/wp-json\/wp\/v2\/posts\/6406\/revisions"}],"wp:attachment":[{"href":"https:\/\/amec.es\/ca\/wp-json\/wp\/v2\/media?parent=6406"}],"wp:term":[{"taxonomy":"category","embeddable":true,"href":"https:\/\/amec.es\/ca\/wp-json\/wp\/v2\/categories?post=6406"},{"taxonomy":"post_tag","embeddable":true,"href":"https:\/\/amec.es\/ca\/wp-json\/wp\/v2\/tags?post=6406"}],"curies":[{"name":"wp","href":"https:\/\/api.w.org\/{rel}","templated":true}]}}