{"id":6421,"date":"2021-03-29T10:15:10","date_gmt":"2021-03-29T10:15:10","guid":{"rendered":"https:\/\/wecreatedesign.co\/dev\/WP\/amec\/?p=4698"},"modified":"2021-03-29T10:15:10","modified_gmt":"2021-03-29T10:15:10","slug":"les-empreses-d-amec-comparteixen-com-estan-afrontant-els-problemes-logistics","status":"publish","type":"post","link":"https:\/\/amec.es\/ca\/actualitat\/les-empreses-d-amec-comparteixen-com-estan-afrontant-els-problemes-logistics\/","title":{"rendered":"Les empreses d&#8217; amec comparteixen com estan afrontant els problemes log\u00edstics"},"content":{"rendered":"<p><strong>El bloqueig del vaixell portacontenidors Ever Given al canal de Suez<\/strong>, que ha fet que m\u00e9s de tres centenars d&#8217;embarcacions s&#8217;acumulin a la zona esperant per poder creuar aquesta via transcendental per al comer\u00e7 mar\u00edtim, no ha fet m\u00e9s que agreujar un\u00a0<strong>problema a la log\u00edstica a nivell mundial que ja fa mesos que es va iniciar<\/strong>.<\/p>\n<p>&nbsp;<\/p>\n<p>Des de finals de 2020,\u00a0<strong>l&#8217;escassetat de contenidors est\u00e0 afectant greument el comer\u00e7 internacional i el deteriorament dels terminis<\/strong>\u00a0de lliurament, tot i el repunt de la producci\u00f3 industrial. Aquesta situaci\u00f3 preocupa molt a les empreses, i des de fa unes setmanes,<em><strong>\u00a0amec<\/strong><\/em>\u00a0<strong>tracta el problema en unes sessions de networking<\/strong>\u00a0que reuneix directius, responsables dels departaments d&#8217;Internacionalitzaci\u00f3 i de log\u00edstica, que comparteixen com estan operant i intentant resoldre aquesta situaci\u00f3. A causa de el gran inter\u00e8s de la nostra comunitat i de l&#8217;\u00e0mplia participaci\u00f3,<a href=\"https:\/\/www.amec.es\/ca\/pl102\/agenda\/id109\/la-escasez-de-contenedores-en-china-frena-el-crecimiento-sesion-de-networking.htm\" target=\"_blank\" rel=\"noopener\">\u00a0<strong>aquest dimecres celebrarem la tercera edici\u00f3<\/strong><\/a>.<\/p>\n<p>&nbsp;<\/p>\n<p>La patronal Foment del Treball, de la qual forma part<em><strong>\u00a0amec<\/strong><\/em>,\u00a0<strong>ha apel\u00b7lat aquest mes de mar\u00e7 a les autoritats econ\u00f2miques espanyoles i europees a &#8220;fer tot el possible per aturar&#8221; el fort increment de preus<\/strong>\u00a0que s&#8217;est\u00e0 donant en mat\u00e8ries primeres i transport mar\u00edtim, especialment amb la Xina. Aquesta situaci\u00f3 suposa un gran augment en els costos de producci\u00f3 de moltes empreses i, per tant, perjudica la productivitat i competitivitat ia la recuperaci\u00f3 econ\u00f2mica postpandemia.<\/p>\n<p>&nbsp;<\/p>\n<p>El problema rau en la\u00a0<strong>manca de contenidors buits en els ports de la Xina i els Estats Units<\/strong>, de manera que les navilieres es veuen obligades a cancel\u00b7lar escales. L&#8217;augment de la producci\u00f3 ha coincidit amb aquesta escassetat d&#8217;estocs a nivell log\u00edstic, el que porta a grans retards en els enviaments i a un impacte inflacionista en els preus de les mat\u00e8ries primeres i les taxes de l&#8217;transport. Els preus dels nolis s&#8217;han triplicat. L&#8217;augment dels costos es trasllada al seu torn en un augment de les tarifes per part de les empreses.<\/p>\n<p>&nbsp;<\/p>\n<p>El que m\u00e9s preocupa els socis d&#8217;<em><strong>amec<\/strong><\/em>\u00a0\u00e9s el\u00a0<strong>deteriorament de la relaci\u00f3 comercial amb clients i prove\u00efdors<\/strong>, que es deriva dels retards en el transport mar\u00edtim. amec organitza aquestes sessions entre la nostra comunitat, per intercanviar les situacions concretes en qu\u00e8 ens trobem, aix\u00ed com les possibles solucions a aquest nou escenari. Les sessions compten amb la pres\u00e8ncia del nostre partner expert en transport mar\u00edtim JCV Shipping.<\/p>\n","protected":false},"excerpt":{"rendered":"<p>El bloqueig del vaixell portacontenidors Ever Given al canal de Suez, que ha fet que m\u00e9s de tres centenars d&#8217;embarcacions s&#8217;acumulin a la zona esperant per poder creuar aquesta via transcendental per al comer\u00e7 mar\u00edtim, no ha fet m\u00e9s que agreujar un\u00a0problema a la log\u00edstica a nivell mundial que ja fa mesos que es va [&hellip;]<\/p>\n","protected":false},"author":1,"featured_media":4701,"comment_status":"open","ping_status":"open","sticky":false,"template":"","format":"standard","meta":{"inline_featured_image":false,"footnotes":""},"categories":[27],"tags":[],"class_list":["post-6421","post","type-post","status-publish","format-standard","has-post-thumbnail","hentry","category-actualitat"],"yoast_head":"<!-- This site is optimized with the Yoast SEO plugin v27.3 - https:\/\/yoast.com\/product\/yoast-seo-wordpress\/ -->\n<title>Les empreses d&#039; amec comparteixen com estan afrontant els problemes log\u00edstics | amec Positive Industry<\/title>\n<meta name=\"robots\" content=\"index, follow, max-snippet:-1, max-image-preview:large, max-video-preview:-1\" \/>\n<link rel=\"canonical\" href=\"https:\/\/amec.es\/ca\/actualitat\/les-empreses-d-amec-comparteixen-com-estan-afrontant-els-problemes-logistics\/\" \/>\n<meta property=\"og:locale\" content=\"ca_ES\" \/>\n<meta property=\"og:type\" content=\"article\" \/>\n<meta property=\"og:title\" content=\"Les empreses d&#039; amec comparteixen com estan afrontant els problemes log\u00edstics | amec Positive Industry\" \/>\n<meta property=\"og:description\" content=\"El bloqueig del vaixell portacontenidors Ever Given al canal de Suez, que ha fet que m\u00e9s de tres centenars d&#8217;embarcacions s&#8217;acumulin a la zona esperant per poder creuar aquesta via transcendental per al comer\u00e7 mar\u00edtim, no ha fet m\u00e9s que agreujar un\u00a0problema a la log\u00edstica a nivell mundial que ja fa mesos que es va [&hellip;]\" \/>\n<meta property=\"og:url\" content=\"https:\/\/amec.es\/ca\/actualitat\/les-empreses-d-amec-comparteixen-com-estan-afrontant-els-problemes-logistics\/\" \/>\n<meta property=\"og:site_name\" content=\"amec Positive Industry\" \/>\n<meta property=\"article:published_time\" content=\"2021-03-29T10:15:10+00:00\" \/>\n<meta property=\"og:image\" content=\"https:\/\/amec.es\/wp-content\/uploads\/2024\/02\/Logo_AMEC.png\" \/>\n\t<meta property=\"og:image:width\" content=\"1827\" \/>\n\t<meta property=\"og:image:height\" content=\"438\" \/>\n\t<meta property=\"og:image:type\" content=\"image\/png\" \/>\n<meta name=\"author\" content=\"webmaster\" \/>\n<meta name=\"twitter:card\" content=\"summary_large_image\" \/>\n<meta name=\"twitter:label1\" content=\"Escrit per\" \/>\n\t<meta name=\"twitter:data1\" content=\"webmaster\" \/>\n\t<meta name=\"twitter:label2\" content=\"Temps estimat de lectura\" \/>\n\t<meta name=\"twitter:data2\" content=\"2 minuts\" \/>\n<script type=\"application\/ld+json\" class=\"yoast-schema-graph\">{\"@context\":\"https:\\\/\\\/schema.org\",\"@graph\":[{\"@type\":\"Article\",\"@id\":\"https:\\\/\\\/amec.es\\\/ca\\\/actualitat\\\/les-empreses-d-amec-comparteixen-com-estan-afrontant-els-problemes-logistics\\\/#article\",\"isPartOf\":{\"@id\":\"https:\\\/\\\/amec.es\\\/ca\\\/actualitat\\\/les-empreses-d-amec-comparteixen-com-estan-afrontant-els-problemes-logistics\\\/\"},\"author\":{\"name\":\"webmaster\",\"@id\":\"https:\\\/\\\/amec.es\\\/#\\\/schema\\\/person\\\/377e1e145733915506a55297ad2fc830\"},\"headline\":\"Les empreses d&#8217; amec comparteixen com estan afrontant els problemes log\u00edstics\",\"datePublished\":\"2021-03-29T10:15:10+00:00\",\"mainEntityOfPage\":{\"@id\":\"https:\\\/\\\/amec.es\\\/ca\\\/actualitat\\\/les-empreses-d-amec-comparteixen-com-estan-afrontant-els-problemes-logistics\\\/\"},\"wordCount\":432,\"commentCount\":0,\"publisher\":{\"@id\":\"https:\\\/\\\/amec.es\\\/#organization\"},\"image\":{\"@id\":\"https:\\\/\\\/amec.es\\\/ca\\\/actualitat\\\/les-empreses-d-amec-comparteixen-com-estan-afrontant-els-problemes-logistics\\\/#primaryimage\"},\"thumbnailUrl\":\"\",\"articleSection\":[\"Actualitat\"],\"inLanguage\":\"ca\",\"potentialAction\":[{\"@type\":\"CommentAction\",\"name\":\"Comment\",\"target\":[\"https:\\\/\\\/amec.es\\\/ca\\\/actualitat\\\/les-empreses-d-amec-comparteixen-com-estan-afrontant-els-problemes-logistics\\\/#respond\"]}]},{\"@type\":\"WebPage\",\"@id\":\"https:\\\/\\\/amec.es\\\/ca\\\/actualitat\\\/les-empreses-d-amec-comparteixen-com-estan-afrontant-els-problemes-logistics\\\/\",\"url\":\"https:\\\/\\\/amec.es\\\/ca\\\/actualitat\\\/les-empreses-d-amec-comparteixen-com-estan-afrontant-els-problemes-logistics\\\/\",\"name\":\"Les empreses d' amec comparteixen com estan afrontant els problemes log\u00edstics | amec Positive Industry\",\"isPartOf\":{\"@id\":\"https:\\\/\\\/amec.es\\\/#website\"},\"primaryImageOfPage\":{\"@id\":\"https:\\\/\\\/amec.es\\\/ca\\\/actualitat\\\/les-empreses-d-amec-comparteixen-com-estan-afrontant-els-problemes-logistics\\\/#primaryimage\"},\"image\":{\"@id\":\"https:\\\/\\\/amec.es\\\/ca\\\/actualitat\\\/les-empreses-d-amec-comparteixen-com-estan-afrontant-els-problemes-logistics\\\/#primaryimage\"},\"thumbnailUrl\":\"\",\"datePublished\":\"2021-03-29T10:15:10+00:00\",\"breadcrumb\":{\"@id\":\"https:\\\/\\\/amec.es\\\/ca\\\/actualitat\\\/les-empreses-d-amec-comparteixen-com-estan-afrontant-els-problemes-logistics\\\/#breadcrumb\"},\"inLanguage\":\"ca\",\"potentialAction\":[{\"@type\":\"ReadAction\",\"target\":[\"https:\\\/\\\/amec.es\\\/ca\\\/actualitat\\\/les-empreses-d-amec-comparteixen-com-estan-afrontant-els-problemes-logistics\\\/\"]}]},{\"@type\":\"ImageObject\",\"inLanguage\":\"ca\",\"@id\":\"https:\\\/\\\/amec.es\\\/ca\\\/actualitat\\\/les-empreses-d-amec-comparteixen-com-estan-afrontant-els-problemes-logistics\\\/#primaryimage\",\"url\":\"\",\"contentUrl\":\"\"},{\"@type\":\"BreadcrumbList\",\"@id\":\"https:\\\/\\\/amec.es\\\/ca\\\/actualitat\\\/les-empreses-d-amec-comparteixen-com-estan-afrontant-els-problemes-logistics\\\/#breadcrumb\",\"itemListElement\":[{\"@type\":\"ListItem\",\"position\":1,\"name\":\"Portada\",\"item\":\"https:\\\/\\\/amec.es\\\/ca\\\/home-new\\\/\"},{\"@type\":\"ListItem\",\"position\":2,\"name\":\"Les empreses d&#8217; amec comparteixen com estan afrontant els problemes log\u00edstics\"}]},{\"@type\":\"WebSite\",\"@id\":\"https:\\\/\\\/amec.es\\\/#website\",\"url\":\"https:\\\/\\\/amec.es\\\/\",\"name\":\"amec Positive Industry\",\"description\":\"\",\"publisher\":{\"@id\":\"https:\\\/\\\/amec.es\\\/#organization\"},\"potentialAction\":[{\"@type\":\"SearchAction\",\"target\":{\"@type\":\"EntryPoint\",\"urlTemplate\":\"https:\\\/\\\/amec.es\\\/?s={search_term_string}\"},\"query-input\":{\"@type\":\"PropertyValueSpecification\",\"valueRequired\":true,\"valueName\":\"search_term_string\"}}],\"inLanguage\":\"ca\"},{\"@type\":\"Organization\",\"@id\":\"https:\\\/\\\/amec.es\\\/#organization\",\"name\":\"amec Positive Industry\",\"url\":\"https:\\\/\\\/amec.es\\\/\",\"logo\":{\"@type\":\"ImageObject\",\"inLanguage\":\"ca\",\"@id\":\"https:\\\/\\\/amec.es\\\/#\\\/schema\\\/logo\\\/image\\\/\",\"url\":\"https:\\\/\\\/amec.es\\\/wp-content\\\/uploads\\\/2023\\\/07\\\/logoamec.png\",\"contentUrl\":\"https:\\\/\\\/amec.es\\\/wp-content\\\/uploads\\\/2023\\\/07\\\/logoamec.png\",\"width\":200,\"height\":48,\"caption\":\"amec Positive Industry\"},\"image\":{\"@id\":\"https:\\\/\\\/amec.es\\\/#\\\/schema\\\/logo\\\/image\\\/\"}},{\"@type\":\"Person\",\"@id\":\"https:\\\/\\\/amec.es\\\/#\\\/schema\\\/person\\\/377e1e145733915506a55297ad2fc830\",\"name\":\"webmaster\",\"image\":{\"@type\":\"ImageObject\",\"inLanguage\":\"ca\",\"@id\":\"https:\\\/\\\/secure.gravatar.com\\\/avatar\\\/1122ff7c82efe2079ddb19cd256fc39ab150caee9b258eeae8928e7f703c39f3?s=96&d=mm&r=g\",\"url\":\"https:\\\/\\\/secure.gravatar.com\\\/avatar\\\/1122ff7c82efe2079ddb19cd256fc39ab150caee9b258eeae8928e7f703c39f3?s=96&d=mm&r=g\",\"contentUrl\":\"https:\\\/\\\/secure.gravatar.com\\\/avatar\\\/1122ff7c82efe2079ddb19cd256fc39ab150caee9b258eeae8928e7f703c39f3?s=96&d=mm&r=g\",\"caption\":\"webmaster\"}}]}<\/script>\n<!-- \/ Yoast SEO plugin. -->","yoast_head_json":{"title":"Les empreses d' amec comparteixen com estan afrontant els problemes log\u00edstics | amec Positive Industry","robots":{"index":"index","follow":"follow","max-snippet":"max-snippet:-1","max-image-preview":"max-image-preview:large","max-video-preview":"max-video-preview:-1"},"canonical":"https:\/\/amec.es\/ca\/actualitat\/les-empreses-d-amec-comparteixen-com-estan-afrontant-els-problemes-logistics\/","og_locale":"ca_ES","og_type":"article","og_title":"Les empreses d' amec comparteixen com estan afrontant els problemes log\u00edstics | amec Positive Industry","og_description":"El bloqueig del vaixell portacontenidors Ever Given al canal de Suez, que ha fet que m\u00e9s de tres centenars d&#8217;embarcacions s&#8217;acumulin a la zona esperant per poder creuar aquesta via transcendental per al comer\u00e7 mar\u00edtim, no ha fet m\u00e9s que agreujar un\u00a0problema a la log\u00edstica a nivell mundial que ja fa mesos que es va [&hellip;]","og_url":"https:\/\/amec.es\/ca\/actualitat\/les-empreses-d-amec-comparteixen-com-estan-afrontant-els-problemes-logistics\/","og_site_name":"amec Positive Industry","article_published_time":"2021-03-29T10:15:10+00:00","og_image":[{"width":1827,"height":438,"url":"https:\/\/amec.es\/wp-content\/uploads\/2024\/02\/Logo_AMEC.png","type":"image\/png"}],"author":"webmaster","twitter_card":"summary_large_image","twitter_misc":{"Escrit per":"webmaster","Temps estimat de lectura":"2 minuts"},"schema":{"@context":"https:\/\/schema.org","@graph":[{"@type":"Article","@id":"https:\/\/amec.es\/ca\/actualitat\/les-empreses-d-amec-comparteixen-com-estan-afrontant-els-problemes-logistics\/#article","isPartOf":{"@id":"https:\/\/amec.es\/ca\/actualitat\/les-empreses-d-amec-comparteixen-com-estan-afrontant-els-problemes-logistics\/"},"author":{"name":"webmaster","@id":"https:\/\/amec.es\/#\/schema\/person\/377e1e145733915506a55297ad2fc830"},"headline":"Les empreses d&#8217; amec comparteixen com estan afrontant els problemes log\u00edstics","datePublished":"2021-03-29T10:15:10+00:00","mainEntityOfPage":{"@id":"https:\/\/amec.es\/ca\/actualitat\/les-empreses-d-amec-comparteixen-com-estan-afrontant-els-problemes-logistics\/"},"wordCount":432,"commentCount":0,"publisher":{"@id":"https:\/\/amec.es\/#organization"},"image":{"@id":"https:\/\/amec.es\/ca\/actualitat\/les-empreses-d-amec-comparteixen-com-estan-afrontant-els-problemes-logistics\/#primaryimage"},"thumbnailUrl":"","articleSection":["Actualitat"],"inLanguage":"ca","potentialAction":[{"@type":"CommentAction","name":"Comment","target":["https:\/\/amec.es\/ca\/actualitat\/les-empreses-d-amec-comparteixen-com-estan-afrontant-els-problemes-logistics\/#respond"]}]},{"@type":"WebPage","@id":"https:\/\/amec.es\/ca\/actualitat\/les-empreses-d-amec-comparteixen-com-estan-afrontant-els-problemes-logistics\/","url":"https:\/\/amec.es\/ca\/actualitat\/les-empreses-d-amec-comparteixen-com-estan-afrontant-els-problemes-logistics\/","name":"Les empreses d' amec comparteixen com estan afrontant els problemes log\u00edstics | amec Positive Industry","isPartOf":{"@id":"https:\/\/amec.es\/#website"},"primaryImageOfPage":{"@id":"https:\/\/amec.es\/ca\/actualitat\/les-empreses-d-amec-comparteixen-com-estan-afrontant-els-problemes-logistics\/#primaryimage"},"image":{"@id":"https:\/\/amec.es\/ca\/actualitat\/les-empreses-d-amec-comparteixen-com-estan-afrontant-els-problemes-logistics\/#primaryimage"},"thumbnailUrl":"","datePublished":"2021-03-29T10:15:10+00:00","breadcrumb":{"@id":"https:\/\/amec.es\/ca\/actualitat\/les-empreses-d-amec-comparteixen-com-estan-afrontant-els-problemes-logistics\/#breadcrumb"},"inLanguage":"ca","potentialAction":[{"@type":"ReadAction","target":["https:\/\/amec.es\/ca\/actualitat\/les-empreses-d-amec-comparteixen-com-estan-afrontant-els-problemes-logistics\/"]}]},{"@type":"ImageObject","inLanguage":"ca","@id":"https:\/\/amec.es\/ca\/actualitat\/les-empreses-d-amec-comparteixen-com-estan-afrontant-els-problemes-logistics\/#primaryimage","url":"","contentUrl":""},{"@type":"BreadcrumbList","@id":"https:\/\/amec.es\/ca\/actualitat\/les-empreses-d-amec-comparteixen-com-estan-afrontant-els-problemes-logistics\/#breadcrumb","itemListElement":[{"@type":"ListItem","position":1,"name":"Portada","item":"https:\/\/amec.es\/ca\/home-new\/"},{"@type":"ListItem","position":2,"name":"Les empreses d&#8217; amec comparteixen com estan afrontant els problemes log\u00edstics"}]},{"@type":"WebSite","@id":"https:\/\/amec.es\/#website","url":"https:\/\/amec.es\/","name":"amec Positive Industry","description":"","publisher":{"@id":"https:\/\/amec.es\/#organization"},"potentialAction":[{"@type":"SearchAction","target":{"@type":"EntryPoint","urlTemplate":"https:\/\/amec.es\/?s={search_term_string}"},"query-input":{"@type":"PropertyValueSpecification","valueRequired":true,"valueName":"search_term_string"}}],"inLanguage":"ca"},{"@type":"Organization","@id":"https:\/\/amec.es\/#organization","name":"amec Positive Industry","url":"https:\/\/amec.es\/","logo":{"@type":"ImageObject","inLanguage":"ca","@id":"https:\/\/amec.es\/#\/schema\/logo\/image\/","url":"https:\/\/amec.es\/wp-content\/uploads\/2023\/07\/logoamec.png","contentUrl":"https:\/\/amec.es\/wp-content\/uploads\/2023\/07\/logoamec.png","width":200,"height":48,"caption":"amec Positive Industry"},"image":{"@id":"https:\/\/amec.es\/#\/schema\/logo\/image\/"}},{"@type":"Person","@id":"https:\/\/amec.es\/#\/schema\/person\/377e1e145733915506a55297ad2fc830","name":"webmaster","image":{"@type":"ImageObject","inLanguage":"ca","@id":"https:\/\/secure.gravatar.com\/avatar\/1122ff7c82efe2079ddb19cd256fc39ab150caee9b258eeae8928e7f703c39f3?s=96&d=mm&r=g","url":"https:\/\/secure.gravatar.com\/avatar\/1122ff7c82efe2079ddb19cd256fc39ab150caee9b258eeae8928e7f703c39f3?s=96&d=mm&r=g","contentUrl":"https:\/\/secure.gravatar.com\/avatar\/1122ff7c82efe2079ddb19cd256fc39ab150caee9b258eeae8928e7f703c39f3?s=96&d=mm&r=g","caption":"webmaster"}}]}},"_links":{"self":[{"href":"https:\/\/amec.es\/ca\/wp-json\/wp\/v2\/posts\/6421","targetHints":{"allow":["GET"]}}],"collection":[{"href":"https:\/\/amec.es\/ca\/wp-json\/wp\/v2\/posts"}],"about":[{"href":"https:\/\/amec.es\/ca\/wp-json\/wp\/v2\/types\/post"}],"author":[{"embeddable":true,"href":"https:\/\/amec.es\/ca\/wp-json\/wp\/v2\/users\/1"}],"replies":[{"embeddable":true,"href":"https:\/\/amec.es\/ca\/wp-json\/wp\/v2\/comments?post=6421"}],"version-history":[{"count":0,"href":"https:\/\/amec.es\/ca\/wp-json\/wp\/v2\/posts\/6421\/revisions"}],"wp:featuredmedia":[{"embeddable":true,"href":"https:\/\/amec.es\/ca\/wp-json\/"}],"wp:attachment":[{"href":"https:\/\/amec.es\/ca\/wp-json\/wp\/v2\/media?parent=6421"}],"wp:term":[{"taxonomy":"category","embeddable":true,"href":"https:\/\/amec.es\/ca\/wp-json\/wp\/v2\/categories?post=6421"},{"taxonomy":"post_tag","embeddable":true,"href":"https:\/\/amec.es\/ca\/wp-json\/wp\/v2\/tags?post=6421"}],"curies":[{"name":"wp","href":"https:\/\/api.w.org\/{rel}","templated":true}]}}