{"id":6437,"date":"2021-04-16T10:20:29","date_gmt":"2021-04-16T10:20:29","guid":{"rendered":"https:\/\/wecreatedesign.co\/dev\/WP\/amec\/?p=4722"},"modified":"2021-04-16T10:20:29","modified_gmt":"2021-04-16T10:20:29","slug":"amec-trasllada-a-aragones-la-consideracio-de-poder-disposar-duna-conselleria-dindustria-al-futur-govern-a-causa-del-seu-paper-clau","status":"publish","type":"post","link":"https:\/\/amec.es\/ca\/actualitat\/amec-trasllada-a-aragones-la-consideracio-de-poder-disposar-duna-conselleria-dindustria-al-futur-govern-a-causa-del-seu-paper-clau\/","title":{"rendered":"amec trasllada a Aragon\u00e8s la consideraci\u00f3 de poder disposar d&#8217;una conselleria d&#8217;Ind\u00fastria al futur Govern a causa del seu paper clau"},"content":{"rendered":"<div class=\"amplada-pagina descripcion\">\n<p><img fetchpriority=\"high\" decoding=\"async\" src=\"http:\/\/wecreatedesign.co\/dev\/WP\/amec\/wp-content\/uploads\/2023\/03\/pare-aragones-relats-amec-2-redim-w500-h375.jpeg\" alt=\"pari-aragon\u00e8s-relats-amec.jpeg\" width=\"500\" height=\"375\" \/>El vicepresident de Govern catal\u00e0, Pere Aragon\u00e8s, ha visitat aquest dijous la seu de el grup Gir\u00f3, a Badalona, multinacional membre\u00a0<em><strong>d&#8217;amec<\/strong><\/em>\u00a0dedicada a la fabricaci\u00f3 d&#8217;envasos sostenibles per a aliments frescos. En el marc de la visita,\u00a0Aragon\u00e8s s&#8217;ha reunit amb el president d&#8217;<em><strong>amec<\/strong><\/em>, Pere Relats, que l&#8217;ha traslladat la consideraci\u00f3 de<strong>\u00a0poder disposar d&#8217;una conselleria d&#8217;Ind\u00fastria en el futur Govern<\/strong>, que amb tota probabilitat liderar\u00e0, donada la import\u00e0ncia de la ind\u00fastria en el present i el futur .<\/p>\n<p>&nbsp;<\/p>\n<p>El vicepresident catal\u00e0 i conseller d&#8217;Economia i Hisenda ha assegurat que el foment de la reindustrialitzaci\u00f3 ser\u00e0\u00a0<a href=\"http:\/\/economia.gencat.cat\/ca\/inici\/nota-premsa\/?id=415182\" target=\"_blank\" rel=\"noopener\"><strong>&#8220;un dels eixos de la reconstrucci\u00f3 econ\u00f2mica de Catalunya&#8221;<\/strong><\/a>, durant la reuni\u00f3 amb els m\u00e0xims representants d&#8217;<em><strong>amec<\/strong><\/em>. La Uni\u00f3 Europea ha assenyalat a la ind\u00fastria, amb focus en la innovaci\u00f3, la digitalitzaci\u00f3 i la sostenibilitat, com a dest\u00ed d&#8217;una bona part dels Fons de Recuperaci\u00f3 Next Generation, ja que el sector productiu \u00e9s garantia de la generaci\u00f3 de llocs de treball de major valor afegit, i amb aix\u00f2 d&#8217;una economia s\u00f2lida i competitiva. Per tal de dur a terme una adequada transformaci\u00f3 de el teixit productiu, aprofitant al m\u00e0xim el moment \u00fanic en qu\u00e8 ens trobem per la disponibilitat de fons, amec defensa que tot funcioni\u00a0<a href=\"https:\/\/www.amec.es\/ca\/pl14\/amecnews\/noticies\/id689\/amec-advierte-que-sin-una-excelente-aplicacion-de-los-fondos-europeos-no-se-evitara-la-perdida-de-competitividad.htm\" target=\"_blank\" rel=\"noopener\">&#8220;com un veritable engranatge industrial: administracions, entitats p\u00fabliques, privades, centres de coneixement i formaci\u00f3&#8221;<\/a>, el que requerir\u00e0 de la m\u00e0xima atenci\u00f3 des del nou Govern.<\/p>\n<p>&nbsp;<\/p>\n<p>Relats i Aragon\u00e8s han comentat el moviment que impulsa\u00a0<em><strong>amec<\/strong><\/em>,\u00a0<a href=\"https:\/\/www.amec.es\/positiveindustry\" target=\"_blank\" rel=\"noopener\"><strong>Positive Industry<\/strong><\/a>, que posa en valor el paper clau que desenvolupa la ind\u00fastria, i la necess\u00e0ria transformaci\u00f3 de el model productiu per poder comptar amb una economia s\u00f2lida i sostenible que aporti progr\u00e9s en benefici de tota la societat.<\/p>\n<p>&nbsp;<\/p>\n<p>Un bon exemple d&#8217;aix\u00f2 \u00e9s precisament el\u00a0<strong>Grup Gir\u00f3<\/strong>, centrat en la creaci\u00f3 de tecnologia per a envasos sostenibles de productes frescos, garantint la seva tra\u00e7abilitat per aportar la m\u00e0xima qualitat i seguretat en tota la cadena de valor. Durant la trobada, Aragon\u00e8s s&#8217;ha interessat pel focus en la sostenibilitat de l&#8217;empresa, el proc\u00e9s de fabricaci\u00f3 i la seva pres\u00e8ncia internacional.<\/p>\n<\/div>\n","protected":false},"excerpt":{"rendered":"<p>El vicepresident de Govern catal\u00e0, Pere Aragon\u00e8s, ha visitat aquest dijous la seu de el grup Gir\u00f3, a Badalona, multinacional membre\u00a0d&#8217;amec\u00a0dedicada a la fabricaci\u00f3 d&#8217;envasos sostenibles per a aliments frescos. En el marc de la visita,\u00a0Aragon\u00e8s s&#8217;ha reunit amb el president d&#8217;amec, Pere Relats, que l&#8217;ha traslladat la consideraci\u00f3 de\u00a0poder disposar d&#8217;una conselleria d&#8217;Ind\u00fastria en [&hellip;]<\/p>\n","protected":false},"author":1,"featured_media":4725,"comment_status":"open","ping_status":"open","sticky":false,"template":"","format":"standard","meta":{"inline_featured_image":false,"footnotes":""},"categories":[27],"tags":[],"class_list":["post-6437","post","type-post","status-publish","format-standard","has-post-thumbnail","hentry","category-actualitat"],"yoast_head":"<!-- This site is optimized with the Yoast SEO plugin v27.3 - https:\/\/yoast.com\/product\/yoast-seo-wordpress\/ -->\n<title>amec trasllada a Aragon\u00e8s la consideraci\u00f3 de poder disposar d&#039;una conselleria d&#039;Ind\u00fastria al futur Govern a causa del seu paper clau | amec Positive Industry<\/title>\n<meta name=\"robots\" content=\"index, follow, max-snippet:-1, max-image-preview:large, max-video-preview:-1\" \/>\n<link rel=\"canonical\" href=\"https:\/\/amec.es\/ca\/actualitat\/amec-trasllada-a-aragones-la-consideracio-de-poder-disposar-duna-conselleria-dindustria-al-futur-govern-a-causa-del-seu-paper-clau\/\" \/>\n<meta property=\"og:locale\" content=\"ca_ES\" \/>\n<meta property=\"og:type\" content=\"article\" \/>\n<meta property=\"og:title\" content=\"amec trasllada a Aragon\u00e8s la consideraci\u00f3 de poder disposar d&#039;una conselleria d&#039;Ind\u00fastria al futur Govern a causa del seu paper clau | amec Positive Industry\" \/>\n<meta property=\"og:description\" content=\"El vicepresident de Govern catal\u00e0, Pere Aragon\u00e8s, ha visitat aquest dijous la seu de el grup Gir\u00f3, a Badalona, multinacional membre\u00a0d&#8217;amec\u00a0dedicada a la fabricaci\u00f3 d&#8217;envasos sostenibles per a aliments frescos. En el marc de la visita,\u00a0Aragon\u00e8s s&#8217;ha reunit amb el president d&#8217;amec, Pere Relats, que l&#8217;ha traslladat la consideraci\u00f3 de\u00a0poder disposar d&#8217;una conselleria d&#8217;Ind\u00fastria en [&hellip;]\" \/>\n<meta property=\"og:url\" content=\"https:\/\/amec.es\/ca\/actualitat\/amec-trasllada-a-aragones-la-consideracio-de-poder-disposar-duna-conselleria-dindustria-al-futur-govern-a-causa-del-seu-paper-clau\/\" \/>\n<meta property=\"og:site_name\" content=\"amec Positive Industry\" \/>\n<meta property=\"article:published_time\" content=\"2021-04-16T10:20:29+00:00\" \/>\n<meta property=\"og:image\" content=\"https:\/\/amec.es\/wp-content\/uploads\/2024\/02\/Logo_AMEC.png\" \/>\n\t<meta property=\"og:image:width\" content=\"1827\" \/>\n\t<meta property=\"og:image:height\" content=\"438\" \/>\n\t<meta property=\"og:image:type\" content=\"image\/png\" \/>\n<meta name=\"author\" content=\"webmaster\" \/>\n<meta name=\"twitter:card\" content=\"summary_large_image\" \/>\n<meta name=\"twitter:label1\" content=\"Escrit per\" \/>\n\t<meta name=\"twitter:data1\" content=\"webmaster\" \/>\n\t<meta name=\"twitter:label2\" content=\"Temps estimat de lectura\" \/>\n\t<meta name=\"twitter:data2\" content=\"2 minuts\" \/>\n<script type=\"application\/ld+json\" class=\"yoast-schema-graph\">{\"@context\":\"https:\\\/\\\/schema.org\",\"@graph\":[{\"@type\":\"Article\",\"@id\":\"https:\\\/\\\/amec.es\\\/ca\\\/actualitat\\\/amec-trasllada-a-aragones-la-consideracio-de-poder-disposar-duna-conselleria-dindustria-al-futur-govern-a-causa-del-seu-paper-clau\\\/#article\",\"isPartOf\":{\"@id\":\"https:\\\/\\\/amec.es\\\/ca\\\/actualitat\\\/amec-trasllada-a-aragones-la-consideracio-de-poder-disposar-duna-conselleria-dindustria-al-futur-govern-a-causa-del-seu-paper-clau\\\/\"},\"author\":{\"name\":\"webmaster\",\"@id\":\"https:\\\/\\\/amec.es\\\/#\\\/schema\\\/person\\\/377e1e145733915506a55297ad2fc830\"},\"headline\":\"amec trasllada a Aragon\u00e8s la consideraci\u00f3 de poder disposar d&#8217;una conselleria d&#8217;Ind\u00fastria al futur Govern a causa del seu paper clau\",\"datePublished\":\"2021-04-16T10:20:29+00:00\",\"mainEntityOfPage\":{\"@id\":\"https:\\\/\\\/amec.es\\\/ca\\\/actualitat\\\/amec-trasllada-a-aragones-la-consideracio-de-poder-disposar-duna-conselleria-dindustria-al-futur-govern-a-causa-del-seu-paper-clau\\\/\"},\"wordCount\":401,\"commentCount\":0,\"publisher\":{\"@id\":\"https:\\\/\\\/amec.es\\\/#organization\"},\"image\":{\"@id\":\"https:\\\/\\\/amec.es\\\/ca\\\/actualitat\\\/amec-trasllada-a-aragones-la-consideracio-de-poder-disposar-duna-conselleria-dindustria-al-futur-govern-a-causa-del-seu-paper-clau\\\/#primaryimage\"},\"thumbnailUrl\":\"\",\"articleSection\":[\"Actualitat\"],\"inLanguage\":\"ca\",\"potentialAction\":[{\"@type\":\"CommentAction\",\"name\":\"Comment\",\"target\":[\"https:\\\/\\\/amec.es\\\/ca\\\/actualitat\\\/amec-trasllada-a-aragones-la-consideracio-de-poder-disposar-duna-conselleria-dindustria-al-futur-govern-a-causa-del-seu-paper-clau\\\/#respond\"]}]},{\"@type\":\"WebPage\",\"@id\":\"https:\\\/\\\/amec.es\\\/ca\\\/actualitat\\\/amec-trasllada-a-aragones-la-consideracio-de-poder-disposar-duna-conselleria-dindustria-al-futur-govern-a-causa-del-seu-paper-clau\\\/\",\"url\":\"https:\\\/\\\/amec.es\\\/ca\\\/actualitat\\\/amec-trasllada-a-aragones-la-consideracio-de-poder-disposar-duna-conselleria-dindustria-al-futur-govern-a-causa-del-seu-paper-clau\\\/\",\"name\":\"amec trasllada a Aragon\u00e8s la consideraci\u00f3 de poder disposar d'una conselleria d'Ind\u00fastria al futur Govern a causa del seu paper clau | amec Positive Industry\",\"isPartOf\":{\"@id\":\"https:\\\/\\\/amec.es\\\/#website\"},\"primaryImageOfPage\":{\"@id\":\"https:\\\/\\\/amec.es\\\/ca\\\/actualitat\\\/amec-trasllada-a-aragones-la-consideracio-de-poder-disposar-duna-conselleria-dindustria-al-futur-govern-a-causa-del-seu-paper-clau\\\/#primaryimage\"},\"image\":{\"@id\":\"https:\\\/\\\/amec.es\\\/ca\\\/actualitat\\\/amec-trasllada-a-aragones-la-consideracio-de-poder-disposar-duna-conselleria-dindustria-al-futur-govern-a-causa-del-seu-paper-clau\\\/#primaryimage\"},\"thumbnailUrl\":\"\",\"datePublished\":\"2021-04-16T10:20:29+00:00\",\"breadcrumb\":{\"@id\":\"https:\\\/\\\/amec.es\\\/ca\\\/actualitat\\\/amec-trasllada-a-aragones-la-consideracio-de-poder-disposar-duna-conselleria-dindustria-al-futur-govern-a-causa-del-seu-paper-clau\\\/#breadcrumb\"},\"inLanguage\":\"ca\",\"potentialAction\":[{\"@type\":\"ReadAction\",\"target\":[\"https:\\\/\\\/amec.es\\\/ca\\\/actualitat\\\/amec-trasllada-a-aragones-la-consideracio-de-poder-disposar-duna-conselleria-dindustria-al-futur-govern-a-causa-del-seu-paper-clau\\\/\"]}]},{\"@type\":\"ImageObject\",\"inLanguage\":\"ca\",\"@id\":\"https:\\\/\\\/amec.es\\\/ca\\\/actualitat\\\/amec-trasllada-a-aragones-la-consideracio-de-poder-disposar-duna-conselleria-dindustria-al-futur-govern-a-causa-del-seu-paper-clau\\\/#primaryimage\",\"url\":\"\",\"contentUrl\":\"\"},{\"@type\":\"BreadcrumbList\",\"@id\":\"https:\\\/\\\/amec.es\\\/ca\\\/actualitat\\\/amec-trasllada-a-aragones-la-consideracio-de-poder-disposar-duna-conselleria-dindustria-al-futur-govern-a-causa-del-seu-paper-clau\\\/#breadcrumb\",\"itemListElement\":[{\"@type\":\"ListItem\",\"position\":1,\"name\":\"Portada\",\"item\":\"https:\\\/\\\/amec.es\\\/ca\\\/home-new\\\/\"},{\"@type\":\"ListItem\",\"position\":2,\"name\":\"amec trasllada a Aragon\u00e8s la consideraci\u00f3 de poder disposar d&#8217;una conselleria d&#8217;Ind\u00fastria al futur Govern a causa del seu paper clau\"}]},{\"@type\":\"WebSite\",\"@id\":\"https:\\\/\\\/amec.es\\\/#website\",\"url\":\"https:\\\/\\\/amec.es\\\/\",\"name\":\"amec Positive Industry\",\"description\":\"\",\"publisher\":{\"@id\":\"https:\\\/\\\/amec.es\\\/#organization\"},\"potentialAction\":[{\"@type\":\"SearchAction\",\"target\":{\"@type\":\"EntryPoint\",\"urlTemplate\":\"https:\\\/\\\/amec.es\\\/?s={search_term_string}\"},\"query-input\":{\"@type\":\"PropertyValueSpecification\",\"valueRequired\":true,\"valueName\":\"search_term_string\"}}],\"inLanguage\":\"ca\"},{\"@type\":\"Organization\",\"@id\":\"https:\\\/\\\/amec.es\\\/#organization\",\"name\":\"amec Positive Industry\",\"url\":\"https:\\\/\\\/amec.es\\\/\",\"logo\":{\"@type\":\"ImageObject\",\"inLanguage\":\"ca\",\"@id\":\"https:\\\/\\\/amec.es\\\/#\\\/schema\\\/logo\\\/image\\\/\",\"url\":\"https:\\\/\\\/amec.es\\\/wp-content\\\/uploads\\\/2023\\\/07\\\/logoamec.png\",\"contentUrl\":\"https:\\\/\\\/amec.es\\\/wp-content\\\/uploads\\\/2023\\\/07\\\/logoamec.png\",\"width\":200,\"height\":48,\"caption\":\"amec Positive Industry\"},\"image\":{\"@id\":\"https:\\\/\\\/amec.es\\\/#\\\/schema\\\/logo\\\/image\\\/\"}},{\"@type\":\"Person\",\"@id\":\"https:\\\/\\\/amec.es\\\/#\\\/schema\\\/person\\\/377e1e145733915506a55297ad2fc830\",\"name\":\"webmaster\",\"image\":{\"@type\":\"ImageObject\",\"inLanguage\":\"ca\",\"@id\":\"https:\\\/\\\/secure.gravatar.com\\\/avatar\\\/1122ff7c82efe2079ddb19cd256fc39ab150caee9b258eeae8928e7f703c39f3?s=96&d=mm&r=g\",\"url\":\"https:\\\/\\\/secure.gravatar.com\\\/avatar\\\/1122ff7c82efe2079ddb19cd256fc39ab150caee9b258eeae8928e7f703c39f3?s=96&d=mm&r=g\",\"contentUrl\":\"https:\\\/\\\/secure.gravatar.com\\\/avatar\\\/1122ff7c82efe2079ddb19cd256fc39ab150caee9b258eeae8928e7f703c39f3?s=96&d=mm&r=g\",\"caption\":\"webmaster\"}}]}<\/script>\n<!-- \/ Yoast SEO plugin. -->","yoast_head_json":{"title":"amec trasllada a Aragon\u00e8s la consideraci\u00f3 de poder disposar d'una conselleria d'Ind\u00fastria al futur Govern a causa del seu paper clau | amec Positive Industry","robots":{"index":"index","follow":"follow","max-snippet":"max-snippet:-1","max-image-preview":"max-image-preview:large","max-video-preview":"max-video-preview:-1"},"canonical":"https:\/\/amec.es\/ca\/actualitat\/amec-trasllada-a-aragones-la-consideracio-de-poder-disposar-duna-conselleria-dindustria-al-futur-govern-a-causa-del-seu-paper-clau\/","og_locale":"ca_ES","og_type":"article","og_title":"amec trasllada a Aragon\u00e8s la consideraci\u00f3 de poder disposar d'una conselleria d'Ind\u00fastria al futur Govern a causa del seu paper clau | amec Positive Industry","og_description":"El vicepresident de Govern catal\u00e0, Pere Aragon\u00e8s, ha visitat aquest dijous la seu de el grup Gir\u00f3, a Badalona, multinacional membre\u00a0d&#8217;amec\u00a0dedicada a la fabricaci\u00f3 d&#8217;envasos sostenibles per a aliments frescos. En el marc de la visita,\u00a0Aragon\u00e8s s&#8217;ha reunit amb el president d&#8217;amec, Pere Relats, que l&#8217;ha traslladat la consideraci\u00f3 de\u00a0poder disposar d&#8217;una conselleria d&#8217;Ind\u00fastria en [&hellip;]","og_url":"https:\/\/amec.es\/ca\/actualitat\/amec-trasllada-a-aragones-la-consideracio-de-poder-disposar-duna-conselleria-dindustria-al-futur-govern-a-causa-del-seu-paper-clau\/","og_site_name":"amec Positive Industry","article_published_time":"2021-04-16T10:20:29+00:00","og_image":[{"width":1827,"height":438,"url":"https:\/\/amec.es\/wp-content\/uploads\/2024\/02\/Logo_AMEC.png","type":"image\/png"}],"author":"webmaster","twitter_card":"summary_large_image","twitter_misc":{"Escrit per":"webmaster","Temps estimat de lectura":"2 minuts"},"schema":{"@context":"https:\/\/schema.org","@graph":[{"@type":"Article","@id":"https:\/\/amec.es\/ca\/actualitat\/amec-trasllada-a-aragones-la-consideracio-de-poder-disposar-duna-conselleria-dindustria-al-futur-govern-a-causa-del-seu-paper-clau\/#article","isPartOf":{"@id":"https:\/\/amec.es\/ca\/actualitat\/amec-trasllada-a-aragones-la-consideracio-de-poder-disposar-duna-conselleria-dindustria-al-futur-govern-a-causa-del-seu-paper-clau\/"},"author":{"name":"webmaster","@id":"https:\/\/amec.es\/#\/schema\/person\/377e1e145733915506a55297ad2fc830"},"headline":"amec trasllada a Aragon\u00e8s la consideraci\u00f3 de poder disposar d&#8217;una conselleria d&#8217;Ind\u00fastria al futur Govern a causa del seu paper clau","datePublished":"2021-04-16T10:20:29+00:00","mainEntityOfPage":{"@id":"https:\/\/amec.es\/ca\/actualitat\/amec-trasllada-a-aragones-la-consideracio-de-poder-disposar-duna-conselleria-dindustria-al-futur-govern-a-causa-del-seu-paper-clau\/"},"wordCount":401,"commentCount":0,"publisher":{"@id":"https:\/\/amec.es\/#organization"},"image":{"@id":"https:\/\/amec.es\/ca\/actualitat\/amec-trasllada-a-aragones-la-consideracio-de-poder-disposar-duna-conselleria-dindustria-al-futur-govern-a-causa-del-seu-paper-clau\/#primaryimage"},"thumbnailUrl":"","articleSection":["Actualitat"],"inLanguage":"ca","potentialAction":[{"@type":"CommentAction","name":"Comment","target":["https:\/\/amec.es\/ca\/actualitat\/amec-trasllada-a-aragones-la-consideracio-de-poder-disposar-duna-conselleria-dindustria-al-futur-govern-a-causa-del-seu-paper-clau\/#respond"]}]},{"@type":"WebPage","@id":"https:\/\/amec.es\/ca\/actualitat\/amec-trasllada-a-aragones-la-consideracio-de-poder-disposar-duna-conselleria-dindustria-al-futur-govern-a-causa-del-seu-paper-clau\/","url":"https:\/\/amec.es\/ca\/actualitat\/amec-trasllada-a-aragones-la-consideracio-de-poder-disposar-duna-conselleria-dindustria-al-futur-govern-a-causa-del-seu-paper-clau\/","name":"amec trasllada a Aragon\u00e8s la consideraci\u00f3 de poder disposar d'una conselleria d'Ind\u00fastria al futur Govern a causa del seu paper clau | amec Positive Industry","isPartOf":{"@id":"https:\/\/amec.es\/#website"},"primaryImageOfPage":{"@id":"https:\/\/amec.es\/ca\/actualitat\/amec-trasllada-a-aragones-la-consideracio-de-poder-disposar-duna-conselleria-dindustria-al-futur-govern-a-causa-del-seu-paper-clau\/#primaryimage"},"image":{"@id":"https:\/\/amec.es\/ca\/actualitat\/amec-trasllada-a-aragones-la-consideracio-de-poder-disposar-duna-conselleria-dindustria-al-futur-govern-a-causa-del-seu-paper-clau\/#primaryimage"},"thumbnailUrl":"","datePublished":"2021-04-16T10:20:29+00:00","breadcrumb":{"@id":"https:\/\/amec.es\/ca\/actualitat\/amec-trasllada-a-aragones-la-consideracio-de-poder-disposar-duna-conselleria-dindustria-al-futur-govern-a-causa-del-seu-paper-clau\/#breadcrumb"},"inLanguage":"ca","potentialAction":[{"@type":"ReadAction","target":["https:\/\/amec.es\/ca\/actualitat\/amec-trasllada-a-aragones-la-consideracio-de-poder-disposar-duna-conselleria-dindustria-al-futur-govern-a-causa-del-seu-paper-clau\/"]}]},{"@type":"ImageObject","inLanguage":"ca","@id":"https:\/\/amec.es\/ca\/actualitat\/amec-trasllada-a-aragones-la-consideracio-de-poder-disposar-duna-conselleria-dindustria-al-futur-govern-a-causa-del-seu-paper-clau\/#primaryimage","url":"","contentUrl":""},{"@type":"BreadcrumbList","@id":"https:\/\/amec.es\/ca\/actualitat\/amec-trasllada-a-aragones-la-consideracio-de-poder-disposar-duna-conselleria-dindustria-al-futur-govern-a-causa-del-seu-paper-clau\/#breadcrumb","itemListElement":[{"@type":"ListItem","position":1,"name":"Portada","item":"https:\/\/amec.es\/ca\/home-new\/"},{"@type":"ListItem","position":2,"name":"amec trasllada a Aragon\u00e8s la consideraci\u00f3 de poder disposar d&#8217;una conselleria d&#8217;Ind\u00fastria al futur Govern a causa del seu paper clau"}]},{"@type":"WebSite","@id":"https:\/\/amec.es\/#website","url":"https:\/\/amec.es\/","name":"amec Positive Industry","description":"","publisher":{"@id":"https:\/\/amec.es\/#organization"},"potentialAction":[{"@type":"SearchAction","target":{"@type":"EntryPoint","urlTemplate":"https:\/\/amec.es\/?s={search_term_string}"},"query-input":{"@type":"PropertyValueSpecification","valueRequired":true,"valueName":"search_term_string"}}],"inLanguage":"ca"},{"@type":"Organization","@id":"https:\/\/amec.es\/#organization","name":"amec Positive Industry","url":"https:\/\/amec.es\/","logo":{"@type":"ImageObject","inLanguage":"ca","@id":"https:\/\/amec.es\/#\/schema\/logo\/image\/","url":"https:\/\/amec.es\/wp-content\/uploads\/2023\/07\/logoamec.png","contentUrl":"https:\/\/amec.es\/wp-content\/uploads\/2023\/07\/logoamec.png","width":200,"height":48,"caption":"amec Positive Industry"},"image":{"@id":"https:\/\/amec.es\/#\/schema\/logo\/image\/"}},{"@type":"Person","@id":"https:\/\/amec.es\/#\/schema\/person\/377e1e145733915506a55297ad2fc830","name":"webmaster","image":{"@type":"ImageObject","inLanguage":"ca","@id":"https:\/\/secure.gravatar.com\/avatar\/1122ff7c82efe2079ddb19cd256fc39ab150caee9b258eeae8928e7f703c39f3?s=96&d=mm&r=g","url":"https:\/\/secure.gravatar.com\/avatar\/1122ff7c82efe2079ddb19cd256fc39ab150caee9b258eeae8928e7f703c39f3?s=96&d=mm&r=g","contentUrl":"https:\/\/secure.gravatar.com\/avatar\/1122ff7c82efe2079ddb19cd256fc39ab150caee9b258eeae8928e7f703c39f3?s=96&d=mm&r=g","caption":"webmaster"}}]}},"_links":{"self":[{"href":"https:\/\/amec.es\/ca\/wp-json\/wp\/v2\/posts\/6437","targetHints":{"allow":["GET"]}}],"collection":[{"href":"https:\/\/amec.es\/ca\/wp-json\/wp\/v2\/posts"}],"about":[{"href":"https:\/\/amec.es\/ca\/wp-json\/wp\/v2\/types\/post"}],"author":[{"embeddable":true,"href":"https:\/\/amec.es\/ca\/wp-json\/wp\/v2\/users\/1"}],"replies":[{"embeddable":true,"href":"https:\/\/amec.es\/ca\/wp-json\/wp\/v2\/comments?post=6437"}],"version-history":[{"count":0,"href":"https:\/\/amec.es\/ca\/wp-json\/wp\/v2\/posts\/6437\/revisions"}],"wp:featuredmedia":[{"embeddable":true,"href":"https:\/\/amec.es\/ca\/wp-json\/"}],"wp:attachment":[{"href":"https:\/\/amec.es\/ca\/wp-json\/wp\/v2\/media?parent=6437"}],"wp:term":[{"taxonomy":"category","embeddable":true,"href":"https:\/\/amec.es\/ca\/wp-json\/wp\/v2\/categories?post=6437"},{"taxonomy":"post_tag","embeddable":true,"href":"https:\/\/amec.es\/ca\/wp-json\/wp\/v2\/tags?post=6437"}],"curies":[{"name":"wp","href":"https:\/\/api.w.org\/{rel}","templated":true}]}}