{"id":6438,"date":"2021-04-19T10:21:51","date_gmt":"2021-04-19T10:21:51","guid":{"rendered":"https:\/\/wecreatedesign.co\/dev\/WP\/amec\/?p=4730"},"modified":"2021-04-19T10:21:51","modified_gmt":"2021-04-19T10:21:51","slug":"les-empreses-industrials-accedeixen-a-una-potent-eina-de-captacio-de-clients-a-lexterior","status":"publish","type":"post","link":"https:\/\/amec.es\/ca\/actualitat\/les-empreses-industrials-accedeixen-a-una-potent-eina-de-captacio-de-clients-a-lexterior\/","title":{"rendered":"Les empreses industrials accedeixen a una potent eina de captaci\u00f3 de clients a l&#8217;exterior"},"content":{"rendered":"<div class=\"amplada-pagina fecha_pub\">19 d&#8217;abril de 2021<\/div>\n<div class=\"amplada-pagina descripcion\">\n<p><strong><em><img fetchpriority=\"high\" decoding=\"async\" src=\"http:\/\/wecreatedesign.co\/dev\/WP\/amec\/wp-content\/uploads\/2023\/03\/sites00-redim-w900-h270.jpg\" alt=\"sites00.jpg\" width=\"900\" height=\"270\" \/><\/em><\/strong><\/p>\n<p><strong><em>amec<\/em><\/strong>\u00a0ha posat en marxa, amb la col\u00b7laboraci\u00f3 d&#8217;ICEX,\u00a0una potent plataforma de promoci\u00f3 internacional perqu\u00e8 les empreses industrials tinguin visibilitat a nivell global i captin clients en cadascun dels mercats d&#8217;inter\u00e8s. Es tracta de vuit webs sectorials que inclouran a les principals empreses i que seran el referent de cada sector, la consulta ser\u00e0 essencial per a aquelles empreses d&#8217;arreu de m\u00f3n que busquin un prove\u00efdor.<\/p>\n<p>&nbsp;<\/p>\n<p>amec s&#8217;encarregar\u00e0 de posicionar aquestes plataformes a nivell internacional, i en especial quan es dugui a terme una fira de refer\u00e8ncia en un sector determinat i quan es realitzin accions a l&#8217;exterior en aquells pa\u00efsos que m\u00e9s interessin a cadascuna de les empreses. Unes campanyes que, sumades unes a les altres, posicionen i converteixen aquesta potent eina de promoci\u00f3 internacional en un espai de refer\u00e8ncia i una gran arma de captaci\u00f3 de clients a nivell global.<\/p>\n<p>&nbsp;<\/p>\n<p>Totes les empreses de la comunitat d&#8217;amec estan presents en les plataformes, a trav\u00e9s d&#8217;un directori \u00fatil de f\u00e0cil consulta per als clients que busquin a prove\u00efdors. Les empreses podran optar a m\u00e9s a espais en qu\u00e8 incloure els seus cat\u00e0legs, v\u00eddeos, descripcions de projectes i casos d&#8217;\u00e8xit. Tamb\u00e9 podran incloure les seves not\u00edcies m\u00e9s destacades en un apartat d&#8217;actualitat sobre el sector. Per gestionar la seva informaci\u00f3 i la seva actualitzaci\u00f3 podran comptar amb el suport de el personal d&#8217;<em><strong>amec<\/strong><\/em>.<\/p>\n<p>&nbsp;<\/p>\n<p>Aquestes plataformes s\u00f3n una decidida aposta de amec per posar a l&#8217;abast de les empreses industrials de pa\u00eds una nova forma de promoci\u00f3 internacional que no nom\u00e9s \u00e9s necess\u00e0ria en el present, sin\u00f3 que ser\u00e0 essencial en els propers anys, en els quals tota la comunicaci\u00f3 i el proc\u00e9s de venda es realitzar\u00e0 cada vegada m\u00e9s a dist\u00e0ncia.<\/p>\n<p>&nbsp;<\/p>\n<p><strong>Accedeix aqu\u00ed a la plataforma del teu sector:<\/strong><\/p>\n<p><a href=\"https:\/\/eur01.safelinks.protection.outlook.com\/?url=https%3A%2F%2Fwww.solutionsfortextiles.com%2F&amp;data=04%7C01%7C%7C100c9c5b03a14b88afb808d8dd548f99%7C57357f3365ed4d2bb1d160fd3ea37682%7C1%7C0%7C637502702538673716%7CUnknown%7CTWFpbGZsb3d8eyJWIjoiMC4wLjAwMDAiLCJQIjoiV2luMzIiLCJBTiI6Ik1haWwiLCJXVCI6Mn0%3D%7C1000&amp;sdata=MCWwIOni%2FIj%2FUGz0xUbREvjH7lXwU%2BcrCno4xelJFSo%3D&amp;reserved=0\" target=\"_blank\" rel=\"noopener\">https:\/\/www.solutionsfortextiles.com\/<\/a><\/p>\n<p><a href=\"https:\/\/eur01.safelinks.protection.outlook.com\/?url=https%3A%2F%2Fwww.hardwarecomponentsandtools.com%2F&amp;data=04%7C01%7C%7C100c9c5b03a14b88afb808d8dd548f99%7C57357f3365ed4d2bb1d160fd3ea37682%7C1%7C0%7C637502702538683714%7CUnknown%7CTWFpbGZsb3d8eyJWIjoiMC4wLjAwMDAiLCJQIjoiV2luMzIiLCJBTiI6Ik1haWwiLCJXVCI6Mn0%3D%7C1000&amp;sdata=NWhHyTFlK23JMl5OYxmGKLq4wKYrY1nXOTtBBqJNYG4%3D&amp;reserved=0\" target=\"_blank\" rel=\"noopener\" data-auth=\"Verified\">https:\/\/www.hardwarecomponentsandtools.com\/<\/a><\/p>\n<p><a href=\"https:\/\/eur01.safelinks.protection.outlook.com\/?url=https%3A%2F%2Fwww.smartcitiessolutions.biz%2F&amp;data=04%7C01%7C%7C100c9c5b03a14b88afb808d8dd548f99%7C57357f3365ed4d2bb1d160fd3ea37682%7C1%7C0%7C637502702538683714%7CUnknown%7CTWFpbGZsb3d8eyJWIjoiMC4wLjAwMDAiLCJQIjoiV2luMzIiLCJBTiI6Ik1haWwiLCJXVCI6Mn0%3D%7C1000&amp;sdata=u0Zvc%2FWcXB%2Fl2llQi%2F9AOX%2FcIzCFiUOeAguqkBeAsB8%3D&amp;reserved=0\" target=\"_blank\" rel=\"noopener\" data-auth=\"Verified\">https:\/\/www.smartcitiessolutions.biz\/<\/a><\/p>\n<p><a href=\"https:\/\/eur01.safelinks.protection.outlook.com\/?url=https%3A%2F%2Fwww.foodtechnologies.biz%2F&amp;data=04%7C01%7C%7C100c9c5b03a14b88afb808d8dd548f99%7C57357f3365ed4d2bb1d160fd3ea37682%7C1%7C0%7C637502702538693729%7CUnknown%7CTWFpbGZsb3d8eyJWIjoiMC4wLjAwMDAiLCJQIjoiV2luMzIiLCJBTiI6Ik1haWwiLCJXVCI6Mn0%3D%7C1000&amp;sdata=0g5o27gIu4MNJCvFSjCpi6e1I8GWbxzotzk0WmdFBZs%3D&amp;reserved=0\" target=\"_blank\" rel=\"noopener\" data-auth=\"Verified\">https:\/\/www.foodtechnologies.biz\/<\/a><\/p>\n<p><a href=\"https:\/\/eur01.safelinks.protection.outlook.com\/?url=https%3A%2F%2Fwww.packagingtechnologies.biz%2F&amp;data=04%7C01%7C%7C100c9c5b03a14b88afb808d8dd548f99%7C57357f3365ed4d2bb1d160fd3ea37682%7C1%7C0%7C637502702538693729%7CUnknown%7CTWFpbGZsb3d8eyJWIjoiMC4wLjAwMDAiLCJQIjoiV2luMzIiLCJBTiI6Ik1haWwiLCJXVCI6Mn0%3D%7C1000&amp;sdata=Fw4%2FqpgQkWANpTNsUewQ%2Fke7740MVNZ%2FQ9Liby6%2BSho%3D&amp;reserved=0\" target=\"_blank\" rel=\"noopener\" data-auth=\"Verified\">https:\/\/www.packagingtechnologies.biz\/<\/a><\/p>\n<p><a href=\"https:\/\/eur01.safelinks.protection.outlook.com\/?url=https%3A%2F%2Fwww.solutionsforbathroom.com%2F&amp;data=04%7C01%7C%7C100c9c5b03a14b88afb808d8dd548f99%7C57357f3365ed4d2bb1d160fd3ea37682%7C1%7C0%7C637502702538703701%7CUnknown%7CTWFpbGZsb3d8eyJWIjoiMC4wLjAwMDAiLCJQIjoiV2luMzIiLCJBTiI6Ik1haWwiLCJXVCI6Mn0%3D%7C1000&amp;sdata=CUyqMvGoHnYgHlWa93nmaU%2FIVGyZqqEKe2J6EOIDUsc%3D&amp;reserved=0\" target=\"_blank\" rel=\"noopener\" data-auth=\"Verified\">https:\/\/www.solutionsforbathroom.com\/<\/a><\/p>\n<p><a href=\"https:\/\/eur01.safelinks.protection.outlook.com\/?url=https%3A%2F%2Fwww.electricalandenergysolutions.com%2F&amp;data=04%7C01%7C%7C100c9c5b03a14b88afb808d8dd548f99%7C57357f3365ed4d2bb1d160fd3ea37682%7C1%7C0%7C637502702538703701%7CUnknown%7CTWFpbGZsb3d8eyJWIjoiMC4wLjAwMDAiLCJQIjoiV2luMzIiLCJBTiI6Ik1haWwiLCJXVCI6Mn0%3D%7C1000&amp;sdata=w2bLoLO79F2K0MM4fHtbQCMbRsfjqjqz0rJqrKYH944%3D&amp;reserved=0\" target=\"_blank\" rel=\"noopener\" data-auth=\"Verified\">https:\/\/www.electricalandenergysolutions.com\/<\/a><\/p>\n<p><a href=\"https:\/\/eur01.safelinks.protection.outlook.com\/?url=https%3A%2F%2Fwww.technologiesforplastics.com%2F&amp;data=04%7C01%7C%7C100c9c5b03a14b88afb808d8dd548f99%7C57357f3365ed4d2bb1d160fd3ea37682%7C1%7C0%7C637502702538713693%7CUnknown%7CTWFpbGZsb3d8eyJWIjoiMC4wLjAwMDAiLCJQIjoiV2luMzIiLCJBTiI6Ik1haWwiLCJXVCI6Mn0%3D%7C1000&amp;sdata=BQREDc%2BCWscwSfvhLrMN5xcFsxFkBBLrAGCndscO3Mw%3D&amp;reserved=0\" target=\"_blank\" rel=\"noopener\" data-auth=\"Verified\">https:\/\/www.technologiesforplastics.com\/<\/a><\/p>\n<\/div>\n","protected":false},"excerpt":{"rendered":"<p>19 d&#8217;abril de 2021 amec\u00a0ha posat en marxa, amb la col\u00b7laboraci\u00f3 d&#8217;ICEX,\u00a0una potent plataforma de promoci\u00f3 internacional perqu\u00e8 les empreses industrials tinguin visibilitat a nivell global i captin clients en cadascun dels mercats d&#8217;inter\u00e8s. Es tracta de vuit webs sectorials que inclouran a les principals empreses i que seran el referent de cada sector, la [&hellip;]<\/p>\n","protected":false},"author":1,"featured_media":4732,"comment_status":"open","ping_status":"open","sticky":false,"template":"","format":"standard","meta":{"inline_featured_image":false,"footnotes":""},"categories":[27],"tags":[],"class_list":["post-6438","post","type-post","status-publish","format-standard","has-post-thumbnail","hentry","category-actualitat"],"yoast_head":"<!-- This site is optimized with the Yoast SEO plugin v27.3 - https:\/\/yoast.com\/product\/yoast-seo-wordpress\/ -->\n<title>Les empreses industrials accedeixen a una potent eina de captaci\u00f3 de clients a l&#039;exterior | amec Positive Industry<\/title>\n<meta name=\"robots\" content=\"index, follow, max-snippet:-1, max-image-preview:large, max-video-preview:-1\" \/>\n<link rel=\"canonical\" href=\"https:\/\/amec.es\/ca\/actualitat\/les-empreses-industrials-accedeixen-a-una-potent-eina-de-captacio-de-clients-a-lexterior\/\" \/>\n<meta property=\"og:locale\" content=\"ca_ES\" \/>\n<meta property=\"og:type\" content=\"article\" \/>\n<meta property=\"og:title\" content=\"Les empreses industrials accedeixen a una potent eina de captaci\u00f3 de clients a l&#039;exterior | amec Positive Industry\" \/>\n<meta property=\"og:description\" content=\"19 d&#8217;abril de 2021 amec\u00a0ha posat en marxa, amb la col\u00b7laboraci\u00f3 d&#8217;ICEX,\u00a0una potent plataforma de promoci\u00f3 internacional perqu\u00e8 les empreses industrials tinguin visibilitat a nivell global i captin clients en cadascun dels mercats d&#8217;inter\u00e8s. Es tracta de vuit webs sectorials que inclouran a les principals empreses i que seran el referent de cada sector, la [&hellip;]\" \/>\n<meta property=\"og:url\" content=\"https:\/\/amec.es\/ca\/actualitat\/les-empreses-industrials-accedeixen-a-una-potent-eina-de-captacio-de-clients-a-lexterior\/\" \/>\n<meta property=\"og:site_name\" content=\"amec Positive Industry\" \/>\n<meta property=\"article:published_time\" content=\"2021-04-19T10:21:51+00:00\" \/>\n<meta property=\"og:image\" content=\"https:\/\/amec.es\/wp-content\/uploads\/2024\/02\/Logo_AMEC.png\" \/>\n\t<meta property=\"og:image:width\" content=\"1827\" \/>\n\t<meta property=\"og:image:height\" content=\"438\" \/>\n\t<meta property=\"og:image:type\" content=\"image\/png\" \/>\n<meta name=\"author\" content=\"webmaster\" \/>\n<meta name=\"twitter:card\" content=\"summary_large_image\" \/>\n<meta name=\"twitter:label1\" content=\"Escrit per\" \/>\n\t<meta name=\"twitter:data1\" content=\"webmaster\" \/>\n\t<meta name=\"twitter:label2\" content=\"Temps estimat de lectura\" \/>\n\t<meta name=\"twitter:data2\" content=\"2 minuts\" \/>\n<script type=\"application\/ld+json\" class=\"yoast-schema-graph\">{\"@context\":\"https:\\\/\\\/schema.org\",\"@graph\":[{\"@type\":\"Article\",\"@id\":\"https:\\\/\\\/amec.es\\\/ca\\\/actualitat\\\/les-empreses-industrials-accedeixen-a-una-potent-eina-de-captacio-de-clients-a-lexterior\\\/#article\",\"isPartOf\":{\"@id\":\"https:\\\/\\\/amec.es\\\/ca\\\/actualitat\\\/les-empreses-industrials-accedeixen-a-una-potent-eina-de-captacio-de-clients-a-lexterior\\\/\"},\"author\":{\"name\":\"webmaster\",\"@id\":\"https:\\\/\\\/amec.es\\\/#\\\/schema\\\/person\\\/377e1e145733915506a55297ad2fc830\"},\"headline\":\"Les empreses industrials accedeixen a una potent eina de captaci\u00f3 de clients a l&#8217;exterior\",\"datePublished\":\"2021-04-19T10:21:51+00:00\",\"mainEntityOfPage\":{\"@id\":\"https:\\\/\\\/amec.es\\\/ca\\\/actualitat\\\/les-empreses-industrials-accedeixen-a-una-potent-eina-de-captacio-de-clients-a-lexterior\\\/\"},\"wordCount\":378,\"commentCount\":0,\"publisher\":{\"@id\":\"https:\\\/\\\/amec.es\\\/#organization\"},\"image\":{\"@id\":\"https:\\\/\\\/amec.es\\\/ca\\\/actualitat\\\/les-empreses-industrials-accedeixen-a-una-potent-eina-de-captacio-de-clients-a-lexterior\\\/#primaryimage\"},\"thumbnailUrl\":\"\",\"articleSection\":[\"Actualitat\"],\"inLanguage\":\"ca\",\"potentialAction\":[{\"@type\":\"CommentAction\",\"name\":\"Comment\",\"target\":[\"https:\\\/\\\/amec.es\\\/ca\\\/actualitat\\\/les-empreses-industrials-accedeixen-a-una-potent-eina-de-captacio-de-clients-a-lexterior\\\/#respond\"]}]},{\"@type\":\"WebPage\",\"@id\":\"https:\\\/\\\/amec.es\\\/ca\\\/actualitat\\\/les-empreses-industrials-accedeixen-a-una-potent-eina-de-captacio-de-clients-a-lexterior\\\/\",\"url\":\"https:\\\/\\\/amec.es\\\/ca\\\/actualitat\\\/les-empreses-industrials-accedeixen-a-una-potent-eina-de-captacio-de-clients-a-lexterior\\\/\",\"name\":\"Les empreses industrials accedeixen a una potent eina de captaci\u00f3 de clients a l'exterior | amec Positive Industry\",\"isPartOf\":{\"@id\":\"https:\\\/\\\/amec.es\\\/#website\"},\"primaryImageOfPage\":{\"@id\":\"https:\\\/\\\/amec.es\\\/ca\\\/actualitat\\\/les-empreses-industrials-accedeixen-a-una-potent-eina-de-captacio-de-clients-a-lexterior\\\/#primaryimage\"},\"image\":{\"@id\":\"https:\\\/\\\/amec.es\\\/ca\\\/actualitat\\\/les-empreses-industrials-accedeixen-a-una-potent-eina-de-captacio-de-clients-a-lexterior\\\/#primaryimage\"},\"thumbnailUrl\":\"\",\"datePublished\":\"2021-04-19T10:21:51+00:00\",\"breadcrumb\":{\"@id\":\"https:\\\/\\\/amec.es\\\/ca\\\/actualitat\\\/les-empreses-industrials-accedeixen-a-una-potent-eina-de-captacio-de-clients-a-lexterior\\\/#breadcrumb\"},\"inLanguage\":\"ca\",\"potentialAction\":[{\"@type\":\"ReadAction\",\"target\":[\"https:\\\/\\\/amec.es\\\/ca\\\/actualitat\\\/les-empreses-industrials-accedeixen-a-una-potent-eina-de-captacio-de-clients-a-lexterior\\\/\"]}]},{\"@type\":\"ImageObject\",\"inLanguage\":\"ca\",\"@id\":\"https:\\\/\\\/amec.es\\\/ca\\\/actualitat\\\/les-empreses-industrials-accedeixen-a-una-potent-eina-de-captacio-de-clients-a-lexterior\\\/#primaryimage\",\"url\":\"\",\"contentUrl\":\"\"},{\"@type\":\"BreadcrumbList\",\"@id\":\"https:\\\/\\\/amec.es\\\/ca\\\/actualitat\\\/les-empreses-industrials-accedeixen-a-una-potent-eina-de-captacio-de-clients-a-lexterior\\\/#breadcrumb\",\"itemListElement\":[{\"@type\":\"ListItem\",\"position\":1,\"name\":\"Portada\",\"item\":\"https:\\\/\\\/amec.es\\\/ca\\\/home-new\\\/\"},{\"@type\":\"ListItem\",\"position\":2,\"name\":\"Les empreses industrials accedeixen a una potent eina de captaci\u00f3 de clients a l&#8217;exterior\"}]},{\"@type\":\"WebSite\",\"@id\":\"https:\\\/\\\/amec.es\\\/#website\",\"url\":\"https:\\\/\\\/amec.es\\\/\",\"name\":\"amec Positive Industry\",\"description\":\"\",\"publisher\":{\"@id\":\"https:\\\/\\\/amec.es\\\/#organization\"},\"potentialAction\":[{\"@type\":\"SearchAction\",\"target\":{\"@type\":\"EntryPoint\",\"urlTemplate\":\"https:\\\/\\\/amec.es\\\/?s={search_term_string}\"},\"query-input\":{\"@type\":\"PropertyValueSpecification\",\"valueRequired\":true,\"valueName\":\"search_term_string\"}}],\"inLanguage\":\"ca\"},{\"@type\":\"Organization\",\"@id\":\"https:\\\/\\\/amec.es\\\/#organization\",\"name\":\"amec Positive Industry\",\"url\":\"https:\\\/\\\/amec.es\\\/\",\"logo\":{\"@type\":\"ImageObject\",\"inLanguage\":\"ca\",\"@id\":\"https:\\\/\\\/amec.es\\\/#\\\/schema\\\/logo\\\/image\\\/\",\"url\":\"https:\\\/\\\/amec.es\\\/wp-content\\\/uploads\\\/2023\\\/07\\\/logoamec.png\",\"contentUrl\":\"https:\\\/\\\/amec.es\\\/wp-content\\\/uploads\\\/2023\\\/07\\\/logoamec.png\",\"width\":200,\"height\":48,\"caption\":\"amec Positive Industry\"},\"image\":{\"@id\":\"https:\\\/\\\/amec.es\\\/#\\\/schema\\\/logo\\\/image\\\/\"}},{\"@type\":\"Person\",\"@id\":\"https:\\\/\\\/amec.es\\\/#\\\/schema\\\/person\\\/377e1e145733915506a55297ad2fc830\",\"name\":\"webmaster\",\"image\":{\"@type\":\"ImageObject\",\"inLanguage\":\"ca\",\"@id\":\"https:\\\/\\\/secure.gravatar.com\\\/avatar\\\/1122ff7c82efe2079ddb19cd256fc39ab150caee9b258eeae8928e7f703c39f3?s=96&d=mm&r=g\",\"url\":\"https:\\\/\\\/secure.gravatar.com\\\/avatar\\\/1122ff7c82efe2079ddb19cd256fc39ab150caee9b258eeae8928e7f703c39f3?s=96&d=mm&r=g\",\"contentUrl\":\"https:\\\/\\\/secure.gravatar.com\\\/avatar\\\/1122ff7c82efe2079ddb19cd256fc39ab150caee9b258eeae8928e7f703c39f3?s=96&d=mm&r=g\",\"caption\":\"webmaster\"}}]}<\/script>\n<!-- \/ Yoast SEO plugin. -->","yoast_head_json":{"title":"Les empreses industrials accedeixen a una potent eina de captaci\u00f3 de clients a l'exterior | amec Positive Industry","robots":{"index":"index","follow":"follow","max-snippet":"max-snippet:-1","max-image-preview":"max-image-preview:large","max-video-preview":"max-video-preview:-1"},"canonical":"https:\/\/amec.es\/ca\/actualitat\/les-empreses-industrials-accedeixen-a-una-potent-eina-de-captacio-de-clients-a-lexterior\/","og_locale":"ca_ES","og_type":"article","og_title":"Les empreses industrials accedeixen a una potent eina de captaci\u00f3 de clients a l'exterior | amec Positive Industry","og_description":"19 d&#8217;abril de 2021 amec\u00a0ha posat en marxa, amb la col\u00b7laboraci\u00f3 d&#8217;ICEX,\u00a0una potent plataforma de promoci\u00f3 internacional perqu\u00e8 les empreses industrials tinguin visibilitat a nivell global i captin clients en cadascun dels mercats d&#8217;inter\u00e8s. Es tracta de vuit webs sectorials que inclouran a les principals empreses i que seran el referent de cada sector, la [&hellip;]","og_url":"https:\/\/amec.es\/ca\/actualitat\/les-empreses-industrials-accedeixen-a-una-potent-eina-de-captacio-de-clients-a-lexterior\/","og_site_name":"amec Positive Industry","article_published_time":"2021-04-19T10:21:51+00:00","og_image":[{"width":1827,"height":438,"url":"https:\/\/amec.es\/wp-content\/uploads\/2024\/02\/Logo_AMEC.png","type":"image\/png"}],"author":"webmaster","twitter_card":"summary_large_image","twitter_misc":{"Escrit per":"webmaster","Temps estimat de lectura":"2 minuts"},"schema":{"@context":"https:\/\/schema.org","@graph":[{"@type":"Article","@id":"https:\/\/amec.es\/ca\/actualitat\/les-empreses-industrials-accedeixen-a-una-potent-eina-de-captacio-de-clients-a-lexterior\/#article","isPartOf":{"@id":"https:\/\/amec.es\/ca\/actualitat\/les-empreses-industrials-accedeixen-a-una-potent-eina-de-captacio-de-clients-a-lexterior\/"},"author":{"name":"webmaster","@id":"https:\/\/amec.es\/#\/schema\/person\/377e1e145733915506a55297ad2fc830"},"headline":"Les empreses industrials accedeixen a una potent eina de captaci\u00f3 de clients a l&#8217;exterior","datePublished":"2021-04-19T10:21:51+00:00","mainEntityOfPage":{"@id":"https:\/\/amec.es\/ca\/actualitat\/les-empreses-industrials-accedeixen-a-una-potent-eina-de-captacio-de-clients-a-lexterior\/"},"wordCount":378,"commentCount":0,"publisher":{"@id":"https:\/\/amec.es\/#organization"},"image":{"@id":"https:\/\/amec.es\/ca\/actualitat\/les-empreses-industrials-accedeixen-a-una-potent-eina-de-captacio-de-clients-a-lexterior\/#primaryimage"},"thumbnailUrl":"","articleSection":["Actualitat"],"inLanguage":"ca","potentialAction":[{"@type":"CommentAction","name":"Comment","target":["https:\/\/amec.es\/ca\/actualitat\/les-empreses-industrials-accedeixen-a-una-potent-eina-de-captacio-de-clients-a-lexterior\/#respond"]}]},{"@type":"WebPage","@id":"https:\/\/amec.es\/ca\/actualitat\/les-empreses-industrials-accedeixen-a-una-potent-eina-de-captacio-de-clients-a-lexterior\/","url":"https:\/\/amec.es\/ca\/actualitat\/les-empreses-industrials-accedeixen-a-una-potent-eina-de-captacio-de-clients-a-lexterior\/","name":"Les empreses industrials accedeixen a una potent eina de captaci\u00f3 de clients a l'exterior | amec Positive Industry","isPartOf":{"@id":"https:\/\/amec.es\/#website"},"primaryImageOfPage":{"@id":"https:\/\/amec.es\/ca\/actualitat\/les-empreses-industrials-accedeixen-a-una-potent-eina-de-captacio-de-clients-a-lexterior\/#primaryimage"},"image":{"@id":"https:\/\/amec.es\/ca\/actualitat\/les-empreses-industrials-accedeixen-a-una-potent-eina-de-captacio-de-clients-a-lexterior\/#primaryimage"},"thumbnailUrl":"","datePublished":"2021-04-19T10:21:51+00:00","breadcrumb":{"@id":"https:\/\/amec.es\/ca\/actualitat\/les-empreses-industrials-accedeixen-a-una-potent-eina-de-captacio-de-clients-a-lexterior\/#breadcrumb"},"inLanguage":"ca","potentialAction":[{"@type":"ReadAction","target":["https:\/\/amec.es\/ca\/actualitat\/les-empreses-industrials-accedeixen-a-una-potent-eina-de-captacio-de-clients-a-lexterior\/"]}]},{"@type":"ImageObject","inLanguage":"ca","@id":"https:\/\/amec.es\/ca\/actualitat\/les-empreses-industrials-accedeixen-a-una-potent-eina-de-captacio-de-clients-a-lexterior\/#primaryimage","url":"","contentUrl":""},{"@type":"BreadcrumbList","@id":"https:\/\/amec.es\/ca\/actualitat\/les-empreses-industrials-accedeixen-a-una-potent-eina-de-captacio-de-clients-a-lexterior\/#breadcrumb","itemListElement":[{"@type":"ListItem","position":1,"name":"Portada","item":"https:\/\/amec.es\/ca\/home-new\/"},{"@type":"ListItem","position":2,"name":"Les empreses industrials accedeixen a una potent eina de captaci\u00f3 de clients a l&#8217;exterior"}]},{"@type":"WebSite","@id":"https:\/\/amec.es\/#website","url":"https:\/\/amec.es\/","name":"amec Positive Industry","description":"","publisher":{"@id":"https:\/\/amec.es\/#organization"},"potentialAction":[{"@type":"SearchAction","target":{"@type":"EntryPoint","urlTemplate":"https:\/\/amec.es\/?s={search_term_string}"},"query-input":{"@type":"PropertyValueSpecification","valueRequired":true,"valueName":"search_term_string"}}],"inLanguage":"ca"},{"@type":"Organization","@id":"https:\/\/amec.es\/#organization","name":"amec Positive Industry","url":"https:\/\/amec.es\/","logo":{"@type":"ImageObject","inLanguage":"ca","@id":"https:\/\/amec.es\/#\/schema\/logo\/image\/","url":"https:\/\/amec.es\/wp-content\/uploads\/2023\/07\/logoamec.png","contentUrl":"https:\/\/amec.es\/wp-content\/uploads\/2023\/07\/logoamec.png","width":200,"height":48,"caption":"amec Positive Industry"},"image":{"@id":"https:\/\/amec.es\/#\/schema\/logo\/image\/"}},{"@type":"Person","@id":"https:\/\/amec.es\/#\/schema\/person\/377e1e145733915506a55297ad2fc830","name":"webmaster","image":{"@type":"ImageObject","inLanguage":"ca","@id":"https:\/\/secure.gravatar.com\/avatar\/1122ff7c82efe2079ddb19cd256fc39ab150caee9b258eeae8928e7f703c39f3?s=96&d=mm&r=g","url":"https:\/\/secure.gravatar.com\/avatar\/1122ff7c82efe2079ddb19cd256fc39ab150caee9b258eeae8928e7f703c39f3?s=96&d=mm&r=g","contentUrl":"https:\/\/secure.gravatar.com\/avatar\/1122ff7c82efe2079ddb19cd256fc39ab150caee9b258eeae8928e7f703c39f3?s=96&d=mm&r=g","caption":"webmaster"}}]}},"_links":{"self":[{"href":"https:\/\/amec.es\/ca\/wp-json\/wp\/v2\/posts\/6438","targetHints":{"allow":["GET"]}}],"collection":[{"href":"https:\/\/amec.es\/ca\/wp-json\/wp\/v2\/posts"}],"about":[{"href":"https:\/\/amec.es\/ca\/wp-json\/wp\/v2\/types\/post"}],"author":[{"embeddable":true,"href":"https:\/\/amec.es\/ca\/wp-json\/wp\/v2\/users\/1"}],"replies":[{"embeddable":true,"href":"https:\/\/amec.es\/ca\/wp-json\/wp\/v2\/comments?post=6438"}],"version-history":[{"count":0,"href":"https:\/\/amec.es\/ca\/wp-json\/wp\/v2\/posts\/6438\/revisions"}],"wp:featuredmedia":[{"embeddable":true,"href":"https:\/\/amec.es\/ca\/wp-json\/"}],"wp:attachment":[{"href":"https:\/\/amec.es\/ca\/wp-json\/wp\/v2\/media?parent=6438"}],"wp:term":[{"taxonomy":"category","embeddable":true,"href":"https:\/\/amec.es\/ca\/wp-json\/wp\/v2\/categories?post=6438"},{"taxonomy":"post_tag","embeddable":true,"href":"https:\/\/amec.es\/ca\/wp-json\/wp\/v2\/tags?post=6438"}],"curies":[{"name":"wp","href":"https:\/\/api.w.org\/{rel}","templated":true}]}}