{"id":6439,"date":"2021-04-20T10:23:10","date_gmt":"2021-04-20T10:23:10","guid":{"rendered":"https:\/\/wecreatedesign.co\/dev\/WP\/amec\/?p=4737"},"modified":"2021-04-20T10:23:10","modified_gmt":"2021-04-20T10:23:10","slug":"amec-participa-a-la-xarxa-de-cdti-creada-per-accedir-als-ajuts-publics-a-la-r-d-i","status":"publish","type":"post","link":"https:\/\/amec.es\/ca\/actualitat\/amec-participa-a-la-xarxa-de-cdti-creada-per-accedir-als-ajuts-publics-a-la-r-d-i\/","title":{"rendered":"amec participa a la xarxa de CDTI creada per accedir als ajuts p\u00fablics a la R + D + I"},"content":{"rendered":"<div class=\"amplada-pagina descripcion\">\n<p><em><strong><img fetchpriority=\"high\" decoding=\"async\" src=\"http:\/\/wecreatedesign.co\/dev\/WP\/amec\/wp-content\/uploads\/2023\/03\/grupo-pidi-seminario-transfiere21-redim-w400-h300.jpg\" alt=\"Grup PIDI seminari Transfiere21.jpg\" width=\"400\" height=\"300\" \/>amec<\/strong><\/em>\u00a0s&#8217;ha integrat\u00a0<strong>a la xarxa PI + D + I, creada i coordinada pel Centre per al Desenvolupament Tecnol\u00f2gic Industrial (CDTI),<\/strong>\u00a0per con\u00e8ixer de primera m\u00e0 tots els programes d&#8217;ajuda i les l\u00ednies de suport a les empreses industrials per\u00a0<strong>informar i assessorar de forma permanent a la nostra comunitat<\/strong>.<\/p>\n<p>&nbsp;<\/p>\n<p>El CDTI \u00e9s sens dubte una font important\u00edssima de finan\u00e7ament per als projectes d&#8217;innovaci\u00f3 de les empreses i ho ser\u00e0 encara m\u00e9s a partir d&#8217;ara i en els propers dos anys, ja que vehicular\u00e0 una part dels ajuts dels Fons de Reestructuraci\u00f3 europeus Next Generation . El subdirector d&#8217;amec, \u00d3scar Puig, ha assistit aquest mes d&#8217;abril a una trobada de la xarxa PI + D + I en qu\u00e8 ha exposat les iniciatives que la comunitat est\u00e0 desenvolupant per la seva innovaci\u00f3.<\/p>\n<p>&nbsp;<\/p>\n<p>Amb la seva adhesi\u00f3 a la xarxa PI + D + I, amec es converteix en un dels punts d&#8217;informaci\u00f3 de refer\u00e8ncia sobre les ajudes p\u00fabliques de tots els \u00e0mbits a la R+D+I.\u00a0<em><strong>amec<\/strong><\/em>\u00a0tindr\u00e0 acc\u00e9s a tota la informaci\u00f3 actualitzada i, coneixedora dels projectes que impulsen les empreses industrials, podr\u00e0 desgranar quines s\u00f3n les iniciatives m\u00e9s interessants per als membres de la comunitat, en funci\u00f3 de les caracter\u00edstiques dels seus projectes tecnol\u00f2gic-empresarials, cobrint tots els \u00e0mbits de la innovaci\u00f3. La xarxa abasta les convocat\u00f2ries de programes regionals, auton\u00f2mics, nacionals, europeus i internacionals.<\/p>\n<\/div>\n","protected":false},"excerpt":{"rendered":"<p>amec\u00a0s&#8217;ha integrat\u00a0a la xarxa PI + D + I, creada i coordinada pel Centre per al Desenvolupament Tecnol\u00f2gic Industrial (CDTI),\u00a0per con\u00e8ixer de primera m\u00e0 tots els programes d&#8217;ajuda i les l\u00ednies de suport a les empreses industrials per\u00a0informar i assessorar de forma permanent a la nostra comunitat. &nbsp; El CDTI \u00e9s sens dubte una font [&hellip;]<\/p>\n","protected":false},"author":1,"featured_media":4739,"comment_status":"open","ping_status":"open","sticky":false,"template":"","format":"standard","meta":{"inline_featured_image":false,"footnotes":""},"categories":[27],"tags":[],"class_list":["post-6439","post","type-post","status-publish","format-standard","has-post-thumbnail","hentry","category-actualitat"],"yoast_head":"<!-- This site is optimized with the Yoast SEO plugin v27.3 - https:\/\/yoast.com\/product\/yoast-seo-wordpress\/ -->\n<title>amec participa a la xarxa de CDTI creada per accedir als ajuts p\u00fablics a la R + D + I | amec Positive Industry<\/title>\n<meta name=\"robots\" content=\"index, follow, max-snippet:-1, max-image-preview:large, max-video-preview:-1\" \/>\n<link rel=\"canonical\" href=\"https:\/\/amec.es\/ca\/actualitat\/amec-participa-a-la-xarxa-de-cdti-creada-per-accedir-als-ajuts-publics-a-la-r-d-i\/\" \/>\n<meta property=\"og:locale\" content=\"ca_ES\" \/>\n<meta property=\"og:type\" content=\"article\" \/>\n<meta property=\"og:title\" content=\"amec participa a la xarxa de CDTI creada per accedir als ajuts p\u00fablics a la R + D + I | amec Positive Industry\" \/>\n<meta property=\"og:description\" content=\"amec\u00a0s&#8217;ha integrat\u00a0a la xarxa PI + D + I, creada i coordinada pel Centre per al Desenvolupament Tecnol\u00f2gic Industrial (CDTI),\u00a0per con\u00e8ixer de primera m\u00e0 tots els programes d&#8217;ajuda i les l\u00ednies de suport a les empreses industrials per\u00a0informar i assessorar de forma permanent a la nostra comunitat. &nbsp; El CDTI \u00e9s sens dubte una font [&hellip;]\" \/>\n<meta property=\"og:url\" content=\"https:\/\/amec.es\/ca\/actualitat\/amec-participa-a-la-xarxa-de-cdti-creada-per-accedir-als-ajuts-publics-a-la-r-d-i\/\" \/>\n<meta property=\"og:site_name\" content=\"amec Positive Industry\" \/>\n<meta property=\"article:published_time\" content=\"2021-04-20T10:23:10+00:00\" \/>\n<meta property=\"og:image\" content=\"https:\/\/amec.es\/wp-content\/uploads\/2023\/08\/icex.jpg\" \/>\n\t<meta property=\"og:image:width\" content=\"380\" \/>\n\t<meta property=\"og:image:height\" content=\"225\" \/>\n\t<meta property=\"og:image:type\" content=\"image\/jpeg\" \/>\n<meta name=\"author\" content=\"webmaster\" \/>\n<meta name=\"twitter:card\" content=\"summary_large_image\" \/>\n<meta name=\"twitter:label1\" content=\"Escrit per\" \/>\n\t<meta name=\"twitter:data1\" content=\"webmaster\" \/>\n\t<meta name=\"twitter:label2\" content=\"Temps estimat de lectura\" \/>\n\t<meta name=\"twitter:data2\" content=\"1 minut\" \/>\n<script type=\"application\/ld+json\" class=\"yoast-schema-graph\">{\"@context\":\"https:\\\/\\\/schema.org\",\"@graph\":[{\"@type\":\"Article\",\"@id\":\"https:\\\/\\\/amec.es\\\/ca\\\/actualitat\\\/amec-participa-a-la-xarxa-de-cdti-creada-per-accedir-als-ajuts-publics-a-la-r-d-i\\\/#article\",\"isPartOf\":{\"@id\":\"https:\\\/\\\/amec.es\\\/ca\\\/actualitat\\\/amec-participa-a-la-xarxa-de-cdti-creada-per-accedir-als-ajuts-publics-a-la-r-d-i\\\/\"},\"author\":{\"name\":\"webmaster\",\"@id\":\"https:\\\/\\\/amec.es\\\/#\\\/schema\\\/person\\\/377e1e145733915506a55297ad2fc830\"},\"headline\":\"amec participa a la xarxa de CDTI creada per accedir als ajuts p\u00fablics a la R + D + I\",\"datePublished\":\"2021-04-20T10:23:10+00:00\",\"mainEntityOfPage\":{\"@id\":\"https:\\\/\\\/amec.es\\\/ca\\\/actualitat\\\/amec-participa-a-la-xarxa-de-cdti-creada-per-accedir-als-ajuts-publics-a-la-r-d-i\\\/\"},\"wordCount\":264,\"commentCount\":0,\"publisher\":{\"@id\":\"https:\\\/\\\/amec.es\\\/#organization\"},\"image\":{\"@id\":\"https:\\\/\\\/amec.es\\\/ca\\\/actualitat\\\/amec-participa-a-la-xarxa-de-cdti-creada-per-accedir-als-ajuts-publics-a-la-r-d-i\\\/#primaryimage\"},\"thumbnailUrl\":\"https:\\\/\\\/amec.es\\\/wp-content\\\/uploads\\\/2023\\\/08\\\/icex.jpg\",\"articleSection\":[\"Actualitat\"],\"inLanguage\":\"ca\",\"potentialAction\":[{\"@type\":\"CommentAction\",\"name\":\"Comment\",\"target\":[\"https:\\\/\\\/amec.es\\\/ca\\\/actualitat\\\/amec-participa-a-la-xarxa-de-cdti-creada-per-accedir-als-ajuts-publics-a-la-r-d-i\\\/#respond\"]}]},{\"@type\":\"WebPage\",\"@id\":\"https:\\\/\\\/amec.es\\\/ca\\\/actualitat\\\/amec-participa-a-la-xarxa-de-cdti-creada-per-accedir-als-ajuts-publics-a-la-r-d-i\\\/\",\"url\":\"https:\\\/\\\/amec.es\\\/ca\\\/actualitat\\\/amec-participa-a-la-xarxa-de-cdti-creada-per-accedir-als-ajuts-publics-a-la-r-d-i\\\/\",\"name\":\"amec participa a la xarxa de CDTI creada per accedir als ajuts p\u00fablics a la R + D + I | amec Positive Industry\",\"isPartOf\":{\"@id\":\"https:\\\/\\\/amec.es\\\/#website\"},\"primaryImageOfPage\":{\"@id\":\"https:\\\/\\\/amec.es\\\/ca\\\/actualitat\\\/amec-participa-a-la-xarxa-de-cdti-creada-per-accedir-als-ajuts-publics-a-la-r-d-i\\\/#primaryimage\"},\"image\":{\"@id\":\"https:\\\/\\\/amec.es\\\/ca\\\/actualitat\\\/amec-participa-a-la-xarxa-de-cdti-creada-per-accedir-als-ajuts-publics-a-la-r-d-i\\\/#primaryimage\"},\"thumbnailUrl\":\"https:\\\/\\\/amec.es\\\/wp-content\\\/uploads\\\/2023\\\/08\\\/icex.jpg\",\"datePublished\":\"2021-04-20T10:23:10+00:00\",\"breadcrumb\":{\"@id\":\"https:\\\/\\\/amec.es\\\/ca\\\/actualitat\\\/amec-participa-a-la-xarxa-de-cdti-creada-per-accedir-als-ajuts-publics-a-la-r-d-i\\\/#breadcrumb\"},\"inLanguage\":\"ca\",\"potentialAction\":[{\"@type\":\"ReadAction\",\"target\":[\"https:\\\/\\\/amec.es\\\/ca\\\/actualitat\\\/amec-participa-a-la-xarxa-de-cdti-creada-per-accedir-als-ajuts-publics-a-la-r-d-i\\\/\"]}]},{\"@type\":\"ImageObject\",\"inLanguage\":\"ca\",\"@id\":\"https:\\\/\\\/amec.es\\\/ca\\\/actualitat\\\/amec-participa-a-la-xarxa-de-cdti-creada-per-accedir-als-ajuts-publics-a-la-r-d-i\\\/#primaryimage\",\"url\":\"https:\\\/\\\/amec.es\\\/wp-content\\\/uploads\\\/2023\\\/08\\\/icex.jpg\",\"contentUrl\":\"https:\\\/\\\/amec.es\\\/wp-content\\\/uploads\\\/2023\\\/08\\\/icex.jpg\",\"width\":380,\"height\":225,\"caption\":\"ICEX PROVA\"},{\"@type\":\"BreadcrumbList\",\"@id\":\"https:\\\/\\\/amec.es\\\/ca\\\/actualitat\\\/amec-participa-a-la-xarxa-de-cdti-creada-per-accedir-als-ajuts-publics-a-la-r-d-i\\\/#breadcrumb\",\"itemListElement\":[{\"@type\":\"ListItem\",\"position\":1,\"name\":\"Portada\",\"item\":\"https:\\\/\\\/amec.es\\\/ca\\\/home-new\\\/\"},{\"@type\":\"ListItem\",\"position\":2,\"name\":\"amec participa a la xarxa de CDTI creada per accedir als ajuts p\u00fablics a la R + D + I\"}]},{\"@type\":\"WebSite\",\"@id\":\"https:\\\/\\\/amec.es\\\/#website\",\"url\":\"https:\\\/\\\/amec.es\\\/\",\"name\":\"amec Positive Industry\",\"description\":\"\",\"publisher\":{\"@id\":\"https:\\\/\\\/amec.es\\\/#organization\"},\"potentialAction\":[{\"@type\":\"SearchAction\",\"target\":{\"@type\":\"EntryPoint\",\"urlTemplate\":\"https:\\\/\\\/amec.es\\\/?s={search_term_string}\"},\"query-input\":{\"@type\":\"PropertyValueSpecification\",\"valueRequired\":true,\"valueName\":\"search_term_string\"}}],\"inLanguage\":\"ca\"},{\"@type\":\"Organization\",\"@id\":\"https:\\\/\\\/amec.es\\\/#organization\",\"name\":\"amec Positive Industry\",\"url\":\"https:\\\/\\\/amec.es\\\/\",\"logo\":{\"@type\":\"ImageObject\",\"inLanguage\":\"ca\",\"@id\":\"https:\\\/\\\/amec.es\\\/#\\\/schema\\\/logo\\\/image\\\/\",\"url\":\"https:\\\/\\\/amec.es\\\/wp-content\\\/uploads\\\/2023\\\/07\\\/logoamec.png\",\"contentUrl\":\"https:\\\/\\\/amec.es\\\/wp-content\\\/uploads\\\/2023\\\/07\\\/logoamec.png\",\"width\":200,\"height\":48,\"caption\":\"amec Positive Industry\"},\"image\":{\"@id\":\"https:\\\/\\\/amec.es\\\/#\\\/schema\\\/logo\\\/image\\\/\"}},{\"@type\":\"Person\",\"@id\":\"https:\\\/\\\/amec.es\\\/#\\\/schema\\\/person\\\/377e1e145733915506a55297ad2fc830\",\"name\":\"webmaster\",\"image\":{\"@type\":\"ImageObject\",\"inLanguage\":\"ca\",\"@id\":\"https:\\\/\\\/secure.gravatar.com\\\/avatar\\\/1122ff7c82efe2079ddb19cd256fc39ab150caee9b258eeae8928e7f703c39f3?s=96&d=mm&r=g\",\"url\":\"https:\\\/\\\/secure.gravatar.com\\\/avatar\\\/1122ff7c82efe2079ddb19cd256fc39ab150caee9b258eeae8928e7f703c39f3?s=96&d=mm&r=g\",\"contentUrl\":\"https:\\\/\\\/secure.gravatar.com\\\/avatar\\\/1122ff7c82efe2079ddb19cd256fc39ab150caee9b258eeae8928e7f703c39f3?s=96&d=mm&r=g\",\"caption\":\"webmaster\"}}]}<\/script>\n<!-- \/ Yoast SEO plugin. -->","yoast_head_json":{"title":"amec participa a la xarxa de CDTI creada per accedir als ajuts p\u00fablics a la R + D + I | amec Positive Industry","robots":{"index":"index","follow":"follow","max-snippet":"max-snippet:-1","max-image-preview":"max-image-preview:large","max-video-preview":"max-video-preview:-1"},"canonical":"https:\/\/amec.es\/ca\/actualitat\/amec-participa-a-la-xarxa-de-cdti-creada-per-accedir-als-ajuts-publics-a-la-r-d-i\/","og_locale":"ca_ES","og_type":"article","og_title":"amec participa a la xarxa de CDTI creada per accedir als ajuts p\u00fablics a la R + D + I | amec Positive Industry","og_description":"amec\u00a0s&#8217;ha integrat\u00a0a la xarxa PI + D + I, creada i coordinada pel Centre per al Desenvolupament Tecnol\u00f2gic Industrial (CDTI),\u00a0per con\u00e8ixer de primera m\u00e0 tots els programes d&#8217;ajuda i les l\u00ednies de suport a les empreses industrials per\u00a0informar i assessorar de forma permanent a la nostra comunitat. &nbsp; El CDTI \u00e9s sens dubte una font [&hellip;]","og_url":"https:\/\/amec.es\/ca\/actualitat\/amec-participa-a-la-xarxa-de-cdti-creada-per-accedir-als-ajuts-publics-a-la-r-d-i\/","og_site_name":"amec Positive Industry","article_published_time":"2021-04-20T10:23:10+00:00","og_image":[{"width":380,"height":225,"url":"https:\/\/amec.es\/wp-content\/uploads\/2023\/08\/icex.jpg","type":"image\/jpeg"}],"author":"webmaster","twitter_card":"summary_large_image","twitter_misc":{"Escrit per":"webmaster","Temps estimat de lectura":"1 minut"},"schema":{"@context":"https:\/\/schema.org","@graph":[{"@type":"Article","@id":"https:\/\/amec.es\/ca\/actualitat\/amec-participa-a-la-xarxa-de-cdti-creada-per-accedir-als-ajuts-publics-a-la-r-d-i\/#article","isPartOf":{"@id":"https:\/\/amec.es\/ca\/actualitat\/amec-participa-a-la-xarxa-de-cdti-creada-per-accedir-als-ajuts-publics-a-la-r-d-i\/"},"author":{"name":"webmaster","@id":"https:\/\/amec.es\/#\/schema\/person\/377e1e145733915506a55297ad2fc830"},"headline":"amec participa a la xarxa de CDTI creada per accedir als ajuts p\u00fablics a la R + D + I","datePublished":"2021-04-20T10:23:10+00:00","mainEntityOfPage":{"@id":"https:\/\/amec.es\/ca\/actualitat\/amec-participa-a-la-xarxa-de-cdti-creada-per-accedir-als-ajuts-publics-a-la-r-d-i\/"},"wordCount":264,"commentCount":0,"publisher":{"@id":"https:\/\/amec.es\/#organization"},"image":{"@id":"https:\/\/amec.es\/ca\/actualitat\/amec-participa-a-la-xarxa-de-cdti-creada-per-accedir-als-ajuts-publics-a-la-r-d-i\/#primaryimage"},"thumbnailUrl":"https:\/\/amec.es\/wp-content\/uploads\/2023\/08\/icex.jpg","articleSection":["Actualitat"],"inLanguage":"ca","potentialAction":[{"@type":"CommentAction","name":"Comment","target":["https:\/\/amec.es\/ca\/actualitat\/amec-participa-a-la-xarxa-de-cdti-creada-per-accedir-als-ajuts-publics-a-la-r-d-i\/#respond"]}]},{"@type":"WebPage","@id":"https:\/\/amec.es\/ca\/actualitat\/amec-participa-a-la-xarxa-de-cdti-creada-per-accedir-als-ajuts-publics-a-la-r-d-i\/","url":"https:\/\/amec.es\/ca\/actualitat\/amec-participa-a-la-xarxa-de-cdti-creada-per-accedir-als-ajuts-publics-a-la-r-d-i\/","name":"amec participa a la xarxa de CDTI creada per accedir als ajuts p\u00fablics a la R + D + I | amec Positive Industry","isPartOf":{"@id":"https:\/\/amec.es\/#website"},"primaryImageOfPage":{"@id":"https:\/\/amec.es\/ca\/actualitat\/amec-participa-a-la-xarxa-de-cdti-creada-per-accedir-als-ajuts-publics-a-la-r-d-i\/#primaryimage"},"image":{"@id":"https:\/\/amec.es\/ca\/actualitat\/amec-participa-a-la-xarxa-de-cdti-creada-per-accedir-als-ajuts-publics-a-la-r-d-i\/#primaryimage"},"thumbnailUrl":"https:\/\/amec.es\/wp-content\/uploads\/2023\/08\/icex.jpg","datePublished":"2021-04-20T10:23:10+00:00","breadcrumb":{"@id":"https:\/\/amec.es\/ca\/actualitat\/amec-participa-a-la-xarxa-de-cdti-creada-per-accedir-als-ajuts-publics-a-la-r-d-i\/#breadcrumb"},"inLanguage":"ca","potentialAction":[{"@type":"ReadAction","target":["https:\/\/amec.es\/ca\/actualitat\/amec-participa-a-la-xarxa-de-cdti-creada-per-accedir-als-ajuts-publics-a-la-r-d-i\/"]}]},{"@type":"ImageObject","inLanguage":"ca","@id":"https:\/\/amec.es\/ca\/actualitat\/amec-participa-a-la-xarxa-de-cdti-creada-per-accedir-als-ajuts-publics-a-la-r-d-i\/#primaryimage","url":"https:\/\/amec.es\/wp-content\/uploads\/2023\/08\/icex.jpg","contentUrl":"https:\/\/amec.es\/wp-content\/uploads\/2023\/08\/icex.jpg","width":380,"height":225,"caption":"ICEX PROVA"},{"@type":"BreadcrumbList","@id":"https:\/\/amec.es\/ca\/actualitat\/amec-participa-a-la-xarxa-de-cdti-creada-per-accedir-als-ajuts-publics-a-la-r-d-i\/#breadcrumb","itemListElement":[{"@type":"ListItem","position":1,"name":"Portada","item":"https:\/\/amec.es\/ca\/home-new\/"},{"@type":"ListItem","position":2,"name":"amec participa a la xarxa de CDTI creada per accedir als ajuts p\u00fablics a la R + D + I"}]},{"@type":"WebSite","@id":"https:\/\/amec.es\/#website","url":"https:\/\/amec.es\/","name":"amec Positive Industry","description":"","publisher":{"@id":"https:\/\/amec.es\/#organization"},"potentialAction":[{"@type":"SearchAction","target":{"@type":"EntryPoint","urlTemplate":"https:\/\/amec.es\/?s={search_term_string}"},"query-input":{"@type":"PropertyValueSpecification","valueRequired":true,"valueName":"search_term_string"}}],"inLanguage":"ca"},{"@type":"Organization","@id":"https:\/\/amec.es\/#organization","name":"amec Positive Industry","url":"https:\/\/amec.es\/","logo":{"@type":"ImageObject","inLanguage":"ca","@id":"https:\/\/amec.es\/#\/schema\/logo\/image\/","url":"https:\/\/amec.es\/wp-content\/uploads\/2023\/07\/logoamec.png","contentUrl":"https:\/\/amec.es\/wp-content\/uploads\/2023\/07\/logoamec.png","width":200,"height":48,"caption":"amec Positive Industry"},"image":{"@id":"https:\/\/amec.es\/#\/schema\/logo\/image\/"}},{"@type":"Person","@id":"https:\/\/amec.es\/#\/schema\/person\/377e1e145733915506a55297ad2fc830","name":"webmaster","image":{"@type":"ImageObject","inLanguage":"ca","@id":"https:\/\/secure.gravatar.com\/avatar\/1122ff7c82efe2079ddb19cd256fc39ab150caee9b258eeae8928e7f703c39f3?s=96&d=mm&r=g","url":"https:\/\/secure.gravatar.com\/avatar\/1122ff7c82efe2079ddb19cd256fc39ab150caee9b258eeae8928e7f703c39f3?s=96&d=mm&r=g","contentUrl":"https:\/\/secure.gravatar.com\/avatar\/1122ff7c82efe2079ddb19cd256fc39ab150caee9b258eeae8928e7f703c39f3?s=96&d=mm&r=g","caption":"webmaster"}}]}},"_links":{"self":[{"href":"https:\/\/amec.es\/ca\/wp-json\/wp\/v2\/posts\/6439","targetHints":{"allow":["GET"]}}],"collection":[{"href":"https:\/\/amec.es\/ca\/wp-json\/wp\/v2\/posts"}],"about":[{"href":"https:\/\/amec.es\/ca\/wp-json\/wp\/v2\/types\/post"}],"author":[{"embeddable":true,"href":"https:\/\/amec.es\/ca\/wp-json\/wp\/v2\/users\/1"}],"replies":[{"embeddable":true,"href":"https:\/\/amec.es\/ca\/wp-json\/wp\/v2\/comments?post=6439"}],"version-history":[{"count":0,"href":"https:\/\/amec.es\/ca\/wp-json\/wp\/v2\/posts\/6439\/revisions"}],"wp:featuredmedia":[{"embeddable":true,"href":"https:\/\/amec.es\/ca\/wp-json\/wp\/v2\/media\/4739"}],"wp:attachment":[{"href":"https:\/\/amec.es\/ca\/wp-json\/wp\/v2\/media?parent=6439"}],"wp:term":[{"taxonomy":"category","embeddable":true,"href":"https:\/\/amec.es\/ca\/wp-json\/wp\/v2\/categories?post=6439"},{"taxonomy":"post_tag","embeddable":true,"href":"https:\/\/amec.es\/ca\/wp-json\/wp\/v2\/tags?post=6439"}],"curies":[{"name":"wp","href":"https:\/\/api.w.org\/{rel}","templated":true}]}}