{"id":6442,"date":"2021-04-19T06:40:35","date_gmt":"2021-04-19T06:40:35","guid":{"rendered":"https:\/\/wecreatedesign.co\/dev\/WP\/amec\/?p=5538"},"modified":"2021-04-19T06:40:35","modified_gmt":"2021-04-19T06:40:35","slug":"hispack-i-amec-envasgraf-analitzen-la-innovacio-actual-en-tecnologia-de-packaging-i-proces","status":"publish","type":"post","link":"https:\/\/amec.es\/ca\/notes-de-premsa\/hispack-i-amec-envasgraf-analitzen-la-innovacio-actual-en-tecnologia-de-packaging-i-proces\/","title":{"rendered":"Hispack i amec envasgraf analitzen la innovaci\u00f3 actual en tecnologia de packaging i proc\u00e9s"},"content":{"rendered":"<p>El sal\u00f3 Hispack de Fira de Barcelona i\u00a0<em><strong>amec envasgraf<\/strong>,<\/em>\u00a0l&#8217;agrupaci\u00f3 sectorial de la comunitat d&#8217;empreses industrials internacionalitzades\u00a0<em><strong>amec<\/strong>,<\/em>\u00a0organitzen el proper 21 d&#8217;abril, a les 15.00h, 1 webinar en qu\u00e8 s&#8217;analitzaran les principals innovacions que estan marcant la fabricaci\u00f3 de packaging i els processos d&#8217;envasat a partir de les experi\u00e8ncies dutes a terme per cinc empreses espanyoles: And &amp; OR, EnplaterGroup, Gr\u00e0fiques Salaet, Macsa ID yTavil. Aquest f\u00f2rum t\u00e8cnic on-line, obert a la participaci\u00f3 d&#8217;empreses i professionals de sectors usuaris de packaging tant nacionals com internacionals, servir\u00e0 per donar a con\u00e8ixer algunes de les tend\u00e8ncies clau en el sector de la tecnologia d&#8217;env\u00e0s i embalatge a Espanya relacionades principalment amb la sostenibilitat i l&#8217;automatitzaci\u00f3 que s&#8217;han vist accelerades durant la pand\u00e8mia.<\/p>\n<p>&nbsp;<\/p>\n<p>En la ind\u00fastria de l&#8217;packaging cada vegada resulten m\u00e9s determinants factors com\u00a0<strong>la digitalitzaci\u00f3,<\/strong>\u00a0imprescindible en l&#8217;optimitzaci\u00f3 i monitoritzaci\u00f3 dels processos productius, la intralog\u00edstica i cadena de distribuci\u00f3;\u00a0<strong>l&#8217;aplicaci\u00f3 de tecnologies pr\u00f2pies de la ind\u00fastria 4.0<\/strong>\u00a0per a un major grau d&#8217;automatitzaci\u00f3, canvis de formats autom\u00e0tics, desenvolupament de tecnologies per a l&#8217;envasament actiu i augment de la connectivitat; aix\u00ed com l&#8217;aposta per incorporar\u00a0<strong>l&#8217;efici\u00e8ncia energ\u00e8tica, la sostenibilitat i l&#8217;economia circular<\/strong>\u00a0en el disseny i funcionament de la maquin\u00e0ria. En aquest sentit, els fabricants espanyols de tecnologia d&#8217;env\u00e0s i embalatge han interioritzat aquests conceptes en la seva innovaci\u00f3 i nous desenvolupaments per donar respostes a mida de les necessitats d&#8217;empreses de diferents sectors productius.<\/p>\n<p>&nbsp;<\/p>\n<p>Per con\u00e8ixer i visualitzar l&#8217;aplicaci\u00f3 real d&#8217;aquests factors, al webinar organitzat per Hispack i\u00a0<strong><em>amec<\/em><\/strong>\u00a0s&#8217;exposaran cinc casos d&#8217;\u00e8xit en innovaci\u00f3 duts a terme per subministradors de tecnologia de packaging i envasat. Participaran en el debat\u00a0<strong>Mart\u00edn Roll\u00e1n,<\/strong>\u00a0t\u00e8cnic comercial d&#8217;And &amp; OR;\u00a0<strong>Pere Coll,<\/strong>\u00a0director de R + D + I de EmplaterGroup;\u00a0<strong>Roger Villar,<\/strong>\u00a0director de vendes de Graficas Salaet;\u00a0<strong>Xavier Moller,<\/strong>\u00a0director de vendes internacional de Macsa ID; i\u00a0<strong>Ramon Reguant,<\/strong>\u00a0Global Area Manager de Tavil. Moderar\u00e0 la sessi\u00f3\u00a0<strong>Carmina Castell\u00e0,<\/strong>\u00a0directora de l&#8217;agrupaci\u00f3 sectorial\u00a0<strong><em>amec envasgraf,<\/em><\/strong>\u00a0acompanyada de el director d&#8217;Hispack,\u00a0<strong>Xavier Pascual.<\/p>\n<p><\/strong><\/p>\n<p><strong>El webinar, que podr\u00e0 seguir-se en castell\u00e0, angl\u00e8s i franc\u00e8s, \u00e9s gratu\u00eft. Les inscripcions per a assistir poden realitzar-se a trav\u00e9s d&#8217;aquest link:\u00a0<a href=\"https:\/\/zoom.us\/webinar\/register\/WN_UKHJukxJQYaPwaHlhtwr3Q\">https:\/\/zoom.us\/webinar\/register\/WN_UKHJukxJQYaPwaHlhtwr3Q<\/a><\/strong><\/p>\n<p>&nbsp;<\/p>\n<p>De periodicitat triennal, Hispack \u00e9s la fira de packaging, proc\u00e9s i log\u00edstica referent a Espanya i una de les primeres d&#8217;Europa en la seva especialitat. Organitzat per Fira de Barcelona, el sal\u00f3 prepara la seva propera edici\u00f3, adaptada a l&#8217;actual conjuntura, de l&#8217;19 a el 22 d&#8217;octubre de 2021 a l&#8217;recinte firal de Gran Via en coincid\u00e8ncia amb la fira de tecnologia Aliment\u00e0ria FoodTech. En la seva oferta expositiva, Hispack mostrar\u00e0 dins de el sector Packaging Machinery &amp; Process tota la innovaci\u00f3 per a les l\u00ednies, processos i operacions d&#8217;envasament de productes: des d&#8217;equips que fabriquen i modelen envasos, a maquin\u00e0ria d&#8217;ompliment i tancament, passant per tecnologia de lectura i verificaci\u00f3, l\u00ednies de transport, equips de condicionament i embalatge. La fira tamb\u00e9 inclou el sector Labelling &amp; Bottling amb maquin\u00e0ria i equipament per a les l\u00ednies d&#8217;embotellament, aix\u00ed com maquin\u00e0ria de proc\u00e9s i final de l\u00ednia per a begudes o olis, acompanya amb solucions d&#8217;etiquetatge, codificaci\u00f3 i marcatge.<\/p>\n<p>&nbsp;<\/p>\n<p>Per la seva banda,\u00a0<strong><em>amec<\/em><\/strong>\u00a0reuneix dins de la seva agrupaci\u00f3 sectorial\u00a0<strong><em>amec envasgraf<\/em><\/strong>\u00a0a les empreses espanyoles m\u00e9s competitives en tecnologia per a env\u00e0s i embalatge i afins. L&#8217;entitat els ajuda en l&#8217;obertura de nous mercats internacionals, en l&#8217;adopci\u00f3 dels nous factors clau de competitivitat i en la generaci\u00f3 d&#8217;espais per a la col\u00b7laboraci\u00f3 entre ind\u00fastries i per a la transfer\u00e8ncia de coneixement per tal de poder afrontar amb \u00e8xit els grans reptes de la sostenibilitat i l&#8217;adaptaci\u00f3 als canvis.<\/p>\n<p>&nbsp;<\/p>\n<p><strong>M\u00e9s informaci\u00f3:<\/strong><\/p>\n<p>&nbsp;<\/p>\n<p>Maria Dolors Herranz<\/p>\n<p>Tel. 93 233 25 41<br \/>\n<a href=\"mailto:mdherranz@firabarclona.com\">mdherranz@firabarclona.com<\/a><\/p>\n<p>&nbsp;<\/p>\n<p>Gl\u00f2ria Ayuso<\/p>\n<p>Tel. 654609518<br \/>\n<a href=\"mailto:gayuso@amec.es\">gayuso@ga-binet.es<\/a><\/p>\n","protected":false},"excerpt":{"rendered":"<p>El sal\u00f3 Hispack de Fira de Barcelona i\u00a0amec envasgraf,\u00a0l&#8217;agrupaci\u00f3 sectorial de la comunitat d&#8217;empreses industrials internacionalitzades\u00a0amec,\u00a0organitzen el proper 21 d&#8217;abril, a les 15.00h, 1 webinar en qu\u00e8 s&#8217;analitzaran les principals innovacions que estan marcant la fabricaci\u00f3 de packaging i els processos d&#8217;envasat a partir de les experi\u00e8ncies dutes a terme per cinc empreses espanyoles: And [&hellip;]<\/p>\n","protected":false},"author":1,"featured_media":0,"comment_status":"open","ping_status":"open","sticky":false,"template":"","format":"standard","meta":{"inline_featured_image":false,"footnotes":""},"categories":[28],"tags":[],"class_list":["post-6442","post","type-post","status-publish","format-standard","hentry","category-notes-de-premsa"],"yoast_head":"<!-- This site is optimized with the Yoast SEO plugin v27.3 - https:\/\/yoast.com\/product\/yoast-seo-wordpress\/ -->\n<title>Hispack i amec envasgraf analitzen la innovaci\u00f3 actual en tecnologia de packaging i proc\u00e9s | amec Positive Industry<\/title>\n<meta name=\"robots\" content=\"index, follow, max-snippet:-1, max-image-preview:large, max-video-preview:-1\" \/>\n<link rel=\"canonical\" href=\"https:\/\/amec.es\/ca\/notes-de-premsa\/hispack-i-amec-envasgraf-analitzen-la-innovacio-actual-en-tecnologia-de-packaging-i-proces\/\" \/>\n<meta property=\"og:locale\" content=\"ca_ES\" \/>\n<meta property=\"og:type\" content=\"article\" \/>\n<meta property=\"og:title\" content=\"Hispack i amec envasgraf analitzen la innovaci\u00f3 actual en tecnologia de packaging i proc\u00e9s | amec Positive Industry\" \/>\n<meta property=\"og:description\" content=\"El sal\u00f3 Hispack de Fira de Barcelona i\u00a0amec envasgraf,\u00a0l&#8217;agrupaci\u00f3 sectorial de la comunitat d&#8217;empreses industrials internacionalitzades\u00a0amec,\u00a0organitzen el proper 21 d&#8217;abril, a les 15.00h, 1 webinar en qu\u00e8 s&#8217;analitzaran les principals innovacions que estan marcant la fabricaci\u00f3 de packaging i els processos d&#8217;envasat a partir de les experi\u00e8ncies dutes a terme per cinc empreses espanyoles: And [&hellip;]\" \/>\n<meta property=\"og:url\" content=\"https:\/\/amec.es\/ca\/notes-de-premsa\/hispack-i-amec-envasgraf-analitzen-la-innovacio-actual-en-tecnologia-de-packaging-i-proces\/\" \/>\n<meta property=\"og:site_name\" content=\"amec Positive Industry\" \/>\n<meta property=\"article:published_time\" content=\"2021-04-19T06:40:35+00:00\" \/>\n<meta property=\"og:image\" content=\"https:\/\/amec.es\/wp-content\/uploads\/2024\/02\/Logo_AMEC.png\" \/>\n\t<meta property=\"og:image:width\" content=\"1827\" \/>\n\t<meta property=\"og:image:height\" content=\"438\" \/>\n\t<meta property=\"og:image:type\" content=\"image\/png\" \/>\n<meta name=\"author\" content=\"webmaster\" \/>\n<meta name=\"twitter:card\" content=\"summary_large_image\" \/>\n<meta name=\"twitter:label1\" content=\"Escrit per\" \/>\n\t<meta name=\"twitter:data1\" content=\"webmaster\" \/>\n\t<meta name=\"twitter:label2\" content=\"Temps estimat de lectura\" \/>\n\t<meta name=\"twitter:data2\" content=\"3 minuts\" \/>\n<script type=\"application\/ld+json\" class=\"yoast-schema-graph\">{\"@context\":\"https:\\\/\\\/schema.org\",\"@graph\":[{\"@type\":\"Article\",\"@id\":\"https:\\\/\\\/amec.es\\\/ca\\\/notes-de-premsa\\\/hispack-i-amec-envasgraf-analitzen-la-innovacio-actual-en-tecnologia-de-packaging-i-proces\\\/#article\",\"isPartOf\":{\"@id\":\"https:\\\/\\\/amec.es\\\/ca\\\/notes-de-premsa\\\/hispack-i-amec-envasgraf-analitzen-la-innovacio-actual-en-tecnologia-de-packaging-i-proces\\\/\"},\"author\":{\"name\":\"webmaster\",\"@id\":\"https:\\\/\\\/amec.es\\\/#\\\/schema\\\/person\\\/377e1e145733915506a55297ad2fc830\"},\"headline\":\"Hispack i amec envasgraf analitzen la innovaci\u00f3 actual en tecnologia de packaging i proc\u00e9s\",\"datePublished\":\"2021-04-19T06:40:35+00:00\",\"mainEntityOfPage\":{\"@id\":\"https:\\\/\\\/amec.es\\\/ca\\\/notes-de-premsa\\\/hispack-i-amec-envasgraf-analitzen-la-innovacio-actual-en-tecnologia-de-packaging-i-proces\\\/\"},\"wordCount\":718,\"commentCount\":0,\"publisher\":{\"@id\":\"https:\\\/\\\/amec.es\\\/#organization\"},\"articleSection\":[\"Notes de premsa\"],\"inLanguage\":\"ca\",\"potentialAction\":[{\"@type\":\"CommentAction\",\"name\":\"Comment\",\"target\":[\"https:\\\/\\\/amec.es\\\/ca\\\/notes-de-premsa\\\/hispack-i-amec-envasgraf-analitzen-la-innovacio-actual-en-tecnologia-de-packaging-i-proces\\\/#respond\"]}]},{\"@type\":\"WebPage\",\"@id\":\"https:\\\/\\\/amec.es\\\/ca\\\/notes-de-premsa\\\/hispack-i-amec-envasgraf-analitzen-la-innovacio-actual-en-tecnologia-de-packaging-i-proces\\\/\",\"url\":\"https:\\\/\\\/amec.es\\\/ca\\\/notes-de-premsa\\\/hispack-i-amec-envasgraf-analitzen-la-innovacio-actual-en-tecnologia-de-packaging-i-proces\\\/\",\"name\":\"Hispack i amec envasgraf analitzen la innovaci\u00f3 actual en tecnologia de packaging i proc\u00e9s | amec Positive Industry\",\"isPartOf\":{\"@id\":\"https:\\\/\\\/amec.es\\\/#website\"},\"datePublished\":\"2021-04-19T06:40:35+00:00\",\"breadcrumb\":{\"@id\":\"https:\\\/\\\/amec.es\\\/ca\\\/notes-de-premsa\\\/hispack-i-amec-envasgraf-analitzen-la-innovacio-actual-en-tecnologia-de-packaging-i-proces\\\/#breadcrumb\"},\"inLanguage\":\"ca\",\"potentialAction\":[{\"@type\":\"ReadAction\",\"target\":[\"https:\\\/\\\/amec.es\\\/ca\\\/notes-de-premsa\\\/hispack-i-amec-envasgraf-analitzen-la-innovacio-actual-en-tecnologia-de-packaging-i-proces\\\/\"]}]},{\"@type\":\"BreadcrumbList\",\"@id\":\"https:\\\/\\\/amec.es\\\/ca\\\/notes-de-premsa\\\/hispack-i-amec-envasgraf-analitzen-la-innovacio-actual-en-tecnologia-de-packaging-i-proces\\\/#breadcrumb\",\"itemListElement\":[{\"@type\":\"ListItem\",\"position\":1,\"name\":\"Portada\",\"item\":\"https:\\\/\\\/amec.es\\\/ca\\\/home-new\\\/\"},{\"@type\":\"ListItem\",\"position\":2,\"name\":\"Hispack i amec envasgraf analitzen la innovaci\u00f3 actual en tecnologia de packaging i proc\u00e9s\"}]},{\"@type\":\"WebSite\",\"@id\":\"https:\\\/\\\/amec.es\\\/#website\",\"url\":\"https:\\\/\\\/amec.es\\\/\",\"name\":\"amec Positive Industry\",\"description\":\"\",\"publisher\":{\"@id\":\"https:\\\/\\\/amec.es\\\/#organization\"},\"potentialAction\":[{\"@type\":\"SearchAction\",\"target\":{\"@type\":\"EntryPoint\",\"urlTemplate\":\"https:\\\/\\\/amec.es\\\/?s={search_term_string}\"},\"query-input\":{\"@type\":\"PropertyValueSpecification\",\"valueRequired\":true,\"valueName\":\"search_term_string\"}}],\"inLanguage\":\"ca\"},{\"@type\":\"Organization\",\"@id\":\"https:\\\/\\\/amec.es\\\/#organization\",\"name\":\"amec Positive Industry\",\"url\":\"https:\\\/\\\/amec.es\\\/\",\"logo\":{\"@type\":\"ImageObject\",\"inLanguage\":\"ca\",\"@id\":\"https:\\\/\\\/amec.es\\\/#\\\/schema\\\/logo\\\/image\\\/\",\"url\":\"https:\\\/\\\/amec.es\\\/wp-content\\\/uploads\\\/2023\\\/07\\\/logoamec.png\",\"contentUrl\":\"https:\\\/\\\/amec.es\\\/wp-content\\\/uploads\\\/2023\\\/07\\\/logoamec.png\",\"width\":200,\"height\":48,\"caption\":\"amec Positive Industry\"},\"image\":{\"@id\":\"https:\\\/\\\/amec.es\\\/#\\\/schema\\\/logo\\\/image\\\/\"}},{\"@type\":\"Person\",\"@id\":\"https:\\\/\\\/amec.es\\\/#\\\/schema\\\/person\\\/377e1e145733915506a55297ad2fc830\",\"name\":\"webmaster\",\"image\":{\"@type\":\"ImageObject\",\"inLanguage\":\"ca\",\"@id\":\"https:\\\/\\\/secure.gravatar.com\\\/avatar\\\/1122ff7c82efe2079ddb19cd256fc39ab150caee9b258eeae8928e7f703c39f3?s=96&d=mm&r=g\",\"url\":\"https:\\\/\\\/secure.gravatar.com\\\/avatar\\\/1122ff7c82efe2079ddb19cd256fc39ab150caee9b258eeae8928e7f703c39f3?s=96&d=mm&r=g\",\"contentUrl\":\"https:\\\/\\\/secure.gravatar.com\\\/avatar\\\/1122ff7c82efe2079ddb19cd256fc39ab150caee9b258eeae8928e7f703c39f3?s=96&d=mm&r=g\",\"caption\":\"webmaster\"}}]}<\/script>\n<!-- \/ Yoast SEO plugin. -->","yoast_head_json":{"title":"Hispack i amec envasgraf analitzen la innovaci\u00f3 actual en tecnologia de packaging i proc\u00e9s | amec Positive Industry","robots":{"index":"index","follow":"follow","max-snippet":"max-snippet:-1","max-image-preview":"max-image-preview:large","max-video-preview":"max-video-preview:-1"},"canonical":"https:\/\/amec.es\/ca\/notes-de-premsa\/hispack-i-amec-envasgraf-analitzen-la-innovacio-actual-en-tecnologia-de-packaging-i-proces\/","og_locale":"ca_ES","og_type":"article","og_title":"Hispack i amec envasgraf analitzen la innovaci\u00f3 actual en tecnologia de packaging i proc\u00e9s | amec Positive Industry","og_description":"El sal\u00f3 Hispack de Fira de Barcelona i\u00a0amec envasgraf,\u00a0l&#8217;agrupaci\u00f3 sectorial de la comunitat d&#8217;empreses industrials internacionalitzades\u00a0amec,\u00a0organitzen el proper 21 d&#8217;abril, a les 15.00h, 1 webinar en qu\u00e8 s&#8217;analitzaran les principals innovacions que estan marcant la fabricaci\u00f3 de packaging i els processos d&#8217;envasat a partir de les experi\u00e8ncies dutes a terme per cinc empreses espanyoles: And [&hellip;]","og_url":"https:\/\/amec.es\/ca\/notes-de-premsa\/hispack-i-amec-envasgraf-analitzen-la-innovacio-actual-en-tecnologia-de-packaging-i-proces\/","og_site_name":"amec Positive Industry","article_published_time":"2021-04-19T06:40:35+00:00","og_image":[{"width":1827,"height":438,"url":"https:\/\/amec.es\/wp-content\/uploads\/2024\/02\/Logo_AMEC.png","type":"image\/png"}],"author":"webmaster","twitter_card":"summary_large_image","twitter_misc":{"Escrit per":"webmaster","Temps estimat de lectura":"3 minuts"},"schema":{"@context":"https:\/\/schema.org","@graph":[{"@type":"Article","@id":"https:\/\/amec.es\/ca\/notes-de-premsa\/hispack-i-amec-envasgraf-analitzen-la-innovacio-actual-en-tecnologia-de-packaging-i-proces\/#article","isPartOf":{"@id":"https:\/\/amec.es\/ca\/notes-de-premsa\/hispack-i-amec-envasgraf-analitzen-la-innovacio-actual-en-tecnologia-de-packaging-i-proces\/"},"author":{"name":"webmaster","@id":"https:\/\/amec.es\/#\/schema\/person\/377e1e145733915506a55297ad2fc830"},"headline":"Hispack i amec envasgraf analitzen la innovaci\u00f3 actual en tecnologia de packaging i proc\u00e9s","datePublished":"2021-04-19T06:40:35+00:00","mainEntityOfPage":{"@id":"https:\/\/amec.es\/ca\/notes-de-premsa\/hispack-i-amec-envasgraf-analitzen-la-innovacio-actual-en-tecnologia-de-packaging-i-proces\/"},"wordCount":718,"commentCount":0,"publisher":{"@id":"https:\/\/amec.es\/#organization"},"articleSection":["Notes de premsa"],"inLanguage":"ca","potentialAction":[{"@type":"CommentAction","name":"Comment","target":["https:\/\/amec.es\/ca\/notes-de-premsa\/hispack-i-amec-envasgraf-analitzen-la-innovacio-actual-en-tecnologia-de-packaging-i-proces\/#respond"]}]},{"@type":"WebPage","@id":"https:\/\/amec.es\/ca\/notes-de-premsa\/hispack-i-amec-envasgraf-analitzen-la-innovacio-actual-en-tecnologia-de-packaging-i-proces\/","url":"https:\/\/amec.es\/ca\/notes-de-premsa\/hispack-i-amec-envasgraf-analitzen-la-innovacio-actual-en-tecnologia-de-packaging-i-proces\/","name":"Hispack i amec envasgraf analitzen la innovaci\u00f3 actual en tecnologia de packaging i proc\u00e9s | amec Positive Industry","isPartOf":{"@id":"https:\/\/amec.es\/#website"},"datePublished":"2021-04-19T06:40:35+00:00","breadcrumb":{"@id":"https:\/\/amec.es\/ca\/notes-de-premsa\/hispack-i-amec-envasgraf-analitzen-la-innovacio-actual-en-tecnologia-de-packaging-i-proces\/#breadcrumb"},"inLanguage":"ca","potentialAction":[{"@type":"ReadAction","target":["https:\/\/amec.es\/ca\/notes-de-premsa\/hispack-i-amec-envasgraf-analitzen-la-innovacio-actual-en-tecnologia-de-packaging-i-proces\/"]}]},{"@type":"BreadcrumbList","@id":"https:\/\/amec.es\/ca\/notes-de-premsa\/hispack-i-amec-envasgraf-analitzen-la-innovacio-actual-en-tecnologia-de-packaging-i-proces\/#breadcrumb","itemListElement":[{"@type":"ListItem","position":1,"name":"Portada","item":"https:\/\/amec.es\/ca\/home-new\/"},{"@type":"ListItem","position":2,"name":"Hispack i amec envasgraf analitzen la innovaci\u00f3 actual en tecnologia de packaging i proc\u00e9s"}]},{"@type":"WebSite","@id":"https:\/\/amec.es\/#website","url":"https:\/\/amec.es\/","name":"amec Positive Industry","description":"","publisher":{"@id":"https:\/\/amec.es\/#organization"},"potentialAction":[{"@type":"SearchAction","target":{"@type":"EntryPoint","urlTemplate":"https:\/\/amec.es\/?s={search_term_string}"},"query-input":{"@type":"PropertyValueSpecification","valueRequired":true,"valueName":"search_term_string"}}],"inLanguage":"ca"},{"@type":"Organization","@id":"https:\/\/amec.es\/#organization","name":"amec Positive Industry","url":"https:\/\/amec.es\/","logo":{"@type":"ImageObject","inLanguage":"ca","@id":"https:\/\/amec.es\/#\/schema\/logo\/image\/","url":"https:\/\/amec.es\/wp-content\/uploads\/2023\/07\/logoamec.png","contentUrl":"https:\/\/amec.es\/wp-content\/uploads\/2023\/07\/logoamec.png","width":200,"height":48,"caption":"amec Positive Industry"},"image":{"@id":"https:\/\/amec.es\/#\/schema\/logo\/image\/"}},{"@type":"Person","@id":"https:\/\/amec.es\/#\/schema\/person\/377e1e145733915506a55297ad2fc830","name":"webmaster","image":{"@type":"ImageObject","inLanguage":"ca","@id":"https:\/\/secure.gravatar.com\/avatar\/1122ff7c82efe2079ddb19cd256fc39ab150caee9b258eeae8928e7f703c39f3?s=96&d=mm&r=g","url":"https:\/\/secure.gravatar.com\/avatar\/1122ff7c82efe2079ddb19cd256fc39ab150caee9b258eeae8928e7f703c39f3?s=96&d=mm&r=g","contentUrl":"https:\/\/secure.gravatar.com\/avatar\/1122ff7c82efe2079ddb19cd256fc39ab150caee9b258eeae8928e7f703c39f3?s=96&d=mm&r=g","caption":"webmaster"}}]}},"_links":{"self":[{"href":"https:\/\/amec.es\/ca\/wp-json\/wp\/v2\/posts\/6442","targetHints":{"allow":["GET"]}}],"collection":[{"href":"https:\/\/amec.es\/ca\/wp-json\/wp\/v2\/posts"}],"about":[{"href":"https:\/\/amec.es\/ca\/wp-json\/wp\/v2\/types\/post"}],"author":[{"embeddable":true,"href":"https:\/\/amec.es\/ca\/wp-json\/wp\/v2\/users\/1"}],"replies":[{"embeddable":true,"href":"https:\/\/amec.es\/ca\/wp-json\/wp\/v2\/comments?post=6442"}],"version-history":[{"count":0,"href":"https:\/\/amec.es\/ca\/wp-json\/wp\/v2\/posts\/6442\/revisions"}],"wp:attachment":[{"href":"https:\/\/amec.es\/ca\/wp-json\/wp\/v2\/media?parent=6442"}],"wp:term":[{"taxonomy":"category","embeddable":true,"href":"https:\/\/amec.es\/ca\/wp-json\/wp\/v2\/categories?post=6442"},{"taxonomy":"post_tag","embeddable":true,"href":"https:\/\/amec.es\/ca\/wp-json\/wp\/v2\/tags?post=6442"}],"curies":[{"name":"wp","href":"https:\/\/api.w.org\/{rel}","templated":true}]}}