{"id":6447,"date":"2021-06-02T07:04:46","date_gmt":"2021-06-02T07:04:46","guid":{"rendered":"https:\/\/wecreatedesign.co\/dev\/WP\/amec\/?p=4380"},"modified":"2021-06-02T07:04:46","modified_gmt":"2021-06-02T07:04:46","slug":"la-comissio-tecnica-de-financament-tracta-les-novetats-en-el-financament-oficial-de-projectes","status":"publish","type":"post","link":"https:\/\/amec.es\/ca\/croniques\/la-comissio-tecnica-de-financament-tracta-les-novetats-en-el-financament-oficial-de-projectes\/","title":{"rendered":"La Comissi\u00f3 T\u00e8cnica de Finan\u00e7ament tracta les novetats en el finan\u00e7ament oficial de projectes"},"content":{"rendered":"<p>La\u00a0<strong>Comissi\u00f3 T\u00e8cnica de Finan\u00e7ament<\/strong>\u00a0ha tractat en la seva \u00faltima reuni\u00f3,\u00a0<strong>encap\u00e7alada per primera vegada pel seu nou president Anton Gom\u00e0,<\/strong>\u00a0les\u00a0<strong>novetats en el finan\u00e7ament oficial de projectes<\/strong>\u00a0-en qu\u00e8 la despesa local augmentar\u00e0 fins a un 50% -, diferents l\u00ednies d&#8217;ajut espec\u00edfiques , nous programes i com es gestionaran els fons d&#8217;ajuda a les empreses que han patit durant la pand\u00e8mia i que eren viables en 2019.<\/p>\n<p>Les empreses industrials estan immerses en nous\u00a0<strong>projectes de digitalitzaci\u00f3,<\/strong>\u00a0tant en l&#8217;\u00e0rea financera com en altres \u00e0rees de l&#8217;empresa, de manera que s&#8217;ha tractat tamb\u00e9 si els fons europeus podran cobrir amb subvencions aquestes inversions que no estan relacionades amb les \u00e0rees d&#8217;innovaci\u00f3 que habitualment cobreix el CDTI. Aix\u00ed mateix, alguns dels assistents han explicat\u00a0<strong>noves solucions que s&#8217;estan aplicant en l&#8217;\u00e0rea financera<\/strong>\u00a0de la seva empresa i que han generat gran inter\u00e8s en tots els membres.<\/p>\n<p>De la mateixa manera, els membres de la comissi\u00f3 han compartit quina \u00e9s la seva situaci\u00f3 financera i\u00a0<strong>com estan operant amb els bancs:<\/strong>\u00a0les possibles repercussions de la fusi\u00f3 de Caixabank i Bankia en els departaments de Trade Finance i els cr\u00e8dits ICO i renovacions d&#8217;altres p\u00f2lisses de circulant. Tamb\u00e9 s&#8217;ha comentat la situaci\u00f3 de les empreses a nivell m\u00e9s general, en un context en qu\u00e8 s&#8217;han recuperat els nivells de facturaci\u00f3 anteriors de la pand\u00e8mia, si b\u00e9 hi ha importants dificultats a causa de\u00a0<strong>l&#8217;augment de preus de les mat\u00e8ries primeres<\/strong>\u00a0per la seva escassetat i la dificultat d&#8217;acc\u00e9s a alguns components. Els membres de la comissi\u00f3 han explicat qu\u00e8 estan fent per afrontar aquesta situaci\u00f3 i quines perspectives tenen per davant.<\/p>\n<p>Durant la celebraci\u00f3 de la Comissi\u00f3 T\u00e8cnica de Finan\u00e7ament que presideix Anton Goma (Ros Roca), s&#8217;han presentat a\u00a0<strong>dos nous membres:<\/strong>\u00a0el director financer de Macsa ID,\u00a0<strong>\u00d3scar de Mur,<\/strong>\u00a0i el director financer de Posimat,\u00a0<strong>Juan Antonio Gonz\u00e1lez.<\/strong>\u00a0Completen la comissi\u00f3\u00a0<strong>Xavier Pag\u00e8s<\/strong>\u00a0(Comexi Group),\u00a0<strong>Valent\u00ed Prat<\/strong>\u00a0(Aecesa),\u00a0<strong>Eul\u00e0lia Vallmitjana<\/strong>\u00a0(Manusa),\u00a0<strong>Josep Maria Pinyol<\/strong>\u00a0(Tallers Felipe Verdes),\u00a0<strong>Maria Jos\u00e9 Gragera<\/strong>\u00a0(Azbil Telstar),\u00a0<strong>Javier del R\u00edo<\/strong>\u00a0(CFI),\u00a0<strong>Helena Ruiz<\/strong>\u00a0(Coemter ),\u00a0<strong>Manuel Andr\u00e9s<\/strong>\u00a0(Oliver i Batlle),\u00a0<strong>Laura Jordan<\/strong>\u00a0(ATP Engineering &amp; Packaging),\u00a0<strong>Javier Arrillaga<\/strong>\u00a0(ULMA Packaging) i\u00a0<strong>Mar\u00eda Jos\u00e9 Legalina,<\/strong>\u00a0coordinadora de les comissions per part d&#8217;<strong><em>amec.<\/em><\/strong><\/p>\n","protected":false},"excerpt":{"rendered":"<p>La\u00a0Comissi\u00f3 T\u00e8cnica de Finan\u00e7ament\u00a0ha tractat en la seva \u00faltima reuni\u00f3,\u00a0encap\u00e7alada per primera vegada pel seu nou president Anton Gom\u00e0,\u00a0les\u00a0novetats en el finan\u00e7ament oficial de projectes\u00a0-en qu\u00e8 la despesa local augmentar\u00e0 fins a un 50% -, diferents l\u00ednies d&#8217;ajut espec\u00edfiques , nous programes i com es gestionaran els fons d&#8217;ajuda a les empreses que han patit [&hellip;]<\/p>\n","protected":false},"author":1,"featured_media":4381,"comment_status":"open","ping_status":"open","sticky":false,"template":"","format":"standard","meta":{"inline_featured_image":false,"footnotes":""},"categories":[30],"tags":[],"class_list":["post-6447","post","type-post","status-publish","format-standard","has-post-thumbnail","hentry","category-croniques"],"yoast_head":"<!-- This site is optimized with the Yoast SEO plugin v27.3 - https:\/\/yoast.com\/product\/yoast-seo-wordpress\/ -->\n<title>La Comissi\u00f3 T\u00e8cnica de Finan\u00e7ament tracta les novetats en el finan\u00e7ament oficial de projectes | amec Positive Industry<\/title>\n<meta name=\"robots\" content=\"index, follow, max-snippet:-1, max-image-preview:large, max-video-preview:-1\" \/>\n<link rel=\"canonical\" href=\"https:\/\/amec.es\/ca\/croniques\/la-comissio-tecnica-de-financament-tracta-les-novetats-en-el-financament-oficial-de-projectes\/\" \/>\n<meta property=\"og:locale\" content=\"ca_ES\" \/>\n<meta property=\"og:type\" content=\"article\" \/>\n<meta property=\"og:title\" content=\"La Comissi\u00f3 T\u00e8cnica de Finan\u00e7ament tracta les novetats en el finan\u00e7ament oficial de projectes | amec Positive Industry\" \/>\n<meta property=\"og:description\" content=\"La\u00a0Comissi\u00f3 T\u00e8cnica de Finan\u00e7ament\u00a0ha tractat en la seva \u00faltima reuni\u00f3,\u00a0encap\u00e7alada per primera vegada pel seu nou president Anton Gom\u00e0,\u00a0les\u00a0novetats en el finan\u00e7ament oficial de projectes\u00a0-en qu\u00e8 la despesa local augmentar\u00e0 fins a un 50% -, diferents l\u00ednies d&#8217;ajut espec\u00edfiques , nous programes i com es gestionaran els fons d&#8217;ajuda a les empreses que han patit [&hellip;]\" \/>\n<meta property=\"og:url\" content=\"https:\/\/amec.es\/ca\/croniques\/la-comissio-tecnica-de-financament-tracta-les-novetats-en-el-financament-oficial-de-projectes\/\" \/>\n<meta property=\"og:site_name\" content=\"amec Positive Industry\" \/>\n<meta property=\"article:published_time\" content=\"2021-06-02T07:04:46+00:00\" \/>\n<meta property=\"og:image\" content=\"https:\/\/amec.es\/wp-content\/uploads\/2023\/08\/asistenciatecnica-3.jpg\" \/>\n\t<meta property=\"og:image:width\" content=\"1920\" \/>\n\t<meta property=\"og:image:height\" content=\"284\" \/>\n\t<meta property=\"og:image:type\" content=\"image\/jpeg\" \/>\n<meta name=\"author\" content=\"webmaster\" \/>\n<meta name=\"twitter:card\" content=\"summary_large_image\" \/>\n<meta name=\"twitter:label1\" content=\"Escrit per\" \/>\n\t<meta name=\"twitter:data1\" content=\"webmaster\" \/>\n\t<meta name=\"twitter:label2\" content=\"Temps estimat de lectura\" \/>\n\t<meta name=\"twitter:data2\" content=\"2 minuts\" \/>\n<script type=\"application\/ld+json\" class=\"yoast-schema-graph\">{\"@context\":\"https:\\\/\\\/schema.org\",\"@graph\":[{\"@type\":\"Article\",\"@id\":\"https:\\\/\\\/amec.es\\\/ca\\\/croniques\\\/la-comissio-tecnica-de-financament-tracta-les-novetats-en-el-financament-oficial-de-projectes\\\/#article\",\"isPartOf\":{\"@id\":\"https:\\\/\\\/amec.es\\\/ca\\\/croniques\\\/la-comissio-tecnica-de-financament-tracta-les-novetats-en-el-financament-oficial-de-projectes\\\/\"},\"author\":{\"name\":\"webmaster\",\"@id\":\"https:\\\/\\\/amec.es\\\/#\\\/schema\\\/person\\\/377e1e145733915506a55297ad2fc830\"},\"headline\":\"La Comissi\u00f3 T\u00e8cnica de Finan\u00e7ament tracta les novetats en el finan\u00e7ament oficial de projectes\",\"datePublished\":\"2021-06-02T07:04:46+00:00\",\"mainEntityOfPage\":{\"@id\":\"https:\\\/\\\/amec.es\\\/ca\\\/croniques\\\/la-comissio-tecnica-de-financament-tracta-les-novetats-en-el-financament-oficial-de-projectes\\\/\"},\"wordCount\":419,\"commentCount\":0,\"publisher\":{\"@id\":\"https:\\\/\\\/amec.es\\\/#organization\"},\"image\":{\"@id\":\"https:\\\/\\\/amec.es\\\/ca\\\/croniques\\\/la-comissio-tecnica-de-financament-tracta-les-novetats-en-el-financament-oficial-de-projectes\\\/#primaryimage\"},\"thumbnailUrl\":\"https:\\\/\\\/amec.es\\\/wp-content\\\/uploads\\\/2023\\\/08\\\/asistenciatecnica-3.jpg\",\"articleSection\":[\"Cr\u00f2niques\"],\"inLanguage\":\"ca\",\"potentialAction\":[{\"@type\":\"CommentAction\",\"name\":\"Comment\",\"target\":[\"https:\\\/\\\/amec.es\\\/ca\\\/croniques\\\/la-comissio-tecnica-de-financament-tracta-les-novetats-en-el-financament-oficial-de-projectes\\\/#respond\"]}]},{\"@type\":\"WebPage\",\"@id\":\"https:\\\/\\\/amec.es\\\/ca\\\/croniques\\\/la-comissio-tecnica-de-financament-tracta-les-novetats-en-el-financament-oficial-de-projectes\\\/\",\"url\":\"https:\\\/\\\/amec.es\\\/ca\\\/croniques\\\/la-comissio-tecnica-de-financament-tracta-les-novetats-en-el-financament-oficial-de-projectes\\\/\",\"name\":\"La Comissi\u00f3 T\u00e8cnica de Finan\u00e7ament tracta les novetats en el finan\u00e7ament oficial de projectes | amec Positive Industry\",\"isPartOf\":{\"@id\":\"https:\\\/\\\/amec.es\\\/#website\"},\"primaryImageOfPage\":{\"@id\":\"https:\\\/\\\/amec.es\\\/ca\\\/croniques\\\/la-comissio-tecnica-de-financament-tracta-les-novetats-en-el-financament-oficial-de-projectes\\\/#primaryimage\"},\"image\":{\"@id\":\"https:\\\/\\\/amec.es\\\/ca\\\/croniques\\\/la-comissio-tecnica-de-financament-tracta-les-novetats-en-el-financament-oficial-de-projectes\\\/#primaryimage\"},\"thumbnailUrl\":\"https:\\\/\\\/amec.es\\\/wp-content\\\/uploads\\\/2023\\\/08\\\/asistenciatecnica-3.jpg\",\"datePublished\":\"2021-06-02T07:04:46+00:00\",\"breadcrumb\":{\"@id\":\"https:\\\/\\\/amec.es\\\/ca\\\/croniques\\\/la-comissio-tecnica-de-financament-tracta-les-novetats-en-el-financament-oficial-de-projectes\\\/#breadcrumb\"},\"inLanguage\":\"ca\",\"potentialAction\":[{\"@type\":\"ReadAction\",\"target\":[\"https:\\\/\\\/amec.es\\\/ca\\\/croniques\\\/la-comissio-tecnica-de-financament-tracta-les-novetats-en-el-financament-oficial-de-projectes\\\/\"]}]},{\"@type\":\"ImageObject\",\"inLanguage\":\"ca\",\"@id\":\"https:\\\/\\\/amec.es\\\/ca\\\/croniques\\\/la-comissio-tecnica-de-financament-tracta-les-novetats-en-el-financament-oficial-de-projectes\\\/#primaryimage\",\"url\":\"https:\\\/\\\/amec.es\\\/wp-content\\\/uploads\\\/2023\\\/08\\\/asistenciatecnica-3.jpg\",\"contentUrl\":\"https:\\\/\\\/amec.es\\\/wp-content\\\/uploads\\\/2023\\\/08\\\/asistenciatecnica-3.jpg\",\"width\":1920,\"height\":284},{\"@type\":\"BreadcrumbList\",\"@id\":\"https:\\\/\\\/amec.es\\\/ca\\\/croniques\\\/la-comissio-tecnica-de-financament-tracta-les-novetats-en-el-financament-oficial-de-projectes\\\/#breadcrumb\",\"itemListElement\":[{\"@type\":\"ListItem\",\"position\":1,\"name\":\"Portada\",\"item\":\"https:\\\/\\\/amec.es\\\/ca\\\/home-new\\\/\"},{\"@type\":\"ListItem\",\"position\":2,\"name\":\"La Comissi\u00f3 T\u00e8cnica de Finan\u00e7ament tracta les novetats en el finan\u00e7ament oficial de projectes\"}]},{\"@type\":\"WebSite\",\"@id\":\"https:\\\/\\\/amec.es\\\/#website\",\"url\":\"https:\\\/\\\/amec.es\\\/\",\"name\":\"amec Positive Industry\",\"description\":\"\",\"publisher\":{\"@id\":\"https:\\\/\\\/amec.es\\\/#organization\"},\"potentialAction\":[{\"@type\":\"SearchAction\",\"target\":{\"@type\":\"EntryPoint\",\"urlTemplate\":\"https:\\\/\\\/amec.es\\\/?s={search_term_string}\"},\"query-input\":{\"@type\":\"PropertyValueSpecification\",\"valueRequired\":true,\"valueName\":\"search_term_string\"}}],\"inLanguage\":\"ca\"},{\"@type\":\"Organization\",\"@id\":\"https:\\\/\\\/amec.es\\\/#organization\",\"name\":\"amec Positive Industry\",\"url\":\"https:\\\/\\\/amec.es\\\/\",\"logo\":{\"@type\":\"ImageObject\",\"inLanguage\":\"ca\",\"@id\":\"https:\\\/\\\/amec.es\\\/#\\\/schema\\\/logo\\\/image\\\/\",\"url\":\"https:\\\/\\\/amec.es\\\/wp-content\\\/uploads\\\/2023\\\/07\\\/logoamec.png\",\"contentUrl\":\"https:\\\/\\\/amec.es\\\/wp-content\\\/uploads\\\/2023\\\/07\\\/logoamec.png\",\"width\":200,\"height\":48,\"caption\":\"amec Positive Industry\"},\"image\":{\"@id\":\"https:\\\/\\\/amec.es\\\/#\\\/schema\\\/logo\\\/image\\\/\"}},{\"@type\":\"Person\",\"@id\":\"https:\\\/\\\/amec.es\\\/#\\\/schema\\\/person\\\/377e1e145733915506a55297ad2fc830\",\"name\":\"webmaster\",\"image\":{\"@type\":\"ImageObject\",\"inLanguage\":\"ca\",\"@id\":\"https:\\\/\\\/secure.gravatar.com\\\/avatar\\\/1122ff7c82efe2079ddb19cd256fc39ab150caee9b258eeae8928e7f703c39f3?s=96&d=mm&r=g\",\"url\":\"https:\\\/\\\/secure.gravatar.com\\\/avatar\\\/1122ff7c82efe2079ddb19cd256fc39ab150caee9b258eeae8928e7f703c39f3?s=96&d=mm&r=g\",\"contentUrl\":\"https:\\\/\\\/secure.gravatar.com\\\/avatar\\\/1122ff7c82efe2079ddb19cd256fc39ab150caee9b258eeae8928e7f703c39f3?s=96&d=mm&r=g\",\"caption\":\"webmaster\"}}]}<\/script>\n<!-- \/ Yoast SEO plugin. -->","yoast_head_json":{"title":"La Comissi\u00f3 T\u00e8cnica de Finan\u00e7ament tracta les novetats en el finan\u00e7ament oficial de projectes | amec Positive Industry","robots":{"index":"index","follow":"follow","max-snippet":"max-snippet:-1","max-image-preview":"max-image-preview:large","max-video-preview":"max-video-preview:-1"},"canonical":"https:\/\/amec.es\/ca\/croniques\/la-comissio-tecnica-de-financament-tracta-les-novetats-en-el-financament-oficial-de-projectes\/","og_locale":"ca_ES","og_type":"article","og_title":"La Comissi\u00f3 T\u00e8cnica de Finan\u00e7ament tracta les novetats en el finan\u00e7ament oficial de projectes | amec Positive Industry","og_description":"La\u00a0Comissi\u00f3 T\u00e8cnica de Finan\u00e7ament\u00a0ha tractat en la seva \u00faltima reuni\u00f3,\u00a0encap\u00e7alada per primera vegada pel seu nou president Anton Gom\u00e0,\u00a0les\u00a0novetats en el finan\u00e7ament oficial de projectes\u00a0-en qu\u00e8 la despesa local augmentar\u00e0 fins a un 50% -, diferents l\u00ednies d&#8217;ajut espec\u00edfiques , nous programes i com es gestionaran els fons d&#8217;ajuda a les empreses que han patit [&hellip;]","og_url":"https:\/\/amec.es\/ca\/croniques\/la-comissio-tecnica-de-financament-tracta-les-novetats-en-el-financament-oficial-de-projectes\/","og_site_name":"amec Positive Industry","article_published_time":"2021-06-02T07:04:46+00:00","og_image":[{"width":1920,"height":284,"url":"https:\/\/amec.es\/wp-content\/uploads\/2023\/08\/asistenciatecnica-3.jpg","type":"image\/jpeg"}],"author":"webmaster","twitter_card":"summary_large_image","twitter_misc":{"Escrit per":"webmaster","Temps estimat de lectura":"2 minuts"},"schema":{"@context":"https:\/\/schema.org","@graph":[{"@type":"Article","@id":"https:\/\/amec.es\/ca\/croniques\/la-comissio-tecnica-de-financament-tracta-les-novetats-en-el-financament-oficial-de-projectes\/#article","isPartOf":{"@id":"https:\/\/amec.es\/ca\/croniques\/la-comissio-tecnica-de-financament-tracta-les-novetats-en-el-financament-oficial-de-projectes\/"},"author":{"name":"webmaster","@id":"https:\/\/amec.es\/#\/schema\/person\/377e1e145733915506a55297ad2fc830"},"headline":"La Comissi\u00f3 T\u00e8cnica de Finan\u00e7ament tracta les novetats en el finan\u00e7ament oficial de projectes","datePublished":"2021-06-02T07:04:46+00:00","mainEntityOfPage":{"@id":"https:\/\/amec.es\/ca\/croniques\/la-comissio-tecnica-de-financament-tracta-les-novetats-en-el-financament-oficial-de-projectes\/"},"wordCount":419,"commentCount":0,"publisher":{"@id":"https:\/\/amec.es\/#organization"},"image":{"@id":"https:\/\/amec.es\/ca\/croniques\/la-comissio-tecnica-de-financament-tracta-les-novetats-en-el-financament-oficial-de-projectes\/#primaryimage"},"thumbnailUrl":"https:\/\/amec.es\/wp-content\/uploads\/2023\/08\/asistenciatecnica-3.jpg","articleSection":["Cr\u00f2niques"],"inLanguage":"ca","potentialAction":[{"@type":"CommentAction","name":"Comment","target":["https:\/\/amec.es\/ca\/croniques\/la-comissio-tecnica-de-financament-tracta-les-novetats-en-el-financament-oficial-de-projectes\/#respond"]}]},{"@type":"WebPage","@id":"https:\/\/amec.es\/ca\/croniques\/la-comissio-tecnica-de-financament-tracta-les-novetats-en-el-financament-oficial-de-projectes\/","url":"https:\/\/amec.es\/ca\/croniques\/la-comissio-tecnica-de-financament-tracta-les-novetats-en-el-financament-oficial-de-projectes\/","name":"La Comissi\u00f3 T\u00e8cnica de Finan\u00e7ament tracta les novetats en el finan\u00e7ament oficial de projectes | amec Positive Industry","isPartOf":{"@id":"https:\/\/amec.es\/#website"},"primaryImageOfPage":{"@id":"https:\/\/amec.es\/ca\/croniques\/la-comissio-tecnica-de-financament-tracta-les-novetats-en-el-financament-oficial-de-projectes\/#primaryimage"},"image":{"@id":"https:\/\/amec.es\/ca\/croniques\/la-comissio-tecnica-de-financament-tracta-les-novetats-en-el-financament-oficial-de-projectes\/#primaryimage"},"thumbnailUrl":"https:\/\/amec.es\/wp-content\/uploads\/2023\/08\/asistenciatecnica-3.jpg","datePublished":"2021-06-02T07:04:46+00:00","breadcrumb":{"@id":"https:\/\/amec.es\/ca\/croniques\/la-comissio-tecnica-de-financament-tracta-les-novetats-en-el-financament-oficial-de-projectes\/#breadcrumb"},"inLanguage":"ca","potentialAction":[{"@type":"ReadAction","target":["https:\/\/amec.es\/ca\/croniques\/la-comissio-tecnica-de-financament-tracta-les-novetats-en-el-financament-oficial-de-projectes\/"]}]},{"@type":"ImageObject","inLanguage":"ca","@id":"https:\/\/amec.es\/ca\/croniques\/la-comissio-tecnica-de-financament-tracta-les-novetats-en-el-financament-oficial-de-projectes\/#primaryimage","url":"https:\/\/amec.es\/wp-content\/uploads\/2023\/08\/asistenciatecnica-3.jpg","contentUrl":"https:\/\/amec.es\/wp-content\/uploads\/2023\/08\/asistenciatecnica-3.jpg","width":1920,"height":284},{"@type":"BreadcrumbList","@id":"https:\/\/amec.es\/ca\/croniques\/la-comissio-tecnica-de-financament-tracta-les-novetats-en-el-financament-oficial-de-projectes\/#breadcrumb","itemListElement":[{"@type":"ListItem","position":1,"name":"Portada","item":"https:\/\/amec.es\/ca\/home-new\/"},{"@type":"ListItem","position":2,"name":"La Comissi\u00f3 T\u00e8cnica de Finan\u00e7ament tracta les novetats en el finan\u00e7ament oficial de projectes"}]},{"@type":"WebSite","@id":"https:\/\/amec.es\/#website","url":"https:\/\/amec.es\/","name":"amec Positive Industry","description":"","publisher":{"@id":"https:\/\/amec.es\/#organization"},"potentialAction":[{"@type":"SearchAction","target":{"@type":"EntryPoint","urlTemplate":"https:\/\/amec.es\/?s={search_term_string}"},"query-input":{"@type":"PropertyValueSpecification","valueRequired":true,"valueName":"search_term_string"}}],"inLanguage":"ca"},{"@type":"Organization","@id":"https:\/\/amec.es\/#organization","name":"amec Positive Industry","url":"https:\/\/amec.es\/","logo":{"@type":"ImageObject","inLanguage":"ca","@id":"https:\/\/amec.es\/#\/schema\/logo\/image\/","url":"https:\/\/amec.es\/wp-content\/uploads\/2023\/07\/logoamec.png","contentUrl":"https:\/\/amec.es\/wp-content\/uploads\/2023\/07\/logoamec.png","width":200,"height":48,"caption":"amec Positive Industry"},"image":{"@id":"https:\/\/amec.es\/#\/schema\/logo\/image\/"}},{"@type":"Person","@id":"https:\/\/amec.es\/#\/schema\/person\/377e1e145733915506a55297ad2fc830","name":"webmaster","image":{"@type":"ImageObject","inLanguage":"ca","@id":"https:\/\/secure.gravatar.com\/avatar\/1122ff7c82efe2079ddb19cd256fc39ab150caee9b258eeae8928e7f703c39f3?s=96&d=mm&r=g","url":"https:\/\/secure.gravatar.com\/avatar\/1122ff7c82efe2079ddb19cd256fc39ab150caee9b258eeae8928e7f703c39f3?s=96&d=mm&r=g","contentUrl":"https:\/\/secure.gravatar.com\/avatar\/1122ff7c82efe2079ddb19cd256fc39ab150caee9b258eeae8928e7f703c39f3?s=96&d=mm&r=g","caption":"webmaster"}}]}},"_links":{"self":[{"href":"https:\/\/amec.es\/ca\/wp-json\/wp\/v2\/posts\/6447","targetHints":{"allow":["GET"]}}],"collection":[{"href":"https:\/\/amec.es\/ca\/wp-json\/wp\/v2\/posts"}],"about":[{"href":"https:\/\/amec.es\/ca\/wp-json\/wp\/v2\/types\/post"}],"author":[{"embeddable":true,"href":"https:\/\/amec.es\/ca\/wp-json\/wp\/v2\/users\/1"}],"replies":[{"embeddable":true,"href":"https:\/\/amec.es\/ca\/wp-json\/wp\/v2\/comments?post=6447"}],"version-history":[{"count":0,"href":"https:\/\/amec.es\/ca\/wp-json\/wp\/v2\/posts\/6447\/revisions"}],"wp:featuredmedia":[{"embeddable":true,"href":"https:\/\/amec.es\/ca\/wp-json\/wp\/v2\/media\/4381"}],"wp:attachment":[{"href":"https:\/\/amec.es\/ca\/wp-json\/wp\/v2\/media?parent=6447"}],"wp:term":[{"taxonomy":"category","embeddable":true,"href":"https:\/\/amec.es\/ca\/wp-json\/wp\/v2\/categories?post=6447"},{"taxonomy":"post_tag","embeddable":true,"href":"https:\/\/amec.es\/ca\/wp-json\/wp\/v2\/tags?post=6447"}],"curies":[{"name":"wp","href":"https:\/\/api.w.org\/{rel}","templated":true}]}}