{"id":6453,"date":"2021-05-05T10:25:39","date_gmt":"2021-05-05T10:25:39","guid":{"rendered":"https:\/\/wecreatedesign.co\/dev\/WP\/amec\/?p=4749"},"modified":"2021-05-05T10:25:39","modified_gmt":"2021-05-05T10:25:39","slug":"entrevista-a-lambaixador-despanya-a-indonesia-lempresariat-no-esta-prestant-latencio-que-mereix-indonesia-ni-asia","status":"publish","type":"post","link":"https:\/\/amec.es\/ca\/actualitat\/entrevista-a-lambaixador-despanya-a-indonesia-lempresariat-no-esta-prestant-latencio-que-mereix-indonesia-ni-asia\/","title":{"rendered":"Entrevista a l&#8217;ambaixador d&#8217;Espanya a Indon\u00e8sia: &#8220;L&#8217;empresariat no est\u00e0 prestant l&#8217;atenci\u00f3 que mereix Indon\u00e8sia ni \u00c0sia&#8221;"},"content":{"rendered":"<p>Indon\u00e8sia \u00e9s un dels pa\u00efsos m\u00e9s poblats de l&#8217;m\u00f3n, amb 270 milions de persones i una classe mitjana altament consumidora.\u00a0<strong>Entrevistem l&#8217;ambaixador d&#8217;Espanya a Indon\u00e8sia, Jos\u00e9 Mar\u00eda Matres Manso, tamb\u00e9 representant davant Timor Oriental i l&#8217;ASEAN,<\/strong>\u00a0que ens explica que el Govern indonesi, encap\u00e7alat pel president Joko Widodo (m\u00e9s conegut com Jokowi), popular per batre r\u00e8cords en obres de infraestructura, est\u00e0 invertint molt\u00edssim en el seu desenvolupament. Aix\u00f2\u00a0<strong>obre a les empreses espanyoles una infinitat d&#8217;oportunitats que s&#8217;estan clarament desaprofitant, a causa de la manca d&#8217;aposta de les empreses espanyoles per \u00c0sia.<\/strong>\u00a0Accedim a l&#8217;ambaixador gr\u00e0cies a la trobada que ha organitzat el\u00a0<a href=\"https:\/\/www.ceibcn.com\/es\/\" target=\"_blank\" rel=\"noopener\">CEI International Affairs<\/a>\u00a0sobre les oportunitats per invertir i exportar al pa\u00eds. Amb una llarga traject\u00f2ria, Matres Manso, que ha estat nou anys a la Xina, coneix molt b\u00e9 la\u00a0<strong>import\u00e0ncia de respectar la manera de fer negocis al continent asi\u00e0tic per establir una relaci\u00f3 fruct\u00edfera i duradora.<\/strong>\u00a0Indon\u00e8sia no \u00e9s una excepci\u00f3, de manera que l&#8217;ambaixador ens explica els\u00a0<strong>tres factors important\u00edssims a seguir<\/strong>\u00a0per a una empresa que comen\u00e7a en aquest mercat.<\/p>\n<p>&nbsp;<\/p>\n<p><img fetchpriority=\"high\" decoding=\"async\" src=\"http:\/\/wecreatedesign.co\/dev\/WP\/amec\/wp-content\/uploads\/2023\/03\/jose-maria-matres-entrevista-amec-redim-w800-h421.jpg\" alt=\"jose-maria-matres-entrevista-amec.jpg\" width=\"800\" height=\"421\" \/><\/p>\n<p>&nbsp;<\/p>\n<p><strong>Quin inter\u00e8s rau a Indon\u00e8sia?<\/strong><\/p>\n<p>Indon\u00e8sia \u00e9s el major arxip\u00e8lag de l&#8217;m\u00f3n, amb m\u00e9s de 17.500 illes. \u00c9s un pa\u00eds immens, amb 270 milions de poblaci\u00f3, i una classe mitjana de 70 milions de persones. Est\u00e0 qualificat pel Banc Mundial com a pa\u00eds emergent de renda mitjana-alta, amb una renda per c\u00e0pita de 4.000 d\u00f2lars americans. Estem en el segon mandat presidencial de Jokowi, i el seu objectiu principal \u00e9s fer d&#8217;Indon\u00e8sia un pa\u00eds modern. Els seus plans s\u00f3n molt ambiciosos. La seva meta d&#8217;aqu\u00ed a 2045 \u00e9s que Indon\u00e8sia es converteixi en un pa\u00eds avan\u00e7at, amb una renda per c\u00e0pita de 25.000 d\u00f2lars. El pa\u00eds t\u00e9 al davant una gran visi\u00f3 de futur.<\/p>\n<p>&nbsp;<\/p>\n<p><strong>\u00bfLa seva \u00e0mplia classe mitjana \u00e9s el seu motor?<\/strong><\/p>\n<p>Es tracta d&#8217;una classe mitjana amb ingressos i h\u00e0bits de consum molt molt superiors als d&#8217;occident. Els milennials indonesis s\u00f3n molt exigents en els seus h\u00e0bits de consum: busquen qualitat, productes que satisfacin b\u00e9 les seves necessitats i gasten diners. De fet, la demanda t\u00e9 una estructura dual: hi ha aquesta classe mitjana amb uns gustos molt definits i sofisticats, i un altre sector format per una minoria amb un alt\u00edssim poder adquisitiu. Es tracta dels indonesis d&#8217;\u00e8tnia xinesa, els que controlen les finances de indon\u00e8sia, i amb h\u00e0bits de consum totalment occidentalitzats. Aquesta minoria xinesa tamb\u00e9 consumeix molt\u00edssim, com mostra l&#8217;enorme quantitat de botigues de luxe, de moda i accessoris que trobem.<\/p>\n<p>&nbsp;<\/p>\n<p><strong>Malgrat l&#8217;\u00e0mplia demanda, a la pr\u00e0ctica Indon\u00e8sia sembla un mercat molt lluny\u00e0 per a Espanya: importem deu vegades m\u00e9s d&#8217;Indon\u00e8sia del que exportem, que \u00e9s molt poc. A qu\u00e8 es deu aquest gran desequilibri en la relaci\u00f3 comercial?<\/strong><\/p>\n<p>S\u00ed, hi ha un enorme desequilibri. Estic en el meu cinqu\u00e8 any en aquest pa\u00eds i veig com les oportunitats s\u00f3n espectaculars. Desgraciadament en la mentalitat empresarial espanyola, i tamb\u00e9 en la pol\u00edtica, sembla un pa\u00eds molt lluny\u00e0. El 2020 exportem 348 milions d&#8217;euros a Indon\u00e8sia, b\u00e0sicament en maquin\u00e0ria agr\u00edcola i industrial (12% de total). Les importacions procedents de pa\u00eds van ser per valor de 1.762 milions d&#8217;euros. Sobretot importem olis grassos i vegetals, ja que l&#8217;oli de palma s&#8217;utilitza com a biocombustible a Espanya. Hi ha un desequilibri gegant\u00ed. En 2019 vam realitzar 1,4 milions d&#8217;euros d&#8217;inversions, una xifra insignificant comparada amb la d&#8217;altres pa\u00efsos europeus. Per la seva banda, les inversions d&#8217;Indon\u00e8sia no van arribar a 0,5 milions d&#8217;euros. Hem de canviar aix\u00f2.<\/p>\n<p>&nbsp;<\/p>\n<p><strong>Per qu\u00e8 aquesta manca d&#8217;inter\u00e8s a Indon\u00e8sia?<\/strong><\/p>\n<p>\u00c9s cert que viatjar suposa un m\u00ednim de 16 hores d&#8217;avi\u00f3, i que hi ha la barrera de l&#8217;idioma que dificulta la penetraci\u00f3 en el mercat. El mercat indonesi \u00e9s complex, l&#8217;entramat \u00e9s de vegades opac i conf\u00fas. Per\u00f2 no deu servir d&#8217;excusa. El problema \u00e9s que tenim altres zones priorit\u00e0ries com Europa, Am\u00e8rica Llatina, Am\u00e8rica del Nord &#8230; Per\u00f2 a \u00c0sia, amb algunes excepcions (Xina, Corea, Jap\u00f3, Vietnam, Singapur), no li prestem l&#8217;atenci\u00f3 que es mereix. El potencial \u00e9s enorme, per\u00f2 cal conscienciar al nostre empresariat que ha de arriscar-se, ha d&#8217;interioritzar el fet que Indon\u00e8sia \u00e9s la quarta economia d&#8217;\u00c0sia. \u00c0sia \u00e9s un dels motors econ\u00f2mics m\u00e9s din\u00e0mics de l&#8217;m\u00f3n, i Indon\u00e8sia \u00e9s la principal economia en el si de l&#8217;Asean. Indon\u00e8sia \u00e9s membre de ple dret de l&#8217;G20 i Espanya no, nom\u00e9s \u00e9s convidat permanent. No estem parlant de qualsevol pa\u00eds, \u00e9s un pa\u00eds molt important. Espanya i l&#8217;empresariat, i tinc queixes tamb\u00e9 als nostres dirigents pol\u00edtics, encara no s\u00f3n capa\u00e7os de sortir de determinada \u00f2rbita geogr\u00e0fica i aventurar-se a una altra \u00f2rbita m\u00e9s llunyana, on les oportunitats s\u00f3n impressionants.<\/p>\n<p>&nbsp;<\/p>\n<p><strong>En quins sectors es troben aquestes oportunitats?<\/strong><\/p>\n<p>Existeixen moltes \u00e0rees en les que les nostres empreses s\u00f3n enormement competitives i tindrien grans oportunitats d&#8217;inversi\u00f3 a Indon\u00e8sia. Per\u00f2 abans de detallar-, m&#8217;agradaria donar tres consells a la planificaci\u00f3 d&#8217;una eventual pres\u00e8ncia o inversi\u00f3 espanyola a Indon\u00e8sia. I s\u00f3n molt importants:<\/p>\n<p>&nbsp;<\/p>\n<p>En primer lloc, cal tenir una pres\u00e8ncia. A \u00c0sia, les relacions personals s\u00f3n b\u00e0siques. No pots planificar una inversi\u00f3 i venir a vendre productes si no has establert pr\u00e8viament relacions personals amb el teu contrapart, que has de mantenir i conrear. Aix\u00ed mateix, cal tenir en compte un principi que per a \u00c0sia \u00e9s fonamental: la f\u00f3rmula win-win. Quan fas una transacci\u00f3 comercial o una inversi\u00f3, ambdues parts han de tenir un resultat satisfactori. Els indonesis s\u00f3n tremendament proteccionistes quan es parla d&#8217;inversions al pa\u00eds i de transaccions comercials. El continent ofereix oportunitats en tot, per\u00f2 no es poden fer negocis a 15.000 quil\u00f2metres de dist\u00e0ncia.<\/p>\n<p>&nbsp;<\/p>\n<p><strong>\u00bfAix\u00f2 significa haver de implantar-se, tenir filial comercial o productiva al territori?<\/strong><\/p>\n<p>No necess\u00e0riament. Seria l&#8217;ideal, per\u00f2 la fase inicial d&#8217;establiment a Indon\u00e8sia exigeix un desemborsament econ\u00f2mic important i les petites i mitjanes empreses no tenen el m\u00fascul financer d&#8217;una gran companyia. No obstant aix\u00f2, s\u00ed que poden fer viatges, videoconfer\u00e8ncies amb un seguiment dels seus contactes, que cal mantenir regularment. La pres\u00e8ncia i el coneixement personal \u00e9s molt important.<\/p>\n<p>&nbsp;<\/p>\n<p>El meu segon consell: tenir paci\u00e8ncia. S\u00f3n els mercats m\u00e9s dif\u00edcils els que majors beneficis aporten a mig i llarg termini. Parlo per experi\u00e8ncia. He passat nou anys destinat a la Rep\u00fablica Popular de la Xina, conec molt b\u00e9 el mercat xin\u00e8s i els sacrificis immensos de les nostres empreses per establir-se al pa\u00eds, sobretot en la primera \u00e8poca, a principis de la d\u00e8cada dels 80. Totes aquelles empreses espanyoles que van tenir paci\u00e8ncia, degudament assessorades, estan obtenint beneficis important\u00edssims en el col\u00f3s asi\u00e0tic. El mateix passar\u00e0 a Indon\u00e8sia. No es pot pretendre venir i posar una pica a Flandes. Tampoc arribar, fer un negoci i tornar. Els indonesis ho capten immediatament. Valoren a les persones que v\u00e9nen amb la intenci\u00f3 de fer negocis seriosos amb voluntat de perman\u00e8ncia.<\/p>\n<p>&nbsp;<\/p>\n<p><strong>I el tercer consell?<\/strong><\/p>\n<p>\u00c9s essencial tenir un soci local viable. Aquest \u00e9s el requisit m\u00e9s important d&#8217;aconseguir. Pots tenir el teu millor voluntat a l&#8217;arribar a un mercat que no coneixes, i et poden donar gat per llebre. Pots acabar amb un soci local que creus que \u00e9s seri\u00f3s, honrat i treballador, per\u00f2 despr\u00e9s resulta no ser-ho. Forma part de el risc empresarial, per\u00f2 l&#8217;ambaixada d&#8217;Espanya compta amb una oficina comercial molt competent i professional que assessora les empreses que volen establir-se i realitzar operacions amb Indon\u00e8sia. Els parlem de mercat, de quina socis s\u00f3n recomanables i quins no ho s\u00f3n, el perfil d&#8217;un bon soci &#8230; No podem garantir qui \u00e9s fiable, per\u00f2 pels perfils que disposem s\u00ed que podem dir qui s\u00f3n socis seriosos i responsables. Aix\u00ed que tenir pres\u00e8ncia, paci\u00e8ncia i un bon partner local s\u00f3n els tres factors important\u00edssims per a una empresa que comen\u00e7a al mercat indonesi.<\/p>\n<p>&nbsp;<\/p>\n<p><strong>En quins camps estan les grans oportunitats?<\/strong><\/p>\n<p>Els camps s\u00f3n nombros\u00edssims, perqu\u00e8 tenim la sort que comptem amb empreses molt competitives en molts sectors. En el\u00a0<strong>pla de desenvolupament<\/strong>\u00a0de pa\u00eds que ha projectat el president Jokowi per al seu segon mandat, del 2020 a 2024, hi ha\u00a0<strong>223 projectes considerats com a estrat\u00e8gics<\/strong>\u00a0a nivell nacional, dels quals 37 s\u00f3n prioritaris. Per posar en marxa aquests projectes d&#8217;infraestructures ha calculat un pressupost de gaireb\u00e9 380.000 milions d&#8217;euros. Els\u00a0<strong>sectors s\u00f3n precisament aquells en qu\u00e8 les empreses espanyoles tenen llarga experi\u00e8ncia:<\/strong><\/p>\n<p>&nbsp;<\/p>\n<p>&#8211;\u00a0<strong>Aigua i sanejament:<\/strong>\u00a0tenim empreses molt capa\u00e7os de presentar-se a una licitaci\u00f3 per a aquest tipus de projectes.<\/p>\n<p>-Refiner\u00eda de petroli i gas: tenim a Repsol, T\u00e9cnicas Reunidas &#8230; que s\u00f3n empreses tractores, el que significa una finestra d&#8217;oportunitats per demostrar que Espanya pot fer-ho b\u00e9. Per\u00f2 lamentablement la nostra pres\u00e8ncia no est\u00e0 establerta com ho estan altres pa\u00efsos europeus com Fran\u00e7a, Alemanya, It\u00e0lia o el Regne Unit.<\/p>\n<p>&#8211;\u00a0<strong>Carreteres i ponts, transport p\u00fablic, electricitat<\/strong>\u00a0&#8230; Una de les fites \u00e9s electrificar en 10 anys electrificar la totalitat de l&#8217;arxip\u00e8lag, el que \u00e9s un repte important\u00edssim.<\/p>\n<p>&#8211;\u00a0<strong>Ports mar\u00edtims i transport ferroviari,<\/strong>\u00a0dos camps en qu\u00e8 som molt competents.<\/p>\n<p>&#8211;\u00a0<strong>Tecnologia de la informaci\u00f3<\/strong>\u00a0&#8230;<\/p>\n<p>&nbsp;<\/p>\n<p>Les oportunitats per a les nostres empreses s\u00f3n impressionants, per\u00f2 no nom\u00e9s aix\u00f2: tamb\u00e9 hi ha el projecte ja presentat pel president\u00a0<strong>d&#8217;erigir una nova capital.<\/strong>\u00a0El Govern d&#8217;Indon\u00e8sia ha aprovat canviar la capital de Jakarta a l&#8217;illa de Borneo, a Kalimantan, amb\u00a0<strong>156.000 hect\u00e0rees verges a desenvolupar i tot el que aix\u00f2 implica: construcci\u00f3 d&#8217;infraestructures, desenvolupament de l&#8217;\u00e0rea metropolitana<\/strong>\u00a0&#8230;<\/p>\n<p>&nbsp;<\/p>\n<p>Tamb\u00e9 hi ha un altre projecte en marxa: la construcci\u00f3 de 15 zones econ\u00f2miques especials.\u00a0<strong>Nou \u00e0rees industrials i sis del turisme,<\/strong>\u00a0en els quals es vol erigir 10 nous Bali, el punt de refer\u00e8ncia de l&#8217;turisme internacional. El president vol que, com Bali, hi hagi altres nou destinacions tur\u00edstiques prioritaris en el gran arxip\u00e8lag. Espanya \u00e9s seu de l&#8217;Organitzaci\u00f3 Mundial de l&#8217;Turisme i ens recolzem en aquesta ind\u00fastria, som experts en agesti\u00f3n tur\u00edstica, hotelera, gastron\u00f2mica &#8230;<\/p>\n<p>&nbsp;<\/p>\n<p>Per\u00f2 hi ha aix\u00ed mateix altres sectors on som molt competitius: en les\u00a0<strong>ciutats intel\u00b7ligents.<\/strong>\u00a0Els podem ajudar a les seves ciutats, energies renovables .. Siemens Gamesa va construir el primer parc e\u00f2lic a sud d&#8217;Indon\u00e8sia, a Sulawesi. Podem proporcionar-equipament d&#8217;hospitals, comer\u00e7 electr\u00f2nic, tot el que envolta el halal &#8230; Indon\u00e8sia \u00e9s un pa\u00eds de majoria musulmana i d\u00f3na molta import\u00e0ncia a l&#8217;halal, de manera que hi ha una enorme ind\u00fastria a desenvolupar al seu voltant (turisme, cosm\u00e8tica halal, etc. ..).<\/p>\n<p>Les empreses, convenientment guiades i assessorades, poden venir sense dubtar-ho a Indon\u00e8sia.<\/p>\n<p>&nbsp;<\/p>\n<p><strong>La nova capital costar\u00e0 prop de 466 bilions de rupies (29.330 milions d&#8217;euros), el 19% dels quals provindr\u00e0 de les arques p\u00fabliques i la resta d&#8217;inversors. Havia de comen\u00e7ar a erigir a la fi de 2020, per\u00f2 la pand\u00e8mia ha entorpit els plans. Com est\u00e0 afectant la pand\u00e8mia a Indon\u00e8sia? Afectar\u00e0 al seu creixement?<\/strong><\/p>\n<p>El projecte presidencial de la nova capital a Balikpapan segueix en marxa per l&#8217;Executiu de Jokowi, tot i que va amb retard a causa de la pand\u00e8mia (s&#8217;esperava que s&#8217;inici\u00e9s a finals de 2020). El projecte, que ja estava previst en el Programa Nacional de Desenvolupament a mitj\u00e0 termini 2020-24 (RPJMN 2020-24), recentment s&#8217;ha incl\u00f2s en la\u00a0<strong>llista de projectes prioritaris<\/strong>\u00a0de Govern per 2021. A m\u00e9s, s&#8217;ha vinculat a el\u00a0<strong>programa nacional de vacunaci\u00f3<\/strong>\u00a0per garantir que el seu desenvolupament sigui segur.<\/p>\n<p>&nbsp;<\/p>\n<p>D&#8217;acord amb el pla original, a partir d&#8217;aquest any 2021 s&#8217;iniciar\u00e0 la fase de\u00a0<strong>construcci\u00f3 d&#8217;infraestructures<\/strong>\u00a0(gesti\u00f3 d&#8217;aigua i residus, energia, transport, sanit\u00e0ries, etc.), pr\u00e8via a la de\u00a0<strong>desenvolupament d&#8217;\u00e0rees metropolitanes,<\/strong>\u00a0i que es espera que finalitzi en 2030. Aquesta fase inclou nombrosos i quantiosos projectes que es licitaran per paquets sectorials, en els quals podran participar empreses estrangeres. A m\u00e9s, davant la insufici\u00e8ncia de fons p\u00fablics per finan\u00e7ar la totalitat d&#8217;aquests projectes (especialment despr\u00e9s de les mesures adoptades pel Govern per enfrontar el COVID-19), molts d&#8217;ells s&#8217;oferiran en forma de partenariats publicoprivats\u00a0<strong>(projectes PPP),<\/strong>\u00a0en els que el finan\u00e7ament privat ser\u00e0 fonamental.<\/p>\n<p>&nbsp;<\/p>\n<p>Pel que fa als efectes de la pand\u00e8mia sobre el creixement econ\u00f2mic: abans de l&#8217;COVID-19, el creixement econ\u00f2mic d&#8217;Indon\u00e8sia s&#8217;havia mantingut estable al voltant de el 5% (des del 2014 fins al 2019). Des de febrer 2020, Indon\u00e8sia ha patit\u00a0<strong>l&#8217;impacte de l&#8217;COVID-19<\/strong>\u00a0en les principals macromagnituds, si b\u00e9 la situaci\u00f3 macroecon\u00f2mica d&#8217;el pa\u00eds segueix sent favorable, especialment si la comparem amb molts pa\u00efsos europeus. Segons les projeccions de l&#8217;FMI, la caiguda de l&#8217;PIB ha estat de l&#8217;-1,9% el 2020. La \u00e0gil resposta de govern en pol\u00edtica monet\u00e0ria i fiscal ha perm\u00e8s suavitzar la caiguda de l&#8217;PIB el 2020 i per 2021 s&#8217;espera una\u00a0<strong>recuperaci\u00f3 econ\u00f2mica r\u00e0pida<\/strong>\u00a0i en forma de &#8220;V&#8221; sim\u00e8trica, amb un creixement estimat de 4,8%.<\/p>\n<p>&nbsp;<\/p>\n<p><strong>\u00bfL&#8217;acord comercial amb la UE podria acostar Europa a Indon\u00e8sia?<\/strong><\/p>\n<p>S&#8217;han celebrat deu rondes de l&#8217;Comprehensive Economic Agreement negociant entre Indon\u00e8sia i la Uni\u00f3 Europea, i en uns mesos se celebrar\u00e0 l&#8217;onzena. \u00c9s un acord que lamentablement est\u00e0 llastat pel irritant entre les dues parelles de l&#8217;oli de palma. La Uni\u00f3 Europea, en el seu esperit de protegir el medi ambient i garantir per a les nostres generacions futures la qualitat de vida, va adoptar la segona directiva centrada en els olis vegetals que tenen major impacte negatiu mediambiental. A partir de les an\u00e0lisis cient\u00edfics, s&#8217;ha identificat el de palma entre els olis vegetals que m\u00e9s perjudica el medi ambient. Aix\u00f2 \u00e9s a causa de l&#8217;enorme desforestaci\u00f3 i emissi\u00f3 de carboni per la crema de grans superf\u00edcies de terrenys, especialment a les illes de Sumatra i Kalimantan, per dedicar-les a la plantaci\u00f3 de palmeres que donen base a l&#8217;oli de palma, i que la UE considera intolerable . L\u00f2gicament, cada pa\u00eds defensa els seus interessos, i els indonesis tenen en aquests moments un consum important de biocombustible per reduir el seu importaci\u00f3 d&#8217;altres pa\u00efsos, i recorren a l&#8217;oli de palma. Hi ha entre 12 i 14 milions de persones que treballen en el sector, majorit\u00e0riament petits i mitjans agricultors. Aix\u00f2 suposa un problema social important. Aquest irritant llasta l&#8217;acord.<\/p>\n<p>&nbsp;<\/p>\n<p><strong>\u00bfEs preveuen aven\u00e7os? En quina direcci\u00f3?<\/strong><\/p>\n<p>Les negociacions de l&#8217;CEPA UE-Indon\u00e8sia s&#8217;han repr\u00e8s recentment (10a ronda de negociacions al febrer \/ mar\u00e7 2021). Aix\u00f2 ha estat possible gr\u00e0cies a la creaci\u00f3 d&#8217;un\u00a0<strong>Grup de Treball conjunt UE-ASEAN sobre oli de palma,<\/strong>\u00a0que permetr\u00e0 als pa\u00efsos afectats debatre aquest assumpte per separat i que l&#8217;esmentada problem\u00e0tica no impedeixi avan\u00e7ar en els altres cap\u00edtols de l&#8217;acord. El\u00a0<strong>CEPA \u00e9s un Acord de Lliure Comer\u00e7 de contingut ampli,<\/strong>\u00a0que s&#8217;espera que inclogui cap\u00edtols no nom\u00e9s en mat\u00e8ria de comer\u00e7 de b\u00e9ns i serveis, sin\u00f3 tamb\u00e9 en\u00a0<strong>facilitaci\u00f3 i protecci\u00f3 de la inversi\u00f3, millora d&#8217;acc\u00e9s a mercats, barreres aranzel\u00e0ries i no aranzel\u00e0ries<\/strong>\u00a0<strong>, OTC (obstacles t\u00e8cnics al comer\u00e7), desenvolupament sostenible i compres p\u00fabliques,<\/strong>\u00a0entre d&#8217;altres aspectes.<\/p>\n","protected":false},"excerpt":{"rendered":"<p>Indon\u00e8sia \u00e9s un dels pa\u00efsos m\u00e9s poblats de l&#8217;m\u00f3n, amb 270 milions de persones i una classe mitjana altament consumidora.\u00a0Entrevistem l&#8217;ambaixador d&#8217;Espanya a Indon\u00e8sia, Jos\u00e9 Mar\u00eda Matres Manso, tamb\u00e9 representant davant Timor Oriental i l&#8217;ASEAN,\u00a0que ens explica que el Govern indonesi, encap\u00e7alat pel president Joko Widodo (m\u00e9s conegut com Jokowi), popular per batre r\u00e8cords en [&hellip;]<\/p>\n","protected":false},"author":1,"featured_media":4751,"comment_status":"open","ping_status":"open","sticky":false,"template":"","format":"standard","meta":{"inline_featured_image":false,"footnotes":""},"categories":[27],"tags":[],"class_list":["post-6453","post","type-post","status-publish","format-standard","has-post-thumbnail","hentry","category-actualitat"],"yoast_head":"<!-- This site is optimized with the Yoast SEO plugin v27.3 - https:\/\/yoast.com\/product\/yoast-seo-wordpress\/ -->\n<title>Entrevista a l&#039;ambaixador d&#039;Espanya a Indon\u00e8sia: &quot;L&#039;empresariat no est\u00e0 prestant l&#039;atenci\u00f3 que mereix Indon\u00e8sia ni \u00c0sia&quot; | amec Positive Industry<\/title>\n<meta name=\"robots\" content=\"index, follow, max-snippet:-1, max-image-preview:large, max-video-preview:-1\" \/>\n<link rel=\"canonical\" href=\"https:\/\/amec.es\/ca\/actualitat\/entrevista-a-lambaixador-despanya-a-indonesia-lempresariat-no-esta-prestant-latencio-que-mereix-indonesia-ni-asia\/\" \/>\n<meta property=\"og:locale\" content=\"ca_ES\" \/>\n<meta property=\"og:type\" content=\"article\" \/>\n<meta property=\"og:title\" content=\"Entrevista a l&#039;ambaixador d&#039;Espanya a Indon\u00e8sia: &quot;L&#039;empresariat no est\u00e0 prestant l&#039;atenci\u00f3 que mereix Indon\u00e8sia ni \u00c0sia&quot; | amec Positive Industry\" \/>\n<meta property=\"og:description\" content=\"Indon\u00e8sia \u00e9s un dels pa\u00efsos m\u00e9s poblats de l&#8217;m\u00f3n, amb 270 milions de persones i una classe mitjana altament consumidora.\u00a0Entrevistem l&#8217;ambaixador d&#8217;Espanya a Indon\u00e8sia, Jos\u00e9 Mar\u00eda Matres Manso, tamb\u00e9 representant davant Timor Oriental i l&#8217;ASEAN,\u00a0que ens explica que el Govern indonesi, encap\u00e7alat pel president Joko Widodo (m\u00e9s conegut com Jokowi), popular per batre r\u00e8cords en [&hellip;]\" \/>\n<meta property=\"og:url\" content=\"https:\/\/amec.es\/ca\/actualitat\/entrevista-a-lambaixador-despanya-a-indonesia-lempresariat-no-esta-prestant-latencio-que-mereix-indonesia-ni-asia\/\" \/>\n<meta property=\"og:site_name\" content=\"amec Positive Industry\" \/>\n<meta property=\"article:published_time\" content=\"2021-05-05T10:25:39+00:00\" \/>\n<meta property=\"og:image\" content=\"https:\/\/amec.es\/wp-content\/uploads\/2023\/08\/icf.jpg\" \/>\n\t<meta property=\"og:image:width\" content=\"380\" \/>\n\t<meta property=\"og:image:height\" content=\"225\" \/>\n\t<meta property=\"og:image:type\" content=\"image\/jpeg\" \/>\n<meta name=\"author\" content=\"webmaster\" \/>\n<meta name=\"twitter:card\" content=\"summary_large_image\" \/>\n<meta name=\"twitter:label1\" content=\"Escrit per\" \/>\n\t<meta name=\"twitter:data1\" content=\"webmaster\" \/>\n\t<meta name=\"twitter:label2\" content=\"Temps estimat de lectura\" \/>\n\t<meta name=\"twitter:data2\" content=\"13 minuts\" \/>\n<script type=\"application\/ld+json\" class=\"yoast-schema-graph\">{\"@context\":\"https:\\\/\\\/schema.org\",\"@graph\":[{\"@type\":\"Article\",\"@id\":\"https:\\\/\\\/amec.es\\\/ca\\\/actualitat\\\/entrevista-a-lambaixador-despanya-a-indonesia-lempresariat-no-esta-prestant-latencio-que-mereix-indonesia-ni-asia\\\/#article\",\"isPartOf\":{\"@id\":\"https:\\\/\\\/amec.es\\\/ca\\\/actualitat\\\/entrevista-a-lambaixador-despanya-a-indonesia-lempresariat-no-esta-prestant-latencio-que-mereix-indonesia-ni-asia\\\/\"},\"author\":{\"name\":\"webmaster\",\"@id\":\"https:\\\/\\\/amec.es\\\/#\\\/schema\\\/person\\\/377e1e145733915506a55297ad2fc830\"},\"headline\":\"Entrevista a l&#8217;ambaixador d&#8217;Espanya a Indon\u00e8sia: &#8220;L&#8217;empresariat no est\u00e0 prestant l&#8217;atenci\u00f3 que mereix Indon\u00e8sia ni \u00c0sia&#8221;\",\"datePublished\":\"2021-05-05T10:25:39+00:00\",\"mainEntityOfPage\":{\"@id\":\"https:\\\/\\\/amec.es\\\/ca\\\/actualitat\\\/entrevista-a-lambaixador-despanya-a-indonesia-lempresariat-no-esta-prestant-latencio-que-mereix-indonesia-ni-asia\\\/\"},\"wordCount\":2738,\"commentCount\":0,\"publisher\":{\"@id\":\"https:\\\/\\\/amec.es\\\/#organization\"},\"image\":{\"@id\":\"https:\\\/\\\/amec.es\\\/ca\\\/actualitat\\\/entrevista-a-lambaixador-despanya-a-indonesia-lempresariat-no-esta-prestant-latencio-que-mereix-indonesia-ni-asia\\\/#primaryimage\"},\"thumbnailUrl\":\"https:\\\/\\\/amec.es\\\/wp-content\\\/uploads\\\/2023\\\/08\\\/icf.jpg\",\"articleSection\":[\"Actualitat\"],\"inLanguage\":\"ca\",\"potentialAction\":[{\"@type\":\"CommentAction\",\"name\":\"Comment\",\"target\":[\"https:\\\/\\\/amec.es\\\/ca\\\/actualitat\\\/entrevista-a-lambaixador-despanya-a-indonesia-lempresariat-no-esta-prestant-latencio-que-mereix-indonesia-ni-asia\\\/#respond\"]}]},{\"@type\":\"WebPage\",\"@id\":\"https:\\\/\\\/amec.es\\\/ca\\\/actualitat\\\/entrevista-a-lambaixador-despanya-a-indonesia-lempresariat-no-esta-prestant-latencio-que-mereix-indonesia-ni-asia\\\/\",\"url\":\"https:\\\/\\\/amec.es\\\/ca\\\/actualitat\\\/entrevista-a-lambaixador-despanya-a-indonesia-lempresariat-no-esta-prestant-latencio-que-mereix-indonesia-ni-asia\\\/\",\"name\":\"Entrevista a l'ambaixador d'Espanya a Indon\u00e8sia: \\\"L'empresariat no est\u00e0 prestant l'atenci\u00f3 que mereix Indon\u00e8sia ni \u00c0sia\\\" | amec Positive Industry\",\"isPartOf\":{\"@id\":\"https:\\\/\\\/amec.es\\\/#website\"},\"primaryImageOfPage\":{\"@id\":\"https:\\\/\\\/amec.es\\\/ca\\\/actualitat\\\/entrevista-a-lambaixador-despanya-a-indonesia-lempresariat-no-esta-prestant-latencio-que-mereix-indonesia-ni-asia\\\/#primaryimage\"},\"image\":{\"@id\":\"https:\\\/\\\/amec.es\\\/ca\\\/actualitat\\\/entrevista-a-lambaixador-despanya-a-indonesia-lempresariat-no-esta-prestant-latencio-que-mereix-indonesia-ni-asia\\\/#primaryimage\"},\"thumbnailUrl\":\"https:\\\/\\\/amec.es\\\/wp-content\\\/uploads\\\/2023\\\/08\\\/icf.jpg\",\"datePublished\":\"2021-05-05T10:25:39+00:00\",\"breadcrumb\":{\"@id\":\"https:\\\/\\\/amec.es\\\/ca\\\/actualitat\\\/entrevista-a-lambaixador-despanya-a-indonesia-lempresariat-no-esta-prestant-latencio-que-mereix-indonesia-ni-asia\\\/#breadcrumb\"},\"inLanguage\":\"ca\",\"potentialAction\":[{\"@type\":\"ReadAction\",\"target\":[\"https:\\\/\\\/amec.es\\\/ca\\\/actualitat\\\/entrevista-a-lambaixador-despanya-a-indonesia-lempresariat-no-esta-prestant-latencio-que-mereix-indonesia-ni-asia\\\/\"]}]},{\"@type\":\"ImageObject\",\"inLanguage\":\"ca\",\"@id\":\"https:\\\/\\\/amec.es\\\/ca\\\/actualitat\\\/entrevista-a-lambaixador-despanya-a-indonesia-lempresariat-no-esta-prestant-latencio-que-mereix-indonesia-ni-asia\\\/#primaryimage\",\"url\":\"https:\\\/\\\/amec.es\\\/wp-content\\\/uploads\\\/2023\\\/08\\\/icf.jpg\",\"contentUrl\":\"https:\\\/\\\/amec.es\\\/wp-content\\\/uploads\\\/2023\\\/08\\\/icf.jpg\",\"width\":380,\"height\":225},{\"@type\":\"BreadcrumbList\",\"@id\":\"https:\\\/\\\/amec.es\\\/ca\\\/actualitat\\\/entrevista-a-lambaixador-despanya-a-indonesia-lempresariat-no-esta-prestant-latencio-que-mereix-indonesia-ni-asia\\\/#breadcrumb\",\"itemListElement\":[{\"@type\":\"ListItem\",\"position\":1,\"name\":\"Portada\",\"item\":\"https:\\\/\\\/amec.es\\\/ca\\\/home-new\\\/\"},{\"@type\":\"ListItem\",\"position\":2,\"name\":\"Entrevista a l&#8217;ambaixador d&#8217;Espanya a Indon\u00e8sia: &#8220;L&#8217;empresariat no est\u00e0 prestant l&#8217;atenci\u00f3 que mereix Indon\u00e8sia ni \u00c0sia&#8221;\"}]},{\"@type\":\"WebSite\",\"@id\":\"https:\\\/\\\/amec.es\\\/#website\",\"url\":\"https:\\\/\\\/amec.es\\\/\",\"name\":\"amec Positive Industry\",\"description\":\"\",\"publisher\":{\"@id\":\"https:\\\/\\\/amec.es\\\/#organization\"},\"potentialAction\":[{\"@type\":\"SearchAction\",\"target\":{\"@type\":\"EntryPoint\",\"urlTemplate\":\"https:\\\/\\\/amec.es\\\/?s={search_term_string}\"},\"query-input\":{\"@type\":\"PropertyValueSpecification\",\"valueRequired\":true,\"valueName\":\"search_term_string\"}}],\"inLanguage\":\"ca\"},{\"@type\":\"Organization\",\"@id\":\"https:\\\/\\\/amec.es\\\/#organization\",\"name\":\"amec Positive Industry\",\"url\":\"https:\\\/\\\/amec.es\\\/\",\"logo\":{\"@type\":\"ImageObject\",\"inLanguage\":\"ca\",\"@id\":\"https:\\\/\\\/amec.es\\\/#\\\/schema\\\/logo\\\/image\\\/\",\"url\":\"https:\\\/\\\/amec.es\\\/wp-content\\\/uploads\\\/2023\\\/07\\\/logoamec.png\",\"contentUrl\":\"https:\\\/\\\/amec.es\\\/wp-content\\\/uploads\\\/2023\\\/07\\\/logoamec.png\",\"width\":200,\"height\":48,\"caption\":\"amec Positive Industry\"},\"image\":{\"@id\":\"https:\\\/\\\/amec.es\\\/#\\\/schema\\\/logo\\\/image\\\/\"}},{\"@type\":\"Person\",\"@id\":\"https:\\\/\\\/amec.es\\\/#\\\/schema\\\/person\\\/377e1e145733915506a55297ad2fc830\",\"name\":\"webmaster\",\"image\":{\"@type\":\"ImageObject\",\"inLanguage\":\"ca\",\"@id\":\"https:\\\/\\\/secure.gravatar.com\\\/avatar\\\/1122ff7c82efe2079ddb19cd256fc39ab150caee9b258eeae8928e7f703c39f3?s=96&d=mm&r=g\",\"url\":\"https:\\\/\\\/secure.gravatar.com\\\/avatar\\\/1122ff7c82efe2079ddb19cd256fc39ab150caee9b258eeae8928e7f703c39f3?s=96&d=mm&r=g\",\"contentUrl\":\"https:\\\/\\\/secure.gravatar.com\\\/avatar\\\/1122ff7c82efe2079ddb19cd256fc39ab150caee9b258eeae8928e7f703c39f3?s=96&d=mm&r=g\",\"caption\":\"webmaster\"}}]}<\/script>\n<!-- \/ Yoast SEO plugin. -->","yoast_head_json":{"title":"Entrevista a l'ambaixador d'Espanya a Indon\u00e8sia: \"L'empresariat no est\u00e0 prestant l'atenci\u00f3 que mereix Indon\u00e8sia ni \u00c0sia\" | amec Positive Industry","robots":{"index":"index","follow":"follow","max-snippet":"max-snippet:-1","max-image-preview":"max-image-preview:large","max-video-preview":"max-video-preview:-1"},"canonical":"https:\/\/amec.es\/ca\/actualitat\/entrevista-a-lambaixador-despanya-a-indonesia-lempresariat-no-esta-prestant-latencio-que-mereix-indonesia-ni-asia\/","og_locale":"ca_ES","og_type":"article","og_title":"Entrevista a l'ambaixador d'Espanya a Indon\u00e8sia: \"L'empresariat no est\u00e0 prestant l'atenci\u00f3 que mereix Indon\u00e8sia ni \u00c0sia\" | amec Positive Industry","og_description":"Indon\u00e8sia \u00e9s un dels pa\u00efsos m\u00e9s poblats de l&#8217;m\u00f3n, amb 270 milions de persones i una classe mitjana altament consumidora.\u00a0Entrevistem l&#8217;ambaixador d&#8217;Espanya a Indon\u00e8sia, Jos\u00e9 Mar\u00eda Matres Manso, tamb\u00e9 representant davant Timor Oriental i l&#8217;ASEAN,\u00a0que ens explica que el Govern indonesi, encap\u00e7alat pel president Joko Widodo (m\u00e9s conegut com Jokowi), popular per batre r\u00e8cords en [&hellip;]","og_url":"https:\/\/amec.es\/ca\/actualitat\/entrevista-a-lambaixador-despanya-a-indonesia-lempresariat-no-esta-prestant-latencio-que-mereix-indonesia-ni-asia\/","og_site_name":"amec Positive Industry","article_published_time":"2021-05-05T10:25:39+00:00","og_image":[{"width":380,"height":225,"url":"https:\/\/amec.es\/wp-content\/uploads\/2023\/08\/icf.jpg","type":"image\/jpeg"}],"author":"webmaster","twitter_card":"summary_large_image","twitter_misc":{"Escrit per":"webmaster","Temps estimat de lectura":"13 minuts"},"schema":{"@context":"https:\/\/schema.org","@graph":[{"@type":"Article","@id":"https:\/\/amec.es\/ca\/actualitat\/entrevista-a-lambaixador-despanya-a-indonesia-lempresariat-no-esta-prestant-latencio-que-mereix-indonesia-ni-asia\/#article","isPartOf":{"@id":"https:\/\/amec.es\/ca\/actualitat\/entrevista-a-lambaixador-despanya-a-indonesia-lempresariat-no-esta-prestant-latencio-que-mereix-indonesia-ni-asia\/"},"author":{"name":"webmaster","@id":"https:\/\/amec.es\/#\/schema\/person\/377e1e145733915506a55297ad2fc830"},"headline":"Entrevista a l&#8217;ambaixador d&#8217;Espanya a Indon\u00e8sia: &#8220;L&#8217;empresariat no est\u00e0 prestant l&#8217;atenci\u00f3 que mereix Indon\u00e8sia ni \u00c0sia&#8221;","datePublished":"2021-05-05T10:25:39+00:00","mainEntityOfPage":{"@id":"https:\/\/amec.es\/ca\/actualitat\/entrevista-a-lambaixador-despanya-a-indonesia-lempresariat-no-esta-prestant-latencio-que-mereix-indonesia-ni-asia\/"},"wordCount":2738,"commentCount":0,"publisher":{"@id":"https:\/\/amec.es\/#organization"},"image":{"@id":"https:\/\/amec.es\/ca\/actualitat\/entrevista-a-lambaixador-despanya-a-indonesia-lempresariat-no-esta-prestant-latencio-que-mereix-indonesia-ni-asia\/#primaryimage"},"thumbnailUrl":"https:\/\/amec.es\/wp-content\/uploads\/2023\/08\/icf.jpg","articleSection":["Actualitat"],"inLanguage":"ca","potentialAction":[{"@type":"CommentAction","name":"Comment","target":["https:\/\/amec.es\/ca\/actualitat\/entrevista-a-lambaixador-despanya-a-indonesia-lempresariat-no-esta-prestant-latencio-que-mereix-indonesia-ni-asia\/#respond"]}]},{"@type":"WebPage","@id":"https:\/\/amec.es\/ca\/actualitat\/entrevista-a-lambaixador-despanya-a-indonesia-lempresariat-no-esta-prestant-latencio-que-mereix-indonesia-ni-asia\/","url":"https:\/\/amec.es\/ca\/actualitat\/entrevista-a-lambaixador-despanya-a-indonesia-lempresariat-no-esta-prestant-latencio-que-mereix-indonesia-ni-asia\/","name":"Entrevista a l'ambaixador d'Espanya a Indon\u00e8sia: \"L'empresariat no est\u00e0 prestant l'atenci\u00f3 que mereix Indon\u00e8sia ni \u00c0sia\" | amec Positive Industry","isPartOf":{"@id":"https:\/\/amec.es\/#website"},"primaryImageOfPage":{"@id":"https:\/\/amec.es\/ca\/actualitat\/entrevista-a-lambaixador-despanya-a-indonesia-lempresariat-no-esta-prestant-latencio-que-mereix-indonesia-ni-asia\/#primaryimage"},"image":{"@id":"https:\/\/amec.es\/ca\/actualitat\/entrevista-a-lambaixador-despanya-a-indonesia-lempresariat-no-esta-prestant-latencio-que-mereix-indonesia-ni-asia\/#primaryimage"},"thumbnailUrl":"https:\/\/amec.es\/wp-content\/uploads\/2023\/08\/icf.jpg","datePublished":"2021-05-05T10:25:39+00:00","breadcrumb":{"@id":"https:\/\/amec.es\/ca\/actualitat\/entrevista-a-lambaixador-despanya-a-indonesia-lempresariat-no-esta-prestant-latencio-que-mereix-indonesia-ni-asia\/#breadcrumb"},"inLanguage":"ca","potentialAction":[{"@type":"ReadAction","target":["https:\/\/amec.es\/ca\/actualitat\/entrevista-a-lambaixador-despanya-a-indonesia-lempresariat-no-esta-prestant-latencio-que-mereix-indonesia-ni-asia\/"]}]},{"@type":"ImageObject","inLanguage":"ca","@id":"https:\/\/amec.es\/ca\/actualitat\/entrevista-a-lambaixador-despanya-a-indonesia-lempresariat-no-esta-prestant-latencio-que-mereix-indonesia-ni-asia\/#primaryimage","url":"https:\/\/amec.es\/wp-content\/uploads\/2023\/08\/icf.jpg","contentUrl":"https:\/\/amec.es\/wp-content\/uploads\/2023\/08\/icf.jpg","width":380,"height":225},{"@type":"BreadcrumbList","@id":"https:\/\/amec.es\/ca\/actualitat\/entrevista-a-lambaixador-despanya-a-indonesia-lempresariat-no-esta-prestant-latencio-que-mereix-indonesia-ni-asia\/#breadcrumb","itemListElement":[{"@type":"ListItem","position":1,"name":"Portada","item":"https:\/\/amec.es\/ca\/home-new\/"},{"@type":"ListItem","position":2,"name":"Entrevista a l&#8217;ambaixador d&#8217;Espanya a Indon\u00e8sia: &#8220;L&#8217;empresariat no est\u00e0 prestant l&#8217;atenci\u00f3 que mereix Indon\u00e8sia ni \u00c0sia&#8221;"}]},{"@type":"WebSite","@id":"https:\/\/amec.es\/#website","url":"https:\/\/amec.es\/","name":"amec Positive Industry","description":"","publisher":{"@id":"https:\/\/amec.es\/#organization"},"potentialAction":[{"@type":"SearchAction","target":{"@type":"EntryPoint","urlTemplate":"https:\/\/amec.es\/?s={search_term_string}"},"query-input":{"@type":"PropertyValueSpecification","valueRequired":true,"valueName":"search_term_string"}}],"inLanguage":"ca"},{"@type":"Organization","@id":"https:\/\/amec.es\/#organization","name":"amec Positive Industry","url":"https:\/\/amec.es\/","logo":{"@type":"ImageObject","inLanguage":"ca","@id":"https:\/\/amec.es\/#\/schema\/logo\/image\/","url":"https:\/\/amec.es\/wp-content\/uploads\/2023\/07\/logoamec.png","contentUrl":"https:\/\/amec.es\/wp-content\/uploads\/2023\/07\/logoamec.png","width":200,"height":48,"caption":"amec Positive Industry"},"image":{"@id":"https:\/\/amec.es\/#\/schema\/logo\/image\/"}},{"@type":"Person","@id":"https:\/\/amec.es\/#\/schema\/person\/377e1e145733915506a55297ad2fc830","name":"webmaster","image":{"@type":"ImageObject","inLanguage":"ca","@id":"https:\/\/secure.gravatar.com\/avatar\/1122ff7c82efe2079ddb19cd256fc39ab150caee9b258eeae8928e7f703c39f3?s=96&d=mm&r=g","url":"https:\/\/secure.gravatar.com\/avatar\/1122ff7c82efe2079ddb19cd256fc39ab150caee9b258eeae8928e7f703c39f3?s=96&d=mm&r=g","contentUrl":"https:\/\/secure.gravatar.com\/avatar\/1122ff7c82efe2079ddb19cd256fc39ab150caee9b258eeae8928e7f703c39f3?s=96&d=mm&r=g","caption":"webmaster"}}]}},"_links":{"self":[{"href":"https:\/\/amec.es\/ca\/wp-json\/wp\/v2\/posts\/6453","targetHints":{"allow":["GET"]}}],"collection":[{"href":"https:\/\/amec.es\/ca\/wp-json\/wp\/v2\/posts"}],"about":[{"href":"https:\/\/amec.es\/ca\/wp-json\/wp\/v2\/types\/post"}],"author":[{"embeddable":true,"href":"https:\/\/amec.es\/ca\/wp-json\/wp\/v2\/users\/1"}],"replies":[{"embeddable":true,"href":"https:\/\/amec.es\/ca\/wp-json\/wp\/v2\/comments?post=6453"}],"version-history":[{"count":0,"href":"https:\/\/amec.es\/ca\/wp-json\/wp\/v2\/posts\/6453\/revisions"}],"wp:featuredmedia":[{"embeddable":true,"href":"https:\/\/amec.es\/ca\/wp-json\/wp\/v2\/media\/4751"}],"wp:attachment":[{"href":"https:\/\/amec.es\/ca\/wp-json\/wp\/v2\/media?parent=6453"}],"wp:term":[{"taxonomy":"category","embeddable":true,"href":"https:\/\/amec.es\/ca\/wp-json\/wp\/v2\/categories?post=6453"},{"taxonomy":"post_tag","embeddable":true,"href":"https:\/\/amec.es\/ca\/wp-json\/wp\/v2\/tags?post=6453"}],"curies":[{"name":"wp","href":"https:\/\/api.w.org\/{rel}","templated":true}]}}