{"id":6463,"date":"2021-06-22T06:25:33","date_gmt":"2021-06-22T06:25:33","guid":{"rendered":"https:\/\/wecreatedesign.co\/dev\/WP\/amec\/?p=4324"},"modified":"2021-06-22T06:25:33","modified_gmt":"2021-06-22T06:25:33","slug":"amec-publica-lindex-de-solidesa-de-la-internacionalitzacio-de-leconomia-espanyola-2020","status":"publish","type":"post","link":"https:\/\/amec.es\/ca\/ultimes-publicacions\/amec-publica-lindex-de-solidesa-de-la-internacionalitzacio-de-leconomia-espanyola-2020\/","title":{"rendered":"amec publica l&#8217;\u00cdndex de Solidesa de la Internacionalitzaci\u00f3 de l&#8217;economia espanyola 2020"},"content":{"rendered":"<p><em><strong>amec<\/strong><\/em>\u00a0ha publicat avui l&#8217;\u00cdndex de Solidesa de la Internacionalitzaci\u00f3 (ISI) 2020. Aquest \u00edndex situa la solidesa de la internacionalitzaci\u00f3 en els\u00a0<strong>7,006<\/strong>\u00a0punts sobre 10.<br \/>\nL&#8217;ISI, \u00edndex creat per\u00a0<strong><em>amec<\/em><\/strong>\u00a0el 2015 i que s&#8217;actualitza cada any, t\u00e9 com a objectiu recollir de forma sint\u00e8tica la fortalesa i la robustesa de la internacionalitzaci\u00f3 i observar l&#8217;evoluci\u00f3 de la mateixa. Anteriorment, la internacionalitzaci\u00f3 s&#8217;havia mesurat de forma separada a partir d&#8217;aspectes com el volum d&#8217;exportacions, la diversificaci\u00f3 de les destinacions, el nombre d&#8217;empreses exportadores o el nivell tecnol\u00f2gic de les exportacions. Per\u00f2 faltava una visi\u00f3 global, un \u00edndex sist\u00e8mic. D&#8217;aquesta manera, l&#8217;ISI avalua un total de 19 indicadors, com el nombre d&#8217;empreses exportadores regulars i de les implantades a l&#8217;exterior, la concentraci\u00f3 empresarial i sectorial de les exportacions, les pimes exportadores, la variaci\u00f3 de les exportacions, el pes de aquestes en el PIB, la quota de les exportacions mundials, la inversi\u00f3 a l&#8217;exterior i la inversi\u00f3 estrangera, la diversificaci\u00f3 geogr\u00e0fica de les exportacions i de la inversi\u00f3, el nivell tecnol\u00f2gic de les exportacions, la variaci\u00f3 de preus d&#8217;aquestes, la participaci\u00f3 en les cadenes de valor internacionals, els instruments financers per a la internacionalitzaci\u00f3, els establiments a l&#8217;exterior, el pressupost p\u00fablic per a la internacionalitzaci\u00f3 i les barreres a l&#8217;exportaci\u00f3.<br \/>\nAquest informe \u00e9s p\u00fablic. Sol\u00b7licita&#8217;l<a href=\"https:\/\/www.amec.es\/observatorio\/estudios-y-publicaciones.htm\" data-href=\"https:\/\/www.amec.es\/observatorio\/estudios-y-publicaciones.htm\">\u00a0aqu\u00ed<\/a><\/p>\n","protected":false},"excerpt":{"rendered":"<p>amec\u00a0ha publicat avui l&#8217;\u00cdndex de Solidesa de la Internacionalitzaci\u00f3 (ISI) 2020. Aquest \u00edndex situa la solidesa de la internacionalitzaci\u00f3 en els\u00a07,006\u00a0punts sobre 10. L&#8217;ISI, \u00edndex creat per\u00a0amec\u00a0el 2015 i que s&#8217;actualitza cada any, t\u00e9 com a objectiu recollir de forma sint\u00e8tica la fortalesa i la robustesa de la internacionalitzaci\u00f3 i observar l&#8217;evoluci\u00f3 de la mateixa. [&hellip;]<\/p>\n","protected":false},"author":1,"featured_media":4325,"comment_status":"open","ping_status":"open","sticky":false,"template":"","format":"standard","meta":{"inline_featured_image":false,"footnotes":""},"categories":[26],"tags":[],"class_list":["post-6463","post","type-post","status-publish","format-standard","has-post-thumbnail","hentry","category-ultimes-publicacions"],"yoast_head":"<!-- This site is optimized with the Yoast SEO plugin v27.3 - https:\/\/yoast.com\/product\/yoast-seo-wordpress\/ -->\n<title>amec publica l&#039;\u00cdndex de Solidesa de la Internacionalitzaci\u00f3 de l&#039;economia espanyola 2020 | amec Positive Industry<\/title>\n<meta name=\"robots\" content=\"index, follow, max-snippet:-1, max-image-preview:large, max-video-preview:-1\" \/>\n<link rel=\"canonical\" href=\"https:\/\/amec.es\/ca\/ultimes-publicacions\/amec-publica-lindex-de-solidesa-de-la-internacionalitzacio-de-leconomia-espanyola-2020\/\" \/>\n<meta property=\"og:locale\" content=\"ca_ES\" \/>\n<meta property=\"og:type\" content=\"article\" \/>\n<meta property=\"og:title\" content=\"amec publica l&#039;\u00cdndex de Solidesa de la Internacionalitzaci\u00f3 de l&#039;economia espanyola 2020 | amec Positive Industry\" \/>\n<meta property=\"og:description\" content=\"amec\u00a0ha publicat avui l&#8217;\u00cdndex de Solidesa de la Internacionalitzaci\u00f3 (ISI) 2020. Aquest \u00edndex situa la solidesa de la internacionalitzaci\u00f3 en els\u00a07,006\u00a0punts sobre 10. L&#8217;ISI, \u00edndex creat per\u00a0amec\u00a0el 2015 i que s&#8217;actualitza cada any, t\u00e9 com a objectiu recollir de forma sint\u00e8tica la fortalesa i la robustesa de la internacionalitzaci\u00f3 i observar l&#8217;evoluci\u00f3 de la mateixa. [&hellip;]\" \/>\n<meta property=\"og:url\" content=\"https:\/\/amec.es\/ca\/ultimes-publicacions\/amec-publica-lindex-de-solidesa-de-la-internacionalitzacio-de-leconomia-espanyola-2020\/\" \/>\n<meta property=\"og:site_name\" content=\"amec Positive Industry\" \/>\n<meta property=\"article:published_time\" content=\"2021-06-22T06:25:33+00:00\" \/>\n<meta property=\"og:image\" content=\"https:\/\/amec.es\/wp-content\/uploads\/2024\/02\/Logo_AMEC.png\" \/>\n\t<meta property=\"og:image:width\" content=\"1827\" \/>\n\t<meta property=\"og:image:height\" content=\"438\" \/>\n\t<meta property=\"og:image:type\" content=\"image\/png\" \/>\n<meta name=\"author\" content=\"webmaster\" \/>\n<meta name=\"twitter:card\" content=\"summary_large_image\" \/>\n<meta name=\"twitter:label1\" content=\"Escrit per\" \/>\n\t<meta name=\"twitter:data1\" content=\"webmaster\" \/>\n\t<meta name=\"twitter:label2\" content=\"Temps estimat de lectura\" \/>\n\t<meta name=\"twitter:data2\" content=\"1 minut\" \/>\n<script type=\"application\/ld+json\" class=\"yoast-schema-graph\">{\"@context\":\"https:\\\/\\\/schema.org\",\"@graph\":[{\"@type\":\"Article\",\"@id\":\"https:\\\/\\\/amec.es\\\/ca\\\/ultimes-publicacions\\\/amec-publica-lindex-de-solidesa-de-la-internacionalitzacio-de-leconomia-espanyola-2020\\\/#article\",\"isPartOf\":{\"@id\":\"https:\\\/\\\/amec.es\\\/ca\\\/ultimes-publicacions\\\/amec-publica-lindex-de-solidesa-de-la-internacionalitzacio-de-leconomia-espanyola-2020\\\/\"},\"author\":{\"name\":\"webmaster\",\"@id\":\"https:\\\/\\\/amec.es\\\/#\\\/schema\\\/person\\\/377e1e145733915506a55297ad2fc830\"},\"headline\":\"amec publica l&#8217;\u00cdndex de Solidesa de la Internacionalitzaci\u00f3 de l&#8217;economia espanyola 2020\",\"datePublished\":\"2021-06-22T06:25:33+00:00\",\"mainEntityOfPage\":{\"@id\":\"https:\\\/\\\/amec.es\\\/ca\\\/ultimes-publicacions\\\/amec-publica-lindex-de-solidesa-de-la-internacionalitzacio-de-leconomia-espanyola-2020\\\/\"},\"wordCount\":248,\"commentCount\":0,\"publisher\":{\"@id\":\"https:\\\/\\\/amec.es\\\/#organization\"},\"image\":{\"@id\":\"https:\\\/\\\/amec.es\\\/ca\\\/ultimes-publicacions\\\/amec-publica-lindex-de-solidesa-de-la-internacionalitzacio-de-leconomia-espanyola-2020\\\/#primaryimage\"},\"thumbnailUrl\":\"\",\"articleSection\":[\"\u00daltimes publicacions\"],\"inLanguage\":\"ca\",\"potentialAction\":[{\"@type\":\"CommentAction\",\"name\":\"Comment\",\"target\":[\"https:\\\/\\\/amec.es\\\/ca\\\/ultimes-publicacions\\\/amec-publica-lindex-de-solidesa-de-la-internacionalitzacio-de-leconomia-espanyola-2020\\\/#respond\"]}]},{\"@type\":\"WebPage\",\"@id\":\"https:\\\/\\\/amec.es\\\/ca\\\/ultimes-publicacions\\\/amec-publica-lindex-de-solidesa-de-la-internacionalitzacio-de-leconomia-espanyola-2020\\\/\",\"url\":\"https:\\\/\\\/amec.es\\\/ca\\\/ultimes-publicacions\\\/amec-publica-lindex-de-solidesa-de-la-internacionalitzacio-de-leconomia-espanyola-2020\\\/\",\"name\":\"amec publica l'\u00cdndex de Solidesa de la Internacionalitzaci\u00f3 de l'economia espanyola 2020 | amec Positive Industry\",\"isPartOf\":{\"@id\":\"https:\\\/\\\/amec.es\\\/#website\"},\"primaryImageOfPage\":{\"@id\":\"https:\\\/\\\/amec.es\\\/ca\\\/ultimes-publicacions\\\/amec-publica-lindex-de-solidesa-de-la-internacionalitzacio-de-leconomia-espanyola-2020\\\/#primaryimage\"},\"image\":{\"@id\":\"https:\\\/\\\/amec.es\\\/ca\\\/ultimes-publicacions\\\/amec-publica-lindex-de-solidesa-de-la-internacionalitzacio-de-leconomia-espanyola-2020\\\/#primaryimage\"},\"thumbnailUrl\":\"\",\"datePublished\":\"2021-06-22T06:25:33+00:00\",\"breadcrumb\":{\"@id\":\"https:\\\/\\\/amec.es\\\/ca\\\/ultimes-publicacions\\\/amec-publica-lindex-de-solidesa-de-la-internacionalitzacio-de-leconomia-espanyola-2020\\\/#breadcrumb\"},\"inLanguage\":\"ca\",\"potentialAction\":[{\"@type\":\"ReadAction\",\"target\":[\"https:\\\/\\\/amec.es\\\/ca\\\/ultimes-publicacions\\\/amec-publica-lindex-de-solidesa-de-la-internacionalitzacio-de-leconomia-espanyola-2020\\\/\"]}]},{\"@type\":\"ImageObject\",\"inLanguage\":\"ca\",\"@id\":\"https:\\\/\\\/amec.es\\\/ca\\\/ultimes-publicacions\\\/amec-publica-lindex-de-solidesa-de-la-internacionalitzacio-de-leconomia-espanyola-2020\\\/#primaryimage\",\"url\":\"\",\"contentUrl\":\"\"},{\"@type\":\"BreadcrumbList\",\"@id\":\"https:\\\/\\\/amec.es\\\/ca\\\/ultimes-publicacions\\\/amec-publica-lindex-de-solidesa-de-la-internacionalitzacio-de-leconomia-espanyola-2020\\\/#breadcrumb\",\"itemListElement\":[{\"@type\":\"ListItem\",\"position\":1,\"name\":\"Portada\",\"item\":\"https:\\\/\\\/amec.es\\\/ca\\\/home-new\\\/\"},{\"@type\":\"ListItem\",\"position\":2,\"name\":\"amec publica l&#8217;\u00cdndex de Solidesa de la Internacionalitzaci\u00f3 de l&#8217;economia espanyola 2020\"}]},{\"@type\":\"WebSite\",\"@id\":\"https:\\\/\\\/amec.es\\\/#website\",\"url\":\"https:\\\/\\\/amec.es\\\/\",\"name\":\"amec Positive Industry\",\"description\":\"\",\"publisher\":{\"@id\":\"https:\\\/\\\/amec.es\\\/#organization\"},\"potentialAction\":[{\"@type\":\"SearchAction\",\"target\":{\"@type\":\"EntryPoint\",\"urlTemplate\":\"https:\\\/\\\/amec.es\\\/?s={search_term_string}\"},\"query-input\":{\"@type\":\"PropertyValueSpecification\",\"valueRequired\":true,\"valueName\":\"search_term_string\"}}],\"inLanguage\":\"ca\"},{\"@type\":\"Organization\",\"@id\":\"https:\\\/\\\/amec.es\\\/#organization\",\"name\":\"amec Positive Industry\",\"url\":\"https:\\\/\\\/amec.es\\\/\",\"logo\":{\"@type\":\"ImageObject\",\"inLanguage\":\"ca\",\"@id\":\"https:\\\/\\\/amec.es\\\/#\\\/schema\\\/logo\\\/image\\\/\",\"url\":\"https:\\\/\\\/amec.es\\\/wp-content\\\/uploads\\\/2023\\\/07\\\/logoamec.png\",\"contentUrl\":\"https:\\\/\\\/amec.es\\\/wp-content\\\/uploads\\\/2023\\\/07\\\/logoamec.png\",\"width\":200,\"height\":48,\"caption\":\"amec Positive Industry\"},\"image\":{\"@id\":\"https:\\\/\\\/amec.es\\\/#\\\/schema\\\/logo\\\/image\\\/\"}},{\"@type\":\"Person\",\"@id\":\"https:\\\/\\\/amec.es\\\/#\\\/schema\\\/person\\\/377e1e145733915506a55297ad2fc830\",\"name\":\"webmaster\",\"image\":{\"@type\":\"ImageObject\",\"inLanguage\":\"ca\",\"@id\":\"https:\\\/\\\/secure.gravatar.com\\\/avatar\\\/1122ff7c82efe2079ddb19cd256fc39ab150caee9b258eeae8928e7f703c39f3?s=96&d=mm&r=g\",\"url\":\"https:\\\/\\\/secure.gravatar.com\\\/avatar\\\/1122ff7c82efe2079ddb19cd256fc39ab150caee9b258eeae8928e7f703c39f3?s=96&d=mm&r=g\",\"contentUrl\":\"https:\\\/\\\/secure.gravatar.com\\\/avatar\\\/1122ff7c82efe2079ddb19cd256fc39ab150caee9b258eeae8928e7f703c39f3?s=96&d=mm&r=g\",\"caption\":\"webmaster\"}}]}<\/script>\n<!-- \/ Yoast SEO plugin. -->","yoast_head_json":{"title":"amec publica l'\u00cdndex de Solidesa de la Internacionalitzaci\u00f3 de l'economia espanyola 2020 | amec Positive Industry","robots":{"index":"index","follow":"follow","max-snippet":"max-snippet:-1","max-image-preview":"max-image-preview:large","max-video-preview":"max-video-preview:-1"},"canonical":"https:\/\/amec.es\/ca\/ultimes-publicacions\/amec-publica-lindex-de-solidesa-de-la-internacionalitzacio-de-leconomia-espanyola-2020\/","og_locale":"ca_ES","og_type":"article","og_title":"amec publica l'\u00cdndex de Solidesa de la Internacionalitzaci\u00f3 de l'economia espanyola 2020 | amec Positive Industry","og_description":"amec\u00a0ha publicat avui l&#8217;\u00cdndex de Solidesa de la Internacionalitzaci\u00f3 (ISI) 2020. Aquest \u00edndex situa la solidesa de la internacionalitzaci\u00f3 en els\u00a07,006\u00a0punts sobre 10. L&#8217;ISI, \u00edndex creat per\u00a0amec\u00a0el 2015 i que s&#8217;actualitza cada any, t\u00e9 com a objectiu recollir de forma sint\u00e8tica la fortalesa i la robustesa de la internacionalitzaci\u00f3 i observar l&#8217;evoluci\u00f3 de la mateixa. [&hellip;]","og_url":"https:\/\/amec.es\/ca\/ultimes-publicacions\/amec-publica-lindex-de-solidesa-de-la-internacionalitzacio-de-leconomia-espanyola-2020\/","og_site_name":"amec Positive Industry","article_published_time":"2021-06-22T06:25:33+00:00","og_image":[{"width":1827,"height":438,"url":"https:\/\/amec.es\/wp-content\/uploads\/2024\/02\/Logo_AMEC.png","type":"image\/png"}],"author":"webmaster","twitter_card":"summary_large_image","twitter_misc":{"Escrit per":"webmaster","Temps estimat de lectura":"1 minut"},"schema":{"@context":"https:\/\/schema.org","@graph":[{"@type":"Article","@id":"https:\/\/amec.es\/ca\/ultimes-publicacions\/amec-publica-lindex-de-solidesa-de-la-internacionalitzacio-de-leconomia-espanyola-2020\/#article","isPartOf":{"@id":"https:\/\/amec.es\/ca\/ultimes-publicacions\/amec-publica-lindex-de-solidesa-de-la-internacionalitzacio-de-leconomia-espanyola-2020\/"},"author":{"name":"webmaster","@id":"https:\/\/amec.es\/#\/schema\/person\/377e1e145733915506a55297ad2fc830"},"headline":"amec publica l&#8217;\u00cdndex de Solidesa de la Internacionalitzaci\u00f3 de l&#8217;economia espanyola 2020","datePublished":"2021-06-22T06:25:33+00:00","mainEntityOfPage":{"@id":"https:\/\/amec.es\/ca\/ultimes-publicacions\/amec-publica-lindex-de-solidesa-de-la-internacionalitzacio-de-leconomia-espanyola-2020\/"},"wordCount":248,"commentCount":0,"publisher":{"@id":"https:\/\/amec.es\/#organization"},"image":{"@id":"https:\/\/amec.es\/ca\/ultimes-publicacions\/amec-publica-lindex-de-solidesa-de-la-internacionalitzacio-de-leconomia-espanyola-2020\/#primaryimage"},"thumbnailUrl":"","articleSection":["\u00daltimes publicacions"],"inLanguage":"ca","potentialAction":[{"@type":"CommentAction","name":"Comment","target":["https:\/\/amec.es\/ca\/ultimes-publicacions\/amec-publica-lindex-de-solidesa-de-la-internacionalitzacio-de-leconomia-espanyola-2020\/#respond"]}]},{"@type":"WebPage","@id":"https:\/\/amec.es\/ca\/ultimes-publicacions\/amec-publica-lindex-de-solidesa-de-la-internacionalitzacio-de-leconomia-espanyola-2020\/","url":"https:\/\/amec.es\/ca\/ultimes-publicacions\/amec-publica-lindex-de-solidesa-de-la-internacionalitzacio-de-leconomia-espanyola-2020\/","name":"amec publica l'\u00cdndex de Solidesa de la Internacionalitzaci\u00f3 de l'economia espanyola 2020 | amec Positive Industry","isPartOf":{"@id":"https:\/\/amec.es\/#website"},"primaryImageOfPage":{"@id":"https:\/\/amec.es\/ca\/ultimes-publicacions\/amec-publica-lindex-de-solidesa-de-la-internacionalitzacio-de-leconomia-espanyola-2020\/#primaryimage"},"image":{"@id":"https:\/\/amec.es\/ca\/ultimes-publicacions\/amec-publica-lindex-de-solidesa-de-la-internacionalitzacio-de-leconomia-espanyola-2020\/#primaryimage"},"thumbnailUrl":"","datePublished":"2021-06-22T06:25:33+00:00","breadcrumb":{"@id":"https:\/\/amec.es\/ca\/ultimes-publicacions\/amec-publica-lindex-de-solidesa-de-la-internacionalitzacio-de-leconomia-espanyola-2020\/#breadcrumb"},"inLanguage":"ca","potentialAction":[{"@type":"ReadAction","target":["https:\/\/amec.es\/ca\/ultimes-publicacions\/amec-publica-lindex-de-solidesa-de-la-internacionalitzacio-de-leconomia-espanyola-2020\/"]}]},{"@type":"ImageObject","inLanguage":"ca","@id":"https:\/\/amec.es\/ca\/ultimes-publicacions\/amec-publica-lindex-de-solidesa-de-la-internacionalitzacio-de-leconomia-espanyola-2020\/#primaryimage","url":"","contentUrl":""},{"@type":"BreadcrumbList","@id":"https:\/\/amec.es\/ca\/ultimes-publicacions\/amec-publica-lindex-de-solidesa-de-la-internacionalitzacio-de-leconomia-espanyola-2020\/#breadcrumb","itemListElement":[{"@type":"ListItem","position":1,"name":"Portada","item":"https:\/\/amec.es\/ca\/home-new\/"},{"@type":"ListItem","position":2,"name":"amec publica l&#8217;\u00cdndex de Solidesa de la Internacionalitzaci\u00f3 de l&#8217;economia espanyola 2020"}]},{"@type":"WebSite","@id":"https:\/\/amec.es\/#website","url":"https:\/\/amec.es\/","name":"amec Positive Industry","description":"","publisher":{"@id":"https:\/\/amec.es\/#organization"},"potentialAction":[{"@type":"SearchAction","target":{"@type":"EntryPoint","urlTemplate":"https:\/\/amec.es\/?s={search_term_string}"},"query-input":{"@type":"PropertyValueSpecification","valueRequired":true,"valueName":"search_term_string"}}],"inLanguage":"ca"},{"@type":"Organization","@id":"https:\/\/amec.es\/#organization","name":"amec Positive Industry","url":"https:\/\/amec.es\/","logo":{"@type":"ImageObject","inLanguage":"ca","@id":"https:\/\/amec.es\/#\/schema\/logo\/image\/","url":"https:\/\/amec.es\/wp-content\/uploads\/2023\/07\/logoamec.png","contentUrl":"https:\/\/amec.es\/wp-content\/uploads\/2023\/07\/logoamec.png","width":200,"height":48,"caption":"amec Positive Industry"},"image":{"@id":"https:\/\/amec.es\/#\/schema\/logo\/image\/"}},{"@type":"Person","@id":"https:\/\/amec.es\/#\/schema\/person\/377e1e145733915506a55297ad2fc830","name":"webmaster","image":{"@type":"ImageObject","inLanguage":"ca","@id":"https:\/\/secure.gravatar.com\/avatar\/1122ff7c82efe2079ddb19cd256fc39ab150caee9b258eeae8928e7f703c39f3?s=96&d=mm&r=g","url":"https:\/\/secure.gravatar.com\/avatar\/1122ff7c82efe2079ddb19cd256fc39ab150caee9b258eeae8928e7f703c39f3?s=96&d=mm&r=g","contentUrl":"https:\/\/secure.gravatar.com\/avatar\/1122ff7c82efe2079ddb19cd256fc39ab150caee9b258eeae8928e7f703c39f3?s=96&d=mm&r=g","caption":"webmaster"}}]}},"_links":{"self":[{"href":"https:\/\/amec.es\/ca\/wp-json\/wp\/v2\/posts\/6463","targetHints":{"allow":["GET"]}}],"collection":[{"href":"https:\/\/amec.es\/ca\/wp-json\/wp\/v2\/posts"}],"about":[{"href":"https:\/\/amec.es\/ca\/wp-json\/wp\/v2\/types\/post"}],"author":[{"embeddable":true,"href":"https:\/\/amec.es\/ca\/wp-json\/wp\/v2\/users\/1"}],"replies":[{"embeddable":true,"href":"https:\/\/amec.es\/ca\/wp-json\/wp\/v2\/comments?post=6463"}],"version-history":[{"count":0,"href":"https:\/\/amec.es\/ca\/wp-json\/wp\/v2\/posts\/6463\/revisions"}],"wp:featuredmedia":[{"embeddable":true,"href":"https:\/\/amec.es\/ca\/wp-json\/"}],"wp:attachment":[{"href":"https:\/\/amec.es\/ca\/wp-json\/wp\/v2\/media?parent=6463"}],"wp:term":[{"taxonomy":"category","embeddable":true,"href":"https:\/\/amec.es\/ca\/wp-json\/wp\/v2\/categories?post=6463"},{"taxonomy":"post_tag","embeddable":true,"href":"https:\/\/amec.es\/ca\/wp-json\/wp\/v2\/tags?post=6463"}],"curies":[{"name":"wp","href":"https:\/\/api.w.org\/{rel}","templated":true}]}}