{"id":6465,"date":"2021-06-15T07:10:20","date_gmt":"2021-06-15T07:10:20","guid":{"rendered":"https:\/\/wecreatedesign.co\/dev\/WP\/amec\/?p=4392"},"modified":"2021-06-15T07:10:20","modified_gmt":"2021-06-15T07:10:20","slug":"el-director-general-damec-debat-a-imex-madrid-sobre-el-paper-de-la-industria-internacionalitzada","status":"publish","type":"post","link":"https:\/\/amec.es\/ca\/croniques\/el-director-general-damec-debat-a-imex-madrid-sobre-el-paper-de-la-industria-internacionalitzada\/","title":{"rendered":"El director general d&#8217;amec debat a IMEX-Madrid sobre el paper de la ind\u00fastria internacionalitzada"},"content":{"rendered":"<p>El sector exterior \u00e9s fonamental per a la nostra economia i les empreses internacionalitzades tenen un paper molt rellevant. Aix\u00ed ho ha explicat el director general\u00a0<em><strong>d&#8217;amec,<\/strong><\/em>\u00a0Joan Tristany, que ha intervingut en la primera taula rodona d&#8217;aquest dimarts d&#8217;<a href=\"https:\/\/imexmadrid.com\/\" target=\"_blank\" rel=\"noopener\"><strong>IMEX-Madrid, la Setmana de la Internacionalitzaci\u00f3<\/strong><\/a>, per tractar sobre\u00a0<em>El paper de les empreses industrials internacionalitzades per al creixement de l&#8217;economia espanyola.<\/em>\u00a0Tristany ha compartit panell amb el\u00a0<strong>Vicepresident de CEOE i president del Instituto de Estudios Econ\u00f3micos, I\u00f1igo Fern\u00e1ndez,<\/strong>\u00a0el President del\u00a0<strong>Club de Exportadores e Inversores, Antonio Bonet;<\/strong>\u00a0el President de\u00a0<strong>CEAJE, Ferm\u00edn Albaladejo;<\/strong>\u00a0i amb\u00a0<strong>Fernando Lavi\u00f1a Richi<\/strong>\u00a0de\u00a0<strong>IMEX Impulso-Exterior\u00a0<\/strong>com a moderador.<\/p>\n<p>A m\u00e9s del seu important pes econ\u00f2mic,\u00a0<strong>&#8220;fins a una quarta part dels llocs de treball estan vinculats al comer\u00e7 exterior&#8221;<\/strong>, ha explicat el director general d&#8217;<em><strong>amec,<\/strong><\/em>\u00a0que ha recordat que en moments de crisi es converteix en el motor de l&#8217;economia, tal com ha passat un cop m\u00e9s amb l&#8217;arribada de la pand\u00e8mia. \u00c9s per aix\u00f2 que\u00a0<strong>&#8220;\u00e9s un element d&#8217;obertura, aporta resili\u00e8ncia i \u00e9s factor de progr\u00e9s&#8221;,<\/strong>\u00a0ha destacat.<\/p>\n<p>Per Tristany, les noves empreses neixen amb visi\u00f3 internacional. El mix d&#8217;empreses exportadores regulars en el cas espanyol \u00e9s similar a la de la resta de competidors europeus, tal com analitzen els experts de l&#8217;<strong>Observatori<\/strong>\u00a0<em><strong>amec<\/strong><\/em>\u00a0en l&#8217;elaboraci\u00f3 de l&#8217;Informe de la Solidesa de la Internacionalitzaci\u00f3 (ISI) de l&#8217;Economia espanyola, que es presentar\u00e0 a final de juny. Preguntat pels sectors que m\u00e9s han avan\u00e7at i la seva internacionalitzaci\u00f3, Tristany ha indicat que\u00a0<strong>&#8220;no es tracta tant de sectors sin\u00f3 de l&#8217;actitud de les empreses&#8221;,<\/strong>\u00a0com demostra que aquest any les empreses que m\u00e9s han crescut s\u00f3n en general les que exporten regularment .<\/p>\n<p>Ferm\u00edn Albadalejo ha afirmat que les empreses s&#8217;han modernitzat, i en la seva internacionalitzaci\u00f3 van m\u00e9s enll\u00e0 d&#8217;Am\u00e8rica Llatina, destinaci\u00f3 tradicional, i apunten cada vegada m\u00e9s a el conjunt de pa\u00efsos de l&#8217;OCDE i a el continent asi\u00e0tic. Antonio Bonet ha considerat que hi ha poques empreses exportadores regulars, i ha reclamat reformes estructurals i una menor pressi\u00f3 fiscal per a les empreses.\u00a0<strong>&#8220;Cada vegada hi ha m\u00e9s component tecnol\u00f2gic en les exportacions espanyoles, per\u00f2 encara competim per preu&#8221;,<\/strong>\u00a0ha afirmat. En la mateixa l\u00ednia, \u00cd\u00f1igo Fern\u00e1ndez ha reclamat que segueixin les reformes per afavorir el creixement i la concentraci\u00f3 d&#8217;empreses perqu\u00e8 puguin internacionalitzar-se.<\/p>\n<p>Precisament, el debat sobre si les empreses han de guanyar dimensi\u00f3 per internacionalitzar-se i competir a nivell global, que ha generat opinions diverses, centrar\u00e0 el\u00a0<a href=\"https:\/\/www.amec.es\/es\/observatorio\/forum.htm\" target=\"_blank\" rel=\"noopener\">F\u00f2rum\u00a0<em><strong>amec<\/strong><\/em>\u00a0que tindr\u00e0 lloc el 6 de juliol<\/a>\u00a0, i que comptar\u00e0 amb la participaci\u00f3 d&#8217;empreses que explicaran les seves experi\u00e8ncies i persones expertes en cadascun dels principals mercats internacionals.<\/p>\n","protected":false},"excerpt":{"rendered":"<p>El sector exterior \u00e9s fonamental per a la nostra economia i les empreses internacionalitzades tenen un paper molt rellevant. Aix\u00ed ho ha explicat el director general\u00a0d&#8217;amec,\u00a0Joan Tristany, que ha intervingut en la primera taula rodona d&#8217;aquest dimarts d&#8217;IMEX-Madrid, la Setmana de la Internacionalitzaci\u00f3, per tractar sobre\u00a0El paper de les empreses industrials internacionalitzades per al creixement [&hellip;]<\/p>\n","protected":false},"author":1,"featured_media":4395,"comment_status":"open","ping_status":"open","sticky":false,"template":"","format":"standard","meta":{"inline_featured_image":false,"footnotes":""},"categories":[30],"tags":[],"class_list":["post-6465","post","type-post","status-publish","format-standard","has-post-thumbnail","hentry","category-croniques"],"yoast_head":"<!-- This site is optimized with the Yoast SEO plugin v27.3 - https:\/\/yoast.com\/product\/yoast-seo-wordpress\/ -->\n<title>El director general d&#039;amec debat a IMEX-Madrid sobre el paper de la ind\u00fastria internacionalitzada | amec Positive Industry<\/title>\n<meta name=\"robots\" content=\"index, follow, max-snippet:-1, max-image-preview:large, max-video-preview:-1\" \/>\n<link rel=\"canonical\" href=\"https:\/\/amec.es\/ca\/croniques\/el-director-general-damec-debat-a-imex-madrid-sobre-el-paper-de-la-industria-internacionalitzada\/\" \/>\n<meta property=\"og:locale\" content=\"ca_ES\" \/>\n<meta property=\"og:type\" content=\"article\" \/>\n<meta property=\"og:title\" content=\"El director general d&#039;amec debat a IMEX-Madrid sobre el paper de la ind\u00fastria internacionalitzada | amec Positive Industry\" \/>\n<meta property=\"og:description\" content=\"El sector exterior \u00e9s fonamental per a la nostra economia i les empreses internacionalitzades tenen un paper molt rellevant. Aix\u00ed ho ha explicat el director general\u00a0d&#8217;amec,\u00a0Joan Tristany, que ha intervingut en la primera taula rodona d&#8217;aquest dimarts d&#8217;IMEX-Madrid, la Setmana de la Internacionalitzaci\u00f3, per tractar sobre\u00a0El paper de les empreses industrials internacionalitzades per al creixement [&hellip;]\" \/>\n<meta property=\"og:url\" content=\"https:\/\/amec.es\/ca\/croniques\/el-director-general-damec-debat-a-imex-madrid-sobre-el-paper-de-la-industria-internacionalitzada\/\" \/>\n<meta property=\"og:site_name\" content=\"amec Positive Industry\" \/>\n<meta property=\"article:published_time\" content=\"2021-06-15T07:10:20+00:00\" \/>\n<meta property=\"og:image\" content=\"https:\/\/amec.es\/wp-content\/uploads\/2024\/02\/Logo_AMEC.png\" \/>\n\t<meta property=\"og:image:width\" content=\"1827\" \/>\n\t<meta property=\"og:image:height\" content=\"438\" \/>\n\t<meta property=\"og:image:type\" content=\"image\/png\" \/>\n<meta name=\"author\" content=\"webmaster\" \/>\n<meta name=\"twitter:card\" content=\"summary_large_image\" \/>\n<meta name=\"twitter:label1\" content=\"Escrit per\" \/>\n\t<meta name=\"twitter:data1\" content=\"webmaster\" \/>\n\t<meta name=\"twitter:label2\" content=\"Temps estimat de lectura\" \/>\n\t<meta name=\"twitter:data2\" content=\"2 minuts\" \/>\n<script type=\"application\/ld+json\" class=\"yoast-schema-graph\">{\"@context\":\"https:\\\/\\\/schema.org\",\"@graph\":[{\"@type\":\"Article\",\"@id\":\"https:\\\/\\\/amec.es\\\/ca\\\/croniques\\\/el-director-general-damec-debat-a-imex-madrid-sobre-el-paper-de-la-industria-internacionalitzada\\\/#article\",\"isPartOf\":{\"@id\":\"https:\\\/\\\/amec.es\\\/ca\\\/croniques\\\/el-director-general-damec-debat-a-imex-madrid-sobre-el-paper-de-la-industria-internacionalitzada\\\/\"},\"author\":{\"name\":\"webmaster\",\"@id\":\"https:\\\/\\\/amec.es\\\/#\\\/schema\\\/person\\\/377e1e145733915506a55297ad2fc830\"},\"headline\":\"El director general d&#8217;amec debat a IMEX-Madrid sobre el paper de la ind\u00fastria internacionalitzada\",\"datePublished\":\"2021-06-15T07:10:20+00:00\",\"mainEntityOfPage\":{\"@id\":\"https:\\\/\\\/amec.es\\\/ca\\\/croniques\\\/el-director-general-damec-debat-a-imex-madrid-sobre-el-paper-de-la-industria-internacionalitzada\\\/\"},\"wordCount\":499,\"commentCount\":0,\"publisher\":{\"@id\":\"https:\\\/\\\/amec.es\\\/#organization\"},\"image\":{\"@id\":\"https:\\\/\\\/amec.es\\\/ca\\\/croniques\\\/el-director-general-damec-debat-a-imex-madrid-sobre-el-paper-de-la-industria-internacionalitzada\\\/#primaryimage\"},\"thumbnailUrl\":\"\",\"articleSection\":[\"Cr\u00f2niques\"],\"inLanguage\":\"ca\",\"potentialAction\":[{\"@type\":\"CommentAction\",\"name\":\"Comment\",\"target\":[\"https:\\\/\\\/amec.es\\\/ca\\\/croniques\\\/el-director-general-damec-debat-a-imex-madrid-sobre-el-paper-de-la-industria-internacionalitzada\\\/#respond\"]}]},{\"@type\":\"WebPage\",\"@id\":\"https:\\\/\\\/amec.es\\\/ca\\\/croniques\\\/el-director-general-damec-debat-a-imex-madrid-sobre-el-paper-de-la-industria-internacionalitzada\\\/\",\"url\":\"https:\\\/\\\/amec.es\\\/ca\\\/croniques\\\/el-director-general-damec-debat-a-imex-madrid-sobre-el-paper-de-la-industria-internacionalitzada\\\/\",\"name\":\"El director general d'amec debat a IMEX-Madrid sobre el paper de la ind\u00fastria internacionalitzada | amec Positive Industry\",\"isPartOf\":{\"@id\":\"https:\\\/\\\/amec.es\\\/#website\"},\"primaryImageOfPage\":{\"@id\":\"https:\\\/\\\/amec.es\\\/ca\\\/croniques\\\/el-director-general-damec-debat-a-imex-madrid-sobre-el-paper-de-la-industria-internacionalitzada\\\/#primaryimage\"},\"image\":{\"@id\":\"https:\\\/\\\/amec.es\\\/ca\\\/croniques\\\/el-director-general-damec-debat-a-imex-madrid-sobre-el-paper-de-la-industria-internacionalitzada\\\/#primaryimage\"},\"thumbnailUrl\":\"\",\"datePublished\":\"2021-06-15T07:10:20+00:00\",\"breadcrumb\":{\"@id\":\"https:\\\/\\\/amec.es\\\/ca\\\/croniques\\\/el-director-general-damec-debat-a-imex-madrid-sobre-el-paper-de-la-industria-internacionalitzada\\\/#breadcrumb\"},\"inLanguage\":\"ca\",\"potentialAction\":[{\"@type\":\"ReadAction\",\"target\":[\"https:\\\/\\\/amec.es\\\/ca\\\/croniques\\\/el-director-general-damec-debat-a-imex-madrid-sobre-el-paper-de-la-industria-internacionalitzada\\\/\"]}]},{\"@type\":\"ImageObject\",\"inLanguage\":\"ca\",\"@id\":\"https:\\\/\\\/amec.es\\\/ca\\\/croniques\\\/el-director-general-damec-debat-a-imex-madrid-sobre-el-paper-de-la-industria-internacionalitzada\\\/#primaryimage\",\"url\":\"\",\"contentUrl\":\"\"},{\"@type\":\"BreadcrumbList\",\"@id\":\"https:\\\/\\\/amec.es\\\/ca\\\/croniques\\\/el-director-general-damec-debat-a-imex-madrid-sobre-el-paper-de-la-industria-internacionalitzada\\\/#breadcrumb\",\"itemListElement\":[{\"@type\":\"ListItem\",\"position\":1,\"name\":\"Portada\",\"item\":\"https:\\\/\\\/amec.es\\\/ca\\\/home-new\\\/\"},{\"@type\":\"ListItem\",\"position\":2,\"name\":\"El director general d&#8217;amec debat a IMEX-Madrid sobre el paper de la ind\u00fastria internacionalitzada\"}]},{\"@type\":\"WebSite\",\"@id\":\"https:\\\/\\\/amec.es\\\/#website\",\"url\":\"https:\\\/\\\/amec.es\\\/\",\"name\":\"amec Positive Industry\",\"description\":\"\",\"publisher\":{\"@id\":\"https:\\\/\\\/amec.es\\\/#organization\"},\"potentialAction\":[{\"@type\":\"SearchAction\",\"target\":{\"@type\":\"EntryPoint\",\"urlTemplate\":\"https:\\\/\\\/amec.es\\\/?s={search_term_string}\"},\"query-input\":{\"@type\":\"PropertyValueSpecification\",\"valueRequired\":true,\"valueName\":\"search_term_string\"}}],\"inLanguage\":\"ca\"},{\"@type\":\"Organization\",\"@id\":\"https:\\\/\\\/amec.es\\\/#organization\",\"name\":\"amec Positive Industry\",\"url\":\"https:\\\/\\\/amec.es\\\/\",\"logo\":{\"@type\":\"ImageObject\",\"inLanguage\":\"ca\",\"@id\":\"https:\\\/\\\/amec.es\\\/#\\\/schema\\\/logo\\\/image\\\/\",\"url\":\"https:\\\/\\\/amec.es\\\/wp-content\\\/uploads\\\/2023\\\/07\\\/logoamec.png\",\"contentUrl\":\"https:\\\/\\\/amec.es\\\/wp-content\\\/uploads\\\/2023\\\/07\\\/logoamec.png\",\"width\":200,\"height\":48,\"caption\":\"amec Positive Industry\"},\"image\":{\"@id\":\"https:\\\/\\\/amec.es\\\/#\\\/schema\\\/logo\\\/image\\\/\"}},{\"@type\":\"Person\",\"@id\":\"https:\\\/\\\/amec.es\\\/#\\\/schema\\\/person\\\/377e1e145733915506a55297ad2fc830\",\"name\":\"webmaster\",\"image\":{\"@type\":\"ImageObject\",\"inLanguage\":\"ca\",\"@id\":\"https:\\\/\\\/secure.gravatar.com\\\/avatar\\\/1122ff7c82efe2079ddb19cd256fc39ab150caee9b258eeae8928e7f703c39f3?s=96&d=mm&r=g\",\"url\":\"https:\\\/\\\/secure.gravatar.com\\\/avatar\\\/1122ff7c82efe2079ddb19cd256fc39ab150caee9b258eeae8928e7f703c39f3?s=96&d=mm&r=g\",\"contentUrl\":\"https:\\\/\\\/secure.gravatar.com\\\/avatar\\\/1122ff7c82efe2079ddb19cd256fc39ab150caee9b258eeae8928e7f703c39f3?s=96&d=mm&r=g\",\"caption\":\"webmaster\"}}]}<\/script>\n<!-- \/ Yoast SEO plugin. -->","yoast_head_json":{"title":"El director general d'amec debat a IMEX-Madrid sobre el paper de la ind\u00fastria internacionalitzada | amec Positive Industry","robots":{"index":"index","follow":"follow","max-snippet":"max-snippet:-1","max-image-preview":"max-image-preview:large","max-video-preview":"max-video-preview:-1"},"canonical":"https:\/\/amec.es\/ca\/croniques\/el-director-general-damec-debat-a-imex-madrid-sobre-el-paper-de-la-industria-internacionalitzada\/","og_locale":"ca_ES","og_type":"article","og_title":"El director general d'amec debat a IMEX-Madrid sobre el paper de la ind\u00fastria internacionalitzada | amec Positive Industry","og_description":"El sector exterior \u00e9s fonamental per a la nostra economia i les empreses internacionalitzades tenen un paper molt rellevant. Aix\u00ed ho ha explicat el director general\u00a0d&#8217;amec,\u00a0Joan Tristany, que ha intervingut en la primera taula rodona d&#8217;aquest dimarts d&#8217;IMEX-Madrid, la Setmana de la Internacionalitzaci\u00f3, per tractar sobre\u00a0El paper de les empreses industrials internacionalitzades per al creixement [&hellip;]","og_url":"https:\/\/amec.es\/ca\/croniques\/el-director-general-damec-debat-a-imex-madrid-sobre-el-paper-de-la-industria-internacionalitzada\/","og_site_name":"amec Positive Industry","article_published_time":"2021-06-15T07:10:20+00:00","og_image":[{"width":1827,"height":438,"url":"https:\/\/amec.es\/wp-content\/uploads\/2024\/02\/Logo_AMEC.png","type":"image\/png"}],"author":"webmaster","twitter_card":"summary_large_image","twitter_misc":{"Escrit per":"webmaster","Temps estimat de lectura":"2 minuts"},"schema":{"@context":"https:\/\/schema.org","@graph":[{"@type":"Article","@id":"https:\/\/amec.es\/ca\/croniques\/el-director-general-damec-debat-a-imex-madrid-sobre-el-paper-de-la-industria-internacionalitzada\/#article","isPartOf":{"@id":"https:\/\/amec.es\/ca\/croniques\/el-director-general-damec-debat-a-imex-madrid-sobre-el-paper-de-la-industria-internacionalitzada\/"},"author":{"name":"webmaster","@id":"https:\/\/amec.es\/#\/schema\/person\/377e1e145733915506a55297ad2fc830"},"headline":"El director general d&#8217;amec debat a IMEX-Madrid sobre el paper de la ind\u00fastria internacionalitzada","datePublished":"2021-06-15T07:10:20+00:00","mainEntityOfPage":{"@id":"https:\/\/amec.es\/ca\/croniques\/el-director-general-damec-debat-a-imex-madrid-sobre-el-paper-de-la-industria-internacionalitzada\/"},"wordCount":499,"commentCount":0,"publisher":{"@id":"https:\/\/amec.es\/#organization"},"image":{"@id":"https:\/\/amec.es\/ca\/croniques\/el-director-general-damec-debat-a-imex-madrid-sobre-el-paper-de-la-industria-internacionalitzada\/#primaryimage"},"thumbnailUrl":"","articleSection":["Cr\u00f2niques"],"inLanguage":"ca","potentialAction":[{"@type":"CommentAction","name":"Comment","target":["https:\/\/amec.es\/ca\/croniques\/el-director-general-damec-debat-a-imex-madrid-sobre-el-paper-de-la-industria-internacionalitzada\/#respond"]}]},{"@type":"WebPage","@id":"https:\/\/amec.es\/ca\/croniques\/el-director-general-damec-debat-a-imex-madrid-sobre-el-paper-de-la-industria-internacionalitzada\/","url":"https:\/\/amec.es\/ca\/croniques\/el-director-general-damec-debat-a-imex-madrid-sobre-el-paper-de-la-industria-internacionalitzada\/","name":"El director general d'amec debat a IMEX-Madrid sobre el paper de la ind\u00fastria internacionalitzada | amec Positive Industry","isPartOf":{"@id":"https:\/\/amec.es\/#website"},"primaryImageOfPage":{"@id":"https:\/\/amec.es\/ca\/croniques\/el-director-general-damec-debat-a-imex-madrid-sobre-el-paper-de-la-industria-internacionalitzada\/#primaryimage"},"image":{"@id":"https:\/\/amec.es\/ca\/croniques\/el-director-general-damec-debat-a-imex-madrid-sobre-el-paper-de-la-industria-internacionalitzada\/#primaryimage"},"thumbnailUrl":"","datePublished":"2021-06-15T07:10:20+00:00","breadcrumb":{"@id":"https:\/\/amec.es\/ca\/croniques\/el-director-general-damec-debat-a-imex-madrid-sobre-el-paper-de-la-industria-internacionalitzada\/#breadcrumb"},"inLanguage":"ca","potentialAction":[{"@type":"ReadAction","target":["https:\/\/amec.es\/ca\/croniques\/el-director-general-damec-debat-a-imex-madrid-sobre-el-paper-de-la-industria-internacionalitzada\/"]}]},{"@type":"ImageObject","inLanguage":"ca","@id":"https:\/\/amec.es\/ca\/croniques\/el-director-general-damec-debat-a-imex-madrid-sobre-el-paper-de-la-industria-internacionalitzada\/#primaryimage","url":"","contentUrl":""},{"@type":"BreadcrumbList","@id":"https:\/\/amec.es\/ca\/croniques\/el-director-general-damec-debat-a-imex-madrid-sobre-el-paper-de-la-industria-internacionalitzada\/#breadcrumb","itemListElement":[{"@type":"ListItem","position":1,"name":"Portada","item":"https:\/\/amec.es\/ca\/home-new\/"},{"@type":"ListItem","position":2,"name":"El director general d&#8217;amec debat a IMEX-Madrid sobre el paper de la ind\u00fastria internacionalitzada"}]},{"@type":"WebSite","@id":"https:\/\/amec.es\/#website","url":"https:\/\/amec.es\/","name":"amec Positive Industry","description":"","publisher":{"@id":"https:\/\/amec.es\/#organization"},"potentialAction":[{"@type":"SearchAction","target":{"@type":"EntryPoint","urlTemplate":"https:\/\/amec.es\/?s={search_term_string}"},"query-input":{"@type":"PropertyValueSpecification","valueRequired":true,"valueName":"search_term_string"}}],"inLanguage":"ca"},{"@type":"Organization","@id":"https:\/\/amec.es\/#organization","name":"amec Positive Industry","url":"https:\/\/amec.es\/","logo":{"@type":"ImageObject","inLanguage":"ca","@id":"https:\/\/amec.es\/#\/schema\/logo\/image\/","url":"https:\/\/amec.es\/wp-content\/uploads\/2023\/07\/logoamec.png","contentUrl":"https:\/\/amec.es\/wp-content\/uploads\/2023\/07\/logoamec.png","width":200,"height":48,"caption":"amec Positive Industry"},"image":{"@id":"https:\/\/amec.es\/#\/schema\/logo\/image\/"}},{"@type":"Person","@id":"https:\/\/amec.es\/#\/schema\/person\/377e1e145733915506a55297ad2fc830","name":"webmaster","image":{"@type":"ImageObject","inLanguage":"ca","@id":"https:\/\/secure.gravatar.com\/avatar\/1122ff7c82efe2079ddb19cd256fc39ab150caee9b258eeae8928e7f703c39f3?s=96&d=mm&r=g","url":"https:\/\/secure.gravatar.com\/avatar\/1122ff7c82efe2079ddb19cd256fc39ab150caee9b258eeae8928e7f703c39f3?s=96&d=mm&r=g","contentUrl":"https:\/\/secure.gravatar.com\/avatar\/1122ff7c82efe2079ddb19cd256fc39ab150caee9b258eeae8928e7f703c39f3?s=96&d=mm&r=g","caption":"webmaster"}}]}},"_links":{"self":[{"href":"https:\/\/amec.es\/ca\/wp-json\/wp\/v2\/posts\/6465","targetHints":{"allow":["GET"]}}],"collection":[{"href":"https:\/\/amec.es\/ca\/wp-json\/wp\/v2\/posts"}],"about":[{"href":"https:\/\/amec.es\/ca\/wp-json\/wp\/v2\/types\/post"}],"author":[{"embeddable":true,"href":"https:\/\/amec.es\/ca\/wp-json\/wp\/v2\/users\/1"}],"replies":[{"embeddable":true,"href":"https:\/\/amec.es\/ca\/wp-json\/wp\/v2\/comments?post=6465"}],"version-history":[{"count":0,"href":"https:\/\/amec.es\/ca\/wp-json\/wp\/v2\/posts\/6465\/revisions"}],"wp:featuredmedia":[{"embeddable":true,"href":"https:\/\/amec.es\/ca\/wp-json\/"}],"wp:attachment":[{"href":"https:\/\/amec.es\/ca\/wp-json\/wp\/v2\/media?parent=6465"}],"wp:term":[{"taxonomy":"category","embeddable":true,"href":"https:\/\/amec.es\/ca\/wp-json\/wp\/v2\/categories?post=6465"},{"taxonomy":"post_tag","embeddable":true,"href":"https:\/\/amec.es\/ca\/wp-json\/wp\/v2\/tags?post=6465"}],"curies":[{"name":"wp","href":"https:\/\/api.w.org\/{rel}","templated":true}]}}