{"id":6475,"date":"2021-06-02T10:47:28","date_gmt":"2021-06-02T10:47:28","guid":{"rendered":"https:\/\/wecreatedesign.co\/dev\/WP\/amec\/?p=4814"},"modified":"2021-06-02T10:47:28","modified_gmt":"2021-06-02T10:47:28","slug":"amec-entitat-adherida-a-lacte-de-reivindicacio-per-a-lampliacio-del-prat","status":"publish","type":"post","link":"https:\/\/amec.es\/ca\/actualitat\/amec-entitat-adherida-a-lacte-de-reivindicacio-per-a-lampliacio-del-prat\/","title":{"rendered":"amec, entitat adherida a l&#8217;acte de reivindicaci\u00f3 per a l&#8217;ampliaci\u00f3 del Prat"},"content":{"rendered":"<div class=\"portletDetailNoticies\">\n<div class=\"amplada-pagina descripcion\">\n<p><em><strong><a href=\"https:\/\/www.youtube.com\/watch?v=yGpwlE8SSXE\" target=\"_blank\" rel=\"noopener\"><img fetchpriority=\"high\" decoding=\"async\" src=\"http:\/\/wecreatedesign.co\/dev\/WP\/amec\/wp-content\/uploads\/2023\/03\/ampnliacio-aeroport-redim-w500-h281.jpg\" alt=\"amp\u00f1liacio-aeroport.JPG\" width=\"500\" height=\"281\" \/><\/a>amec<\/strong><\/em>\u00a0\u00e9s una entitat adherida a\u00a0<strong>l&#8217;acte de reivindicaci\u00f3 de l&#8217;ampliaci\u00f3 de l&#8217;aeroport del Prat<\/strong>\u00a0que ha tingut lloc avui a Barcelona. L&#8217;ampliaci\u00f3 \u00e9s vital perqu\u00e8 permetr\u00e0 fer front a l&#8217;augment de l&#8217;activitat en un dels dos aeroports m\u00e9s importants d&#8217;Espanya, i incrementar\u00e0 la\u00a0<strong>relaci\u00f3 comercial<\/strong>\u00a0espanyola amb la resta de continent a trav\u00e9s del\u00a0<strong>corredor de la Mediterr\u00e0nia.<\/strong><\/p>\n<p>&nbsp;<\/p>\n<p>L&#8217;objectiu de l&#8217;acte ha estat reclamar un\u00a0<strong>gran pacte institucional<\/strong>\u00a0per aprovar l&#8217;ampliaci\u00f3 de l&#8217;Aeroport Barcelona &#8211; El Prat entre les administracions p\u00fabliques -Govern, AENA, Generalitat, l&#8217;\u00c0rea Metropolitana de Barcelona, els ajuntaments de Barcelona i dels municipis del Baix Llobregat, comarca en qu\u00e8 s&#8217;ubica l&#8217;aeroport. L&#8217;objectiu \u00e9s tamb\u00e9 comptar amb la complicitat de les autoritats de la Uni\u00f3 Europea. Les entitats impulsores d&#8217;aquesta reclamaci\u00f3 s\u00f3n Barcelona Tech City, la Cambra de Comer\u00e7 de Barcelona, \u200b\u200bel Cercle d&#8217;Economia, el Cercle Eq\u00fcestre, ESADE, Foment del Treball, PIMEC, RACC i UFEC. A aquestes entitats se li han afegit\u00a0<em><strong>amec<\/strong><\/em>\u00a0i altres com &#8220;adherides&#8221;.<\/p>\n<p>&nbsp;<\/p>\n<p>El manifest exposa que:<\/p>\n<ul>\n<li>L&#8217;Aeroport de Barcelona &#8211; el Prat \u00e9s un dels principals motors de competitivitat, ocupaci\u00f3 i futur de Barcelona, \u200b\u200bCatalunya, Espanya i la Regi\u00f3 Euromediterr\u00e0nia.<\/li>\n<li>Amb el seu actual disseny i configuraci\u00f3, est\u00e0 esgotant la seva capacitat. La xifra de gaireb\u00e9 53 milions de viatgers registrats en l&#8217;any 2019 es va acostar a la seva capacitat m\u00e0xima de 55 milions.<\/li>\n<li>Amb la seva ampliaci\u00f3, l&#8217;Aeroport de Barcelona podr\u00e0 refor\u00e7ar el seu paper de &#8220;hub&#8221; intercontinental pel qual hem estat lluitant durant anys.<\/li>\n<li>L&#8217;Aeroport \u00e9s una eina vital per aprofundir en el desenvolupament d&#8217;activitats d&#8217;alt valor afegit, que exigeixen, en un m\u00f3n cada vegada m\u00e9s global i urbanita, la necessitat d&#8217;un Aeroport de primer nivell per atraure talent i inversi\u00f3.<\/li>\n<li>L&#8217;ampliaci\u00f3 de l&#8217;Aeroport ha de ser perfectament compatible amb la protecci\u00f3 de la biodiversitat, mitjan\u00e7ant l&#8217;adopci\u00f3 de les mesures compensat\u00f2ries adequades i proporcionades. Aena s&#8217;ha de comprometre a qu\u00e8 les actuacions projectades per a la consolidaci\u00f3 de l&#8217;Aeroport Jos\u00e9 Tarradellas Barcelona &#8211; el Prat comportin no nom\u00e9s la mera restauraci\u00f3, sin\u00f3 la compensaci\u00f3 dels espais naturals afectats en relaci\u00f3 d&#8217;1 a 10, aix\u00ed com la creaci\u00f3 d&#8217;un nou espai natural de Delta del Llobregat amb una ampliaci\u00f3 de la superf\u00edcie protegida superior al 25% de l&#8217;actual.<\/li>\n<li>L&#8217;ampliaci\u00f3 de l&#8217;Aeroport ha de ser plenament conciliable amb el Port de Barcelona, \u200b\u200bi aix\u00ed s&#8217;exigeix. I ha de permetre el desenvolupament harm\u00f2nic de les dues infraestructures que s\u00f3n rellevants.<\/li>\n<li>El cost d&#8217;oportunitat i d&#8217;imatge de no dur a terme aquesta inversi\u00f3 seria alt\u00edssim per a l&#8217;economia de Catalunya, en el qual es perdria competitivitat, d&#8217;una banda, i connectivitat en un m\u00f3n cada vegada m\u00e9s global, pel altra.<\/li>\n<li>D&#8217;altra banda, en un m\u00f3n interconnectat, cal aprofundir en la capacitat de l&#8217;Aeroport Barcelona &#8211; El Prat per\u00a0<strong>consolidar-lo com a hub internacional,<\/strong>\u00a0el temps que es necessita, tamb\u00e9, aprofundir en la seva connectivitat ferrovi\u00e0ria, ja sigui en rodalies, com en trens AVE , per apropar aquesta infraestructura al territori.<\/li>\n<li>Aix\u00ed mateix,\u00a0<strong>Aena ha de mantenir el seu comprom\u00eds<\/strong>\u00a0amb els plans de futur dels Aeroports de Girona-Costa Brava i Reus, pels quals s&#8217;ha de seguir apostant amb inversions destacades, que a m\u00e9s de la seva mobilitat internacional pr\u00f2pia, han de ser complementaris a el desenvolupament del hub de Barcelona.<\/li>\n<\/ul>\n<p>El manifest exposa, en definitiva, que el pa\u00eds requereix de pol\u00edtiques de creixement, que permetin dinamitzar l&#8217;economia alhora que afavorir la cohesi\u00f3 social. Sense creaci\u00f3 de riquesa no \u00e9s possible la seva redistribuci\u00f3, ni personal ni territorial. Sense creaci\u00f3 de riquesa, l&#8217;Estat del Benestar ser\u00e0 insostenible. Cal que es prioritzin les infraestructures p\u00fabliques i privades, vitals per al pa\u00eds i per al seu desenvolupament, que li permetin competir internacionalment i reduir el seu d\u00e8ficit hist\u00f2ric denunciat per la societat civil.<\/p>\n<\/div>\n<\/div>\n<div class=\"registre-accions amplada-pagina\">\n<div class=\"addthis_inline_share_toolbox\" style=\"margin: 0px; padding: 0px; border: 0px; outline: 0px; font-weight: inherit; font-style: inherit; clear: both;\" data-url=\"https:\/\/www.amec.es\/ca\/pl14\/amecnews\/noticies\/id740\/emamecem.htm?fcat_14=558\" data-title=\"&lt;em&gt;amec,&lt;\/em&gt; entitat adherida a l'acte de reivindicaci\u00f3 per a l'ampliaci\u00f3 del Prat\" data-description=\"amec \u00e9s una entitat adherida a l'acte de reivindicaci\u00f3 de l'ampliaci\u00f3 de l'aeroport del Prat que ha tingut lloc avui a Barcelona. L'ampliaci\u00f3 \u00e9s vital perqu\u00e8 permetr\u00e0 fer front a l'augment de l'activitat en un dels dos aeroports m\u00e9s importants d'Espanya, i incrementar\u00e0 la relaci\u00f3 comercial espanyola amb la resta de continent a trav\u00e9s del corredor de la Mediterr\u00e0nia.\n\nL'objectiu de l'acte ha estat reclamar un gran pacte institucional per aprovar l'ampliaci\u00f3 de l'Aeroport Barcelona -...\"><\/p>\n<div id=\"atstbx\" class=\"at-resp-share-element at-style-responsive addthis-smartlayers addthis-animated at4-show\" role=\"region\" aria-labelledby=\"at-abb41ae8-3898-4446-a6dc-3ac819b162d9\"><span id=\"at-abb41ae8-3898-4446-a6dc-3ac819b162d9\" class=\"at4-visually-hidden\"><\/span><\/p>\n<div class=\"at-share-btn-elements\"><\/div>\n<\/div>\n<\/div>\n<\/div>\n","protected":false},"excerpt":{"rendered":"<p>amec\u00a0\u00e9s una entitat adherida a\u00a0l&#8217;acte de reivindicaci\u00f3 de l&#8217;ampliaci\u00f3 de l&#8217;aeroport del Prat\u00a0que ha tingut lloc avui a Barcelona. L&#8217;ampliaci\u00f3 \u00e9s vital perqu\u00e8 permetr\u00e0 fer front a l&#8217;augment de l&#8217;activitat en un dels dos aeroports m\u00e9s importants d&#8217;Espanya, i incrementar\u00e0 la\u00a0relaci\u00f3 comercial\u00a0espanyola amb la resta de continent a trav\u00e9s del\u00a0corredor de la Mediterr\u00e0nia. &nbsp; L&#8217;objectiu [&hellip;]<\/p>\n","protected":false},"author":1,"featured_media":4817,"comment_status":"open","ping_status":"open","sticky":false,"template":"","format":"standard","meta":{"inline_featured_image":false,"footnotes":""},"categories":[27],"tags":[],"class_list":["post-6475","post","type-post","status-publish","format-standard","has-post-thumbnail","hentry","category-actualitat"],"yoast_head":"<!-- This site is optimized with the Yoast SEO plugin v27.3 - https:\/\/yoast.com\/product\/yoast-seo-wordpress\/ -->\n<title>amec, entitat adherida a l&#039;acte de reivindicaci\u00f3 per a l&#039;ampliaci\u00f3 del Prat | amec Positive Industry<\/title>\n<meta name=\"robots\" content=\"index, follow, max-snippet:-1, max-image-preview:large, max-video-preview:-1\" \/>\n<link rel=\"canonical\" href=\"https:\/\/amec.es\/ca\/actualitat\/amec-entitat-adherida-a-lacte-de-reivindicacio-per-a-lampliacio-del-prat\/\" \/>\n<meta property=\"og:locale\" content=\"ca_ES\" \/>\n<meta property=\"og:type\" content=\"article\" \/>\n<meta property=\"og:title\" content=\"amec, entitat adherida a l&#039;acte de reivindicaci\u00f3 per a l&#039;ampliaci\u00f3 del Prat | amec Positive Industry\" \/>\n<meta property=\"og:description\" content=\"amec\u00a0\u00e9s una entitat adherida a\u00a0l&#8217;acte de reivindicaci\u00f3 de l&#8217;ampliaci\u00f3 de l&#8217;aeroport del Prat\u00a0que ha tingut lloc avui a Barcelona. L&#8217;ampliaci\u00f3 \u00e9s vital perqu\u00e8 permetr\u00e0 fer front a l&#8217;augment de l&#8217;activitat en un dels dos aeroports m\u00e9s importants d&#8217;Espanya, i incrementar\u00e0 la\u00a0relaci\u00f3 comercial\u00a0espanyola amb la resta de continent a trav\u00e9s del\u00a0corredor de la Mediterr\u00e0nia. &nbsp; L&#8217;objectiu [&hellip;]\" \/>\n<meta property=\"og:url\" content=\"https:\/\/amec.es\/ca\/actualitat\/amec-entitat-adherida-a-lacte-de-reivindicacio-per-a-lampliacio-del-prat\/\" \/>\n<meta property=\"og:site_name\" content=\"amec Positive Industry\" \/>\n<meta property=\"article:published_time\" content=\"2021-06-02T10:47:28+00:00\" \/>\n<meta property=\"og:image\" content=\"https:\/\/amec.es\/wp-content\/uploads\/2024\/02\/Logo_AMEC.png\" \/>\n\t<meta property=\"og:image:width\" content=\"1827\" \/>\n\t<meta property=\"og:image:height\" content=\"438\" \/>\n\t<meta property=\"og:image:type\" content=\"image\/png\" \/>\n<meta name=\"author\" content=\"webmaster\" \/>\n<meta name=\"twitter:card\" content=\"summary_large_image\" \/>\n<meta name=\"twitter:label1\" content=\"Escrit per\" \/>\n\t<meta name=\"twitter:data1\" content=\"webmaster\" \/>\n\t<meta name=\"twitter:label2\" content=\"Temps estimat de lectura\" \/>\n\t<meta name=\"twitter:data2\" content=\"3 minuts\" \/>\n<script type=\"application\/ld+json\" class=\"yoast-schema-graph\">{\"@context\":\"https:\\\/\\\/schema.org\",\"@graph\":[{\"@type\":\"Article\",\"@id\":\"https:\\\/\\\/amec.es\\\/ca\\\/actualitat\\\/amec-entitat-adherida-a-lacte-de-reivindicacio-per-a-lampliacio-del-prat\\\/#article\",\"isPartOf\":{\"@id\":\"https:\\\/\\\/amec.es\\\/ca\\\/actualitat\\\/amec-entitat-adherida-a-lacte-de-reivindicacio-per-a-lampliacio-del-prat\\\/\"},\"author\":{\"name\":\"webmaster\",\"@id\":\"https:\\\/\\\/amec.es\\\/#\\\/schema\\\/person\\\/377e1e145733915506a55297ad2fc830\"},\"headline\":\"amec, entitat adherida a l&#8217;acte de reivindicaci\u00f3 per a l&#8217;ampliaci\u00f3 del Prat\",\"datePublished\":\"2021-06-02T10:47:28+00:00\",\"mainEntityOfPage\":{\"@id\":\"https:\\\/\\\/amec.es\\\/ca\\\/actualitat\\\/amec-entitat-adherida-a-lacte-de-reivindicacio-per-a-lampliacio-del-prat\\\/\"},\"wordCount\":699,\"commentCount\":0,\"publisher\":{\"@id\":\"https:\\\/\\\/amec.es\\\/#organization\"},\"image\":{\"@id\":\"https:\\\/\\\/amec.es\\\/ca\\\/actualitat\\\/amec-entitat-adherida-a-lacte-de-reivindicacio-per-a-lampliacio-del-prat\\\/#primaryimage\"},\"thumbnailUrl\":\"\",\"articleSection\":[\"Actualitat\"],\"inLanguage\":\"ca\",\"potentialAction\":[{\"@type\":\"CommentAction\",\"name\":\"Comment\",\"target\":[\"https:\\\/\\\/amec.es\\\/ca\\\/actualitat\\\/amec-entitat-adherida-a-lacte-de-reivindicacio-per-a-lampliacio-del-prat\\\/#respond\"]}]},{\"@type\":\"WebPage\",\"@id\":\"https:\\\/\\\/amec.es\\\/ca\\\/actualitat\\\/amec-entitat-adherida-a-lacte-de-reivindicacio-per-a-lampliacio-del-prat\\\/\",\"url\":\"https:\\\/\\\/amec.es\\\/ca\\\/actualitat\\\/amec-entitat-adherida-a-lacte-de-reivindicacio-per-a-lampliacio-del-prat\\\/\",\"name\":\"amec, entitat adherida a l'acte de reivindicaci\u00f3 per a l'ampliaci\u00f3 del Prat | amec Positive Industry\",\"isPartOf\":{\"@id\":\"https:\\\/\\\/amec.es\\\/#website\"},\"primaryImageOfPage\":{\"@id\":\"https:\\\/\\\/amec.es\\\/ca\\\/actualitat\\\/amec-entitat-adherida-a-lacte-de-reivindicacio-per-a-lampliacio-del-prat\\\/#primaryimage\"},\"image\":{\"@id\":\"https:\\\/\\\/amec.es\\\/ca\\\/actualitat\\\/amec-entitat-adherida-a-lacte-de-reivindicacio-per-a-lampliacio-del-prat\\\/#primaryimage\"},\"thumbnailUrl\":\"\",\"datePublished\":\"2021-06-02T10:47:28+00:00\",\"breadcrumb\":{\"@id\":\"https:\\\/\\\/amec.es\\\/ca\\\/actualitat\\\/amec-entitat-adherida-a-lacte-de-reivindicacio-per-a-lampliacio-del-prat\\\/#breadcrumb\"},\"inLanguage\":\"ca\",\"potentialAction\":[{\"@type\":\"ReadAction\",\"target\":[\"https:\\\/\\\/amec.es\\\/ca\\\/actualitat\\\/amec-entitat-adherida-a-lacte-de-reivindicacio-per-a-lampliacio-del-prat\\\/\"]}]},{\"@type\":\"ImageObject\",\"inLanguage\":\"ca\",\"@id\":\"https:\\\/\\\/amec.es\\\/ca\\\/actualitat\\\/amec-entitat-adherida-a-lacte-de-reivindicacio-per-a-lampliacio-del-prat\\\/#primaryimage\",\"url\":\"\",\"contentUrl\":\"\"},{\"@type\":\"BreadcrumbList\",\"@id\":\"https:\\\/\\\/amec.es\\\/ca\\\/actualitat\\\/amec-entitat-adherida-a-lacte-de-reivindicacio-per-a-lampliacio-del-prat\\\/#breadcrumb\",\"itemListElement\":[{\"@type\":\"ListItem\",\"position\":1,\"name\":\"Portada\",\"item\":\"https:\\\/\\\/amec.es\\\/ca\\\/home-new\\\/\"},{\"@type\":\"ListItem\",\"position\":2,\"name\":\"amec, entitat adherida a l&#8217;acte de reivindicaci\u00f3 per a l&#8217;ampliaci\u00f3 del Prat\"}]},{\"@type\":\"WebSite\",\"@id\":\"https:\\\/\\\/amec.es\\\/#website\",\"url\":\"https:\\\/\\\/amec.es\\\/\",\"name\":\"amec Positive Industry\",\"description\":\"\",\"publisher\":{\"@id\":\"https:\\\/\\\/amec.es\\\/#organization\"},\"potentialAction\":[{\"@type\":\"SearchAction\",\"target\":{\"@type\":\"EntryPoint\",\"urlTemplate\":\"https:\\\/\\\/amec.es\\\/?s={search_term_string}\"},\"query-input\":{\"@type\":\"PropertyValueSpecification\",\"valueRequired\":true,\"valueName\":\"search_term_string\"}}],\"inLanguage\":\"ca\"},{\"@type\":\"Organization\",\"@id\":\"https:\\\/\\\/amec.es\\\/#organization\",\"name\":\"amec Positive Industry\",\"url\":\"https:\\\/\\\/amec.es\\\/\",\"logo\":{\"@type\":\"ImageObject\",\"inLanguage\":\"ca\",\"@id\":\"https:\\\/\\\/amec.es\\\/#\\\/schema\\\/logo\\\/image\\\/\",\"url\":\"https:\\\/\\\/amec.es\\\/wp-content\\\/uploads\\\/2023\\\/07\\\/logoamec.png\",\"contentUrl\":\"https:\\\/\\\/amec.es\\\/wp-content\\\/uploads\\\/2023\\\/07\\\/logoamec.png\",\"width\":200,\"height\":48,\"caption\":\"amec Positive Industry\"},\"image\":{\"@id\":\"https:\\\/\\\/amec.es\\\/#\\\/schema\\\/logo\\\/image\\\/\"}},{\"@type\":\"Person\",\"@id\":\"https:\\\/\\\/amec.es\\\/#\\\/schema\\\/person\\\/377e1e145733915506a55297ad2fc830\",\"name\":\"webmaster\",\"image\":{\"@type\":\"ImageObject\",\"inLanguage\":\"ca\",\"@id\":\"https:\\\/\\\/secure.gravatar.com\\\/avatar\\\/1122ff7c82efe2079ddb19cd256fc39ab150caee9b258eeae8928e7f703c39f3?s=96&d=mm&r=g\",\"url\":\"https:\\\/\\\/secure.gravatar.com\\\/avatar\\\/1122ff7c82efe2079ddb19cd256fc39ab150caee9b258eeae8928e7f703c39f3?s=96&d=mm&r=g\",\"contentUrl\":\"https:\\\/\\\/secure.gravatar.com\\\/avatar\\\/1122ff7c82efe2079ddb19cd256fc39ab150caee9b258eeae8928e7f703c39f3?s=96&d=mm&r=g\",\"caption\":\"webmaster\"}}]}<\/script>\n<!-- \/ Yoast SEO plugin. -->","yoast_head_json":{"title":"amec, entitat adherida a l'acte de reivindicaci\u00f3 per a l'ampliaci\u00f3 del Prat | amec Positive Industry","robots":{"index":"index","follow":"follow","max-snippet":"max-snippet:-1","max-image-preview":"max-image-preview:large","max-video-preview":"max-video-preview:-1"},"canonical":"https:\/\/amec.es\/ca\/actualitat\/amec-entitat-adherida-a-lacte-de-reivindicacio-per-a-lampliacio-del-prat\/","og_locale":"ca_ES","og_type":"article","og_title":"amec, entitat adherida a l'acte de reivindicaci\u00f3 per a l'ampliaci\u00f3 del Prat | amec Positive Industry","og_description":"amec\u00a0\u00e9s una entitat adherida a\u00a0l&#8217;acte de reivindicaci\u00f3 de l&#8217;ampliaci\u00f3 de l&#8217;aeroport del Prat\u00a0que ha tingut lloc avui a Barcelona. L&#8217;ampliaci\u00f3 \u00e9s vital perqu\u00e8 permetr\u00e0 fer front a l&#8217;augment de l&#8217;activitat en un dels dos aeroports m\u00e9s importants d&#8217;Espanya, i incrementar\u00e0 la\u00a0relaci\u00f3 comercial\u00a0espanyola amb la resta de continent a trav\u00e9s del\u00a0corredor de la Mediterr\u00e0nia. &nbsp; L&#8217;objectiu [&hellip;]","og_url":"https:\/\/amec.es\/ca\/actualitat\/amec-entitat-adherida-a-lacte-de-reivindicacio-per-a-lampliacio-del-prat\/","og_site_name":"amec Positive Industry","article_published_time":"2021-06-02T10:47:28+00:00","og_image":[{"width":1827,"height":438,"url":"https:\/\/amec.es\/wp-content\/uploads\/2024\/02\/Logo_AMEC.png","type":"image\/png"}],"author":"webmaster","twitter_card":"summary_large_image","twitter_misc":{"Escrit per":"webmaster","Temps estimat de lectura":"3 minuts"},"schema":{"@context":"https:\/\/schema.org","@graph":[{"@type":"Article","@id":"https:\/\/amec.es\/ca\/actualitat\/amec-entitat-adherida-a-lacte-de-reivindicacio-per-a-lampliacio-del-prat\/#article","isPartOf":{"@id":"https:\/\/amec.es\/ca\/actualitat\/amec-entitat-adherida-a-lacte-de-reivindicacio-per-a-lampliacio-del-prat\/"},"author":{"name":"webmaster","@id":"https:\/\/amec.es\/#\/schema\/person\/377e1e145733915506a55297ad2fc830"},"headline":"amec, entitat adherida a l&#8217;acte de reivindicaci\u00f3 per a l&#8217;ampliaci\u00f3 del Prat","datePublished":"2021-06-02T10:47:28+00:00","mainEntityOfPage":{"@id":"https:\/\/amec.es\/ca\/actualitat\/amec-entitat-adherida-a-lacte-de-reivindicacio-per-a-lampliacio-del-prat\/"},"wordCount":699,"commentCount":0,"publisher":{"@id":"https:\/\/amec.es\/#organization"},"image":{"@id":"https:\/\/amec.es\/ca\/actualitat\/amec-entitat-adherida-a-lacte-de-reivindicacio-per-a-lampliacio-del-prat\/#primaryimage"},"thumbnailUrl":"","articleSection":["Actualitat"],"inLanguage":"ca","potentialAction":[{"@type":"CommentAction","name":"Comment","target":["https:\/\/amec.es\/ca\/actualitat\/amec-entitat-adherida-a-lacte-de-reivindicacio-per-a-lampliacio-del-prat\/#respond"]}]},{"@type":"WebPage","@id":"https:\/\/amec.es\/ca\/actualitat\/amec-entitat-adherida-a-lacte-de-reivindicacio-per-a-lampliacio-del-prat\/","url":"https:\/\/amec.es\/ca\/actualitat\/amec-entitat-adherida-a-lacte-de-reivindicacio-per-a-lampliacio-del-prat\/","name":"amec, entitat adherida a l'acte de reivindicaci\u00f3 per a l'ampliaci\u00f3 del Prat | amec Positive Industry","isPartOf":{"@id":"https:\/\/amec.es\/#website"},"primaryImageOfPage":{"@id":"https:\/\/amec.es\/ca\/actualitat\/amec-entitat-adherida-a-lacte-de-reivindicacio-per-a-lampliacio-del-prat\/#primaryimage"},"image":{"@id":"https:\/\/amec.es\/ca\/actualitat\/amec-entitat-adherida-a-lacte-de-reivindicacio-per-a-lampliacio-del-prat\/#primaryimage"},"thumbnailUrl":"","datePublished":"2021-06-02T10:47:28+00:00","breadcrumb":{"@id":"https:\/\/amec.es\/ca\/actualitat\/amec-entitat-adherida-a-lacte-de-reivindicacio-per-a-lampliacio-del-prat\/#breadcrumb"},"inLanguage":"ca","potentialAction":[{"@type":"ReadAction","target":["https:\/\/amec.es\/ca\/actualitat\/amec-entitat-adherida-a-lacte-de-reivindicacio-per-a-lampliacio-del-prat\/"]}]},{"@type":"ImageObject","inLanguage":"ca","@id":"https:\/\/amec.es\/ca\/actualitat\/amec-entitat-adherida-a-lacte-de-reivindicacio-per-a-lampliacio-del-prat\/#primaryimage","url":"","contentUrl":""},{"@type":"BreadcrumbList","@id":"https:\/\/amec.es\/ca\/actualitat\/amec-entitat-adherida-a-lacte-de-reivindicacio-per-a-lampliacio-del-prat\/#breadcrumb","itemListElement":[{"@type":"ListItem","position":1,"name":"Portada","item":"https:\/\/amec.es\/ca\/home-new\/"},{"@type":"ListItem","position":2,"name":"amec, entitat adherida a l&#8217;acte de reivindicaci\u00f3 per a l&#8217;ampliaci\u00f3 del Prat"}]},{"@type":"WebSite","@id":"https:\/\/amec.es\/#website","url":"https:\/\/amec.es\/","name":"amec Positive Industry","description":"","publisher":{"@id":"https:\/\/amec.es\/#organization"},"potentialAction":[{"@type":"SearchAction","target":{"@type":"EntryPoint","urlTemplate":"https:\/\/amec.es\/?s={search_term_string}"},"query-input":{"@type":"PropertyValueSpecification","valueRequired":true,"valueName":"search_term_string"}}],"inLanguage":"ca"},{"@type":"Organization","@id":"https:\/\/amec.es\/#organization","name":"amec Positive Industry","url":"https:\/\/amec.es\/","logo":{"@type":"ImageObject","inLanguage":"ca","@id":"https:\/\/amec.es\/#\/schema\/logo\/image\/","url":"https:\/\/amec.es\/wp-content\/uploads\/2023\/07\/logoamec.png","contentUrl":"https:\/\/amec.es\/wp-content\/uploads\/2023\/07\/logoamec.png","width":200,"height":48,"caption":"amec Positive Industry"},"image":{"@id":"https:\/\/amec.es\/#\/schema\/logo\/image\/"}},{"@type":"Person","@id":"https:\/\/amec.es\/#\/schema\/person\/377e1e145733915506a55297ad2fc830","name":"webmaster","image":{"@type":"ImageObject","inLanguage":"ca","@id":"https:\/\/secure.gravatar.com\/avatar\/1122ff7c82efe2079ddb19cd256fc39ab150caee9b258eeae8928e7f703c39f3?s=96&d=mm&r=g","url":"https:\/\/secure.gravatar.com\/avatar\/1122ff7c82efe2079ddb19cd256fc39ab150caee9b258eeae8928e7f703c39f3?s=96&d=mm&r=g","contentUrl":"https:\/\/secure.gravatar.com\/avatar\/1122ff7c82efe2079ddb19cd256fc39ab150caee9b258eeae8928e7f703c39f3?s=96&d=mm&r=g","caption":"webmaster"}}]}},"_links":{"self":[{"href":"https:\/\/amec.es\/ca\/wp-json\/wp\/v2\/posts\/6475","targetHints":{"allow":["GET"]}}],"collection":[{"href":"https:\/\/amec.es\/ca\/wp-json\/wp\/v2\/posts"}],"about":[{"href":"https:\/\/amec.es\/ca\/wp-json\/wp\/v2\/types\/post"}],"author":[{"embeddable":true,"href":"https:\/\/amec.es\/ca\/wp-json\/wp\/v2\/users\/1"}],"replies":[{"embeddable":true,"href":"https:\/\/amec.es\/ca\/wp-json\/wp\/v2\/comments?post=6475"}],"version-history":[{"count":0,"href":"https:\/\/amec.es\/ca\/wp-json\/wp\/v2\/posts\/6475\/revisions"}],"wp:featuredmedia":[{"embeddable":true,"href":"https:\/\/amec.es\/ca\/wp-json\/"}],"wp:attachment":[{"href":"https:\/\/amec.es\/ca\/wp-json\/wp\/v2\/media?parent=6475"}],"wp:term":[{"taxonomy":"category","embeddable":true,"href":"https:\/\/amec.es\/ca\/wp-json\/wp\/v2\/categories?post=6475"},{"taxonomy":"post_tag","embeddable":true,"href":"https:\/\/amec.es\/ca\/wp-json\/wp\/v2\/tags?post=6475"}],"curies":[{"name":"wp","href":"https:\/\/api.w.org\/{rel}","templated":true}]}}