{"id":6476,"date":"2021-06-02T10:48:52","date_gmt":"2021-06-02T10:48:52","guid":{"rendered":"https:\/\/wecreatedesign.co\/dev\/WP\/amec\/?p=4820"},"modified":"2021-06-02T10:48:52","modified_gmt":"2021-06-02T10:48:52","slug":"amec-valora-la-voluntat-expressada-de-govern-en-favor-duna-total-col%c2%b7laboracio-publicoprivada-en-la-internacionalitzacio","status":"publish","type":"post","link":"https:\/\/amec.es\/ca\/actualitat\/amec-valora-la-voluntat-expressada-de-govern-en-favor-duna-total-col%c2%b7laboracio-publicoprivada-en-la-internacionalitzacio\/","title":{"rendered":"amec valora la voluntat expressada de Govern en favor d&#8217;una total col\u00b7laboraci\u00f3 publicoprivada en la internacionalitzaci\u00f3"},"content":{"rendered":"<div class=\"amplada-pagina descripcion\">\n<p><a href=\"https:\/\/www.youtube.com\/watch?v=FsdRq-t_1V0&amp;t=2251s\" target=\"_blank\" rel=\"noopener\"><img fetchpriority=\"high\" decoding=\"async\" src=\"http:\/\/wecreatedesign.co\/dev\/WP\/amec\/wp-content\/uploads\/2023\/03\/plan-accion-internacionalizacion-2-redim-w500-h279.jpg\" alt=\"Pla-acci\u00f3-internacionalitzaci\u00f3-2.JPG\" width=\"500\" height=\"279\" \/><\/a>El president de Govern, Pedro S\u00e1nchez, i el Ministeri d&#8217;Ind\u00fastria, Comer\u00e7 i Turisme\u00a0han presentat el Pla d&#8217;Acci\u00f3 per a la Internacionalitzaci\u00f3 de l&#8217;economia espanyola. Despr\u00e9s de seguir atentament la presentaci\u00f3,\u00a0<em><strong>amec<\/strong><\/em>\u00a0celebra l&#8217;aposta expressada pel president S\u00e1nchez per\u00a0una\u00a0<strong>col\u00b7laboraci\u00f3 total del sector privat i p\u00fablic per a la internacionalitzaci\u00f3 de les empreses<\/strong>\u00a0i l&#8217;economia espanyola.\u00a0<em><strong>amec<\/strong><\/em>\u00a0ha reiterat la necessitat d&#8217;aquesta mateixa col\u00b7laboraci\u00f3 publicoprivada per assegurar la competitivitat de les empreses industrials i desenvolupar les\u00a0<a href=\"https:\/\/www.amec.es\/site1\/files\/doc103\/claves-para-el-cambio-del-modelo-productivo-mayo2020.pdf\" target=\"_blank\" rel=\"noopener\">Claus per al canvi de model productiu<\/a>\u00a0.<\/p>\n<p>&nbsp;<\/p>\n<p>En el Pla d&#8217;Acci\u00f3 presentat avui es preveu destinar\u00a0<strong>200 milions d&#8217;euros dels Fons europeus per donar suport a les mitjanes i petites empreses a l&#8217;exterior,<\/strong>\u00a0una quantitat que, tot i aix\u00f2,\u00a0<em><strong>amec<\/strong><\/em>\u00a0considera que podria ser m\u00e9s gran. Aquests fons es canalitzaran a trav\u00e9s de l&#8217;ICEX mitjan\u00e7ant alguns dels seus programes, com ara InnovaInvest.<\/p>\n<p>&nbsp;<\/p>\n<p><em><strong>amec<\/strong><\/em>\u00a0valora la inversi\u00f3 prevista de\u00a0<strong>4.000 milions d&#8217;euros en modernitzar el teixit productiu i l&#8217;objectiu de donar suport a la diversificaci\u00f3 dels mercats<\/strong>\u00a0als quals les empreses espanyoles es dirigeixen. L&#8217;acord que estan a punt de signar la UE amb el Mercosur i M\u00e8xic ser\u00e0 un dels aspectes clau per a desenvolupar aquesta proposta.<\/p>\n<p>&nbsp;<\/p>\n<p>Aix\u00ed mateix, el pla preveu ajudes per digitalitzar associacions, federacions d&#8217;exportadors i cambres de comer\u00e7, i la creaci\u00f3 d&#8217;una l\u00ednia de cr\u00e8dit no reemborsable de\u00a0<strong>50 milions d&#8217;euros per investigar la viabilitat i factibilitat de projectes sectorials.<\/strong><\/p>\n<p>&nbsp;<\/p>\n<p>S\u00e1nchez ha destacat la important inversi\u00f3 que es dur\u00e0 a terme per a la\u00a0<strong>digitalitzaci\u00f3 de les Pimes,<\/strong>\u00a0i ha explicat quines seran les mesures del Pla d&#8217;Acci\u00f3 d&#8217;Internacionalitzaci\u00f3, les l\u00ednies mestres seran:<\/p>\n<p>&nbsp;<\/p>\n<ul>\n<li>Posar en marxa un programa personalitzat per a la internacionalitzaci\u00f3 empresarial.<\/li>\n<li>Incorporar la innovaci\u00f3 \/ tecnologia a la internacionalitzaci\u00f3. Sobretot, per a aquelles marques \/ empreses que siguin claus per recon\u00e8ixer la marca Espanya.<\/li>\n<li>Potenciar la creaci\u00f3 i manteniment del talent a nivell nacional.<\/li>\n<li>Seguir treballant en l&#8217;obertura de nous mercats (UE-M\u00e8xic, UE-Mercosur, UE-Brexit).<\/li>\n<li>Impulsar l&#8217;atractiu d&#8217;Espanya en els sectors estrat\u00e8gics per atreure m\u00e9s Inversi\u00f3 estrangera directa.<\/li>\n<li>Consolidar la coordinaci\u00f3 entre tots els actors que intervinguin en la internacionalitzaci\u00f3 de les empreses.<\/li>\n<\/ul>\n<\/div>\n","protected":false},"excerpt":{"rendered":"<p>El president de Govern, Pedro S\u00e1nchez, i el Ministeri d&#8217;Ind\u00fastria, Comer\u00e7 i Turisme\u00a0han presentat el Pla d&#8217;Acci\u00f3 per a la Internacionalitzaci\u00f3 de l&#8217;economia espanyola. Despr\u00e9s de seguir atentament la presentaci\u00f3,\u00a0amec\u00a0celebra l&#8217;aposta expressada pel president S\u00e1nchez per\u00a0una\u00a0col\u00b7laboraci\u00f3 total del sector privat i p\u00fablic per a la internacionalitzaci\u00f3 de les empreses\u00a0i l&#8217;economia espanyola.\u00a0amec\u00a0ha reiterat la necessitat d&#8217;aquesta [&hellip;]<\/p>\n","protected":false},"author":1,"featured_media":4822,"comment_status":"open","ping_status":"open","sticky":false,"template":"","format":"standard","meta":{"inline_featured_image":false,"footnotes":""},"categories":[27],"tags":[],"class_list":["post-6476","post","type-post","status-publish","format-standard","has-post-thumbnail","hentry","category-actualitat"],"yoast_head":"<!-- This site is optimized with the Yoast SEO plugin v27.3 - https:\/\/yoast.com\/product\/yoast-seo-wordpress\/ -->\n<title>amec valora la voluntat expressada de Govern en favor d&#039;una total col\u00b7laboraci\u00f3 publicoprivada en la internacionalitzaci\u00f3 | amec Positive Industry<\/title>\n<meta name=\"robots\" content=\"index, follow, max-snippet:-1, max-image-preview:large, max-video-preview:-1\" \/>\n<link rel=\"canonical\" href=\"https:\/\/amec.es\/ca\/actualitat\/amec-valora-la-voluntat-expressada-de-govern-en-favor-duna-total-col\u00b7laboracio-publicoprivada-en-la-internacionalitzacio\/\" \/>\n<meta property=\"og:locale\" content=\"ca_ES\" \/>\n<meta property=\"og:type\" content=\"article\" \/>\n<meta property=\"og:title\" content=\"amec valora la voluntat expressada de Govern en favor d&#039;una total col\u00b7laboraci\u00f3 publicoprivada en la internacionalitzaci\u00f3 | amec Positive Industry\" \/>\n<meta property=\"og:description\" content=\"El president de Govern, Pedro S\u00e1nchez, i el Ministeri d&#8217;Ind\u00fastria, Comer\u00e7 i Turisme\u00a0han presentat el Pla d&#8217;Acci\u00f3 per a la Internacionalitzaci\u00f3 de l&#8217;economia espanyola. Despr\u00e9s de seguir atentament la presentaci\u00f3,\u00a0amec\u00a0celebra l&#8217;aposta expressada pel president S\u00e1nchez per\u00a0una\u00a0col\u00b7laboraci\u00f3 total del sector privat i p\u00fablic per a la internacionalitzaci\u00f3 de les empreses\u00a0i l&#8217;economia espanyola.\u00a0amec\u00a0ha reiterat la necessitat d&#8217;aquesta [&hellip;]\" \/>\n<meta property=\"og:url\" content=\"https:\/\/amec.es\/ca\/actualitat\/amec-valora-la-voluntat-expressada-de-govern-en-favor-duna-total-col\u00b7laboracio-publicoprivada-en-la-internacionalitzacio\/\" \/>\n<meta property=\"og:site_name\" content=\"amec Positive Industry\" \/>\n<meta property=\"article:published_time\" content=\"2021-06-02T10:48:52+00:00\" \/>\n<meta property=\"og:image\" content=\"https:\/\/amec.es\/wp-content\/uploads\/2024\/02\/Logo_AMEC.png\" \/>\n\t<meta property=\"og:image:width\" content=\"1827\" \/>\n\t<meta property=\"og:image:height\" content=\"438\" \/>\n\t<meta property=\"og:image:type\" content=\"image\/png\" \/>\n<meta name=\"author\" content=\"webmaster\" \/>\n<meta name=\"twitter:card\" content=\"summary_large_image\" \/>\n<meta name=\"twitter:label1\" content=\"Escrit per\" \/>\n\t<meta name=\"twitter:data1\" content=\"webmaster\" \/>\n\t<meta name=\"twitter:label2\" content=\"Temps estimat de lectura\" \/>\n\t<meta name=\"twitter:data2\" content=\"2 minuts\" \/>\n<script type=\"application\/ld+json\" class=\"yoast-schema-graph\">{\"@context\":\"https:\\\/\\\/schema.org\",\"@graph\":[{\"@type\":\"Article\",\"@id\":\"https:\\\/\\\/amec.es\\\/ca\\\/actualitat\\\/amec-valora-la-voluntat-expressada-de-govern-en-favor-duna-total-col%c2%b7laboracio-publicoprivada-en-la-internacionalitzacio\\\/#article\",\"isPartOf\":{\"@id\":\"https:\\\/\\\/amec.es\\\/ca\\\/actualitat\\\/amec-valora-la-voluntat-expressada-de-govern-en-favor-duna-total-col%c2%b7laboracio-publicoprivada-en-la-internacionalitzacio\\\/\"},\"author\":{\"name\":\"webmaster\",\"@id\":\"https:\\\/\\\/amec.es\\\/#\\\/schema\\\/person\\\/377e1e145733915506a55297ad2fc830\"},\"headline\":\"amec valora la voluntat expressada de Govern en favor d&#8217;una total col\u00b7laboraci\u00f3 publicoprivada en la internacionalitzaci\u00f3\",\"datePublished\":\"2021-06-02T10:48:52+00:00\",\"mainEntityOfPage\":{\"@id\":\"https:\\\/\\\/amec.es\\\/ca\\\/actualitat\\\/amec-valora-la-voluntat-expressada-de-govern-en-favor-duna-total-col%c2%b7laboracio-publicoprivada-en-la-internacionalitzacio\\\/\"},\"wordCount\":404,\"commentCount\":0,\"publisher\":{\"@id\":\"https:\\\/\\\/amec.es\\\/#organization\"},\"image\":{\"@id\":\"https:\\\/\\\/amec.es\\\/ca\\\/actualitat\\\/amec-valora-la-voluntat-expressada-de-govern-en-favor-duna-total-col%c2%b7laboracio-publicoprivada-en-la-internacionalitzacio\\\/#primaryimage\"},\"thumbnailUrl\":\"\",\"articleSection\":[\"Actualitat\"],\"inLanguage\":\"ca\",\"potentialAction\":[{\"@type\":\"CommentAction\",\"name\":\"Comment\",\"target\":[\"https:\\\/\\\/amec.es\\\/ca\\\/actualitat\\\/amec-valora-la-voluntat-expressada-de-govern-en-favor-duna-total-col%c2%b7laboracio-publicoprivada-en-la-internacionalitzacio\\\/#respond\"]}]},{\"@type\":\"WebPage\",\"@id\":\"https:\\\/\\\/amec.es\\\/ca\\\/actualitat\\\/amec-valora-la-voluntat-expressada-de-govern-en-favor-duna-total-col%c2%b7laboracio-publicoprivada-en-la-internacionalitzacio\\\/\",\"url\":\"https:\\\/\\\/amec.es\\\/ca\\\/actualitat\\\/amec-valora-la-voluntat-expressada-de-govern-en-favor-duna-total-col%c2%b7laboracio-publicoprivada-en-la-internacionalitzacio\\\/\",\"name\":\"amec valora la voluntat expressada de Govern en favor d'una total col\u00b7laboraci\u00f3 publicoprivada en la internacionalitzaci\u00f3 | amec Positive Industry\",\"isPartOf\":{\"@id\":\"https:\\\/\\\/amec.es\\\/#website\"},\"primaryImageOfPage\":{\"@id\":\"https:\\\/\\\/amec.es\\\/ca\\\/actualitat\\\/amec-valora-la-voluntat-expressada-de-govern-en-favor-duna-total-col%c2%b7laboracio-publicoprivada-en-la-internacionalitzacio\\\/#primaryimage\"},\"image\":{\"@id\":\"https:\\\/\\\/amec.es\\\/ca\\\/actualitat\\\/amec-valora-la-voluntat-expressada-de-govern-en-favor-duna-total-col%c2%b7laboracio-publicoprivada-en-la-internacionalitzacio\\\/#primaryimage\"},\"thumbnailUrl\":\"\",\"datePublished\":\"2021-06-02T10:48:52+00:00\",\"breadcrumb\":{\"@id\":\"https:\\\/\\\/amec.es\\\/ca\\\/actualitat\\\/amec-valora-la-voluntat-expressada-de-govern-en-favor-duna-total-col%c2%b7laboracio-publicoprivada-en-la-internacionalitzacio\\\/#breadcrumb\"},\"inLanguage\":\"ca\",\"potentialAction\":[{\"@type\":\"ReadAction\",\"target\":[\"https:\\\/\\\/amec.es\\\/ca\\\/actualitat\\\/amec-valora-la-voluntat-expressada-de-govern-en-favor-duna-total-col%c2%b7laboracio-publicoprivada-en-la-internacionalitzacio\\\/\"]}]},{\"@type\":\"ImageObject\",\"inLanguage\":\"ca\",\"@id\":\"https:\\\/\\\/amec.es\\\/ca\\\/actualitat\\\/amec-valora-la-voluntat-expressada-de-govern-en-favor-duna-total-col%c2%b7laboracio-publicoprivada-en-la-internacionalitzacio\\\/#primaryimage\",\"url\":\"\",\"contentUrl\":\"\"},{\"@type\":\"BreadcrumbList\",\"@id\":\"https:\\\/\\\/amec.es\\\/ca\\\/actualitat\\\/amec-valora-la-voluntat-expressada-de-govern-en-favor-duna-total-col%c2%b7laboracio-publicoprivada-en-la-internacionalitzacio\\\/#breadcrumb\",\"itemListElement\":[{\"@type\":\"ListItem\",\"position\":1,\"name\":\"Portada\",\"item\":\"https:\\\/\\\/amec.es\\\/ca\\\/home-new\\\/\"},{\"@type\":\"ListItem\",\"position\":2,\"name\":\"amec valora la voluntat expressada de Govern en favor d&#8217;una total col\u00b7laboraci\u00f3 publicoprivada en la internacionalitzaci\u00f3\"}]},{\"@type\":\"WebSite\",\"@id\":\"https:\\\/\\\/amec.es\\\/#website\",\"url\":\"https:\\\/\\\/amec.es\\\/\",\"name\":\"amec Positive Industry\",\"description\":\"\",\"publisher\":{\"@id\":\"https:\\\/\\\/amec.es\\\/#organization\"},\"potentialAction\":[{\"@type\":\"SearchAction\",\"target\":{\"@type\":\"EntryPoint\",\"urlTemplate\":\"https:\\\/\\\/amec.es\\\/?s={search_term_string}\"},\"query-input\":{\"@type\":\"PropertyValueSpecification\",\"valueRequired\":true,\"valueName\":\"search_term_string\"}}],\"inLanguage\":\"ca\"},{\"@type\":\"Organization\",\"@id\":\"https:\\\/\\\/amec.es\\\/#organization\",\"name\":\"amec Positive Industry\",\"url\":\"https:\\\/\\\/amec.es\\\/\",\"logo\":{\"@type\":\"ImageObject\",\"inLanguage\":\"ca\",\"@id\":\"https:\\\/\\\/amec.es\\\/#\\\/schema\\\/logo\\\/image\\\/\",\"url\":\"https:\\\/\\\/amec.es\\\/wp-content\\\/uploads\\\/2023\\\/07\\\/logoamec.png\",\"contentUrl\":\"https:\\\/\\\/amec.es\\\/wp-content\\\/uploads\\\/2023\\\/07\\\/logoamec.png\",\"width\":200,\"height\":48,\"caption\":\"amec Positive Industry\"},\"image\":{\"@id\":\"https:\\\/\\\/amec.es\\\/#\\\/schema\\\/logo\\\/image\\\/\"}},{\"@type\":\"Person\",\"@id\":\"https:\\\/\\\/amec.es\\\/#\\\/schema\\\/person\\\/377e1e145733915506a55297ad2fc830\",\"name\":\"webmaster\",\"image\":{\"@type\":\"ImageObject\",\"inLanguage\":\"ca\",\"@id\":\"https:\\\/\\\/secure.gravatar.com\\\/avatar\\\/1122ff7c82efe2079ddb19cd256fc39ab150caee9b258eeae8928e7f703c39f3?s=96&d=mm&r=g\",\"url\":\"https:\\\/\\\/secure.gravatar.com\\\/avatar\\\/1122ff7c82efe2079ddb19cd256fc39ab150caee9b258eeae8928e7f703c39f3?s=96&d=mm&r=g\",\"contentUrl\":\"https:\\\/\\\/secure.gravatar.com\\\/avatar\\\/1122ff7c82efe2079ddb19cd256fc39ab150caee9b258eeae8928e7f703c39f3?s=96&d=mm&r=g\",\"caption\":\"webmaster\"}}]}<\/script>\n<!-- \/ Yoast SEO plugin. -->","yoast_head_json":{"title":"amec valora la voluntat expressada de Govern en favor d'una total col\u00b7laboraci\u00f3 publicoprivada en la internacionalitzaci\u00f3 | amec Positive Industry","robots":{"index":"index","follow":"follow","max-snippet":"max-snippet:-1","max-image-preview":"max-image-preview:large","max-video-preview":"max-video-preview:-1"},"canonical":"https:\/\/amec.es\/ca\/actualitat\/amec-valora-la-voluntat-expressada-de-govern-en-favor-duna-total-col\u00b7laboracio-publicoprivada-en-la-internacionalitzacio\/","og_locale":"ca_ES","og_type":"article","og_title":"amec valora la voluntat expressada de Govern en favor d'una total col\u00b7laboraci\u00f3 publicoprivada en la internacionalitzaci\u00f3 | amec Positive Industry","og_description":"El president de Govern, Pedro S\u00e1nchez, i el Ministeri d&#8217;Ind\u00fastria, Comer\u00e7 i Turisme\u00a0han presentat el Pla d&#8217;Acci\u00f3 per a la Internacionalitzaci\u00f3 de l&#8217;economia espanyola. Despr\u00e9s de seguir atentament la presentaci\u00f3,\u00a0amec\u00a0celebra l&#8217;aposta expressada pel president S\u00e1nchez per\u00a0una\u00a0col\u00b7laboraci\u00f3 total del sector privat i p\u00fablic per a la internacionalitzaci\u00f3 de les empreses\u00a0i l&#8217;economia espanyola.\u00a0amec\u00a0ha reiterat la necessitat d&#8217;aquesta [&hellip;]","og_url":"https:\/\/amec.es\/ca\/actualitat\/amec-valora-la-voluntat-expressada-de-govern-en-favor-duna-total-col\u00b7laboracio-publicoprivada-en-la-internacionalitzacio\/","og_site_name":"amec Positive Industry","article_published_time":"2021-06-02T10:48:52+00:00","og_image":[{"width":1827,"height":438,"url":"https:\/\/amec.es\/wp-content\/uploads\/2024\/02\/Logo_AMEC.png","type":"image\/png"}],"author":"webmaster","twitter_card":"summary_large_image","twitter_misc":{"Escrit per":"webmaster","Temps estimat de lectura":"2 minuts"},"schema":{"@context":"https:\/\/schema.org","@graph":[{"@type":"Article","@id":"https:\/\/amec.es\/ca\/actualitat\/amec-valora-la-voluntat-expressada-de-govern-en-favor-duna-total-col%c2%b7laboracio-publicoprivada-en-la-internacionalitzacio\/#article","isPartOf":{"@id":"https:\/\/amec.es\/ca\/actualitat\/amec-valora-la-voluntat-expressada-de-govern-en-favor-duna-total-col%c2%b7laboracio-publicoprivada-en-la-internacionalitzacio\/"},"author":{"name":"webmaster","@id":"https:\/\/amec.es\/#\/schema\/person\/377e1e145733915506a55297ad2fc830"},"headline":"amec valora la voluntat expressada de Govern en favor d&#8217;una total col\u00b7laboraci\u00f3 publicoprivada en la internacionalitzaci\u00f3","datePublished":"2021-06-02T10:48:52+00:00","mainEntityOfPage":{"@id":"https:\/\/amec.es\/ca\/actualitat\/amec-valora-la-voluntat-expressada-de-govern-en-favor-duna-total-col%c2%b7laboracio-publicoprivada-en-la-internacionalitzacio\/"},"wordCount":404,"commentCount":0,"publisher":{"@id":"https:\/\/amec.es\/#organization"},"image":{"@id":"https:\/\/amec.es\/ca\/actualitat\/amec-valora-la-voluntat-expressada-de-govern-en-favor-duna-total-col%c2%b7laboracio-publicoprivada-en-la-internacionalitzacio\/#primaryimage"},"thumbnailUrl":"","articleSection":["Actualitat"],"inLanguage":"ca","potentialAction":[{"@type":"CommentAction","name":"Comment","target":["https:\/\/amec.es\/ca\/actualitat\/amec-valora-la-voluntat-expressada-de-govern-en-favor-duna-total-col%c2%b7laboracio-publicoprivada-en-la-internacionalitzacio\/#respond"]}]},{"@type":"WebPage","@id":"https:\/\/amec.es\/ca\/actualitat\/amec-valora-la-voluntat-expressada-de-govern-en-favor-duna-total-col%c2%b7laboracio-publicoprivada-en-la-internacionalitzacio\/","url":"https:\/\/amec.es\/ca\/actualitat\/amec-valora-la-voluntat-expressada-de-govern-en-favor-duna-total-col%c2%b7laboracio-publicoprivada-en-la-internacionalitzacio\/","name":"amec valora la voluntat expressada de Govern en favor d'una total col\u00b7laboraci\u00f3 publicoprivada en la internacionalitzaci\u00f3 | amec Positive Industry","isPartOf":{"@id":"https:\/\/amec.es\/#website"},"primaryImageOfPage":{"@id":"https:\/\/amec.es\/ca\/actualitat\/amec-valora-la-voluntat-expressada-de-govern-en-favor-duna-total-col%c2%b7laboracio-publicoprivada-en-la-internacionalitzacio\/#primaryimage"},"image":{"@id":"https:\/\/amec.es\/ca\/actualitat\/amec-valora-la-voluntat-expressada-de-govern-en-favor-duna-total-col%c2%b7laboracio-publicoprivada-en-la-internacionalitzacio\/#primaryimage"},"thumbnailUrl":"","datePublished":"2021-06-02T10:48:52+00:00","breadcrumb":{"@id":"https:\/\/amec.es\/ca\/actualitat\/amec-valora-la-voluntat-expressada-de-govern-en-favor-duna-total-col%c2%b7laboracio-publicoprivada-en-la-internacionalitzacio\/#breadcrumb"},"inLanguage":"ca","potentialAction":[{"@type":"ReadAction","target":["https:\/\/amec.es\/ca\/actualitat\/amec-valora-la-voluntat-expressada-de-govern-en-favor-duna-total-col%c2%b7laboracio-publicoprivada-en-la-internacionalitzacio\/"]}]},{"@type":"ImageObject","inLanguage":"ca","@id":"https:\/\/amec.es\/ca\/actualitat\/amec-valora-la-voluntat-expressada-de-govern-en-favor-duna-total-col%c2%b7laboracio-publicoprivada-en-la-internacionalitzacio\/#primaryimage","url":"","contentUrl":""},{"@type":"BreadcrumbList","@id":"https:\/\/amec.es\/ca\/actualitat\/amec-valora-la-voluntat-expressada-de-govern-en-favor-duna-total-col%c2%b7laboracio-publicoprivada-en-la-internacionalitzacio\/#breadcrumb","itemListElement":[{"@type":"ListItem","position":1,"name":"Portada","item":"https:\/\/amec.es\/ca\/home-new\/"},{"@type":"ListItem","position":2,"name":"amec valora la voluntat expressada de Govern en favor d&#8217;una total col\u00b7laboraci\u00f3 publicoprivada en la internacionalitzaci\u00f3"}]},{"@type":"WebSite","@id":"https:\/\/amec.es\/#website","url":"https:\/\/amec.es\/","name":"amec Positive Industry","description":"","publisher":{"@id":"https:\/\/amec.es\/#organization"},"potentialAction":[{"@type":"SearchAction","target":{"@type":"EntryPoint","urlTemplate":"https:\/\/amec.es\/?s={search_term_string}"},"query-input":{"@type":"PropertyValueSpecification","valueRequired":true,"valueName":"search_term_string"}}],"inLanguage":"ca"},{"@type":"Organization","@id":"https:\/\/amec.es\/#organization","name":"amec Positive Industry","url":"https:\/\/amec.es\/","logo":{"@type":"ImageObject","inLanguage":"ca","@id":"https:\/\/amec.es\/#\/schema\/logo\/image\/","url":"https:\/\/amec.es\/wp-content\/uploads\/2023\/07\/logoamec.png","contentUrl":"https:\/\/amec.es\/wp-content\/uploads\/2023\/07\/logoamec.png","width":200,"height":48,"caption":"amec Positive Industry"},"image":{"@id":"https:\/\/amec.es\/#\/schema\/logo\/image\/"}},{"@type":"Person","@id":"https:\/\/amec.es\/#\/schema\/person\/377e1e145733915506a55297ad2fc830","name":"webmaster","image":{"@type":"ImageObject","inLanguage":"ca","@id":"https:\/\/secure.gravatar.com\/avatar\/1122ff7c82efe2079ddb19cd256fc39ab150caee9b258eeae8928e7f703c39f3?s=96&d=mm&r=g","url":"https:\/\/secure.gravatar.com\/avatar\/1122ff7c82efe2079ddb19cd256fc39ab150caee9b258eeae8928e7f703c39f3?s=96&d=mm&r=g","contentUrl":"https:\/\/secure.gravatar.com\/avatar\/1122ff7c82efe2079ddb19cd256fc39ab150caee9b258eeae8928e7f703c39f3?s=96&d=mm&r=g","caption":"webmaster"}}]}},"_links":{"self":[{"href":"https:\/\/amec.es\/ca\/wp-json\/wp\/v2\/posts\/6476","targetHints":{"allow":["GET"]}}],"collection":[{"href":"https:\/\/amec.es\/ca\/wp-json\/wp\/v2\/posts"}],"about":[{"href":"https:\/\/amec.es\/ca\/wp-json\/wp\/v2\/types\/post"}],"author":[{"embeddable":true,"href":"https:\/\/amec.es\/ca\/wp-json\/wp\/v2\/users\/1"}],"replies":[{"embeddable":true,"href":"https:\/\/amec.es\/ca\/wp-json\/wp\/v2\/comments?post=6476"}],"version-history":[{"count":0,"href":"https:\/\/amec.es\/ca\/wp-json\/wp\/v2\/posts\/6476\/revisions"}],"wp:featuredmedia":[{"embeddable":true,"href":"https:\/\/amec.es\/ca\/wp-json\/"}],"wp:attachment":[{"href":"https:\/\/amec.es\/ca\/wp-json\/wp\/v2\/media?parent=6476"}],"wp:term":[{"taxonomy":"category","embeddable":true,"href":"https:\/\/amec.es\/ca\/wp-json\/wp\/v2\/categories?post=6476"},{"taxonomy":"post_tag","embeddable":true,"href":"https:\/\/amec.es\/ca\/wp-json\/wp\/v2\/tags?post=6476"}],"curies":[{"name":"wp","href":"https:\/\/api.w.org\/{rel}","templated":true}]}}