{"id":6481,"date":"2021-06-21T07:14:09","date_gmt":"2021-06-21T07:14:09","guid":{"rendered":"https:\/\/wecreatedesign.co\/dev\/WP\/amec\/?p=5606"},"modified":"2021-06-21T07:14:09","modified_gmt":"2021-06-21T07:14:09","slug":"ladaptacio-de-les-ciutats-a-lera-postpandemia-incideix-en-la-industria-de-mobilitat-i-del-paisatge-urba","status":"publish","type":"post","link":"https:\/\/amec.es\/ca\/notes-de-premsa\/ladaptacio-de-les-ciutats-a-lera-postpandemia-incideix-en-la-industria-de-mobilitat-i-del-paisatge-urba\/","title":{"rendered":"L&#8217;adaptaci\u00f3 de les ciutats a l&#8217;era postpandemia incideix en la ind\u00fastria de mobilitat i del paisatge urb\u00e0"},"content":{"rendered":"<div class=\"columna-contingut-int\">\n<div class=\"portletDetailNoticies\">\n<div class=\"amplada-pagina descripcion\">\n<p><strong>Barcelona 21 de juny de\u00a02021.<\/strong>\u00a0L&#8217;adaptaci\u00f3 de les ciutats a l&#8217;era postpandemia incideix en la ind\u00fastria de mobilitat i paisatge urb\u00e0, tal com indica la bona marxa del sector en aquest inici de 2021. Les ciutats han avan\u00e7at projectes de transformaci\u00f3 i humanitzaci\u00f3 de l&#8217;espai p\u00fablic a causa de la necessitat d&#8217;alliberar zones per als vianants i combatre la contaminaci\u00f3 i el canvi clim\u00e0tic. Com a conseq\u00fc\u00e8ncia, les exportacions de les empreses espanyoles fabricants de solucions sostenibles per a les ciutats han augmentat en el primer trimestre de l&#8217;any, tal com s&#8217;ha posat de manifest en la jornada sectorial\u00a0<strong><em>d&#8217;amec urbis,<\/em><\/strong>\u00a0que agrupa les empreses del sector.<\/p>\n<p>&nbsp;<\/p>\n<p><strong>&#8220;En tota aquesta transformaci\u00f3 s\u00f3n imprescindibles els serveis de les empreses fabricants o prove\u00efdores de solucions sostenibles per a les ciutats, relacionades amb la mobilitat urbana, el medi ambient i el paisatge urb\u00e0&#8221;,<\/strong>\u00a0tal com ha explicat Francesc Mart\u00edn, president\u00a0<strong><em>d&#8217;amec urbis,<\/em><\/strong>\u00a0que \u00e9s al seu torn director comercial de CAME Parkare.<\/p>\n<p>&nbsp;<\/p>\n<p>Els cinc principals mercats als quals es dirigeixen les exportacions espanyoles han crescut considerablement en el primer trimestre de l&#8217;any. Estats Units, el primer mercat de destinaci\u00f3 al representar un 23,15% del total de les exportacions, ha crescut un 11,9%. Les exportacions a Fran\u00e7a han augmentat un 13,7%; les dirigides a Portugal, un 37,2%, i a It\u00e0lia un 13,0%.<\/p>\n<p>&nbsp;<\/p>\n<p>En la seva globalitat, les exportacions a la Uni\u00f3 Europea representen el 46% del total. Mercats com Llatinoam\u00e8rica (4,9%) i Magrib (3,2%) s\u00ed que han experimentat un descens en el primer trimestre, degut principalment a l&#8217;impacte de la pand\u00e8mia en aquestes \u00e0rees.<\/p>\n<p>&nbsp;<\/p>\n<p>Per subsectors,\u00a0<strong>&#8220;destaquen el creixement de les empreses dedicades al disseny i la fabricaci\u00f3 de llosetes -per l&#8217;ampliaci\u00f3 dels paviments- i de mobiliari urb\u00e0, enfront de les caigudes de tractament d&#8217;aig\u00fces i sistemes de vigil\u00e0ncia&#8221;,<\/strong>\u00a0tal com ha explicat la directora d&#8217;<strong><em>amec urbis,<\/em><\/strong>\u00a0Paula Camacho.<\/p>\n<p>&nbsp;<\/p>\n<p>La trobada de les empreses del sector ha servit per intercanviar impressions sobre com estan operant i per con\u00e8ixer de primera m\u00e0 com els ajuntaments, els seus principals clients, estan projectant el canvi de les ciutats. Per a aix\u00f2 s&#8217;ha posat com a exemple el cas de la ciutat de Barcelona. Concretament, el Gerent Adjunt de Mobilitat i Infraestructures de l&#8217;Ajuntament, Manuel Vald\u00e9s, ha explicat els reptes de la mobilitat urbana i el canvi de model sostenible per a les ciutats basant-se en tot el que s&#8217;est\u00e0 posant en pr\u00e0ctica a la ciutat comtal; mentre que Xavier Matilla, arquitecte Cap de l&#8217;Ajuntament de Barcelona, ha presentat les noves perspectives en les infraestructures urbanes, explicant els projectes en desenvolupament i les l\u00ednies per on la ciutat ha d&#8217;avan\u00e7ar en el futur.<\/p>\n<p>&nbsp;<\/p>\n<p><strong>&#8220;El canvi en les ciutats \u00e9s m\u00e9s important encara despr\u00e9s de la pand\u00e8mia, pel fet que s&#8217;han evidenciat noves necessitats&#8221;,<\/strong>\u00a0ha explicat Matilla. Voreres m\u00e9s amples, zones pacificades i prioritzaci\u00f3 del vianant a l&#8217;espai urb\u00e0, control i disminuci\u00f3 del tr\u00e0nsit motoritzat per disminuir la contaminaci\u00f3, impuls i millora de l&#8217;transport p\u00fablic, de les infraestructures ferrovi\u00e0ries i els grans intercanviadors, habilitaci\u00f3 d&#8217;electrolineres, sistemes intel\u00b7ligents de transmissi\u00f3 d&#8217;informaci\u00f3 als vehicles, promoci\u00f3 de serveis de mobilitat compartida &#8230; totes aquestes s\u00f3n les solucions que est\u00e0 impulsant l&#8217;Ajuntament de Barcelona, tal com han explicat els responsables municipals en la trobada sectorial d&#8217;<strong><em>amec urbis.<\/em><\/strong><\/p>\n<p>&nbsp;<\/p>\n<p><strong>Reactivaci\u00f3 de la presencialitat de les fires<\/strong><\/p>\n<p>Durant la jornada, la directora\u00a0<strong><em>d&#8217;amec urbis<\/em><\/strong>\u00a0ha explicat com despr\u00e9s del par\u00e8ntesi firal sofert per la pand\u00e8mia, s&#8217;estan reactivant les cites presencials, amb la celebraci\u00f3 d&#8217;importants punts de trobada de sector despr\u00e9s de l&#8217;estiu, en els quals\u00a0<strong><em>amec<\/em><\/strong>\u00a0ajuda a les empreses a tenir pres\u00e8ncia, promocionar-se i contactar amb els seus potencials clients. Aix\u00ed, a l&#8217;octubre tindran lloc les fires Pollutec Li\u00f3 i ITS World Congress, ia Espanya, tamb\u00e9 el mateix mes, Municip\u00e0lia i Smagua. Aix\u00ed mateix,\u00a0<strong><em>amec<\/em><\/strong>\u00a0dur\u00e0 a terme en el segon semestre missions empresarials virtuals a Pa\u00efsos N\u00f2rdics i Singapur, Austr\u00e0lia i Nova Zelanda.<\/p>\n<p>&nbsp;<\/p>\n<p><strong><em>amec<\/em><\/strong>\u00a0treballa a m\u00e9s en la promoci\u00f3 de la prospectiva i l&#8217;anticipaci\u00f3, perqu\u00e8 les empreses puguin elaborar les seves estrat\u00e8gies i captar les oportunitats, facilitant-los tota la informaci\u00f3 i estudis que elabora l&#8217;Observatori\u00a0<strong><em>amec.<\/em><\/strong>\u00a0Al mateix temps est\u00e0 impulsant la innovaci\u00f3 mitjan\u00e7ant la detecci\u00f3 i impuls de nous projectes i l&#8217;acc\u00e9s a ajuts p\u00fablics i als Fons Next Generation. La col\u00b7laboraci\u00f3 entre els seus membres \u00e9s a m\u00e9s part essencial de l&#8217;activitat d&#8217;<strong><em>amec,<\/em><\/strong>\u00a0i es porta a terme tant en les trobades constants de networking com a la Zona Co del web d&#8217;<strong><em>amec,<\/em><\/strong>\u00a0on les empreses intercanvien projectes i coneixement.<\/p>\n<p>&nbsp;<\/p>\n<p><strong><em>amec<\/em><\/strong>\u00a0<strong>impulsa els nous factors clau de competitivitat a les empreses<\/strong><\/p>\n<p>La comunitat de les empreses industrials internacionalitzades\u00a0<strong><em>amec<\/em><\/strong>\u00a0impulsa els\u00a0<a href=\"https:\/\/www.youtube.com\/watch?v=SDztjgsQdBk&amp;feature=youtu.be\">nous factors clau de competitivitat a les empreses a Espanya<\/a>\u00a0:\u00a0<strong>anticipaci\u00f3, adaptabilitat, col\u00b7laboraci\u00f3, glocalitzaci\u00f3 i sostenibilitat.<\/strong>\u00a0Les empreses que formen part\u00a0<strong><em>d&#8217;amec<\/em><\/strong>\u00a0generen un volum d&#8217;exportaci\u00f3 superior als 6.200 milions d&#8217;euros, exporten de mitjana el 53,6% de la seva facturaci\u00f3 i inverteixen el 3,9% en innovaci\u00f3.<\/p>\n<p>&nbsp;<\/p>\n<p><strong>Per a m\u00e9s informaci\u00f3 i entrevistes:<\/strong><\/p>\n<p>Gl\u00f2ria Ayuso<\/p>\n<p>Gloria.ayuso@ga-binet.com<\/p>\n<p>Tel. 654 60 95 18<\/p>\n<\/div>\n<\/div>\n<div class=\"registre-accions amplada-pagina\">\n<div class=\"addthis_inline_share_toolbox\" data-url=\"https:\/\/www.amec.es\/ca\/pl191\/amecnews\/notas-de-prensa\/id754\/la-adaptacion-de-las-ciudades-a-la-era-postpandemia-incide-en-la-industria-de-movilidad-y-paisaje-urbano.htm?fcat_191=378\" data-title=\"L'adaptaci\u00f3 de les ciutats a l'era postpandemia incideix en la ind\u00fastria de mobilitat i del paisatge urb\u00e0\" data-description=\"Barcelona 21 de juny de 2021. L'adaptaci\u00f3 de les ciutats a l'era postpandemia incideix en la ind\u00fastria de mobilitat i paisatge urb\u00e0, tal com indica la bona marxa del sector en aquest inici de 2021. Les ciutats han avan\u00e7at projectes de transformaci\u00f3 i humanitzaci\u00f3 de l'espai p\u00fablic a causa de la necessitat d'alliberar zones per als vianants i combatre la contaminaci\u00f3 i el canvi clim\u00e0tic. Com a conseq\u00fc\u00e8ncia, les exportacions de les empreses espanyoles fabricants de solucions sostenibles...\">\n<div id=\"atstbx\" class=\"at-resp-share-element at-style-responsive addthis-smartlayers addthis-animated at4-show\" role=\"region\" aria-labelledby=\"at-26538c32-e3c1-417b-b2ee-13960ba24119\"><span id=\"at-26538c32-e3c1-417b-b2ee-13960ba24119\" class=\"at4-visually-hidden\"><\/span><\/p>\n<div class=\"at-share-btn-elements\"><\/div>\n<\/div>\n<\/div>\n<\/div>\n<\/div>\n<div id=\"registres-relacionats\" class=\"registres-relacionats\">\n<div class=\"amplada-pagina\">\n<div class=\"gallery-controls\"><\/div>\n<div class=\"portlet-relacionat\">\n<h2 class=\"main_title\">Not\u00edcies relacionades<\/h2>\n<p><a name=\"portlet199\"><\/a><\/p>\n<div class=\"amplada-pagina amplada-pagina-marges \">\n<ul id=\"portlet-199\" class=\"infinite-scroll llista-portada-amb-imatges interior tres_columnes\" data-pl=\"199\" data-pageid=\"184\" data-topicid=\"0\">\n<li>\n<div class=\"llista-img-sup\"><a style=\"margin: 0px; padding: 0px; border: 0px; outline: 0px; font-weight: bold; font-style: inherit; text-decoration: none; cursor: pointer; color: #002e84;\" title=\"&lt;em&gt;amec&lt;\/em&gt; i el Servei Catal\u00e0 del Tr\u00e0nsit acorden col\u00b7laborar perqu\u00e8 les solucions innovadores de les empreses arribin al sector de la mobilitat\" href=\"https:\/\/www.amec.es\/ca\/pl199\/amecnews\/noticias\/id889\/amec-y-el-servei-catala-del-transit-acuerdan-colaborar-para-que-las-soluciones-innovadoras-de-las-empresas-lleguen-al-sector-de-la-movilidad.htm\" data-href=\"\/ca\/pl199\/amecnews\/noticias\/id889\/amec-y-el-servei-catala-del-transit-acuerdan-colaborar-para-que-las-soluciones-innovadoras-de-las-empresas-lleguen-al-sector-de-la-movilidad.htm\"><img fetchpriority=\"high\" decoding=\"async\" src=\"http:\/\/wecreatedesign.co\/dev\/WP\/amec\/wp-content\/uploads\/2023\/03\/urbis-sct-redim-prop66-enc-w480-h320.png\" alt=\"urbis-SCT\" width=\"480\" height=\"320\" \/><\/a><\/div>\n<div class=\"llista-contingut\">\n<p class=\"categoria\">NOTA DE PREMSA<\/p>\n<p><a class=\"titolblau21\" style=\"margin: 0px; padding: 0px; border: 0px; outline: 0px; font-weight: bold; font-style: inherit; text-decoration: none; cursor: pointer; color: #002e84; font-size: 21px;\" title=\"&lt;em&gt;amec&lt;\/em&gt; i el Servei Catal\u00e0 del Tr\u00e0nsit acorden col\u00b7laborar perqu\u00e8 les solucions innovadores de les empreses arribin al sector de la mobilitat\" href=\"https:\/\/www.amec.es\/ca\/pl199\/amecnews\/noticias\/id889\/amec-y-el-servei-catala-del-transit-acuerdan-colaborar-para-que-las-soluciones-innovadoras-de-las-empresas-lleguen-al-sector-de-la-movilidad.htm\" data-href=\"\/ca\/pl199\/amecnews\/noticias\/id889\/amec-y-el-servei-catala-del-transit-acuerdan-colaborar-para-que-las-soluciones-innovadoras-de-las-empresas-lleguen-al-sector-de-la-movilidad.htm\"><em>amec<\/em>\u00a0i el Servei Catal\u00e0 del Tr\u00e0nsit acorden col\u00b7laborar perqu\u00e8 les solucions innovadores de les empreses arribin al sector de la mobilitat<\/a><\/p>\n<p><a class=\"textegrisfosc14\" style=\"margin: 0px; padding: 0px; border: 0px; outline: 0px; font-weight: bold; font-style: inherit; text-decoration: none; cursor: pointer; color: #002e84; font-size: 14px;\" title=\"&lt;em&gt;amec&lt;\/em&gt; i el Servei Catal\u00e0 del Tr\u00e0nsit acorden col\u00b7laborar perqu\u00e8 les solucions innovadores de les empreses arribin al sector de la mobilitat\" href=\"https:\/\/www.amec.es\/ca\/pl199\/amecnews\/noticias\/id889\/amec-y-el-servei-catala-del-transit-acuerdan-colaborar-para-que-las-soluciones-innovadoras-de-las-empresas-lleguen-al-sector-de-la-movilidad.htm\" data-href=\"\/ca\/pl199\/amecnews\/noticias\/id889\/amec-y-el-servei-catala-del-transit-acuerdan-colaborar-para-que-las-soluciones-innovadoras-de-las-empresas-lleguen-al-sector-de-la-movilidad.htm\">20 de gener de 2022<\/a><\/p>\n<\/div>\n<\/li>\n<li>\n<div class=\"llista-img-sup\"><a style=\"margin: 0px; padding: 0px; border: 0px; outline: 0px; font-weight: bold; font-style: inherit; text-decoration: none; cursor: pointer; color: #002e84;\" title=\"&lt;em&gt;amec&lt;\/em&gt; i Municip\u00e0lia ofereixen als membres de la comunitat descomptes en la seva participaci\u00f3\" href=\"https:\/\/www.amec.es\/ca\/pl199\/amecnews\/noticias\/id806\/amec-y-municipalia-ofrecen-a-los-miembros-de-la-comunidad-descuentos-en-su-participacion.htm\" data-href=\"\/ca\/pl199\/amecnews\/noticias\/id806\/amec-y-municipalia-ofrecen-a-los-miembros-de-la-comunidad-descuentos-en-su-participacion.htm\"><img decoding=\"async\" src=\"http:\/\/wecreatedesign.co\/dev\/WP\/amec\/wp-content\/uploads\/2023\/03\/municipalia-2021-2-redim-prop66-enc-w480-h320-1.jpg\" alt=\"municipalia-2021\" width=\"480\" height=\"320\" \/><\/a><\/div>\n<div class=\"llista-contingut\">\n<p class=\"categoria\">ACTUALITAT<\/p>\n<p><a class=\"titolblau21\" style=\"margin: 0px; padding: 0px; border: 0px; outline: 0px; font-weight: bold; font-style: inherit; text-decoration: none; cursor: pointer; color: #002e84; font-size: 21px;\" title=\"&lt;em&gt;amec&lt;\/em&gt; i Municip\u00e0lia ofereixen als membres de la comunitat descomptes en la seva participaci\u00f3\" href=\"https:\/\/www.amec.es\/ca\/pl199\/amecnews\/noticias\/id806\/amec-y-municipalia-ofrecen-a-los-miembros-de-la-comunidad-descuentos-en-su-participacion.htm\" data-href=\"\/ca\/pl199\/amecnews\/noticias\/id806\/amec-y-municipalia-ofrecen-a-los-miembros-de-la-comunidad-descuentos-en-su-participacion.htm\"><em>amec<\/em>\u00a0i Municip\u00e0lia ofereixen als membres de la comunitat descomptes en la seva participaci\u00f3<\/a><\/p>\n<p><a class=\"textegrisfosc14\" style=\"margin: 0px; padding: 0px; border: 0px; outline: 0px; font-weight: bold; font-style: inherit; text-decoration: none; cursor: pointer; color: #002e84; font-size: 14px;\" title=\"&lt;em&gt;amec&lt;\/em&gt; i Municip\u00e0lia ofereixen als membres de la comunitat descomptes en la seva participaci\u00f3\" href=\"https:\/\/www.amec.es\/ca\/pl199\/amecnews\/noticias\/id806\/amec-y-municipalia-ofrecen-a-los-miembros-de-la-comunidad-descuentos-en-su-participacion.htm\" data-href=\"\/ca\/pl199\/amecnews\/noticias\/id806\/amec-y-municipalia-ofrecen-a-los-miembros-de-la-comunidad-descuentos-en-su-participacion.htm\">15 de setembre de 2021<\/a><\/p>\n<\/div>\n<\/li>\n<\/ul>\n","protected":false},"excerpt":{"rendered":"<p>Barcelona 21 de juny de\u00a02021.\u00a0L&#8217;adaptaci\u00f3 de les ciutats a l&#8217;era postpandemia incideix en la ind\u00fastria de mobilitat i paisatge urb\u00e0, tal com indica la bona marxa del sector en aquest inici de 2021. Les ciutats han avan\u00e7at projectes de transformaci\u00f3 i humanitzaci\u00f3 de l&#8217;espai p\u00fablic a causa de la necessitat d&#8217;alliberar zones per als vianants [&hellip;]<\/p>\n","protected":false},"author":1,"featured_media":0,"comment_status":"open","ping_status":"open","sticky":false,"template":"","format":"standard","meta":{"inline_featured_image":false,"footnotes":""},"categories":[28],"tags":[],"class_list":["post-6481","post","type-post","status-publish","format-standard","hentry","category-notes-de-premsa"],"yoast_head":"<!-- This site is optimized with the Yoast SEO plugin v27.3 - https:\/\/yoast.com\/product\/yoast-seo-wordpress\/ -->\n<title>L&#039;adaptaci\u00f3 de les ciutats a l&#039;era postpandemia incideix en la ind\u00fastria de mobilitat i del paisatge urb\u00e0 | amec Positive Industry<\/title>\n<meta name=\"robots\" content=\"index, follow, max-snippet:-1, max-image-preview:large, max-video-preview:-1\" \/>\n<link rel=\"canonical\" href=\"https:\/\/amec.es\/ca\/notes-de-premsa\/ladaptacio-de-les-ciutats-a-lera-postpandemia-incideix-en-la-industria-de-mobilitat-i-del-paisatge-urba\/\" \/>\n<meta property=\"og:locale\" content=\"ca_ES\" \/>\n<meta property=\"og:type\" content=\"article\" \/>\n<meta property=\"og:title\" content=\"L&#039;adaptaci\u00f3 de les ciutats a l&#039;era postpandemia incideix en la ind\u00fastria de mobilitat i del paisatge urb\u00e0 | amec Positive Industry\" \/>\n<meta property=\"og:description\" content=\"Barcelona 21 de juny de\u00a02021.\u00a0L&#8217;adaptaci\u00f3 de les ciutats a l&#8217;era postpandemia incideix en la ind\u00fastria de mobilitat i paisatge urb\u00e0, tal com indica la bona marxa del sector en aquest inici de 2021. Les ciutats han avan\u00e7at projectes de transformaci\u00f3 i humanitzaci\u00f3 de l&#8217;espai p\u00fablic a causa de la necessitat d&#8217;alliberar zones per als vianants [&hellip;]\" \/>\n<meta property=\"og:url\" content=\"https:\/\/amec.es\/ca\/notes-de-premsa\/ladaptacio-de-les-ciutats-a-lera-postpandemia-incideix-en-la-industria-de-mobilitat-i-del-paisatge-urba\/\" \/>\n<meta property=\"og:site_name\" content=\"amec Positive Industry\" \/>\n<meta property=\"article:published_time\" content=\"2021-06-21T07:14:09+00:00\" \/>\n<meta property=\"og:image\" content=\"http:\/\/wecreatedesign.co\/dev\/WP\/amec\/wp-content\/uploads\/2023\/03\/urbis-sct-redim-prop66-enc-w480-h320.png\" \/>\n<meta name=\"author\" content=\"webmaster\" \/>\n<meta name=\"twitter:card\" content=\"summary_large_image\" \/>\n<meta name=\"twitter:label1\" content=\"Escrit per\" \/>\n\t<meta name=\"twitter:data1\" content=\"webmaster\" \/>\n\t<meta name=\"twitter:label2\" content=\"Temps estimat de lectura\" \/>\n\t<meta name=\"twitter:data2\" content=\"5 minuts\" \/>\n<script type=\"application\/ld+json\" class=\"yoast-schema-graph\">{\"@context\":\"https:\\\/\\\/schema.org\",\"@graph\":[{\"@type\":\"Article\",\"@id\":\"https:\\\/\\\/amec.es\\\/ca\\\/notes-de-premsa\\\/ladaptacio-de-les-ciutats-a-lera-postpandemia-incideix-en-la-industria-de-mobilitat-i-del-paisatge-urba\\\/#article\",\"isPartOf\":{\"@id\":\"https:\\\/\\\/amec.es\\\/ca\\\/notes-de-premsa\\\/ladaptacio-de-les-ciutats-a-lera-postpandemia-incideix-en-la-industria-de-mobilitat-i-del-paisatge-urba\\\/\"},\"author\":{\"name\":\"webmaster\",\"@id\":\"https:\\\/\\\/amec.es\\\/#\\\/schema\\\/person\\\/377e1e145733915506a55297ad2fc830\"},\"headline\":\"L&#8217;adaptaci\u00f3 de les ciutats a l&#8217;era postpandemia incideix en la ind\u00fastria de mobilitat i del paisatge urb\u00e0\",\"datePublished\":\"2021-06-21T07:14:09+00:00\",\"mainEntityOfPage\":{\"@id\":\"https:\\\/\\\/amec.es\\\/ca\\\/notes-de-premsa\\\/ladaptacio-de-les-ciutats-a-lera-postpandemia-incideix-en-la-industria-de-mobilitat-i-del-paisatge-urba\\\/\"},\"wordCount\":973,\"commentCount\":0,\"publisher\":{\"@id\":\"https:\\\/\\\/amec.es\\\/#organization\"},\"image\":{\"@id\":\"https:\\\/\\\/amec.es\\\/ca\\\/notes-de-premsa\\\/ladaptacio-de-les-ciutats-a-lera-postpandemia-incideix-en-la-industria-de-mobilitat-i-del-paisatge-urba\\\/#primaryimage\"},\"thumbnailUrl\":\"http:\\\/\\\/wecreatedesign.co\\\/dev\\\/WP\\\/amec\\\/wp-content\\\/uploads\\\/2023\\\/03\\\/urbis-sct-redim-prop66-enc-w480-h320.png\",\"articleSection\":[\"Notes de premsa\"],\"inLanguage\":\"ca\",\"potentialAction\":[{\"@type\":\"CommentAction\",\"name\":\"Comment\",\"target\":[\"https:\\\/\\\/amec.es\\\/ca\\\/notes-de-premsa\\\/ladaptacio-de-les-ciutats-a-lera-postpandemia-incideix-en-la-industria-de-mobilitat-i-del-paisatge-urba\\\/#respond\"]}]},{\"@type\":\"WebPage\",\"@id\":\"https:\\\/\\\/amec.es\\\/ca\\\/notes-de-premsa\\\/ladaptacio-de-les-ciutats-a-lera-postpandemia-incideix-en-la-industria-de-mobilitat-i-del-paisatge-urba\\\/\",\"url\":\"https:\\\/\\\/amec.es\\\/ca\\\/notes-de-premsa\\\/ladaptacio-de-les-ciutats-a-lera-postpandemia-incideix-en-la-industria-de-mobilitat-i-del-paisatge-urba\\\/\",\"name\":\"L'adaptaci\u00f3 de les ciutats a l'era postpandemia incideix en la ind\u00fastria de mobilitat i del paisatge urb\u00e0 | amec Positive Industry\",\"isPartOf\":{\"@id\":\"https:\\\/\\\/amec.es\\\/#website\"},\"primaryImageOfPage\":{\"@id\":\"https:\\\/\\\/amec.es\\\/ca\\\/notes-de-premsa\\\/ladaptacio-de-les-ciutats-a-lera-postpandemia-incideix-en-la-industria-de-mobilitat-i-del-paisatge-urba\\\/#primaryimage\"},\"image\":{\"@id\":\"https:\\\/\\\/amec.es\\\/ca\\\/notes-de-premsa\\\/ladaptacio-de-les-ciutats-a-lera-postpandemia-incideix-en-la-industria-de-mobilitat-i-del-paisatge-urba\\\/#primaryimage\"},\"thumbnailUrl\":\"http:\\\/\\\/wecreatedesign.co\\\/dev\\\/WP\\\/amec\\\/wp-content\\\/uploads\\\/2023\\\/03\\\/urbis-sct-redim-prop66-enc-w480-h320.png\",\"datePublished\":\"2021-06-21T07:14:09+00:00\",\"breadcrumb\":{\"@id\":\"https:\\\/\\\/amec.es\\\/ca\\\/notes-de-premsa\\\/ladaptacio-de-les-ciutats-a-lera-postpandemia-incideix-en-la-industria-de-mobilitat-i-del-paisatge-urba\\\/#breadcrumb\"},\"inLanguage\":\"ca\",\"potentialAction\":[{\"@type\":\"ReadAction\",\"target\":[\"https:\\\/\\\/amec.es\\\/ca\\\/notes-de-premsa\\\/ladaptacio-de-les-ciutats-a-lera-postpandemia-incideix-en-la-industria-de-mobilitat-i-del-paisatge-urba\\\/\"]}]},{\"@type\":\"ImageObject\",\"inLanguage\":\"ca\",\"@id\":\"https:\\\/\\\/amec.es\\\/ca\\\/notes-de-premsa\\\/ladaptacio-de-les-ciutats-a-lera-postpandemia-incideix-en-la-industria-de-mobilitat-i-del-paisatge-urba\\\/#primaryimage\",\"url\":\"http:\\\/\\\/wecreatedesign.co\\\/dev\\\/WP\\\/amec\\\/wp-content\\\/uploads\\\/2023\\\/03\\\/urbis-sct-redim-prop66-enc-w480-h320.png\",\"contentUrl\":\"http:\\\/\\\/wecreatedesign.co\\\/dev\\\/WP\\\/amec\\\/wp-content\\\/uploads\\\/2023\\\/03\\\/urbis-sct-redim-prop66-enc-w480-h320.png\"},{\"@type\":\"BreadcrumbList\",\"@id\":\"https:\\\/\\\/amec.es\\\/ca\\\/notes-de-premsa\\\/ladaptacio-de-les-ciutats-a-lera-postpandemia-incideix-en-la-industria-de-mobilitat-i-del-paisatge-urba\\\/#breadcrumb\",\"itemListElement\":[{\"@type\":\"ListItem\",\"position\":1,\"name\":\"Portada\",\"item\":\"https:\\\/\\\/amec.es\\\/ca\\\/home-new\\\/\"},{\"@type\":\"ListItem\",\"position\":2,\"name\":\"L&#8217;adaptaci\u00f3 de les ciutats a l&#8217;era postpandemia incideix en la ind\u00fastria de mobilitat i del paisatge urb\u00e0\"}]},{\"@type\":\"WebSite\",\"@id\":\"https:\\\/\\\/amec.es\\\/#website\",\"url\":\"https:\\\/\\\/amec.es\\\/\",\"name\":\"amec Positive Industry\",\"description\":\"\",\"publisher\":{\"@id\":\"https:\\\/\\\/amec.es\\\/#organization\"},\"potentialAction\":[{\"@type\":\"SearchAction\",\"target\":{\"@type\":\"EntryPoint\",\"urlTemplate\":\"https:\\\/\\\/amec.es\\\/?s={search_term_string}\"},\"query-input\":{\"@type\":\"PropertyValueSpecification\",\"valueRequired\":true,\"valueName\":\"search_term_string\"}}],\"inLanguage\":\"ca\"},{\"@type\":\"Organization\",\"@id\":\"https:\\\/\\\/amec.es\\\/#organization\",\"name\":\"amec Positive Industry\",\"url\":\"https:\\\/\\\/amec.es\\\/\",\"logo\":{\"@type\":\"ImageObject\",\"inLanguage\":\"ca\",\"@id\":\"https:\\\/\\\/amec.es\\\/#\\\/schema\\\/logo\\\/image\\\/\",\"url\":\"https:\\\/\\\/amec.es\\\/wp-content\\\/uploads\\\/2023\\\/07\\\/logoamec.png\",\"contentUrl\":\"https:\\\/\\\/amec.es\\\/wp-content\\\/uploads\\\/2023\\\/07\\\/logoamec.png\",\"width\":200,\"height\":48,\"caption\":\"amec Positive Industry\"},\"image\":{\"@id\":\"https:\\\/\\\/amec.es\\\/#\\\/schema\\\/logo\\\/image\\\/\"}},{\"@type\":\"Person\",\"@id\":\"https:\\\/\\\/amec.es\\\/#\\\/schema\\\/person\\\/377e1e145733915506a55297ad2fc830\",\"name\":\"webmaster\",\"image\":{\"@type\":\"ImageObject\",\"inLanguage\":\"ca\",\"@id\":\"https:\\\/\\\/secure.gravatar.com\\\/avatar\\\/1122ff7c82efe2079ddb19cd256fc39ab150caee9b258eeae8928e7f703c39f3?s=96&d=mm&r=g\",\"url\":\"https:\\\/\\\/secure.gravatar.com\\\/avatar\\\/1122ff7c82efe2079ddb19cd256fc39ab150caee9b258eeae8928e7f703c39f3?s=96&d=mm&r=g\",\"contentUrl\":\"https:\\\/\\\/secure.gravatar.com\\\/avatar\\\/1122ff7c82efe2079ddb19cd256fc39ab150caee9b258eeae8928e7f703c39f3?s=96&d=mm&r=g\",\"caption\":\"webmaster\"}}]}<\/script>\n<!-- \/ Yoast SEO plugin. -->","yoast_head_json":{"title":"L'adaptaci\u00f3 de les ciutats a l'era postpandemia incideix en la ind\u00fastria de mobilitat i del paisatge urb\u00e0 | amec Positive Industry","robots":{"index":"index","follow":"follow","max-snippet":"max-snippet:-1","max-image-preview":"max-image-preview:large","max-video-preview":"max-video-preview:-1"},"canonical":"https:\/\/amec.es\/ca\/notes-de-premsa\/ladaptacio-de-les-ciutats-a-lera-postpandemia-incideix-en-la-industria-de-mobilitat-i-del-paisatge-urba\/","og_locale":"ca_ES","og_type":"article","og_title":"L'adaptaci\u00f3 de les ciutats a l'era postpandemia incideix en la ind\u00fastria de mobilitat i del paisatge urb\u00e0 | amec Positive Industry","og_description":"Barcelona 21 de juny de\u00a02021.\u00a0L&#8217;adaptaci\u00f3 de les ciutats a l&#8217;era postpandemia incideix en la ind\u00fastria de mobilitat i paisatge urb\u00e0, tal com indica la bona marxa del sector en aquest inici de 2021. Les ciutats han avan\u00e7at projectes de transformaci\u00f3 i humanitzaci\u00f3 de l&#8217;espai p\u00fablic a causa de la necessitat d&#8217;alliberar zones per als vianants [&hellip;]","og_url":"https:\/\/amec.es\/ca\/notes-de-premsa\/ladaptacio-de-les-ciutats-a-lera-postpandemia-incideix-en-la-industria-de-mobilitat-i-del-paisatge-urba\/","og_site_name":"amec Positive Industry","article_published_time":"2021-06-21T07:14:09+00:00","og_image":[{"url":"http:\/\/wecreatedesign.co\/dev\/WP\/amec\/wp-content\/uploads\/2023\/03\/urbis-sct-redim-prop66-enc-w480-h320.png","type":"","width":"","height":""}],"author":"webmaster","twitter_card":"summary_large_image","twitter_misc":{"Escrit per":"webmaster","Temps estimat de lectura":"5 minuts"},"schema":{"@context":"https:\/\/schema.org","@graph":[{"@type":"Article","@id":"https:\/\/amec.es\/ca\/notes-de-premsa\/ladaptacio-de-les-ciutats-a-lera-postpandemia-incideix-en-la-industria-de-mobilitat-i-del-paisatge-urba\/#article","isPartOf":{"@id":"https:\/\/amec.es\/ca\/notes-de-premsa\/ladaptacio-de-les-ciutats-a-lera-postpandemia-incideix-en-la-industria-de-mobilitat-i-del-paisatge-urba\/"},"author":{"name":"webmaster","@id":"https:\/\/amec.es\/#\/schema\/person\/377e1e145733915506a55297ad2fc830"},"headline":"L&#8217;adaptaci\u00f3 de les ciutats a l&#8217;era postpandemia incideix en la ind\u00fastria de mobilitat i del paisatge urb\u00e0","datePublished":"2021-06-21T07:14:09+00:00","mainEntityOfPage":{"@id":"https:\/\/amec.es\/ca\/notes-de-premsa\/ladaptacio-de-les-ciutats-a-lera-postpandemia-incideix-en-la-industria-de-mobilitat-i-del-paisatge-urba\/"},"wordCount":973,"commentCount":0,"publisher":{"@id":"https:\/\/amec.es\/#organization"},"image":{"@id":"https:\/\/amec.es\/ca\/notes-de-premsa\/ladaptacio-de-les-ciutats-a-lera-postpandemia-incideix-en-la-industria-de-mobilitat-i-del-paisatge-urba\/#primaryimage"},"thumbnailUrl":"http:\/\/wecreatedesign.co\/dev\/WP\/amec\/wp-content\/uploads\/2023\/03\/urbis-sct-redim-prop66-enc-w480-h320.png","articleSection":["Notes de premsa"],"inLanguage":"ca","potentialAction":[{"@type":"CommentAction","name":"Comment","target":["https:\/\/amec.es\/ca\/notes-de-premsa\/ladaptacio-de-les-ciutats-a-lera-postpandemia-incideix-en-la-industria-de-mobilitat-i-del-paisatge-urba\/#respond"]}]},{"@type":"WebPage","@id":"https:\/\/amec.es\/ca\/notes-de-premsa\/ladaptacio-de-les-ciutats-a-lera-postpandemia-incideix-en-la-industria-de-mobilitat-i-del-paisatge-urba\/","url":"https:\/\/amec.es\/ca\/notes-de-premsa\/ladaptacio-de-les-ciutats-a-lera-postpandemia-incideix-en-la-industria-de-mobilitat-i-del-paisatge-urba\/","name":"L'adaptaci\u00f3 de les ciutats a l'era postpandemia incideix en la ind\u00fastria de mobilitat i del paisatge urb\u00e0 | amec Positive Industry","isPartOf":{"@id":"https:\/\/amec.es\/#website"},"primaryImageOfPage":{"@id":"https:\/\/amec.es\/ca\/notes-de-premsa\/ladaptacio-de-les-ciutats-a-lera-postpandemia-incideix-en-la-industria-de-mobilitat-i-del-paisatge-urba\/#primaryimage"},"image":{"@id":"https:\/\/amec.es\/ca\/notes-de-premsa\/ladaptacio-de-les-ciutats-a-lera-postpandemia-incideix-en-la-industria-de-mobilitat-i-del-paisatge-urba\/#primaryimage"},"thumbnailUrl":"http:\/\/wecreatedesign.co\/dev\/WP\/amec\/wp-content\/uploads\/2023\/03\/urbis-sct-redim-prop66-enc-w480-h320.png","datePublished":"2021-06-21T07:14:09+00:00","breadcrumb":{"@id":"https:\/\/amec.es\/ca\/notes-de-premsa\/ladaptacio-de-les-ciutats-a-lera-postpandemia-incideix-en-la-industria-de-mobilitat-i-del-paisatge-urba\/#breadcrumb"},"inLanguage":"ca","potentialAction":[{"@type":"ReadAction","target":["https:\/\/amec.es\/ca\/notes-de-premsa\/ladaptacio-de-les-ciutats-a-lera-postpandemia-incideix-en-la-industria-de-mobilitat-i-del-paisatge-urba\/"]}]},{"@type":"ImageObject","inLanguage":"ca","@id":"https:\/\/amec.es\/ca\/notes-de-premsa\/ladaptacio-de-les-ciutats-a-lera-postpandemia-incideix-en-la-industria-de-mobilitat-i-del-paisatge-urba\/#primaryimage","url":"http:\/\/wecreatedesign.co\/dev\/WP\/amec\/wp-content\/uploads\/2023\/03\/urbis-sct-redim-prop66-enc-w480-h320.png","contentUrl":"http:\/\/wecreatedesign.co\/dev\/WP\/amec\/wp-content\/uploads\/2023\/03\/urbis-sct-redim-prop66-enc-w480-h320.png"},{"@type":"BreadcrumbList","@id":"https:\/\/amec.es\/ca\/notes-de-premsa\/ladaptacio-de-les-ciutats-a-lera-postpandemia-incideix-en-la-industria-de-mobilitat-i-del-paisatge-urba\/#breadcrumb","itemListElement":[{"@type":"ListItem","position":1,"name":"Portada","item":"https:\/\/amec.es\/ca\/home-new\/"},{"@type":"ListItem","position":2,"name":"L&#8217;adaptaci\u00f3 de les ciutats a l&#8217;era postpandemia incideix en la ind\u00fastria de mobilitat i del paisatge urb\u00e0"}]},{"@type":"WebSite","@id":"https:\/\/amec.es\/#website","url":"https:\/\/amec.es\/","name":"amec Positive Industry","description":"","publisher":{"@id":"https:\/\/amec.es\/#organization"},"potentialAction":[{"@type":"SearchAction","target":{"@type":"EntryPoint","urlTemplate":"https:\/\/amec.es\/?s={search_term_string}"},"query-input":{"@type":"PropertyValueSpecification","valueRequired":true,"valueName":"search_term_string"}}],"inLanguage":"ca"},{"@type":"Organization","@id":"https:\/\/amec.es\/#organization","name":"amec Positive Industry","url":"https:\/\/amec.es\/","logo":{"@type":"ImageObject","inLanguage":"ca","@id":"https:\/\/amec.es\/#\/schema\/logo\/image\/","url":"https:\/\/amec.es\/wp-content\/uploads\/2023\/07\/logoamec.png","contentUrl":"https:\/\/amec.es\/wp-content\/uploads\/2023\/07\/logoamec.png","width":200,"height":48,"caption":"amec Positive Industry"},"image":{"@id":"https:\/\/amec.es\/#\/schema\/logo\/image\/"}},{"@type":"Person","@id":"https:\/\/amec.es\/#\/schema\/person\/377e1e145733915506a55297ad2fc830","name":"webmaster","image":{"@type":"ImageObject","inLanguage":"ca","@id":"https:\/\/secure.gravatar.com\/avatar\/1122ff7c82efe2079ddb19cd256fc39ab150caee9b258eeae8928e7f703c39f3?s=96&d=mm&r=g","url":"https:\/\/secure.gravatar.com\/avatar\/1122ff7c82efe2079ddb19cd256fc39ab150caee9b258eeae8928e7f703c39f3?s=96&d=mm&r=g","contentUrl":"https:\/\/secure.gravatar.com\/avatar\/1122ff7c82efe2079ddb19cd256fc39ab150caee9b258eeae8928e7f703c39f3?s=96&d=mm&r=g","caption":"webmaster"}}]}},"_links":{"self":[{"href":"https:\/\/amec.es\/ca\/wp-json\/wp\/v2\/posts\/6481","targetHints":{"allow":["GET"]}}],"collection":[{"href":"https:\/\/amec.es\/ca\/wp-json\/wp\/v2\/posts"}],"about":[{"href":"https:\/\/amec.es\/ca\/wp-json\/wp\/v2\/types\/post"}],"author":[{"embeddable":true,"href":"https:\/\/amec.es\/ca\/wp-json\/wp\/v2\/users\/1"}],"replies":[{"embeddable":true,"href":"https:\/\/amec.es\/ca\/wp-json\/wp\/v2\/comments?post=6481"}],"version-history":[{"count":0,"href":"https:\/\/amec.es\/ca\/wp-json\/wp\/v2\/posts\/6481\/revisions"}],"wp:attachment":[{"href":"https:\/\/amec.es\/ca\/wp-json\/wp\/v2\/media?parent=6481"}],"wp:term":[{"taxonomy":"category","embeddable":true,"href":"https:\/\/amec.es\/ca\/wp-json\/wp\/v2\/categories?post=6481"},{"taxonomy":"post_tag","embeddable":true,"href":"https:\/\/amec.es\/ca\/wp-json\/wp\/v2\/tags?post=6481"}],"curies":[{"name":"wp","href":"https:\/\/api.w.org\/{rel}","templated":true}]}}