{"id":6483,"date":"2021-07-26T04:50:22","date_gmt":"2021-07-26T04:50:22","guid":{"rendered":"https:\/\/wecreatedesign.co\/dev\/WP\/amec\/?p=4201"},"modified":"2021-07-26T04:50:22","modified_gmt":"2021-07-26T04:50:22","slug":"diario-amecnews-04-cual-es-la-dimension-optima-para-la-empresa-industrial","status":"publish","type":"post","link":"https:\/\/amec.es\/ca\/diari-amecnews\/diario-amecnews-04-cual-es-la-dimension-optima-para-la-empresa-industrial\/","title":{"rendered":"Diari amecnews 04: Quina \u00e9s la dimensi\u00f3 \u00f2ptima per a l&#8217;empresa industrial?"},"content":{"rendered":"<p>&nbsp;<\/p>\n<p><a title=\"revista-amec-news-n4-v8-low.pdf\" href=\"https:\/\/www.amec.es\/files\/doc354\/revista-amec-news-n4-v8-low.pdf\" target=\"_blank\" rel=\"noopener\"><img fetchpriority=\"high\" decoding=\"async\" src=\"http:\/\/wecreatedesign.co\/dev\/WP\/amec\/wp-content\/uploads\/2021\/07\/amecnews-4-redim-w800-h1125-1.jpg\" alt=\"amecnews-4.JPG\" width=\"800\" height=\"1125\" \/><\/a><\/p>\n","protected":false},"excerpt":{"rendered":"<p>&nbsp;<\/p>\n","protected":false},"author":1,"featured_media":4204,"comment_status":"open","ping_status":"open","sticky":false,"template":"","format":"standard","meta":{"inline_featured_image":false,"footnotes":""},"categories":[24],"tags":[],"class_list":["post-6483","post","type-post","status-publish","format-standard","has-post-thumbnail","hentry","category-diari-amecnews"],"yoast_head":"<!-- This site is optimized with the Yoast SEO plugin v27.3 - https:\/\/yoast.com\/product\/yoast-seo-wordpress\/ -->\n<title>Diari amecnews 04: Quina \u00e9s la dimensi\u00f3 \u00f2ptima per a l&#039;empresa industrial? | amec Positive Industry<\/title>\n<meta name=\"robots\" content=\"index, follow, max-snippet:-1, max-image-preview:large, max-video-preview:-1\" \/>\n<link rel=\"canonical\" href=\"https:\/\/amec.es\/ca\/diari-amecnews\/diario-amecnews-04-cual-es-la-dimension-optima-para-la-empresa-industrial\/\" \/>\n<meta property=\"og:locale\" content=\"ca_ES\" \/>\n<meta property=\"og:type\" content=\"article\" \/>\n<meta property=\"og:title\" content=\"Diari amecnews 04: Quina \u00e9s la dimensi\u00f3 \u00f2ptima per a l&#039;empresa industrial? | amec Positive Industry\" \/>\n<meta property=\"og:description\" content=\"&nbsp;\" \/>\n<meta property=\"og:url\" content=\"https:\/\/amec.es\/ca\/diari-amecnews\/diario-amecnews-04-cual-es-la-dimension-optima-para-la-empresa-industrial\/\" \/>\n<meta property=\"og:site_name\" content=\"amec Positive Industry\" \/>\n<meta property=\"article:published_time\" content=\"2021-07-26T04:50:22+00:00\" \/>\n<meta property=\"og:image\" content=\"https:\/\/amec.es\/wp-content\/uploads\/2024\/02\/Logo_AMEC.png\" \/>\n\t<meta property=\"og:image:width\" content=\"1827\" \/>\n\t<meta property=\"og:image:height\" content=\"438\" \/>\n\t<meta property=\"og:image:type\" content=\"image\/png\" \/>\n<meta name=\"author\" content=\"webmaster\" \/>\n<meta name=\"twitter:card\" content=\"summary_large_image\" \/>\n<meta name=\"twitter:label1\" content=\"Escrit per\" \/>\n\t<meta name=\"twitter:data1\" content=\"webmaster\" \/>\n<script type=\"application\/ld+json\" class=\"yoast-schema-graph\">{\"@context\":\"https:\\\/\\\/schema.org\",\"@graph\":[{\"@type\":\"Article\",\"@id\":\"https:\\\/\\\/amec.es\\\/ca\\\/diari-amecnews\\\/diario-amecnews-04-cual-es-la-dimension-optima-para-la-empresa-industrial\\\/#article\",\"isPartOf\":{\"@id\":\"https:\\\/\\\/amec.es\\\/ca\\\/diari-amecnews\\\/diario-amecnews-04-cual-es-la-dimension-optima-para-la-empresa-industrial\\\/\"},\"author\":{\"name\":\"webmaster\",\"@id\":\"https:\\\/\\\/amec.es\\\/#\\\/schema\\\/person\\\/377e1e145733915506a55297ad2fc830\"},\"headline\":\"Diari amecnews 04: Quina \u00e9s la dimensi\u00f3 \u00f2ptima per a l&#8217;empresa industrial?\",\"datePublished\":\"2021-07-26T04:50:22+00:00\",\"mainEntityOfPage\":{\"@id\":\"https:\\\/\\\/amec.es\\\/ca\\\/diari-amecnews\\\/diario-amecnews-04-cual-es-la-dimension-optima-para-la-empresa-industrial\\\/\"},\"wordCount\":13,\"commentCount\":0,\"publisher\":{\"@id\":\"https:\\\/\\\/amec.es\\\/#organization\"},\"image\":{\"@id\":\"https:\\\/\\\/amec.es\\\/ca\\\/diari-amecnews\\\/diario-amecnews-04-cual-es-la-dimension-optima-para-la-empresa-industrial\\\/#primaryimage\"},\"thumbnailUrl\":\"\",\"articleSection\":[\"Diari amecnews\"],\"inLanguage\":\"ca\",\"potentialAction\":[{\"@type\":\"CommentAction\",\"name\":\"Comment\",\"target\":[\"https:\\\/\\\/amec.es\\\/ca\\\/diari-amecnews\\\/diario-amecnews-04-cual-es-la-dimension-optima-para-la-empresa-industrial\\\/#respond\"]}]},{\"@type\":\"WebPage\",\"@id\":\"https:\\\/\\\/amec.es\\\/ca\\\/diari-amecnews\\\/diario-amecnews-04-cual-es-la-dimension-optima-para-la-empresa-industrial\\\/\",\"url\":\"https:\\\/\\\/amec.es\\\/ca\\\/diari-amecnews\\\/diario-amecnews-04-cual-es-la-dimension-optima-para-la-empresa-industrial\\\/\",\"name\":\"Diari amecnews 04: Quina \u00e9s la dimensi\u00f3 \u00f2ptima per a l'empresa industrial? | amec Positive Industry\",\"isPartOf\":{\"@id\":\"https:\\\/\\\/amec.es\\\/#website\"},\"primaryImageOfPage\":{\"@id\":\"https:\\\/\\\/amec.es\\\/ca\\\/diari-amecnews\\\/diario-amecnews-04-cual-es-la-dimension-optima-para-la-empresa-industrial\\\/#primaryimage\"},\"image\":{\"@id\":\"https:\\\/\\\/amec.es\\\/ca\\\/diari-amecnews\\\/diario-amecnews-04-cual-es-la-dimension-optima-para-la-empresa-industrial\\\/#primaryimage\"},\"thumbnailUrl\":\"\",\"datePublished\":\"2021-07-26T04:50:22+00:00\",\"breadcrumb\":{\"@id\":\"https:\\\/\\\/amec.es\\\/ca\\\/diari-amecnews\\\/diario-amecnews-04-cual-es-la-dimension-optima-para-la-empresa-industrial\\\/#breadcrumb\"},\"inLanguage\":\"ca\",\"potentialAction\":[{\"@type\":\"ReadAction\",\"target\":[\"https:\\\/\\\/amec.es\\\/ca\\\/diari-amecnews\\\/diario-amecnews-04-cual-es-la-dimension-optima-para-la-empresa-industrial\\\/\"]}]},{\"@type\":\"ImageObject\",\"inLanguage\":\"ca\",\"@id\":\"https:\\\/\\\/amec.es\\\/ca\\\/diari-amecnews\\\/diario-amecnews-04-cual-es-la-dimension-optima-para-la-empresa-industrial\\\/#primaryimage\",\"url\":\"\",\"contentUrl\":\"\"},{\"@type\":\"BreadcrumbList\",\"@id\":\"https:\\\/\\\/amec.es\\\/ca\\\/diari-amecnews\\\/diario-amecnews-04-cual-es-la-dimension-optima-para-la-empresa-industrial\\\/#breadcrumb\",\"itemListElement\":[{\"@type\":\"ListItem\",\"position\":1,\"name\":\"Portada\",\"item\":\"https:\\\/\\\/amec.es\\\/ca\\\/home-new\\\/\"},{\"@type\":\"ListItem\",\"position\":2,\"name\":\"Diari amecnews 04: Quina \u00e9s la dimensi\u00f3 \u00f2ptima per a l&#8217;empresa industrial?\"}]},{\"@type\":\"WebSite\",\"@id\":\"https:\\\/\\\/amec.es\\\/#website\",\"url\":\"https:\\\/\\\/amec.es\\\/\",\"name\":\"amec Positive Industry\",\"description\":\"\",\"publisher\":{\"@id\":\"https:\\\/\\\/amec.es\\\/#organization\"},\"potentialAction\":[{\"@type\":\"SearchAction\",\"target\":{\"@type\":\"EntryPoint\",\"urlTemplate\":\"https:\\\/\\\/amec.es\\\/?s={search_term_string}\"},\"query-input\":{\"@type\":\"PropertyValueSpecification\",\"valueRequired\":true,\"valueName\":\"search_term_string\"}}],\"inLanguage\":\"ca\"},{\"@type\":\"Organization\",\"@id\":\"https:\\\/\\\/amec.es\\\/#organization\",\"name\":\"amec Positive Industry\",\"url\":\"https:\\\/\\\/amec.es\\\/\",\"logo\":{\"@type\":\"ImageObject\",\"inLanguage\":\"ca\",\"@id\":\"https:\\\/\\\/amec.es\\\/#\\\/schema\\\/logo\\\/image\\\/\",\"url\":\"https:\\\/\\\/amec.es\\\/wp-content\\\/uploads\\\/2023\\\/07\\\/logoamec.png\",\"contentUrl\":\"https:\\\/\\\/amec.es\\\/wp-content\\\/uploads\\\/2023\\\/07\\\/logoamec.png\",\"width\":200,\"height\":48,\"caption\":\"amec Positive Industry\"},\"image\":{\"@id\":\"https:\\\/\\\/amec.es\\\/#\\\/schema\\\/logo\\\/image\\\/\"}},{\"@type\":\"Person\",\"@id\":\"https:\\\/\\\/amec.es\\\/#\\\/schema\\\/person\\\/377e1e145733915506a55297ad2fc830\",\"name\":\"webmaster\",\"image\":{\"@type\":\"ImageObject\",\"inLanguage\":\"ca\",\"@id\":\"https:\\\/\\\/secure.gravatar.com\\\/avatar\\\/1122ff7c82efe2079ddb19cd256fc39ab150caee9b258eeae8928e7f703c39f3?s=96&d=mm&r=g\",\"url\":\"https:\\\/\\\/secure.gravatar.com\\\/avatar\\\/1122ff7c82efe2079ddb19cd256fc39ab150caee9b258eeae8928e7f703c39f3?s=96&d=mm&r=g\",\"contentUrl\":\"https:\\\/\\\/secure.gravatar.com\\\/avatar\\\/1122ff7c82efe2079ddb19cd256fc39ab150caee9b258eeae8928e7f703c39f3?s=96&d=mm&r=g\",\"caption\":\"webmaster\"}}]}<\/script>\n<!-- \/ Yoast SEO plugin. -->","yoast_head_json":{"title":"Diari amecnews 04: Quina \u00e9s la dimensi\u00f3 \u00f2ptima per a l'empresa industrial? | amec Positive Industry","robots":{"index":"index","follow":"follow","max-snippet":"max-snippet:-1","max-image-preview":"max-image-preview:large","max-video-preview":"max-video-preview:-1"},"canonical":"https:\/\/amec.es\/ca\/diari-amecnews\/diario-amecnews-04-cual-es-la-dimension-optima-para-la-empresa-industrial\/","og_locale":"ca_ES","og_type":"article","og_title":"Diari amecnews 04: Quina \u00e9s la dimensi\u00f3 \u00f2ptima per a l'empresa industrial? | amec Positive Industry","og_description":"&nbsp;","og_url":"https:\/\/amec.es\/ca\/diari-amecnews\/diario-amecnews-04-cual-es-la-dimension-optima-para-la-empresa-industrial\/","og_site_name":"amec Positive Industry","article_published_time":"2021-07-26T04:50:22+00:00","og_image":[{"width":1827,"height":438,"url":"https:\/\/amec.es\/wp-content\/uploads\/2024\/02\/Logo_AMEC.png","type":"image\/png"}],"author":"webmaster","twitter_card":"summary_large_image","twitter_misc":{"Escrit per":"webmaster"},"schema":{"@context":"https:\/\/schema.org","@graph":[{"@type":"Article","@id":"https:\/\/amec.es\/ca\/diari-amecnews\/diario-amecnews-04-cual-es-la-dimension-optima-para-la-empresa-industrial\/#article","isPartOf":{"@id":"https:\/\/amec.es\/ca\/diari-amecnews\/diario-amecnews-04-cual-es-la-dimension-optima-para-la-empresa-industrial\/"},"author":{"name":"webmaster","@id":"https:\/\/amec.es\/#\/schema\/person\/377e1e145733915506a55297ad2fc830"},"headline":"Diari amecnews 04: Quina \u00e9s la dimensi\u00f3 \u00f2ptima per a l&#8217;empresa industrial?","datePublished":"2021-07-26T04:50:22+00:00","mainEntityOfPage":{"@id":"https:\/\/amec.es\/ca\/diari-amecnews\/diario-amecnews-04-cual-es-la-dimension-optima-para-la-empresa-industrial\/"},"wordCount":13,"commentCount":0,"publisher":{"@id":"https:\/\/amec.es\/#organization"},"image":{"@id":"https:\/\/amec.es\/ca\/diari-amecnews\/diario-amecnews-04-cual-es-la-dimension-optima-para-la-empresa-industrial\/#primaryimage"},"thumbnailUrl":"","articleSection":["Diari amecnews"],"inLanguage":"ca","potentialAction":[{"@type":"CommentAction","name":"Comment","target":["https:\/\/amec.es\/ca\/diari-amecnews\/diario-amecnews-04-cual-es-la-dimension-optima-para-la-empresa-industrial\/#respond"]}]},{"@type":"WebPage","@id":"https:\/\/amec.es\/ca\/diari-amecnews\/diario-amecnews-04-cual-es-la-dimension-optima-para-la-empresa-industrial\/","url":"https:\/\/amec.es\/ca\/diari-amecnews\/diario-amecnews-04-cual-es-la-dimension-optima-para-la-empresa-industrial\/","name":"Diari amecnews 04: Quina \u00e9s la dimensi\u00f3 \u00f2ptima per a l'empresa industrial? | amec Positive Industry","isPartOf":{"@id":"https:\/\/amec.es\/#website"},"primaryImageOfPage":{"@id":"https:\/\/amec.es\/ca\/diari-amecnews\/diario-amecnews-04-cual-es-la-dimension-optima-para-la-empresa-industrial\/#primaryimage"},"image":{"@id":"https:\/\/amec.es\/ca\/diari-amecnews\/diario-amecnews-04-cual-es-la-dimension-optima-para-la-empresa-industrial\/#primaryimage"},"thumbnailUrl":"","datePublished":"2021-07-26T04:50:22+00:00","breadcrumb":{"@id":"https:\/\/amec.es\/ca\/diari-amecnews\/diario-amecnews-04-cual-es-la-dimension-optima-para-la-empresa-industrial\/#breadcrumb"},"inLanguage":"ca","potentialAction":[{"@type":"ReadAction","target":["https:\/\/amec.es\/ca\/diari-amecnews\/diario-amecnews-04-cual-es-la-dimension-optima-para-la-empresa-industrial\/"]}]},{"@type":"ImageObject","inLanguage":"ca","@id":"https:\/\/amec.es\/ca\/diari-amecnews\/diario-amecnews-04-cual-es-la-dimension-optima-para-la-empresa-industrial\/#primaryimage","url":"","contentUrl":""},{"@type":"BreadcrumbList","@id":"https:\/\/amec.es\/ca\/diari-amecnews\/diario-amecnews-04-cual-es-la-dimension-optima-para-la-empresa-industrial\/#breadcrumb","itemListElement":[{"@type":"ListItem","position":1,"name":"Portada","item":"https:\/\/amec.es\/ca\/home-new\/"},{"@type":"ListItem","position":2,"name":"Diari amecnews 04: Quina \u00e9s la dimensi\u00f3 \u00f2ptima per a l&#8217;empresa industrial?"}]},{"@type":"WebSite","@id":"https:\/\/amec.es\/#website","url":"https:\/\/amec.es\/","name":"amec Positive Industry","description":"","publisher":{"@id":"https:\/\/amec.es\/#organization"},"potentialAction":[{"@type":"SearchAction","target":{"@type":"EntryPoint","urlTemplate":"https:\/\/amec.es\/?s={search_term_string}"},"query-input":{"@type":"PropertyValueSpecification","valueRequired":true,"valueName":"search_term_string"}}],"inLanguage":"ca"},{"@type":"Organization","@id":"https:\/\/amec.es\/#organization","name":"amec Positive Industry","url":"https:\/\/amec.es\/","logo":{"@type":"ImageObject","inLanguage":"ca","@id":"https:\/\/amec.es\/#\/schema\/logo\/image\/","url":"https:\/\/amec.es\/wp-content\/uploads\/2023\/07\/logoamec.png","contentUrl":"https:\/\/amec.es\/wp-content\/uploads\/2023\/07\/logoamec.png","width":200,"height":48,"caption":"amec Positive Industry"},"image":{"@id":"https:\/\/amec.es\/#\/schema\/logo\/image\/"}},{"@type":"Person","@id":"https:\/\/amec.es\/#\/schema\/person\/377e1e145733915506a55297ad2fc830","name":"webmaster","image":{"@type":"ImageObject","inLanguage":"ca","@id":"https:\/\/secure.gravatar.com\/avatar\/1122ff7c82efe2079ddb19cd256fc39ab150caee9b258eeae8928e7f703c39f3?s=96&d=mm&r=g","url":"https:\/\/secure.gravatar.com\/avatar\/1122ff7c82efe2079ddb19cd256fc39ab150caee9b258eeae8928e7f703c39f3?s=96&d=mm&r=g","contentUrl":"https:\/\/secure.gravatar.com\/avatar\/1122ff7c82efe2079ddb19cd256fc39ab150caee9b258eeae8928e7f703c39f3?s=96&d=mm&r=g","caption":"webmaster"}}]}},"_links":{"self":[{"href":"https:\/\/amec.es\/ca\/wp-json\/wp\/v2\/posts\/6483","targetHints":{"allow":["GET"]}}],"collection":[{"href":"https:\/\/amec.es\/ca\/wp-json\/wp\/v2\/posts"}],"about":[{"href":"https:\/\/amec.es\/ca\/wp-json\/wp\/v2\/types\/post"}],"author":[{"embeddable":true,"href":"https:\/\/amec.es\/ca\/wp-json\/wp\/v2\/users\/1"}],"replies":[{"embeddable":true,"href":"https:\/\/amec.es\/ca\/wp-json\/wp\/v2\/comments?post=6483"}],"version-history":[{"count":0,"href":"https:\/\/amec.es\/ca\/wp-json\/wp\/v2\/posts\/6483\/revisions"}],"wp:featuredmedia":[{"embeddable":true,"href":"https:\/\/amec.es\/ca\/wp-json\/wp\/v2\/pages\/4204"}],"wp:attachment":[{"href":"https:\/\/amec.es\/ca\/wp-json\/wp\/v2\/media?parent=6483"}],"wp:term":[{"taxonomy":"category","embeddable":true,"href":"https:\/\/amec.es\/ca\/wp-json\/wp\/v2\/categories?post=6483"},{"taxonomy":"post_tag","embeddable":true,"href":"https:\/\/amec.es\/ca\/wp-json\/wp\/v2\/tags?post=6483"}],"curies":[{"name":"wp","href":"https:\/\/api.w.org\/{rel}","templated":true}]}}