{"id":6484,"date":"2021-07-15T07:13:05","date_gmt":"2021-07-15T07:13:05","guid":{"rendered":"https:\/\/wecreatedesign.co\/dev\/WP\/amec\/?p=4397"},"modified":"2021-07-15T07:13:05","modified_gmt":"2021-07-15T07:13:05","slug":"el-ministerio-de-industria-explica-als-membres-damec-el-fons-de-suport-a-la-inversio-industrial-productiva","status":"publish","type":"post","link":"https:\/\/amec.es\/ca\/croniques\/el-ministerio-de-industria-explica-als-membres-damec-el-fons-de-suport-a-la-inversio-industrial-productiva\/","title":{"rendered":"El Ministerio de Industria explica als membres d&#8217;amec el Fons de Suport a la Inversi\u00f3 Industrial Productiva"},"content":{"rendered":"<p>El Ministerio de Industria, Comercio y Turismo ha presentado este jueves en un encuentro con los miembros de\u00a0<em><strong>amec<\/strong><\/em>\u00a0el\u00a0<strong>Fondo de Apoyo a la Inversi\u00f3n Industrial Productiva (FAIIP)<\/strong>, coincidiendo con la apertura, este mismo d\u00eda, de la ventanilla de solicitud para su acceso. La Jefa de servicio en la Subdirecci\u00f3n General de Gesti\u00f3n y Ejecuci\u00f3n de Programas del Ministerio de Industria, Comercio y Turismo, Luz Potel, ha respondido a todas las dudas de los miembros de la comunidad, muchos de los cuales\u00a0han preguntado en qu\u00e9 l\u00edneas y convocatorias pueden encajar sus proyectos.<\/p>\n<p><strong>&#8220;Desde el ministerio consideramos que cualquier empresa viable que quiera llevar a cabo cualquier proyecto tambi\u00e9n viable debe tener acceso a financiaci\u00f3n&#8221;<\/strong>,\u00a0ha explicado Potel.\u00a0<strong>&#8220;En muchas ocasiones el sector privado no proporciona financiaci\u00f3n a las pymes, por eso Ministerio Industria pone en marcha el marco de apoyo a la inversi\u00f3n industrial para conseguir la financiaci\u00f3n para este tipo de proyectos&#8221;<\/strong>, ha a\u00f1adido.<\/p>\n<p>Potel ha detallado, en una sesi\u00f3n en la que han asistido m\u00e1s de un centenar de miembros, los programas y las posibilidades con las que cuentan los miembros de\u00a0<em><strong>amec<\/strong><\/em>\u00a0para acceder a financiaci\u00f3n, con hasta un\u00a075% del presupuesto financiable, siempre y cuando el 50% de las inversiones vayan dirigidas a aparatos y equipos y a software.<\/p>\n<p>Potel tambi\u00e9n ha desgranado las l\u00edneas de ayuda a las que las empresas podr\u00e1n acceder pertenecientes a los Fondos Next Generation EU.\u00a0Para la Jefa de servicio en la Subdirecci\u00f3n General de Gesti\u00f3n y Ejecuci\u00f3n de Programas del Ministerio,\u00a0<strong>&#8220;las empresas muchas veces con no conocen la l\u00edneas o no saben cu\u00e1l se ajusta m\u00e1s a las necesidades de su proyecto&#8221;<\/strong>, por lo cual se ha realizado un esfuerzo para ofrecer asesoramiento a los proyectos en concreto.<\/p>\n<p>Mediante los programas de apoyo a la inversi\u00f3n industrial, el objetivo es impulsar la industria para lograr\u00a0<strong>&#8220;un pa\u00eds competitivo y una industria resiliente&#8221;<\/strong>. En este sentido, amec ha abierto un servicio de informaci\u00f3n, asesoramiento y tr\u00e1mite de ayudas para que los miembros de amec puedan beneficiarse de todas las l\u00edneas abiertas.<\/p>\n<p>Por otra parte,\u00a0<a href=\"https:\/\/www.amec.es\/es\/pl102\/agenda\/id141\/fondo-de-recapitalizacion-de-empresas-afectadas-por-la-pandemia.htm\" target=\"_blank\" rel=\"noopener\">el pr\u00f3ximo 22 de julio celebraremos una sesi\u00f3n con el presidente de COFIDES,\u00a0Jos\u00e9 Luis Curbelo,\u00a0sobre el Fondo de Recapitalizaci\u00f3n de empresas afectadas por la pandemia<\/a>. Este fondo, gestionado por COFIDES, est\u00e1 dotado con 1.000 millones de euros y busca apoyar la solvencia de empresas medianas en dificultades para evitar la destrucci\u00f3n de empleo y tejido productivo.<\/p>\n","protected":false},"excerpt":{"rendered":"<p>El Ministerio de Industria, Comercio y Turismo ha presentado este jueves en un encuentro con los miembros de\u00a0amec\u00a0el\u00a0Fondo de Apoyo a la Inversi\u00f3n Industrial Productiva (FAIIP), coincidiendo con la apertura, este mismo d\u00eda, de la ventanilla de solicitud para su acceso. La Jefa de servicio en la Subdirecci\u00f3n General de Gesti\u00f3n y Ejecuci\u00f3n de Programas [&hellip;]<\/p>\n","protected":false},"author":1,"featured_media":4401,"comment_status":"open","ping_status":"open","sticky":false,"template":"","format":"standard","meta":{"inline_featured_image":false,"footnotes":""},"categories":[30],"tags":[],"class_list":["post-6484","post","type-post","status-publish","format-standard","has-post-thumbnail","hentry","category-croniques"],"yoast_head":"<!-- This site is optimized with the Yoast SEO plugin v27.3 - https:\/\/yoast.com\/product\/yoast-seo-wordpress\/ -->\n<title>El Ministerio de Industria explica als membres d&#039;amec el Fons de Suport a la Inversi\u00f3 Industrial Productiva | amec Positive Industry<\/title>\n<meta name=\"robots\" content=\"index, follow, max-snippet:-1, max-image-preview:large, max-video-preview:-1\" \/>\n<link rel=\"canonical\" href=\"https:\/\/amec.es\/ca\/croniques\/el-ministerio-de-industria-explica-als-membres-damec-el-fons-de-suport-a-la-inversio-industrial-productiva\/\" \/>\n<meta property=\"og:locale\" content=\"ca_ES\" \/>\n<meta property=\"og:type\" content=\"article\" \/>\n<meta property=\"og:title\" content=\"El Ministerio de Industria explica als membres d&#039;amec el Fons de Suport a la Inversi\u00f3 Industrial Productiva | amec Positive Industry\" \/>\n<meta property=\"og:description\" content=\"El Ministerio de Industria, Comercio y Turismo ha presentado este jueves en un encuentro con los miembros de\u00a0amec\u00a0el\u00a0Fondo de Apoyo a la Inversi\u00f3n Industrial Productiva (FAIIP), coincidiendo con la apertura, este mismo d\u00eda, de la ventanilla de solicitud para su acceso. La Jefa de servicio en la Subdirecci\u00f3n General de Gesti\u00f3n y Ejecuci\u00f3n de Programas [&hellip;]\" \/>\n<meta property=\"og:url\" content=\"https:\/\/amec.es\/ca\/croniques\/el-ministerio-de-industria-explica-als-membres-damec-el-fons-de-suport-a-la-inversio-industrial-productiva\/\" \/>\n<meta property=\"og:site_name\" content=\"amec Positive Industry\" \/>\n<meta property=\"article:published_time\" content=\"2021-07-15T07:13:05+00:00\" \/>\n<meta property=\"og:image\" content=\"https:\/\/amec.es\/wp-content\/uploads\/2024\/02\/Logo_AMEC.png\" \/>\n\t<meta property=\"og:image:width\" content=\"1827\" \/>\n\t<meta property=\"og:image:height\" content=\"438\" \/>\n\t<meta property=\"og:image:type\" content=\"image\/png\" \/>\n<meta name=\"author\" content=\"webmaster\" \/>\n<meta name=\"twitter:card\" content=\"summary_large_image\" \/>\n<meta name=\"twitter:label1\" content=\"Escrit per\" \/>\n\t<meta name=\"twitter:data1\" content=\"webmaster\" \/>\n\t<meta name=\"twitter:label2\" content=\"Temps estimat de lectura\" \/>\n\t<meta name=\"twitter:data2\" content=\"2 minuts\" \/>\n<script type=\"application\/ld+json\" class=\"yoast-schema-graph\">{\"@context\":\"https:\\\/\\\/schema.org\",\"@graph\":[{\"@type\":\"Article\",\"@id\":\"https:\\\/\\\/amec.es\\\/ca\\\/croniques\\\/el-ministerio-de-industria-explica-als-membres-damec-el-fons-de-suport-a-la-inversio-industrial-productiva\\\/#article\",\"isPartOf\":{\"@id\":\"https:\\\/\\\/amec.es\\\/ca\\\/croniques\\\/el-ministerio-de-industria-explica-als-membres-damec-el-fons-de-suport-a-la-inversio-industrial-productiva\\\/\"},\"author\":{\"name\":\"webmaster\",\"@id\":\"https:\\\/\\\/amec.es\\\/#\\\/schema\\\/person\\\/377e1e145733915506a55297ad2fc830\"},\"headline\":\"El Ministerio de Industria explica als membres d&#8217;amec el Fons de Suport a la Inversi\u00f3 Industrial Productiva\",\"datePublished\":\"2021-07-15T07:13:05+00:00\",\"mainEntityOfPage\":{\"@id\":\"https:\\\/\\\/amec.es\\\/ca\\\/croniques\\\/el-ministerio-de-industria-explica-als-membres-damec-el-fons-de-suport-a-la-inversio-industrial-productiva\\\/\"},\"wordCount\":452,\"commentCount\":0,\"publisher\":{\"@id\":\"https:\\\/\\\/amec.es\\\/#organization\"},\"image\":{\"@id\":\"https:\\\/\\\/amec.es\\\/ca\\\/croniques\\\/el-ministerio-de-industria-explica-als-membres-damec-el-fons-de-suport-a-la-inversio-industrial-productiva\\\/#primaryimage\"},\"thumbnailUrl\":\"\",\"articleSection\":[\"Cr\u00f2niques\"],\"inLanguage\":\"ca\",\"potentialAction\":[{\"@type\":\"CommentAction\",\"name\":\"Comment\",\"target\":[\"https:\\\/\\\/amec.es\\\/ca\\\/croniques\\\/el-ministerio-de-industria-explica-als-membres-damec-el-fons-de-suport-a-la-inversio-industrial-productiva\\\/#respond\"]}]},{\"@type\":\"WebPage\",\"@id\":\"https:\\\/\\\/amec.es\\\/ca\\\/croniques\\\/el-ministerio-de-industria-explica-als-membres-damec-el-fons-de-suport-a-la-inversio-industrial-productiva\\\/\",\"url\":\"https:\\\/\\\/amec.es\\\/ca\\\/croniques\\\/el-ministerio-de-industria-explica-als-membres-damec-el-fons-de-suport-a-la-inversio-industrial-productiva\\\/\",\"name\":\"El Ministerio de Industria explica als membres d'amec el Fons de Suport a la Inversi\u00f3 Industrial Productiva | amec Positive Industry\",\"isPartOf\":{\"@id\":\"https:\\\/\\\/amec.es\\\/#website\"},\"primaryImageOfPage\":{\"@id\":\"https:\\\/\\\/amec.es\\\/ca\\\/croniques\\\/el-ministerio-de-industria-explica-als-membres-damec-el-fons-de-suport-a-la-inversio-industrial-productiva\\\/#primaryimage\"},\"image\":{\"@id\":\"https:\\\/\\\/amec.es\\\/ca\\\/croniques\\\/el-ministerio-de-industria-explica-als-membres-damec-el-fons-de-suport-a-la-inversio-industrial-productiva\\\/#primaryimage\"},\"thumbnailUrl\":\"\",\"datePublished\":\"2021-07-15T07:13:05+00:00\",\"breadcrumb\":{\"@id\":\"https:\\\/\\\/amec.es\\\/ca\\\/croniques\\\/el-ministerio-de-industria-explica-als-membres-damec-el-fons-de-suport-a-la-inversio-industrial-productiva\\\/#breadcrumb\"},\"inLanguage\":\"ca\",\"potentialAction\":[{\"@type\":\"ReadAction\",\"target\":[\"https:\\\/\\\/amec.es\\\/ca\\\/croniques\\\/el-ministerio-de-industria-explica-als-membres-damec-el-fons-de-suport-a-la-inversio-industrial-productiva\\\/\"]}]},{\"@type\":\"ImageObject\",\"inLanguage\":\"ca\",\"@id\":\"https:\\\/\\\/amec.es\\\/ca\\\/croniques\\\/el-ministerio-de-industria-explica-als-membres-damec-el-fons-de-suport-a-la-inversio-industrial-productiva\\\/#primaryimage\",\"url\":\"\",\"contentUrl\":\"\"},{\"@type\":\"BreadcrumbList\",\"@id\":\"https:\\\/\\\/amec.es\\\/ca\\\/croniques\\\/el-ministerio-de-industria-explica-als-membres-damec-el-fons-de-suport-a-la-inversio-industrial-productiva\\\/#breadcrumb\",\"itemListElement\":[{\"@type\":\"ListItem\",\"position\":1,\"name\":\"Portada\",\"item\":\"https:\\\/\\\/amec.es\\\/ca\\\/home-new\\\/\"},{\"@type\":\"ListItem\",\"position\":2,\"name\":\"El Ministerio de Industria explica als membres d&#8217;amec el Fons de Suport a la Inversi\u00f3 Industrial Productiva\"}]},{\"@type\":\"WebSite\",\"@id\":\"https:\\\/\\\/amec.es\\\/#website\",\"url\":\"https:\\\/\\\/amec.es\\\/\",\"name\":\"amec Positive Industry\",\"description\":\"\",\"publisher\":{\"@id\":\"https:\\\/\\\/amec.es\\\/#organization\"},\"potentialAction\":[{\"@type\":\"SearchAction\",\"target\":{\"@type\":\"EntryPoint\",\"urlTemplate\":\"https:\\\/\\\/amec.es\\\/?s={search_term_string}\"},\"query-input\":{\"@type\":\"PropertyValueSpecification\",\"valueRequired\":true,\"valueName\":\"search_term_string\"}}],\"inLanguage\":\"ca\"},{\"@type\":\"Organization\",\"@id\":\"https:\\\/\\\/amec.es\\\/#organization\",\"name\":\"amec Positive Industry\",\"url\":\"https:\\\/\\\/amec.es\\\/\",\"logo\":{\"@type\":\"ImageObject\",\"inLanguage\":\"ca\",\"@id\":\"https:\\\/\\\/amec.es\\\/#\\\/schema\\\/logo\\\/image\\\/\",\"url\":\"https:\\\/\\\/amec.es\\\/wp-content\\\/uploads\\\/2023\\\/07\\\/logoamec.png\",\"contentUrl\":\"https:\\\/\\\/amec.es\\\/wp-content\\\/uploads\\\/2023\\\/07\\\/logoamec.png\",\"width\":200,\"height\":48,\"caption\":\"amec Positive Industry\"},\"image\":{\"@id\":\"https:\\\/\\\/amec.es\\\/#\\\/schema\\\/logo\\\/image\\\/\"}},{\"@type\":\"Person\",\"@id\":\"https:\\\/\\\/amec.es\\\/#\\\/schema\\\/person\\\/377e1e145733915506a55297ad2fc830\",\"name\":\"webmaster\",\"image\":{\"@type\":\"ImageObject\",\"inLanguage\":\"ca\",\"@id\":\"https:\\\/\\\/secure.gravatar.com\\\/avatar\\\/1122ff7c82efe2079ddb19cd256fc39ab150caee9b258eeae8928e7f703c39f3?s=96&d=mm&r=g\",\"url\":\"https:\\\/\\\/secure.gravatar.com\\\/avatar\\\/1122ff7c82efe2079ddb19cd256fc39ab150caee9b258eeae8928e7f703c39f3?s=96&d=mm&r=g\",\"contentUrl\":\"https:\\\/\\\/secure.gravatar.com\\\/avatar\\\/1122ff7c82efe2079ddb19cd256fc39ab150caee9b258eeae8928e7f703c39f3?s=96&d=mm&r=g\",\"caption\":\"webmaster\"}}]}<\/script>\n<!-- \/ Yoast SEO plugin. -->","yoast_head_json":{"title":"El Ministerio de Industria explica als membres d'amec el Fons de Suport a la Inversi\u00f3 Industrial Productiva | amec Positive Industry","robots":{"index":"index","follow":"follow","max-snippet":"max-snippet:-1","max-image-preview":"max-image-preview:large","max-video-preview":"max-video-preview:-1"},"canonical":"https:\/\/amec.es\/ca\/croniques\/el-ministerio-de-industria-explica-als-membres-damec-el-fons-de-suport-a-la-inversio-industrial-productiva\/","og_locale":"ca_ES","og_type":"article","og_title":"El Ministerio de Industria explica als membres d'amec el Fons de Suport a la Inversi\u00f3 Industrial Productiva | amec Positive Industry","og_description":"El Ministerio de Industria, Comercio y Turismo ha presentado este jueves en un encuentro con los miembros de\u00a0amec\u00a0el\u00a0Fondo de Apoyo a la Inversi\u00f3n Industrial Productiva (FAIIP), coincidiendo con la apertura, este mismo d\u00eda, de la ventanilla de solicitud para su acceso. La Jefa de servicio en la Subdirecci\u00f3n General de Gesti\u00f3n y Ejecuci\u00f3n de Programas [&hellip;]","og_url":"https:\/\/amec.es\/ca\/croniques\/el-ministerio-de-industria-explica-als-membres-damec-el-fons-de-suport-a-la-inversio-industrial-productiva\/","og_site_name":"amec Positive Industry","article_published_time":"2021-07-15T07:13:05+00:00","og_image":[{"width":1827,"height":438,"url":"https:\/\/amec.es\/wp-content\/uploads\/2024\/02\/Logo_AMEC.png","type":"image\/png"}],"author":"webmaster","twitter_card":"summary_large_image","twitter_misc":{"Escrit per":"webmaster","Temps estimat de lectura":"2 minuts"},"schema":{"@context":"https:\/\/schema.org","@graph":[{"@type":"Article","@id":"https:\/\/amec.es\/ca\/croniques\/el-ministerio-de-industria-explica-als-membres-damec-el-fons-de-suport-a-la-inversio-industrial-productiva\/#article","isPartOf":{"@id":"https:\/\/amec.es\/ca\/croniques\/el-ministerio-de-industria-explica-als-membres-damec-el-fons-de-suport-a-la-inversio-industrial-productiva\/"},"author":{"name":"webmaster","@id":"https:\/\/amec.es\/#\/schema\/person\/377e1e145733915506a55297ad2fc830"},"headline":"El Ministerio de Industria explica als membres d&#8217;amec el Fons de Suport a la Inversi\u00f3 Industrial Productiva","datePublished":"2021-07-15T07:13:05+00:00","mainEntityOfPage":{"@id":"https:\/\/amec.es\/ca\/croniques\/el-ministerio-de-industria-explica-als-membres-damec-el-fons-de-suport-a-la-inversio-industrial-productiva\/"},"wordCount":452,"commentCount":0,"publisher":{"@id":"https:\/\/amec.es\/#organization"},"image":{"@id":"https:\/\/amec.es\/ca\/croniques\/el-ministerio-de-industria-explica-als-membres-damec-el-fons-de-suport-a-la-inversio-industrial-productiva\/#primaryimage"},"thumbnailUrl":"","articleSection":["Cr\u00f2niques"],"inLanguage":"ca","potentialAction":[{"@type":"CommentAction","name":"Comment","target":["https:\/\/amec.es\/ca\/croniques\/el-ministerio-de-industria-explica-als-membres-damec-el-fons-de-suport-a-la-inversio-industrial-productiva\/#respond"]}]},{"@type":"WebPage","@id":"https:\/\/amec.es\/ca\/croniques\/el-ministerio-de-industria-explica-als-membres-damec-el-fons-de-suport-a-la-inversio-industrial-productiva\/","url":"https:\/\/amec.es\/ca\/croniques\/el-ministerio-de-industria-explica-als-membres-damec-el-fons-de-suport-a-la-inversio-industrial-productiva\/","name":"El Ministerio de Industria explica als membres d'amec el Fons de Suport a la Inversi\u00f3 Industrial Productiva | amec Positive Industry","isPartOf":{"@id":"https:\/\/amec.es\/#website"},"primaryImageOfPage":{"@id":"https:\/\/amec.es\/ca\/croniques\/el-ministerio-de-industria-explica-als-membres-damec-el-fons-de-suport-a-la-inversio-industrial-productiva\/#primaryimage"},"image":{"@id":"https:\/\/amec.es\/ca\/croniques\/el-ministerio-de-industria-explica-als-membres-damec-el-fons-de-suport-a-la-inversio-industrial-productiva\/#primaryimage"},"thumbnailUrl":"","datePublished":"2021-07-15T07:13:05+00:00","breadcrumb":{"@id":"https:\/\/amec.es\/ca\/croniques\/el-ministerio-de-industria-explica-als-membres-damec-el-fons-de-suport-a-la-inversio-industrial-productiva\/#breadcrumb"},"inLanguage":"ca","potentialAction":[{"@type":"ReadAction","target":["https:\/\/amec.es\/ca\/croniques\/el-ministerio-de-industria-explica-als-membres-damec-el-fons-de-suport-a-la-inversio-industrial-productiva\/"]}]},{"@type":"ImageObject","inLanguage":"ca","@id":"https:\/\/amec.es\/ca\/croniques\/el-ministerio-de-industria-explica-als-membres-damec-el-fons-de-suport-a-la-inversio-industrial-productiva\/#primaryimage","url":"","contentUrl":""},{"@type":"BreadcrumbList","@id":"https:\/\/amec.es\/ca\/croniques\/el-ministerio-de-industria-explica-als-membres-damec-el-fons-de-suport-a-la-inversio-industrial-productiva\/#breadcrumb","itemListElement":[{"@type":"ListItem","position":1,"name":"Portada","item":"https:\/\/amec.es\/ca\/home-new\/"},{"@type":"ListItem","position":2,"name":"El Ministerio de Industria explica als membres d&#8217;amec el Fons de Suport a la Inversi\u00f3 Industrial Productiva"}]},{"@type":"WebSite","@id":"https:\/\/amec.es\/#website","url":"https:\/\/amec.es\/","name":"amec Positive Industry","description":"","publisher":{"@id":"https:\/\/amec.es\/#organization"},"potentialAction":[{"@type":"SearchAction","target":{"@type":"EntryPoint","urlTemplate":"https:\/\/amec.es\/?s={search_term_string}"},"query-input":{"@type":"PropertyValueSpecification","valueRequired":true,"valueName":"search_term_string"}}],"inLanguage":"ca"},{"@type":"Organization","@id":"https:\/\/amec.es\/#organization","name":"amec Positive Industry","url":"https:\/\/amec.es\/","logo":{"@type":"ImageObject","inLanguage":"ca","@id":"https:\/\/amec.es\/#\/schema\/logo\/image\/","url":"https:\/\/amec.es\/wp-content\/uploads\/2023\/07\/logoamec.png","contentUrl":"https:\/\/amec.es\/wp-content\/uploads\/2023\/07\/logoamec.png","width":200,"height":48,"caption":"amec Positive Industry"},"image":{"@id":"https:\/\/amec.es\/#\/schema\/logo\/image\/"}},{"@type":"Person","@id":"https:\/\/amec.es\/#\/schema\/person\/377e1e145733915506a55297ad2fc830","name":"webmaster","image":{"@type":"ImageObject","inLanguage":"ca","@id":"https:\/\/secure.gravatar.com\/avatar\/1122ff7c82efe2079ddb19cd256fc39ab150caee9b258eeae8928e7f703c39f3?s=96&d=mm&r=g","url":"https:\/\/secure.gravatar.com\/avatar\/1122ff7c82efe2079ddb19cd256fc39ab150caee9b258eeae8928e7f703c39f3?s=96&d=mm&r=g","contentUrl":"https:\/\/secure.gravatar.com\/avatar\/1122ff7c82efe2079ddb19cd256fc39ab150caee9b258eeae8928e7f703c39f3?s=96&d=mm&r=g","caption":"webmaster"}}]}},"_links":{"self":[{"href":"https:\/\/amec.es\/ca\/wp-json\/wp\/v2\/posts\/6484","targetHints":{"allow":["GET"]}}],"collection":[{"href":"https:\/\/amec.es\/ca\/wp-json\/wp\/v2\/posts"}],"about":[{"href":"https:\/\/amec.es\/ca\/wp-json\/wp\/v2\/types\/post"}],"author":[{"embeddable":true,"href":"https:\/\/amec.es\/ca\/wp-json\/wp\/v2\/users\/1"}],"replies":[{"embeddable":true,"href":"https:\/\/amec.es\/ca\/wp-json\/wp\/v2\/comments?post=6484"}],"version-history":[{"count":0,"href":"https:\/\/amec.es\/ca\/wp-json\/wp\/v2\/posts\/6484\/revisions"}],"wp:featuredmedia":[{"embeddable":true,"href":"https:\/\/amec.es\/ca\/wp-json\/"}],"wp:attachment":[{"href":"https:\/\/amec.es\/ca\/wp-json\/wp\/v2\/media?parent=6484"}],"wp:term":[{"taxonomy":"category","embeddable":true,"href":"https:\/\/amec.es\/ca\/wp-json\/wp\/v2\/categories?post=6484"},{"taxonomy":"post_tag","embeddable":true,"href":"https:\/\/amec.es\/ca\/wp-json\/wp\/v2\/tags?post=6484"}],"curies":[{"name":"wp","href":"https:\/\/api.w.org\/{rel}","templated":true}]}}