{"id":6492,"date":"2021-07-16T10:59:27","date_gmt":"2021-07-16T10:59:27","guid":{"rendered":"https:\/\/wecreatedesign.co\/dev\/WP\/amec\/?p=4860"},"modified":"2021-07-16T10:59:27","modified_gmt":"2021-07-16T10:59:27","slug":"lacord-de-col%c2%b7laboracio-amb-bnew-permet-avantatges-per-als-membres-damec","status":"publish","type":"post","link":"https:\/\/amec.es\/ca\/actualitat\/lacord-de-col%c2%b7laboracio-amb-bnew-permet-avantatges-per-als-membres-damec\/","title":{"rendered":"L&#8217;acord de col\u00b7laboraci\u00f3 amb BNEW permet avantatges per als membres d&#8217;amec"},"content":{"rendered":"<div class=\"portletDetailNoticies\">\n<div class=\"amplada-pagina descripcion\">\n<p><img fetchpriority=\"high\" decoding=\"async\" src=\"http:\/\/wecreatedesign.co\/dev\/WP\/amec\/wp-content\/uploads\/2023\/03\/bnew-redim-w760-h236.jpg\" alt=\"Bnew.jpg\" width=\"760\" height=\"236\" \/><\/p>\n<p>&nbsp;<\/p>\n<p>La\u00a0<strong>Barcelona New Economy Week (BNEW)<\/strong>\u00a0celebrar\u00e0 la seva segona edici\u00f3 del 5 a el 8 d&#8217;octubre de 2021 a Barcelona. Un acord de col\u00b7laboraci\u00f3 entre\u00a0<em><strong>amec<\/strong><\/em>\u00a0i l&#8217;organitzaci\u00f3 permet als membres obtenir avantatges en la seva participaci\u00f3. L&#8217;esdeveniment h\u00edbrid B2B &#8211; 100% professional &#8211; creat pel Consorci de la Zona Franca de Barcelona centrar\u00e0 aquesta edici\u00f3 en les\u00a0<strong>oportunitats de la nova economia.<\/strong>\u00a0Amb un programa ampliat, duplicant les tem\u00e0tiques de la primera edici\u00f3, als sectors de log\u00edstica, real estate, ind\u00fastria digital, ecommerce i zones econ\u00f2miques, se sumen noves \u00e0rees de car\u00e0cter m\u00e9s transversal: ci\u00e8ncies, talent, mobilitat i sostenibilitat. D&#8217;aquesta manera, BNEW seguir\u00e0 apostant per la\u00a0<strong>log\u00edstica com un dels sectors clau per al desenvolupament de l&#8217;economia 4.0<\/strong>\u00a0i es convertir\u00e0 en un punt de trobada en el qual abordar la transformaci\u00f3 de el sector.<\/p>\n<p>&nbsp;<\/p>\n<p>El format h\u00edbrid permetr\u00e0 l&#8217;assist\u00e8ncia de professionals d&#8217;arreu de l&#8217;m\u00f3n a trav\u00e9s d&#8217;una plataforma en l\u00ednia, que tamb\u00e9 impulsa el networking virtual entre participants mitjan\u00e7ant una eina d&#8217;intel\u00b7lig\u00e8ncia artificial. A m\u00e9s, l&#8217;espai\u00a0<strong>BVillage permetr\u00e0 a les empreses mostrar els seus productes a la plataforma<\/strong>\u00a0i oferir la possibilitat que els assistents es posin en contacte amb elles.<\/p>\n<p>&nbsp;<\/p>\n<p>Les inscripcions a BNEW estan obertes en el seg\u00fcent enlla\u00e7:\u00a0<a href=\"https:\/\/www.bnewbarcelona.com\/\" target=\"_blank\" rel=\"noopener\">https:\/\/www.bnewbarcelona.com\/<\/a><\/p>\n<\/div>\n<\/div>\n<div class=\"registre-accions amplada-pagina\">\n<div class=\"addthis_inline_share_toolbox\" style=\"margin: 0px; padding: 0px; border: 0px; outline: 0px; font-weight: inherit; font-style: inherit; clear: both;\" data-url=\"https:\/\/www.amec.es\/ca\/pl14\/amecnews\/noticies\/id774\/el-acuerdo-de-colaboracion-con-bnew-permite-ventajas-para-los-miembros-de-amec.htm?fcat_14=558\" data-title=\"L'acord de col\u00b7laboraci\u00f3 amb BNEW permet avantatges per als membres &lt;em&gt;d'amec&lt;\/em&gt;\" data-description=\"\u00a0 La Barcelona New Economy Week (BNEW) celebrar\u00e0 la seva segona edici\u00f3 del 5 a el 8 d'octubre de 2021 a Barcelona. Un acord de col\u00b7laboraci\u00f3 entre amec i l'organitzaci\u00f3 permet als membres obtenir avantatges en la seva participaci\u00f3. L'esdeveniment h\u00edbrid B2B - 100% professional - creat pel Consorci de la Zona Franca de Barcelona centrar\u00e0 aquesta edici\u00f3 en les oportunitats de la nova economia. Amb un programa ampliat, duplicant les tem\u00e0tiques de la primera edici\u00f3, als sectors de log\u00edstica,...\">\n<div id=\"atstbx\" class=\"at-resp-share-element at-style-responsive addthis-smartlayers addthis-animated at4-show\" role=\"region\" aria-labelledby=\"at-2d056d72-d081-4d1f-8ee4-ec9241c523df\">\n<p>&nbsp;<\/p>\n<div class=\"at-share-btn-elements\"><\/div>\n<\/div>\n<\/div>\n<\/div>\n","protected":false},"excerpt":{"rendered":"<p>&nbsp; La\u00a0Barcelona New Economy Week (BNEW)\u00a0celebrar\u00e0 la seva segona edici\u00f3 del 5 a el 8 d&#8217;octubre de 2021 a Barcelona. Un acord de col\u00b7laboraci\u00f3 entre\u00a0amec\u00a0i l&#8217;organitzaci\u00f3 permet als membres obtenir avantatges en la seva participaci\u00f3. L&#8217;esdeveniment h\u00edbrid B2B &#8211; 100% professional &#8211; creat pel Consorci de la Zona Franca de Barcelona centrar\u00e0 aquesta edici\u00f3 en [&hellip;]<\/p>\n","protected":false},"author":1,"featured_media":4865,"comment_status":"open","ping_status":"open","sticky":false,"template":"","format":"standard","meta":{"inline_featured_image":false,"footnotes":""},"categories":[27],"tags":[],"class_list":["post-6492","post","type-post","status-publish","format-standard","has-post-thumbnail","hentry","category-actualitat"],"yoast_head":"<!-- This site is optimized with the Yoast SEO plugin v27.3 - https:\/\/yoast.com\/product\/yoast-seo-wordpress\/ -->\n<title>L&#039;acord de col\u00b7laboraci\u00f3 amb BNEW permet avantatges per als membres d&#039;amec | amec Positive Industry<\/title>\n<meta name=\"robots\" content=\"index, follow, max-snippet:-1, max-image-preview:large, max-video-preview:-1\" \/>\n<link rel=\"canonical\" href=\"https:\/\/amec.es\/ca\/actualitat\/lacord-de-col\u00b7laboracio-amb-bnew-permet-avantatges-per-als-membres-damec\/\" \/>\n<meta property=\"og:locale\" content=\"ca_ES\" \/>\n<meta property=\"og:type\" content=\"article\" \/>\n<meta property=\"og:title\" content=\"L&#039;acord de col\u00b7laboraci\u00f3 amb BNEW permet avantatges per als membres d&#039;amec | amec Positive Industry\" \/>\n<meta property=\"og:description\" content=\"&nbsp; La\u00a0Barcelona New Economy Week (BNEW)\u00a0celebrar\u00e0 la seva segona edici\u00f3 del 5 a el 8 d&#8217;octubre de 2021 a Barcelona. Un acord de col\u00b7laboraci\u00f3 entre\u00a0amec\u00a0i l&#8217;organitzaci\u00f3 permet als membres obtenir avantatges en la seva participaci\u00f3. L&#8217;esdeveniment h\u00edbrid B2B &#8211; 100% professional &#8211; creat pel Consorci de la Zona Franca de Barcelona centrar\u00e0 aquesta edici\u00f3 en [&hellip;]\" \/>\n<meta property=\"og:url\" content=\"https:\/\/amec.es\/ca\/actualitat\/lacord-de-col\u00b7laboracio-amb-bnew-permet-avantatges-per-als-membres-damec\/\" \/>\n<meta property=\"og:site_name\" content=\"amec Positive Industry\" \/>\n<meta property=\"article:published_time\" content=\"2021-07-16T10:59:27+00:00\" \/>\n<meta property=\"og:image\" content=\"https:\/\/amec.es\/wp-content\/uploads\/2023\/08\/murpartners-2.jpg\" \/>\n\t<meta property=\"og:image:width\" content=\"380\" \/>\n\t<meta property=\"og:image:height\" content=\"225\" \/>\n\t<meta property=\"og:image:type\" content=\"image\/jpeg\" \/>\n<meta name=\"author\" content=\"webmaster\" \/>\n<meta name=\"twitter:card\" content=\"summary_large_image\" \/>\n<meta name=\"twitter:label1\" content=\"Escrit per\" \/>\n\t<meta name=\"twitter:data1\" content=\"webmaster\" \/>\n\t<meta name=\"twitter:label2\" content=\"Temps estimat de lectura\" \/>\n\t<meta name=\"twitter:data2\" content=\"1 minut\" \/>\n<script type=\"application\/ld+json\" class=\"yoast-schema-graph\">{\"@context\":\"https:\\\/\\\/schema.org\",\"@graph\":[{\"@type\":\"Article\",\"@id\":\"https:\\\/\\\/amec.es\\\/ca\\\/actualitat\\\/lacord-de-col%c2%b7laboracio-amb-bnew-permet-avantatges-per-als-membres-damec\\\/#article\",\"isPartOf\":{\"@id\":\"https:\\\/\\\/amec.es\\\/ca\\\/actualitat\\\/lacord-de-col%c2%b7laboracio-amb-bnew-permet-avantatges-per-als-membres-damec\\\/\"},\"author\":{\"name\":\"webmaster\",\"@id\":\"https:\\\/\\\/amec.es\\\/#\\\/schema\\\/person\\\/377e1e145733915506a55297ad2fc830\"},\"headline\":\"L&#8217;acord de col\u00b7laboraci\u00f3 amb BNEW permet avantatges per als membres d&#8217;amec\",\"datePublished\":\"2021-07-16T10:59:27+00:00\",\"mainEntityOfPage\":{\"@id\":\"https:\\\/\\\/amec.es\\\/ca\\\/actualitat\\\/lacord-de-col%c2%b7laboracio-amb-bnew-permet-avantatges-per-als-membres-damec\\\/\"},\"wordCount\":252,\"commentCount\":0,\"publisher\":{\"@id\":\"https:\\\/\\\/amec.es\\\/#organization\"},\"image\":{\"@id\":\"https:\\\/\\\/amec.es\\\/ca\\\/actualitat\\\/lacord-de-col%c2%b7laboracio-amb-bnew-permet-avantatges-per-als-membres-damec\\\/#primaryimage\"},\"thumbnailUrl\":\"https:\\\/\\\/amec.es\\\/wp-content\\\/uploads\\\/2023\\\/08\\\/murpartners-2.jpg\",\"articleSection\":[\"Actualitat\"],\"inLanguage\":\"ca\",\"potentialAction\":[{\"@type\":\"CommentAction\",\"name\":\"Comment\",\"target\":[\"https:\\\/\\\/amec.es\\\/ca\\\/actualitat\\\/lacord-de-col%c2%b7laboracio-amb-bnew-permet-avantatges-per-als-membres-damec\\\/#respond\"]}]},{\"@type\":\"WebPage\",\"@id\":\"https:\\\/\\\/amec.es\\\/ca\\\/actualitat\\\/lacord-de-col%c2%b7laboracio-amb-bnew-permet-avantatges-per-als-membres-damec\\\/\",\"url\":\"https:\\\/\\\/amec.es\\\/ca\\\/actualitat\\\/lacord-de-col%c2%b7laboracio-amb-bnew-permet-avantatges-per-als-membres-damec\\\/\",\"name\":\"L'acord de col\u00b7laboraci\u00f3 amb BNEW permet avantatges per als membres d'amec | amec Positive Industry\",\"isPartOf\":{\"@id\":\"https:\\\/\\\/amec.es\\\/#website\"},\"primaryImageOfPage\":{\"@id\":\"https:\\\/\\\/amec.es\\\/ca\\\/actualitat\\\/lacord-de-col%c2%b7laboracio-amb-bnew-permet-avantatges-per-als-membres-damec\\\/#primaryimage\"},\"image\":{\"@id\":\"https:\\\/\\\/amec.es\\\/ca\\\/actualitat\\\/lacord-de-col%c2%b7laboracio-amb-bnew-permet-avantatges-per-als-membres-damec\\\/#primaryimage\"},\"thumbnailUrl\":\"https:\\\/\\\/amec.es\\\/wp-content\\\/uploads\\\/2023\\\/08\\\/murpartners-2.jpg\",\"datePublished\":\"2021-07-16T10:59:27+00:00\",\"breadcrumb\":{\"@id\":\"https:\\\/\\\/amec.es\\\/ca\\\/actualitat\\\/lacord-de-col%c2%b7laboracio-amb-bnew-permet-avantatges-per-als-membres-damec\\\/#breadcrumb\"},\"inLanguage\":\"ca\",\"potentialAction\":[{\"@type\":\"ReadAction\",\"target\":[\"https:\\\/\\\/amec.es\\\/ca\\\/actualitat\\\/lacord-de-col%c2%b7laboracio-amb-bnew-permet-avantatges-per-als-membres-damec\\\/\"]}]},{\"@type\":\"ImageObject\",\"inLanguage\":\"ca\",\"@id\":\"https:\\\/\\\/amec.es\\\/ca\\\/actualitat\\\/lacord-de-col%c2%b7laboracio-amb-bnew-permet-avantatges-per-als-membres-damec\\\/#primaryimage\",\"url\":\"https:\\\/\\\/amec.es\\\/wp-content\\\/uploads\\\/2023\\\/08\\\/murpartners-2.jpg\",\"contentUrl\":\"https:\\\/\\\/amec.es\\\/wp-content\\\/uploads\\\/2023\\\/08\\\/murpartners-2.jpg\",\"width\":380,\"height\":225},{\"@type\":\"BreadcrumbList\",\"@id\":\"https:\\\/\\\/amec.es\\\/ca\\\/actualitat\\\/lacord-de-col%c2%b7laboracio-amb-bnew-permet-avantatges-per-als-membres-damec\\\/#breadcrumb\",\"itemListElement\":[{\"@type\":\"ListItem\",\"position\":1,\"name\":\"Portada\",\"item\":\"https:\\\/\\\/amec.es\\\/ca\\\/home-new\\\/\"},{\"@type\":\"ListItem\",\"position\":2,\"name\":\"L&#8217;acord de col\u00b7laboraci\u00f3 amb BNEW permet avantatges per als membres d&#8217;amec\"}]},{\"@type\":\"WebSite\",\"@id\":\"https:\\\/\\\/amec.es\\\/#website\",\"url\":\"https:\\\/\\\/amec.es\\\/\",\"name\":\"amec Positive Industry\",\"description\":\"\",\"publisher\":{\"@id\":\"https:\\\/\\\/amec.es\\\/#organization\"},\"potentialAction\":[{\"@type\":\"SearchAction\",\"target\":{\"@type\":\"EntryPoint\",\"urlTemplate\":\"https:\\\/\\\/amec.es\\\/?s={search_term_string}\"},\"query-input\":{\"@type\":\"PropertyValueSpecification\",\"valueRequired\":true,\"valueName\":\"search_term_string\"}}],\"inLanguage\":\"ca\"},{\"@type\":\"Organization\",\"@id\":\"https:\\\/\\\/amec.es\\\/#organization\",\"name\":\"amec Positive Industry\",\"url\":\"https:\\\/\\\/amec.es\\\/\",\"logo\":{\"@type\":\"ImageObject\",\"inLanguage\":\"ca\",\"@id\":\"https:\\\/\\\/amec.es\\\/#\\\/schema\\\/logo\\\/image\\\/\",\"url\":\"https:\\\/\\\/amec.es\\\/wp-content\\\/uploads\\\/2023\\\/07\\\/logoamec.png\",\"contentUrl\":\"https:\\\/\\\/amec.es\\\/wp-content\\\/uploads\\\/2023\\\/07\\\/logoamec.png\",\"width\":200,\"height\":48,\"caption\":\"amec Positive Industry\"},\"image\":{\"@id\":\"https:\\\/\\\/amec.es\\\/#\\\/schema\\\/logo\\\/image\\\/\"}},{\"@type\":\"Person\",\"@id\":\"https:\\\/\\\/amec.es\\\/#\\\/schema\\\/person\\\/377e1e145733915506a55297ad2fc830\",\"name\":\"webmaster\",\"image\":{\"@type\":\"ImageObject\",\"inLanguage\":\"ca\",\"@id\":\"https:\\\/\\\/secure.gravatar.com\\\/avatar\\\/1122ff7c82efe2079ddb19cd256fc39ab150caee9b258eeae8928e7f703c39f3?s=96&d=mm&r=g\",\"url\":\"https:\\\/\\\/secure.gravatar.com\\\/avatar\\\/1122ff7c82efe2079ddb19cd256fc39ab150caee9b258eeae8928e7f703c39f3?s=96&d=mm&r=g\",\"contentUrl\":\"https:\\\/\\\/secure.gravatar.com\\\/avatar\\\/1122ff7c82efe2079ddb19cd256fc39ab150caee9b258eeae8928e7f703c39f3?s=96&d=mm&r=g\",\"caption\":\"webmaster\"}}]}<\/script>\n<!-- \/ Yoast SEO plugin. -->","yoast_head_json":{"title":"L'acord de col\u00b7laboraci\u00f3 amb BNEW permet avantatges per als membres d'amec | amec Positive Industry","robots":{"index":"index","follow":"follow","max-snippet":"max-snippet:-1","max-image-preview":"max-image-preview:large","max-video-preview":"max-video-preview:-1"},"canonical":"https:\/\/amec.es\/ca\/actualitat\/lacord-de-col\u00b7laboracio-amb-bnew-permet-avantatges-per-als-membres-damec\/","og_locale":"ca_ES","og_type":"article","og_title":"L'acord de col\u00b7laboraci\u00f3 amb BNEW permet avantatges per als membres d'amec | amec Positive Industry","og_description":"&nbsp; La\u00a0Barcelona New Economy Week (BNEW)\u00a0celebrar\u00e0 la seva segona edici\u00f3 del 5 a el 8 d&#8217;octubre de 2021 a Barcelona. Un acord de col\u00b7laboraci\u00f3 entre\u00a0amec\u00a0i l&#8217;organitzaci\u00f3 permet als membres obtenir avantatges en la seva participaci\u00f3. L&#8217;esdeveniment h\u00edbrid B2B &#8211; 100% professional &#8211; creat pel Consorci de la Zona Franca de Barcelona centrar\u00e0 aquesta edici\u00f3 en [&hellip;]","og_url":"https:\/\/amec.es\/ca\/actualitat\/lacord-de-col\u00b7laboracio-amb-bnew-permet-avantatges-per-als-membres-damec\/","og_site_name":"amec Positive Industry","article_published_time":"2021-07-16T10:59:27+00:00","og_image":[{"width":380,"height":225,"url":"https:\/\/amec.es\/wp-content\/uploads\/2023\/08\/murpartners-2.jpg","type":"image\/jpeg"}],"author":"webmaster","twitter_card":"summary_large_image","twitter_misc":{"Escrit per":"webmaster","Temps estimat de lectura":"1 minut"},"schema":{"@context":"https:\/\/schema.org","@graph":[{"@type":"Article","@id":"https:\/\/amec.es\/ca\/actualitat\/lacord-de-col%c2%b7laboracio-amb-bnew-permet-avantatges-per-als-membres-damec\/#article","isPartOf":{"@id":"https:\/\/amec.es\/ca\/actualitat\/lacord-de-col%c2%b7laboracio-amb-bnew-permet-avantatges-per-als-membres-damec\/"},"author":{"name":"webmaster","@id":"https:\/\/amec.es\/#\/schema\/person\/377e1e145733915506a55297ad2fc830"},"headline":"L&#8217;acord de col\u00b7laboraci\u00f3 amb BNEW permet avantatges per als membres d&#8217;amec","datePublished":"2021-07-16T10:59:27+00:00","mainEntityOfPage":{"@id":"https:\/\/amec.es\/ca\/actualitat\/lacord-de-col%c2%b7laboracio-amb-bnew-permet-avantatges-per-als-membres-damec\/"},"wordCount":252,"commentCount":0,"publisher":{"@id":"https:\/\/amec.es\/#organization"},"image":{"@id":"https:\/\/amec.es\/ca\/actualitat\/lacord-de-col%c2%b7laboracio-amb-bnew-permet-avantatges-per-als-membres-damec\/#primaryimage"},"thumbnailUrl":"https:\/\/amec.es\/wp-content\/uploads\/2023\/08\/murpartners-2.jpg","articleSection":["Actualitat"],"inLanguage":"ca","potentialAction":[{"@type":"CommentAction","name":"Comment","target":["https:\/\/amec.es\/ca\/actualitat\/lacord-de-col%c2%b7laboracio-amb-bnew-permet-avantatges-per-als-membres-damec\/#respond"]}]},{"@type":"WebPage","@id":"https:\/\/amec.es\/ca\/actualitat\/lacord-de-col%c2%b7laboracio-amb-bnew-permet-avantatges-per-als-membres-damec\/","url":"https:\/\/amec.es\/ca\/actualitat\/lacord-de-col%c2%b7laboracio-amb-bnew-permet-avantatges-per-als-membres-damec\/","name":"L'acord de col\u00b7laboraci\u00f3 amb BNEW permet avantatges per als membres d'amec | amec Positive Industry","isPartOf":{"@id":"https:\/\/amec.es\/#website"},"primaryImageOfPage":{"@id":"https:\/\/amec.es\/ca\/actualitat\/lacord-de-col%c2%b7laboracio-amb-bnew-permet-avantatges-per-als-membres-damec\/#primaryimage"},"image":{"@id":"https:\/\/amec.es\/ca\/actualitat\/lacord-de-col%c2%b7laboracio-amb-bnew-permet-avantatges-per-als-membres-damec\/#primaryimage"},"thumbnailUrl":"https:\/\/amec.es\/wp-content\/uploads\/2023\/08\/murpartners-2.jpg","datePublished":"2021-07-16T10:59:27+00:00","breadcrumb":{"@id":"https:\/\/amec.es\/ca\/actualitat\/lacord-de-col%c2%b7laboracio-amb-bnew-permet-avantatges-per-als-membres-damec\/#breadcrumb"},"inLanguage":"ca","potentialAction":[{"@type":"ReadAction","target":["https:\/\/amec.es\/ca\/actualitat\/lacord-de-col%c2%b7laboracio-amb-bnew-permet-avantatges-per-als-membres-damec\/"]}]},{"@type":"ImageObject","inLanguage":"ca","@id":"https:\/\/amec.es\/ca\/actualitat\/lacord-de-col%c2%b7laboracio-amb-bnew-permet-avantatges-per-als-membres-damec\/#primaryimage","url":"https:\/\/amec.es\/wp-content\/uploads\/2023\/08\/murpartners-2.jpg","contentUrl":"https:\/\/amec.es\/wp-content\/uploads\/2023\/08\/murpartners-2.jpg","width":380,"height":225},{"@type":"BreadcrumbList","@id":"https:\/\/amec.es\/ca\/actualitat\/lacord-de-col%c2%b7laboracio-amb-bnew-permet-avantatges-per-als-membres-damec\/#breadcrumb","itemListElement":[{"@type":"ListItem","position":1,"name":"Portada","item":"https:\/\/amec.es\/ca\/home-new\/"},{"@type":"ListItem","position":2,"name":"L&#8217;acord de col\u00b7laboraci\u00f3 amb BNEW permet avantatges per als membres d&#8217;amec"}]},{"@type":"WebSite","@id":"https:\/\/amec.es\/#website","url":"https:\/\/amec.es\/","name":"amec Positive Industry","description":"","publisher":{"@id":"https:\/\/amec.es\/#organization"},"potentialAction":[{"@type":"SearchAction","target":{"@type":"EntryPoint","urlTemplate":"https:\/\/amec.es\/?s={search_term_string}"},"query-input":{"@type":"PropertyValueSpecification","valueRequired":true,"valueName":"search_term_string"}}],"inLanguage":"ca"},{"@type":"Organization","@id":"https:\/\/amec.es\/#organization","name":"amec Positive Industry","url":"https:\/\/amec.es\/","logo":{"@type":"ImageObject","inLanguage":"ca","@id":"https:\/\/amec.es\/#\/schema\/logo\/image\/","url":"https:\/\/amec.es\/wp-content\/uploads\/2023\/07\/logoamec.png","contentUrl":"https:\/\/amec.es\/wp-content\/uploads\/2023\/07\/logoamec.png","width":200,"height":48,"caption":"amec Positive Industry"},"image":{"@id":"https:\/\/amec.es\/#\/schema\/logo\/image\/"}},{"@type":"Person","@id":"https:\/\/amec.es\/#\/schema\/person\/377e1e145733915506a55297ad2fc830","name":"webmaster","image":{"@type":"ImageObject","inLanguage":"ca","@id":"https:\/\/secure.gravatar.com\/avatar\/1122ff7c82efe2079ddb19cd256fc39ab150caee9b258eeae8928e7f703c39f3?s=96&d=mm&r=g","url":"https:\/\/secure.gravatar.com\/avatar\/1122ff7c82efe2079ddb19cd256fc39ab150caee9b258eeae8928e7f703c39f3?s=96&d=mm&r=g","contentUrl":"https:\/\/secure.gravatar.com\/avatar\/1122ff7c82efe2079ddb19cd256fc39ab150caee9b258eeae8928e7f703c39f3?s=96&d=mm&r=g","caption":"webmaster"}}]}},"_links":{"self":[{"href":"https:\/\/amec.es\/ca\/wp-json\/wp\/v2\/posts\/6492","targetHints":{"allow":["GET"]}}],"collection":[{"href":"https:\/\/amec.es\/ca\/wp-json\/wp\/v2\/posts"}],"about":[{"href":"https:\/\/amec.es\/ca\/wp-json\/wp\/v2\/types\/post"}],"author":[{"embeddable":true,"href":"https:\/\/amec.es\/ca\/wp-json\/wp\/v2\/users\/1"}],"replies":[{"embeddable":true,"href":"https:\/\/amec.es\/ca\/wp-json\/wp\/v2\/comments?post=6492"}],"version-history":[{"count":0,"href":"https:\/\/amec.es\/ca\/wp-json\/wp\/v2\/posts\/6492\/revisions"}],"wp:featuredmedia":[{"embeddable":true,"href":"https:\/\/amec.es\/ca\/wp-json\/wp\/v2\/media\/4865"}],"wp:attachment":[{"href":"https:\/\/amec.es\/ca\/wp-json\/wp\/v2\/media?parent=6492"}],"wp:term":[{"taxonomy":"category","embeddable":true,"href":"https:\/\/amec.es\/ca\/wp-json\/wp\/v2\/categories?post=6492"},{"taxonomy":"post_tag","embeddable":true,"href":"https:\/\/amec.es\/ca\/wp-json\/wp\/v2\/tags?post=6492"}],"curies":[{"name":"wp","href":"https:\/\/api.w.org\/{rel}","templated":true}]}}