{"id":6497,"date":"2021-07-07T04:29:27","date_gmt":"2021-07-07T04:29:27","guid":{"rendered":"https:\/\/wecreatedesign.co\/dev\/WP\/amec\/?p=5150"},"modified":"2021-07-07T04:29:27","modified_gmt":"2021-07-07T04:29:27","slug":"amec-participa-en-la-trobada-amb-el-consol-economic-dels-eua-a-barcelona","status":"publish","type":"post","link":"https:\/\/amec.es\/ca\/croniques\/amec-participa-en-la-trobada-amb-el-consol-economic-dels-eua-a-barcelona\/","title":{"rendered":"amec participa en la trobada amb el c\u00f2nsol econ\u00f2mic dels EUA a Barcelona"},"content":{"rendered":"<p>El subdirector\u00a0<em><strong>d&#8217;amec<\/strong><\/em>\u00a0\u00d3scar Puig ha assistit aquesta setmana a la trobada amb el\u00a0<strong>C\u00f2nsol econ\u00f2mic dels EUA a Barcelona, Omar W. Medina.<\/strong>\u00a0El consolat ha organitzat la trobada amb la finalitat d&#8217;estr\u00e8nyer lla\u00e7os amb les principals organitzacions, con\u00e8ixer la realitat empresarial i intercanviar impressions sobre la marxa de l&#8217;economia a Catalunya.<\/p>\n<p>En la trobada han participat, a m\u00e9s\u00a0<em><strong>d&#8217;amec,<\/strong><\/em>\u00a0representants de\u00a0<strong>Pimec, Foment de l&#8217;Ocupaci\u00f3, la Cambra de Barcelona, CaixaBank<\/strong>\u00a0i d&#8217;organismes de diversos \u00e0mbits, com la\u00a0<strong>Universitat Pompeu Fabra.<\/strong>\u00a0El subdirector\u00a0<em><strong>d&#8217;amec<\/strong><\/em>\u00a0ha traslladat a l&#8217;c\u00f2nsol la gran import\u00e0ncia de l&#8217;mercat nord-americ\u00e0 per a les empreses industrials de\u00a0<em><strong>amec,<\/strong><\/em>\u00a045 de les quals estan instal\u00b7lades als EUA Els sectors en qu\u00e8 hi ha m\u00e9s interessos entre els membres de\u00a0<em><strong>amec<\/strong><\/em>\u00a0s\u00f3n principalment el de l&#8217; packaging i el de Smart City.<\/p>\n<p>A m\u00e9s de l&#8217;exist\u00e8ncia d&#8217;unes relacions comercials molt estretes, la trobada ha servit per tractar\u00a0<strong>l&#8217;ampliaci\u00f3 de l&#8217;aeroport del Prat,<\/strong>\u00a0les inversions i l&#8217;aplicaci\u00f3 dels\u00a0<strong>Fons Next Generation-EU.<\/strong>\u00a0Aix\u00ed mateix, davant un entorn completament VUCA, s&#8217;ha incidit en la necessitat de comptar amb models predictius, mitjan\u00e7ant nous indicadors. En aquest sentit, Puig ha explicat la intensa tasca que realitza l&#8217;\u00a0<a href=\"https:\/\/www.amec.es\/es\/observatorio.htm\" target=\"_blank\" rel=\"noopener\"><strong>Observatori\u00a0<em>amec<\/em><\/strong><\/a>\u00a0, creador entre d&#8217;altres de l&#8217;\u00a0<a href=\"https:\/\/www.amec.es\/es\/pl199\/amecnews\/noticias\/id755\/la-solidez-de-la-internacionalizacion-de-la-economia-espanola-mejora-un-2-73-en-2020.htm\" target=\"_blank\" rel=\"noopener\">Indicador de la Solidesa de la Internacionalitzaci\u00f3 (ISI)<\/a>\u00a0i de l&#8217;\u00a0<a href=\"https:\/\/www.amec.es\/es\/pl197\/amecnews\/ultimas-publicaciones\/id586\/informe-de-prospectiva-2021-y-el-ranking-de-mercados.htm?fcat_197=526\" target=\"_blank\" rel=\"noopener\">Informe de Prospectiva de Mercats<\/a>\u00a0. El subdirector\u00a0<em><strong>d&#8217;amec<\/strong><\/em>\u00a0ha incidit m\u00e9s en la necessitat d&#8217;enfortir la imatge de la ind\u00fastria, necess\u00e0ria per al progr\u00e9s i el benestar, tractant-se aix\u00ed d&#8217;una ind\u00fastria amb valors, en l\u00ednia amb el moviment\u00a0<a href=\"https:\/\/www.positiveindustry.org\/\" target=\"_blank\" rel=\"noopener\">Positive Industry<\/a>\u00a0que impulsa la comunitat industrial. Aix\u00ed mateix ha explicat els nous reptes que est\u00e0 afrontant la ind\u00fastria, entre els quals es troba la digitalitzaci\u00f3 i la necessitat de trobar el talent necessari per a la transformaci\u00f3 i desenvolupament, per la qual cosa requereix que l&#8217;oferta formativa encaix amb les necessitats de les empreses.<\/p>\n<p>La trobada coincideix amb l&#8217;anunci que EUA ja permet viatjar als ciutadans europeus i estrangers a partir de novembre sempre que estiguin vacunats. Els viatgers estrangers hauran de presentar el certificat de pauta completa i un test negatiu de Covid realitzat dins dels tres dies anteriors a l&#8217;despla\u00e7ament.<\/p>\n","protected":false},"excerpt":{"rendered":"<p>El subdirector\u00a0d&#8217;amec\u00a0\u00d3scar Puig ha assistit aquesta setmana a la trobada amb el\u00a0C\u00f2nsol econ\u00f2mic dels EUA a Barcelona, Omar W. Medina.\u00a0El consolat ha organitzat la trobada amb la finalitat d&#8217;estr\u00e8nyer lla\u00e7os amb les principals organitzacions, con\u00e8ixer la realitat empresarial i intercanviar impressions sobre la marxa de l&#8217;economia a Catalunya. En la trobada han participat, a m\u00e9s\u00a0d&#8217;amec,\u00a0representants [&hellip;]<\/p>\n","protected":false},"author":1,"featured_media":5157,"comment_status":"open","ping_status":"open","sticky":false,"template":"","format":"standard","meta":{"inline_featured_image":false,"footnotes":""},"categories":[30],"tags":[],"class_list":["post-6497","post","type-post","status-publish","format-standard","has-post-thumbnail","hentry","category-croniques"],"yoast_head":"<!-- This site is optimized with the Yoast SEO plugin v27.3 - https:\/\/yoast.com\/product\/yoast-seo-wordpress\/ -->\n<title>amec participa en la trobada amb el c\u00f2nsol econ\u00f2mic dels EUA a Barcelona | amec Positive Industry<\/title>\n<meta name=\"robots\" content=\"index, follow, max-snippet:-1, max-image-preview:large, max-video-preview:-1\" \/>\n<link rel=\"canonical\" href=\"https:\/\/amec.es\/ca\/croniques\/amec-participa-en-la-trobada-amb-el-consol-economic-dels-eua-a-barcelona\/\" \/>\n<meta property=\"og:locale\" content=\"ca_ES\" \/>\n<meta property=\"og:type\" content=\"article\" \/>\n<meta property=\"og:title\" content=\"amec participa en la trobada amb el c\u00f2nsol econ\u00f2mic dels EUA a Barcelona | amec Positive Industry\" \/>\n<meta property=\"og:description\" content=\"El subdirector\u00a0d&#8217;amec\u00a0\u00d3scar Puig ha assistit aquesta setmana a la trobada amb el\u00a0C\u00f2nsol econ\u00f2mic dels EUA a Barcelona, Omar W. Medina.\u00a0El consolat ha organitzat la trobada amb la finalitat d&#8217;estr\u00e8nyer lla\u00e7os amb les principals organitzacions, con\u00e8ixer la realitat empresarial i intercanviar impressions sobre la marxa de l&#8217;economia a Catalunya. En la trobada han participat, a m\u00e9s\u00a0d&#8217;amec,\u00a0representants [&hellip;]\" \/>\n<meta property=\"og:url\" content=\"https:\/\/amec.es\/ca\/croniques\/amec-participa-en-la-trobada-amb-el-consol-economic-dels-eua-a-barcelona\/\" \/>\n<meta property=\"og:site_name\" content=\"amec Positive Industry\" \/>\n<meta property=\"article:published_time\" content=\"2021-07-07T04:29:27+00:00\" \/>\n<meta property=\"og:image\" content=\"https:\/\/amec.es\/wp-content\/uploads\/2024\/02\/Logo_AMEC.png\" \/>\n\t<meta property=\"og:image:width\" content=\"1827\" \/>\n\t<meta property=\"og:image:height\" content=\"438\" \/>\n\t<meta property=\"og:image:type\" content=\"image\/png\" \/>\n<meta name=\"author\" content=\"webmaster\" \/>\n<meta name=\"twitter:card\" content=\"summary_large_image\" \/>\n<meta name=\"twitter:label1\" content=\"Escrit per\" \/>\n\t<meta name=\"twitter:data1\" content=\"webmaster\" \/>\n\t<meta name=\"twitter:label2\" content=\"Temps estimat de lectura\" \/>\n\t<meta name=\"twitter:data2\" content=\"2 minuts\" \/>\n<script type=\"application\/ld+json\" class=\"yoast-schema-graph\">{\"@context\":\"https:\\\/\\\/schema.org\",\"@graph\":[{\"@type\":\"Article\",\"@id\":\"https:\\\/\\\/amec.es\\\/ca\\\/croniques\\\/amec-participa-en-la-trobada-amb-el-consol-economic-dels-eua-a-barcelona\\\/#article\",\"isPartOf\":{\"@id\":\"https:\\\/\\\/amec.es\\\/ca\\\/croniques\\\/amec-participa-en-la-trobada-amb-el-consol-economic-dels-eua-a-barcelona\\\/\"},\"author\":{\"name\":\"webmaster\",\"@id\":\"https:\\\/\\\/amec.es\\\/#\\\/schema\\\/person\\\/377e1e145733915506a55297ad2fc830\"},\"headline\":\"amec participa en la trobada amb el c\u00f2nsol econ\u00f2mic dels EUA a Barcelona\",\"datePublished\":\"2021-07-07T04:29:27+00:00\",\"mainEntityOfPage\":{\"@id\":\"https:\\\/\\\/amec.es\\\/ca\\\/croniques\\\/amec-participa-en-la-trobada-amb-el-consol-economic-dels-eua-a-barcelona\\\/\"},\"wordCount\":410,\"commentCount\":0,\"publisher\":{\"@id\":\"https:\\\/\\\/amec.es\\\/#organization\"},\"image\":{\"@id\":\"https:\\\/\\\/amec.es\\\/ca\\\/croniques\\\/amec-participa-en-la-trobada-amb-el-consol-economic-dels-eua-a-barcelona\\\/#primaryimage\"},\"thumbnailUrl\":\"\",\"articleSection\":[\"Cr\u00f2niques\"],\"inLanguage\":\"ca\",\"potentialAction\":[{\"@type\":\"CommentAction\",\"name\":\"Comment\",\"target\":[\"https:\\\/\\\/amec.es\\\/ca\\\/croniques\\\/amec-participa-en-la-trobada-amb-el-consol-economic-dels-eua-a-barcelona\\\/#respond\"]}]},{\"@type\":\"WebPage\",\"@id\":\"https:\\\/\\\/amec.es\\\/ca\\\/croniques\\\/amec-participa-en-la-trobada-amb-el-consol-economic-dels-eua-a-barcelona\\\/\",\"url\":\"https:\\\/\\\/amec.es\\\/ca\\\/croniques\\\/amec-participa-en-la-trobada-amb-el-consol-economic-dels-eua-a-barcelona\\\/\",\"name\":\"amec participa en la trobada amb el c\u00f2nsol econ\u00f2mic dels EUA a Barcelona | amec Positive Industry\",\"isPartOf\":{\"@id\":\"https:\\\/\\\/amec.es\\\/#website\"},\"primaryImageOfPage\":{\"@id\":\"https:\\\/\\\/amec.es\\\/ca\\\/croniques\\\/amec-participa-en-la-trobada-amb-el-consol-economic-dels-eua-a-barcelona\\\/#primaryimage\"},\"image\":{\"@id\":\"https:\\\/\\\/amec.es\\\/ca\\\/croniques\\\/amec-participa-en-la-trobada-amb-el-consol-economic-dels-eua-a-barcelona\\\/#primaryimage\"},\"thumbnailUrl\":\"\",\"datePublished\":\"2021-07-07T04:29:27+00:00\",\"breadcrumb\":{\"@id\":\"https:\\\/\\\/amec.es\\\/ca\\\/croniques\\\/amec-participa-en-la-trobada-amb-el-consol-economic-dels-eua-a-barcelona\\\/#breadcrumb\"},\"inLanguage\":\"ca\",\"potentialAction\":[{\"@type\":\"ReadAction\",\"target\":[\"https:\\\/\\\/amec.es\\\/ca\\\/croniques\\\/amec-participa-en-la-trobada-amb-el-consol-economic-dels-eua-a-barcelona\\\/\"]}]},{\"@type\":\"ImageObject\",\"inLanguage\":\"ca\",\"@id\":\"https:\\\/\\\/amec.es\\\/ca\\\/croniques\\\/amec-participa-en-la-trobada-amb-el-consol-economic-dels-eua-a-barcelona\\\/#primaryimage\",\"url\":\"\",\"contentUrl\":\"\"},{\"@type\":\"BreadcrumbList\",\"@id\":\"https:\\\/\\\/amec.es\\\/ca\\\/croniques\\\/amec-participa-en-la-trobada-amb-el-consol-economic-dels-eua-a-barcelona\\\/#breadcrumb\",\"itemListElement\":[{\"@type\":\"ListItem\",\"position\":1,\"name\":\"Portada\",\"item\":\"https:\\\/\\\/amec.es\\\/ca\\\/home-new\\\/\"},{\"@type\":\"ListItem\",\"position\":2,\"name\":\"amec participa en la trobada amb el c\u00f2nsol econ\u00f2mic dels EUA a Barcelona\"}]},{\"@type\":\"WebSite\",\"@id\":\"https:\\\/\\\/amec.es\\\/#website\",\"url\":\"https:\\\/\\\/amec.es\\\/\",\"name\":\"amec Positive Industry\",\"description\":\"\",\"publisher\":{\"@id\":\"https:\\\/\\\/amec.es\\\/#organization\"},\"potentialAction\":[{\"@type\":\"SearchAction\",\"target\":{\"@type\":\"EntryPoint\",\"urlTemplate\":\"https:\\\/\\\/amec.es\\\/?s={search_term_string}\"},\"query-input\":{\"@type\":\"PropertyValueSpecification\",\"valueRequired\":true,\"valueName\":\"search_term_string\"}}],\"inLanguage\":\"ca\"},{\"@type\":\"Organization\",\"@id\":\"https:\\\/\\\/amec.es\\\/#organization\",\"name\":\"amec Positive Industry\",\"url\":\"https:\\\/\\\/amec.es\\\/\",\"logo\":{\"@type\":\"ImageObject\",\"inLanguage\":\"ca\",\"@id\":\"https:\\\/\\\/amec.es\\\/#\\\/schema\\\/logo\\\/image\\\/\",\"url\":\"https:\\\/\\\/amec.es\\\/wp-content\\\/uploads\\\/2023\\\/07\\\/logoamec.png\",\"contentUrl\":\"https:\\\/\\\/amec.es\\\/wp-content\\\/uploads\\\/2023\\\/07\\\/logoamec.png\",\"width\":200,\"height\":48,\"caption\":\"amec Positive Industry\"},\"image\":{\"@id\":\"https:\\\/\\\/amec.es\\\/#\\\/schema\\\/logo\\\/image\\\/\"}},{\"@type\":\"Person\",\"@id\":\"https:\\\/\\\/amec.es\\\/#\\\/schema\\\/person\\\/377e1e145733915506a55297ad2fc830\",\"name\":\"webmaster\",\"image\":{\"@type\":\"ImageObject\",\"inLanguage\":\"ca\",\"@id\":\"https:\\\/\\\/secure.gravatar.com\\\/avatar\\\/1122ff7c82efe2079ddb19cd256fc39ab150caee9b258eeae8928e7f703c39f3?s=96&d=mm&r=g\",\"url\":\"https:\\\/\\\/secure.gravatar.com\\\/avatar\\\/1122ff7c82efe2079ddb19cd256fc39ab150caee9b258eeae8928e7f703c39f3?s=96&d=mm&r=g\",\"contentUrl\":\"https:\\\/\\\/secure.gravatar.com\\\/avatar\\\/1122ff7c82efe2079ddb19cd256fc39ab150caee9b258eeae8928e7f703c39f3?s=96&d=mm&r=g\",\"caption\":\"webmaster\"}}]}<\/script>\n<!-- \/ Yoast SEO plugin. -->","yoast_head_json":{"title":"amec participa en la trobada amb el c\u00f2nsol econ\u00f2mic dels EUA a Barcelona | amec Positive Industry","robots":{"index":"index","follow":"follow","max-snippet":"max-snippet:-1","max-image-preview":"max-image-preview:large","max-video-preview":"max-video-preview:-1"},"canonical":"https:\/\/amec.es\/ca\/croniques\/amec-participa-en-la-trobada-amb-el-consol-economic-dels-eua-a-barcelona\/","og_locale":"ca_ES","og_type":"article","og_title":"amec participa en la trobada amb el c\u00f2nsol econ\u00f2mic dels EUA a Barcelona | amec Positive Industry","og_description":"El subdirector\u00a0d&#8217;amec\u00a0\u00d3scar Puig ha assistit aquesta setmana a la trobada amb el\u00a0C\u00f2nsol econ\u00f2mic dels EUA a Barcelona, Omar W. Medina.\u00a0El consolat ha organitzat la trobada amb la finalitat d&#8217;estr\u00e8nyer lla\u00e7os amb les principals organitzacions, con\u00e8ixer la realitat empresarial i intercanviar impressions sobre la marxa de l&#8217;economia a Catalunya. En la trobada han participat, a m\u00e9s\u00a0d&#8217;amec,\u00a0representants [&hellip;]","og_url":"https:\/\/amec.es\/ca\/croniques\/amec-participa-en-la-trobada-amb-el-consol-economic-dels-eua-a-barcelona\/","og_site_name":"amec Positive Industry","article_published_time":"2021-07-07T04:29:27+00:00","og_image":[{"width":1827,"height":438,"url":"https:\/\/amec.es\/wp-content\/uploads\/2024\/02\/Logo_AMEC.png","type":"image\/png"}],"author":"webmaster","twitter_card":"summary_large_image","twitter_misc":{"Escrit per":"webmaster","Temps estimat de lectura":"2 minuts"},"schema":{"@context":"https:\/\/schema.org","@graph":[{"@type":"Article","@id":"https:\/\/amec.es\/ca\/croniques\/amec-participa-en-la-trobada-amb-el-consol-economic-dels-eua-a-barcelona\/#article","isPartOf":{"@id":"https:\/\/amec.es\/ca\/croniques\/amec-participa-en-la-trobada-amb-el-consol-economic-dels-eua-a-barcelona\/"},"author":{"name":"webmaster","@id":"https:\/\/amec.es\/#\/schema\/person\/377e1e145733915506a55297ad2fc830"},"headline":"amec participa en la trobada amb el c\u00f2nsol econ\u00f2mic dels EUA a Barcelona","datePublished":"2021-07-07T04:29:27+00:00","mainEntityOfPage":{"@id":"https:\/\/amec.es\/ca\/croniques\/amec-participa-en-la-trobada-amb-el-consol-economic-dels-eua-a-barcelona\/"},"wordCount":410,"commentCount":0,"publisher":{"@id":"https:\/\/amec.es\/#organization"},"image":{"@id":"https:\/\/amec.es\/ca\/croniques\/amec-participa-en-la-trobada-amb-el-consol-economic-dels-eua-a-barcelona\/#primaryimage"},"thumbnailUrl":"","articleSection":["Cr\u00f2niques"],"inLanguage":"ca","potentialAction":[{"@type":"CommentAction","name":"Comment","target":["https:\/\/amec.es\/ca\/croniques\/amec-participa-en-la-trobada-amb-el-consol-economic-dels-eua-a-barcelona\/#respond"]}]},{"@type":"WebPage","@id":"https:\/\/amec.es\/ca\/croniques\/amec-participa-en-la-trobada-amb-el-consol-economic-dels-eua-a-barcelona\/","url":"https:\/\/amec.es\/ca\/croniques\/amec-participa-en-la-trobada-amb-el-consol-economic-dels-eua-a-barcelona\/","name":"amec participa en la trobada amb el c\u00f2nsol econ\u00f2mic dels EUA a Barcelona | amec Positive Industry","isPartOf":{"@id":"https:\/\/amec.es\/#website"},"primaryImageOfPage":{"@id":"https:\/\/amec.es\/ca\/croniques\/amec-participa-en-la-trobada-amb-el-consol-economic-dels-eua-a-barcelona\/#primaryimage"},"image":{"@id":"https:\/\/amec.es\/ca\/croniques\/amec-participa-en-la-trobada-amb-el-consol-economic-dels-eua-a-barcelona\/#primaryimage"},"thumbnailUrl":"","datePublished":"2021-07-07T04:29:27+00:00","breadcrumb":{"@id":"https:\/\/amec.es\/ca\/croniques\/amec-participa-en-la-trobada-amb-el-consol-economic-dels-eua-a-barcelona\/#breadcrumb"},"inLanguage":"ca","potentialAction":[{"@type":"ReadAction","target":["https:\/\/amec.es\/ca\/croniques\/amec-participa-en-la-trobada-amb-el-consol-economic-dels-eua-a-barcelona\/"]}]},{"@type":"ImageObject","inLanguage":"ca","@id":"https:\/\/amec.es\/ca\/croniques\/amec-participa-en-la-trobada-amb-el-consol-economic-dels-eua-a-barcelona\/#primaryimage","url":"","contentUrl":""},{"@type":"BreadcrumbList","@id":"https:\/\/amec.es\/ca\/croniques\/amec-participa-en-la-trobada-amb-el-consol-economic-dels-eua-a-barcelona\/#breadcrumb","itemListElement":[{"@type":"ListItem","position":1,"name":"Portada","item":"https:\/\/amec.es\/ca\/home-new\/"},{"@type":"ListItem","position":2,"name":"amec participa en la trobada amb el c\u00f2nsol econ\u00f2mic dels EUA a Barcelona"}]},{"@type":"WebSite","@id":"https:\/\/amec.es\/#website","url":"https:\/\/amec.es\/","name":"amec Positive Industry","description":"","publisher":{"@id":"https:\/\/amec.es\/#organization"},"potentialAction":[{"@type":"SearchAction","target":{"@type":"EntryPoint","urlTemplate":"https:\/\/amec.es\/?s={search_term_string}"},"query-input":{"@type":"PropertyValueSpecification","valueRequired":true,"valueName":"search_term_string"}}],"inLanguage":"ca"},{"@type":"Organization","@id":"https:\/\/amec.es\/#organization","name":"amec Positive Industry","url":"https:\/\/amec.es\/","logo":{"@type":"ImageObject","inLanguage":"ca","@id":"https:\/\/amec.es\/#\/schema\/logo\/image\/","url":"https:\/\/amec.es\/wp-content\/uploads\/2023\/07\/logoamec.png","contentUrl":"https:\/\/amec.es\/wp-content\/uploads\/2023\/07\/logoamec.png","width":200,"height":48,"caption":"amec Positive Industry"},"image":{"@id":"https:\/\/amec.es\/#\/schema\/logo\/image\/"}},{"@type":"Person","@id":"https:\/\/amec.es\/#\/schema\/person\/377e1e145733915506a55297ad2fc830","name":"webmaster","image":{"@type":"ImageObject","inLanguage":"ca","@id":"https:\/\/secure.gravatar.com\/avatar\/1122ff7c82efe2079ddb19cd256fc39ab150caee9b258eeae8928e7f703c39f3?s=96&d=mm&r=g","url":"https:\/\/secure.gravatar.com\/avatar\/1122ff7c82efe2079ddb19cd256fc39ab150caee9b258eeae8928e7f703c39f3?s=96&d=mm&r=g","contentUrl":"https:\/\/secure.gravatar.com\/avatar\/1122ff7c82efe2079ddb19cd256fc39ab150caee9b258eeae8928e7f703c39f3?s=96&d=mm&r=g","caption":"webmaster"}}]}},"_links":{"self":[{"href":"https:\/\/amec.es\/ca\/wp-json\/wp\/v2\/posts\/6497","targetHints":{"allow":["GET"]}}],"collection":[{"href":"https:\/\/amec.es\/ca\/wp-json\/wp\/v2\/posts"}],"about":[{"href":"https:\/\/amec.es\/ca\/wp-json\/wp\/v2\/types\/post"}],"author":[{"embeddable":true,"href":"https:\/\/amec.es\/ca\/wp-json\/wp\/v2\/users\/1"}],"replies":[{"embeddable":true,"href":"https:\/\/amec.es\/ca\/wp-json\/wp\/v2\/comments?post=6497"}],"version-history":[{"count":0,"href":"https:\/\/amec.es\/ca\/wp-json\/wp\/v2\/posts\/6497\/revisions"}],"wp:featuredmedia":[{"embeddable":true,"href":"https:\/\/amec.es\/ca\/wp-json\/"}],"wp:attachment":[{"href":"https:\/\/amec.es\/ca\/wp-json\/wp\/v2\/media?parent=6497"}],"wp:term":[{"taxonomy":"category","embeddable":true,"href":"https:\/\/amec.es\/ca\/wp-json\/wp\/v2\/categories?post=6497"},{"taxonomy":"post_tag","embeddable":true,"href":"https:\/\/amec.es\/ca\/wp-json\/wp\/v2\/tags?post=6497"}],"curies":[{"name":"wp","href":"https:\/\/api.w.org\/{rel}","templated":true}]}}