{"id":6500,"date":"2021-07-10T07:06:12","date_gmt":"2021-07-10T07:06:12","guid":{"rendered":"https:\/\/wecreatedesign.co\/dev\/WP\/amec\/?p=5588"},"modified":"2021-07-10T07:06:12","modified_gmt":"2021-07-10T07:06:12","slug":"la-ciberseguretat-en-lestrategia-de-lempresa","status":"publish","type":"post","link":"https:\/\/amec.es\/ca\/articles-dexperts\/la-ciberseguretat-en-lestrategia-de-lempresa\/","title":{"rendered":"La ciberseguretat en l&#8217;estrat\u00e8gia de l&#8217;empresa"},"content":{"rendered":"<p><strong>Les tecnologies d&#8217;informaci\u00f3 i comunicaci\u00f3 (TI) s&#8217;han convertit en factor clau per a l&#8217;efici\u00e8ncia, la rendibilitat i la productivitat de qualsevol organitzaci\u00f3 i, en conseq\u00fc\u00e8ncia, el seu govern i gesti\u00f3 s\u00f3n fonamentals.<\/strong>\u00a0El govern de TI \u00e9s l&#8217;assegurament de que les inversions en TI generin desenvolupament empresarial i mitiguin els riscos associats amb les seves implementacions. \u00c9s responsabilitat dels executius i dels consells d&#8217;administraci\u00f3 garantir que les TI de l&#8217;empresa sostinguin les estrat\u00e8gies i objectius de l&#8217;organitzaci\u00f3.<\/p>\n<p>&nbsp;<\/p>\n<p>La Seguretat de la Informaci\u00f3 no \u00e9s nom\u00e9s una q\u00fcesti\u00f3 t\u00e8cnica. Suposa una responsabilitat de la direcci\u00f3 de les nostres empreses. Involucrant a el conjunt de l&#8217;organitzaci\u00f3 aconseguirem definir i executar un Pla de Seguretat de la Informaci\u00f3 o un Pla Director de Seguretat (PDS). Amb l&#8217;objectiu de reduir els riscos als quals est\u00e0 exposada l&#8217;organitzaci\u00f3, fins a uns nivells acceptables a partir d&#8217;una an\u00e0lisi de la situaci\u00f3 inicial, s&#8217;han de definir i prioritzar un conjunt de projectes en mat\u00e8ria de seguretat de la informaci\u00f3. Aix\u00ed, el Pla Director de Seguretat ha d&#8217;estar alineat amb els objectius estrat\u00e8gics de l&#8217;empresa, inclour\u00e0 una definici\u00f3 de l&#8217;abast i incorporar\u00e0 obligacions i bones pr\u00e0ctiques de seguretat que han de complir els treballadors de l&#8217;organitzaci\u00f3, aix\u00ed com tercers que col\u00b7laborin amb aquesta.<\/p>\n<p>&nbsp;<\/p>\n<p>La correcta\u00a0<strong>gesti\u00f3 de la seguretat de la Informaci\u00f3<\/strong>\u00a0t\u00e9 com a finalitat conservar la\u00a0<strong>confidencialitat, integritat i disponibilitat de la informaci\u00f3.<\/strong>\u00a0Aix\u00f2 \u00e9s important perqu\u00e8 la informaci\u00f3 no sigui divulgada a persones o sistemes no autoritzats; per prevenir modificacions no autoritzades de la informaci\u00f3; i perqu\u00e8 les persones autoritzades puguin accedir a la informaci\u00f3 i als sistemes en el moment que aix\u00ed ho requereixin.<\/p>\n<p>&nbsp;<\/p>\n<p>La inversi\u00f3 en ciberseguretat suposa un avantatge competitiu per a tot tipus d&#8217;empreses i institucions.\u00a0<strong>Evitar un ciberatac o, simplement, pal\u00b7liar els costos<\/strong>\u00a0derivats d&#8217;aquest atac, ja siguin econ\u00f2mics o d&#8217;imatge, suposa un\u00a0<strong>avantatge enfront de competidors.<\/strong>\u00a0Tamb\u00e9 aconseguirem una\u00a0<strong>major confian\u00e7a dels clients i prove\u00efdors<\/strong>\u00a0si ens preocupem per con\u00e8ixer les seves expectatives en mat\u00e8ria de ciberseguretat i protecci\u00f3 de dades, i assegurem l&#8217;adopci\u00f3 de mesures que contemplin tots els elements demandats.<\/p>\n<p>&nbsp;<\/p>\n<p><strong>El 77% dels consumidors situa la ciberseguretat com el tercer factor m\u00e9s important<\/strong>\u00a0a l&#8217;hora de decidir a quina empresa comprar, despr\u00e9s de la disponibilitat del producte i la qualitat, i per davant de factors tradicionals com el preu i la reputaci\u00f3 de marca. Lamentablement, un dels factors que m\u00e9s est\u00e0 afavorint al fet que la seguretat de la informaci\u00f3 s&#8217;integri en les estrat\u00e8gies de negoci de les empreses s\u00f3n els ciberatacs. El ciberatac pot generar p\u00e8rdues econ\u00f2miques a causa de la manca de disponibilitat de les infraestructures &#8211; parades a les fabricacions industrials o poca disponibilitat de servidor de correu electr\u00f2nic durant hores &#8211; o minvant la reputaci\u00f3 de l&#8217;empresa en client i en els propis empleats. Addicionalment, es d\u00f3na un dany econ\u00f2mic directe quan l&#8217;empresari accedeix a el pagament per l&#8217;extorsi\u00f3 que est\u00e0 patint (cosa que no ha de fer mai).\u00a0<strong>El ciberatac obre els ulls dels directius de les companyies sobre el Risc de Continu\u00eftat de Negoci.<\/strong>\u00a0Les dades o la informaci\u00f3 s\u00f3n la joia de la corona dels negocis i el ciberdelinq\u00fcent actua directament sobre ells.<\/p>\n<p>&nbsp;<\/p>\n<p><img decoding=\"async\" src=\"http:\/\/wecreatedesign.co\/dev\/WP\/amec\/wp-content\/uploads\/2023\/03\/nereabaez-redim-w150-h153.png\" alt=\"nereabaez.png\" width=\"150\" height=\"153\" \/><\/p>\n","protected":false},"excerpt":{"rendered":"<p>Les tecnologies d&#8217;informaci\u00f3 i comunicaci\u00f3 (TI) s&#8217;han convertit en factor clau per a l&#8217;efici\u00e8ncia, la rendibilitat i la productivitat de qualsevol organitzaci\u00f3 i, en conseq\u00fc\u00e8ncia, el seu govern i gesti\u00f3 s\u00f3n fonamentals. El govern de TI \u00e9s l&#8217;assegurament&#8230;<\/p>\n","protected":false},"author":1,"featured_media":0,"comment_status":"open","ping_status":"open","sticky":false,"template":"","format":"standard","meta":{"inline_featured_image":false,"footnotes":""},"categories":[29],"tags":[],"class_list":["post-6500","post","type-post","status-publish","format-standard","hentry","category-articles-dexperts"],"yoast_head":"<!-- This site is optimized with the Yoast SEO plugin v27.3 - https:\/\/yoast.com\/product\/yoast-seo-wordpress\/ -->\n<title>La ciberseguretat en l&#039;estrat\u00e8gia de l&#039;empresa | amec Positive Industry<\/title>\n<meta name=\"robots\" content=\"index, follow, max-snippet:-1, max-image-preview:large, max-video-preview:-1\" \/>\n<link rel=\"canonical\" href=\"https:\/\/amec.es\/ca\/articles-dexperts\/la-ciberseguretat-en-lestrategia-de-lempresa\/\" \/>\n<meta property=\"og:locale\" content=\"ca_ES\" \/>\n<meta property=\"og:type\" content=\"article\" \/>\n<meta property=\"og:title\" content=\"La ciberseguretat en l&#039;estrat\u00e8gia de l&#039;empresa | amec Positive Industry\" \/>\n<meta property=\"og:description\" content=\"Les tecnologies d&#039;informaci\u00f3 i comunicaci\u00f3 (TI) s&#039;han convertit en factor clau per a l&#039;efici\u00e8ncia, la rendibilitat i la productivitat de qualsevol organitzaci\u00f3 i, en conseq\u00fc\u00e8ncia, el seu govern i gesti\u00f3 s\u00f3n fonamentals. El govern de TI \u00e9s l&#039;assegurament...\" \/>\n<meta property=\"og:url\" content=\"https:\/\/amec.es\/ca\/articles-dexperts\/la-ciberseguretat-en-lestrategia-de-lempresa\/\" \/>\n<meta property=\"og:site_name\" content=\"amec Positive Industry\" \/>\n<meta property=\"article:published_time\" content=\"2021-07-10T07:06:12+00:00\" \/>\n<meta property=\"og:image\" content=\"http:\/\/wecreatedesign.co\/dev\/WP\/amec\/wp-content\/uploads\/2023\/03\/nereabaez-redim-w150-h153.png\" \/>\n<meta name=\"author\" content=\"webmaster\" \/>\n<meta name=\"twitter:card\" content=\"summary_large_image\" \/>\n<meta name=\"twitter:label1\" content=\"Escrit per\" \/>\n\t<meta name=\"twitter:data1\" content=\"webmaster\" \/>\n\t<meta name=\"twitter:label2\" content=\"Temps estimat de lectura\" \/>\n\t<meta name=\"twitter:data2\" content=\"3 minuts\" \/>\n<script type=\"application\/ld+json\" class=\"yoast-schema-graph\">{\"@context\":\"https:\\\/\\\/schema.org\",\"@graph\":[{\"@type\":\"Article\",\"@id\":\"https:\\\/\\\/amec.es\\\/ca\\\/articles-dexperts\\\/la-ciberseguretat-en-lestrategia-de-lempresa\\\/#article\",\"isPartOf\":{\"@id\":\"https:\\\/\\\/amec.es\\\/ca\\\/articles-dexperts\\\/la-ciberseguretat-en-lestrategia-de-lempresa\\\/\"},\"author\":{\"name\":\"webmaster\",\"@id\":\"https:\\\/\\\/amec.es\\\/#\\\/schema\\\/person\\\/377e1e145733915506a55297ad2fc830\"},\"headline\":\"La ciberseguretat en l&#8217;estrat\u00e8gia de l&#8217;empresa\",\"datePublished\":\"2021-07-10T07:06:12+00:00\",\"mainEntityOfPage\":{\"@id\":\"https:\\\/\\\/amec.es\\\/ca\\\/articles-dexperts\\\/la-ciberseguretat-en-lestrategia-de-lempresa\\\/\"},\"wordCount\":592,\"commentCount\":0,\"publisher\":{\"@id\":\"https:\\\/\\\/amec.es\\\/#organization\"},\"image\":{\"@id\":\"https:\\\/\\\/amec.es\\\/ca\\\/articles-dexperts\\\/la-ciberseguretat-en-lestrategia-de-lempresa\\\/#primaryimage\"},\"thumbnailUrl\":\"http:\\\/\\\/wecreatedesign.co\\\/dev\\\/WP\\\/amec\\\/wp-content\\\/uploads\\\/2023\\\/03\\\/nereabaez-redim-w150-h153.png\",\"articleSection\":[\"Articles d'experts\"],\"inLanguage\":\"ca\",\"potentialAction\":[{\"@type\":\"CommentAction\",\"name\":\"Comment\",\"target\":[\"https:\\\/\\\/amec.es\\\/ca\\\/articles-dexperts\\\/la-ciberseguretat-en-lestrategia-de-lempresa\\\/#respond\"]}]},{\"@type\":\"WebPage\",\"@id\":\"https:\\\/\\\/amec.es\\\/ca\\\/articles-dexperts\\\/la-ciberseguretat-en-lestrategia-de-lempresa\\\/\",\"url\":\"https:\\\/\\\/amec.es\\\/ca\\\/articles-dexperts\\\/la-ciberseguretat-en-lestrategia-de-lempresa\\\/\",\"name\":\"La ciberseguretat en l'estrat\u00e8gia de l'empresa | amec Positive Industry\",\"isPartOf\":{\"@id\":\"https:\\\/\\\/amec.es\\\/#website\"},\"primaryImageOfPage\":{\"@id\":\"https:\\\/\\\/amec.es\\\/ca\\\/articles-dexperts\\\/la-ciberseguretat-en-lestrategia-de-lempresa\\\/#primaryimage\"},\"image\":{\"@id\":\"https:\\\/\\\/amec.es\\\/ca\\\/articles-dexperts\\\/la-ciberseguretat-en-lestrategia-de-lempresa\\\/#primaryimage\"},\"thumbnailUrl\":\"http:\\\/\\\/wecreatedesign.co\\\/dev\\\/WP\\\/amec\\\/wp-content\\\/uploads\\\/2023\\\/03\\\/nereabaez-redim-w150-h153.png\",\"datePublished\":\"2021-07-10T07:06:12+00:00\",\"breadcrumb\":{\"@id\":\"https:\\\/\\\/amec.es\\\/ca\\\/articles-dexperts\\\/la-ciberseguretat-en-lestrategia-de-lempresa\\\/#breadcrumb\"},\"inLanguage\":\"ca\",\"potentialAction\":[{\"@type\":\"ReadAction\",\"target\":[\"https:\\\/\\\/amec.es\\\/ca\\\/articles-dexperts\\\/la-ciberseguretat-en-lestrategia-de-lempresa\\\/\"]}]},{\"@type\":\"ImageObject\",\"inLanguage\":\"ca\",\"@id\":\"https:\\\/\\\/amec.es\\\/ca\\\/articles-dexperts\\\/la-ciberseguretat-en-lestrategia-de-lempresa\\\/#primaryimage\",\"url\":\"http:\\\/\\\/wecreatedesign.co\\\/dev\\\/WP\\\/amec\\\/wp-content\\\/uploads\\\/2023\\\/03\\\/nereabaez-redim-w150-h153.png\",\"contentUrl\":\"http:\\\/\\\/wecreatedesign.co\\\/dev\\\/WP\\\/amec\\\/wp-content\\\/uploads\\\/2023\\\/03\\\/nereabaez-redim-w150-h153.png\"},{\"@type\":\"BreadcrumbList\",\"@id\":\"https:\\\/\\\/amec.es\\\/ca\\\/articles-dexperts\\\/la-ciberseguretat-en-lestrategia-de-lempresa\\\/#breadcrumb\",\"itemListElement\":[{\"@type\":\"ListItem\",\"position\":1,\"name\":\"Portada\",\"item\":\"https:\\\/\\\/amec.es\\\/ca\\\/home-new\\\/\"},{\"@type\":\"ListItem\",\"position\":2,\"name\":\"La ciberseguretat en l&#8217;estrat\u00e8gia de l&#8217;empresa\"}]},{\"@type\":\"WebSite\",\"@id\":\"https:\\\/\\\/amec.es\\\/#website\",\"url\":\"https:\\\/\\\/amec.es\\\/\",\"name\":\"amec Positive Industry\",\"description\":\"\",\"publisher\":{\"@id\":\"https:\\\/\\\/amec.es\\\/#organization\"},\"potentialAction\":[{\"@type\":\"SearchAction\",\"target\":{\"@type\":\"EntryPoint\",\"urlTemplate\":\"https:\\\/\\\/amec.es\\\/?s={search_term_string}\"},\"query-input\":{\"@type\":\"PropertyValueSpecification\",\"valueRequired\":true,\"valueName\":\"search_term_string\"}}],\"inLanguage\":\"ca\"},{\"@type\":\"Organization\",\"@id\":\"https:\\\/\\\/amec.es\\\/#organization\",\"name\":\"amec Positive Industry\",\"url\":\"https:\\\/\\\/amec.es\\\/\",\"logo\":{\"@type\":\"ImageObject\",\"inLanguage\":\"ca\",\"@id\":\"https:\\\/\\\/amec.es\\\/#\\\/schema\\\/logo\\\/image\\\/\",\"url\":\"https:\\\/\\\/amec.es\\\/wp-content\\\/uploads\\\/2023\\\/07\\\/logoamec.png\",\"contentUrl\":\"https:\\\/\\\/amec.es\\\/wp-content\\\/uploads\\\/2023\\\/07\\\/logoamec.png\",\"width\":200,\"height\":48,\"caption\":\"amec Positive Industry\"},\"image\":{\"@id\":\"https:\\\/\\\/amec.es\\\/#\\\/schema\\\/logo\\\/image\\\/\"}},{\"@type\":\"Person\",\"@id\":\"https:\\\/\\\/amec.es\\\/#\\\/schema\\\/person\\\/377e1e145733915506a55297ad2fc830\",\"name\":\"webmaster\",\"image\":{\"@type\":\"ImageObject\",\"inLanguage\":\"ca\",\"@id\":\"https:\\\/\\\/secure.gravatar.com\\\/avatar\\\/1122ff7c82efe2079ddb19cd256fc39ab150caee9b258eeae8928e7f703c39f3?s=96&d=mm&r=g\",\"url\":\"https:\\\/\\\/secure.gravatar.com\\\/avatar\\\/1122ff7c82efe2079ddb19cd256fc39ab150caee9b258eeae8928e7f703c39f3?s=96&d=mm&r=g\",\"contentUrl\":\"https:\\\/\\\/secure.gravatar.com\\\/avatar\\\/1122ff7c82efe2079ddb19cd256fc39ab150caee9b258eeae8928e7f703c39f3?s=96&d=mm&r=g\",\"caption\":\"webmaster\"}}]}<\/script>\n<!-- \/ Yoast SEO plugin. -->","yoast_head_json":{"title":"La ciberseguretat en l'estrat\u00e8gia de l'empresa | amec Positive Industry","robots":{"index":"index","follow":"follow","max-snippet":"max-snippet:-1","max-image-preview":"max-image-preview:large","max-video-preview":"max-video-preview:-1"},"canonical":"https:\/\/amec.es\/ca\/articles-dexperts\/la-ciberseguretat-en-lestrategia-de-lempresa\/","og_locale":"ca_ES","og_type":"article","og_title":"La ciberseguretat en l'estrat\u00e8gia de l'empresa | amec Positive Industry","og_description":"Les tecnologies d'informaci\u00f3 i comunicaci\u00f3 (TI) s'han convertit en factor clau per a l'efici\u00e8ncia, la rendibilitat i la productivitat de qualsevol organitzaci\u00f3 i, en conseq\u00fc\u00e8ncia, el seu govern i gesti\u00f3 s\u00f3n fonamentals. El govern de TI \u00e9s l'assegurament...","og_url":"https:\/\/amec.es\/ca\/articles-dexperts\/la-ciberseguretat-en-lestrategia-de-lempresa\/","og_site_name":"amec Positive Industry","article_published_time":"2021-07-10T07:06:12+00:00","og_image":[{"url":"http:\/\/wecreatedesign.co\/dev\/WP\/amec\/wp-content\/uploads\/2023\/03\/nereabaez-redim-w150-h153.png","type":"","width":"","height":""}],"author":"webmaster","twitter_card":"summary_large_image","twitter_misc":{"Escrit per":"webmaster","Temps estimat de lectura":"3 minuts"},"schema":{"@context":"https:\/\/schema.org","@graph":[{"@type":"Article","@id":"https:\/\/amec.es\/ca\/articles-dexperts\/la-ciberseguretat-en-lestrategia-de-lempresa\/#article","isPartOf":{"@id":"https:\/\/amec.es\/ca\/articles-dexperts\/la-ciberseguretat-en-lestrategia-de-lempresa\/"},"author":{"name":"webmaster","@id":"https:\/\/amec.es\/#\/schema\/person\/377e1e145733915506a55297ad2fc830"},"headline":"La ciberseguretat en l&#8217;estrat\u00e8gia de l&#8217;empresa","datePublished":"2021-07-10T07:06:12+00:00","mainEntityOfPage":{"@id":"https:\/\/amec.es\/ca\/articles-dexperts\/la-ciberseguretat-en-lestrategia-de-lempresa\/"},"wordCount":592,"commentCount":0,"publisher":{"@id":"https:\/\/amec.es\/#organization"},"image":{"@id":"https:\/\/amec.es\/ca\/articles-dexperts\/la-ciberseguretat-en-lestrategia-de-lempresa\/#primaryimage"},"thumbnailUrl":"http:\/\/wecreatedesign.co\/dev\/WP\/amec\/wp-content\/uploads\/2023\/03\/nereabaez-redim-w150-h153.png","articleSection":["Articles d'experts"],"inLanguage":"ca","potentialAction":[{"@type":"CommentAction","name":"Comment","target":["https:\/\/amec.es\/ca\/articles-dexperts\/la-ciberseguretat-en-lestrategia-de-lempresa\/#respond"]}]},{"@type":"WebPage","@id":"https:\/\/amec.es\/ca\/articles-dexperts\/la-ciberseguretat-en-lestrategia-de-lempresa\/","url":"https:\/\/amec.es\/ca\/articles-dexperts\/la-ciberseguretat-en-lestrategia-de-lempresa\/","name":"La ciberseguretat en l'estrat\u00e8gia de l'empresa | amec Positive Industry","isPartOf":{"@id":"https:\/\/amec.es\/#website"},"primaryImageOfPage":{"@id":"https:\/\/amec.es\/ca\/articles-dexperts\/la-ciberseguretat-en-lestrategia-de-lempresa\/#primaryimage"},"image":{"@id":"https:\/\/amec.es\/ca\/articles-dexperts\/la-ciberseguretat-en-lestrategia-de-lempresa\/#primaryimage"},"thumbnailUrl":"http:\/\/wecreatedesign.co\/dev\/WP\/amec\/wp-content\/uploads\/2023\/03\/nereabaez-redim-w150-h153.png","datePublished":"2021-07-10T07:06:12+00:00","breadcrumb":{"@id":"https:\/\/amec.es\/ca\/articles-dexperts\/la-ciberseguretat-en-lestrategia-de-lempresa\/#breadcrumb"},"inLanguage":"ca","potentialAction":[{"@type":"ReadAction","target":["https:\/\/amec.es\/ca\/articles-dexperts\/la-ciberseguretat-en-lestrategia-de-lempresa\/"]}]},{"@type":"ImageObject","inLanguage":"ca","@id":"https:\/\/amec.es\/ca\/articles-dexperts\/la-ciberseguretat-en-lestrategia-de-lempresa\/#primaryimage","url":"http:\/\/wecreatedesign.co\/dev\/WP\/amec\/wp-content\/uploads\/2023\/03\/nereabaez-redim-w150-h153.png","contentUrl":"http:\/\/wecreatedesign.co\/dev\/WP\/amec\/wp-content\/uploads\/2023\/03\/nereabaez-redim-w150-h153.png"},{"@type":"BreadcrumbList","@id":"https:\/\/amec.es\/ca\/articles-dexperts\/la-ciberseguretat-en-lestrategia-de-lempresa\/#breadcrumb","itemListElement":[{"@type":"ListItem","position":1,"name":"Portada","item":"https:\/\/amec.es\/ca\/home-new\/"},{"@type":"ListItem","position":2,"name":"La ciberseguretat en l&#8217;estrat\u00e8gia de l&#8217;empresa"}]},{"@type":"WebSite","@id":"https:\/\/amec.es\/#website","url":"https:\/\/amec.es\/","name":"amec Positive Industry","description":"","publisher":{"@id":"https:\/\/amec.es\/#organization"},"potentialAction":[{"@type":"SearchAction","target":{"@type":"EntryPoint","urlTemplate":"https:\/\/amec.es\/?s={search_term_string}"},"query-input":{"@type":"PropertyValueSpecification","valueRequired":true,"valueName":"search_term_string"}}],"inLanguage":"ca"},{"@type":"Organization","@id":"https:\/\/amec.es\/#organization","name":"amec Positive Industry","url":"https:\/\/amec.es\/","logo":{"@type":"ImageObject","inLanguage":"ca","@id":"https:\/\/amec.es\/#\/schema\/logo\/image\/","url":"https:\/\/amec.es\/wp-content\/uploads\/2023\/07\/logoamec.png","contentUrl":"https:\/\/amec.es\/wp-content\/uploads\/2023\/07\/logoamec.png","width":200,"height":48,"caption":"amec Positive Industry"},"image":{"@id":"https:\/\/amec.es\/#\/schema\/logo\/image\/"}},{"@type":"Person","@id":"https:\/\/amec.es\/#\/schema\/person\/377e1e145733915506a55297ad2fc830","name":"webmaster","image":{"@type":"ImageObject","inLanguage":"ca","@id":"https:\/\/secure.gravatar.com\/avatar\/1122ff7c82efe2079ddb19cd256fc39ab150caee9b258eeae8928e7f703c39f3?s=96&d=mm&r=g","url":"https:\/\/secure.gravatar.com\/avatar\/1122ff7c82efe2079ddb19cd256fc39ab150caee9b258eeae8928e7f703c39f3?s=96&d=mm&r=g","contentUrl":"https:\/\/secure.gravatar.com\/avatar\/1122ff7c82efe2079ddb19cd256fc39ab150caee9b258eeae8928e7f703c39f3?s=96&d=mm&r=g","caption":"webmaster"}}]}},"_links":{"self":[{"href":"https:\/\/amec.es\/ca\/wp-json\/wp\/v2\/posts\/6500","targetHints":{"allow":["GET"]}}],"collection":[{"href":"https:\/\/amec.es\/ca\/wp-json\/wp\/v2\/posts"}],"about":[{"href":"https:\/\/amec.es\/ca\/wp-json\/wp\/v2\/types\/post"}],"author":[{"embeddable":true,"href":"https:\/\/amec.es\/ca\/wp-json\/wp\/v2\/users\/1"}],"replies":[{"embeddable":true,"href":"https:\/\/amec.es\/ca\/wp-json\/wp\/v2\/comments?post=6500"}],"version-history":[{"count":0,"href":"https:\/\/amec.es\/ca\/wp-json\/wp\/v2\/posts\/6500\/revisions"}],"wp:attachment":[{"href":"https:\/\/amec.es\/ca\/wp-json\/wp\/v2\/media?parent=6500"}],"wp:term":[{"taxonomy":"category","embeddable":true,"href":"https:\/\/amec.es\/ca\/wp-json\/wp\/v2\/categories?post=6500"},{"taxonomy":"post_tag","embeddable":true,"href":"https:\/\/amec.es\/ca\/wp-json\/wp\/v2\/tags?post=6500"}],"curies":[{"name":"wp","href":"https:\/\/api.w.org\/{rel}","templated":true}]}}