{"id":6517,"date":"2021-08-26T11:16:08","date_gmt":"2021-08-26T11:16:08","guid":{"rendered":"https:\/\/wecreatedesign.co\/dev\/WP\/amec\/?p=4908"},"modified":"2021-08-26T11:16:08","modified_gmt":"2021-08-26T11:16:08","slug":"avantatges-per-als-membres-per-participar-a-smagua","status":"publish","type":"post","link":"https:\/\/amec.es\/ca\/actualitat\/avantatges-per-als-membres-per-participar-a-smagua\/","title":{"rendered":"Avantatges per als membres per participar a SMAGUA"},"content":{"rendered":"<div class=\"amplada-pagina descripcion\">\n<p>Els membres de\u00a0<em><strong>amec<\/strong><\/em>\u00a0compten amb un conjunt d&#8217;avantatges en la seva participaci\u00f3 en el sal\u00f3\u00a0<a href=\"https:\/\/www.feriazaragoza.es\/smagua-2021\" target=\"_blank\" rel=\"noopener\" data-cke-saved-href=\"https:\/\/www.feriazaragoza.es\/smagua-2021\"><strong>SMAGUA<\/strong><\/a>\u00a0, que tindr\u00e0 lloc\u00a0<strong>del 19 al 31 d&#8217;octubre a Fira de Saragossa, gr\u00e0cies a un acord de col\u00b7laboraci\u00f3 entre\u00a0<em>amec<\/em>\u00a0i Fira de Saragossa, organitzadora de la sala.<\/strong><\/p>\n<p>&nbsp;<\/p>\n<p><img fetchpriority=\"high\" decoding=\"async\" src=\"http:\/\/wecreatedesign.co\/dev\/WP\/amec\/wp-content\/uploads\/2023\/03\/smagua-2021-redim-w543-h278.png\" alt=\"Smagua-2021.png\" width=\"543\" height=\"278\" \/>El Sal\u00f3 Internacional de l&#8217;Aigua i el Reg, SMAGUA, celebra enguany la seva 25a edici\u00f3, el que contribuir\u00e0 sens dubte a la consolidaci\u00f3 d&#8217;un sector en un moment clau, a causa de el seu\u00a0<strong>comprom\u00eds refor\u00e7at amb el medi ambient,<\/strong>\u00a0que l&#8217;ha situat a el front a Pel que fa a el benestar i la cura de la societat. El sector juga un paper fonamental, de manera que tamb\u00e9 ser\u00e0 el dest\u00ed d&#8217;una part dels\u00a0<strong>Fons de Recuperaci\u00f3 Next Generation UE i d&#8217;altres ajudes que vehicular\u00e0 el Govern, i que se situen entre els set i els vuit mil milions d&#8217;euros,<\/strong>\u00a0segons va destacar Dolors Pascual, la presidenta de l&#8217;comit\u00e8 organitzador de la sala, el que suposar\u00e0\u00a0<strong>&#8220;un gran impuls inversor que de ben segur es deixar\u00e0 notar a SMAGUA&#8221;.<\/strong><\/p>\n<p>&nbsp;<\/p>\n<p>La ind\u00fastria de l&#8217;aigua ha estat un pilar fonamental per al desenvolupament de l&#8217;economia. Bona prova d&#8217;aix\u00f2 \u00e9s que les empreses confien en el Sal\u00f3 Internacional de l&#8217;Aigua i el Reg de Fira de Saragossa com el seu lloc de refer\u00e8ncia i centre de negoci:\u00a0<strong>ja s\u00f3n m\u00e9s de 200 les signatures procedents de vint-pa\u00efsos de tot el m\u00f3n les que participaran amb els seus expositors en aquesta edici\u00f3.<\/strong>\u00a0SMAGUA tamb\u00e9 \u00e9s un essencial generador de coneixement i tend\u00e8ncies: al costat de l&#8217;espai expositiu s&#8217;ha erigit un ampli programa amb jornades sobre diferents tem\u00e0tiques, en les quals tenen gran protagonisme la digitalitzaci\u00f3 i la tecnologia.<\/p>\n<p>&nbsp;<\/p>\n<p>M\u00e9s informaci\u00f3 i inscripcions:\u00a0<a href=\"mailto:rarranz@amec.es\" target=\"_blank\" rel=\"noopener\" data-cke-saved-href=\"mailto:rarranz@amec.es\">Ruth Arranz<\/a><\/p>\n<\/div>\n","protected":false},"excerpt":{"rendered":"<p>Els membres de\u00a0amec\u00a0compten amb un conjunt d&#8217;avantatges en la seva participaci\u00f3 en el sal\u00f3\u00a0SMAGUA\u00a0, que tindr\u00e0 lloc\u00a0del 19 al 31 d&#8217;octubre a Fira de Saragossa, gr\u00e0cies a un acord de col\u00b7laboraci\u00f3 entre\u00a0amec\u00a0i Fira de Saragossa, organitzadora de la sala. &nbsp; El Sal\u00f3 Internacional de l&#8217;Aigua i el Reg, SMAGUA, celebra enguany la seva 25a edici\u00f3, [&hellip;]<\/p>\n","protected":false},"author":1,"featured_media":4909,"comment_status":"open","ping_status":"open","sticky":false,"template":"","format":"standard","meta":{"inline_featured_image":false,"footnotes":""},"categories":[27],"tags":[],"class_list":["post-6517","post","type-post","status-publish","format-standard","has-post-thumbnail","hentry","category-actualitat"],"yoast_head":"<!-- This site is optimized with the Yoast SEO plugin v27.3 - https:\/\/yoast.com\/product\/yoast-seo-wordpress\/ -->\n<title>Avantatges per als membres per participar a SMAGUA | amec Positive Industry<\/title>\n<meta name=\"robots\" content=\"index, follow, max-snippet:-1, max-image-preview:large, max-video-preview:-1\" \/>\n<link rel=\"canonical\" href=\"https:\/\/amec.es\/ca\/actualitat\/avantatges-per-als-membres-per-participar-a-smagua\/\" \/>\n<meta property=\"og:locale\" content=\"ca_ES\" \/>\n<meta property=\"og:type\" content=\"article\" \/>\n<meta property=\"og:title\" content=\"Avantatges per als membres per participar a SMAGUA | amec Positive Industry\" \/>\n<meta property=\"og:description\" content=\"Els membres de\u00a0amec\u00a0compten amb un conjunt d&#8217;avantatges en la seva participaci\u00f3 en el sal\u00f3\u00a0SMAGUA\u00a0, que tindr\u00e0 lloc\u00a0del 19 al 31 d&#8217;octubre a Fira de Saragossa, gr\u00e0cies a un acord de col\u00b7laboraci\u00f3 entre\u00a0amec\u00a0i Fira de Saragossa, organitzadora de la sala. &nbsp; El Sal\u00f3 Internacional de l&#8217;Aigua i el Reg, SMAGUA, celebra enguany la seva 25a edici\u00f3, [&hellip;]\" \/>\n<meta property=\"og:url\" content=\"https:\/\/amec.es\/ca\/actualitat\/avantatges-per-als-membres-per-participar-a-smagua\/\" \/>\n<meta property=\"og:site_name\" content=\"amec Positive Industry\" \/>\n<meta property=\"article:published_time\" content=\"2021-08-26T11:16:08+00:00\" \/>\n<meta property=\"og:image\" content=\"https:\/\/amec.es\/wp-content\/uploads\/2024\/02\/Logo_AMEC.png\" \/>\n\t<meta property=\"og:image:width\" content=\"1827\" \/>\n\t<meta property=\"og:image:height\" content=\"438\" \/>\n\t<meta property=\"og:image:type\" content=\"image\/png\" \/>\n<meta name=\"author\" content=\"webmaster\" \/>\n<meta name=\"twitter:card\" content=\"summary_large_image\" \/>\n<meta name=\"twitter:label1\" content=\"Escrit per\" \/>\n\t<meta name=\"twitter:data1\" content=\"webmaster\" \/>\n\t<meta name=\"twitter:label2\" content=\"Temps estimat de lectura\" \/>\n\t<meta name=\"twitter:data2\" content=\"1 minut\" \/>\n<script type=\"application\/ld+json\" class=\"yoast-schema-graph\">{\"@context\":\"https:\\\/\\\/schema.org\",\"@graph\":[{\"@type\":\"Article\",\"@id\":\"https:\\\/\\\/amec.es\\\/ca\\\/actualitat\\\/avantatges-per-als-membres-per-participar-a-smagua\\\/#article\",\"isPartOf\":{\"@id\":\"https:\\\/\\\/amec.es\\\/ca\\\/actualitat\\\/avantatges-per-als-membres-per-participar-a-smagua\\\/\"},\"author\":{\"name\":\"webmaster\",\"@id\":\"https:\\\/\\\/amec.es\\\/#\\\/schema\\\/person\\\/377e1e145733915506a55297ad2fc830\"},\"headline\":\"Avantatges per als membres per participar a SMAGUA\",\"datePublished\":\"2021-08-26T11:16:08+00:00\",\"mainEntityOfPage\":{\"@id\":\"https:\\\/\\\/amec.es\\\/ca\\\/actualitat\\\/avantatges-per-als-membres-per-participar-a-smagua\\\/\"},\"wordCount\":322,\"commentCount\":0,\"publisher\":{\"@id\":\"https:\\\/\\\/amec.es\\\/#organization\"},\"image\":{\"@id\":\"https:\\\/\\\/amec.es\\\/ca\\\/actualitat\\\/avantatges-per-als-membres-per-participar-a-smagua\\\/#primaryimage\"},\"thumbnailUrl\":\"\",\"articleSection\":[\"Actualitat\"],\"inLanguage\":\"ca\",\"potentialAction\":[{\"@type\":\"CommentAction\",\"name\":\"Comment\",\"target\":[\"https:\\\/\\\/amec.es\\\/ca\\\/actualitat\\\/avantatges-per-als-membres-per-participar-a-smagua\\\/#respond\"]}]},{\"@type\":\"WebPage\",\"@id\":\"https:\\\/\\\/amec.es\\\/ca\\\/actualitat\\\/avantatges-per-als-membres-per-participar-a-smagua\\\/\",\"url\":\"https:\\\/\\\/amec.es\\\/ca\\\/actualitat\\\/avantatges-per-als-membres-per-participar-a-smagua\\\/\",\"name\":\"Avantatges per als membres per participar a SMAGUA | amec Positive Industry\",\"isPartOf\":{\"@id\":\"https:\\\/\\\/amec.es\\\/#website\"},\"primaryImageOfPage\":{\"@id\":\"https:\\\/\\\/amec.es\\\/ca\\\/actualitat\\\/avantatges-per-als-membres-per-participar-a-smagua\\\/#primaryimage\"},\"image\":{\"@id\":\"https:\\\/\\\/amec.es\\\/ca\\\/actualitat\\\/avantatges-per-als-membres-per-participar-a-smagua\\\/#primaryimage\"},\"thumbnailUrl\":\"\",\"datePublished\":\"2021-08-26T11:16:08+00:00\",\"breadcrumb\":{\"@id\":\"https:\\\/\\\/amec.es\\\/ca\\\/actualitat\\\/avantatges-per-als-membres-per-participar-a-smagua\\\/#breadcrumb\"},\"inLanguage\":\"ca\",\"potentialAction\":[{\"@type\":\"ReadAction\",\"target\":[\"https:\\\/\\\/amec.es\\\/ca\\\/actualitat\\\/avantatges-per-als-membres-per-participar-a-smagua\\\/\"]}]},{\"@type\":\"ImageObject\",\"inLanguage\":\"ca\",\"@id\":\"https:\\\/\\\/amec.es\\\/ca\\\/actualitat\\\/avantatges-per-als-membres-per-participar-a-smagua\\\/#primaryimage\",\"url\":\"\",\"contentUrl\":\"\"},{\"@type\":\"BreadcrumbList\",\"@id\":\"https:\\\/\\\/amec.es\\\/ca\\\/actualitat\\\/avantatges-per-als-membres-per-participar-a-smagua\\\/#breadcrumb\",\"itemListElement\":[{\"@type\":\"ListItem\",\"position\":1,\"name\":\"Portada\",\"item\":\"https:\\\/\\\/amec.es\\\/ca\\\/home-new\\\/\"},{\"@type\":\"ListItem\",\"position\":2,\"name\":\"Avantatges per als membres per participar a SMAGUA\"}]},{\"@type\":\"WebSite\",\"@id\":\"https:\\\/\\\/amec.es\\\/#website\",\"url\":\"https:\\\/\\\/amec.es\\\/\",\"name\":\"amec Positive Industry\",\"description\":\"\",\"publisher\":{\"@id\":\"https:\\\/\\\/amec.es\\\/#organization\"},\"potentialAction\":[{\"@type\":\"SearchAction\",\"target\":{\"@type\":\"EntryPoint\",\"urlTemplate\":\"https:\\\/\\\/amec.es\\\/?s={search_term_string}\"},\"query-input\":{\"@type\":\"PropertyValueSpecification\",\"valueRequired\":true,\"valueName\":\"search_term_string\"}}],\"inLanguage\":\"ca\"},{\"@type\":\"Organization\",\"@id\":\"https:\\\/\\\/amec.es\\\/#organization\",\"name\":\"amec Positive Industry\",\"url\":\"https:\\\/\\\/amec.es\\\/\",\"logo\":{\"@type\":\"ImageObject\",\"inLanguage\":\"ca\",\"@id\":\"https:\\\/\\\/amec.es\\\/#\\\/schema\\\/logo\\\/image\\\/\",\"url\":\"https:\\\/\\\/amec.es\\\/wp-content\\\/uploads\\\/2023\\\/07\\\/logoamec.png\",\"contentUrl\":\"https:\\\/\\\/amec.es\\\/wp-content\\\/uploads\\\/2023\\\/07\\\/logoamec.png\",\"width\":200,\"height\":48,\"caption\":\"amec Positive Industry\"},\"image\":{\"@id\":\"https:\\\/\\\/amec.es\\\/#\\\/schema\\\/logo\\\/image\\\/\"}},{\"@type\":\"Person\",\"@id\":\"https:\\\/\\\/amec.es\\\/#\\\/schema\\\/person\\\/377e1e145733915506a55297ad2fc830\",\"name\":\"webmaster\",\"image\":{\"@type\":\"ImageObject\",\"inLanguage\":\"ca\",\"@id\":\"https:\\\/\\\/secure.gravatar.com\\\/avatar\\\/1122ff7c82efe2079ddb19cd256fc39ab150caee9b258eeae8928e7f703c39f3?s=96&d=mm&r=g\",\"url\":\"https:\\\/\\\/secure.gravatar.com\\\/avatar\\\/1122ff7c82efe2079ddb19cd256fc39ab150caee9b258eeae8928e7f703c39f3?s=96&d=mm&r=g\",\"contentUrl\":\"https:\\\/\\\/secure.gravatar.com\\\/avatar\\\/1122ff7c82efe2079ddb19cd256fc39ab150caee9b258eeae8928e7f703c39f3?s=96&d=mm&r=g\",\"caption\":\"webmaster\"}}]}<\/script>\n<!-- \/ Yoast SEO plugin. -->","yoast_head_json":{"title":"Avantatges per als membres per participar a SMAGUA | amec Positive Industry","robots":{"index":"index","follow":"follow","max-snippet":"max-snippet:-1","max-image-preview":"max-image-preview:large","max-video-preview":"max-video-preview:-1"},"canonical":"https:\/\/amec.es\/ca\/actualitat\/avantatges-per-als-membres-per-participar-a-smagua\/","og_locale":"ca_ES","og_type":"article","og_title":"Avantatges per als membres per participar a SMAGUA | amec Positive Industry","og_description":"Els membres de\u00a0amec\u00a0compten amb un conjunt d&#8217;avantatges en la seva participaci\u00f3 en el sal\u00f3\u00a0SMAGUA\u00a0, que tindr\u00e0 lloc\u00a0del 19 al 31 d&#8217;octubre a Fira de Saragossa, gr\u00e0cies a un acord de col\u00b7laboraci\u00f3 entre\u00a0amec\u00a0i Fira de Saragossa, organitzadora de la sala. &nbsp; El Sal\u00f3 Internacional de l&#8217;Aigua i el Reg, SMAGUA, celebra enguany la seva 25a edici\u00f3, [&hellip;]","og_url":"https:\/\/amec.es\/ca\/actualitat\/avantatges-per-als-membres-per-participar-a-smagua\/","og_site_name":"amec Positive Industry","article_published_time":"2021-08-26T11:16:08+00:00","og_image":[{"width":1827,"height":438,"url":"https:\/\/amec.es\/wp-content\/uploads\/2024\/02\/Logo_AMEC.png","type":"image\/png"}],"author":"webmaster","twitter_card":"summary_large_image","twitter_misc":{"Escrit per":"webmaster","Temps estimat de lectura":"1 minut"},"schema":{"@context":"https:\/\/schema.org","@graph":[{"@type":"Article","@id":"https:\/\/amec.es\/ca\/actualitat\/avantatges-per-als-membres-per-participar-a-smagua\/#article","isPartOf":{"@id":"https:\/\/amec.es\/ca\/actualitat\/avantatges-per-als-membres-per-participar-a-smagua\/"},"author":{"name":"webmaster","@id":"https:\/\/amec.es\/#\/schema\/person\/377e1e145733915506a55297ad2fc830"},"headline":"Avantatges per als membres per participar a SMAGUA","datePublished":"2021-08-26T11:16:08+00:00","mainEntityOfPage":{"@id":"https:\/\/amec.es\/ca\/actualitat\/avantatges-per-als-membres-per-participar-a-smagua\/"},"wordCount":322,"commentCount":0,"publisher":{"@id":"https:\/\/amec.es\/#organization"},"image":{"@id":"https:\/\/amec.es\/ca\/actualitat\/avantatges-per-als-membres-per-participar-a-smagua\/#primaryimage"},"thumbnailUrl":"","articleSection":["Actualitat"],"inLanguage":"ca","potentialAction":[{"@type":"CommentAction","name":"Comment","target":["https:\/\/amec.es\/ca\/actualitat\/avantatges-per-als-membres-per-participar-a-smagua\/#respond"]}]},{"@type":"WebPage","@id":"https:\/\/amec.es\/ca\/actualitat\/avantatges-per-als-membres-per-participar-a-smagua\/","url":"https:\/\/amec.es\/ca\/actualitat\/avantatges-per-als-membres-per-participar-a-smagua\/","name":"Avantatges per als membres per participar a SMAGUA | amec Positive Industry","isPartOf":{"@id":"https:\/\/amec.es\/#website"},"primaryImageOfPage":{"@id":"https:\/\/amec.es\/ca\/actualitat\/avantatges-per-als-membres-per-participar-a-smagua\/#primaryimage"},"image":{"@id":"https:\/\/amec.es\/ca\/actualitat\/avantatges-per-als-membres-per-participar-a-smagua\/#primaryimage"},"thumbnailUrl":"","datePublished":"2021-08-26T11:16:08+00:00","breadcrumb":{"@id":"https:\/\/amec.es\/ca\/actualitat\/avantatges-per-als-membres-per-participar-a-smagua\/#breadcrumb"},"inLanguage":"ca","potentialAction":[{"@type":"ReadAction","target":["https:\/\/amec.es\/ca\/actualitat\/avantatges-per-als-membres-per-participar-a-smagua\/"]}]},{"@type":"ImageObject","inLanguage":"ca","@id":"https:\/\/amec.es\/ca\/actualitat\/avantatges-per-als-membres-per-participar-a-smagua\/#primaryimage","url":"","contentUrl":""},{"@type":"BreadcrumbList","@id":"https:\/\/amec.es\/ca\/actualitat\/avantatges-per-als-membres-per-participar-a-smagua\/#breadcrumb","itemListElement":[{"@type":"ListItem","position":1,"name":"Portada","item":"https:\/\/amec.es\/ca\/home-new\/"},{"@type":"ListItem","position":2,"name":"Avantatges per als membres per participar a SMAGUA"}]},{"@type":"WebSite","@id":"https:\/\/amec.es\/#website","url":"https:\/\/amec.es\/","name":"amec Positive Industry","description":"","publisher":{"@id":"https:\/\/amec.es\/#organization"},"potentialAction":[{"@type":"SearchAction","target":{"@type":"EntryPoint","urlTemplate":"https:\/\/amec.es\/?s={search_term_string}"},"query-input":{"@type":"PropertyValueSpecification","valueRequired":true,"valueName":"search_term_string"}}],"inLanguage":"ca"},{"@type":"Organization","@id":"https:\/\/amec.es\/#organization","name":"amec Positive Industry","url":"https:\/\/amec.es\/","logo":{"@type":"ImageObject","inLanguage":"ca","@id":"https:\/\/amec.es\/#\/schema\/logo\/image\/","url":"https:\/\/amec.es\/wp-content\/uploads\/2023\/07\/logoamec.png","contentUrl":"https:\/\/amec.es\/wp-content\/uploads\/2023\/07\/logoamec.png","width":200,"height":48,"caption":"amec Positive Industry"},"image":{"@id":"https:\/\/amec.es\/#\/schema\/logo\/image\/"}},{"@type":"Person","@id":"https:\/\/amec.es\/#\/schema\/person\/377e1e145733915506a55297ad2fc830","name":"webmaster","image":{"@type":"ImageObject","inLanguage":"ca","@id":"https:\/\/secure.gravatar.com\/avatar\/1122ff7c82efe2079ddb19cd256fc39ab150caee9b258eeae8928e7f703c39f3?s=96&d=mm&r=g","url":"https:\/\/secure.gravatar.com\/avatar\/1122ff7c82efe2079ddb19cd256fc39ab150caee9b258eeae8928e7f703c39f3?s=96&d=mm&r=g","contentUrl":"https:\/\/secure.gravatar.com\/avatar\/1122ff7c82efe2079ddb19cd256fc39ab150caee9b258eeae8928e7f703c39f3?s=96&d=mm&r=g","caption":"webmaster"}}]}},"_links":{"self":[{"href":"https:\/\/amec.es\/ca\/wp-json\/wp\/v2\/posts\/6517","targetHints":{"allow":["GET"]}}],"collection":[{"href":"https:\/\/amec.es\/ca\/wp-json\/wp\/v2\/posts"}],"about":[{"href":"https:\/\/amec.es\/ca\/wp-json\/wp\/v2\/types\/post"}],"author":[{"embeddable":true,"href":"https:\/\/amec.es\/ca\/wp-json\/wp\/v2\/users\/1"}],"replies":[{"embeddable":true,"href":"https:\/\/amec.es\/ca\/wp-json\/wp\/v2\/comments?post=6517"}],"version-history":[{"count":0,"href":"https:\/\/amec.es\/ca\/wp-json\/wp\/v2\/posts\/6517\/revisions"}],"wp:featuredmedia":[{"embeddable":true,"href":"https:\/\/amec.es\/ca\/wp-json\/"}],"wp:attachment":[{"href":"https:\/\/amec.es\/ca\/wp-json\/wp\/v2\/media?parent=6517"}],"wp:term":[{"taxonomy":"category","embeddable":true,"href":"https:\/\/amec.es\/ca\/wp-json\/wp\/v2\/categories?post=6517"},{"taxonomy":"post_tag","embeddable":true,"href":"https:\/\/amec.es\/ca\/wp-json\/wp\/v2\/tags?post=6517"}],"curies":[{"name":"wp","href":"https:\/\/api.w.org\/{rel}","templated":true}]}}