{"id":6521,"date":"2021-08-19T09:07:42","date_gmt":"2021-08-19T09:07:42","guid":{"rendered":"https:\/\/wecreatedesign.co\/dev\/WP\/amec\/?p=5668"},"modified":"2021-08-19T09:07:42","modified_gmt":"2021-08-19T09:07:42","slug":"les-exportacions-del-primer-semestre-de-2021-superen-els-nivells-prepandemia","status":"publish","type":"post","link":"https:\/\/amec.es\/ca\/notes-de-premsa\/les-exportacions-del-primer-semestre-de-2021-superen-els-nivells-prepandemia\/","title":{"rendered":"Les exportacions del primer semestre de 2021 superen els nivells prepand\u00e8mia"},"content":{"rendered":"<div class=\"portletDetailNoticies\">\n<div class=\"amplada-pagina descripcion\">\n<ul>\n<li><strong>Les exportacions catalanes van augmentar un 6,2% respecte el<\/strong><strong>\u00a0primer semestre de 2019. En el conjunt de l\u2019Estat, el comer\u00e7 exterior va augmentar un 3,8%, impulsat sobretot pel sector de l\u2019alimentaci\u00f3 i begudes, mentre que els b\u00e9ns d\u2019equipament tendeixen als valors de fa dos anys.<\/strong><\/li>\n<\/ul>\n<p><strong>Barcelona,\u00a0<\/strong><strong>\u200b\u200b<\/strong><strong>19 d\u2019agost de 2021<\/strong>. El Ministeri d&#8217;Ind\u00fastria, Comer\u00e7 i Turisme ha publicat avui l&#8217;informe de comer\u00e7 exterior, gener-juny 2021, que indica que les exportacions catalanes van augmentar un 28,2% respecte al mateix per\u00edode de l\u2019any anterior, situant-se en els 39.684 milions d\u2019euros. Es tracta d&#8217;un creixement que, tot i ser hist\u00f2ric, parteix d&#8217;un any, 2020, colpejat per la pand\u00e8mia, de manera que aquest augment reflecteix en realitat una recuperaci\u00f3 de les exportacions despr\u00e9s d&#8217;una caiguda del 17,2% en el primer semestre del 2020. Si comparem les exportacions del primer semestre del 2021 amb les xifres de 2019 ens trobem amb un augment del 6,2%. Per tant, i tenint en compte aquesta dada<strong>, &#8220;podem dir que les exportacions s\u00ed que s&#8217;han recuperat a nivells prepand\u00e8mia&#8221;<\/strong>, explica el director general d&#8217;<strong><em>amec<\/em><\/strong>, Joan Tristany.<\/p>\n<p>&nbsp;<\/p>\n<p>Les exportacions en el conjunt de l\u2019Estat van augmentar un 23,3% respecte al mateix per\u00edode de l&#8217;any anterior, situant-se en els 152.961 milions d&#8217;euros, mentre que si comparem les exportacions del primer semestre del 2021 amb les xifres de 2019 ens trobem amb un augment del 3,8%. No obstant aix\u00f2, es tracta d&#8217;uns resultats clarament influenciats pel gran impuls que ha experimentat el sector de l&#8217;alimentaci\u00f3 i begudes, aix\u00ed com el de b\u00e9ns de consum durador. Tots dos sectors han pres for\u00e7a amb la pand\u00e8mia, davant l&#8217;augment del consum de les llars en alimentaci\u00f3 i en la compra d&#8217;electrodom\u00e8stics. Els b\u00e9ns d&#8217;equip\u00a0(-2,7% respecte 2019) tendeixen als nivells de 2019, mentre que la resta dels sectors industrials encara estan en el cam\u00ed de retorn a la normalitat.<\/p>\n<p>&nbsp;<\/p>\n<p>Pel que fa al comportament dels mercats, les exportacions espanyoles cauen a Am\u00e8rica Llatina, encara molt afectada per la pand\u00e8mia, mentre que segueix prenent for\u00e7a la Xina, amb un augment de les exportacions del 12,3% en el primer semestre respecte 2020, i de fins el 118,8% respecte el primer semestre del 2019.<\/p>\n<p><strong>\u201cMalgrat recuperar les xifres de 2019, aquest any no pot dir-se que estiguem prop de la normalitat. L&#8217;encariment de les mat\u00e8ries primeres i el seu desprove\u00efment, el preu dels contenidors que s\u2019ha arribat a triplicar i les dificultats per trobar espai per enviar les mercaderies est\u00e0 afectant la bona marxa de les exportacions i d&#8217;algunes ind\u00fastries, i podria complicar-se en els propers mesos\u201d<\/strong>, incideix Tristany.<\/p>\n<p><strong><em>\u00a0<\/em><\/strong><\/p>\n<p><strong><em>amec<\/em><\/strong><strong>\u00a0impulsa els nous factors clau de competitivitat en les empreses<\/strong><\/p>\n<p>La comunitat de les empreses industrials internacionalitzades\u00a0<strong><em>amec<\/em><\/strong>\u00a0impulsa els\u00a0<a href=\"https:\/\/www.youtube.com\/watch?v=SDztjgsQdBk\">nous factors clau de competitivitat en les empreses de tot l\u2019Estat: anticipaci\u00f3, adaptabilitat, col\u00b7laboraci\u00f3, glocalitzaci\u00f3 i sostenibilitat<\/a>. Les empreses que formen part d<strong><em>\u2019amec<\/em><\/strong>\u00a0generen un volum d&#8217;exportaci\u00f3 superior als 6.200 milions d&#8217;euros, exporten una mitjana del 53,6% de la seva facturaci\u00f3 i inverteixen el 3,9% en innovaci\u00f3.<\/p>\n<p>&nbsp;<\/p>\n<p><strong>Per a m\u00e9s informaci\u00f3:<\/strong><\/p>\n<p>Gl\u00f2ria Ayuso Tel. 654 60 95 18<\/p>\n<p><a href=\"mailto:Gloria.ayuso@ga-binet.com\">Gloria.ayuso@ga-binet.com<\/a><\/p>\n<p><strong><em>\u00a0<\/em><\/strong><\/p>\n<p><strong><em>\u00a0<\/em><\/strong><\/p>\n<p>&nbsp;<\/p>\n<div class=\"registre-accions amplada-pagina\">\n<div class=\"addthis_inline_share_toolbox\" data-url=\"https:\/\/www.amec.es\/ca\/pl191\/amecnews\/notas-de-prensa\/id784\/las-exportaciones-del-primer-semestre-de-2021-superan-los-niveles-prepandemia.htm?fcat_191=378\" data-title=\"Les exportacions del primer semestre de 2021 superen els nivells prepand\u00e8mia\" data-description=\"Les exportacions catalanes van augmentar un 6,2% respecte el primer semestre de 2019. En el conjunt de l\u2019Estat, el comer\u00e7 exterior va augmentar un 3,8%, impulsat sobretot pel sector de l\u2019alimentaci\u00f3 i begudes, mentre que els b\u00e9ns d\u2019equipament tendeixen als valors de fa dos anys.\n\nBarcelona, \u200b\u200b19 d\u2019agost de 2021. El Ministeri d'Ind\u00fastria, Comer\u00e7 i Turisme ha publicat avui l'informe de comer\u00e7 exterior, gener-juny 2021, que indica que les exportacions catalanes van augmentar un 28,2%...\"><\/p>\n<div id=\"atstbx\" class=\"at-resp-share-element at-style-responsive addthis-smartlayers addthis-animated at4-show\" role=\"region\" aria-labelledby=\"at-6b86cf0f-1c5a-48c8-9d29-0b290cf30708\"><span id=\"at-6b86cf0f-1c5a-48c8-9d29-0b290cf30708\" class=\"at4-visually-hidden\"><\/span><\/p>\n<div class=\"at-share-btn-elements\"><\/div>\n","protected":false},"excerpt":{"rendered":"<p>Les exportacions catalanes van augmentar un 6,2% respecte el\u00a0primer semestre de 2019. En el conjunt de l\u2019Estat, el comer\u00e7 exterior va augmentar un 3,8%, impulsat sobretot pel sector de l\u2019alimentaci\u00f3 i begudes, mentre que els b\u00e9ns d\u2019equipament tendeixen als valors de fa dos anys. Barcelona,\u00a0\u200b\u200b19 d\u2019agost de 2021. El Ministeri d&#8217;Ind\u00fastria, Comer\u00e7 i Turisme ha [&hellip;]<\/p>\n","protected":false},"author":1,"featured_media":0,"comment_status":"open","ping_status":"open","sticky":false,"template":"","format":"standard","meta":{"inline_featured_image":false,"footnotes":""},"categories":[28],"tags":[],"class_list":["post-6521","post","type-post","status-publish","format-standard","hentry","category-notes-de-premsa"],"yoast_head":"<!-- This site is optimized with the Yoast SEO plugin v27.3 - https:\/\/yoast.com\/product\/yoast-seo-wordpress\/ -->\n<title>Les exportacions del primer semestre de 2021 superen els nivells prepand\u00e8mia | amec Positive Industry<\/title>\n<meta name=\"robots\" content=\"index, follow, max-snippet:-1, max-image-preview:large, max-video-preview:-1\" \/>\n<link rel=\"canonical\" href=\"https:\/\/amec.es\/ca\/notes-de-premsa\/les-exportacions-del-primer-semestre-de-2021-superen-els-nivells-prepandemia\/\" \/>\n<meta property=\"og:locale\" content=\"ca_ES\" \/>\n<meta property=\"og:type\" content=\"article\" \/>\n<meta property=\"og:title\" content=\"Les exportacions del primer semestre de 2021 superen els nivells prepand\u00e8mia | amec Positive Industry\" \/>\n<meta property=\"og:description\" content=\"Les exportacions catalanes van augmentar un 6,2% respecte el\u00a0primer semestre de 2019. En el conjunt de l\u2019Estat, el comer\u00e7 exterior va augmentar un 3,8%, impulsat sobretot pel sector de l\u2019alimentaci\u00f3 i begudes, mentre que els b\u00e9ns d\u2019equipament tendeixen als valors de fa dos anys. Barcelona,\u00a0\u200b\u200b19 d\u2019agost de 2021. El Ministeri d&#8217;Ind\u00fastria, Comer\u00e7 i Turisme ha [&hellip;]\" \/>\n<meta property=\"og:url\" content=\"https:\/\/amec.es\/ca\/notes-de-premsa\/les-exportacions-del-primer-semestre-de-2021-superen-els-nivells-prepandemia\/\" \/>\n<meta property=\"og:site_name\" content=\"amec Positive Industry\" \/>\n<meta property=\"article:published_time\" content=\"2021-08-19T09:07:42+00:00\" \/>\n<meta property=\"og:image\" content=\"https:\/\/amec.es\/wp-content\/uploads\/2024\/02\/Logo_AMEC.png\" \/>\n\t<meta property=\"og:image:width\" content=\"1827\" \/>\n\t<meta property=\"og:image:height\" content=\"438\" \/>\n\t<meta property=\"og:image:type\" content=\"image\/png\" \/>\n<meta name=\"author\" content=\"webmaster\" \/>\n<meta name=\"twitter:card\" content=\"summary_large_image\" \/>\n<meta name=\"twitter:label1\" content=\"Escrit per\" \/>\n\t<meta name=\"twitter:data1\" content=\"webmaster\" \/>\n\t<meta name=\"twitter:label2\" content=\"Temps estimat de lectura\" \/>\n\t<meta name=\"twitter:data2\" content=\"3 minuts\" \/>\n<script type=\"application\/ld+json\" class=\"yoast-schema-graph\">{\"@context\":\"https:\\\/\\\/schema.org\",\"@graph\":[{\"@type\":\"Article\",\"@id\":\"https:\\\/\\\/amec.es\\\/ca\\\/notes-de-premsa\\\/les-exportacions-del-primer-semestre-de-2021-superen-els-nivells-prepandemia\\\/#article\",\"isPartOf\":{\"@id\":\"https:\\\/\\\/amec.es\\\/ca\\\/notes-de-premsa\\\/les-exportacions-del-primer-semestre-de-2021-superen-els-nivells-prepandemia\\\/\"},\"author\":{\"name\":\"webmaster\",\"@id\":\"https:\\\/\\\/amec.es\\\/#\\\/schema\\\/person\\\/377e1e145733915506a55297ad2fc830\"},\"headline\":\"Les exportacions del primer semestre de 2021 superen els nivells prepand\u00e8mia\",\"datePublished\":\"2021-08-19T09:07:42+00:00\",\"mainEntityOfPage\":{\"@id\":\"https:\\\/\\\/amec.es\\\/ca\\\/notes-de-premsa\\\/les-exportacions-del-primer-semestre-de-2021-superen-els-nivells-prepandemia\\\/\"},\"wordCount\":536,\"commentCount\":0,\"publisher\":{\"@id\":\"https:\\\/\\\/amec.es\\\/#organization\"},\"articleSection\":[\"Notes de premsa\"],\"inLanguage\":\"ca\",\"potentialAction\":[{\"@type\":\"CommentAction\",\"name\":\"Comment\",\"target\":[\"https:\\\/\\\/amec.es\\\/ca\\\/notes-de-premsa\\\/les-exportacions-del-primer-semestre-de-2021-superen-els-nivells-prepandemia\\\/#respond\"]}]},{\"@type\":\"WebPage\",\"@id\":\"https:\\\/\\\/amec.es\\\/ca\\\/notes-de-premsa\\\/les-exportacions-del-primer-semestre-de-2021-superen-els-nivells-prepandemia\\\/\",\"url\":\"https:\\\/\\\/amec.es\\\/ca\\\/notes-de-premsa\\\/les-exportacions-del-primer-semestre-de-2021-superen-els-nivells-prepandemia\\\/\",\"name\":\"Les exportacions del primer semestre de 2021 superen els nivells prepand\u00e8mia | amec Positive Industry\",\"isPartOf\":{\"@id\":\"https:\\\/\\\/amec.es\\\/#website\"},\"datePublished\":\"2021-08-19T09:07:42+00:00\",\"breadcrumb\":{\"@id\":\"https:\\\/\\\/amec.es\\\/ca\\\/notes-de-premsa\\\/les-exportacions-del-primer-semestre-de-2021-superen-els-nivells-prepandemia\\\/#breadcrumb\"},\"inLanguage\":\"ca\",\"potentialAction\":[{\"@type\":\"ReadAction\",\"target\":[\"https:\\\/\\\/amec.es\\\/ca\\\/notes-de-premsa\\\/les-exportacions-del-primer-semestre-de-2021-superen-els-nivells-prepandemia\\\/\"]}]},{\"@type\":\"BreadcrumbList\",\"@id\":\"https:\\\/\\\/amec.es\\\/ca\\\/notes-de-premsa\\\/les-exportacions-del-primer-semestre-de-2021-superen-els-nivells-prepandemia\\\/#breadcrumb\",\"itemListElement\":[{\"@type\":\"ListItem\",\"position\":1,\"name\":\"Portada\",\"item\":\"https:\\\/\\\/amec.es\\\/ca\\\/home-new\\\/\"},{\"@type\":\"ListItem\",\"position\":2,\"name\":\"Les exportacions del primer semestre de 2021 superen els nivells prepand\u00e8mia\"}]},{\"@type\":\"WebSite\",\"@id\":\"https:\\\/\\\/amec.es\\\/#website\",\"url\":\"https:\\\/\\\/amec.es\\\/\",\"name\":\"amec Positive Industry\",\"description\":\"\",\"publisher\":{\"@id\":\"https:\\\/\\\/amec.es\\\/#organization\"},\"potentialAction\":[{\"@type\":\"SearchAction\",\"target\":{\"@type\":\"EntryPoint\",\"urlTemplate\":\"https:\\\/\\\/amec.es\\\/?s={search_term_string}\"},\"query-input\":{\"@type\":\"PropertyValueSpecification\",\"valueRequired\":true,\"valueName\":\"search_term_string\"}}],\"inLanguage\":\"ca\"},{\"@type\":\"Organization\",\"@id\":\"https:\\\/\\\/amec.es\\\/#organization\",\"name\":\"amec Positive Industry\",\"url\":\"https:\\\/\\\/amec.es\\\/\",\"logo\":{\"@type\":\"ImageObject\",\"inLanguage\":\"ca\",\"@id\":\"https:\\\/\\\/amec.es\\\/#\\\/schema\\\/logo\\\/image\\\/\",\"url\":\"https:\\\/\\\/amec.es\\\/wp-content\\\/uploads\\\/2023\\\/07\\\/logoamec.png\",\"contentUrl\":\"https:\\\/\\\/amec.es\\\/wp-content\\\/uploads\\\/2023\\\/07\\\/logoamec.png\",\"width\":200,\"height\":48,\"caption\":\"amec Positive Industry\"},\"image\":{\"@id\":\"https:\\\/\\\/amec.es\\\/#\\\/schema\\\/logo\\\/image\\\/\"}},{\"@type\":\"Person\",\"@id\":\"https:\\\/\\\/amec.es\\\/#\\\/schema\\\/person\\\/377e1e145733915506a55297ad2fc830\",\"name\":\"webmaster\",\"image\":{\"@type\":\"ImageObject\",\"inLanguage\":\"ca\",\"@id\":\"https:\\\/\\\/secure.gravatar.com\\\/avatar\\\/1122ff7c82efe2079ddb19cd256fc39ab150caee9b258eeae8928e7f703c39f3?s=96&d=mm&r=g\",\"url\":\"https:\\\/\\\/secure.gravatar.com\\\/avatar\\\/1122ff7c82efe2079ddb19cd256fc39ab150caee9b258eeae8928e7f703c39f3?s=96&d=mm&r=g\",\"contentUrl\":\"https:\\\/\\\/secure.gravatar.com\\\/avatar\\\/1122ff7c82efe2079ddb19cd256fc39ab150caee9b258eeae8928e7f703c39f3?s=96&d=mm&r=g\",\"caption\":\"webmaster\"}}]}<\/script>\n<!-- \/ Yoast SEO plugin. -->","yoast_head_json":{"title":"Les exportacions del primer semestre de 2021 superen els nivells prepand\u00e8mia | amec Positive Industry","robots":{"index":"index","follow":"follow","max-snippet":"max-snippet:-1","max-image-preview":"max-image-preview:large","max-video-preview":"max-video-preview:-1"},"canonical":"https:\/\/amec.es\/ca\/notes-de-premsa\/les-exportacions-del-primer-semestre-de-2021-superen-els-nivells-prepandemia\/","og_locale":"ca_ES","og_type":"article","og_title":"Les exportacions del primer semestre de 2021 superen els nivells prepand\u00e8mia | amec Positive Industry","og_description":"Les exportacions catalanes van augmentar un 6,2% respecte el\u00a0primer semestre de 2019. En el conjunt de l\u2019Estat, el comer\u00e7 exterior va augmentar un 3,8%, impulsat sobretot pel sector de l\u2019alimentaci\u00f3 i begudes, mentre que els b\u00e9ns d\u2019equipament tendeixen als valors de fa dos anys. Barcelona,\u00a0\u200b\u200b19 d\u2019agost de 2021. El Ministeri d&#8217;Ind\u00fastria, Comer\u00e7 i Turisme ha [&hellip;]","og_url":"https:\/\/amec.es\/ca\/notes-de-premsa\/les-exportacions-del-primer-semestre-de-2021-superen-els-nivells-prepandemia\/","og_site_name":"amec Positive Industry","article_published_time":"2021-08-19T09:07:42+00:00","og_image":[{"width":1827,"height":438,"url":"https:\/\/amec.es\/wp-content\/uploads\/2024\/02\/Logo_AMEC.png","type":"image\/png"}],"author":"webmaster","twitter_card":"summary_large_image","twitter_misc":{"Escrit per":"webmaster","Temps estimat de lectura":"3 minuts"},"schema":{"@context":"https:\/\/schema.org","@graph":[{"@type":"Article","@id":"https:\/\/amec.es\/ca\/notes-de-premsa\/les-exportacions-del-primer-semestre-de-2021-superen-els-nivells-prepandemia\/#article","isPartOf":{"@id":"https:\/\/amec.es\/ca\/notes-de-premsa\/les-exportacions-del-primer-semestre-de-2021-superen-els-nivells-prepandemia\/"},"author":{"name":"webmaster","@id":"https:\/\/amec.es\/#\/schema\/person\/377e1e145733915506a55297ad2fc830"},"headline":"Les exportacions del primer semestre de 2021 superen els nivells prepand\u00e8mia","datePublished":"2021-08-19T09:07:42+00:00","mainEntityOfPage":{"@id":"https:\/\/amec.es\/ca\/notes-de-premsa\/les-exportacions-del-primer-semestre-de-2021-superen-els-nivells-prepandemia\/"},"wordCount":536,"commentCount":0,"publisher":{"@id":"https:\/\/amec.es\/#organization"},"articleSection":["Notes de premsa"],"inLanguage":"ca","potentialAction":[{"@type":"CommentAction","name":"Comment","target":["https:\/\/amec.es\/ca\/notes-de-premsa\/les-exportacions-del-primer-semestre-de-2021-superen-els-nivells-prepandemia\/#respond"]}]},{"@type":"WebPage","@id":"https:\/\/amec.es\/ca\/notes-de-premsa\/les-exportacions-del-primer-semestre-de-2021-superen-els-nivells-prepandemia\/","url":"https:\/\/amec.es\/ca\/notes-de-premsa\/les-exportacions-del-primer-semestre-de-2021-superen-els-nivells-prepandemia\/","name":"Les exportacions del primer semestre de 2021 superen els nivells prepand\u00e8mia | amec Positive Industry","isPartOf":{"@id":"https:\/\/amec.es\/#website"},"datePublished":"2021-08-19T09:07:42+00:00","breadcrumb":{"@id":"https:\/\/amec.es\/ca\/notes-de-premsa\/les-exportacions-del-primer-semestre-de-2021-superen-els-nivells-prepandemia\/#breadcrumb"},"inLanguage":"ca","potentialAction":[{"@type":"ReadAction","target":["https:\/\/amec.es\/ca\/notes-de-premsa\/les-exportacions-del-primer-semestre-de-2021-superen-els-nivells-prepandemia\/"]}]},{"@type":"BreadcrumbList","@id":"https:\/\/amec.es\/ca\/notes-de-premsa\/les-exportacions-del-primer-semestre-de-2021-superen-els-nivells-prepandemia\/#breadcrumb","itemListElement":[{"@type":"ListItem","position":1,"name":"Portada","item":"https:\/\/amec.es\/ca\/home-new\/"},{"@type":"ListItem","position":2,"name":"Les exportacions del primer semestre de 2021 superen els nivells prepand\u00e8mia"}]},{"@type":"WebSite","@id":"https:\/\/amec.es\/#website","url":"https:\/\/amec.es\/","name":"amec Positive Industry","description":"","publisher":{"@id":"https:\/\/amec.es\/#organization"},"potentialAction":[{"@type":"SearchAction","target":{"@type":"EntryPoint","urlTemplate":"https:\/\/amec.es\/?s={search_term_string}"},"query-input":{"@type":"PropertyValueSpecification","valueRequired":true,"valueName":"search_term_string"}}],"inLanguage":"ca"},{"@type":"Organization","@id":"https:\/\/amec.es\/#organization","name":"amec Positive Industry","url":"https:\/\/amec.es\/","logo":{"@type":"ImageObject","inLanguage":"ca","@id":"https:\/\/amec.es\/#\/schema\/logo\/image\/","url":"https:\/\/amec.es\/wp-content\/uploads\/2023\/07\/logoamec.png","contentUrl":"https:\/\/amec.es\/wp-content\/uploads\/2023\/07\/logoamec.png","width":200,"height":48,"caption":"amec Positive Industry"},"image":{"@id":"https:\/\/amec.es\/#\/schema\/logo\/image\/"}},{"@type":"Person","@id":"https:\/\/amec.es\/#\/schema\/person\/377e1e145733915506a55297ad2fc830","name":"webmaster","image":{"@type":"ImageObject","inLanguage":"ca","@id":"https:\/\/secure.gravatar.com\/avatar\/1122ff7c82efe2079ddb19cd256fc39ab150caee9b258eeae8928e7f703c39f3?s=96&d=mm&r=g","url":"https:\/\/secure.gravatar.com\/avatar\/1122ff7c82efe2079ddb19cd256fc39ab150caee9b258eeae8928e7f703c39f3?s=96&d=mm&r=g","contentUrl":"https:\/\/secure.gravatar.com\/avatar\/1122ff7c82efe2079ddb19cd256fc39ab150caee9b258eeae8928e7f703c39f3?s=96&d=mm&r=g","caption":"webmaster"}}]}},"_links":{"self":[{"href":"https:\/\/amec.es\/ca\/wp-json\/wp\/v2\/posts\/6521","targetHints":{"allow":["GET"]}}],"collection":[{"href":"https:\/\/amec.es\/ca\/wp-json\/wp\/v2\/posts"}],"about":[{"href":"https:\/\/amec.es\/ca\/wp-json\/wp\/v2\/types\/post"}],"author":[{"embeddable":true,"href":"https:\/\/amec.es\/ca\/wp-json\/wp\/v2\/users\/1"}],"replies":[{"embeddable":true,"href":"https:\/\/amec.es\/ca\/wp-json\/wp\/v2\/comments?post=6521"}],"version-history":[{"count":0,"href":"https:\/\/amec.es\/ca\/wp-json\/wp\/v2\/posts\/6521\/revisions"}],"wp:attachment":[{"href":"https:\/\/amec.es\/ca\/wp-json\/wp\/v2\/media?parent=6521"}],"wp:term":[{"taxonomy":"category","embeddable":true,"href":"https:\/\/amec.es\/ca\/wp-json\/wp\/v2\/categories?post=6521"},{"taxonomy":"post_tag","embeddable":true,"href":"https:\/\/amec.es\/ca\/wp-json\/wp\/v2\/tags?post=6521"}],"curies":[{"name":"wp","href":"https:\/\/api.w.org\/{rel}","templated":true}]}}