{"id":6533,"date":"2021-09-29T12:34:02","date_gmt":"2021-09-29T12:34:02","guid":{"rendered":"https:\/\/wecreatedesign.co\/dev\/WP\/amec\/?p=5032"},"modified":"2021-09-29T12:34:02","modified_gmt":"2021-09-29T12:34:02","slug":"amec-i-smart-city-expo-world-congress-signen-un-acord-de-col%c2%b7laboracio-per-impulsar-la-innovacio-a-les-ciutats","status":"publish","type":"post","link":"https:\/\/amec.es\/ca\/actualitat\/amec-i-smart-city-expo-world-congress-signen-un-acord-de-col%c2%b7laboracio-per-impulsar-la-innovacio-a-les-ciutats\/","title":{"rendered":"amec i Smart City Expo World Congress signen un acord de col\u00b7laboraci\u00f3 per impulsar la innovaci\u00f3 a les ciutats"},"content":{"rendered":"<div class=\"amplada-pagina descripcion\">\n<p><em><strong><a href=\"https:\/\/www.smartcityexpo.com\/?utm_source=multiplier&amp;utm_medium=supporting&amp;utm_campaign=scewc2021\" target=\"_blank\" rel=\"noopener\"><img fetchpriority=\"high\" decoding=\"async\" src=\"http:\/\/wecreatedesign.co\/dev\/WP\/amec\/wp-content\/uploads\/2023\/03\/postcard-joinscewc21-1080x1080-redim-w500-h500.png\" alt=\"Postcard_JoinSCEWC21_1080x1080.png\" width=\"500\" height=\"500\" \/><\/a>amec<\/strong><\/em>\u00a0i\u00a0<a href=\"https:\/\/www.smartcityexpo.com\/?utm_source=multiplier&amp;utm_medium=supporting&amp;utm_campaign=scewc2021\" target=\"_blank\" rel=\"noopener\">Smart City Expo World Congress<\/a>\u00a0(SCEWC) han tancat un acord per tal de col\u00b7laborar en la promoci\u00f3 i difusi\u00f3 de la sala, l&#8217;esdeveniment l\u00edder mundial sobre la innovaci\u00f3 a les ciutats, que tindr\u00e0 lloc del\u00a0<strong>16 al 18 de novembre.<\/strong>\u00a0Fruit d&#8217;aquest acord, els membres d&#8217;<em><strong>amec<\/strong><\/em>\u00a0que encara no han participat al sal\u00f3, aix\u00ed com els que vulguin acudir com a visitants, comptaran amb importants descomptes.<\/p>\n<p>&nbsp;<\/p>\n<p>SCEWC torna el 2021 en format h\u00edbrid, mitjan\u00e7ant una gran \u00e0rea expositiva a Fira de Barcelona i un programa digital paral\u00b7lel transm\u00e8s per\u00a0<strong><a href=\"https:\/\/tomorrow.city\/\/?utm_source=multiplier&amp;utm_medium=supporting&amp;utm_campaign=scewc2021\" target=\"_blank\" rel=\"noopener\">Tomorrow.City<\/a><\/strong>\u00a0, la nova plataforma digital internacional dedicada a la innovaci\u00f3 de les ciutats. SCEWC celebra d&#8217;aquesta manera\u00a0<strong>el seu des\u00e8 aniversari,<\/strong>\u00a0ampliant la seva influ\u00e8ncia a nivell internacional amb un nou enfocament multiplataforma i una comunitat m\u00e9s \u00e0mplia. Durant tres dies, el sal\u00f3 ser\u00e0\u00a0<strong>el punt de trobada de el desenvolupament urb\u00e0 global, connectant a l\u00edders de la ind\u00fastria i dels governs.<\/strong><\/p>\n<p>&nbsp;<\/p>\n<p>SCEWC va reunir en la seva \u00faltima edici\u00f3 presencial a 2019 a m\u00e9s de\u00a0<strong>24.000 assistents dels sectors p\u00fablic i privat,<\/strong>\u00a0procedents de m\u00e9s de\u00a0<strong>700 ciutats i 146 pa\u00efsos.<\/strong>\u00a0Dos de cada tres assistents eren\u00a0<strong>responsables en la presa de decisions.<\/strong>\u00a0L&#8217;esdeveniment pren impuls en el seu des\u00e8 aniversari com a f\u00f2rum global d&#8217;innovaci\u00f3 internacional, creant i fomentant una comunitat d&#8217;innovaci\u00f3 internacional, generant converses intersectorials i ampliant la seva influ\u00e8ncia a trav\u00e9s de la nova plataforma Tomorrow.City per compartir coneixements, m\u00e9s enll\u00e0 dels dies de l&#8217; congr\u00e9s, els 365 dies de l&#8217;any.<\/p>\n<p>&nbsp;<\/p>\n<p>El Smart City Expo World Congress integrar\u00e0 a m\u00e9s tres importants esdeveniments. D&#8217;una banda, el\u00a0<strong><a href=\"https:\/\/www.tomorrowmobility.com\/\" target=\"_blank\" rel=\"noopener\">Tomorrow.Mobility World Congress<\/a><\/strong>\u00a0, el congr\u00e9s mundial que busca accelerar la mobilitat urbana intel\u00b7ligent i sostenible. De l&#8217;altra,\u00a0<a href=\"https:\/\/www.firabarcelona.com\/es\/nota-prensa\/uncategorized\/puzzlex-la-nueva-iniciativa-sobre-tecnologias-de-frontier-materials-se-celebrara-en-barcelona\/\" target=\"_blank\" rel=\"noopener\"><strong>PUZZLE X<\/strong><\/a>\u00a0, una nova iniciativa centrada en l&#8217;\u00fas de materials Deep Tech per construir un futur millor i m\u00e9s sostenible en l\u00ednia amb els Objectius de Desenvolupament Sostenible (ODS). Amb el suport de diverses administracions p\u00fabliques, PUZZLE X t\u00e9 com a objectiu aprofitar el potencial dels anomenats\u00a0<em>frontier materials<\/em>\u00a0per resoldre alguns dels desafiaments a qu\u00e8 s&#8217;enfronta la societat. La iniciativa inclou un esdeveniment anual i una incubadora d&#8217;empreses per donar suport a startups de tecnologies de materials, atreure inversions i construir un ecosistema global. I finalment,\u00a0<a href=\"https:\/\/www.cehotspot.cat\/es\/\" target=\"_blank\" rel=\"noopener\"><strong>Circular Economy Hotspot<\/strong><\/a>\u00a0, l&#8217;esdeveniment l\u00edder en economia circular en el qual descobrir iniciatives de negoci, projectes de R + D, estrat\u00e8gies governamentals i col\u00b7laboracions que impulsen l&#8217;economia circular a Europa.<\/p>\n<\/div>\n","protected":false},"excerpt":{"rendered":"<p>amec\u00a0i\u00a0Smart City Expo World Congress\u00a0(SCEWC) han tancat un acord per tal de col\u00b7laborar en la promoci\u00f3 i difusi\u00f3 de la sala, l&#8217;esdeveniment l\u00edder mundial sobre la innovaci\u00f3 a les ciutats, que tindr\u00e0 lloc del\u00a016 al 18 de novembre.\u00a0Fruit d&#8217;aquest acord, els membres d&#8217;amec\u00a0que encara no han participat al sal\u00f3, aix\u00ed com els que vulguin acudir [&hellip;]<\/p>\n","protected":false},"author":1,"featured_media":5033,"comment_status":"open","ping_status":"open","sticky":false,"template":"","format":"standard","meta":{"inline_featured_image":false,"footnotes":""},"categories":[27],"tags":[],"class_list":["post-6533","post","type-post","status-publish","format-standard","has-post-thumbnail","hentry","category-actualitat"],"yoast_head":"<!-- This site is optimized with the Yoast SEO plugin v27.3 - https:\/\/yoast.com\/product\/yoast-seo-wordpress\/ -->\n<title>amec i Smart City Expo World Congress signen un acord de col\u00b7laboraci\u00f3 per impulsar la innovaci\u00f3 a les ciutats | amec Positive Industry<\/title>\n<meta name=\"robots\" content=\"index, follow, max-snippet:-1, max-image-preview:large, max-video-preview:-1\" \/>\n<link rel=\"canonical\" href=\"https:\/\/amec.es\/ca\/actualitat\/amec-i-smart-city-expo-world-congress-signen-un-acord-de-col\u00b7laboracio-per-impulsar-la-innovacio-a-les-ciutats\/\" \/>\n<meta property=\"og:locale\" content=\"ca_ES\" \/>\n<meta property=\"og:type\" content=\"article\" \/>\n<meta property=\"og:title\" content=\"amec i Smart City Expo World Congress signen un acord de col\u00b7laboraci\u00f3 per impulsar la innovaci\u00f3 a les ciutats | amec Positive Industry\" \/>\n<meta property=\"og:description\" content=\"amec\u00a0i\u00a0Smart City Expo World Congress\u00a0(SCEWC) han tancat un acord per tal de col\u00b7laborar en la promoci\u00f3 i difusi\u00f3 de la sala, l&#8217;esdeveniment l\u00edder mundial sobre la innovaci\u00f3 a les ciutats, que tindr\u00e0 lloc del\u00a016 al 18 de novembre.\u00a0Fruit d&#8217;aquest acord, els membres d&#8217;amec\u00a0que encara no han participat al sal\u00f3, aix\u00ed com els que vulguin acudir [&hellip;]\" \/>\n<meta property=\"og:url\" content=\"https:\/\/amec.es\/ca\/actualitat\/amec-i-smart-city-expo-world-congress-signen-un-acord-de-col\u00b7laboracio-per-impulsar-la-innovacio-a-les-ciutats\/\" \/>\n<meta property=\"og:site_name\" content=\"amec Positive Industry\" \/>\n<meta property=\"article:published_time\" content=\"2021-09-29T12:34:02+00:00\" \/>\n<meta property=\"og:image\" content=\"https:\/\/amec.es\/wp-content\/uploads\/2024\/02\/Logo_AMEC.png\" \/>\n\t<meta property=\"og:image:width\" content=\"1827\" \/>\n\t<meta property=\"og:image:height\" content=\"438\" \/>\n\t<meta property=\"og:image:type\" content=\"image\/png\" \/>\n<meta name=\"author\" content=\"webmaster\" \/>\n<meta name=\"twitter:card\" content=\"summary_large_image\" \/>\n<meta name=\"twitter:label1\" content=\"Escrit per\" \/>\n\t<meta name=\"twitter:data1\" content=\"webmaster\" \/>\n\t<meta name=\"twitter:label2\" content=\"Temps estimat de lectura\" \/>\n\t<meta name=\"twitter:data2\" content=\"2 minuts\" \/>\n<script type=\"application\/ld+json\" class=\"yoast-schema-graph\">{\"@context\":\"https:\\\/\\\/schema.org\",\"@graph\":[{\"@type\":\"Article\",\"@id\":\"https:\\\/\\\/amec.es\\\/ca\\\/actualitat\\\/amec-i-smart-city-expo-world-congress-signen-un-acord-de-col%c2%b7laboracio-per-impulsar-la-innovacio-a-les-ciutats\\\/#article\",\"isPartOf\":{\"@id\":\"https:\\\/\\\/amec.es\\\/ca\\\/actualitat\\\/amec-i-smart-city-expo-world-congress-signen-un-acord-de-col%c2%b7laboracio-per-impulsar-la-innovacio-a-les-ciutats\\\/\"},\"author\":{\"name\":\"webmaster\",\"@id\":\"https:\\\/\\\/amec.es\\\/#\\\/schema\\\/person\\\/377e1e145733915506a55297ad2fc830\"},\"headline\":\"amec i Smart City Expo World Congress signen un acord de col\u00b7laboraci\u00f3 per impulsar la innovaci\u00f3 a les ciutats\",\"datePublished\":\"2021-09-29T12:34:02+00:00\",\"mainEntityOfPage\":{\"@id\":\"https:\\\/\\\/amec.es\\\/ca\\\/actualitat\\\/amec-i-smart-city-expo-world-congress-signen-un-acord-de-col%c2%b7laboracio-per-impulsar-la-innovacio-a-les-ciutats\\\/\"},\"wordCount\":455,\"commentCount\":0,\"publisher\":{\"@id\":\"https:\\\/\\\/amec.es\\\/#organization\"},\"image\":{\"@id\":\"https:\\\/\\\/amec.es\\\/ca\\\/actualitat\\\/amec-i-smart-city-expo-world-congress-signen-un-acord-de-col%c2%b7laboracio-per-impulsar-la-innovacio-a-les-ciutats\\\/#primaryimage\"},\"thumbnailUrl\":\"\",\"articleSection\":[\"Actualitat\"],\"inLanguage\":\"ca\",\"potentialAction\":[{\"@type\":\"CommentAction\",\"name\":\"Comment\",\"target\":[\"https:\\\/\\\/amec.es\\\/ca\\\/actualitat\\\/amec-i-smart-city-expo-world-congress-signen-un-acord-de-col%c2%b7laboracio-per-impulsar-la-innovacio-a-les-ciutats\\\/#respond\"]}]},{\"@type\":\"WebPage\",\"@id\":\"https:\\\/\\\/amec.es\\\/ca\\\/actualitat\\\/amec-i-smart-city-expo-world-congress-signen-un-acord-de-col%c2%b7laboracio-per-impulsar-la-innovacio-a-les-ciutats\\\/\",\"url\":\"https:\\\/\\\/amec.es\\\/ca\\\/actualitat\\\/amec-i-smart-city-expo-world-congress-signen-un-acord-de-col%c2%b7laboracio-per-impulsar-la-innovacio-a-les-ciutats\\\/\",\"name\":\"amec i Smart City Expo World Congress signen un acord de col\u00b7laboraci\u00f3 per impulsar la innovaci\u00f3 a les ciutats | amec Positive Industry\",\"isPartOf\":{\"@id\":\"https:\\\/\\\/amec.es\\\/#website\"},\"primaryImageOfPage\":{\"@id\":\"https:\\\/\\\/amec.es\\\/ca\\\/actualitat\\\/amec-i-smart-city-expo-world-congress-signen-un-acord-de-col%c2%b7laboracio-per-impulsar-la-innovacio-a-les-ciutats\\\/#primaryimage\"},\"image\":{\"@id\":\"https:\\\/\\\/amec.es\\\/ca\\\/actualitat\\\/amec-i-smart-city-expo-world-congress-signen-un-acord-de-col%c2%b7laboracio-per-impulsar-la-innovacio-a-les-ciutats\\\/#primaryimage\"},\"thumbnailUrl\":\"\",\"datePublished\":\"2021-09-29T12:34:02+00:00\",\"breadcrumb\":{\"@id\":\"https:\\\/\\\/amec.es\\\/ca\\\/actualitat\\\/amec-i-smart-city-expo-world-congress-signen-un-acord-de-col%c2%b7laboracio-per-impulsar-la-innovacio-a-les-ciutats\\\/#breadcrumb\"},\"inLanguage\":\"ca\",\"potentialAction\":[{\"@type\":\"ReadAction\",\"target\":[\"https:\\\/\\\/amec.es\\\/ca\\\/actualitat\\\/amec-i-smart-city-expo-world-congress-signen-un-acord-de-col%c2%b7laboracio-per-impulsar-la-innovacio-a-les-ciutats\\\/\"]}]},{\"@type\":\"ImageObject\",\"inLanguage\":\"ca\",\"@id\":\"https:\\\/\\\/amec.es\\\/ca\\\/actualitat\\\/amec-i-smart-city-expo-world-congress-signen-un-acord-de-col%c2%b7laboracio-per-impulsar-la-innovacio-a-les-ciutats\\\/#primaryimage\",\"url\":\"\",\"contentUrl\":\"\"},{\"@type\":\"BreadcrumbList\",\"@id\":\"https:\\\/\\\/amec.es\\\/ca\\\/actualitat\\\/amec-i-smart-city-expo-world-congress-signen-un-acord-de-col%c2%b7laboracio-per-impulsar-la-innovacio-a-les-ciutats\\\/#breadcrumb\",\"itemListElement\":[{\"@type\":\"ListItem\",\"position\":1,\"name\":\"Portada\",\"item\":\"https:\\\/\\\/amec.es\\\/ca\\\/home-new\\\/\"},{\"@type\":\"ListItem\",\"position\":2,\"name\":\"amec i Smart City Expo World Congress signen un acord de col\u00b7laboraci\u00f3 per impulsar la innovaci\u00f3 a les ciutats\"}]},{\"@type\":\"WebSite\",\"@id\":\"https:\\\/\\\/amec.es\\\/#website\",\"url\":\"https:\\\/\\\/amec.es\\\/\",\"name\":\"amec Positive Industry\",\"description\":\"\",\"publisher\":{\"@id\":\"https:\\\/\\\/amec.es\\\/#organization\"},\"potentialAction\":[{\"@type\":\"SearchAction\",\"target\":{\"@type\":\"EntryPoint\",\"urlTemplate\":\"https:\\\/\\\/amec.es\\\/?s={search_term_string}\"},\"query-input\":{\"@type\":\"PropertyValueSpecification\",\"valueRequired\":true,\"valueName\":\"search_term_string\"}}],\"inLanguage\":\"ca\"},{\"@type\":\"Organization\",\"@id\":\"https:\\\/\\\/amec.es\\\/#organization\",\"name\":\"amec Positive Industry\",\"url\":\"https:\\\/\\\/amec.es\\\/\",\"logo\":{\"@type\":\"ImageObject\",\"inLanguage\":\"ca\",\"@id\":\"https:\\\/\\\/amec.es\\\/#\\\/schema\\\/logo\\\/image\\\/\",\"url\":\"https:\\\/\\\/amec.es\\\/wp-content\\\/uploads\\\/2023\\\/07\\\/logoamec.png\",\"contentUrl\":\"https:\\\/\\\/amec.es\\\/wp-content\\\/uploads\\\/2023\\\/07\\\/logoamec.png\",\"width\":200,\"height\":48,\"caption\":\"amec Positive Industry\"},\"image\":{\"@id\":\"https:\\\/\\\/amec.es\\\/#\\\/schema\\\/logo\\\/image\\\/\"}},{\"@type\":\"Person\",\"@id\":\"https:\\\/\\\/amec.es\\\/#\\\/schema\\\/person\\\/377e1e145733915506a55297ad2fc830\",\"name\":\"webmaster\",\"image\":{\"@type\":\"ImageObject\",\"inLanguage\":\"ca\",\"@id\":\"https:\\\/\\\/secure.gravatar.com\\\/avatar\\\/1122ff7c82efe2079ddb19cd256fc39ab150caee9b258eeae8928e7f703c39f3?s=96&d=mm&r=g\",\"url\":\"https:\\\/\\\/secure.gravatar.com\\\/avatar\\\/1122ff7c82efe2079ddb19cd256fc39ab150caee9b258eeae8928e7f703c39f3?s=96&d=mm&r=g\",\"contentUrl\":\"https:\\\/\\\/secure.gravatar.com\\\/avatar\\\/1122ff7c82efe2079ddb19cd256fc39ab150caee9b258eeae8928e7f703c39f3?s=96&d=mm&r=g\",\"caption\":\"webmaster\"}}]}<\/script>\n<!-- \/ Yoast SEO plugin. -->","yoast_head_json":{"title":"amec i Smart City Expo World Congress signen un acord de col\u00b7laboraci\u00f3 per impulsar la innovaci\u00f3 a les ciutats | amec Positive Industry","robots":{"index":"index","follow":"follow","max-snippet":"max-snippet:-1","max-image-preview":"max-image-preview:large","max-video-preview":"max-video-preview:-1"},"canonical":"https:\/\/amec.es\/ca\/actualitat\/amec-i-smart-city-expo-world-congress-signen-un-acord-de-col\u00b7laboracio-per-impulsar-la-innovacio-a-les-ciutats\/","og_locale":"ca_ES","og_type":"article","og_title":"amec i Smart City Expo World Congress signen un acord de col\u00b7laboraci\u00f3 per impulsar la innovaci\u00f3 a les ciutats | amec Positive Industry","og_description":"amec\u00a0i\u00a0Smart City Expo World Congress\u00a0(SCEWC) han tancat un acord per tal de col\u00b7laborar en la promoci\u00f3 i difusi\u00f3 de la sala, l&#8217;esdeveniment l\u00edder mundial sobre la innovaci\u00f3 a les ciutats, que tindr\u00e0 lloc del\u00a016 al 18 de novembre.\u00a0Fruit d&#8217;aquest acord, els membres d&#8217;amec\u00a0que encara no han participat al sal\u00f3, aix\u00ed com els que vulguin acudir [&hellip;]","og_url":"https:\/\/amec.es\/ca\/actualitat\/amec-i-smart-city-expo-world-congress-signen-un-acord-de-col\u00b7laboracio-per-impulsar-la-innovacio-a-les-ciutats\/","og_site_name":"amec Positive Industry","article_published_time":"2021-09-29T12:34:02+00:00","og_image":[{"width":1827,"height":438,"url":"https:\/\/amec.es\/wp-content\/uploads\/2024\/02\/Logo_AMEC.png","type":"image\/png"}],"author":"webmaster","twitter_card":"summary_large_image","twitter_misc":{"Escrit per":"webmaster","Temps estimat de lectura":"2 minuts"},"schema":{"@context":"https:\/\/schema.org","@graph":[{"@type":"Article","@id":"https:\/\/amec.es\/ca\/actualitat\/amec-i-smart-city-expo-world-congress-signen-un-acord-de-col%c2%b7laboracio-per-impulsar-la-innovacio-a-les-ciutats\/#article","isPartOf":{"@id":"https:\/\/amec.es\/ca\/actualitat\/amec-i-smart-city-expo-world-congress-signen-un-acord-de-col%c2%b7laboracio-per-impulsar-la-innovacio-a-les-ciutats\/"},"author":{"name":"webmaster","@id":"https:\/\/amec.es\/#\/schema\/person\/377e1e145733915506a55297ad2fc830"},"headline":"amec i Smart City Expo World Congress signen un acord de col\u00b7laboraci\u00f3 per impulsar la innovaci\u00f3 a les ciutats","datePublished":"2021-09-29T12:34:02+00:00","mainEntityOfPage":{"@id":"https:\/\/amec.es\/ca\/actualitat\/amec-i-smart-city-expo-world-congress-signen-un-acord-de-col%c2%b7laboracio-per-impulsar-la-innovacio-a-les-ciutats\/"},"wordCount":455,"commentCount":0,"publisher":{"@id":"https:\/\/amec.es\/#organization"},"image":{"@id":"https:\/\/amec.es\/ca\/actualitat\/amec-i-smart-city-expo-world-congress-signen-un-acord-de-col%c2%b7laboracio-per-impulsar-la-innovacio-a-les-ciutats\/#primaryimage"},"thumbnailUrl":"","articleSection":["Actualitat"],"inLanguage":"ca","potentialAction":[{"@type":"CommentAction","name":"Comment","target":["https:\/\/amec.es\/ca\/actualitat\/amec-i-smart-city-expo-world-congress-signen-un-acord-de-col%c2%b7laboracio-per-impulsar-la-innovacio-a-les-ciutats\/#respond"]}]},{"@type":"WebPage","@id":"https:\/\/amec.es\/ca\/actualitat\/amec-i-smart-city-expo-world-congress-signen-un-acord-de-col%c2%b7laboracio-per-impulsar-la-innovacio-a-les-ciutats\/","url":"https:\/\/amec.es\/ca\/actualitat\/amec-i-smart-city-expo-world-congress-signen-un-acord-de-col%c2%b7laboracio-per-impulsar-la-innovacio-a-les-ciutats\/","name":"amec i Smart City Expo World Congress signen un acord de col\u00b7laboraci\u00f3 per impulsar la innovaci\u00f3 a les ciutats | amec Positive Industry","isPartOf":{"@id":"https:\/\/amec.es\/#website"},"primaryImageOfPage":{"@id":"https:\/\/amec.es\/ca\/actualitat\/amec-i-smart-city-expo-world-congress-signen-un-acord-de-col%c2%b7laboracio-per-impulsar-la-innovacio-a-les-ciutats\/#primaryimage"},"image":{"@id":"https:\/\/amec.es\/ca\/actualitat\/amec-i-smart-city-expo-world-congress-signen-un-acord-de-col%c2%b7laboracio-per-impulsar-la-innovacio-a-les-ciutats\/#primaryimage"},"thumbnailUrl":"","datePublished":"2021-09-29T12:34:02+00:00","breadcrumb":{"@id":"https:\/\/amec.es\/ca\/actualitat\/amec-i-smart-city-expo-world-congress-signen-un-acord-de-col%c2%b7laboracio-per-impulsar-la-innovacio-a-les-ciutats\/#breadcrumb"},"inLanguage":"ca","potentialAction":[{"@type":"ReadAction","target":["https:\/\/amec.es\/ca\/actualitat\/amec-i-smart-city-expo-world-congress-signen-un-acord-de-col%c2%b7laboracio-per-impulsar-la-innovacio-a-les-ciutats\/"]}]},{"@type":"ImageObject","inLanguage":"ca","@id":"https:\/\/amec.es\/ca\/actualitat\/amec-i-smart-city-expo-world-congress-signen-un-acord-de-col%c2%b7laboracio-per-impulsar-la-innovacio-a-les-ciutats\/#primaryimage","url":"","contentUrl":""},{"@type":"BreadcrumbList","@id":"https:\/\/amec.es\/ca\/actualitat\/amec-i-smart-city-expo-world-congress-signen-un-acord-de-col%c2%b7laboracio-per-impulsar-la-innovacio-a-les-ciutats\/#breadcrumb","itemListElement":[{"@type":"ListItem","position":1,"name":"Portada","item":"https:\/\/amec.es\/ca\/home-new\/"},{"@type":"ListItem","position":2,"name":"amec i Smart City Expo World Congress signen un acord de col\u00b7laboraci\u00f3 per impulsar la innovaci\u00f3 a les ciutats"}]},{"@type":"WebSite","@id":"https:\/\/amec.es\/#website","url":"https:\/\/amec.es\/","name":"amec Positive Industry","description":"","publisher":{"@id":"https:\/\/amec.es\/#organization"},"potentialAction":[{"@type":"SearchAction","target":{"@type":"EntryPoint","urlTemplate":"https:\/\/amec.es\/?s={search_term_string}"},"query-input":{"@type":"PropertyValueSpecification","valueRequired":true,"valueName":"search_term_string"}}],"inLanguage":"ca"},{"@type":"Organization","@id":"https:\/\/amec.es\/#organization","name":"amec Positive Industry","url":"https:\/\/amec.es\/","logo":{"@type":"ImageObject","inLanguage":"ca","@id":"https:\/\/amec.es\/#\/schema\/logo\/image\/","url":"https:\/\/amec.es\/wp-content\/uploads\/2023\/07\/logoamec.png","contentUrl":"https:\/\/amec.es\/wp-content\/uploads\/2023\/07\/logoamec.png","width":200,"height":48,"caption":"amec Positive Industry"},"image":{"@id":"https:\/\/amec.es\/#\/schema\/logo\/image\/"}},{"@type":"Person","@id":"https:\/\/amec.es\/#\/schema\/person\/377e1e145733915506a55297ad2fc830","name":"webmaster","image":{"@type":"ImageObject","inLanguage":"ca","@id":"https:\/\/secure.gravatar.com\/avatar\/1122ff7c82efe2079ddb19cd256fc39ab150caee9b258eeae8928e7f703c39f3?s=96&d=mm&r=g","url":"https:\/\/secure.gravatar.com\/avatar\/1122ff7c82efe2079ddb19cd256fc39ab150caee9b258eeae8928e7f703c39f3?s=96&d=mm&r=g","contentUrl":"https:\/\/secure.gravatar.com\/avatar\/1122ff7c82efe2079ddb19cd256fc39ab150caee9b258eeae8928e7f703c39f3?s=96&d=mm&r=g","caption":"webmaster"}}]}},"_links":{"self":[{"href":"https:\/\/amec.es\/ca\/wp-json\/wp\/v2\/posts\/6533","targetHints":{"allow":["GET"]}}],"collection":[{"href":"https:\/\/amec.es\/ca\/wp-json\/wp\/v2\/posts"}],"about":[{"href":"https:\/\/amec.es\/ca\/wp-json\/wp\/v2\/types\/post"}],"author":[{"embeddable":true,"href":"https:\/\/amec.es\/ca\/wp-json\/wp\/v2\/users\/1"}],"replies":[{"embeddable":true,"href":"https:\/\/amec.es\/ca\/wp-json\/wp\/v2\/comments?post=6533"}],"version-history":[{"count":0,"href":"https:\/\/amec.es\/ca\/wp-json\/wp\/v2\/posts\/6533\/revisions"}],"wp:featuredmedia":[{"embeddable":true,"href":"https:\/\/amec.es\/ca\/wp-json\/"}],"wp:attachment":[{"href":"https:\/\/amec.es\/ca\/wp-json\/wp\/v2\/media?parent=6533"}],"wp:term":[{"taxonomy":"category","embeddable":true,"href":"https:\/\/amec.es\/ca\/wp-json\/wp\/v2\/categories?post=6533"},{"taxonomy":"post_tag","embeddable":true,"href":"https:\/\/amec.es\/ca\/wp-json\/wp\/v2\/tags?post=6533"}],"curies":[{"name":"wp","href":"https:\/\/api.w.org\/{rel}","templated":true}]}}