{"id":6556,"date":"2021-10-20T12:46:35","date_gmt":"2021-10-20T12:46:35","guid":{"rendered":"https:\/\/wecreatedesign.co\/dev\/WP\/amec\/?p=5060"},"modified":"2021-10-20T12:46:35","modified_gmt":"2021-10-20T12:46:35","slug":"amec-renova-el-seu-compromis-amb-el-pacte-mundial","status":"publish","type":"post","link":"https:\/\/amec.es\/ca\/actualitat\/amec-renova-el-seu-compromis-amb-el-pacte-mundial\/","title":{"rendered":"amec renova el seu Comprom\u00eds amb el Pacte Mundial"},"content":{"rendered":"<div class=\"portletDetailNoticies\">\n<div class=\"amplada-pagina descripcion\">\n<div class=\"portletDetailNoticies\">\n<div class=\"amplada-pagina fecha_pub\">20 d&#8217;octubre de 2021<\/div>\n<div class=\"amplada-pagina descripcion\">\n<p><em><strong><img fetchpriority=\"high\" decoding=\"async\" src=\"http:\/\/wecreatedesign.co\/dev\/WP\/amec\/wp-content\/uploads\/2023\/03\/pacto-mundial-naciones-unidas-redim-w500-h333.jpg\" alt=\"Pacte-Mundial-Nacions-Unides-.jpg\" width=\"500\" height=\"333\" \/>amec<\/strong><\/em>\u00a0ha renovat aquest mes d&#8217;octubre el seu\u00a0<strong>comprom\u00eds amb els 10 principis de l&#8217;PACTE MUNDIAL DE NACIONS UNIDES.<\/strong>\u00a0<strong><em>amec<\/em><\/strong>\u00a0decidir signar el 2011 el comprom\u00eds amb el Pacte Mundial, volent fer un pas m\u00e9s decidit en l&#8217;\u00e0mbit de la RSE i incloent-la en el seu quefer diari. Un comprom\u00eds que ha reiterat, amb la present, en cinc ocasions.<\/p>\n<p>&nbsp;<\/p>\n<p>En la seva renovaci\u00f3, el director general\u00a0<em><strong>d&#8217;amec,<\/strong><\/em>\u00a0Joan Tristany, signa una missiva en qu\u00e8\u00a0informa dels aven\u00e7os realitzats per l&#8217;entitat en els dos \u00faltims anys relacionats amb els\u00a0<strong>drets humans, est\u00e0ndards laborals, el medi ambient i la lluita contra la corrupci\u00f3<\/strong>\u00a0.<\/p>\n<p>&nbsp;<\/p>\n<p>Pel que fa als\u00a0<strong>Principis en Drets Humans,<\/strong>\u00a0destaquen, entre altres accions, la implantaci\u00f3 en\u00a0<em><strong>amec<\/strong><\/em>\u00a0d&#8217;un prop\u00f2sit, convertint-se aix\u00ed en la primera entitat industrial a tenir-lo. El prop\u00f2sit\u00a0<strong><em>d&#8217;amec<\/em><\/strong>\u00a0\u00e9s aix\u00ed\u00a0<em>Contribuir, des de la ind\u00fastria, a fer que el canvi d&#8217;era sigui segur, transversal i positiu per a les persones i per al planeta.<\/em>\u00a0L&#8217;organitzaci\u00f3 treballa a m\u00e9s\u00a0<strong>perqu\u00e8 totes i cadascuna de les ind\u00fastries de pa\u00eds tinguin el seu prop\u00f2sit.<\/strong>\u00a0Entre les diverses accions que impulsa,\u00a0<strong><em>amec<\/em><\/strong>\u00a0va celebrar el 2020 el\u00a0<strong>F\u00f2rum\u00a0<em>amec<\/em><\/strong>\u00a0sota el t\u00edtol\u00a0<em>El prop\u00f2sit de l&#8217;empresa com a factor de la nova competitivitat<\/em>\u00a0que va tractar a fons la dimensi\u00f3 \u00e8tica de les empreses i la creaci\u00f3 de valor a llarg termini a tot el conjunt d&#8217;actors i a l&#8217;entorn.<\/p>\n<p>&nbsp;<\/p>\n<p>Aix\u00ed mateix,\u00a0<strong><em>amec,<\/em><\/strong>\u00a0conven\u00e7uda el potencial transformador de la ind\u00fastria i de la valor que aporta a l&#8217;mercat global i a l&#8217;planeta en general, ha creat el moviment\u00a0<a href=\"https:\/\/www.positiveindustry.org\/\" target=\"_blank\" rel=\"noopener\"><strong>Positive Industry<\/strong><\/a>\u00a0, a qu\u00e8 ha convidat a sumar-se a l&#8217;ecosistema industrial. A el mateix temps, la comunitat de la industra positiva que \u00e9s\u00a0<em><strong>amec<\/strong><\/em>\u00a0no ha deixat de cr\u00e9ixer, amb la incorporaci\u00f3 de noves empreses industrials, startups, aix\u00ed com l&#8217;adhesi\u00f3 de l&#8217;associaci\u00f3 ASCAMM.<\/p>\n<p>&nbsp;<\/p>\n<p>A m\u00e9s,\u00a0<strong><em>amec<\/em><\/strong>\u00a0ha estat impulsora de\u00a0<strong>BforPlanet.<\/strong>\u00a0El certamen t\u00e9 com a objectiu el foment de l&#8217;activitat econ\u00f2mica sostenible, l&#8217;\u00fas responsable dels recursos, la protecci\u00f3 de l&#8217;entorn i el comprom\u00eds amb els ODS. Se celebrar\u00e0 amb una periodicitat anual a Barcelona, i compta amb el suport de el Govern espanyol, la Generalitat de Catalunya i l&#8217;Ajuntament de Barcelona.<\/p>\n<p>&nbsp;<\/p>\n<p><strong><em>amec<\/em><\/strong>\u00a0tamb\u00e9 informa de com actuar de forma immediata amb l&#8217;esclat de la pand\u00e8mia de l&#8217;COVID-19 per ajudar les empreses industrials a resoldre dubtes, inquietuds i problemes. L\u00a0es empreses industrials de\u00a0<strong><em>amec<\/em><\/strong>\u00a0es van bolcar al seu torn en la lluita contra la pand\u00e8mia\u00a0transformant projectes, destinant els seus recursos, mitjans i equips.<\/p>\n<p>&nbsp;<\/p>\n<p>Aix\u00ed mateix, mitjan\u00e7ant un acord amb B Lab Spain, l&#8217;entitat promou la\u00a0<strong>integraci\u00f3 de la sostenibilitat en les empreses de el sector industrial,<\/strong>\u00a0aix\u00ed com les\u00a0<strong>bones pr\u00e0ctiques empresarials i la generaci\u00f3 d&#8217;impacte positiu<\/strong>\u00a0en tots aquells \u00e0mbits que tenen relaci\u00f3 amb l&#8217;activitat empresarial: la societat, el medi ambient, clients, prove\u00efdors i treballadors.<\/p>\n<p>&nbsp;<\/p>\n<p>Perqu\u00e8 la ind\u00fastria pugui exercir el seu paper de motor d&#8217;una economia s\u00f2lida i diversificada, una cinquantena d&#8217;experts de les empreses\u00a0<strong><em>d&#8217;amec<\/em><\/strong>\u00a0han participat en l&#8217;elaboraci\u00f3 de el document\u00a0<a href=\"https:\/\/www.amec.es\/site1\/files\/doc105\/claves-para-el-cambio-del-modelo-productivo-amec-mayo2020.pdf\" data-href=\"https:\/\/www.amec.es\/site1\/files\/doc105\/claves-para-el-cambio-del-modelo-productivo-amec-mayo2020.pdf\"><strong>Claus per al canvi de model productiu.<\/strong><\/a>\u00a0Les propostes atenen els nous reptes i la necessitat de transformaci\u00f3 de les empreses industrials, envers aix\u00f2 construir una societat sostenible i pr\u00f2spera.<\/p>\n<p>&nbsp;<\/p>\n<p>Quant als\u00a0<strong>Principis laborals, i<\/strong>\u00a0n 2021 s&#8217;ha posat en marxa una nova organitzaci\u00f3 en\u00a0<strong><em>amec<\/em><\/strong>\u00a0a fi de poder afrontar la nova\u00a0<a href=\"https:\/\/www.amec.es\/es\/pl199\/amecnews\/noticias\/id685\/nueva-estrategia-de-amec-transformadora-positiva-y-sostenible.htm\" target=\"_blank\" rel=\"noopener\">Estrat\u00e8gia Transformadora Positiva i Sostenible<\/a>\u00a02023 amb millors recursos i de forma m\u00e9s eficient. S&#8217;ha dut a terme el Pla de Formaci\u00f3 anual multiplicant per 2,5 les hores destinades a formaci\u00f3 pel que fa a 2018. Altres accions han estat garantir el teletreball proporcionant els equips electr\u00f2nics necessaris durant la pand\u00e8mia, una presencialitat a les oficines seguint rigorosament el protocol de mesures anti-COVID, aplicar flexibilitzaci\u00f3 en el torn de vacances i la\u00a0difusi\u00f3 de el Protocol per a prevenci\u00f3 i el tractament de l&#8217;assetjament sexual i laboral a la feina, a m\u00e9s de l&#8217;foment d&#8217;una alimentaci\u00f3 saludable entre els seus treballadors amb la col\u00b7laboraci\u00f3 de l&#8217;Associaci\u00f3 Espanyola contra el C\u00e0ncer.<\/p>\n<p>&nbsp;<\/p>\n<p><strong><em>amec<\/em><\/strong>\u00a0ha mantingut el comprom\u00eds amb el centre especial de treball\u00a0<strong>Fundaci\u00f3 Tallers<\/strong>\u00a0per a la manipulaci\u00f3 i enviament del nostre diari en paper\u00a0<strong><em>amec<\/em><\/strong>\u00a0<strong>news.<\/strong><\/p>\n<p><strong>\u00a0<\/strong><\/p>\n<p><strong>Pel que fa als Principis mediambientals,\u00a0<em>amec<\/em><\/strong>\u00a0ha participat en el projecte\u00a0<a href=\"https:\/\/www.corresponsables.com\/entrevistas\/ainia-ods-modelo-oportunidad-negocio\"><strong>&#8216;ECODHYBAT&#8217;<\/strong><\/a>\u00a0, juntament amb AINIA, Qualitat Pascual i Nova Pescanova, que ha demostrat que la instal\u00b7laci\u00f3 d&#8217;equips d&#8217;ecodisseny higi\u00e8nic en la ind\u00fastria aliment\u00e0ria pot\u00a0<strong>reduir entre un 30% -40% el seu consum d&#8217;aigua,<\/strong>\u00a0<strong>entre un 10% -20% l&#8217;energia i entre un 20% -30% les seves emissions de CO2. Aquest projecte va obtenir el premi go! ODS en la seva segona edici\u00f3.<\/strong><\/p>\n<p>&nbsp;<\/p>\n<p>L&#8217;impuls de l&#8217;reciclatge de paper, pl\u00e0stic i les c\u00e0psules de caf\u00e8 entre el personal, la substituci\u00f3 de l&#8217;\u00fas de pl\u00e0stic en els esdeveniments organitzats a les instal\u00b7lacions de\u00a0<strong><em>amec<\/em><\/strong>\u00a0per vidre o paper, la contractaci\u00f3 d&#8217;energia 100% verda,\u00a0oferir als nostres empleats una mobilitat m\u00e9s sostenible i ajustada a les necessitats reals\u00a0i el control de temperatura a les instal\u00b7lacions han estat altres accions.<\/p>\n<p>&nbsp;<\/p>\n<p>Quant als\u00a0<strong>Principis d&#8217;anticorrupci\u00f3,<\/strong>\u00a0<strong><em>amec<\/em><\/strong>\u00a0se sotmet anualment a una auditoria externa dels seus estats financers, que est\u00e0 a disposici\u00f3 de tots els associats i, aix\u00ed mateix, a la supervisi\u00f3 d&#8217;aquests per part dels Censors de Comptes, segons marquen els estatuts de\u00a0<strong><em>amec.<\/em><\/strong>\u00a0En 2018 s&#8217;ha aprovat el Codi \u00c8tic de\u00a0<strong><em>amec<\/em><\/strong>\u00a0i s&#8217;ha posat en marxa un Pla de Prevenci\u00f3 de Delictes Penals (Compliance) que, a m\u00e9s de prevenir, afavorir\u00e0 les bones pr\u00e0ctiques i promour\u00e0 els valors de l&#8217;entitat. En 2019 es va realitzar una auditoria de la mateixa i s&#8217;han incorporat algunes millores, sobretot en el protocol de protecci\u00f3 d&#8217;equips en l&#8217;\u00e0mbit de la ciberseguretat. La difusi\u00f3 tant de l&#8217;auditoria com d&#8217;el Codi \u00c8tic i la Mem\u00f2ria d&#8217;Activitats\u00a0<strong><em>d&#8217;amec<\/em><\/strong>\u00a0es realitza mitjan\u00e7ant la seva publicaci\u00f3 en l&#8217;apartat\u00a0<a href=\"https:\/\/www.amec.es\/es\/sobreamec\/la-institucion.htm\" target=\"_blank\" rel=\"noopener\">Transpar\u00e8ncia del web<\/a>\u00a0<strong><em>d&#8217;amec.<\/em><\/strong>\u00a0Finalment,\u00a0<strong><em>amec<\/em><\/strong>\u00a0vol ressaltar la import\u00e0ncia de treballar dia a dia en base al seu prop\u00f2sit i seguir donant suport els Deu Principis de l&#8217;Pacte Mundial i promovent la seva difusi\u00f3 entre les empreses espanyoles membres de\u00a0<strong><em>amec.<\/em><\/strong><\/p>\n<\/div>\n<\/div>\n<div class=\"registre-accions amplada-pagina\">\n<div class=\"addthis_inline_share_toolbox\" style=\"margin: 0px; padding: 0px; border: 0px; outline: 0px; font-weight: inherit; font-style: inherit; clear: both;\" data-url=\"https:\/\/www.amec.es\/ca\/pl14\/amecnews\/noticies\/id831\/amec-renueva-su-compromiso-con-el.htm?fcat_14=558\" data-title=\"&lt;em&gt;amec&lt;\/em&gt; renova el seu Comprom\u00eds amb el Pacte Mundial\" data-description=\"amec ha renovat aquest mes d'octubre el seu comprom\u00eds amb els 10 principis de l'PACTE MUNDIAL DE NACIONS UNIDES. amec decidir signar el 2011 el comprom\u00eds amb el Pacte Mundial, volent fer un pas m\u00e9s decidit en l'\u00e0mbit de la RSE i incloent-la en el seu quefer diari. Un comprom\u00eds que ha reiterat, amb la present, en cinc ocasions.\n\nEn la seva renovaci\u00f3, el director general d'amec, Joan Tristany, signa una missiva en qu\u00e8 informa dels aven\u00e7os realitzats per l'entitat en els dos \u00faltims anys relacionats...\"><\/p>\n<div id=\"atstbx\" class=\"at-resp-share-element at-style-responsive addthis-smartlayers addthis-animated at4-show\" role=\"region\" aria-labelledby=\"at-8b8a94aa-4719-4b2f-9b69-9497f3aa75d0\"><span id=\"at-8b8a94aa-4719-4b2f-9b69-9497f3aa75d0\" class=\"at4-visually-hidden\"><\/span><\/p>\n<div class=\"at-share-btn-elements\"><\/div>\n<\/div>\n<\/div>\n<\/div>\n<\/div>\n<\/div>\n","protected":false},"excerpt":{"rendered":"<p>20 d&#8217;octubre de 2021 amec\u00a0ha renovat aquest mes d&#8217;octubre el seu\u00a0comprom\u00eds amb els 10 principis de l&#8217;PACTE MUNDIAL DE NACIONS UNIDES.\u00a0amec\u00a0decidir signar el 2011 el comprom\u00eds amb el Pacte Mundial, volent fer un pas m\u00e9s decidit en l&#8217;\u00e0mbit de la RSE i incloent-la en el seu quefer diari. Un comprom\u00eds que ha reiterat, amb la [&hellip;]<\/p>\n","protected":false},"author":1,"featured_media":5061,"comment_status":"open","ping_status":"open","sticky":false,"template":"","format":"standard","meta":{"inline_featured_image":false,"footnotes":""},"categories":[27],"tags":[],"class_list":["post-6556","post","type-post","status-publish","format-standard","has-post-thumbnail","hentry","category-actualitat"],"yoast_head":"<!-- This site is optimized with the Yoast SEO plugin v27.3 - https:\/\/yoast.com\/product\/yoast-seo-wordpress\/ -->\n<title>amec renova el seu Comprom\u00eds amb el Pacte Mundial | amec Positive Industry<\/title>\n<meta name=\"robots\" content=\"index, follow, max-snippet:-1, max-image-preview:large, max-video-preview:-1\" \/>\n<link rel=\"canonical\" href=\"https:\/\/amec.es\/ca\/actualitat\/amec-renova-el-seu-compromis-amb-el-pacte-mundial\/\" \/>\n<meta property=\"og:locale\" content=\"ca_ES\" \/>\n<meta property=\"og:type\" content=\"article\" \/>\n<meta property=\"og:title\" content=\"amec renova el seu Comprom\u00eds amb el Pacte Mundial | amec Positive Industry\" \/>\n<meta property=\"og:description\" content=\"20 d&#8217;octubre de 2021 amec\u00a0ha renovat aquest mes d&#8217;octubre el seu\u00a0comprom\u00eds amb els 10 principis de l&#8217;PACTE MUNDIAL DE NACIONS UNIDES.\u00a0amec\u00a0decidir signar el 2011 el comprom\u00eds amb el Pacte Mundial, volent fer un pas m\u00e9s decidit en l&#8217;\u00e0mbit de la RSE i incloent-la en el seu quefer diari. Un comprom\u00eds que ha reiterat, amb la [&hellip;]\" \/>\n<meta property=\"og:url\" content=\"https:\/\/amec.es\/ca\/actualitat\/amec-renova-el-seu-compromis-amb-el-pacte-mundial\/\" \/>\n<meta property=\"og:site_name\" content=\"amec Positive Industry\" \/>\n<meta property=\"article:published_time\" content=\"2021-10-20T12:46:35+00:00\" \/>\n<meta property=\"og:image\" content=\"https:\/\/amec.es\/wp-content\/uploads\/2023\/08\/clusterpackaging.png\" \/>\n\t<meta property=\"og:image:width\" content=\"380\" \/>\n\t<meta property=\"og:image:height\" content=\"225\" \/>\n\t<meta property=\"og:image:type\" content=\"image\/png\" \/>\n<meta name=\"author\" content=\"webmaster\" \/>\n<meta name=\"twitter:card\" content=\"summary_large_image\" \/>\n<meta name=\"twitter:label1\" content=\"Escrit per\" \/>\n\t<meta name=\"twitter:data1\" content=\"webmaster\" \/>\n\t<meta name=\"twitter:label2\" content=\"Temps estimat de lectura\" \/>\n\t<meta name=\"twitter:data2\" content=\"5 minuts\" \/>\n<script type=\"application\/ld+json\" class=\"yoast-schema-graph\">{\"@context\":\"https:\\\/\\\/schema.org\",\"@graph\":[{\"@type\":\"Article\",\"@id\":\"https:\\\/\\\/amec.es\\\/ca\\\/actualitat\\\/amec-renova-el-seu-compromis-amb-el-pacte-mundial\\\/#article\",\"isPartOf\":{\"@id\":\"https:\\\/\\\/amec.es\\\/ca\\\/actualitat\\\/amec-renova-el-seu-compromis-amb-el-pacte-mundial\\\/\"},\"author\":{\"name\":\"webmaster\",\"@id\":\"https:\\\/\\\/amec.es\\\/#\\\/schema\\\/person\\\/377e1e145733915506a55297ad2fc830\"},\"headline\":\"amec renova el seu Comprom\u00eds amb el Pacte Mundial\",\"datePublished\":\"2021-10-20T12:46:35+00:00\",\"mainEntityOfPage\":{\"@id\":\"https:\\\/\\\/amec.es\\\/ca\\\/actualitat\\\/amec-renova-el-seu-compromis-amb-el-pacte-mundial\\\/\"},\"wordCount\":1116,\"commentCount\":0,\"publisher\":{\"@id\":\"https:\\\/\\\/amec.es\\\/#organization\"},\"image\":{\"@id\":\"https:\\\/\\\/amec.es\\\/ca\\\/actualitat\\\/amec-renova-el-seu-compromis-amb-el-pacte-mundial\\\/#primaryimage\"},\"thumbnailUrl\":\"https:\\\/\\\/amec.es\\\/wp-content\\\/uploads\\\/2023\\\/08\\\/clusterpackaging.png\",\"articleSection\":[\"Actualitat\"],\"inLanguage\":\"ca\",\"potentialAction\":[{\"@type\":\"CommentAction\",\"name\":\"Comment\",\"target\":[\"https:\\\/\\\/amec.es\\\/ca\\\/actualitat\\\/amec-renova-el-seu-compromis-amb-el-pacte-mundial\\\/#respond\"]}]},{\"@type\":\"WebPage\",\"@id\":\"https:\\\/\\\/amec.es\\\/ca\\\/actualitat\\\/amec-renova-el-seu-compromis-amb-el-pacte-mundial\\\/\",\"url\":\"https:\\\/\\\/amec.es\\\/ca\\\/actualitat\\\/amec-renova-el-seu-compromis-amb-el-pacte-mundial\\\/\",\"name\":\"amec renova el seu Comprom\u00eds amb el Pacte Mundial | amec Positive Industry\",\"isPartOf\":{\"@id\":\"https:\\\/\\\/amec.es\\\/#website\"},\"primaryImageOfPage\":{\"@id\":\"https:\\\/\\\/amec.es\\\/ca\\\/actualitat\\\/amec-renova-el-seu-compromis-amb-el-pacte-mundial\\\/#primaryimage\"},\"image\":{\"@id\":\"https:\\\/\\\/amec.es\\\/ca\\\/actualitat\\\/amec-renova-el-seu-compromis-amb-el-pacte-mundial\\\/#primaryimage\"},\"thumbnailUrl\":\"https:\\\/\\\/amec.es\\\/wp-content\\\/uploads\\\/2023\\\/08\\\/clusterpackaging.png\",\"datePublished\":\"2021-10-20T12:46:35+00:00\",\"breadcrumb\":{\"@id\":\"https:\\\/\\\/amec.es\\\/ca\\\/actualitat\\\/amec-renova-el-seu-compromis-amb-el-pacte-mundial\\\/#breadcrumb\"},\"inLanguage\":\"ca\",\"potentialAction\":[{\"@type\":\"ReadAction\",\"target\":[\"https:\\\/\\\/amec.es\\\/ca\\\/actualitat\\\/amec-renova-el-seu-compromis-amb-el-pacte-mundial\\\/\"]}]},{\"@type\":\"ImageObject\",\"inLanguage\":\"ca\",\"@id\":\"https:\\\/\\\/amec.es\\\/ca\\\/actualitat\\\/amec-renova-el-seu-compromis-amb-el-pacte-mundial\\\/#primaryimage\",\"url\":\"https:\\\/\\\/amec.es\\\/wp-content\\\/uploads\\\/2023\\\/08\\\/clusterpackaging.png\",\"contentUrl\":\"https:\\\/\\\/amec.es\\\/wp-content\\\/uploads\\\/2023\\\/08\\\/clusterpackaging.png\",\"width\":380,\"height\":225},{\"@type\":\"BreadcrumbList\",\"@id\":\"https:\\\/\\\/amec.es\\\/ca\\\/actualitat\\\/amec-renova-el-seu-compromis-amb-el-pacte-mundial\\\/#breadcrumb\",\"itemListElement\":[{\"@type\":\"ListItem\",\"position\":1,\"name\":\"Portada\",\"item\":\"https:\\\/\\\/amec.es\\\/ca\\\/home-new\\\/\"},{\"@type\":\"ListItem\",\"position\":2,\"name\":\"amec renova el seu Comprom\u00eds amb el Pacte Mundial\"}]},{\"@type\":\"WebSite\",\"@id\":\"https:\\\/\\\/amec.es\\\/#website\",\"url\":\"https:\\\/\\\/amec.es\\\/\",\"name\":\"amec Positive Industry\",\"description\":\"\",\"publisher\":{\"@id\":\"https:\\\/\\\/amec.es\\\/#organization\"},\"potentialAction\":[{\"@type\":\"SearchAction\",\"target\":{\"@type\":\"EntryPoint\",\"urlTemplate\":\"https:\\\/\\\/amec.es\\\/?s={search_term_string}\"},\"query-input\":{\"@type\":\"PropertyValueSpecification\",\"valueRequired\":true,\"valueName\":\"search_term_string\"}}],\"inLanguage\":\"ca\"},{\"@type\":\"Organization\",\"@id\":\"https:\\\/\\\/amec.es\\\/#organization\",\"name\":\"amec Positive Industry\",\"url\":\"https:\\\/\\\/amec.es\\\/\",\"logo\":{\"@type\":\"ImageObject\",\"inLanguage\":\"ca\",\"@id\":\"https:\\\/\\\/amec.es\\\/#\\\/schema\\\/logo\\\/image\\\/\",\"url\":\"https:\\\/\\\/amec.es\\\/wp-content\\\/uploads\\\/2023\\\/07\\\/logoamec.png\",\"contentUrl\":\"https:\\\/\\\/amec.es\\\/wp-content\\\/uploads\\\/2023\\\/07\\\/logoamec.png\",\"width\":200,\"height\":48,\"caption\":\"amec Positive Industry\"},\"image\":{\"@id\":\"https:\\\/\\\/amec.es\\\/#\\\/schema\\\/logo\\\/image\\\/\"}},{\"@type\":\"Person\",\"@id\":\"https:\\\/\\\/amec.es\\\/#\\\/schema\\\/person\\\/377e1e145733915506a55297ad2fc830\",\"name\":\"webmaster\",\"image\":{\"@type\":\"ImageObject\",\"inLanguage\":\"ca\",\"@id\":\"https:\\\/\\\/secure.gravatar.com\\\/avatar\\\/1122ff7c82efe2079ddb19cd256fc39ab150caee9b258eeae8928e7f703c39f3?s=96&d=mm&r=g\",\"url\":\"https:\\\/\\\/secure.gravatar.com\\\/avatar\\\/1122ff7c82efe2079ddb19cd256fc39ab150caee9b258eeae8928e7f703c39f3?s=96&d=mm&r=g\",\"contentUrl\":\"https:\\\/\\\/secure.gravatar.com\\\/avatar\\\/1122ff7c82efe2079ddb19cd256fc39ab150caee9b258eeae8928e7f703c39f3?s=96&d=mm&r=g\",\"caption\":\"webmaster\"}}]}<\/script>\n<!-- \/ Yoast SEO plugin. -->","yoast_head_json":{"title":"amec renova el seu Comprom\u00eds amb el Pacte Mundial | amec Positive Industry","robots":{"index":"index","follow":"follow","max-snippet":"max-snippet:-1","max-image-preview":"max-image-preview:large","max-video-preview":"max-video-preview:-1"},"canonical":"https:\/\/amec.es\/ca\/actualitat\/amec-renova-el-seu-compromis-amb-el-pacte-mundial\/","og_locale":"ca_ES","og_type":"article","og_title":"amec renova el seu Comprom\u00eds amb el Pacte Mundial | amec Positive Industry","og_description":"20 d&#8217;octubre de 2021 amec\u00a0ha renovat aquest mes d&#8217;octubre el seu\u00a0comprom\u00eds amb els 10 principis de l&#8217;PACTE MUNDIAL DE NACIONS UNIDES.\u00a0amec\u00a0decidir signar el 2011 el comprom\u00eds amb el Pacte Mundial, volent fer un pas m\u00e9s decidit en l&#8217;\u00e0mbit de la RSE i incloent-la en el seu quefer diari. Un comprom\u00eds que ha reiterat, amb la [&hellip;]","og_url":"https:\/\/amec.es\/ca\/actualitat\/amec-renova-el-seu-compromis-amb-el-pacte-mundial\/","og_site_name":"amec Positive Industry","article_published_time":"2021-10-20T12:46:35+00:00","og_image":[{"width":380,"height":225,"url":"https:\/\/amec.es\/wp-content\/uploads\/2023\/08\/clusterpackaging.png","type":"image\/png"}],"author":"webmaster","twitter_card":"summary_large_image","twitter_misc":{"Escrit per":"webmaster","Temps estimat de lectura":"5 minuts"},"schema":{"@context":"https:\/\/schema.org","@graph":[{"@type":"Article","@id":"https:\/\/amec.es\/ca\/actualitat\/amec-renova-el-seu-compromis-amb-el-pacte-mundial\/#article","isPartOf":{"@id":"https:\/\/amec.es\/ca\/actualitat\/amec-renova-el-seu-compromis-amb-el-pacte-mundial\/"},"author":{"name":"webmaster","@id":"https:\/\/amec.es\/#\/schema\/person\/377e1e145733915506a55297ad2fc830"},"headline":"amec renova el seu Comprom\u00eds amb el Pacte Mundial","datePublished":"2021-10-20T12:46:35+00:00","mainEntityOfPage":{"@id":"https:\/\/amec.es\/ca\/actualitat\/amec-renova-el-seu-compromis-amb-el-pacte-mundial\/"},"wordCount":1116,"commentCount":0,"publisher":{"@id":"https:\/\/amec.es\/#organization"},"image":{"@id":"https:\/\/amec.es\/ca\/actualitat\/amec-renova-el-seu-compromis-amb-el-pacte-mundial\/#primaryimage"},"thumbnailUrl":"https:\/\/amec.es\/wp-content\/uploads\/2023\/08\/clusterpackaging.png","articleSection":["Actualitat"],"inLanguage":"ca","potentialAction":[{"@type":"CommentAction","name":"Comment","target":["https:\/\/amec.es\/ca\/actualitat\/amec-renova-el-seu-compromis-amb-el-pacte-mundial\/#respond"]}]},{"@type":"WebPage","@id":"https:\/\/amec.es\/ca\/actualitat\/amec-renova-el-seu-compromis-amb-el-pacte-mundial\/","url":"https:\/\/amec.es\/ca\/actualitat\/amec-renova-el-seu-compromis-amb-el-pacte-mundial\/","name":"amec renova el seu Comprom\u00eds amb el Pacte Mundial | amec Positive Industry","isPartOf":{"@id":"https:\/\/amec.es\/#website"},"primaryImageOfPage":{"@id":"https:\/\/amec.es\/ca\/actualitat\/amec-renova-el-seu-compromis-amb-el-pacte-mundial\/#primaryimage"},"image":{"@id":"https:\/\/amec.es\/ca\/actualitat\/amec-renova-el-seu-compromis-amb-el-pacte-mundial\/#primaryimage"},"thumbnailUrl":"https:\/\/amec.es\/wp-content\/uploads\/2023\/08\/clusterpackaging.png","datePublished":"2021-10-20T12:46:35+00:00","breadcrumb":{"@id":"https:\/\/amec.es\/ca\/actualitat\/amec-renova-el-seu-compromis-amb-el-pacte-mundial\/#breadcrumb"},"inLanguage":"ca","potentialAction":[{"@type":"ReadAction","target":["https:\/\/amec.es\/ca\/actualitat\/amec-renova-el-seu-compromis-amb-el-pacte-mundial\/"]}]},{"@type":"ImageObject","inLanguage":"ca","@id":"https:\/\/amec.es\/ca\/actualitat\/amec-renova-el-seu-compromis-amb-el-pacte-mundial\/#primaryimage","url":"https:\/\/amec.es\/wp-content\/uploads\/2023\/08\/clusterpackaging.png","contentUrl":"https:\/\/amec.es\/wp-content\/uploads\/2023\/08\/clusterpackaging.png","width":380,"height":225},{"@type":"BreadcrumbList","@id":"https:\/\/amec.es\/ca\/actualitat\/amec-renova-el-seu-compromis-amb-el-pacte-mundial\/#breadcrumb","itemListElement":[{"@type":"ListItem","position":1,"name":"Portada","item":"https:\/\/amec.es\/ca\/home-new\/"},{"@type":"ListItem","position":2,"name":"amec renova el seu Comprom\u00eds amb el Pacte Mundial"}]},{"@type":"WebSite","@id":"https:\/\/amec.es\/#website","url":"https:\/\/amec.es\/","name":"amec Positive Industry","description":"","publisher":{"@id":"https:\/\/amec.es\/#organization"},"potentialAction":[{"@type":"SearchAction","target":{"@type":"EntryPoint","urlTemplate":"https:\/\/amec.es\/?s={search_term_string}"},"query-input":{"@type":"PropertyValueSpecification","valueRequired":true,"valueName":"search_term_string"}}],"inLanguage":"ca"},{"@type":"Organization","@id":"https:\/\/amec.es\/#organization","name":"amec Positive Industry","url":"https:\/\/amec.es\/","logo":{"@type":"ImageObject","inLanguage":"ca","@id":"https:\/\/amec.es\/#\/schema\/logo\/image\/","url":"https:\/\/amec.es\/wp-content\/uploads\/2023\/07\/logoamec.png","contentUrl":"https:\/\/amec.es\/wp-content\/uploads\/2023\/07\/logoamec.png","width":200,"height":48,"caption":"amec Positive Industry"},"image":{"@id":"https:\/\/amec.es\/#\/schema\/logo\/image\/"}},{"@type":"Person","@id":"https:\/\/amec.es\/#\/schema\/person\/377e1e145733915506a55297ad2fc830","name":"webmaster","image":{"@type":"ImageObject","inLanguage":"ca","@id":"https:\/\/secure.gravatar.com\/avatar\/1122ff7c82efe2079ddb19cd256fc39ab150caee9b258eeae8928e7f703c39f3?s=96&d=mm&r=g","url":"https:\/\/secure.gravatar.com\/avatar\/1122ff7c82efe2079ddb19cd256fc39ab150caee9b258eeae8928e7f703c39f3?s=96&d=mm&r=g","contentUrl":"https:\/\/secure.gravatar.com\/avatar\/1122ff7c82efe2079ddb19cd256fc39ab150caee9b258eeae8928e7f703c39f3?s=96&d=mm&r=g","caption":"webmaster"}}]}},"_links":{"self":[{"href":"https:\/\/amec.es\/ca\/wp-json\/wp\/v2\/posts\/6556","targetHints":{"allow":["GET"]}}],"collection":[{"href":"https:\/\/amec.es\/ca\/wp-json\/wp\/v2\/posts"}],"about":[{"href":"https:\/\/amec.es\/ca\/wp-json\/wp\/v2\/types\/post"}],"author":[{"embeddable":true,"href":"https:\/\/amec.es\/ca\/wp-json\/wp\/v2\/users\/1"}],"replies":[{"embeddable":true,"href":"https:\/\/amec.es\/ca\/wp-json\/wp\/v2\/comments?post=6556"}],"version-history":[{"count":0,"href":"https:\/\/amec.es\/ca\/wp-json\/wp\/v2\/posts\/6556\/revisions"}],"wp:featuredmedia":[{"embeddable":true,"href":"https:\/\/amec.es\/ca\/wp-json\/wp\/v2\/media\/5061"}],"wp:attachment":[{"href":"https:\/\/amec.es\/ca\/wp-json\/wp\/v2\/media?parent=6556"}],"wp:term":[{"taxonomy":"category","embeddable":true,"href":"https:\/\/amec.es\/ca\/wp-json\/wp\/v2\/categories?post=6556"},{"taxonomy":"post_tag","embeddable":true,"href":"https:\/\/amec.es\/ca\/wp-json\/wp\/v2\/tags?post=6556"}],"curies":[{"name":"wp","href":"https:\/\/api.w.org\/{rel}","templated":true}]}}