{"id":6557,"date":"2021-11-03T12:50:07","date_gmt":"2021-11-03T12:50:07","guid":{"rendered":"https:\/\/wecreatedesign.co\/dev\/WP\/amec\/?p=5064"},"modified":"2021-11-03T12:50:07","modified_gmt":"2021-11-03T12:50:07","slug":"amec-i-seat-col%c2%b7laboren-per-treballar-en-el-desenvolupament-del-perte-del-vehicle-electric","status":"publish","type":"post","link":"https:\/\/amec.es\/ca\/actualitat\/amec-i-seat-col%c2%b7laboren-per-treballar-en-el-desenvolupament-del-perte-del-vehicle-electric\/","title":{"rendered":"amec i Seat col\u00b7laboren per treballar en el desenvolupament del PERTE del vehicle el\u00e8ctric"},"content":{"rendered":"<div class=\"amplada-pagina descripcion\">\n<p><em><strong><a href=\"https:\/\/planderecuperacion.gob.es\/como-acceder-a-los-fondos\/pertes\/perte-del-vehiculo-electrico-y-conectado\" target=\"_blank\" rel=\"noopener\"><img fetchpriority=\"high\" decoding=\"async\" src=\"http:\/\/wecreatedesign.co\/dev\/WP\/amec\/wp-content\/uploads\/2023\/03\/perte-vehiculo-electrico-redim-w478-h554.jpg\" alt=\"PERTE-vehicle-electrico.JPG\" width=\"478\" height=\"554\" \/><\/a>amec<\/strong><\/em>\u00a0<strong>treballa perqu\u00e8 les empreses membres de la nostra comunitat participin al<\/strong>\u00a0<a href=\"https:\/\/planderecuperacion.gob.es\/como-acceder-a-los-fondos\/pertes\/perte-del-vehiculo-electrico-y-conectado\" target=\"_blank\" rel=\"noopener\"><strong>PERTE del vehicle el\u00e8ctric i connectat<\/strong><\/a>\u00a0que ha aprovat el Govern Espanyol i que lidera SEAT. Els PERTE s\u00f3n els Projectes Estrat\u00e8gics per a la Recuperaci\u00f3 i Transformaci\u00f3 Econ\u00f2mica, que compten amb el finan\u00e7ament dels Fons Europeus Next Generation. El PERTE de vehicle el\u00e8ctric \u00e9s l&#8217;\u00fanic de moment que ha estat aprovat fins ara.<\/p>\n<p>L&#8217;objectiu del PERTE del cotxe el\u00e8ctric \u00e9s crear a Espanya l&#8217;ecosistema necessari per al desenvolupament i la fabricaci\u00f3 de vehicles el\u00e8ctrics i connectats a la xarxa i convertir Espanya en el Hub Europeu d&#8217;electromobilitat. El desenvolupament d&#8217;aquest projecte preveu una\u00a0<strong>inversi\u00f3 total de m\u00e9s de 24.000 milions d&#8217;euros el per\u00edode 2021-2023<\/strong>\u00a0, amb una contribuci\u00f3 del sector p\u00fablic de 4.300 milions d&#8217;euros i una inversi\u00f3 privada de 19.700 milions d&#8217;euros. Tot i que empreses tractores com SEAT s\u00f3n les responsables d&#8217;assumir el lideratge dels PERTE,\u00a0<strong>un 80% dels fons s&#8217;han de vehicular cap a les petites i mitjanes empreses<\/strong>\u00a0.<\/p>\n<p>Els PERTE s\u00f3n projectes que pretenen impulsar la transformaci\u00f3 a tota la cadena de valor d&#8217;un sector i Seat lidera la transformaci\u00f3 de la cadena de valor de la mobilitat el\u00e8ctrica. L&#8217;objectiu \u00e9s poder desenvolupar mitjan\u00e7ant la ind\u00fastria local un cotxe el\u00e8ctric assequible, que tingui els serveis relacionats i tota la infraestructura necess\u00e0ria. \u00c9s per aix\u00f2 que\u00a0<em><strong>amec<\/strong><\/em>\u00a0i Seat han mantingut converses per tal de promoure la participaci\u00f3 de les empreses de la comunitat al PERTE. La relaci\u00f3 que\u00a0<em><strong>amec<\/strong><\/em>\u00a0ha establert amb Seat \u00e9s, concretament, la de proveir de solucions tecnol\u00f2giques dels membres d&#8217;\u00a0<em><strong>amec<\/strong><\/em>\u00a0per a la contractaci\u00f3 i inclusi\u00f3 en el proc\u00e9s de fabricaci\u00f3 del vehicle el\u00e8ctric.<\/p>\n<p>A aquest efecte,\u00a0<em><strong>amec<\/strong><\/em>\u00a0est\u00e0 explicant a la comunitat el projecte, amb vista a que puguin oferir les seves solucions i convertir-se en empreses prove\u00efdores. Poden participar les empreses amb\u00a0<strong>projectes en cartera, sense inversi\u00f3 en marxa per\u00f2 amb el comprom\u00eds de fer-les en el futur<\/strong>\u00a0. El PERTE ha de tenir en compte la participaci\u00f3 d&#8217;\u00a0<strong>empreses de tot el territori, que presentin projectes innovadors, basats en nous conceptes de mobilitat, que puguin incorporar la digitalitzaci\u00f3, que promoguin la reducci\u00f3 de la petjada de carboni, el reciclatge i aspectes rellevants com pot ser, per exemple, oferir una segona vida a les bateries<\/strong>\u00a0.<\/p>\n<p>&nbsp;<\/p>\n<p>Els projectes han d&#8217;estar avan\u00e7ats, encara que encara sense presentar al mercat. Tot i aix\u00f2,\u00a0<strong>\u201cdes d&#8217;\u00a0<em>amec<\/em>\u00a0, tal com hem acordat amb Seat, podem presentar qualsevol tipus de proposta tecnol\u00f2gica, es trobi o no en vies de desenvolupament, que pugui resultar interessant per ser incorporada igualment en altres projectes en el futur\u201d<\/strong>\u00a0, explica Sonia Fern\u00e1ndez, directora d&#8217;Unitat de Projectes i responsable del Servei Integral d&#8217;Ajuts de\u00a0<em><strong>Amec<\/strong><\/em>\u00a0.<\/p>\n<\/div>\n","protected":false},"excerpt":{"rendered":"<p>amec\u00a0treballa perqu\u00e8 les empreses membres de la nostra comunitat participin al\u00a0PERTE del vehicle el\u00e8ctric i connectat\u00a0que ha aprovat el Govern Espanyol i que lidera SEAT. Els PERTE s\u00f3n els Projectes Estrat\u00e8gics per a la Recuperaci\u00f3 i Transformaci\u00f3 Econ\u00f2mica, que compten amb el finan\u00e7ament dels Fons Europeus Next Generation. El PERTE de vehicle el\u00e8ctric \u00e9s l&#8217;\u00fanic [&hellip;]<\/p>\n","protected":false},"author":1,"featured_media":5065,"comment_status":"open","ping_status":"open","sticky":false,"template":"","format":"standard","meta":{"inline_featured_image":false,"footnotes":""},"categories":[27],"tags":[],"class_list":["post-6557","post","type-post","status-publish","format-standard","has-post-thumbnail","hentry","category-actualitat"],"yoast_head":"<!-- This site is optimized with the Yoast SEO plugin v27.3 - https:\/\/yoast.com\/product\/yoast-seo-wordpress\/ -->\n<title>amec i Seat col\u00b7laboren per treballar en el desenvolupament del PERTE del vehicle el\u00e8ctric | amec Positive Industry<\/title>\n<meta name=\"robots\" content=\"index, follow, max-snippet:-1, max-image-preview:large, max-video-preview:-1\" \/>\n<link rel=\"canonical\" href=\"https:\/\/amec.es\/ca\/actualitat\/amec-i-seat-col\u00b7laboren-per-treballar-en-el-desenvolupament-del-perte-del-vehicle-electric\/\" \/>\n<meta property=\"og:locale\" content=\"ca_ES\" \/>\n<meta property=\"og:type\" content=\"article\" \/>\n<meta property=\"og:title\" content=\"amec i Seat col\u00b7laboren per treballar en el desenvolupament del PERTE del vehicle el\u00e8ctric | amec Positive Industry\" \/>\n<meta property=\"og:description\" content=\"amec\u00a0treballa perqu\u00e8 les empreses membres de la nostra comunitat participin al\u00a0PERTE del vehicle el\u00e8ctric i connectat\u00a0que ha aprovat el Govern Espanyol i que lidera SEAT. Els PERTE s\u00f3n els Projectes Estrat\u00e8gics per a la Recuperaci\u00f3 i Transformaci\u00f3 Econ\u00f2mica, que compten amb el finan\u00e7ament dels Fons Europeus Next Generation. El PERTE de vehicle el\u00e8ctric \u00e9s l&#8217;\u00fanic [&hellip;]\" \/>\n<meta property=\"og:url\" content=\"https:\/\/amec.es\/ca\/actualitat\/amec-i-seat-col\u00b7laboren-per-treballar-en-el-desenvolupament-del-perte-del-vehicle-electric\/\" \/>\n<meta property=\"og:site_name\" content=\"amec Positive Industry\" \/>\n<meta property=\"article:published_time\" content=\"2021-11-03T12:50:07+00:00\" \/>\n<meta property=\"og:image\" content=\"https:\/\/amec.es\/wp-content\/uploads\/2023\/08\/firagcn.jpg\" \/>\n\t<meta property=\"og:image:width\" content=\"380\" \/>\n\t<meta property=\"og:image:height\" content=\"225\" \/>\n\t<meta property=\"og:image:type\" content=\"image\/jpeg\" \/>\n<meta name=\"author\" content=\"webmaster\" \/>\n<meta name=\"twitter:card\" content=\"summary_large_image\" \/>\n<meta name=\"twitter:label1\" content=\"Escrit per\" \/>\n\t<meta name=\"twitter:data1\" content=\"webmaster\" \/>\n\t<meta name=\"twitter:label2\" content=\"Temps estimat de lectura\" \/>\n\t<meta name=\"twitter:data2\" content=\"2 minuts\" \/>\n<script type=\"application\/ld+json\" class=\"yoast-schema-graph\">{\"@context\":\"https:\\\/\\\/schema.org\",\"@graph\":[{\"@type\":\"Article\",\"@id\":\"https:\\\/\\\/amec.es\\\/ca\\\/actualitat\\\/amec-i-seat-col%c2%b7laboren-per-treballar-en-el-desenvolupament-del-perte-del-vehicle-electric\\\/#article\",\"isPartOf\":{\"@id\":\"https:\\\/\\\/amec.es\\\/ca\\\/actualitat\\\/amec-i-seat-col%c2%b7laboren-per-treballar-en-el-desenvolupament-del-perte-del-vehicle-electric\\\/\"},\"author\":{\"name\":\"webmaster\",\"@id\":\"https:\\\/\\\/amec.es\\\/#\\\/schema\\\/person\\\/377e1e145733915506a55297ad2fc830\"},\"headline\":\"amec i Seat col\u00b7laboren per treballar en el desenvolupament del PERTE del vehicle el\u00e8ctric\",\"datePublished\":\"2021-11-03T12:50:07+00:00\",\"mainEntityOfPage\":{\"@id\":\"https:\\\/\\\/amec.es\\\/ca\\\/actualitat\\\/amec-i-seat-col%c2%b7laboren-per-treballar-en-el-desenvolupament-del-perte-del-vehicle-electric\\\/\"},\"wordCount\":499,\"commentCount\":0,\"publisher\":{\"@id\":\"https:\\\/\\\/amec.es\\\/#organization\"},\"image\":{\"@id\":\"https:\\\/\\\/amec.es\\\/ca\\\/actualitat\\\/amec-i-seat-col%c2%b7laboren-per-treballar-en-el-desenvolupament-del-perte-del-vehicle-electric\\\/#primaryimage\"},\"thumbnailUrl\":\"https:\\\/\\\/amec.es\\\/wp-content\\\/uploads\\\/2023\\\/08\\\/firagcn.jpg\",\"articleSection\":[\"Actualitat\"],\"inLanguage\":\"ca\",\"potentialAction\":[{\"@type\":\"CommentAction\",\"name\":\"Comment\",\"target\":[\"https:\\\/\\\/amec.es\\\/ca\\\/actualitat\\\/amec-i-seat-col%c2%b7laboren-per-treballar-en-el-desenvolupament-del-perte-del-vehicle-electric\\\/#respond\"]}]},{\"@type\":\"WebPage\",\"@id\":\"https:\\\/\\\/amec.es\\\/ca\\\/actualitat\\\/amec-i-seat-col%c2%b7laboren-per-treballar-en-el-desenvolupament-del-perte-del-vehicle-electric\\\/\",\"url\":\"https:\\\/\\\/amec.es\\\/ca\\\/actualitat\\\/amec-i-seat-col%c2%b7laboren-per-treballar-en-el-desenvolupament-del-perte-del-vehicle-electric\\\/\",\"name\":\"amec i Seat col\u00b7laboren per treballar en el desenvolupament del PERTE del vehicle el\u00e8ctric | amec Positive Industry\",\"isPartOf\":{\"@id\":\"https:\\\/\\\/amec.es\\\/#website\"},\"primaryImageOfPage\":{\"@id\":\"https:\\\/\\\/amec.es\\\/ca\\\/actualitat\\\/amec-i-seat-col%c2%b7laboren-per-treballar-en-el-desenvolupament-del-perte-del-vehicle-electric\\\/#primaryimage\"},\"image\":{\"@id\":\"https:\\\/\\\/amec.es\\\/ca\\\/actualitat\\\/amec-i-seat-col%c2%b7laboren-per-treballar-en-el-desenvolupament-del-perte-del-vehicle-electric\\\/#primaryimage\"},\"thumbnailUrl\":\"https:\\\/\\\/amec.es\\\/wp-content\\\/uploads\\\/2023\\\/08\\\/firagcn.jpg\",\"datePublished\":\"2021-11-03T12:50:07+00:00\",\"breadcrumb\":{\"@id\":\"https:\\\/\\\/amec.es\\\/ca\\\/actualitat\\\/amec-i-seat-col%c2%b7laboren-per-treballar-en-el-desenvolupament-del-perte-del-vehicle-electric\\\/#breadcrumb\"},\"inLanguage\":\"ca\",\"potentialAction\":[{\"@type\":\"ReadAction\",\"target\":[\"https:\\\/\\\/amec.es\\\/ca\\\/actualitat\\\/amec-i-seat-col%c2%b7laboren-per-treballar-en-el-desenvolupament-del-perte-del-vehicle-electric\\\/\"]}]},{\"@type\":\"ImageObject\",\"inLanguage\":\"ca\",\"@id\":\"https:\\\/\\\/amec.es\\\/ca\\\/actualitat\\\/amec-i-seat-col%c2%b7laboren-per-treballar-en-el-desenvolupament-del-perte-del-vehicle-electric\\\/#primaryimage\",\"url\":\"https:\\\/\\\/amec.es\\\/wp-content\\\/uploads\\\/2023\\\/08\\\/firagcn.jpg\",\"contentUrl\":\"https:\\\/\\\/amec.es\\\/wp-content\\\/uploads\\\/2023\\\/08\\\/firagcn.jpg\",\"width\":380,\"height\":225},{\"@type\":\"BreadcrumbList\",\"@id\":\"https:\\\/\\\/amec.es\\\/ca\\\/actualitat\\\/amec-i-seat-col%c2%b7laboren-per-treballar-en-el-desenvolupament-del-perte-del-vehicle-electric\\\/#breadcrumb\",\"itemListElement\":[{\"@type\":\"ListItem\",\"position\":1,\"name\":\"Portada\",\"item\":\"https:\\\/\\\/amec.es\\\/ca\\\/home-new\\\/\"},{\"@type\":\"ListItem\",\"position\":2,\"name\":\"amec i Seat col\u00b7laboren per treballar en el desenvolupament del PERTE del vehicle el\u00e8ctric\"}]},{\"@type\":\"WebSite\",\"@id\":\"https:\\\/\\\/amec.es\\\/#website\",\"url\":\"https:\\\/\\\/amec.es\\\/\",\"name\":\"amec Positive Industry\",\"description\":\"\",\"publisher\":{\"@id\":\"https:\\\/\\\/amec.es\\\/#organization\"},\"potentialAction\":[{\"@type\":\"SearchAction\",\"target\":{\"@type\":\"EntryPoint\",\"urlTemplate\":\"https:\\\/\\\/amec.es\\\/?s={search_term_string}\"},\"query-input\":{\"@type\":\"PropertyValueSpecification\",\"valueRequired\":true,\"valueName\":\"search_term_string\"}}],\"inLanguage\":\"ca\"},{\"@type\":\"Organization\",\"@id\":\"https:\\\/\\\/amec.es\\\/#organization\",\"name\":\"amec Positive Industry\",\"url\":\"https:\\\/\\\/amec.es\\\/\",\"logo\":{\"@type\":\"ImageObject\",\"inLanguage\":\"ca\",\"@id\":\"https:\\\/\\\/amec.es\\\/#\\\/schema\\\/logo\\\/image\\\/\",\"url\":\"https:\\\/\\\/amec.es\\\/wp-content\\\/uploads\\\/2023\\\/07\\\/logoamec.png\",\"contentUrl\":\"https:\\\/\\\/amec.es\\\/wp-content\\\/uploads\\\/2023\\\/07\\\/logoamec.png\",\"width\":200,\"height\":48,\"caption\":\"amec Positive Industry\"},\"image\":{\"@id\":\"https:\\\/\\\/amec.es\\\/#\\\/schema\\\/logo\\\/image\\\/\"}},{\"@type\":\"Person\",\"@id\":\"https:\\\/\\\/amec.es\\\/#\\\/schema\\\/person\\\/377e1e145733915506a55297ad2fc830\",\"name\":\"webmaster\",\"image\":{\"@type\":\"ImageObject\",\"inLanguage\":\"ca\",\"@id\":\"https:\\\/\\\/secure.gravatar.com\\\/avatar\\\/1122ff7c82efe2079ddb19cd256fc39ab150caee9b258eeae8928e7f703c39f3?s=96&d=mm&r=g\",\"url\":\"https:\\\/\\\/secure.gravatar.com\\\/avatar\\\/1122ff7c82efe2079ddb19cd256fc39ab150caee9b258eeae8928e7f703c39f3?s=96&d=mm&r=g\",\"contentUrl\":\"https:\\\/\\\/secure.gravatar.com\\\/avatar\\\/1122ff7c82efe2079ddb19cd256fc39ab150caee9b258eeae8928e7f703c39f3?s=96&d=mm&r=g\",\"caption\":\"webmaster\"}}]}<\/script>\n<!-- \/ Yoast SEO plugin. -->","yoast_head_json":{"title":"amec i Seat col\u00b7laboren per treballar en el desenvolupament del PERTE del vehicle el\u00e8ctric | amec Positive Industry","robots":{"index":"index","follow":"follow","max-snippet":"max-snippet:-1","max-image-preview":"max-image-preview:large","max-video-preview":"max-video-preview:-1"},"canonical":"https:\/\/amec.es\/ca\/actualitat\/amec-i-seat-col\u00b7laboren-per-treballar-en-el-desenvolupament-del-perte-del-vehicle-electric\/","og_locale":"ca_ES","og_type":"article","og_title":"amec i Seat col\u00b7laboren per treballar en el desenvolupament del PERTE del vehicle el\u00e8ctric | amec Positive Industry","og_description":"amec\u00a0treballa perqu\u00e8 les empreses membres de la nostra comunitat participin al\u00a0PERTE del vehicle el\u00e8ctric i connectat\u00a0que ha aprovat el Govern Espanyol i que lidera SEAT. Els PERTE s\u00f3n els Projectes Estrat\u00e8gics per a la Recuperaci\u00f3 i Transformaci\u00f3 Econ\u00f2mica, que compten amb el finan\u00e7ament dels Fons Europeus Next Generation. El PERTE de vehicle el\u00e8ctric \u00e9s l&#8217;\u00fanic [&hellip;]","og_url":"https:\/\/amec.es\/ca\/actualitat\/amec-i-seat-col\u00b7laboren-per-treballar-en-el-desenvolupament-del-perte-del-vehicle-electric\/","og_site_name":"amec Positive Industry","article_published_time":"2021-11-03T12:50:07+00:00","og_image":[{"width":380,"height":225,"url":"https:\/\/amec.es\/wp-content\/uploads\/2023\/08\/firagcn.jpg","type":"image\/jpeg"}],"author":"webmaster","twitter_card":"summary_large_image","twitter_misc":{"Escrit per":"webmaster","Temps estimat de lectura":"2 minuts"},"schema":{"@context":"https:\/\/schema.org","@graph":[{"@type":"Article","@id":"https:\/\/amec.es\/ca\/actualitat\/amec-i-seat-col%c2%b7laboren-per-treballar-en-el-desenvolupament-del-perte-del-vehicle-electric\/#article","isPartOf":{"@id":"https:\/\/amec.es\/ca\/actualitat\/amec-i-seat-col%c2%b7laboren-per-treballar-en-el-desenvolupament-del-perte-del-vehicle-electric\/"},"author":{"name":"webmaster","@id":"https:\/\/amec.es\/#\/schema\/person\/377e1e145733915506a55297ad2fc830"},"headline":"amec i Seat col\u00b7laboren per treballar en el desenvolupament del PERTE del vehicle el\u00e8ctric","datePublished":"2021-11-03T12:50:07+00:00","mainEntityOfPage":{"@id":"https:\/\/amec.es\/ca\/actualitat\/amec-i-seat-col%c2%b7laboren-per-treballar-en-el-desenvolupament-del-perte-del-vehicle-electric\/"},"wordCount":499,"commentCount":0,"publisher":{"@id":"https:\/\/amec.es\/#organization"},"image":{"@id":"https:\/\/amec.es\/ca\/actualitat\/amec-i-seat-col%c2%b7laboren-per-treballar-en-el-desenvolupament-del-perte-del-vehicle-electric\/#primaryimage"},"thumbnailUrl":"https:\/\/amec.es\/wp-content\/uploads\/2023\/08\/firagcn.jpg","articleSection":["Actualitat"],"inLanguage":"ca","potentialAction":[{"@type":"CommentAction","name":"Comment","target":["https:\/\/amec.es\/ca\/actualitat\/amec-i-seat-col%c2%b7laboren-per-treballar-en-el-desenvolupament-del-perte-del-vehicle-electric\/#respond"]}]},{"@type":"WebPage","@id":"https:\/\/amec.es\/ca\/actualitat\/amec-i-seat-col%c2%b7laboren-per-treballar-en-el-desenvolupament-del-perte-del-vehicle-electric\/","url":"https:\/\/amec.es\/ca\/actualitat\/amec-i-seat-col%c2%b7laboren-per-treballar-en-el-desenvolupament-del-perte-del-vehicle-electric\/","name":"amec i Seat col\u00b7laboren per treballar en el desenvolupament del PERTE del vehicle el\u00e8ctric | amec Positive Industry","isPartOf":{"@id":"https:\/\/amec.es\/#website"},"primaryImageOfPage":{"@id":"https:\/\/amec.es\/ca\/actualitat\/amec-i-seat-col%c2%b7laboren-per-treballar-en-el-desenvolupament-del-perte-del-vehicle-electric\/#primaryimage"},"image":{"@id":"https:\/\/amec.es\/ca\/actualitat\/amec-i-seat-col%c2%b7laboren-per-treballar-en-el-desenvolupament-del-perte-del-vehicle-electric\/#primaryimage"},"thumbnailUrl":"https:\/\/amec.es\/wp-content\/uploads\/2023\/08\/firagcn.jpg","datePublished":"2021-11-03T12:50:07+00:00","breadcrumb":{"@id":"https:\/\/amec.es\/ca\/actualitat\/amec-i-seat-col%c2%b7laboren-per-treballar-en-el-desenvolupament-del-perte-del-vehicle-electric\/#breadcrumb"},"inLanguage":"ca","potentialAction":[{"@type":"ReadAction","target":["https:\/\/amec.es\/ca\/actualitat\/amec-i-seat-col%c2%b7laboren-per-treballar-en-el-desenvolupament-del-perte-del-vehicle-electric\/"]}]},{"@type":"ImageObject","inLanguage":"ca","@id":"https:\/\/amec.es\/ca\/actualitat\/amec-i-seat-col%c2%b7laboren-per-treballar-en-el-desenvolupament-del-perte-del-vehicle-electric\/#primaryimage","url":"https:\/\/amec.es\/wp-content\/uploads\/2023\/08\/firagcn.jpg","contentUrl":"https:\/\/amec.es\/wp-content\/uploads\/2023\/08\/firagcn.jpg","width":380,"height":225},{"@type":"BreadcrumbList","@id":"https:\/\/amec.es\/ca\/actualitat\/amec-i-seat-col%c2%b7laboren-per-treballar-en-el-desenvolupament-del-perte-del-vehicle-electric\/#breadcrumb","itemListElement":[{"@type":"ListItem","position":1,"name":"Portada","item":"https:\/\/amec.es\/ca\/home-new\/"},{"@type":"ListItem","position":2,"name":"amec i Seat col\u00b7laboren per treballar en el desenvolupament del PERTE del vehicle el\u00e8ctric"}]},{"@type":"WebSite","@id":"https:\/\/amec.es\/#website","url":"https:\/\/amec.es\/","name":"amec Positive Industry","description":"","publisher":{"@id":"https:\/\/amec.es\/#organization"},"potentialAction":[{"@type":"SearchAction","target":{"@type":"EntryPoint","urlTemplate":"https:\/\/amec.es\/?s={search_term_string}"},"query-input":{"@type":"PropertyValueSpecification","valueRequired":true,"valueName":"search_term_string"}}],"inLanguage":"ca"},{"@type":"Organization","@id":"https:\/\/amec.es\/#organization","name":"amec Positive Industry","url":"https:\/\/amec.es\/","logo":{"@type":"ImageObject","inLanguage":"ca","@id":"https:\/\/amec.es\/#\/schema\/logo\/image\/","url":"https:\/\/amec.es\/wp-content\/uploads\/2023\/07\/logoamec.png","contentUrl":"https:\/\/amec.es\/wp-content\/uploads\/2023\/07\/logoamec.png","width":200,"height":48,"caption":"amec Positive Industry"},"image":{"@id":"https:\/\/amec.es\/#\/schema\/logo\/image\/"}},{"@type":"Person","@id":"https:\/\/amec.es\/#\/schema\/person\/377e1e145733915506a55297ad2fc830","name":"webmaster","image":{"@type":"ImageObject","inLanguage":"ca","@id":"https:\/\/secure.gravatar.com\/avatar\/1122ff7c82efe2079ddb19cd256fc39ab150caee9b258eeae8928e7f703c39f3?s=96&d=mm&r=g","url":"https:\/\/secure.gravatar.com\/avatar\/1122ff7c82efe2079ddb19cd256fc39ab150caee9b258eeae8928e7f703c39f3?s=96&d=mm&r=g","contentUrl":"https:\/\/secure.gravatar.com\/avatar\/1122ff7c82efe2079ddb19cd256fc39ab150caee9b258eeae8928e7f703c39f3?s=96&d=mm&r=g","caption":"webmaster"}}]}},"_links":{"self":[{"href":"https:\/\/amec.es\/ca\/wp-json\/wp\/v2\/posts\/6557","targetHints":{"allow":["GET"]}}],"collection":[{"href":"https:\/\/amec.es\/ca\/wp-json\/wp\/v2\/posts"}],"about":[{"href":"https:\/\/amec.es\/ca\/wp-json\/wp\/v2\/types\/post"}],"author":[{"embeddable":true,"href":"https:\/\/amec.es\/ca\/wp-json\/wp\/v2\/users\/1"}],"replies":[{"embeddable":true,"href":"https:\/\/amec.es\/ca\/wp-json\/wp\/v2\/comments?post=6557"}],"version-history":[{"count":0,"href":"https:\/\/amec.es\/ca\/wp-json\/wp\/v2\/posts\/6557\/revisions"}],"wp:featuredmedia":[{"embeddable":true,"href":"https:\/\/amec.es\/ca\/wp-json\/wp\/v2\/media\/5065"}],"wp:attachment":[{"href":"https:\/\/amec.es\/ca\/wp-json\/wp\/v2\/media?parent=6557"}],"wp:term":[{"taxonomy":"category","embeddable":true,"href":"https:\/\/amec.es\/ca\/wp-json\/wp\/v2\/categories?post=6557"},{"taxonomy":"post_tag","embeddable":true,"href":"https:\/\/amec.es\/ca\/wp-json\/wp\/v2\/tags?post=6557"}],"curies":[{"name":"wp","href":"https:\/\/api.w.org\/{rel}","templated":true}]}}