{"id":6561,"date":"2021-10-20T07:08:41","date_gmt":"2021-10-20T07:08:41","guid":{"rendered":"https:\/\/wecreatedesign.co\/dev\/WP\/amec\/?p=5595"},"modified":"2021-10-20T07:08:41","modified_gmt":"2021-10-20T07:08:41","slug":"tracant-un-pla-per-al-futur","status":"publish","type":"post","link":"https:\/\/amec.es\/ca\/articles-dexperts\/tracant-un-pla-per-al-futur\/","title":{"rendered":"Tra\u00e7ant un pla per al futur"},"content":{"rendered":"<p>Les ciutats s\u00f3n la llar de la humanitat. Una declaraci\u00f3 tan auda\u00e7 probablement s&#8217;hauria contradit fa nom\u00e9s dues d\u00e8cades, per\u00f2 avui el m\u00f3n \u00e9s inq\u00fcestionablement urb\u00e0. Els fets s\u00f3n simplement reveladors: el\u00a0<strong>55% de la poblaci\u00f3 mundial viu en \u00e0rees urbanes<\/strong>\u00a0i d&#8217;acord amb m\u00faltiples fonts s&#8217;estima que aquestes xifres seguiran creixent en els propers 15 a 30 anys.<\/p>\n<p>&nbsp;<\/p>\n<p>En tot cas, les ciutats s\u00f3n ep\u00edtomes de complexitat. Densament poblades, alberguen una mir\u00edada de xarxes i infraestructures en molts nivells, i s\u00f3n testimoni de l&#8217;incessant dinamisme de la societat. Aix\u00f2 tamb\u00e9 els converteix en ecosistemes implacables en constant necessitat de suport.\u00a0<strong>Assolir el perfecte equilibri entre la imparable urbanitzaci\u00f3 del planeta i la distribuci\u00f3 assenyada dels recursos s&#8217;ha convertit en un dels grans reptes de la nostra generaci\u00f3, si no el principal.<\/strong><\/p>\n<p>&nbsp;<\/p>\n<p>Les ciutats intel\u00b7ligents s\u00f3n una aproximaci\u00f3 a aquesta equaci\u00f3. A l&#8217;inici, el terme significava coses molt diferents amb enfocaments diversos centrats en elements com la tecnologia, la sostenibilitat, l&#8217;urbanisme i l&#8217;arquitectura, i la pol\u00edtica. Fa 10 anys,\u00a0<strong><a href=\"https:\/\/www.smartcityexpo.com\/\" target=\"_blank\" rel=\"noopener\">Smart City Expo World Congress<\/a><\/strong>\u00a0va n\u00e9ixer com el primer esdeveniment internacional que promovia el que llavors era una idea radicalment nova: integrar tots els enfocaments existents i donar forma a un nou est\u00e0ndard.<\/p>\n<p>&nbsp;<\/p>\n<p>Des de llavors, l&#8217;esdeveniment ha estat testimoni de diferents canvis de tend\u00e8ncies, des de ciutats hipertecnol\u00f3gicas fins\u00a0<strong>metr\u00f2polis centrades en l&#8217;\u00e9sser hum\u00e0,<\/strong>\u00a0des d&#8217;una gesti\u00f3 municipal obsessionada per l&#8217;efici\u00e8ncia fins pol\u00edtiques col\u00b7laboratives i, sobretot, en un\u00a0<strong>far del que ha de venir<\/strong>\u00a0. En aquest sentit, la pand\u00e8mia segurament ha rebaixat la urg\u00e8ncia d&#8217;algunes millores i el r\u00e0pid desplegament de determinades tecnologies. En els propers anys, veurem un augment en l&#8217;\u00fas de serveis p\u00fablics contactless, la intel\u00b7lig\u00e8ncia artificial (IA) irrompent profundament en el teixit de les nostres ciutats i fins i tot la congesti\u00f3 de tr\u00e0nsit frenada per nous esquemes de teletreball.<\/p>\n<p>&nbsp;<\/p>\n<p>Exemples recents demostren com algunes solucions no nom\u00e9s combinen de manera eficient algunes d&#8217;aquestes tecnologies, sin\u00f3 que tamb\u00e9 permeten remodelar el funcionament de les ciutats i\u00a0<strong>poden ajudar els ciutadans a adoptar h\u00e0bits m\u00e9s sostenibles.<\/strong>\u00a0L&#8217;any passat, Transport for Greater Manchester va llan\u00e7ar els primers encreuaments controlats per IA on c\u00e0meres i sensors identifiquen diferents tipus d&#8217;usuaris i regulen els senyals de tr\u00e0nsit. El benefici immediat \u00e9s la reducci\u00f3 de l&#8217;tr\u00e0nsit, per\u00f2 en el futur permetr\u00e0 als gestors municipals prioritzar alguns modes de transport sobre altres, ajudant a remodelar el paisatge d&#8217;una ciutat fomentant maneres de viatge actius, com anar en bicicleta i caminar, reduint de pas les emissions.<\/p>\n<p>&nbsp;<\/p>\n<p>Les ciutats no s\u00f3n nom\u00e9s l&#8217;escenari de les nostres vides, tamb\u00e9 s\u00f3n una expressi\u00f3 dels seus ciutadans, qui s\u00f3n i qui volen ser. A l&#8217;implementar certs serveis i solucions, estem aplanant el cam\u00ed per a un dem\u00e0 millor, tra\u00e7ant el pla per al futur. De l&#8217;16 a l&#8217;18 de novembre, Smart City Expo World Congress celebrar\u00e0 el seu des\u00e8 aniversari i ho far\u00e0 enfortint el seu paper com a plataforma mundial per a l&#8217;intercanvi de coneixement. No nom\u00e9s reunir\u00e0 els principals pensadors, empreses i institucions de l&#8217;ecosistema d&#8217;innovaci\u00f3 urbana, sin\u00f3 que ampliar\u00e0 la seva abast albergant dos nous esdeveniments: Tomorrow.Mobility i PUZZLE X. El primer, centrat en l&#8217;adopci\u00f3 de nous models de mobilitat urbana sostenible, i el segon centrat en l&#8217;\u00fas dels anomenats materials Deep Tech per construir un futur millor i m\u00e9s sostenible. Junts intentarem reunir les eines que necessitem per remodelar les nostres ciutats. Perqu\u00e8 tots volem un futur millor per a les generacions futures i les ciutats seran el camp de batalla final.\u00a0<strong>Les ciutats seran la clau i som les ciutats que fem.<\/strong><\/p>\n<p>&nbsp;<\/p>\n<p><img decoding=\"async\" src=\"http:\/\/wecreatedesign.co\/dev\/WP\/amec\/wp-content\/uploads\/2023\/03\/ugo-valenti-1-redim-w200-h133.jpg\" alt=\"Ugo_Valenti_1.JPG\" width=\"200\" height=\"133\" \/><\/p>\n","protected":false},"excerpt":{"rendered":"<p>Les ciutats s\u00f3n la llar de la humanitat. Una declaraci\u00f3 tan auda\u00e7 probablement s&#8217;hauria contradit fa nom\u00e9s dues d\u00e8cades, per\u00f2 avui el m\u00f3n \u00e9s inq\u00fcestionablement urb\u00e0. Els fets s\u00f3n simplement reveladors: el 55% de la poblaci\u00f3 mundial viu en&#8230;<\/p>\n","protected":false},"author":1,"featured_media":0,"comment_status":"open","ping_status":"open","sticky":false,"template":"","format":"standard","meta":{"inline_featured_image":false,"footnotes":""},"categories":[29],"tags":[],"class_list":["post-6561","post","type-post","status-publish","format-standard","hentry","category-articles-dexperts"],"yoast_head":"<!-- This site is optimized with the Yoast SEO plugin v27.3 - https:\/\/yoast.com\/product\/yoast-seo-wordpress\/ -->\n<title>Tra\u00e7ant un pla per al futur | amec Positive Industry<\/title>\n<meta name=\"robots\" content=\"index, follow, max-snippet:-1, max-image-preview:large, max-video-preview:-1\" \/>\n<link rel=\"canonical\" href=\"https:\/\/amec.es\/ca\/articles-dexperts\/tracant-un-pla-per-al-futur\/\" \/>\n<meta property=\"og:locale\" content=\"ca_ES\" \/>\n<meta property=\"og:type\" content=\"article\" \/>\n<meta property=\"og:title\" content=\"Tra\u00e7ant un pla per al futur | amec Positive Industry\" \/>\n<meta property=\"og:description\" content=\"Les ciutats s\u00f3n la llar de la humanitat. Una declaraci\u00f3 tan auda\u00e7 probablement s&#039;hauria contradit fa nom\u00e9s dues d\u00e8cades, per\u00f2 avui el m\u00f3n \u00e9s inq\u00fcestionablement urb\u00e0. Els fets s\u00f3n simplement reveladors: el 55% de la poblaci\u00f3 mundial viu en...\" \/>\n<meta property=\"og:url\" content=\"https:\/\/amec.es\/ca\/articles-dexperts\/tracant-un-pla-per-al-futur\/\" \/>\n<meta property=\"og:site_name\" content=\"amec Positive Industry\" \/>\n<meta property=\"article:published_time\" content=\"2021-10-20T07:08:41+00:00\" \/>\n<meta property=\"og:image\" content=\"http:\/\/wecreatedesign.co\/dev\/WP\/amec\/wp-content\/uploads\/2023\/03\/ugo-valenti-1-redim-w200-h133.jpg\" \/>\n<meta name=\"author\" content=\"webmaster\" \/>\n<meta name=\"twitter:card\" content=\"summary_large_image\" \/>\n<meta name=\"twitter:label1\" content=\"Escrit per\" \/>\n\t<meta name=\"twitter:data1\" content=\"webmaster\" \/>\n\t<meta name=\"twitter:label2\" content=\"Temps estimat de lectura\" \/>\n\t<meta name=\"twitter:data2\" content=\"3 minuts\" \/>\n<script type=\"application\/ld+json\" class=\"yoast-schema-graph\">{\"@context\":\"https:\\\/\\\/schema.org\",\"@graph\":[{\"@type\":\"Article\",\"@id\":\"https:\\\/\\\/amec.es\\\/ca\\\/articles-dexperts\\\/tracant-un-pla-per-al-futur\\\/#article\",\"isPartOf\":{\"@id\":\"https:\\\/\\\/amec.es\\\/ca\\\/articles-dexperts\\\/tracant-un-pla-per-al-futur\\\/\"},\"author\":{\"name\":\"webmaster\",\"@id\":\"https:\\\/\\\/amec.es\\\/#\\\/schema\\\/person\\\/377e1e145733915506a55297ad2fc830\"},\"headline\":\"Tra\u00e7ant un pla per al futur\",\"datePublished\":\"2021-10-20T07:08:41+00:00\",\"mainEntityOfPage\":{\"@id\":\"https:\\\/\\\/amec.es\\\/ca\\\/articles-dexperts\\\/tracant-un-pla-per-al-futur\\\/\"},\"wordCount\":669,\"commentCount\":0,\"publisher\":{\"@id\":\"https:\\\/\\\/amec.es\\\/#organization\"},\"image\":{\"@id\":\"https:\\\/\\\/amec.es\\\/ca\\\/articles-dexperts\\\/tracant-un-pla-per-al-futur\\\/#primaryimage\"},\"thumbnailUrl\":\"http:\\\/\\\/wecreatedesign.co\\\/dev\\\/WP\\\/amec\\\/wp-content\\\/uploads\\\/2023\\\/03\\\/ugo-valenti-1-redim-w200-h133.jpg\",\"articleSection\":[\"Articles d'experts\"],\"inLanguage\":\"ca\",\"potentialAction\":[{\"@type\":\"CommentAction\",\"name\":\"Comment\",\"target\":[\"https:\\\/\\\/amec.es\\\/ca\\\/articles-dexperts\\\/tracant-un-pla-per-al-futur\\\/#respond\"]}]},{\"@type\":\"WebPage\",\"@id\":\"https:\\\/\\\/amec.es\\\/ca\\\/articles-dexperts\\\/tracant-un-pla-per-al-futur\\\/\",\"url\":\"https:\\\/\\\/amec.es\\\/ca\\\/articles-dexperts\\\/tracant-un-pla-per-al-futur\\\/\",\"name\":\"Tra\u00e7ant un pla per al futur | amec Positive Industry\",\"isPartOf\":{\"@id\":\"https:\\\/\\\/amec.es\\\/#website\"},\"primaryImageOfPage\":{\"@id\":\"https:\\\/\\\/amec.es\\\/ca\\\/articles-dexperts\\\/tracant-un-pla-per-al-futur\\\/#primaryimage\"},\"image\":{\"@id\":\"https:\\\/\\\/amec.es\\\/ca\\\/articles-dexperts\\\/tracant-un-pla-per-al-futur\\\/#primaryimage\"},\"thumbnailUrl\":\"http:\\\/\\\/wecreatedesign.co\\\/dev\\\/WP\\\/amec\\\/wp-content\\\/uploads\\\/2023\\\/03\\\/ugo-valenti-1-redim-w200-h133.jpg\",\"datePublished\":\"2021-10-20T07:08:41+00:00\",\"breadcrumb\":{\"@id\":\"https:\\\/\\\/amec.es\\\/ca\\\/articles-dexperts\\\/tracant-un-pla-per-al-futur\\\/#breadcrumb\"},\"inLanguage\":\"ca\",\"potentialAction\":[{\"@type\":\"ReadAction\",\"target\":[\"https:\\\/\\\/amec.es\\\/ca\\\/articles-dexperts\\\/tracant-un-pla-per-al-futur\\\/\"]}]},{\"@type\":\"ImageObject\",\"inLanguage\":\"ca\",\"@id\":\"https:\\\/\\\/amec.es\\\/ca\\\/articles-dexperts\\\/tracant-un-pla-per-al-futur\\\/#primaryimage\",\"url\":\"http:\\\/\\\/wecreatedesign.co\\\/dev\\\/WP\\\/amec\\\/wp-content\\\/uploads\\\/2023\\\/03\\\/ugo-valenti-1-redim-w200-h133.jpg\",\"contentUrl\":\"http:\\\/\\\/wecreatedesign.co\\\/dev\\\/WP\\\/amec\\\/wp-content\\\/uploads\\\/2023\\\/03\\\/ugo-valenti-1-redim-w200-h133.jpg\"},{\"@type\":\"BreadcrumbList\",\"@id\":\"https:\\\/\\\/amec.es\\\/ca\\\/articles-dexperts\\\/tracant-un-pla-per-al-futur\\\/#breadcrumb\",\"itemListElement\":[{\"@type\":\"ListItem\",\"position\":1,\"name\":\"Portada\",\"item\":\"https:\\\/\\\/amec.es\\\/ca\\\/home-new\\\/\"},{\"@type\":\"ListItem\",\"position\":2,\"name\":\"Tra\u00e7ant un pla per al futur\"}]},{\"@type\":\"WebSite\",\"@id\":\"https:\\\/\\\/amec.es\\\/#website\",\"url\":\"https:\\\/\\\/amec.es\\\/\",\"name\":\"amec Positive Industry\",\"description\":\"\",\"publisher\":{\"@id\":\"https:\\\/\\\/amec.es\\\/#organization\"},\"potentialAction\":[{\"@type\":\"SearchAction\",\"target\":{\"@type\":\"EntryPoint\",\"urlTemplate\":\"https:\\\/\\\/amec.es\\\/?s={search_term_string}\"},\"query-input\":{\"@type\":\"PropertyValueSpecification\",\"valueRequired\":true,\"valueName\":\"search_term_string\"}}],\"inLanguage\":\"ca\"},{\"@type\":\"Organization\",\"@id\":\"https:\\\/\\\/amec.es\\\/#organization\",\"name\":\"amec Positive Industry\",\"url\":\"https:\\\/\\\/amec.es\\\/\",\"logo\":{\"@type\":\"ImageObject\",\"inLanguage\":\"ca\",\"@id\":\"https:\\\/\\\/amec.es\\\/#\\\/schema\\\/logo\\\/image\\\/\",\"url\":\"https:\\\/\\\/amec.es\\\/wp-content\\\/uploads\\\/2023\\\/07\\\/logoamec.png\",\"contentUrl\":\"https:\\\/\\\/amec.es\\\/wp-content\\\/uploads\\\/2023\\\/07\\\/logoamec.png\",\"width\":200,\"height\":48,\"caption\":\"amec Positive Industry\"},\"image\":{\"@id\":\"https:\\\/\\\/amec.es\\\/#\\\/schema\\\/logo\\\/image\\\/\"}},{\"@type\":\"Person\",\"@id\":\"https:\\\/\\\/amec.es\\\/#\\\/schema\\\/person\\\/377e1e145733915506a55297ad2fc830\",\"name\":\"webmaster\",\"image\":{\"@type\":\"ImageObject\",\"inLanguage\":\"ca\",\"@id\":\"https:\\\/\\\/secure.gravatar.com\\\/avatar\\\/1122ff7c82efe2079ddb19cd256fc39ab150caee9b258eeae8928e7f703c39f3?s=96&d=mm&r=g\",\"url\":\"https:\\\/\\\/secure.gravatar.com\\\/avatar\\\/1122ff7c82efe2079ddb19cd256fc39ab150caee9b258eeae8928e7f703c39f3?s=96&d=mm&r=g\",\"contentUrl\":\"https:\\\/\\\/secure.gravatar.com\\\/avatar\\\/1122ff7c82efe2079ddb19cd256fc39ab150caee9b258eeae8928e7f703c39f3?s=96&d=mm&r=g\",\"caption\":\"webmaster\"}}]}<\/script>\n<!-- \/ Yoast SEO plugin. -->","yoast_head_json":{"title":"Tra\u00e7ant un pla per al futur | amec Positive Industry","robots":{"index":"index","follow":"follow","max-snippet":"max-snippet:-1","max-image-preview":"max-image-preview:large","max-video-preview":"max-video-preview:-1"},"canonical":"https:\/\/amec.es\/ca\/articles-dexperts\/tracant-un-pla-per-al-futur\/","og_locale":"ca_ES","og_type":"article","og_title":"Tra\u00e7ant un pla per al futur | amec Positive Industry","og_description":"Les ciutats s\u00f3n la llar de la humanitat. Una declaraci\u00f3 tan auda\u00e7 probablement s'hauria contradit fa nom\u00e9s dues d\u00e8cades, per\u00f2 avui el m\u00f3n \u00e9s inq\u00fcestionablement urb\u00e0. Els fets s\u00f3n simplement reveladors: el 55% de la poblaci\u00f3 mundial viu en...","og_url":"https:\/\/amec.es\/ca\/articles-dexperts\/tracant-un-pla-per-al-futur\/","og_site_name":"amec Positive Industry","article_published_time":"2021-10-20T07:08:41+00:00","og_image":[{"url":"http:\/\/wecreatedesign.co\/dev\/WP\/amec\/wp-content\/uploads\/2023\/03\/ugo-valenti-1-redim-w200-h133.jpg","type":"","width":"","height":""}],"author":"webmaster","twitter_card":"summary_large_image","twitter_misc":{"Escrit per":"webmaster","Temps estimat de lectura":"3 minuts"},"schema":{"@context":"https:\/\/schema.org","@graph":[{"@type":"Article","@id":"https:\/\/amec.es\/ca\/articles-dexperts\/tracant-un-pla-per-al-futur\/#article","isPartOf":{"@id":"https:\/\/amec.es\/ca\/articles-dexperts\/tracant-un-pla-per-al-futur\/"},"author":{"name":"webmaster","@id":"https:\/\/amec.es\/#\/schema\/person\/377e1e145733915506a55297ad2fc830"},"headline":"Tra\u00e7ant un pla per al futur","datePublished":"2021-10-20T07:08:41+00:00","mainEntityOfPage":{"@id":"https:\/\/amec.es\/ca\/articles-dexperts\/tracant-un-pla-per-al-futur\/"},"wordCount":669,"commentCount":0,"publisher":{"@id":"https:\/\/amec.es\/#organization"},"image":{"@id":"https:\/\/amec.es\/ca\/articles-dexperts\/tracant-un-pla-per-al-futur\/#primaryimage"},"thumbnailUrl":"http:\/\/wecreatedesign.co\/dev\/WP\/amec\/wp-content\/uploads\/2023\/03\/ugo-valenti-1-redim-w200-h133.jpg","articleSection":["Articles d'experts"],"inLanguage":"ca","potentialAction":[{"@type":"CommentAction","name":"Comment","target":["https:\/\/amec.es\/ca\/articles-dexperts\/tracant-un-pla-per-al-futur\/#respond"]}]},{"@type":"WebPage","@id":"https:\/\/amec.es\/ca\/articles-dexperts\/tracant-un-pla-per-al-futur\/","url":"https:\/\/amec.es\/ca\/articles-dexperts\/tracant-un-pla-per-al-futur\/","name":"Tra\u00e7ant un pla per al futur | amec Positive Industry","isPartOf":{"@id":"https:\/\/amec.es\/#website"},"primaryImageOfPage":{"@id":"https:\/\/amec.es\/ca\/articles-dexperts\/tracant-un-pla-per-al-futur\/#primaryimage"},"image":{"@id":"https:\/\/amec.es\/ca\/articles-dexperts\/tracant-un-pla-per-al-futur\/#primaryimage"},"thumbnailUrl":"http:\/\/wecreatedesign.co\/dev\/WP\/amec\/wp-content\/uploads\/2023\/03\/ugo-valenti-1-redim-w200-h133.jpg","datePublished":"2021-10-20T07:08:41+00:00","breadcrumb":{"@id":"https:\/\/amec.es\/ca\/articles-dexperts\/tracant-un-pla-per-al-futur\/#breadcrumb"},"inLanguage":"ca","potentialAction":[{"@type":"ReadAction","target":["https:\/\/amec.es\/ca\/articles-dexperts\/tracant-un-pla-per-al-futur\/"]}]},{"@type":"ImageObject","inLanguage":"ca","@id":"https:\/\/amec.es\/ca\/articles-dexperts\/tracant-un-pla-per-al-futur\/#primaryimage","url":"http:\/\/wecreatedesign.co\/dev\/WP\/amec\/wp-content\/uploads\/2023\/03\/ugo-valenti-1-redim-w200-h133.jpg","contentUrl":"http:\/\/wecreatedesign.co\/dev\/WP\/amec\/wp-content\/uploads\/2023\/03\/ugo-valenti-1-redim-w200-h133.jpg"},{"@type":"BreadcrumbList","@id":"https:\/\/amec.es\/ca\/articles-dexperts\/tracant-un-pla-per-al-futur\/#breadcrumb","itemListElement":[{"@type":"ListItem","position":1,"name":"Portada","item":"https:\/\/amec.es\/ca\/home-new\/"},{"@type":"ListItem","position":2,"name":"Tra\u00e7ant un pla per al futur"}]},{"@type":"WebSite","@id":"https:\/\/amec.es\/#website","url":"https:\/\/amec.es\/","name":"amec Positive Industry","description":"","publisher":{"@id":"https:\/\/amec.es\/#organization"},"potentialAction":[{"@type":"SearchAction","target":{"@type":"EntryPoint","urlTemplate":"https:\/\/amec.es\/?s={search_term_string}"},"query-input":{"@type":"PropertyValueSpecification","valueRequired":true,"valueName":"search_term_string"}}],"inLanguage":"ca"},{"@type":"Organization","@id":"https:\/\/amec.es\/#organization","name":"amec Positive Industry","url":"https:\/\/amec.es\/","logo":{"@type":"ImageObject","inLanguage":"ca","@id":"https:\/\/amec.es\/#\/schema\/logo\/image\/","url":"https:\/\/amec.es\/wp-content\/uploads\/2023\/07\/logoamec.png","contentUrl":"https:\/\/amec.es\/wp-content\/uploads\/2023\/07\/logoamec.png","width":200,"height":48,"caption":"amec Positive Industry"},"image":{"@id":"https:\/\/amec.es\/#\/schema\/logo\/image\/"}},{"@type":"Person","@id":"https:\/\/amec.es\/#\/schema\/person\/377e1e145733915506a55297ad2fc830","name":"webmaster","image":{"@type":"ImageObject","inLanguage":"ca","@id":"https:\/\/secure.gravatar.com\/avatar\/1122ff7c82efe2079ddb19cd256fc39ab150caee9b258eeae8928e7f703c39f3?s=96&d=mm&r=g","url":"https:\/\/secure.gravatar.com\/avatar\/1122ff7c82efe2079ddb19cd256fc39ab150caee9b258eeae8928e7f703c39f3?s=96&d=mm&r=g","contentUrl":"https:\/\/secure.gravatar.com\/avatar\/1122ff7c82efe2079ddb19cd256fc39ab150caee9b258eeae8928e7f703c39f3?s=96&d=mm&r=g","caption":"webmaster"}}]}},"_links":{"self":[{"href":"https:\/\/amec.es\/ca\/wp-json\/wp\/v2\/posts\/6561","targetHints":{"allow":["GET"]}}],"collection":[{"href":"https:\/\/amec.es\/ca\/wp-json\/wp\/v2\/posts"}],"about":[{"href":"https:\/\/amec.es\/ca\/wp-json\/wp\/v2\/types\/post"}],"author":[{"embeddable":true,"href":"https:\/\/amec.es\/ca\/wp-json\/wp\/v2\/users\/1"}],"replies":[{"embeddable":true,"href":"https:\/\/amec.es\/ca\/wp-json\/wp\/v2\/comments?post=6561"}],"version-history":[{"count":0,"href":"https:\/\/amec.es\/ca\/wp-json\/wp\/v2\/posts\/6561\/revisions"}],"wp:attachment":[{"href":"https:\/\/amec.es\/ca\/wp-json\/wp\/v2\/media?parent=6561"}],"wp:term":[{"taxonomy":"category","embeddable":true,"href":"https:\/\/amec.es\/ca\/wp-json\/wp\/v2\/categories?post=6561"},{"taxonomy":"post_tag","embeddable":true,"href":"https:\/\/amec.es\/ca\/wp-json\/wp\/v2\/tags?post=6561"}],"curies":[{"name":"wp","href":"https:\/\/api.w.org\/{rel}","templated":true}]}}