{"id":6575,"date":"2021-11-18T04:39:07","date_gmt":"2021-11-18T04:39:07","guid":{"rendered":"https:\/\/wecreatedesign.co\/dev\/WP\/amec\/?p=5202"},"modified":"2021-11-18T04:39:07","modified_gmt":"2021-11-18T04:39:07","slug":"les-empreses-d-amec-obren-mercat-a-lsmart-city-congress","status":"publish","type":"post","link":"https:\/\/amec.es\/ca\/croniques\/les-empreses-d-amec-obren-mercat-a-lsmart-city-congress\/","title":{"rendered":"Les empreses d&#8217; amec obren mercat a l&#8217;Smart City Congress"},"content":{"rendered":"<p>Els membres d&#8217;\u00a0<em><strong>amec<\/strong><\/em>\u00a0s&#8217;han mostrat molt satisfets de la marxa de l&#8217;\u00a0<a href=\"https:\/\/www.smartcityexpo.com\/\" target=\"_blank\" rel=\"noopener\"><strong>Smart City Expo World Congress<\/strong><\/a>\u00a0, que avui tanca les portes a Fira de Barcelona.\u00a0<strong>&#8220;Hi ha hagut molta aflu\u00e8ncia de p\u00fablic, i els visitants s\u00f3n el p\u00fablic target de les nostres empreses&#8221;<\/strong>\u00a0, explica el responsable d&#8217;\u00a0<em><strong>amec urbi<\/strong>\u00a0<strong>s<\/strong><\/em>\u00a0, Aleix Serrallonga. Aquestes visites, que pel fet de ser de gran qualitat brinden bones oportunitats a les empreses expositores, procedeixen del mercat europeu principalment, i en menor mesura d&#8217;Am\u00e8rica Llatina i dels Estats Units.<\/p>\n<p>SCEWC ha tornat el 2021 en format h\u00edbrid, mitjan\u00e7ant una gran \u00e0rea expositiva a Fira de Barcelona i un programa digital paral\u00b7lel transm\u00e8s per\u00a0<strong><a href=\"https:\/\/tomorrow.city\/\/?utm_source=multiplier&amp;utm_medium=supporting&amp;utm_campaign=scewc2021\" target=\"_blank\" rel=\"noopener\">Tomorrow.City<\/a><\/strong>\u00a0, la nova plataforma digital internacional dedicada a la innovaci\u00f3 de les ciutats. SCEWC celebra aix\u00ed el\u00a0<strong>seu des\u00e8 aniversari<\/strong>\u00a0, ampliant la seva influ\u00e8ncia a nivell internacional amb un nou enfocament multiplataforma i una comunitat m\u00e9s \u00e0mplia. Durant tres dies, el \u00e9s\u00a0<strong>el punt de trobada del desenvolupament urb\u00e0 global, connectant a l\u00edders de la ind\u00fastria i dels governs<\/strong>\u00a0.<\/p>\n","protected":false},"excerpt":{"rendered":"<p>Els membres d&#8217;\u00a0amec\u00a0s&#8217;han mostrat molt satisfets de la marxa de l&#8217;\u00a0Smart City Expo World Congress\u00a0, que avui tanca les portes a Fira de Barcelona.\u00a0&#8220;Hi ha hagut molta aflu\u00e8ncia de p\u00fablic, i els visitants s\u00f3n el p\u00fablic target de les nostres empreses&#8221;\u00a0, explica el responsable d&#8217;\u00a0amec urbi\u00a0s\u00a0, Aleix Serrallonga. Aquestes visites, que pel fet de ser [&hellip;]<\/p>\n","protected":false},"author":1,"featured_media":5206,"comment_status":"open","ping_status":"open","sticky":false,"template":"","format":"standard","meta":{"inline_featured_image":false,"footnotes":""},"categories":[30],"tags":[],"class_list":["post-6575","post","type-post","status-publish","format-standard","has-post-thumbnail","hentry","category-croniques"],"yoast_head":"<!-- This site is optimized with the Yoast SEO plugin v27.3 - https:\/\/yoast.com\/product\/yoast-seo-wordpress\/ -->\n<title>Les empreses d&#039; amec obren mercat a l&#039;Smart City Congress | amec Positive Industry<\/title>\n<meta name=\"robots\" content=\"index, follow, max-snippet:-1, max-image-preview:large, max-video-preview:-1\" \/>\n<link rel=\"canonical\" href=\"https:\/\/amec.es\/ca\/croniques\/les-empreses-d-amec-obren-mercat-a-lsmart-city-congress\/\" \/>\n<meta property=\"og:locale\" content=\"ca_ES\" \/>\n<meta property=\"og:type\" content=\"article\" \/>\n<meta property=\"og:title\" content=\"Les empreses d&#039; amec obren mercat a l&#039;Smart City Congress | amec Positive Industry\" \/>\n<meta property=\"og:description\" content=\"Els membres d&#8217;\u00a0amec\u00a0s&#8217;han mostrat molt satisfets de la marxa de l&#8217;\u00a0Smart City Expo World Congress\u00a0, que avui tanca les portes a Fira de Barcelona.\u00a0&#8220;Hi ha hagut molta aflu\u00e8ncia de p\u00fablic, i els visitants s\u00f3n el p\u00fablic target de les nostres empreses&#8221;\u00a0, explica el responsable d&#8217;\u00a0amec urbi\u00a0s\u00a0, Aleix Serrallonga. Aquestes visites, que pel fet de ser [&hellip;]\" \/>\n<meta property=\"og:url\" content=\"https:\/\/amec.es\/ca\/croniques\/les-empreses-d-amec-obren-mercat-a-lsmart-city-congress\/\" \/>\n<meta property=\"og:site_name\" content=\"amec Positive Industry\" \/>\n<meta property=\"article:published_time\" content=\"2021-11-18T04:39:07+00:00\" \/>\n<meta property=\"og:image\" content=\"https:\/\/amec.es\/wp-content\/uploads\/2023\/08\/sabadell-291228-1178x708-redim-enc.jpg\" \/>\n\t<meta property=\"og:image:width\" content=\"1178\" \/>\n\t<meta property=\"og:image:height\" content=\"708\" \/>\n\t<meta property=\"og:image:type\" content=\"image\/jpeg\" \/>\n<meta name=\"author\" content=\"webmaster\" \/>\n<meta name=\"twitter:card\" content=\"summary_large_image\" \/>\n<meta name=\"twitter:label1\" content=\"Escrit per\" \/>\n\t<meta name=\"twitter:data1\" content=\"webmaster\" \/>\n\t<meta name=\"twitter:label2\" content=\"Temps estimat de lectura\" \/>\n\t<meta name=\"twitter:data2\" content=\"1 minut\" \/>\n<script type=\"application\/ld+json\" class=\"yoast-schema-graph\">{\"@context\":\"https:\\\/\\\/schema.org\",\"@graph\":[{\"@type\":\"Article\",\"@id\":\"https:\\\/\\\/amec.es\\\/ca\\\/croniques\\\/les-empreses-d-amec-obren-mercat-a-lsmart-city-congress\\\/#article\",\"isPartOf\":{\"@id\":\"https:\\\/\\\/amec.es\\\/ca\\\/croniques\\\/les-empreses-d-amec-obren-mercat-a-lsmart-city-congress\\\/\"},\"author\":{\"name\":\"webmaster\",\"@id\":\"https:\\\/\\\/amec.es\\\/#\\\/schema\\\/person\\\/377e1e145733915506a55297ad2fc830\"},\"headline\":\"Les empreses d&#8217; amec obren mercat a l&#8217;Smart City Congress\",\"datePublished\":\"2021-11-18T04:39:07+00:00\",\"mainEntityOfPage\":{\"@id\":\"https:\\\/\\\/amec.es\\\/ca\\\/croniques\\\/les-empreses-d-amec-obren-mercat-a-lsmart-city-congress\\\/\"},\"wordCount\":195,\"commentCount\":0,\"publisher\":{\"@id\":\"https:\\\/\\\/amec.es\\\/#organization\"},\"image\":{\"@id\":\"https:\\\/\\\/amec.es\\\/ca\\\/croniques\\\/les-empreses-d-amec-obren-mercat-a-lsmart-city-congress\\\/#primaryimage\"},\"thumbnailUrl\":\"https:\\\/\\\/amec.es\\\/wp-content\\\/uploads\\\/2023\\\/08\\\/sabadell-291228-1178x708-redim-enc.jpg\",\"articleSection\":[\"Cr\u00f2niques\"],\"inLanguage\":\"ca\",\"potentialAction\":[{\"@type\":\"CommentAction\",\"name\":\"Comment\",\"target\":[\"https:\\\/\\\/amec.es\\\/ca\\\/croniques\\\/les-empreses-d-amec-obren-mercat-a-lsmart-city-congress\\\/#respond\"]}]},{\"@type\":\"WebPage\",\"@id\":\"https:\\\/\\\/amec.es\\\/ca\\\/croniques\\\/les-empreses-d-amec-obren-mercat-a-lsmart-city-congress\\\/\",\"url\":\"https:\\\/\\\/amec.es\\\/ca\\\/croniques\\\/les-empreses-d-amec-obren-mercat-a-lsmart-city-congress\\\/\",\"name\":\"Les empreses d' amec obren mercat a l'Smart City Congress | amec Positive Industry\",\"isPartOf\":{\"@id\":\"https:\\\/\\\/amec.es\\\/#website\"},\"primaryImageOfPage\":{\"@id\":\"https:\\\/\\\/amec.es\\\/ca\\\/croniques\\\/les-empreses-d-amec-obren-mercat-a-lsmart-city-congress\\\/#primaryimage\"},\"image\":{\"@id\":\"https:\\\/\\\/amec.es\\\/ca\\\/croniques\\\/les-empreses-d-amec-obren-mercat-a-lsmart-city-congress\\\/#primaryimage\"},\"thumbnailUrl\":\"https:\\\/\\\/amec.es\\\/wp-content\\\/uploads\\\/2023\\\/08\\\/sabadell-291228-1178x708-redim-enc.jpg\",\"datePublished\":\"2021-11-18T04:39:07+00:00\",\"breadcrumb\":{\"@id\":\"https:\\\/\\\/amec.es\\\/ca\\\/croniques\\\/les-empreses-d-amec-obren-mercat-a-lsmart-city-congress\\\/#breadcrumb\"},\"inLanguage\":\"ca\",\"potentialAction\":[{\"@type\":\"ReadAction\",\"target\":[\"https:\\\/\\\/amec.es\\\/ca\\\/croniques\\\/les-empreses-d-amec-obren-mercat-a-lsmart-city-congress\\\/\"]}]},{\"@type\":\"ImageObject\",\"inLanguage\":\"ca\",\"@id\":\"https:\\\/\\\/amec.es\\\/ca\\\/croniques\\\/les-empreses-d-amec-obren-mercat-a-lsmart-city-congress\\\/#primaryimage\",\"url\":\"https:\\\/\\\/amec.es\\\/wp-content\\\/uploads\\\/2023\\\/08\\\/sabadell-291228-1178x708-redim-enc.jpg\",\"contentUrl\":\"https:\\\/\\\/amec.es\\\/wp-content\\\/uploads\\\/2023\\\/08\\\/sabadell-291228-1178x708-redim-enc.jpg\",\"width\":1178,\"height\":708},{\"@type\":\"BreadcrumbList\",\"@id\":\"https:\\\/\\\/amec.es\\\/ca\\\/croniques\\\/les-empreses-d-amec-obren-mercat-a-lsmart-city-congress\\\/#breadcrumb\",\"itemListElement\":[{\"@type\":\"ListItem\",\"position\":1,\"name\":\"Portada\",\"item\":\"https:\\\/\\\/amec.es\\\/ca\\\/home-new\\\/\"},{\"@type\":\"ListItem\",\"position\":2,\"name\":\"Les empreses d&#8217; amec obren mercat a l&#8217;Smart City Congress\"}]},{\"@type\":\"WebSite\",\"@id\":\"https:\\\/\\\/amec.es\\\/#website\",\"url\":\"https:\\\/\\\/amec.es\\\/\",\"name\":\"amec Positive Industry\",\"description\":\"\",\"publisher\":{\"@id\":\"https:\\\/\\\/amec.es\\\/#organization\"},\"potentialAction\":[{\"@type\":\"SearchAction\",\"target\":{\"@type\":\"EntryPoint\",\"urlTemplate\":\"https:\\\/\\\/amec.es\\\/?s={search_term_string}\"},\"query-input\":{\"@type\":\"PropertyValueSpecification\",\"valueRequired\":true,\"valueName\":\"search_term_string\"}}],\"inLanguage\":\"ca\"},{\"@type\":\"Organization\",\"@id\":\"https:\\\/\\\/amec.es\\\/#organization\",\"name\":\"amec Positive Industry\",\"url\":\"https:\\\/\\\/amec.es\\\/\",\"logo\":{\"@type\":\"ImageObject\",\"inLanguage\":\"ca\",\"@id\":\"https:\\\/\\\/amec.es\\\/#\\\/schema\\\/logo\\\/image\\\/\",\"url\":\"https:\\\/\\\/amec.es\\\/wp-content\\\/uploads\\\/2023\\\/07\\\/logoamec.png\",\"contentUrl\":\"https:\\\/\\\/amec.es\\\/wp-content\\\/uploads\\\/2023\\\/07\\\/logoamec.png\",\"width\":200,\"height\":48,\"caption\":\"amec Positive Industry\"},\"image\":{\"@id\":\"https:\\\/\\\/amec.es\\\/#\\\/schema\\\/logo\\\/image\\\/\"}},{\"@type\":\"Person\",\"@id\":\"https:\\\/\\\/amec.es\\\/#\\\/schema\\\/person\\\/377e1e145733915506a55297ad2fc830\",\"name\":\"webmaster\",\"image\":{\"@type\":\"ImageObject\",\"inLanguage\":\"ca\",\"@id\":\"https:\\\/\\\/secure.gravatar.com\\\/avatar\\\/1122ff7c82efe2079ddb19cd256fc39ab150caee9b258eeae8928e7f703c39f3?s=96&d=mm&r=g\",\"url\":\"https:\\\/\\\/secure.gravatar.com\\\/avatar\\\/1122ff7c82efe2079ddb19cd256fc39ab150caee9b258eeae8928e7f703c39f3?s=96&d=mm&r=g\",\"contentUrl\":\"https:\\\/\\\/secure.gravatar.com\\\/avatar\\\/1122ff7c82efe2079ddb19cd256fc39ab150caee9b258eeae8928e7f703c39f3?s=96&d=mm&r=g\",\"caption\":\"webmaster\"}}]}<\/script>\n<!-- \/ Yoast SEO plugin. -->","yoast_head_json":{"title":"Les empreses d' amec obren mercat a l'Smart City Congress | amec Positive Industry","robots":{"index":"index","follow":"follow","max-snippet":"max-snippet:-1","max-image-preview":"max-image-preview:large","max-video-preview":"max-video-preview:-1"},"canonical":"https:\/\/amec.es\/ca\/croniques\/les-empreses-d-amec-obren-mercat-a-lsmart-city-congress\/","og_locale":"ca_ES","og_type":"article","og_title":"Les empreses d' amec obren mercat a l'Smart City Congress | amec Positive Industry","og_description":"Els membres d&#8217;\u00a0amec\u00a0s&#8217;han mostrat molt satisfets de la marxa de l&#8217;\u00a0Smart City Expo World Congress\u00a0, que avui tanca les portes a Fira de Barcelona.\u00a0&#8220;Hi ha hagut molta aflu\u00e8ncia de p\u00fablic, i els visitants s\u00f3n el p\u00fablic target de les nostres empreses&#8221;\u00a0, explica el responsable d&#8217;\u00a0amec urbi\u00a0s\u00a0, Aleix Serrallonga. Aquestes visites, que pel fet de ser [&hellip;]","og_url":"https:\/\/amec.es\/ca\/croniques\/les-empreses-d-amec-obren-mercat-a-lsmart-city-congress\/","og_site_name":"amec Positive Industry","article_published_time":"2021-11-18T04:39:07+00:00","og_image":[{"width":1178,"height":708,"url":"https:\/\/amec.es\/wp-content\/uploads\/2023\/08\/sabadell-291228-1178x708-redim-enc.jpg","type":"image\/jpeg"}],"author":"webmaster","twitter_card":"summary_large_image","twitter_misc":{"Escrit per":"webmaster","Temps estimat de lectura":"1 minut"},"schema":{"@context":"https:\/\/schema.org","@graph":[{"@type":"Article","@id":"https:\/\/amec.es\/ca\/croniques\/les-empreses-d-amec-obren-mercat-a-lsmart-city-congress\/#article","isPartOf":{"@id":"https:\/\/amec.es\/ca\/croniques\/les-empreses-d-amec-obren-mercat-a-lsmart-city-congress\/"},"author":{"name":"webmaster","@id":"https:\/\/amec.es\/#\/schema\/person\/377e1e145733915506a55297ad2fc830"},"headline":"Les empreses d&#8217; amec obren mercat a l&#8217;Smart City Congress","datePublished":"2021-11-18T04:39:07+00:00","mainEntityOfPage":{"@id":"https:\/\/amec.es\/ca\/croniques\/les-empreses-d-amec-obren-mercat-a-lsmart-city-congress\/"},"wordCount":195,"commentCount":0,"publisher":{"@id":"https:\/\/amec.es\/#organization"},"image":{"@id":"https:\/\/amec.es\/ca\/croniques\/les-empreses-d-amec-obren-mercat-a-lsmart-city-congress\/#primaryimage"},"thumbnailUrl":"https:\/\/amec.es\/wp-content\/uploads\/2023\/08\/sabadell-291228-1178x708-redim-enc.jpg","articleSection":["Cr\u00f2niques"],"inLanguage":"ca","potentialAction":[{"@type":"CommentAction","name":"Comment","target":["https:\/\/amec.es\/ca\/croniques\/les-empreses-d-amec-obren-mercat-a-lsmart-city-congress\/#respond"]}]},{"@type":"WebPage","@id":"https:\/\/amec.es\/ca\/croniques\/les-empreses-d-amec-obren-mercat-a-lsmart-city-congress\/","url":"https:\/\/amec.es\/ca\/croniques\/les-empreses-d-amec-obren-mercat-a-lsmart-city-congress\/","name":"Les empreses d' amec obren mercat a l'Smart City Congress | amec Positive Industry","isPartOf":{"@id":"https:\/\/amec.es\/#website"},"primaryImageOfPage":{"@id":"https:\/\/amec.es\/ca\/croniques\/les-empreses-d-amec-obren-mercat-a-lsmart-city-congress\/#primaryimage"},"image":{"@id":"https:\/\/amec.es\/ca\/croniques\/les-empreses-d-amec-obren-mercat-a-lsmart-city-congress\/#primaryimage"},"thumbnailUrl":"https:\/\/amec.es\/wp-content\/uploads\/2023\/08\/sabadell-291228-1178x708-redim-enc.jpg","datePublished":"2021-11-18T04:39:07+00:00","breadcrumb":{"@id":"https:\/\/amec.es\/ca\/croniques\/les-empreses-d-amec-obren-mercat-a-lsmart-city-congress\/#breadcrumb"},"inLanguage":"ca","potentialAction":[{"@type":"ReadAction","target":["https:\/\/amec.es\/ca\/croniques\/les-empreses-d-amec-obren-mercat-a-lsmart-city-congress\/"]}]},{"@type":"ImageObject","inLanguage":"ca","@id":"https:\/\/amec.es\/ca\/croniques\/les-empreses-d-amec-obren-mercat-a-lsmart-city-congress\/#primaryimage","url":"https:\/\/amec.es\/wp-content\/uploads\/2023\/08\/sabadell-291228-1178x708-redim-enc.jpg","contentUrl":"https:\/\/amec.es\/wp-content\/uploads\/2023\/08\/sabadell-291228-1178x708-redim-enc.jpg","width":1178,"height":708},{"@type":"BreadcrumbList","@id":"https:\/\/amec.es\/ca\/croniques\/les-empreses-d-amec-obren-mercat-a-lsmart-city-congress\/#breadcrumb","itemListElement":[{"@type":"ListItem","position":1,"name":"Portada","item":"https:\/\/amec.es\/ca\/home-new\/"},{"@type":"ListItem","position":2,"name":"Les empreses d&#8217; amec obren mercat a l&#8217;Smart City Congress"}]},{"@type":"WebSite","@id":"https:\/\/amec.es\/#website","url":"https:\/\/amec.es\/","name":"amec Positive Industry","description":"","publisher":{"@id":"https:\/\/amec.es\/#organization"},"potentialAction":[{"@type":"SearchAction","target":{"@type":"EntryPoint","urlTemplate":"https:\/\/amec.es\/?s={search_term_string}"},"query-input":{"@type":"PropertyValueSpecification","valueRequired":true,"valueName":"search_term_string"}}],"inLanguage":"ca"},{"@type":"Organization","@id":"https:\/\/amec.es\/#organization","name":"amec Positive Industry","url":"https:\/\/amec.es\/","logo":{"@type":"ImageObject","inLanguage":"ca","@id":"https:\/\/amec.es\/#\/schema\/logo\/image\/","url":"https:\/\/amec.es\/wp-content\/uploads\/2023\/07\/logoamec.png","contentUrl":"https:\/\/amec.es\/wp-content\/uploads\/2023\/07\/logoamec.png","width":200,"height":48,"caption":"amec Positive Industry"},"image":{"@id":"https:\/\/amec.es\/#\/schema\/logo\/image\/"}},{"@type":"Person","@id":"https:\/\/amec.es\/#\/schema\/person\/377e1e145733915506a55297ad2fc830","name":"webmaster","image":{"@type":"ImageObject","inLanguage":"ca","@id":"https:\/\/secure.gravatar.com\/avatar\/1122ff7c82efe2079ddb19cd256fc39ab150caee9b258eeae8928e7f703c39f3?s=96&d=mm&r=g","url":"https:\/\/secure.gravatar.com\/avatar\/1122ff7c82efe2079ddb19cd256fc39ab150caee9b258eeae8928e7f703c39f3?s=96&d=mm&r=g","contentUrl":"https:\/\/secure.gravatar.com\/avatar\/1122ff7c82efe2079ddb19cd256fc39ab150caee9b258eeae8928e7f703c39f3?s=96&d=mm&r=g","caption":"webmaster"}}]}},"_links":{"self":[{"href":"https:\/\/amec.es\/ca\/wp-json\/wp\/v2\/posts\/6575","targetHints":{"allow":["GET"]}}],"collection":[{"href":"https:\/\/amec.es\/ca\/wp-json\/wp\/v2\/posts"}],"about":[{"href":"https:\/\/amec.es\/ca\/wp-json\/wp\/v2\/types\/post"}],"author":[{"embeddable":true,"href":"https:\/\/amec.es\/ca\/wp-json\/wp\/v2\/users\/1"}],"replies":[{"embeddable":true,"href":"https:\/\/amec.es\/ca\/wp-json\/wp\/v2\/comments?post=6575"}],"version-history":[{"count":0,"href":"https:\/\/amec.es\/ca\/wp-json\/wp\/v2\/posts\/6575\/revisions"}],"wp:featuredmedia":[{"embeddable":true,"href":"https:\/\/amec.es\/ca\/wp-json\/wp\/v2\/media\/5206"}],"wp:attachment":[{"href":"https:\/\/amec.es\/ca\/wp-json\/wp\/v2\/media?parent=6575"}],"wp:term":[{"taxonomy":"category","embeddable":true,"href":"https:\/\/amec.es\/ca\/wp-json\/wp\/v2\/categories?post=6575"},{"taxonomy":"post_tag","embeddable":true,"href":"https:\/\/amec.es\/ca\/wp-json\/wp\/v2\/tags?post=6575"}],"curies":[{"name":"wp","href":"https:\/\/api.w.org\/{rel}","templated":true}]}}