{"id":6577,"date":"2021-12-02T04:41:51","date_gmt":"2021-12-02T04:41:51","guid":{"rendered":"https:\/\/wecreatedesign.co\/dev\/WP\/amec\/?p=5218"},"modified":"2021-12-02T04:41:51","modified_gmt":"2021-12-02T04:41:51","slug":"com-fer-el-canvi-generacional-i-obrir-se-als-nous-valors-centra-el-debat-de-la-comissio-tecnica-de-talent","status":"publish","type":"post","link":"https:\/\/amec.es\/ca\/croniques\/com-fer-el-canvi-generacional-i-obrir-se-als-nous-valors-centra-el-debat-de-la-comissio-tecnica-de-talent\/","title":{"rendered":"Com fer el canvi generacional i obrir-se als nous valors centra el debat de la Comissi\u00f3 T\u00e8cnica de Talent"},"content":{"rendered":"<p>La Comissi\u00f3 T\u00e8cnica de Talent de\u00a0<em><strong>Amec<\/strong><\/em>\u00a0ha constatat en la seva darrera trobada que mai abans havia costat tant identificar talent per a les empreses industrials, i que hi ha una batalla per captar-lo, especialment pel que fa a perfils operatius. Una possible soluci\u00f3 \u00e9s centrar-se en la formaci\u00f3 de j\u00faniors.<\/p>\n<p>La\u00a0<strong>difer\u00e8ncia de valors entre s\u00e8niors i joves<\/strong>\u00a0pot semblar un escull que, a la pr\u00e0ctica, s&#8217;ha demostrat que en realitat pot nodrir l&#8217;empresa. Aix\u00ed ho ha exposat Rub\u00e9n Llop, Soci fundador del partner d&#8217;\u00a0<em><strong>amec<\/strong><\/em>\u00a0Institute for Transformational Leadership, que ha intervingut a la comissi\u00f3 per obrir un debat sobre el canvi generacional a les empreses industrials, un tema que els membres d&#8217;\u00a0<em><strong>amec<\/strong><\/em>\u00a0han indicat que els preocupa. Llop ha exposat que\u00a0<strong>\u201cels nous valors s&#8217;han de posar sobre la taula i tenir-los en compte a les organitzacions combinant-los amb els cl\u00e0ssics\u201d<\/strong>\u00a0. En aquest sentit, ha incidit que\u00a0<strong>&#8220;hi ha m\u00e9s d&#8217;una forma encertada perqu\u00e8 funcionin les coses amb \u00e8xit&#8221;<\/strong>\u00a0.<\/p>\n<p>Aix\u00ed, s&#8217;ha obert un debat entre els membres de la Comissi\u00f3 T\u00e8cnica de Talent, que n&#8217;han exposat les circumst\u00e0ncies i experi\u00e8ncies. Les empreses han convingut que cal potenciar el canvi generacional de manera encertada i potenciar els aspectes positius en la forma de treballar de cada persona, aprofitant la diversitat dels equips. La clau, han coincidit, \u00e9s\u00a0<strong>\u201ccrear equips diversos, multidisciplinaris i multinivell\u201d<\/strong>\u00a0, que\u00a0<strong>\u201ccreen en ells mateixos\u201d<\/strong>\u00a0i que, funcionant de manera aut\u00f2noma,\u00a0<strong>\u201ccreuen ells els projectes\u201d<\/strong>\u00a0. Tot i aix\u00ed, tamb\u00e9 han constatat que costa tamb\u00e9 atreure perfils s\u00e8niors per incorporar valors i continguts diferents i tamb\u00e9 transformadors a les empreses.<\/p>\n","protected":false},"excerpt":{"rendered":"<p>La Comissi\u00f3 T\u00e8cnica de Talent de\u00a0Amec\u00a0ha constatat en la seva darrera trobada que mai abans havia costat tant identificar talent per a les empreses industrials, i que hi ha una batalla per captar-lo, especialment pel que fa a perfils operatius. Una possible soluci\u00f3 \u00e9s centrar-se en la formaci\u00f3 de j\u00faniors. La\u00a0difer\u00e8ncia de valors entre s\u00e8niors [&hellip;]<\/p>\n","protected":false},"author":1,"featured_media":5222,"comment_status":"open","ping_status":"open","sticky":false,"template":"","format":"standard","meta":{"inline_featured_image":false,"footnotes":""},"categories":[30],"tags":[],"class_list":["post-6577","post","type-post","status-publish","format-standard","has-post-thumbnail","hentry","category-croniques"],"yoast_head":"<!-- This site is optimized with the Yoast SEO plugin v27.3 - https:\/\/yoast.com\/product\/yoast-seo-wordpress\/ -->\n<title>Com fer el canvi generacional i obrir-se als nous valors centra el debat de la Comissi\u00f3 T\u00e8cnica de Talent | amec Positive Industry<\/title>\n<meta name=\"robots\" content=\"index, follow, max-snippet:-1, max-image-preview:large, max-video-preview:-1\" \/>\n<link rel=\"canonical\" href=\"https:\/\/amec.es\/ca\/croniques\/com-fer-el-canvi-generacional-i-obrir-se-als-nous-valors-centra-el-debat-de-la-comissio-tecnica-de-talent\/\" \/>\n<meta property=\"og:locale\" content=\"ca_ES\" \/>\n<meta property=\"og:type\" content=\"article\" \/>\n<meta property=\"og:title\" content=\"Com fer el canvi generacional i obrir-se als nous valors centra el debat de la Comissi\u00f3 T\u00e8cnica de Talent | amec Positive Industry\" \/>\n<meta property=\"og:description\" content=\"La Comissi\u00f3 T\u00e8cnica de Talent de\u00a0Amec\u00a0ha constatat en la seva darrera trobada que mai abans havia costat tant identificar talent per a les empreses industrials, i que hi ha una batalla per captar-lo, especialment pel que fa a perfils operatius. Una possible soluci\u00f3 \u00e9s centrar-se en la formaci\u00f3 de j\u00faniors. La\u00a0difer\u00e8ncia de valors entre s\u00e8niors [&hellip;]\" \/>\n<meta property=\"og:url\" content=\"https:\/\/amec.es\/ca\/croniques\/com-fer-el-canvi-generacional-i-obrir-se-als-nous-valors-centra-el-debat-de-la-comissio-tecnica-de-talent\/\" \/>\n<meta property=\"og:site_name\" content=\"amec Positive Industry\" \/>\n<meta property=\"article:published_time\" content=\"2021-12-02T04:41:51+00:00\" \/>\n<meta property=\"og:image\" content=\"https:\/\/amec.es\/wp-content\/uploads\/2023\/08\/comarfex-partner-redim-enc.jpg\" \/>\n\t<meta property=\"og:image:width\" content=\"920\" \/>\n\t<meta property=\"og:image:height\" content=\"549\" \/>\n\t<meta property=\"og:image:type\" content=\"image\/jpeg\" \/>\n<meta name=\"author\" content=\"webmaster\" \/>\n<meta name=\"twitter:card\" content=\"summary_large_image\" \/>\n<meta name=\"twitter:label1\" content=\"Escrit per\" \/>\n\t<meta name=\"twitter:data1\" content=\"webmaster\" \/>\n\t<meta name=\"twitter:label2\" content=\"Temps estimat de lectura\" \/>\n\t<meta name=\"twitter:data2\" content=\"1 minut\" \/>\n<script type=\"application\/ld+json\" class=\"yoast-schema-graph\">{\"@context\":\"https:\\\/\\\/schema.org\",\"@graph\":[{\"@type\":\"Article\",\"@id\":\"https:\\\/\\\/amec.es\\\/ca\\\/croniques\\\/com-fer-el-canvi-generacional-i-obrir-se-als-nous-valors-centra-el-debat-de-la-comissio-tecnica-de-talent\\\/#article\",\"isPartOf\":{\"@id\":\"https:\\\/\\\/amec.es\\\/ca\\\/croniques\\\/com-fer-el-canvi-generacional-i-obrir-se-als-nous-valors-centra-el-debat-de-la-comissio-tecnica-de-talent\\\/\"},\"author\":{\"name\":\"webmaster\",\"@id\":\"https:\\\/\\\/amec.es\\\/#\\\/schema\\\/person\\\/377e1e145733915506a55297ad2fc830\"},\"headline\":\"Com fer el canvi generacional i obrir-se als nous valors centra el debat de la Comissi\u00f3 T\u00e8cnica de Talent\",\"datePublished\":\"2021-12-02T04:41:51+00:00\",\"mainEntityOfPage\":{\"@id\":\"https:\\\/\\\/amec.es\\\/ca\\\/croniques\\\/com-fer-el-canvi-generacional-i-obrir-se-als-nous-valors-centra-el-debat-de-la-comissio-tecnica-de-talent\\\/\"},\"wordCount\":305,\"commentCount\":0,\"publisher\":{\"@id\":\"https:\\\/\\\/amec.es\\\/#organization\"},\"image\":{\"@id\":\"https:\\\/\\\/amec.es\\\/ca\\\/croniques\\\/com-fer-el-canvi-generacional-i-obrir-se-als-nous-valors-centra-el-debat-de-la-comissio-tecnica-de-talent\\\/#primaryimage\"},\"thumbnailUrl\":\"https:\\\/\\\/amec.es\\\/wp-content\\\/uploads\\\/2023\\\/08\\\/comarfex-partner-redim-enc.jpg\",\"articleSection\":[\"Cr\u00f2niques\"],\"inLanguage\":\"ca\",\"potentialAction\":[{\"@type\":\"CommentAction\",\"name\":\"Comment\",\"target\":[\"https:\\\/\\\/amec.es\\\/ca\\\/croniques\\\/com-fer-el-canvi-generacional-i-obrir-se-als-nous-valors-centra-el-debat-de-la-comissio-tecnica-de-talent\\\/#respond\"]}]},{\"@type\":\"WebPage\",\"@id\":\"https:\\\/\\\/amec.es\\\/ca\\\/croniques\\\/com-fer-el-canvi-generacional-i-obrir-se-als-nous-valors-centra-el-debat-de-la-comissio-tecnica-de-talent\\\/\",\"url\":\"https:\\\/\\\/amec.es\\\/ca\\\/croniques\\\/com-fer-el-canvi-generacional-i-obrir-se-als-nous-valors-centra-el-debat-de-la-comissio-tecnica-de-talent\\\/\",\"name\":\"Com fer el canvi generacional i obrir-se als nous valors centra el debat de la Comissi\u00f3 T\u00e8cnica de Talent | amec Positive Industry\",\"isPartOf\":{\"@id\":\"https:\\\/\\\/amec.es\\\/#website\"},\"primaryImageOfPage\":{\"@id\":\"https:\\\/\\\/amec.es\\\/ca\\\/croniques\\\/com-fer-el-canvi-generacional-i-obrir-se-als-nous-valors-centra-el-debat-de-la-comissio-tecnica-de-talent\\\/#primaryimage\"},\"image\":{\"@id\":\"https:\\\/\\\/amec.es\\\/ca\\\/croniques\\\/com-fer-el-canvi-generacional-i-obrir-se-als-nous-valors-centra-el-debat-de-la-comissio-tecnica-de-talent\\\/#primaryimage\"},\"thumbnailUrl\":\"https:\\\/\\\/amec.es\\\/wp-content\\\/uploads\\\/2023\\\/08\\\/comarfex-partner-redim-enc.jpg\",\"datePublished\":\"2021-12-02T04:41:51+00:00\",\"breadcrumb\":{\"@id\":\"https:\\\/\\\/amec.es\\\/ca\\\/croniques\\\/com-fer-el-canvi-generacional-i-obrir-se-als-nous-valors-centra-el-debat-de-la-comissio-tecnica-de-talent\\\/#breadcrumb\"},\"inLanguage\":\"ca\",\"potentialAction\":[{\"@type\":\"ReadAction\",\"target\":[\"https:\\\/\\\/amec.es\\\/ca\\\/croniques\\\/com-fer-el-canvi-generacional-i-obrir-se-als-nous-valors-centra-el-debat-de-la-comissio-tecnica-de-talent\\\/\"]}]},{\"@type\":\"ImageObject\",\"inLanguage\":\"ca\",\"@id\":\"https:\\\/\\\/amec.es\\\/ca\\\/croniques\\\/com-fer-el-canvi-generacional-i-obrir-se-als-nous-valors-centra-el-debat-de-la-comissio-tecnica-de-talent\\\/#primaryimage\",\"url\":\"https:\\\/\\\/amec.es\\\/wp-content\\\/uploads\\\/2023\\\/08\\\/comarfex-partner-redim-enc.jpg\",\"contentUrl\":\"https:\\\/\\\/amec.es\\\/wp-content\\\/uploads\\\/2023\\\/08\\\/comarfex-partner-redim-enc.jpg\",\"width\":920,\"height\":549},{\"@type\":\"BreadcrumbList\",\"@id\":\"https:\\\/\\\/amec.es\\\/ca\\\/croniques\\\/com-fer-el-canvi-generacional-i-obrir-se-als-nous-valors-centra-el-debat-de-la-comissio-tecnica-de-talent\\\/#breadcrumb\",\"itemListElement\":[{\"@type\":\"ListItem\",\"position\":1,\"name\":\"Portada\",\"item\":\"https:\\\/\\\/amec.es\\\/ca\\\/home-new\\\/\"},{\"@type\":\"ListItem\",\"position\":2,\"name\":\"Com fer el canvi generacional i obrir-se als nous valors centra el debat de la Comissi\u00f3 T\u00e8cnica de Talent\"}]},{\"@type\":\"WebSite\",\"@id\":\"https:\\\/\\\/amec.es\\\/#website\",\"url\":\"https:\\\/\\\/amec.es\\\/\",\"name\":\"amec Positive Industry\",\"description\":\"\",\"publisher\":{\"@id\":\"https:\\\/\\\/amec.es\\\/#organization\"},\"potentialAction\":[{\"@type\":\"SearchAction\",\"target\":{\"@type\":\"EntryPoint\",\"urlTemplate\":\"https:\\\/\\\/amec.es\\\/?s={search_term_string}\"},\"query-input\":{\"@type\":\"PropertyValueSpecification\",\"valueRequired\":true,\"valueName\":\"search_term_string\"}}],\"inLanguage\":\"ca\"},{\"@type\":\"Organization\",\"@id\":\"https:\\\/\\\/amec.es\\\/#organization\",\"name\":\"amec Positive Industry\",\"url\":\"https:\\\/\\\/amec.es\\\/\",\"logo\":{\"@type\":\"ImageObject\",\"inLanguage\":\"ca\",\"@id\":\"https:\\\/\\\/amec.es\\\/#\\\/schema\\\/logo\\\/image\\\/\",\"url\":\"https:\\\/\\\/amec.es\\\/wp-content\\\/uploads\\\/2023\\\/07\\\/logoamec.png\",\"contentUrl\":\"https:\\\/\\\/amec.es\\\/wp-content\\\/uploads\\\/2023\\\/07\\\/logoamec.png\",\"width\":200,\"height\":48,\"caption\":\"amec Positive Industry\"},\"image\":{\"@id\":\"https:\\\/\\\/amec.es\\\/#\\\/schema\\\/logo\\\/image\\\/\"}},{\"@type\":\"Person\",\"@id\":\"https:\\\/\\\/amec.es\\\/#\\\/schema\\\/person\\\/377e1e145733915506a55297ad2fc830\",\"name\":\"webmaster\",\"image\":{\"@type\":\"ImageObject\",\"inLanguage\":\"ca\",\"@id\":\"https:\\\/\\\/secure.gravatar.com\\\/avatar\\\/1122ff7c82efe2079ddb19cd256fc39ab150caee9b258eeae8928e7f703c39f3?s=96&d=mm&r=g\",\"url\":\"https:\\\/\\\/secure.gravatar.com\\\/avatar\\\/1122ff7c82efe2079ddb19cd256fc39ab150caee9b258eeae8928e7f703c39f3?s=96&d=mm&r=g\",\"contentUrl\":\"https:\\\/\\\/secure.gravatar.com\\\/avatar\\\/1122ff7c82efe2079ddb19cd256fc39ab150caee9b258eeae8928e7f703c39f3?s=96&d=mm&r=g\",\"caption\":\"webmaster\"}}]}<\/script>\n<!-- \/ Yoast SEO plugin. -->","yoast_head_json":{"title":"Com fer el canvi generacional i obrir-se als nous valors centra el debat de la Comissi\u00f3 T\u00e8cnica de Talent | amec Positive Industry","robots":{"index":"index","follow":"follow","max-snippet":"max-snippet:-1","max-image-preview":"max-image-preview:large","max-video-preview":"max-video-preview:-1"},"canonical":"https:\/\/amec.es\/ca\/croniques\/com-fer-el-canvi-generacional-i-obrir-se-als-nous-valors-centra-el-debat-de-la-comissio-tecnica-de-talent\/","og_locale":"ca_ES","og_type":"article","og_title":"Com fer el canvi generacional i obrir-se als nous valors centra el debat de la Comissi\u00f3 T\u00e8cnica de Talent | amec Positive Industry","og_description":"La Comissi\u00f3 T\u00e8cnica de Talent de\u00a0Amec\u00a0ha constatat en la seva darrera trobada que mai abans havia costat tant identificar talent per a les empreses industrials, i que hi ha una batalla per captar-lo, especialment pel que fa a perfils operatius. Una possible soluci\u00f3 \u00e9s centrar-se en la formaci\u00f3 de j\u00faniors. La\u00a0difer\u00e8ncia de valors entre s\u00e8niors [&hellip;]","og_url":"https:\/\/amec.es\/ca\/croniques\/com-fer-el-canvi-generacional-i-obrir-se-als-nous-valors-centra-el-debat-de-la-comissio-tecnica-de-talent\/","og_site_name":"amec Positive Industry","article_published_time":"2021-12-02T04:41:51+00:00","og_image":[{"width":920,"height":549,"url":"https:\/\/amec.es\/wp-content\/uploads\/2023\/08\/comarfex-partner-redim-enc.jpg","type":"image\/jpeg"}],"author":"webmaster","twitter_card":"summary_large_image","twitter_misc":{"Escrit per":"webmaster","Temps estimat de lectura":"1 minut"},"schema":{"@context":"https:\/\/schema.org","@graph":[{"@type":"Article","@id":"https:\/\/amec.es\/ca\/croniques\/com-fer-el-canvi-generacional-i-obrir-se-als-nous-valors-centra-el-debat-de-la-comissio-tecnica-de-talent\/#article","isPartOf":{"@id":"https:\/\/amec.es\/ca\/croniques\/com-fer-el-canvi-generacional-i-obrir-se-als-nous-valors-centra-el-debat-de-la-comissio-tecnica-de-talent\/"},"author":{"name":"webmaster","@id":"https:\/\/amec.es\/#\/schema\/person\/377e1e145733915506a55297ad2fc830"},"headline":"Com fer el canvi generacional i obrir-se als nous valors centra el debat de la Comissi\u00f3 T\u00e8cnica de Talent","datePublished":"2021-12-02T04:41:51+00:00","mainEntityOfPage":{"@id":"https:\/\/amec.es\/ca\/croniques\/com-fer-el-canvi-generacional-i-obrir-se-als-nous-valors-centra-el-debat-de-la-comissio-tecnica-de-talent\/"},"wordCount":305,"commentCount":0,"publisher":{"@id":"https:\/\/amec.es\/#organization"},"image":{"@id":"https:\/\/amec.es\/ca\/croniques\/com-fer-el-canvi-generacional-i-obrir-se-als-nous-valors-centra-el-debat-de-la-comissio-tecnica-de-talent\/#primaryimage"},"thumbnailUrl":"https:\/\/amec.es\/wp-content\/uploads\/2023\/08\/comarfex-partner-redim-enc.jpg","articleSection":["Cr\u00f2niques"],"inLanguage":"ca","potentialAction":[{"@type":"CommentAction","name":"Comment","target":["https:\/\/amec.es\/ca\/croniques\/com-fer-el-canvi-generacional-i-obrir-se-als-nous-valors-centra-el-debat-de-la-comissio-tecnica-de-talent\/#respond"]}]},{"@type":"WebPage","@id":"https:\/\/amec.es\/ca\/croniques\/com-fer-el-canvi-generacional-i-obrir-se-als-nous-valors-centra-el-debat-de-la-comissio-tecnica-de-talent\/","url":"https:\/\/amec.es\/ca\/croniques\/com-fer-el-canvi-generacional-i-obrir-se-als-nous-valors-centra-el-debat-de-la-comissio-tecnica-de-talent\/","name":"Com fer el canvi generacional i obrir-se als nous valors centra el debat de la Comissi\u00f3 T\u00e8cnica de Talent | amec Positive Industry","isPartOf":{"@id":"https:\/\/amec.es\/#website"},"primaryImageOfPage":{"@id":"https:\/\/amec.es\/ca\/croniques\/com-fer-el-canvi-generacional-i-obrir-se-als-nous-valors-centra-el-debat-de-la-comissio-tecnica-de-talent\/#primaryimage"},"image":{"@id":"https:\/\/amec.es\/ca\/croniques\/com-fer-el-canvi-generacional-i-obrir-se-als-nous-valors-centra-el-debat-de-la-comissio-tecnica-de-talent\/#primaryimage"},"thumbnailUrl":"https:\/\/amec.es\/wp-content\/uploads\/2023\/08\/comarfex-partner-redim-enc.jpg","datePublished":"2021-12-02T04:41:51+00:00","breadcrumb":{"@id":"https:\/\/amec.es\/ca\/croniques\/com-fer-el-canvi-generacional-i-obrir-se-als-nous-valors-centra-el-debat-de-la-comissio-tecnica-de-talent\/#breadcrumb"},"inLanguage":"ca","potentialAction":[{"@type":"ReadAction","target":["https:\/\/amec.es\/ca\/croniques\/com-fer-el-canvi-generacional-i-obrir-se-als-nous-valors-centra-el-debat-de-la-comissio-tecnica-de-talent\/"]}]},{"@type":"ImageObject","inLanguage":"ca","@id":"https:\/\/amec.es\/ca\/croniques\/com-fer-el-canvi-generacional-i-obrir-se-als-nous-valors-centra-el-debat-de-la-comissio-tecnica-de-talent\/#primaryimage","url":"https:\/\/amec.es\/wp-content\/uploads\/2023\/08\/comarfex-partner-redim-enc.jpg","contentUrl":"https:\/\/amec.es\/wp-content\/uploads\/2023\/08\/comarfex-partner-redim-enc.jpg","width":920,"height":549},{"@type":"BreadcrumbList","@id":"https:\/\/amec.es\/ca\/croniques\/com-fer-el-canvi-generacional-i-obrir-se-als-nous-valors-centra-el-debat-de-la-comissio-tecnica-de-talent\/#breadcrumb","itemListElement":[{"@type":"ListItem","position":1,"name":"Portada","item":"https:\/\/amec.es\/ca\/home-new\/"},{"@type":"ListItem","position":2,"name":"Com fer el canvi generacional i obrir-se als nous valors centra el debat de la Comissi\u00f3 T\u00e8cnica de Talent"}]},{"@type":"WebSite","@id":"https:\/\/amec.es\/#website","url":"https:\/\/amec.es\/","name":"amec Positive Industry","description":"","publisher":{"@id":"https:\/\/amec.es\/#organization"},"potentialAction":[{"@type":"SearchAction","target":{"@type":"EntryPoint","urlTemplate":"https:\/\/amec.es\/?s={search_term_string}"},"query-input":{"@type":"PropertyValueSpecification","valueRequired":true,"valueName":"search_term_string"}}],"inLanguage":"ca"},{"@type":"Organization","@id":"https:\/\/amec.es\/#organization","name":"amec Positive Industry","url":"https:\/\/amec.es\/","logo":{"@type":"ImageObject","inLanguage":"ca","@id":"https:\/\/amec.es\/#\/schema\/logo\/image\/","url":"https:\/\/amec.es\/wp-content\/uploads\/2023\/07\/logoamec.png","contentUrl":"https:\/\/amec.es\/wp-content\/uploads\/2023\/07\/logoamec.png","width":200,"height":48,"caption":"amec Positive Industry"},"image":{"@id":"https:\/\/amec.es\/#\/schema\/logo\/image\/"}},{"@type":"Person","@id":"https:\/\/amec.es\/#\/schema\/person\/377e1e145733915506a55297ad2fc830","name":"webmaster","image":{"@type":"ImageObject","inLanguage":"ca","@id":"https:\/\/secure.gravatar.com\/avatar\/1122ff7c82efe2079ddb19cd256fc39ab150caee9b258eeae8928e7f703c39f3?s=96&d=mm&r=g","url":"https:\/\/secure.gravatar.com\/avatar\/1122ff7c82efe2079ddb19cd256fc39ab150caee9b258eeae8928e7f703c39f3?s=96&d=mm&r=g","contentUrl":"https:\/\/secure.gravatar.com\/avatar\/1122ff7c82efe2079ddb19cd256fc39ab150caee9b258eeae8928e7f703c39f3?s=96&d=mm&r=g","caption":"webmaster"}}]}},"_links":{"self":[{"href":"https:\/\/amec.es\/ca\/wp-json\/wp\/v2\/posts\/6577","targetHints":{"allow":["GET"]}}],"collection":[{"href":"https:\/\/amec.es\/ca\/wp-json\/wp\/v2\/posts"}],"about":[{"href":"https:\/\/amec.es\/ca\/wp-json\/wp\/v2\/types\/post"}],"author":[{"embeddable":true,"href":"https:\/\/amec.es\/ca\/wp-json\/wp\/v2\/users\/1"}],"replies":[{"embeddable":true,"href":"https:\/\/amec.es\/ca\/wp-json\/wp\/v2\/comments?post=6577"}],"version-history":[{"count":0,"href":"https:\/\/amec.es\/ca\/wp-json\/wp\/v2\/posts\/6577\/revisions"}],"wp:featuredmedia":[{"embeddable":true,"href":"https:\/\/amec.es\/ca\/wp-json\/wp\/v2\/media\/5222"}],"wp:attachment":[{"href":"https:\/\/amec.es\/ca\/wp-json\/wp\/v2\/media?parent=6577"}],"wp:term":[{"taxonomy":"category","embeddable":true,"href":"https:\/\/amec.es\/ca\/wp-json\/wp\/v2\/categories?post=6577"},{"taxonomy":"post_tag","embeddable":true,"href":"https:\/\/amec.es\/ca\/wp-json\/wp\/v2\/tags?post=6577"}],"curies":[{"name":"wp","href":"https:\/\/api.w.org\/{rel}","templated":true}]}}