{"id":6582,"date":"2021-12-15T06:28:19","date_gmt":"2021-12-15T06:28:19","guid":{"rendered":"https:\/\/wecreatedesign.co\/dev\/WP\/amec\/?p=4327"},"modified":"2021-12-15T06:28:19","modified_gmt":"2021-12-15T06:28:19","slug":"amec-publica-linforme-de-prospectiva-de-mercats-2022","status":"publish","type":"post","link":"https:\/\/amec.es\/ca\/ultimes-publicacions\/amec-publica-linforme-de-prospectiva-de-mercats-2022\/","title":{"rendered":"amec publica l&#8217;Informe de Prospectiva de Mercats 2022"},"content":{"rendered":"<p><em><strong>amec<\/strong><\/em>\u00a0ha publicat avui la cinquena edici\u00f3 del seu informe insignia, l&#8217;\u00a0<strong>Informe de Prospectiva de Mercats 2022<\/strong>\u00a0, que avalua\u00a0<strong>el potencial dels mercats prioritaris per a les nostres empreses industrials membres d&#8217;\u00a0<em>amec<\/em>\u00a0des d&#8217;una perspectiva eminentment sectorial i de projecci\u00f3<\/strong>\u00a0. L&#8217;informe est\u00e0 accessible per als membres de la comunitat a la\u00a0<a href=\"https:\/\/www.amec.es\/es\/lnk25\/zona-privada.htm\" target=\"_blank\" rel=\"noopener\">zona privada<\/a>\u00a0.<\/p>\n<p>Aquesta vegada, els plans de recuperaci\u00f3 i la reindustrialitzaci\u00f3 a tot el m\u00f3n marquen l&#8217;informe, ja que s&#8217;observa com s&#8217;obren m\u00faltiples microoportunitats per a cada sector a molts pa\u00efsos.<\/p>\n","protected":false},"excerpt":{"rendered":"<p>amec\u00a0ha publicat avui la cinquena edici\u00f3 del seu informe insignia, l&#8217;\u00a0Informe de Prospectiva de Mercats 2022\u00a0, que avalua\u00a0el potencial dels mercats prioritaris per a les nostres empreses industrials membres d&#8217;\u00a0amec\u00a0des d&#8217;una perspectiva eminentment sectorial i de projecci\u00f3\u00a0. L&#8217;informe est\u00e0 accessible per als membres de la comunitat a la\u00a0zona privada\u00a0. Aquesta vegada, els plans de recuperaci\u00f3 [&hellip;]<\/p>\n","protected":false},"author":1,"featured_media":4328,"comment_status":"open","ping_status":"open","sticky":false,"template":"","format":"standard","meta":{"inline_featured_image":false,"footnotes":""},"categories":[26],"tags":[],"class_list":["post-6582","post","type-post","status-publish","format-standard","has-post-thumbnail","hentry","category-ultimes-publicacions"],"yoast_head":"<!-- This site is optimized with the Yoast SEO plugin v27.3 - https:\/\/yoast.com\/product\/yoast-seo-wordpress\/ -->\n<title>amec publica l&#039;Informe de Prospectiva de Mercats 2022 | amec Positive Industry<\/title>\n<meta name=\"robots\" content=\"index, follow, max-snippet:-1, max-image-preview:large, max-video-preview:-1\" \/>\n<link rel=\"canonical\" href=\"https:\/\/amec.es\/ca\/ultimes-publicacions\/amec-publica-linforme-de-prospectiva-de-mercats-2022\/\" \/>\n<meta property=\"og:locale\" content=\"ca_ES\" \/>\n<meta property=\"og:type\" content=\"article\" \/>\n<meta property=\"og:title\" content=\"amec publica l&#039;Informe de Prospectiva de Mercats 2022 | amec Positive Industry\" \/>\n<meta property=\"og:description\" content=\"amec\u00a0ha publicat avui la cinquena edici\u00f3 del seu informe insignia, l&#8217;\u00a0Informe de Prospectiva de Mercats 2022\u00a0, que avalua\u00a0el potencial dels mercats prioritaris per a les nostres empreses industrials membres d&#8217;\u00a0amec\u00a0des d&#8217;una perspectiva eminentment sectorial i de projecci\u00f3\u00a0. L&#8217;informe est\u00e0 accessible per als membres de la comunitat a la\u00a0zona privada\u00a0. Aquesta vegada, els plans de recuperaci\u00f3 [&hellip;]\" \/>\n<meta property=\"og:url\" content=\"https:\/\/amec.es\/ca\/ultimes-publicacions\/amec-publica-linforme-de-prospectiva-de-mercats-2022\/\" \/>\n<meta property=\"og:site_name\" content=\"amec Positive Industry\" \/>\n<meta property=\"article:published_time\" content=\"2021-12-15T06:28:19+00:00\" \/>\n<meta property=\"og:image\" content=\"https:\/\/amec.es\/wp-content\/uploads\/2024\/02\/Logo_AMEC.png\" \/>\n\t<meta property=\"og:image:width\" content=\"1827\" \/>\n\t<meta property=\"og:image:height\" content=\"438\" \/>\n\t<meta property=\"og:image:type\" content=\"image\/png\" \/>\n<meta name=\"author\" content=\"webmaster\" \/>\n<meta name=\"twitter:card\" content=\"summary_large_image\" \/>\n<meta name=\"twitter:label1\" content=\"Escrit per\" \/>\n\t<meta name=\"twitter:data1\" content=\"webmaster\" \/>\n<script type=\"application\/ld+json\" class=\"yoast-schema-graph\">{\"@context\":\"https:\\\/\\\/schema.org\",\"@graph\":[{\"@type\":\"Article\",\"@id\":\"https:\\\/\\\/amec.es\\\/ca\\\/ultimes-publicacions\\\/amec-publica-linforme-de-prospectiva-de-mercats-2022\\\/#article\",\"isPartOf\":{\"@id\":\"https:\\\/\\\/amec.es\\\/ca\\\/ultimes-publicacions\\\/amec-publica-linforme-de-prospectiva-de-mercats-2022\\\/\"},\"author\":{\"name\":\"webmaster\",\"@id\":\"https:\\\/\\\/amec.es\\\/#\\\/schema\\\/person\\\/377e1e145733915506a55297ad2fc830\"},\"headline\":\"amec publica l&#8217;Informe de Prospectiva de Mercats 2022\",\"datePublished\":\"2021-12-15T06:28:19+00:00\",\"mainEntityOfPage\":{\"@id\":\"https:\\\/\\\/amec.es\\\/ca\\\/ultimes-publicacions\\\/amec-publica-linforme-de-prospectiva-de-mercats-2022\\\/\"},\"wordCount\":99,\"commentCount\":0,\"publisher\":{\"@id\":\"https:\\\/\\\/amec.es\\\/#organization\"},\"image\":{\"@id\":\"https:\\\/\\\/amec.es\\\/ca\\\/ultimes-publicacions\\\/amec-publica-linforme-de-prospectiva-de-mercats-2022\\\/#primaryimage\"},\"thumbnailUrl\":\"\",\"articleSection\":[\"\u00daltimes publicacions\"],\"inLanguage\":\"ca\",\"potentialAction\":[{\"@type\":\"CommentAction\",\"name\":\"Comment\",\"target\":[\"https:\\\/\\\/amec.es\\\/ca\\\/ultimes-publicacions\\\/amec-publica-linforme-de-prospectiva-de-mercats-2022\\\/#respond\"]}]},{\"@type\":\"WebPage\",\"@id\":\"https:\\\/\\\/amec.es\\\/ca\\\/ultimes-publicacions\\\/amec-publica-linforme-de-prospectiva-de-mercats-2022\\\/\",\"url\":\"https:\\\/\\\/amec.es\\\/ca\\\/ultimes-publicacions\\\/amec-publica-linforme-de-prospectiva-de-mercats-2022\\\/\",\"name\":\"amec publica l'Informe de Prospectiva de Mercats 2022 | amec Positive Industry\",\"isPartOf\":{\"@id\":\"https:\\\/\\\/amec.es\\\/#website\"},\"primaryImageOfPage\":{\"@id\":\"https:\\\/\\\/amec.es\\\/ca\\\/ultimes-publicacions\\\/amec-publica-linforme-de-prospectiva-de-mercats-2022\\\/#primaryimage\"},\"image\":{\"@id\":\"https:\\\/\\\/amec.es\\\/ca\\\/ultimes-publicacions\\\/amec-publica-linforme-de-prospectiva-de-mercats-2022\\\/#primaryimage\"},\"thumbnailUrl\":\"\",\"datePublished\":\"2021-12-15T06:28:19+00:00\",\"breadcrumb\":{\"@id\":\"https:\\\/\\\/amec.es\\\/ca\\\/ultimes-publicacions\\\/amec-publica-linforme-de-prospectiva-de-mercats-2022\\\/#breadcrumb\"},\"inLanguage\":\"ca\",\"potentialAction\":[{\"@type\":\"ReadAction\",\"target\":[\"https:\\\/\\\/amec.es\\\/ca\\\/ultimes-publicacions\\\/amec-publica-linforme-de-prospectiva-de-mercats-2022\\\/\"]}]},{\"@type\":\"ImageObject\",\"inLanguage\":\"ca\",\"@id\":\"https:\\\/\\\/amec.es\\\/ca\\\/ultimes-publicacions\\\/amec-publica-linforme-de-prospectiva-de-mercats-2022\\\/#primaryimage\",\"url\":\"\",\"contentUrl\":\"\"},{\"@type\":\"BreadcrumbList\",\"@id\":\"https:\\\/\\\/amec.es\\\/ca\\\/ultimes-publicacions\\\/amec-publica-linforme-de-prospectiva-de-mercats-2022\\\/#breadcrumb\",\"itemListElement\":[{\"@type\":\"ListItem\",\"position\":1,\"name\":\"Portada\",\"item\":\"https:\\\/\\\/amec.es\\\/ca\\\/home-new\\\/\"},{\"@type\":\"ListItem\",\"position\":2,\"name\":\"amec publica l&#8217;Informe de Prospectiva de Mercats 2022\"}]},{\"@type\":\"WebSite\",\"@id\":\"https:\\\/\\\/amec.es\\\/#website\",\"url\":\"https:\\\/\\\/amec.es\\\/\",\"name\":\"amec Positive Industry\",\"description\":\"\",\"publisher\":{\"@id\":\"https:\\\/\\\/amec.es\\\/#organization\"},\"potentialAction\":[{\"@type\":\"SearchAction\",\"target\":{\"@type\":\"EntryPoint\",\"urlTemplate\":\"https:\\\/\\\/amec.es\\\/?s={search_term_string}\"},\"query-input\":{\"@type\":\"PropertyValueSpecification\",\"valueRequired\":true,\"valueName\":\"search_term_string\"}}],\"inLanguage\":\"ca\"},{\"@type\":\"Organization\",\"@id\":\"https:\\\/\\\/amec.es\\\/#organization\",\"name\":\"amec Positive Industry\",\"url\":\"https:\\\/\\\/amec.es\\\/\",\"logo\":{\"@type\":\"ImageObject\",\"inLanguage\":\"ca\",\"@id\":\"https:\\\/\\\/amec.es\\\/#\\\/schema\\\/logo\\\/image\\\/\",\"url\":\"https:\\\/\\\/amec.es\\\/wp-content\\\/uploads\\\/2023\\\/07\\\/logoamec.png\",\"contentUrl\":\"https:\\\/\\\/amec.es\\\/wp-content\\\/uploads\\\/2023\\\/07\\\/logoamec.png\",\"width\":200,\"height\":48,\"caption\":\"amec Positive Industry\"},\"image\":{\"@id\":\"https:\\\/\\\/amec.es\\\/#\\\/schema\\\/logo\\\/image\\\/\"}},{\"@type\":\"Person\",\"@id\":\"https:\\\/\\\/amec.es\\\/#\\\/schema\\\/person\\\/377e1e145733915506a55297ad2fc830\",\"name\":\"webmaster\",\"image\":{\"@type\":\"ImageObject\",\"inLanguage\":\"ca\",\"@id\":\"https:\\\/\\\/secure.gravatar.com\\\/avatar\\\/1122ff7c82efe2079ddb19cd256fc39ab150caee9b258eeae8928e7f703c39f3?s=96&d=mm&r=g\",\"url\":\"https:\\\/\\\/secure.gravatar.com\\\/avatar\\\/1122ff7c82efe2079ddb19cd256fc39ab150caee9b258eeae8928e7f703c39f3?s=96&d=mm&r=g\",\"contentUrl\":\"https:\\\/\\\/secure.gravatar.com\\\/avatar\\\/1122ff7c82efe2079ddb19cd256fc39ab150caee9b258eeae8928e7f703c39f3?s=96&d=mm&r=g\",\"caption\":\"webmaster\"}}]}<\/script>\n<!-- \/ Yoast SEO plugin. -->","yoast_head_json":{"title":"amec publica l'Informe de Prospectiva de Mercats 2022 | amec Positive Industry","robots":{"index":"index","follow":"follow","max-snippet":"max-snippet:-1","max-image-preview":"max-image-preview:large","max-video-preview":"max-video-preview:-1"},"canonical":"https:\/\/amec.es\/ca\/ultimes-publicacions\/amec-publica-linforme-de-prospectiva-de-mercats-2022\/","og_locale":"ca_ES","og_type":"article","og_title":"amec publica l'Informe de Prospectiva de Mercats 2022 | amec Positive Industry","og_description":"amec\u00a0ha publicat avui la cinquena edici\u00f3 del seu informe insignia, l&#8217;\u00a0Informe de Prospectiva de Mercats 2022\u00a0, que avalua\u00a0el potencial dels mercats prioritaris per a les nostres empreses industrials membres d&#8217;\u00a0amec\u00a0des d&#8217;una perspectiva eminentment sectorial i de projecci\u00f3\u00a0. L&#8217;informe est\u00e0 accessible per als membres de la comunitat a la\u00a0zona privada\u00a0. Aquesta vegada, els plans de recuperaci\u00f3 [&hellip;]","og_url":"https:\/\/amec.es\/ca\/ultimes-publicacions\/amec-publica-linforme-de-prospectiva-de-mercats-2022\/","og_site_name":"amec Positive Industry","article_published_time":"2021-12-15T06:28:19+00:00","og_image":[{"width":1827,"height":438,"url":"https:\/\/amec.es\/wp-content\/uploads\/2024\/02\/Logo_AMEC.png","type":"image\/png"}],"author":"webmaster","twitter_card":"summary_large_image","twitter_misc":{"Escrit per":"webmaster"},"schema":{"@context":"https:\/\/schema.org","@graph":[{"@type":"Article","@id":"https:\/\/amec.es\/ca\/ultimes-publicacions\/amec-publica-linforme-de-prospectiva-de-mercats-2022\/#article","isPartOf":{"@id":"https:\/\/amec.es\/ca\/ultimes-publicacions\/amec-publica-linforme-de-prospectiva-de-mercats-2022\/"},"author":{"name":"webmaster","@id":"https:\/\/amec.es\/#\/schema\/person\/377e1e145733915506a55297ad2fc830"},"headline":"amec publica l&#8217;Informe de Prospectiva de Mercats 2022","datePublished":"2021-12-15T06:28:19+00:00","mainEntityOfPage":{"@id":"https:\/\/amec.es\/ca\/ultimes-publicacions\/amec-publica-linforme-de-prospectiva-de-mercats-2022\/"},"wordCount":99,"commentCount":0,"publisher":{"@id":"https:\/\/amec.es\/#organization"},"image":{"@id":"https:\/\/amec.es\/ca\/ultimes-publicacions\/amec-publica-linforme-de-prospectiva-de-mercats-2022\/#primaryimage"},"thumbnailUrl":"","articleSection":["\u00daltimes publicacions"],"inLanguage":"ca","potentialAction":[{"@type":"CommentAction","name":"Comment","target":["https:\/\/amec.es\/ca\/ultimes-publicacions\/amec-publica-linforme-de-prospectiva-de-mercats-2022\/#respond"]}]},{"@type":"WebPage","@id":"https:\/\/amec.es\/ca\/ultimes-publicacions\/amec-publica-linforme-de-prospectiva-de-mercats-2022\/","url":"https:\/\/amec.es\/ca\/ultimes-publicacions\/amec-publica-linforme-de-prospectiva-de-mercats-2022\/","name":"amec publica l'Informe de Prospectiva de Mercats 2022 | amec Positive Industry","isPartOf":{"@id":"https:\/\/amec.es\/#website"},"primaryImageOfPage":{"@id":"https:\/\/amec.es\/ca\/ultimes-publicacions\/amec-publica-linforme-de-prospectiva-de-mercats-2022\/#primaryimage"},"image":{"@id":"https:\/\/amec.es\/ca\/ultimes-publicacions\/amec-publica-linforme-de-prospectiva-de-mercats-2022\/#primaryimage"},"thumbnailUrl":"","datePublished":"2021-12-15T06:28:19+00:00","breadcrumb":{"@id":"https:\/\/amec.es\/ca\/ultimes-publicacions\/amec-publica-linforme-de-prospectiva-de-mercats-2022\/#breadcrumb"},"inLanguage":"ca","potentialAction":[{"@type":"ReadAction","target":["https:\/\/amec.es\/ca\/ultimes-publicacions\/amec-publica-linforme-de-prospectiva-de-mercats-2022\/"]}]},{"@type":"ImageObject","inLanguage":"ca","@id":"https:\/\/amec.es\/ca\/ultimes-publicacions\/amec-publica-linforme-de-prospectiva-de-mercats-2022\/#primaryimage","url":"","contentUrl":""},{"@type":"BreadcrumbList","@id":"https:\/\/amec.es\/ca\/ultimes-publicacions\/amec-publica-linforme-de-prospectiva-de-mercats-2022\/#breadcrumb","itemListElement":[{"@type":"ListItem","position":1,"name":"Portada","item":"https:\/\/amec.es\/ca\/home-new\/"},{"@type":"ListItem","position":2,"name":"amec publica l&#8217;Informe de Prospectiva de Mercats 2022"}]},{"@type":"WebSite","@id":"https:\/\/amec.es\/#website","url":"https:\/\/amec.es\/","name":"amec Positive Industry","description":"","publisher":{"@id":"https:\/\/amec.es\/#organization"},"potentialAction":[{"@type":"SearchAction","target":{"@type":"EntryPoint","urlTemplate":"https:\/\/amec.es\/?s={search_term_string}"},"query-input":{"@type":"PropertyValueSpecification","valueRequired":true,"valueName":"search_term_string"}}],"inLanguage":"ca"},{"@type":"Organization","@id":"https:\/\/amec.es\/#organization","name":"amec Positive Industry","url":"https:\/\/amec.es\/","logo":{"@type":"ImageObject","inLanguage":"ca","@id":"https:\/\/amec.es\/#\/schema\/logo\/image\/","url":"https:\/\/amec.es\/wp-content\/uploads\/2023\/07\/logoamec.png","contentUrl":"https:\/\/amec.es\/wp-content\/uploads\/2023\/07\/logoamec.png","width":200,"height":48,"caption":"amec Positive Industry"},"image":{"@id":"https:\/\/amec.es\/#\/schema\/logo\/image\/"}},{"@type":"Person","@id":"https:\/\/amec.es\/#\/schema\/person\/377e1e145733915506a55297ad2fc830","name":"webmaster","image":{"@type":"ImageObject","inLanguage":"ca","@id":"https:\/\/secure.gravatar.com\/avatar\/1122ff7c82efe2079ddb19cd256fc39ab150caee9b258eeae8928e7f703c39f3?s=96&d=mm&r=g","url":"https:\/\/secure.gravatar.com\/avatar\/1122ff7c82efe2079ddb19cd256fc39ab150caee9b258eeae8928e7f703c39f3?s=96&d=mm&r=g","contentUrl":"https:\/\/secure.gravatar.com\/avatar\/1122ff7c82efe2079ddb19cd256fc39ab150caee9b258eeae8928e7f703c39f3?s=96&d=mm&r=g","caption":"webmaster"}}]}},"_links":{"self":[{"href":"https:\/\/amec.es\/ca\/wp-json\/wp\/v2\/posts\/6582","targetHints":{"allow":["GET"]}}],"collection":[{"href":"https:\/\/amec.es\/ca\/wp-json\/wp\/v2\/posts"}],"about":[{"href":"https:\/\/amec.es\/ca\/wp-json\/wp\/v2\/types\/post"}],"author":[{"embeddable":true,"href":"https:\/\/amec.es\/ca\/wp-json\/wp\/v2\/users\/1"}],"replies":[{"embeddable":true,"href":"https:\/\/amec.es\/ca\/wp-json\/wp\/v2\/comments?post=6582"}],"version-history":[{"count":0,"href":"https:\/\/amec.es\/ca\/wp-json\/wp\/v2\/posts\/6582\/revisions"}],"wp:featuredmedia":[{"embeddable":true,"href":"https:\/\/amec.es\/ca\/wp-json\/"}],"wp:attachment":[{"href":"https:\/\/amec.es\/ca\/wp-json\/wp\/v2\/media?parent=6582"}],"wp:term":[{"taxonomy":"category","embeddable":true,"href":"https:\/\/amec.es\/ca\/wp-json\/wp\/v2\/categories?post=6582"},{"taxonomy":"post_tag","embeddable":true,"href":"https:\/\/amec.es\/ca\/wp-json\/wp\/v2\/tags?post=6582"}],"curies":[{"name":"wp","href":"https:\/\/api.w.org\/{rel}","templated":true}]}}