{"id":6593,"date":"2021-12-14T04:20:10","date_gmt":"2021-12-14T04:20:10","guid":{"rendered":"https:\/\/wecreatedesign.co\/dev\/WP\/amec\/?p=5109"},"modified":"2021-12-14T04:20:10","modified_gmt":"2021-12-14T04:20:10","slug":"amec-i-lajuntament-de-barcelona-treballen-conjuntament-per-accelerar-la-innovacio-urbana-de-la-ciutat","status":"publish","type":"post","link":"https:\/\/amec.es\/ca\/actualitat\/amec-i-lajuntament-de-barcelona-treballen-conjuntament-per-accelerar-la-innovacio-urbana-de-la-ciutat\/","title":{"rendered":"amec i l&#8217;Ajuntament de Barcelona treballen conjuntament per accelerar la innovaci\u00f3 urbana de la ciutat"},"content":{"rendered":"<div class=\"portletDetailNoticies\">\n<div class=\"amplada-pagina descripcion\">\n<p><img fetchpriority=\"high\" decoding=\"async\" src=\"http:\/\/wecreatedesign.co\/dev\/WP\/amec\/wp-content\/uploads\/2023\/03\/innovaccio-2030-redim-w600-h286.jpg\" alt=\"innovacci\u00f3-2030.JPG\" width=\"600\" height=\"286\" \/>El responsable\u00a0<em><strong>d\u00b4amec urbis<\/strong><\/em>\u00a0, Aleix Serrallonga, s\u00b4ha reunit aquest mes amb el comissionat d\u00b4Agenda 2030 de l\u00b4Ajuntament de Barcelona, \u200b\u200bMiquel Rodr\u00edguez Planas, per tractar el projecte\u00a0<a href=\"https:\/\/ajuntament.barcelona.cat\/agenda2030\/ca\/innovaccio-2030\/innovaccio-2030\" target=\"_blank\" rel=\"noopener\">Innovacci\u00f3 2030<\/a>\u00a0. Aquest projecte \u00e9s l&#8217;aposta de Barcelona per accelerar la innovaci\u00f3 urbana sostenible i social com a eina fonamental per aconseguir l&#8217;Agenda 2030. L&#8217;objectiu \u00e9s donar resposta a les necessitats i demandes de la ciutat i de la ciutadania de manera oberta i col\u00b7laborativa. En aquest sentit,\u00a0<strong>s&#8217;identificaran i llen\u00e7aran reptes de ciutat mitjan\u00e7ant concursos oberts<\/strong>\u00a0. Les propostes guanyadores s&#8217;aplicaran en un context real i les que es provin amb \u00e8xit\u00a0<strong>podran integrar-se en processos de compra p\u00fablica innovadora i desplegar-se al mercat<\/strong>\u00a0. \u00c9s a dir que, en cada cas, es licita un concurs d&#8217;idees que t\u00e9 com a finalitat trobar la soluci\u00f3 t\u00e8cnica que doni una resposta millor al repte i seleccionar l&#8217;adjudicatari que, havent proposat la soluci\u00f3, dugui a terme la implantaci\u00f3 en una prova pilot.<\/p>\n<p>&nbsp;<\/p>\n<p><strong>&#8220;Esperem que es publiquin noves convocat\u00f2ries que poden resultar molt interessants per a les empreses d&#8217;amec urbis el primer trimestre del 2022 que giraran al voltant de l&#8217;accessibilitat, la mobilitat i el vehicle el\u00e8ctric&#8221;<\/strong>\u00a0, explica Serrallonga. \u00c9s per aix\u00f2 que l&#8217;agrupaci\u00f3 treballar\u00e0 a fons per fer la m\u00e0xima difusi\u00f3 del programa i de les convocat\u00f2ries que vagin sorgint entre els seus membres.<\/p>\n<p>&nbsp;<\/p>\n<p>Aix\u00ed mateix, el responsable d&#8217;\u00a0<em><strong>amec urbis<\/strong><\/em>\u00a0i Rodr\u00edguez Planas van tractar el projecte de la Barcelona Innovation Coast, una plataforma publicoprivada que pret\u00e9n potenciar la zona d&#8217;innovaci\u00f3 urbana concentrada a l&#8217;eix de la costa de Barcelona, \u200b\u200bcontribuint a diversificar l&#8217;economia de la ciutat. La BIC promour\u00e0 la innovaci\u00f3 en quatre sectors estrat\u00e8gics: mobilitat, energia, tecnologia i digitalitzaci\u00f3 i salut, amb l&#8217;objectiu d&#8217;aconseguir un impacte positiu a la societat, al medi ambient ia l&#8217;economia, i per tant, alineats amb l&#8217;Agenda 2030 .<\/p>\n<p>&nbsp;<\/p>\n<p>La trobada tamb\u00e9 va servir per comentar l&#8217;important moviment Positive Industry, que col\u00b7loca la ind\u00fastria al centre, i futurs nous espais de col\u00b7laboraci\u00f3 entre el consistori i\u00a0<em><strong>amec<\/strong><\/em>\u00a0.<\/p>\n<\/div>\n<\/div>\n<div class=\"registre-accions amplada-pagina\">\n<div class=\"addthis_inline_share_toolbox\" style=\"margin: 0px; padding: 0px; border: 0px; outline: 0px; font-weight: inherit; font-style: inherit; clear: both;\" data-url=\"https:\/\/www.amec.es\/ca\/pl14\/amecnews\/noticies\/id872\/amec-y-el-ayuntamiento-de-barcelona-trabajan-conjuntamente-para-acelerar-la-innovacion-urbana-de-la-ciudad.htm?fcat_14=558\" data-title=\"&lt;em&gt;amec&lt;\/em&gt; i l'Ajuntament de Barcelona treballen conjuntament per accelerar la innovaci\u00f3 urbana de la ciutat\" data-description=\"El responsable d\u00b4amec urbis , Aleix Serrallonga, s\u00b4ha reunit aquest mes amb el comissionat d\u00b4Agenda 2030 de l\u00b4Ajuntament de Barcelona, \u200b\u200bMiquel Rodr\u00edguez Planas, per tractar el projecte Innovacci\u00f3 2030 . Aquest projecte \u00e9s l'aposta de Barcelona per accelerar la innovaci\u00f3 urbana sostenible i social com a eina fonamental per aconseguir l'Agenda 2030. L'objectiu \u00e9s donar resposta a les necessitats i demandes de la ciutat i de la ciutadania de manera oberta i col\u00b7laborativa. En aquest sentit,...\">\n<div id=\"atstbx\" class=\"at-resp-share-element at-style-responsive addthis-smartlayers addthis-animated at4-show\" role=\"region\" aria-labelledby=\"at-840a833e-e2a5-445e-a5f2-725f864f64de\"><span id=\"at-840a833e-e2a5-445e-a5f2-725f864f64de\" class=\"at4-visually-hidden\"><\/span><\/p>\n<div class=\"at-share-btn-elements\"><\/div>\n<\/div>\n<\/div>\n<\/div>\n","protected":false},"excerpt":{"rendered":"<p>El responsable\u00a0d\u00b4amec urbis\u00a0, Aleix Serrallonga, s\u00b4ha reunit aquest mes amb el comissionat d\u00b4Agenda 2030 de l\u00b4Ajuntament de Barcelona, \u200b\u200bMiquel Rodr\u00edguez Planas, per tractar el projecte\u00a0Innovacci\u00f3 2030\u00a0. Aquest projecte \u00e9s l&#8217;aposta de Barcelona per accelerar la innovaci\u00f3 urbana sostenible i social com a eina fonamental per aconseguir l&#8217;Agenda 2030. L&#8217;objectiu \u00e9s donar resposta a les necessitats [&hellip;]<\/p>\n","protected":false},"author":1,"featured_media":5110,"comment_status":"open","ping_status":"open","sticky":false,"template":"","format":"standard","meta":{"inline_featured_image":false,"footnotes":""},"categories":[27],"tags":[],"class_list":["post-6593","post","type-post","status-publish","format-standard","has-post-thumbnail","hentry","category-actualitat"],"yoast_head":"<!-- This site is optimized with the Yoast SEO plugin v27.3 - https:\/\/yoast.com\/product\/yoast-seo-wordpress\/ -->\n<title>amec i l&#039;Ajuntament de Barcelona treballen conjuntament per accelerar la innovaci\u00f3 urbana de la ciutat | amec Positive Industry<\/title>\n<meta name=\"robots\" content=\"index, follow, max-snippet:-1, max-image-preview:large, max-video-preview:-1\" \/>\n<link rel=\"canonical\" href=\"https:\/\/amec.es\/ca\/actualitat\/amec-i-lajuntament-de-barcelona-treballen-conjuntament-per-accelerar-la-innovacio-urbana-de-la-ciutat\/\" \/>\n<meta property=\"og:locale\" content=\"ca_ES\" \/>\n<meta property=\"og:type\" content=\"article\" \/>\n<meta property=\"og:title\" content=\"amec i l&#039;Ajuntament de Barcelona treballen conjuntament per accelerar la innovaci\u00f3 urbana de la ciutat | amec Positive Industry\" \/>\n<meta property=\"og:description\" content=\"El responsable\u00a0d\u00b4amec urbis\u00a0, Aleix Serrallonga, s\u00b4ha reunit aquest mes amb el comissionat d\u00b4Agenda 2030 de l\u00b4Ajuntament de Barcelona, \u200b\u200bMiquel Rodr\u00edguez Planas, per tractar el projecte\u00a0Innovacci\u00f3 2030\u00a0. Aquest projecte \u00e9s l&#8217;aposta de Barcelona per accelerar la innovaci\u00f3 urbana sostenible i social com a eina fonamental per aconseguir l&#8217;Agenda 2030. L&#8217;objectiu \u00e9s donar resposta a les necessitats [&hellip;]\" \/>\n<meta property=\"og:url\" content=\"https:\/\/amec.es\/ca\/actualitat\/amec-i-lajuntament-de-barcelona-treballen-conjuntament-per-accelerar-la-innovacio-urbana-de-la-ciutat\/\" \/>\n<meta property=\"og:site_name\" content=\"amec Positive Industry\" \/>\n<meta property=\"article:published_time\" content=\"2021-12-14T04:20:10+00:00\" \/>\n<meta property=\"og:image\" content=\"https:\/\/amec.es\/wp-content\/uploads\/2024\/02\/Logo_AMEC.png\" \/>\n\t<meta property=\"og:image:width\" content=\"1827\" \/>\n\t<meta property=\"og:image:height\" content=\"438\" \/>\n\t<meta property=\"og:image:type\" content=\"image\/png\" \/>\n<meta name=\"author\" content=\"webmaster\" \/>\n<meta name=\"twitter:card\" content=\"summary_large_image\" \/>\n<meta name=\"twitter:label1\" content=\"Escrit per\" \/>\n\t<meta name=\"twitter:data1\" content=\"webmaster\" \/>\n\t<meta name=\"twitter:label2\" content=\"Temps estimat de lectura\" \/>\n\t<meta name=\"twitter:data2\" content=\"2 minuts\" \/>\n<script type=\"application\/ld+json\" class=\"yoast-schema-graph\">{\"@context\":\"https:\\\/\\\/schema.org\",\"@graph\":[{\"@type\":\"Article\",\"@id\":\"https:\\\/\\\/amec.es\\\/ca\\\/actualitat\\\/amec-i-lajuntament-de-barcelona-treballen-conjuntament-per-accelerar-la-innovacio-urbana-de-la-ciutat\\\/#article\",\"isPartOf\":{\"@id\":\"https:\\\/\\\/amec.es\\\/ca\\\/actualitat\\\/amec-i-lajuntament-de-barcelona-treballen-conjuntament-per-accelerar-la-innovacio-urbana-de-la-ciutat\\\/\"},\"author\":{\"name\":\"webmaster\",\"@id\":\"https:\\\/\\\/amec.es\\\/#\\\/schema\\\/person\\\/377e1e145733915506a55297ad2fc830\"},\"headline\":\"amec i l&#8217;Ajuntament de Barcelona treballen conjuntament per accelerar la innovaci\u00f3 urbana de la ciutat\",\"datePublished\":\"2021-12-14T04:20:10+00:00\",\"mainEntityOfPage\":{\"@id\":\"https:\\\/\\\/amec.es\\\/ca\\\/actualitat\\\/amec-i-lajuntament-de-barcelona-treballen-conjuntament-per-accelerar-la-innovacio-urbana-de-la-ciutat\\\/\"},\"wordCount\":378,\"commentCount\":0,\"publisher\":{\"@id\":\"https:\\\/\\\/amec.es\\\/#organization\"},\"image\":{\"@id\":\"https:\\\/\\\/amec.es\\\/ca\\\/actualitat\\\/amec-i-lajuntament-de-barcelona-treballen-conjuntament-per-accelerar-la-innovacio-urbana-de-la-ciutat\\\/#primaryimage\"},\"thumbnailUrl\":\"\",\"articleSection\":[\"Actualitat\"],\"inLanguage\":\"ca\",\"potentialAction\":[{\"@type\":\"CommentAction\",\"name\":\"Comment\",\"target\":[\"https:\\\/\\\/amec.es\\\/ca\\\/actualitat\\\/amec-i-lajuntament-de-barcelona-treballen-conjuntament-per-accelerar-la-innovacio-urbana-de-la-ciutat\\\/#respond\"]}]},{\"@type\":\"WebPage\",\"@id\":\"https:\\\/\\\/amec.es\\\/ca\\\/actualitat\\\/amec-i-lajuntament-de-barcelona-treballen-conjuntament-per-accelerar-la-innovacio-urbana-de-la-ciutat\\\/\",\"url\":\"https:\\\/\\\/amec.es\\\/ca\\\/actualitat\\\/amec-i-lajuntament-de-barcelona-treballen-conjuntament-per-accelerar-la-innovacio-urbana-de-la-ciutat\\\/\",\"name\":\"amec i l'Ajuntament de Barcelona treballen conjuntament per accelerar la innovaci\u00f3 urbana de la ciutat | amec Positive Industry\",\"isPartOf\":{\"@id\":\"https:\\\/\\\/amec.es\\\/#website\"},\"primaryImageOfPage\":{\"@id\":\"https:\\\/\\\/amec.es\\\/ca\\\/actualitat\\\/amec-i-lajuntament-de-barcelona-treballen-conjuntament-per-accelerar-la-innovacio-urbana-de-la-ciutat\\\/#primaryimage\"},\"image\":{\"@id\":\"https:\\\/\\\/amec.es\\\/ca\\\/actualitat\\\/amec-i-lajuntament-de-barcelona-treballen-conjuntament-per-accelerar-la-innovacio-urbana-de-la-ciutat\\\/#primaryimage\"},\"thumbnailUrl\":\"\",\"datePublished\":\"2021-12-14T04:20:10+00:00\",\"breadcrumb\":{\"@id\":\"https:\\\/\\\/amec.es\\\/ca\\\/actualitat\\\/amec-i-lajuntament-de-barcelona-treballen-conjuntament-per-accelerar-la-innovacio-urbana-de-la-ciutat\\\/#breadcrumb\"},\"inLanguage\":\"ca\",\"potentialAction\":[{\"@type\":\"ReadAction\",\"target\":[\"https:\\\/\\\/amec.es\\\/ca\\\/actualitat\\\/amec-i-lajuntament-de-barcelona-treballen-conjuntament-per-accelerar-la-innovacio-urbana-de-la-ciutat\\\/\"]}]},{\"@type\":\"ImageObject\",\"inLanguage\":\"ca\",\"@id\":\"https:\\\/\\\/amec.es\\\/ca\\\/actualitat\\\/amec-i-lajuntament-de-barcelona-treballen-conjuntament-per-accelerar-la-innovacio-urbana-de-la-ciutat\\\/#primaryimage\",\"url\":\"\",\"contentUrl\":\"\"},{\"@type\":\"BreadcrumbList\",\"@id\":\"https:\\\/\\\/amec.es\\\/ca\\\/actualitat\\\/amec-i-lajuntament-de-barcelona-treballen-conjuntament-per-accelerar-la-innovacio-urbana-de-la-ciutat\\\/#breadcrumb\",\"itemListElement\":[{\"@type\":\"ListItem\",\"position\":1,\"name\":\"Portada\",\"item\":\"https:\\\/\\\/amec.es\\\/ca\\\/home-new\\\/\"},{\"@type\":\"ListItem\",\"position\":2,\"name\":\"amec i l&#8217;Ajuntament de Barcelona treballen conjuntament per accelerar la innovaci\u00f3 urbana de la ciutat\"}]},{\"@type\":\"WebSite\",\"@id\":\"https:\\\/\\\/amec.es\\\/#website\",\"url\":\"https:\\\/\\\/amec.es\\\/\",\"name\":\"amec Positive Industry\",\"description\":\"\",\"publisher\":{\"@id\":\"https:\\\/\\\/amec.es\\\/#organization\"},\"potentialAction\":[{\"@type\":\"SearchAction\",\"target\":{\"@type\":\"EntryPoint\",\"urlTemplate\":\"https:\\\/\\\/amec.es\\\/?s={search_term_string}\"},\"query-input\":{\"@type\":\"PropertyValueSpecification\",\"valueRequired\":true,\"valueName\":\"search_term_string\"}}],\"inLanguage\":\"ca\"},{\"@type\":\"Organization\",\"@id\":\"https:\\\/\\\/amec.es\\\/#organization\",\"name\":\"amec Positive Industry\",\"url\":\"https:\\\/\\\/amec.es\\\/\",\"logo\":{\"@type\":\"ImageObject\",\"inLanguage\":\"ca\",\"@id\":\"https:\\\/\\\/amec.es\\\/#\\\/schema\\\/logo\\\/image\\\/\",\"url\":\"https:\\\/\\\/amec.es\\\/wp-content\\\/uploads\\\/2023\\\/07\\\/logoamec.png\",\"contentUrl\":\"https:\\\/\\\/amec.es\\\/wp-content\\\/uploads\\\/2023\\\/07\\\/logoamec.png\",\"width\":200,\"height\":48,\"caption\":\"amec Positive Industry\"},\"image\":{\"@id\":\"https:\\\/\\\/amec.es\\\/#\\\/schema\\\/logo\\\/image\\\/\"}},{\"@type\":\"Person\",\"@id\":\"https:\\\/\\\/amec.es\\\/#\\\/schema\\\/person\\\/377e1e145733915506a55297ad2fc830\",\"name\":\"webmaster\",\"image\":{\"@type\":\"ImageObject\",\"inLanguage\":\"ca\",\"@id\":\"https:\\\/\\\/secure.gravatar.com\\\/avatar\\\/1122ff7c82efe2079ddb19cd256fc39ab150caee9b258eeae8928e7f703c39f3?s=96&d=mm&r=g\",\"url\":\"https:\\\/\\\/secure.gravatar.com\\\/avatar\\\/1122ff7c82efe2079ddb19cd256fc39ab150caee9b258eeae8928e7f703c39f3?s=96&d=mm&r=g\",\"contentUrl\":\"https:\\\/\\\/secure.gravatar.com\\\/avatar\\\/1122ff7c82efe2079ddb19cd256fc39ab150caee9b258eeae8928e7f703c39f3?s=96&d=mm&r=g\",\"caption\":\"webmaster\"}}]}<\/script>\n<!-- \/ Yoast SEO plugin. -->","yoast_head_json":{"title":"amec i l'Ajuntament de Barcelona treballen conjuntament per accelerar la innovaci\u00f3 urbana de la ciutat | amec Positive Industry","robots":{"index":"index","follow":"follow","max-snippet":"max-snippet:-1","max-image-preview":"max-image-preview:large","max-video-preview":"max-video-preview:-1"},"canonical":"https:\/\/amec.es\/ca\/actualitat\/amec-i-lajuntament-de-barcelona-treballen-conjuntament-per-accelerar-la-innovacio-urbana-de-la-ciutat\/","og_locale":"ca_ES","og_type":"article","og_title":"amec i l'Ajuntament de Barcelona treballen conjuntament per accelerar la innovaci\u00f3 urbana de la ciutat | amec Positive Industry","og_description":"El responsable\u00a0d\u00b4amec urbis\u00a0, Aleix Serrallonga, s\u00b4ha reunit aquest mes amb el comissionat d\u00b4Agenda 2030 de l\u00b4Ajuntament de Barcelona, \u200b\u200bMiquel Rodr\u00edguez Planas, per tractar el projecte\u00a0Innovacci\u00f3 2030\u00a0. Aquest projecte \u00e9s l&#8217;aposta de Barcelona per accelerar la innovaci\u00f3 urbana sostenible i social com a eina fonamental per aconseguir l&#8217;Agenda 2030. L&#8217;objectiu \u00e9s donar resposta a les necessitats [&hellip;]","og_url":"https:\/\/amec.es\/ca\/actualitat\/amec-i-lajuntament-de-barcelona-treballen-conjuntament-per-accelerar-la-innovacio-urbana-de-la-ciutat\/","og_site_name":"amec Positive Industry","article_published_time":"2021-12-14T04:20:10+00:00","og_image":[{"width":1827,"height":438,"url":"https:\/\/amec.es\/wp-content\/uploads\/2024\/02\/Logo_AMEC.png","type":"image\/png"}],"author":"webmaster","twitter_card":"summary_large_image","twitter_misc":{"Escrit per":"webmaster","Temps estimat de lectura":"2 minuts"},"schema":{"@context":"https:\/\/schema.org","@graph":[{"@type":"Article","@id":"https:\/\/amec.es\/ca\/actualitat\/amec-i-lajuntament-de-barcelona-treballen-conjuntament-per-accelerar-la-innovacio-urbana-de-la-ciutat\/#article","isPartOf":{"@id":"https:\/\/amec.es\/ca\/actualitat\/amec-i-lajuntament-de-barcelona-treballen-conjuntament-per-accelerar-la-innovacio-urbana-de-la-ciutat\/"},"author":{"name":"webmaster","@id":"https:\/\/amec.es\/#\/schema\/person\/377e1e145733915506a55297ad2fc830"},"headline":"amec i l&#8217;Ajuntament de Barcelona treballen conjuntament per accelerar la innovaci\u00f3 urbana de la ciutat","datePublished":"2021-12-14T04:20:10+00:00","mainEntityOfPage":{"@id":"https:\/\/amec.es\/ca\/actualitat\/amec-i-lajuntament-de-barcelona-treballen-conjuntament-per-accelerar-la-innovacio-urbana-de-la-ciutat\/"},"wordCount":378,"commentCount":0,"publisher":{"@id":"https:\/\/amec.es\/#organization"},"image":{"@id":"https:\/\/amec.es\/ca\/actualitat\/amec-i-lajuntament-de-barcelona-treballen-conjuntament-per-accelerar-la-innovacio-urbana-de-la-ciutat\/#primaryimage"},"thumbnailUrl":"","articleSection":["Actualitat"],"inLanguage":"ca","potentialAction":[{"@type":"CommentAction","name":"Comment","target":["https:\/\/amec.es\/ca\/actualitat\/amec-i-lajuntament-de-barcelona-treballen-conjuntament-per-accelerar-la-innovacio-urbana-de-la-ciutat\/#respond"]}]},{"@type":"WebPage","@id":"https:\/\/amec.es\/ca\/actualitat\/amec-i-lajuntament-de-barcelona-treballen-conjuntament-per-accelerar-la-innovacio-urbana-de-la-ciutat\/","url":"https:\/\/amec.es\/ca\/actualitat\/amec-i-lajuntament-de-barcelona-treballen-conjuntament-per-accelerar-la-innovacio-urbana-de-la-ciutat\/","name":"amec i l'Ajuntament de Barcelona treballen conjuntament per accelerar la innovaci\u00f3 urbana de la ciutat | amec Positive Industry","isPartOf":{"@id":"https:\/\/amec.es\/#website"},"primaryImageOfPage":{"@id":"https:\/\/amec.es\/ca\/actualitat\/amec-i-lajuntament-de-barcelona-treballen-conjuntament-per-accelerar-la-innovacio-urbana-de-la-ciutat\/#primaryimage"},"image":{"@id":"https:\/\/amec.es\/ca\/actualitat\/amec-i-lajuntament-de-barcelona-treballen-conjuntament-per-accelerar-la-innovacio-urbana-de-la-ciutat\/#primaryimage"},"thumbnailUrl":"","datePublished":"2021-12-14T04:20:10+00:00","breadcrumb":{"@id":"https:\/\/amec.es\/ca\/actualitat\/amec-i-lajuntament-de-barcelona-treballen-conjuntament-per-accelerar-la-innovacio-urbana-de-la-ciutat\/#breadcrumb"},"inLanguage":"ca","potentialAction":[{"@type":"ReadAction","target":["https:\/\/amec.es\/ca\/actualitat\/amec-i-lajuntament-de-barcelona-treballen-conjuntament-per-accelerar-la-innovacio-urbana-de-la-ciutat\/"]}]},{"@type":"ImageObject","inLanguage":"ca","@id":"https:\/\/amec.es\/ca\/actualitat\/amec-i-lajuntament-de-barcelona-treballen-conjuntament-per-accelerar-la-innovacio-urbana-de-la-ciutat\/#primaryimage","url":"","contentUrl":""},{"@type":"BreadcrumbList","@id":"https:\/\/amec.es\/ca\/actualitat\/amec-i-lajuntament-de-barcelona-treballen-conjuntament-per-accelerar-la-innovacio-urbana-de-la-ciutat\/#breadcrumb","itemListElement":[{"@type":"ListItem","position":1,"name":"Portada","item":"https:\/\/amec.es\/ca\/home-new\/"},{"@type":"ListItem","position":2,"name":"amec i l&#8217;Ajuntament de Barcelona treballen conjuntament per accelerar la innovaci\u00f3 urbana de la ciutat"}]},{"@type":"WebSite","@id":"https:\/\/amec.es\/#website","url":"https:\/\/amec.es\/","name":"amec Positive Industry","description":"","publisher":{"@id":"https:\/\/amec.es\/#organization"},"potentialAction":[{"@type":"SearchAction","target":{"@type":"EntryPoint","urlTemplate":"https:\/\/amec.es\/?s={search_term_string}"},"query-input":{"@type":"PropertyValueSpecification","valueRequired":true,"valueName":"search_term_string"}}],"inLanguage":"ca"},{"@type":"Organization","@id":"https:\/\/amec.es\/#organization","name":"amec Positive Industry","url":"https:\/\/amec.es\/","logo":{"@type":"ImageObject","inLanguage":"ca","@id":"https:\/\/amec.es\/#\/schema\/logo\/image\/","url":"https:\/\/amec.es\/wp-content\/uploads\/2023\/07\/logoamec.png","contentUrl":"https:\/\/amec.es\/wp-content\/uploads\/2023\/07\/logoamec.png","width":200,"height":48,"caption":"amec Positive Industry"},"image":{"@id":"https:\/\/amec.es\/#\/schema\/logo\/image\/"}},{"@type":"Person","@id":"https:\/\/amec.es\/#\/schema\/person\/377e1e145733915506a55297ad2fc830","name":"webmaster","image":{"@type":"ImageObject","inLanguage":"ca","@id":"https:\/\/secure.gravatar.com\/avatar\/1122ff7c82efe2079ddb19cd256fc39ab150caee9b258eeae8928e7f703c39f3?s=96&d=mm&r=g","url":"https:\/\/secure.gravatar.com\/avatar\/1122ff7c82efe2079ddb19cd256fc39ab150caee9b258eeae8928e7f703c39f3?s=96&d=mm&r=g","contentUrl":"https:\/\/secure.gravatar.com\/avatar\/1122ff7c82efe2079ddb19cd256fc39ab150caee9b258eeae8928e7f703c39f3?s=96&d=mm&r=g","caption":"webmaster"}}]}},"_links":{"self":[{"href":"https:\/\/amec.es\/ca\/wp-json\/wp\/v2\/posts\/6593","targetHints":{"allow":["GET"]}}],"collection":[{"href":"https:\/\/amec.es\/ca\/wp-json\/wp\/v2\/posts"}],"about":[{"href":"https:\/\/amec.es\/ca\/wp-json\/wp\/v2\/types\/post"}],"author":[{"embeddable":true,"href":"https:\/\/amec.es\/ca\/wp-json\/wp\/v2\/users\/1"}],"replies":[{"embeddable":true,"href":"https:\/\/amec.es\/ca\/wp-json\/wp\/v2\/comments?post=6593"}],"version-history":[{"count":0,"href":"https:\/\/amec.es\/ca\/wp-json\/wp\/v2\/posts\/6593\/revisions"}],"wp:featuredmedia":[{"embeddable":true,"href":"https:\/\/amec.es\/ca\/wp-json\/"}],"wp:attachment":[{"href":"https:\/\/amec.es\/ca\/wp-json\/wp\/v2\/media?parent=6593"}],"wp:term":[{"taxonomy":"category","embeddable":true,"href":"https:\/\/amec.es\/ca\/wp-json\/wp\/v2\/categories?post=6593"},{"taxonomy":"post_tag","embeddable":true,"href":"https:\/\/amec.es\/ca\/wp-json\/wp\/v2\/tags?post=6593"}],"curies":[{"name":"wp","href":"https:\/\/api.w.org\/{rel}","templated":true}]}}